{"id":86037,"date":"2022-06-12T18:21:10","date_gmt":"2022-06-12T21:21:10","guid":{"rendered":"https:\/\/redenoticiaz.com.br\/litoralsp\/2022\/06\/12\/sao-paulo-bate-o-america-mg-e-chega-na-terceira-colocacao-do-brasileirao"},"modified":"2022-06-12T18:21:10","modified_gmt":"2022-06-12T21:21:10","slug":"sao-paulo-bate-o-america-mg-e-chega-na-terceira-colocacao-do-brasileirao","status":"publish","type":"post","link":"https:\/\/redenoticiaz.com.br\/litoralsp\/2022\/06\/12\/sao-paulo-bate-o-america-mg-e-chega-na-terceira-colocacao-do-brasileirao","title":{"rendered":"S\u00e3o Paulo bate o Am\u00e9rica-MG e chega na terceira coloca\u00e7\u00e3o do Brasileir\u00e3o"},"content":{"rendered":"<p>Um domingo (12) de Dia dos Namorados bem gelado no Morumbi e os quase 27 mil torcedores acompanharam o <strong>S\u00e3o Paulo<\/strong> buscar a vit\u00f3ria ap\u00f3s quatro empates seguidos no <a href=\"https:\/\/www.cbf.com.br\/\">Campeonato Brasileiro<\/a>. O Tricolor n\u00e3o teve uma grande atua\u00e7\u00e3o, mas faturou a vit\u00f3ria sobre o <strong>Am\u00e9rica-MG<\/strong> e agora \u00e9 o terceiro colocado no Brasileir\u00e3o gra\u00e7as ao meia Patrick.<\/p>\n<p>O Coelho, que buscava ficar entre os primeiros da tabela, endureceu o jogo e logo nos primeiros minutos, assustou o S\u00e3o Paulo com uma s\u00e9rie de chances boas de gol. As principais vieram com Alo\u00edsio Boi Bandido, duas vezes e tamb\u00e9m com Everaldo e uma com Felipe Azevedo. Jandrei teve de fazer bela defesa para impedir que Everaldo abrir o placar para os visitantes.<\/p>\n<p>O Am\u00e9rica-MG seguiu incomodando o S\u00e3o Paulo e for\u00e7ou o t\u00e9cnico Rog\u00e9rio Ceni a fazer uma substitui\u00e7\u00e3o que mudaria o jogo. Patrick entrou no lugar de Luan e s\u00f3 foi entrar que a rede balan\u00e7ou. Aos 33, Gabriel Neves roubou a bola e tocou para Rodrigo Nestor, que acionou Igor Vinicius. No cruzamento, o camisa 88 apareceu por tr\u00e1s da marca\u00e7\u00e3o e completou de cabe\u00e7a: 1 a 0. O gol fez com que o S\u00e3o Paulo estivesse mais tranquilo, enquanto que o Am\u00e9rica-MG perdeu o poderio ofensivo.<\/p>\n<h3>Segundo tempo<\/h3>\n<p>O S\u00e3o Paulo voltou melhor na etapa final e passou a ter mais a posse de bola e a iniciativa de atacar. Mas chance mesmo de gol veio apenas aos 15 minutos, com Rodrigo Nestor, que recebeu, girou e chutou por cima do goleiro Ja\u00edlson. Patrick tentou ampliar o placar ap\u00f3s bom passe de Igor Vin\u00edcius, mas errou na finaliza\u00e7\u00e3o.<\/p>\n<p>O jogo ficou mais amarrado e nenhuma das duas equipes conseguiu criar chances de gol. Ela s\u00f3 aconteceu aos 36 minutos com Calleri, que cabeceou a bola, passando perto de Ja\u00edlson. Nos acr\u00e9scimos, Rigoni poderia fazer o 2 a 0 para o S\u00e3o Paulo, mas chutou travado. O jogo ent\u00e3o ficou no 1 a 0 para o Tricolor.<\/p>\n<p>Com a vit\u00f3ria, o S\u00e3o Paulo alcan\u00e7ou 18 pontos e assumiu a terceira coloca\u00e7\u00e3o no Campeonato Brasileiro. Mas a equipe pode ser ultrapassada por Athletico e Coritiba neste domingo. J\u00e1 o Am\u00e9rica-MG, com 14, \u00e9 o d\u00e9cimo, mas pode perder um posto para Botafogo ou Ava\u00ed na segunda-feira (13).<\/p>\n<p>As duas equipes voltam a campo no meio da semana. Na quarta (15), o Am\u00e9rica-MG recebe o Fluminense \u00e0s 21h30 no Independ\u00eancia. Um dia depois, o S\u00e3o Paulo visita o Botafogo \u00e0s 16h no est\u00e1dio Nilton Santos.<\/p>\n<p><strong>LEIA TAMB\u00c9M<\/strong><\/p>\n<p><a href=\"https:\/\/redenoticiaz.com.br\/blog\/2022\/06\/12\/bragantino-fica-no-empate-com-o-cuiaba-e-perde-a-chance-de-subir-no-brasileirao\">Bragantino fica no empate com o Cuiab\u00e1 e perde a chance de subir no Brasileir\u00e3o<\/a><\/p>\n","protected":false},"excerpt":{"rendered":"<p>Um domingo (12) de Dia dos Namorados bem gelado no Morumbi e os quase 27 mil torcedores acompanharam o S\u00e3o Paulo buscar a vit\u00f3ria ap\u00f3s quatro empates seguidos no Campeonato Brasileiro. O Tricolor n\u00e3o teve uma grande atua\u00e7\u00e3o, mas faturou a vit\u00f3ria sobre o Am\u00e9rica-MG e agora \u00e9 o terceiro colocado no Brasileir\u00e3o gra\u00e7as ao &hellip;<\/p>\n","protected":false},"author":6,"featured_media":86038,"comment_status":"open","ping_status":"closed","sticky":false,"template":"","format":"standard","meta":{"footnotes":""},"categories":[35],"tags":[5857,53518,3088,8114,57152,10557],"class_list":["post-86037","post","type-post","status-publish","format-standard","has-post-thumbnail","hentry","category-esporte","tag-america-mg","tag-brasileirao-2022","tag-campeonato-brasileiro","tag-morumbi","tag-patrick","tag-sao-paulo-fc"],"yoast_head":"<!-- This site is optimized with the Yoast SEO plugin v27.5 - https:\/\/yoast.com\/product\/yoast-seo-wordpress\/ -->\n<title>S\u00e3o Paulo bate o Am\u00e9rica-MG e chega na terceira coloca\u00e7\u00e3o do Brasileir\u00e3o - Litoral SP<\/title>\n<meta name=\"description\" content=\"o S\u00e3o Paulo buscar a vit\u00f3ria ap\u00f3s quatro empates seguidos no Campeonato Brasileiro. O Tricolor n\u00e3o teve uma grande atua\u00e7\u00e3o, mas faturou\" \/>\n<meta name=\"robots\" content=\"index, follow, max-snippet:-1, max-image-preview:large, max-video-preview:-1\" \/>\n<link rel=\"canonical\" href=\"https:\/\/redenoticiaz.com.br\/litoralsp\/2022\/06\/12\/sao-paulo-bate-o-america-mg-e-chega-na-terceira-colocacao-do-brasileirao\" \/>\n<meta property=\"og:locale\" content=\"pt_BR\" \/>\n<meta property=\"og:type\" content=\"article\" \/>\n<meta property=\"og:title\" content=\"S\u00e3o Paulo bate o Am\u00e9rica-MG e chega na terceira coloca\u00e7\u00e3o do Brasileir\u00e3o - Litoral SP\" \/>\n<meta property=\"og:description\" content=\"o S\u00e3o Paulo buscar a vit\u00f3ria ap\u00f3s quatro empates seguidos no Campeonato Brasileiro. O Tricolor n\u00e3o teve uma grande atua\u00e7\u00e3o, mas faturou\" \/>\n<meta property=\"og:url\" content=\"https:\/\/redenoticiaz.com.br\/litoralsp\/2022\/06\/12\/sao-paulo-bate-o-america-mg-e-chega-na-terceira-colocacao-do-brasileirao\" \/>\n<meta property=\"og:site_name\" content=\"Litoral SP\" \/>\n<meta property=\"article:published_time\" content=\"2022-06-12T21:21:10+00:00\" \/>\n<meta name=\"author\" content=\"Leonardo Francisco\" \/>\n<meta name=\"twitter:card\" content=\"summary_large_image\" \/>\n<meta name=\"twitter:image\" content=\"https:\/\/redenoticiaz.com.br\/litoralsp\/wp-content\/uploads\/sites\/3\/2022\/06\/patrick.jpeg?v=1655068766\" \/>\n<meta name=\"twitter:label1\" content=\"Escrito por\" \/>\n\t<meta name=\"twitter:data1\" content=\"Leonardo Francisco\" \/>\n\t<meta name=\"twitter:label2\" content=\"Est. tempo de leitura\" \/>\n\t<meta name=\"twitter:data2\" content=\"2 minutos\" \/>\n<script type=\"application\/ld+json\" class=\"yoast-schema-graph\">{\"@context\":\"https:\\\/\\\/schema.org\",\"@graph\":[{\"@type\":\"Article\",\"@id\":\"https:\\\/\\\/redenoticiaz.com.br\\\/litoralsp\\\/2022\\\/06\\\/12\\\/sao-paulo-bate-o-america-mg-e-chega-na-terceira-colocacao-do-brasileirao#article\",\"isPartOf\":{\"@id\":\"https:\\\/\\\/redenoticiaz.com.br\\\/litoralsp\\\/2022\\\/06\\\/12\\\/sao-paulo-bate-o-america-mg-e-chega-na-terceira-colocacao-do-brasileirao\"},\"author\":{\"name\":\"Leonardo Francisco\",\"@id\":\"https:\\\/\\\/redenoticiaz.com.br\\\/litoralsp\\\/#\\\/schema\\\/person\\\/0f0b8a5bdafefe82841e07ae8d81ecb3\"},\"headline\":\"S\u00e3o Paulo bate o Am\u00e9rica-MG e chega na terceira coloca\u00e7\u00e3o do Brasileir\u00e3o\",\"datePublished\":\"2022-06-12T21:21:10+00:00\",\"mainEntityOfPage\":{\"@id\":\"https:\\\/\\\/redenoticiaz.com.br\\\/litoralsp\\\/2022\\\/06\\\/12\\\/sao-paulo-bate-o-america-mg-e-chega-na-terceira-colocacao-do-brasileirao\"},\"wordCount\":475,\"commentCount\":0,\"publisher\":{\"@id\":\"https:\\\/\\\/redenoticiaz.com.br\\\/litoralsp\\\/#organization\"},\"image\":{\"@id\":\"https:\\\/\\\/redenoticiaz.com.br\\\/litoralsp\\\/2022\\\/06\\\/12\\\/sao-paulo-bate-o-america-mg-e-chega-na-terceira-colocacao-do-brasileirao#primaryimage\"},\"thumbnailUrl\":\"https:\\\/\\\/redenoticiaz.com.br\\\/litoralsp\\\/wp-content\\\/uploads\\\/sites\\\/3\\\/2022\\\/06\\\/patrick.jpeg?v=1655068766\",\"keywords\":[\"AM\u00c9RICA-MG\",\"BRASILEIR\u00c3O 2022\",\"CAMPEONATO BRASILEIRO\",\"MORUMBI\",\"PATRICK\",\"S\u00c3O PAULO FC\"],\"articleSection\":[\"Esporte\"],\"inLanguage\":\"pt-BR\",\"potentialAction\":[{\"@type\":\"CommentAction\",\"name\":\"Comment\",\"target\":[\"https:\\\/\\\/redenoticiaz.com.br\\\/litoralsp\\\/2022\\\/06\\\/12\\\/sao-paulo-bate-o-america-mg-e-chega-na-terceira-colocacao-do-brasileirao#respond\"]}]},{\"@type\":\"WebPage\",\"@id\":\"https:\\\/\\\/redenoticiaz.com.br\\\/litoralsp\\\/2022\\\/06\\\/12\\\/sao-paulo-bate-o-america-mg-e-chega-na-terceira-colocacao-do-brasileirao\",\"url\":\"https:\\\/\\\/redenoticiaz.com.br\\\/litoralsp\\\/2022\\\/06\\\/12\\\/sao-paulo-bate-o-america-mg-e-chega-na-terceira-colocacao-do-brasileirao\",\"name\":\"S\u00e3o Paulo bate o Am\u00e9rica-MG e chega na terceira coloca\u00e7\u00e3o do Brasileir\u00e3o - Litoral SP\",\"isPartOf\":{\"@id\":\"https:\\\/\\\/redenoticiaz.com.br\\\/litoralsp\\\/#website\"},\"primaryImageOfPage\":{\"@id\":\"https:\\\/\\\/redenoticiaz.com.br\\\/litoralsp\\\/2022\\\/06\\\/12\\\/sao-paulo-bate-o-america-mg-e-chega-na-terceira-colocacao-do-brasileirao#primaryimage\"},\"image\":{\"@id\":\"https:\\\/\\\/redenoticiaz.com.br\\\/litoralsp\\\/2022\\\/06\\\/12\\\/sao-paulo-bate-o-america-mg-e-chega-na-terceira-colocacao-do-brasileirao#primaryimage\"},\"thumbnailUrl\":\"https:\\\/\\\/redenoticiaz.com.br\\\/litoralsp\\\/wp-content\\\/uploads\\\/sites\\\/3\\\/2022\\\/06\\\/patrick.jpeg?v=1655068766\",\"datePublished\":\"2022-06-12T21:21:10+00:00\",\"description\":\"o S\u00e3o Paulo buscar a vit\u00f3ria ap\u00f3s quatro empates seguidos no Campeonato Brasileiro. O Tricolor n\u00e3o teve uma grande atua\u00e7\u00e3o, mas faturou\",\"inLanguage\":\"pt-BR\",\"potentialAction\":[{\"@type\":\"ReadAction\",\"target\":[\"https:\\\/\\\/redenoticiaz.com.br\\\/litoralsp\\\/2022\\\/06\\\/12\\\/sao-paulo-bate-o-america-mg-e-chega-na-terceira-colocacao-do-brasileirao\"]}]},{\"@type\":\"ImageObject\",\"inLanguage\":\"pt-BR\",\"@id\":\"https:\\\/\\\/redenoticiaz.com.br\\\/litoralsp\\\/2022\\\/06\\\/12\\\/sao-paulo-bate-o-america-mg-e-chega-na-terceira-colocacao-do-brasileirao#primaryimage\",\"url\":\"https:\\\/\\\/redenoticiaz.com.br\\\/litoralsp\\\/wp-content\\\/uploads\\\/sites\\\/3\\\/2022\\\/06\\\/patrick.jpeg?v=1655068766\",\"contentUrl\":\"https:\\\/\\\/redenoticiaz.com.br\\\/litoralsp\\\/wp-content\\\/uploads\\\/sites\\\/3\\\/2022\\\/06\\\/patrick.jpeg?v=1655068766\",\"width\":910,\"height\":455,\"caption\":\"Patrick entrou em campo e foi decisivo para o Tricolor: Cr\u00e9ditos: Divulga\u00e7\u00e3o\\\/AGIF\"},{\"@type\":\"WebSite\",\"@id\":\"https:\\\/\\\/redenoticiaz.com.br\\\/litoralsp\\\/#website\",\"url\":\"https:\\\/\\\/redenoticiaz.com.br\\\/litoralsp\\\/\",\"name\":\"Litoral SP\",\"description\":\"Rede NoticiaZ\",\"publisher\":{\"@id\":\"https:\\\/\\\/redenoticiaz.com.br\\\/litoralsp\\\/#organization\"},\"potentialAction\":[{\"@type\":\"SearchAction\",\"target\":{\"@type\":\"EntryPoint\",\"urlTemplate\":\"https:\\\/\\\/redenoticiaz.com.br\\\/litoralsp\\\/?s={search_term_string}\"},\"query-input\":{\"@type\":\"PropertyValueSpecification\",\"valueRequired\":true,\"valueName\":\"search_term_string\"}}],\"inLanguage\":\"pt-BR\"},{\"@type\":\"Organization\",\"@id\":\"https:\\\/\\\/redenoticiaz.com.br\\\/litoralsp\\\/#organization\",\"name\":\"Litoral SP\",\"url\":\"https:\\\/\\\/redenoticiaz.com.br\\\/litoralsp\\\/\",\"logo\":{\"@type\":\"ImageObject\",\"inLanguage\":\"pt-BR\",\"@id\":\"https:\\\/\\\/redenoticiaz.com.br\\\/litoralsp\\\/#\\\/schema\\\/logo\\\/image\\\/\",\"url\":\"https:\\\/\\\/redenoticiaz.com.br\\\/litoralsp\\\/wp-content\\\/uploads\\\/sites\\\/3\\\/2020\\\/11\\\/logo.jpg\",\"contentUrl\":\"https:\\\/\\\/redenoticiaz.com.br\\\/litoralsp\\\/wp-content\\\/uploads\\\/sites\\\/3\\\/2020\\\/11\\\/logo.jpg\",\"width\":400,\"height\":250,\"caption\":\"Litoral SP\"},\"image\":{\"@id\":\"https:\\\/\\\/redenoticiaz.com.br\\\/litoralsp\\\/#\\\/schema\\\/logo\\\/image\\\/\"}},{\"@type\":\"Person\",\"@id\":\"https:\\\/\\\/redenoticiaz.com.br\\\/litoralsp\\\/#\\\/schema\\\/person\\\/0f0b8a5bdafefe82841e07ae8d81ecb3\",\"name\":\"Leonardo Francisco\",\"image\":{\"@type\":\"ImageObject\",\"inLanguage\":\"pt-BR\",\"@id\":\"https:\\\/\\\/secure.gravatar.com\\\/avatar\\\/a7358cb406a99b682ec6df1e77e31ae82e63601f6784e8a3df411d72b37864da?s=96&d=mm&r=g\",\"url\":\"https:\\\/\\\/secure.gravatar.com\\\/avatar\\\/a7358cb406a99b682ec6df1e77e31ae82e63601f6784e8a3df411d72b37864da?s=96&d=mm&r=g\",\"contentUrl\":\"https:\\\/\\\/secure.gravatar.com\\\/avatar\\\/a7358cb406a99b682ec6df1e77e31ae82e63601f6784e8a3df411d72b37864da?s=96&d=mm&r=g\",\"caption\":\"Leonardo Francisco\"},\"url\":\"https:\\\/\\\/redenoticiaz.com.br\\\/litoralsp\\\/author\\\/leonardo-francisco\"}]}<\/script>\n<!-- \/ Yoast SEO plugin. -->","yoast_head_json":{"title":"S\u00e3o Paulo bate o Am\u00e9rica-MG e chega na terceira coloca\u00e7\u00e3o do Brasileir\u00e3o - Litoral SP","description":"o S\u00e3o Paulo buscar a vit\u00f3ria ap\u00f3s quatro empates seguidos no Campeonato Brasileiro. O Tricolor n\u00e3o teve uma grande atua\u00e7\u00e3o, mas faturou","robots":{"index":"index","follow":"follow","max-snippet":"max-snippet:-1","max-image-preview":"max-image-preview:large","max-video-preview":"max-video-preview:-1"},"canonical":"https:\/\/redenoticiaz.com.br\/litoralsp\/2022\/06\/12\/sao-paulo-bate-o-america-mg-e-chega-na-terceira-colocacao-do-brasileirao","og_locale":"pt_BR","og_type":"article","og_title":"S\u00e3o Paulo bate o Am\u00e9rica-MG e chega na terceira coloca\u00e7\u00e3o do Brasileir\u00e3o - Litoral SP","og_description":"o S\u00e3o Paulo buscar a vit\u00f3ria ap\u00f3s quatro empates seguidos no Campeonato Brasileiro. O Tricolor n\u00e3o teve uma grande atua\u00e7\u00e3o, mas faturou","og_url":"https:\/\/redenoticiaz.com.br\/litoralsp\/2022\/06\/12\/sao-paulo-bate-o-america-mg-e-chega-na-terceira-colocacao-do-brasileirao","og_site_name":"Litoral SP","article_published_time":"2022-06-12T21:21:10+00:00","author":"Leonardo Francisco","twitter_card":"summary_large_image","twitter_image":"https:\/\/redenoticiaz.com.br\/litoralsp\/wp-content\/uploads\/sites\/3\/2022\/06\/patrick.jpeg?v=1655068766","twitter_misc":{"Escrito por":"Leonardo Francisco","Est. tempo de leitura":"2 minutos"},"schema":{"@context":"https:\/\/schema.org","@graph":[{"@type":"Article","@id":"https:\/\/redenoticiaz.com.br\/litoralsp\/2022\/06\/12\/sao-paulo-bate-o-america-mg-e-chega-na-terceira-colocacao-do-brasileirao#article","isPartOf":{"@id":"https:\/\/redenoticiaz.com.br\/litoralsp\/2022\/06\/12\/sao-paulo-bate-o-america-mg-e-chega-na-terceira-colocacao-do-brasileirao"},"author":{"name":"Leonardo Francisco","@id":"https:\/\/redenoticiaz.com.br\/litoralsp\/#\/schema\/person\/0f0b8a5bdafefe82841e07ae8d81ecb3"},"headline":"S\u00e3o Paulo bate o Am\u00e9rica-MG e chega na terceira coloca\u00e7\u00e3o do Brasileir\u00e3o","datePublished":"2022-06-12T21:21:10+00:00","mainEntityOfPage":{"@id":"https:\/\/redenoticiaz.com.br\/litoralsp\/2022\/06\/12\/sao-paulo-bate-o-america-mg-e-chega-na-terceira-colocacao-do-brasileirao"},"wordCount":475,"commentCount":0,"publisher":{"@id":"https:\/\/redenoticiaz.com.br\/litoralsp\/#organization"},"image":{"@id":"https:\/\/redenoticiaz.com.br\/litoralsp\/2022\/06\/12\/sao-paulo-bate-o-america-mg-e-chega-na-terceira-colocacao-do-brasileirao#primaryimage"},"thumbnailUrl":"https:\/\/redenoticiaz.com.br\/litoralsp\/wp-content\/uploads\/sites\/3\/2022\/06\/patrick.jpeg?v=1655068766","keywords":["AM\u00c9RICA-MG","BRASILEIR\u00c3O 2022","CAMPEONATO BRASILEIRO","MORUMBI","PATRICK","S\u00c3O PAULO FC"],"articleSection":["Esporte"],"inLanguage":"pt-BR","potentialAction":[{"@type":"CommentAction","name":"Comment","target":["https:\/\/redenoticiaz.com.br\/litoralsp\/2022\/06\/12\/sao-paulo-bate-o-america-mg-e-chega-na-terceira-colocacao-do-brasileirao#respond"]}]},{"@type":"WebPage","@id":"https:\/\/redenoticiaz.com.br\/litoralsp\/2022\/06\/12\/sao-paulo-bate-o-america-mg-e-chega-na-terceira-colocacao-do-brasileirao","url":"https:\/\/redenoticiaz.com.br\/litoralsp\/2022\/06\/12\/sao-paulo-bate-o-america-mg-e-chega-na-terceira-colocacao-do-brasileirao","name":"S\u00e3o Paulo bate o Am\u00e9rica-MG e chega na terceira coloca\u00e7\u00e3o do Brasileir\u00e3o - Litoral SP","isPartOf":{"@id":"https:\/\/redenoticiaz.com.br\/litoralsp\/#website"},"primaryImageOfPage":{"@id":"https:\/\/redenoticiaz.com.br\/litoralsp\/2022\/06\/12\/sao-paulo-bate-o-america-mg-e-chega-na-terceira-colocacao-do-brasileirao#primaryimage"},"image":{"@id":"https:\/\/redenoticiaz.com.br\/litoralsp\/2022\/06\/12\/sao-paulo-bate-o-america-mg-e-chega-na-terceira-colocacao-do-brasileirao#primaryimage"},"thumbnailUrl":"https:\/\/redenoticiaz.com.br\/litoralsp\/wp-content\/uploads\/sites\/3\/2022\/06\/patrick.jpeg?v=1655068766","datePublished":"2022-06-12T21:21:10+00:00","description":"o S\u00e3o Paulo buscar a vit\u00f3ria ap\u00f3s quatro empates seguidos no Campeonato Brasileiro. O Tricolor n\u00e3o teve uma grande atua\u00e7\u00e3o, mas faturou","inLanguage":"pt-BR","potentialAction":[{"@type":"ReadAction","target":["https:\/\/redenoticiaz.com.br\/litoralsp\/2022\/06\/12\/sao-paulo-bate-o-america-mg-e-chega-na-terceira-colocacao-do-brasileirao"]}]},{"@type":"ImageObject","inLanguage":"pt-BR","@id":"https:\/\/redenoticiaz.com.br\/litoralsp\/2022\/06\/12\/sao-paulo-bate-o-america-mg-e-chega-na-terceira-colocacao-do-brasileirao#primaryimage","url":"https:\/\/redenoticiaz.com.br\/litoralsp\/wp-content\/uploads\/sites\/3\/2022\/06\/patrick.jpeg?v=1655068766","contentUrl":"https:\/\/redenoticiaz.com.br\/litoralsp\/wp-content\/uploads\/sites\/3\/2022\/06\/patrick.jpeg?v=1655068766","width":910,"height":455,"caption":"Patrick entrou em campo e foi decisivo para o Tricolor: Cr\u00e9ditos: Divulga\u00e7\u00e3o\/AGIF"},{"@type":"WebSite","@id":"https:\/\/redenoticiaz.com.br\/litoralsp\/#website","url":"https:\/\/redenoticiaz.com.br\/litoralsp\/","name":"Litoral SP","description":"Rede NoticiaZ","publisher":{"@id":"https:\/\/redenoticiaz.com.br\/litoralsp\/#organization"},"potentialAction":[{"@type":"SearchAction","target":{"@type":"EntryPoint","urlTemplate":"https:\/\/redenoticiaz.com.br\/litoralsp\/?s={search_term_string}"},"query-input":{"@type":"PropertyValueSpecification","valueRequired":true,"valueName":"search_term_string"}}],"inLanguage":"pt-BR"},{"@type":"Organization","@id":"https:\/\/redenoticiaz.com.br\/litoralsp\/#organization","name":"Litoral SP","url":"https:\/\/redenoticiaz.com.br\/litoralsp\/","logo":{"@type":"ImageObject","inLanguage":"pt-BR","@id":"https:\/\/redenoticiaz.com.br\/litoralsp\/#\/schema\/logo\/image\/","url":"https:\/\/redenoticiaz.com.br\/litoralsp\/wp-content\/uploads\/sites\/3\/2020\/11\/logo.jpg","contentUrl":"https:\/\/redenoticiaz.com.br\/litoralsp\/wp-content\/uploads\/sites\/3\/2020\/11\/logo.jpg","width":400,"height":250,"caption":"Litoral SP"},"image":{"@id":"https:\/\/redenoticiaz.com.br\/litoralsp\/#\/schema\/logo\/image\/"}},{"@type":"Person","@id":"https:\/\/redenoticiaz.com.br\/litoralsp\/#\/schema\/person\/0f0b8a5bdafefe82841e07ae8d81ecb3","name":"Leonardo Francisco","image":{"@type":"ImageObject","inLanguage":"pt-BR","@id":"https:\/\/secure.gravatar.com\/avatar\/a7358cb406a99b682ec6df1e77e31ae82e63601f6784e8a3df411d72b37864da?s=96&d=mm&r=g","url":"https:\/\/secure.gravatar.com\/avatar\/a7358cb406a99b682ec6df1e77e31ae82e63601f6784e8a3df411d72b37864da?s=96&d=mm&r=g","contentUrl":"https:\/\/secure.gravatar.com\/avatar\/a7358cb406a99b682ec6df1e77e31ae82e63601f6784e8a3df411d72b37864da?s=96&d=mm&r=g","caption":"Leonardo Francisco"},"url":"https:\/\/redenoticiaz.com.br\/litoralsp\/author\/leonardo-francisco"}]}},"_links":{"self":[{"href":"https:\/\/redenoticiaz.com.br\/litoralsp\/wp-json\/wp\/v2\/posts\/86037","targetHints":{"allow":["GET"]}}],"collection":[{"href":"https:\/\/redenoticiaz.com.br\/litoralsp\/wp-json\/wp\/v2\/posts"}],"about":[{"href":"https:\/\/redenoticiaz.com.br\/litoralsp\/wp-json\/wp\/v2\/types\/post"}],"author":[{"embeddable":true,"href":"https:\/\/redenoticiaz.com.br\/litoralsp\/wp-json\/wp\/v2\/users\/6"}],"replies":[{"embeddable":true,"href":"https:\/\/redenoticiaz.com.br\/litoralsp\/wp-json\/wp\/v2\/comments?post=86037"}],"version-history":[{"count":0,"href":"https:\/\/redenoticiaz.com.br\/litoralsp\/wp-json\/wp\/v2\/posts\/86037\/revisions"}],"wp:featuredmedia":[{"embeddable":true,"href":"https:\/\/redenoticiaz.com.br\/litoralsp\/wp-json\/wp\/v2\/media\/86038"}],"wp:attachment":[{"href":"https:\/\/redenoticiaz.com.br\/litoralsp\/wp-json\/wp\/v2\/media?parent=86037"}],"wp:term":[{"taxonomy":"category","embeddable":true,"href":"https:\/\/redenoticiaz.com.br\/litoralsp\/wp-json\/wp\/v2\/categories?post=86037"},{"taxonomy":"post_tag","embeddable":true,"href":"https:\/\/redenoticiaz.com.br\/litoralsp\/wp-json\/wp\/v2\/tags?post=86037"}],"curies":[{"name":"wp","href":"https:\/\/api.w.org\/{rel}","templated":true}]}}