{"id":86104,"date":"2022-06-13T19:03:52","date_gmt":"2022-06-13T22:03:52","guid":{"rendered":"https:\/\/redenoticiaz.com.br\/litoralsp\/?p=86104"},"modified":"2022-06-13T19:03:52","modified_gmt":"2022-06-13T22:03:52","slug":"governador-de-sp-anuncia-quase-r-800-mi-em-investimentos-na-baixada-santista","status":"publish","type":"post","link":"https:\/\/redenoticiaz.com.br\/litoralsp\/2022\/06\/13\/governador-de-sp-anuncia-quase-r-800-mi-em-investimentos-na-baixada-santista","title":{"rendered":"Governador de SP anuncia quase R$ 800 mi em investimentos na Baixada Santista"},"content":{"rendered":"<p>A cidade de Santos recebeu, nesta segunda-feira (13), a visita do governador de <a href=\"https:\/\/www.saopaulo.sp.gov.br\/\">S\u00e3o Paulo<\/a>, Rodrigo Garcia (PSDB) e ele anunciou <strong>investimentos de R$ 778,4 milh\u00f5es<\/strong> para serem revertidos em obras e servi\u00e7os na sa\u00fade, habita\u00e7\u00e3o e no transporte. Mas al\u00e9m destes recursos, o governador tamb\u00e9m autorizou a publica\u00e7\u00e3o do edital de licita\u00e7\u00e3o das obras da Ponte dos Barreiros. Ela dar\u00e1 in\u00edcio \u00e0 implanta\u00e7\u00e3o do terceiro trecho do Ve\u00edculo Leve sobre Trilhos (VLT). Esta etapa vai permitir a passagem pela \u00c1rea Continental de S\u00e3o Vicente.<\/p>\n<p>Rodrigo Garcia chegou \u00e0 Santos por volta das 9h e uma hora depois fez os an\u00fancios. Primeiro ele autorizou a publica\u00e7\u00e3o do edital de licita\u00e7\u00e3o das obras da Ponte dos Barreiros, que dar\u00e1 in\u00edcio \u00e0 implanta\u00e7\u00e3o do terceiro trecho do VLT. O investimento na ponte dever\u00e1 ser na ordem de R$ 160 milh\u00f5es e, outros R$ 505 milh\u00f5es ser\u00e3o destinados ao terceiro trecho do VLT.<\/p>\n<h3>O projeto da terceira fase do VLT<\/h3>\n<div class=\"mc-column content-text active-extra-styles \" data-block-type=\"unstyled\" data-block-weight=\"48\" data-block-id=\"7\">\n<p class=\"content-text__container \" data-track-category=\"Link no Texto\" data-track-links=\"\">A Ponte dos Barreiros liga a regi\u00e3o insular \u00e0 \u00e1rea continental de S\u00e3o Vicente. Com projeto executivo j\u00e1 conclu\u00eddo, a reforma da estrutura corresponde \u00e0 etapa 1 das obras do terceiro trecho do VLT. A Empresa Metropolitana de Transportes Urbanos de S\u00e3o Paulo (EMTU) ser\u00e1 a respons\u00e1vel pela gest\u00e3o do modal.<\/p>\n<\/div>\n<div class=\"mc-column content-text active-extra-styles \" data-block-type=\"unstyled\" data-block-weight=\"56\" data-block-id=\"8\">\n<p class=\"content-text__container \" data-track-category=\"Link no Texto\" data-track-links=\"\">O projeto de obra da Ponte dos Barreiros prev\u00ea a amplia\u00e7\u00e3o e refor\u00e7o da estrutura, duplica\u00e7\u00e3o da parte ferrovi\u00e1ria, expans\u00e3o do trecho de passeio e melhorias da infraestrutura rodovi\u00e1ria. O edital de licita\u00e7\u00e3o dever\u00e1 ser publicado no Di\u00e1rio Oficial do Estado no segundo semestre e as obras t\u00eam previs\u00e3o de in\u00edcio at\u00e9 janeiro de 2023.<\/p>\n<\/div>\n<div class=\"mc-column content-text active-extra-styles \" data-block-type=\"unstyled\" data-block-weight=\"77\" data-block-id=\"9\">\n<p class=\"content-text__container \" data-track-category=\"Link no Texto\" data-track-links=\"\">Na etapa 2 da implementa\u00e7\u00e3o do terceiro trecho do VLT ser\u00e3o feitas as demais interven\u00e7\u00f5es para a liga\u00e7\u00e3o do Terminal Barreiros at\u00e9 Samarit\u00e1. Este ramal vai beneficiar mais de 150 mil pessoas que residem em dez bairros da \u00c1rea Continental de S\u00e3o Vicente e que dependem do transporte p\u00fablico para se deslocar at\u00e9 Santos. Al\u00e9m da liga\u00e7\u00e3o entre as duas \u00e1reas da cidade, o VLT tamb\u00e9m ter\u00e1 baldea\u00e7\u00e3o com os \u00f4nibus municipais em ambas as regi\u00f5es.<\/p>\n<h3 data-track-category=\"Link no Texto\">Investimentos na sa\u00fade<\/h3>\n<p>O governador garantiu que sobre a sa\u00fade, vai zerar em at\u00e9 cinco meses, a fila de cirurgias eletivas que foram criadas durante a pandemia. Para isso, o governo do estado ir\u00e1 contratar servi\u00e7os particulares.<\/p>\n<div class=\"mc-column content-text active-extra-styles \" data-block-type=\"unstyled\" data-block-weight=\"51\" data-block-id=\"13\">\n<p class=\"content-text__container \" data-track-category=\"Link no Texto\" data-track-links=\"\">&#8220;A Baixada Santista tem cerca de 10 mil pessoas aguardando em filas para realizar cirurgias eletivas. Fiz um apelo aos hospitais filantr\u00f3picos e privados que pudessem nos ajudar, tendo em vista que o Governo de S\u00e3o Paulo compra essas cirurgias pagando o dobro do que o Minist\u00e9rio da Sa\u00fade paga&#8221;, afirmou.<\/p>\n<h3 data-track-category=\"Link no Texto\">Habita\u00e7\u00e3o<\/h3>\n<p>O governador tamb\u00e9m liberou a implanta\u00e7\u00e3o do Programa Viver Melhor em Bertioga, Cubat\u00e3o, Guaruj\u00e1, Itanha\u00e9m, Mongagu\u00e1, Peru\u00edbe e S\u00e3o Vicente para recuperar 1,4 mil im\u00f3veis inadequados situados em assentamentos prec\u00e1rios. Os investimentos chegam a R$ 25,5 milh\u00f5es.<\/p>\n<p>As cidades de Cubat\u00e3o, Itanha\u00e9m, Mongagu\u00e1, Santos e S\u00e3o Vicente ser\u00e3o beneficiadas com mais de 1,6 mil novas unidades habitacionais. O investimento \u00e9 de R$ 282,2 milh\u00f5es.<\/p>\n<h3><strong>Infraestrutura urbana, tur\u00edstica e vi\u00e1ria<\/strong><\/h3>\n<p>Na ocasi\u00e3o houve a formaliza\u00e7\u00e3o de 10 conv\u00eanios entre a Secretaria de Desenvolvimento Regional (SDR) e as prefeituras de Bertioga, Cubat\u00e3o, Guaruj\u00e1, Itanha\u00e9m, Mongagu\u00e1, Peru\u00edbe, Praia Grande, Santos e S\u00e3o Vicente no valor de R$ 91,1 milh\u00f5es. As prefeituras contempladas devem encaminhar os projetos executivos das interven\u00e7\u00f5es para celebra\u00e7\u00e3o dos conv\u00eanios, in\u00edcio das obras e repasse dos recursos.<\/p>\n<p>Para obras e melhorias de infraestrutura tur\u00edstica, foram celebrados novos conv\u00eanios com nove prefeituras no valor de R$ 109 milh\u00f5es, valor superior ao dobro dos \u00faltimos dois anos e o triplo do Governo anterior. Os recursos s\u00e3o do Departamento de Apoio ao Desenvolvimento dos Munic\u00edpios Tur\u00edsticos (Dadetur), vinculado \u00e0 Secretaria de Turismo e Viagens.<\/p>\n<p>O Museu de Pesca, localizado em Santos, passar\u00e1 por adequa\u00e7\u00e3o da infraestrutura el\u00e9trica e hidr\u00e1ulica. Com um investimento de R$ 2 milh\u00f5es, os reparos ser\u00e3o realizados para a moderniza\u00e7\u00e3o da sua estrutura, al\u00e9m de atender \u00e0 normatiza\u00e7\u00e3o vigente para espa\u00e7os p\u00fablicos. A previs\u00e3o de conclus\u00e3o das obras \u00e9 dezembro de 2022.<\/p>\n<p>O Detran.SP vai destinar R$ 26,7 milh\u00f5es para interven\u00e7\u00f5es vi\u00e1rias na regi\u00e3o da Baixada Santista por meio do Programa Respeito \u00e0 Vida. As obras de melhorias ser\u00e3o executadas em parceria com a Companhia de Desenvolvimento Habitacional e Urbano (CDHU).<\/p>\n<h3><strong>Saneamento b\u00e1sico<\/strong><\/h3>\n<p>O Governo de S\u00e3o Paulo, por meio do Departamento de \u00c1guas e Energia El\u00e9trica (DAEE) abriu o processo de licita\u00e7\u00e3o para a execu\u00e7\u00e3o de obras de recupera\u00e7\u00e3o operacional das estruturas existentes nos canais de drenagem e canaliza\u00e7\u00e3o do curso d\u2019\u00e1gua na avenida Eduardo Souto, em S\u00e3o Vicente. O processo licitat\u00f3rio prev\u00ea a contrata\u00e7\u00e3o de obras com prazo de execu\u00e7\u00e3o de 18 meses a partir da ordem de servi\u00e7o. A a\u00e7\u00e3o, que vai beneficiar mais de 100 mil habitantes, tem um investimento de aproximadamente R$ 25 milh\u00f5es.<\/p>\n<p>Em Itanha\u00e9m, o governador e a Sabesp deram in\u00edcio \u00e0s obras para a implanta\u00e7\u00e3o do Booster Suar\u00e3o, al\u00e9m de adutoras e a readequa\u00e7\u00e3o da Esta\u00e7\u00e3o Elevat\u00f3ria de \u00c1gua Tratada Suar\u00e3o, que pertence ao programa Mambu Branco. As obras, que integram o Programa \u00c1gua no Litoral, t\u00eam o objetivo de garantir o abastecimento dos munic\u00edpios de Itanha\u00e9m, Mongagu\u00e1, Praia Grande e S\u00e3o Vicente. S\u00e3o R$ 36 milh\u00f5es em investimentos que beneficiam 2,1 milh\u00f5es de habitantes. A previs\u00e3o \u00e9 que as obras sejam conclu\u00eddas em setembro de 2023.<\/p>\n<h3><strong>Educa\u00e7\u00e3o<\/strong><\/h3>\n<p>De acordo com o Governo de S\u00e3o Paulo, uma nova unidade escolar ser\u00e1 constru\u00edda em Bertioga, com um investimento de R$ 12 milh\u00f5es via Plano de A\u00e7\u00f5es Integradas do Estado de S\u00e3o Paulo (Painsp). No munic\u00edpio tamb\u00e9m ser\u00e1 constru\u00edda uma Creche Escola, com investimento de R$ 2,7 milh\u00f5es via Painsp. S<\/p>\n<p>er\u00e3o sete salas de aula e capacidade de atendimento de at\u00e9 150 crian\u00e7as de 0 a 5 anos. Ainda em Bertioga e com recursos do Painsp, ocorrer\u00e3o melhorias de infraestrutura em creches e escolas estaduais, como amplia\u00e7\u00e3o da quadra esportiva, um investimento de R$ 1,8 milh\u00e3o.<\/p>\n<p>Em Guaruj\u00e1 e Praia Grande haver\u00e1 o in\u00edcio das obras de reforma em escolas estaduais. O investimento de R$ 4,3 milh\u00f5es utiliza recursos da FDE (Funda\u00e7\u00e3o para o Desenvolvimento da Educa\u00e7\u00e3o).<\/p>\n<p>Por meio da Secretaria de Desenvolvimento Econ\u00f4mico foram abertas as inscri\u00e7\u00f5es para 2,4 mil vagas do Bolsa Trabalho na regi\u00e3o da Baixada Santista. Os participantes recebem bolsa-aux\u00edlio de R$ 540 por at\u00e9 cinco meses para atividades de trabalho em \u00f3rg\u00e3os p\u00fablicos municipais e estaduais durante quatro horas di\u00e1rias por cinco dias na semana. Al\u00e9m disso, v\u00e3o poder realizar um curso de capacita\u00e7\u00e3o profissional.<\/p>\n<h3>Mais investimentos<\/h3>\n<p>O governador tamb\u00e9m aprovou a implanta\u00e7\u00e3o do Centro de Apoio T\u00e9cnico para atendimento \u00e0s pessoas com defici\u00eancia na cidade de Santos. Com um investimento de R$ 130 mil ao ano, o Centro de Apoio T\u00e9cnico \u00e9 realizado por meio de uma parceria entre a Secretaria dos Direitos da Pessoa com Defici\u00eancia e a Secretaria de Seguran\u00e7a P\u00fablica.<\/p>\n<p>O objetivo \u00e9 promover atendimento especializado levando em considera\u00e7\u00e3o as particularidades do p\u00fablico com defici\u00eancia. Nela haver\u00e1 uma equipe formada por psic\u00f3logo, assistente social e int\u00e9rprete de L\u00edngua Brasileira de Sinais (Libras). Os profissionais envolvidos utilizam um sistema diferenciado para dar apoio aos policiais no atendimento a este p\u00fablico que vai \u00e0 Delegacia por algum tipo de ocorr\u00eancia.<\/p>\n<p><strong>LEIA TAMB\u00c9M<\/strong><\/p>\n<p><a href=\"https:\/\/redenoticiaz.com.br\/litoralsp\/2022\/06\/13\/marinha-abre-inquerito-para-investigar-causas-de-acidente-com-flutuante-no-litoral\">Marinha abre inqu\u00e9rito para investigar causas de acidente com flutuante no Litoral<\/a><\/p>\n<\/div>\n<\/div>\n","protected":false},"excerpt":{"rendered":"<p>A cidade de Santos recebeu, nesta segunda-feira (13), a visita do governador de S\u00e3o Paulo, Rodrigo Garcia (PSDB) e ele anunciou investimentos de R$ 778,4 milh\u00f5es para serem revertidos em obras e servi\u00e7os na sa\u00fade, habita\u00e7\u00e3o e no transporte. Mas al\u00e9m destes recursos, o governador tamb\u00e9m autorizou a publica\u00e7\u00e3o do edital de licita\u00e7\u00e3o das obras &hellip;<\/p>\n","protected":false},"author":6,"featured_media":86108,"comment_status":"open","ping_status":"closed","sticky":false,"template":"","format":"standard","meta":{"footnotes":""},"categories":[15,180],"tags":[1148,25752,1152,1998,1581,5749,986,96,91,1947],"class_list":["post-86104","post","type-post","status-publish","format-standard","has-post-thumbnail","hentry","category-politica","category-santos","tag-baixada-santista","tag-governador-de-sao-paulo","tag-governo-de-sao-paulo","tag-habitacao","tag-ponte-dos-barreiros","tag-rodrigo-garcia","tag-santos","tag-saude","tag-transporte","tag-vlt"],"yoast_head":"<!-- This site is optimized with the Yoast SEO plugin v27.5 - https:\/\/yoast.com\/product\/yoast-seo-wordpress\/ -->\n<title>Governador de SP anuncia quase R$ 800 mi em investimentos na Baixada Santista - Litoral SP<\/title>\n<meta name=\"description\" content=\"A cidade de Santos recebeu, nesta segunda-feira (13), a visita do governador de S\u00e3o Paulo, Rodrigo Garcia (PSDB) e ele anunciou\" \/>\n<meta name=\"robots\" content=\"index, follow, max-snippet:-1, max-image-preview:large, max-video-preview:-1\" \/>\n<link rel=\"canonical\" href=\"https:\/\/redenoticiaz.com.br\/litoralsp\/2022\/06\/13\/governador-de-sp-anuncia-quase-r-800-mi-em-investimentos-na-baixada-santista\" \/>\n<meta property=\"og:locale\" content=\"pt_BR\" \/>\n<meta property=\"og:type\" content=\"article\" \/>\n<meta property=\"og:title\" content=\"Governador de SP anuncia quase R$ 800 mi em investimentos na Baixada Santista - Litoral SP\" \/>\n<meta property=\"og:description\" content=\"A cidade de Santos recebeu, nesta segunda-feira (13), a visita do governador de S\u00e3o Paulo, Rodrigo Garcia (PSDB) e ele anunciou\" \/>\n<meta property=\"og:url\" content=\"https:\/\/redenoticiaz.com.br\/litoralsp\/2022\/06\/13\/governador-de-sp-anuncia-quase-r-800-mi-em-investimentos-na-baixada-santista\" \/>\n<meta property=\"og:site_name\" content=\"Litoral SP\" \/>\n<meta property=\"article:published_time\" content=\"2022-06-13T22:03:52+00:00\" \/>\n<meta property=\"og:image\" content=\"https:\/\/redenoticiaz.com.br\/litoralsp\/wp-content\/uploads\/sites\/3\/2022\/06\/52142547042_66b34a2c3c_c.jpg\" \/>\n\t<meta property=\"og:image:width\" content=\"799\" \/>\n\t<meta property=\"og:image:height\" content=\"533\" \/>\n\t<meta property=\"og:image:type\" content=\"image\/jpeg\" \/>\n<meta name=\"author\" content=\"Leonardo Francisco\" \/>\n<meta name=\"twitter:card\" content=\"summary_large_image\" \/>\n<meta name=\"twitter:label1\" content=\"Escrito por\" \/>\n\t<meta name=\"twitter:data1\" content=\"Leonardo Francisco\" \/>\n\t<meta name=\"twitter:label2\" content=\"Est. tempo de leitura\" \/>\n\t<meta name=\"twitter:data2\" content=\"7 minutos\" \/>\n<script type=\"application\/ld+json\" class=\"yoast-schema-graph\">{\"@context\":\"https:\\\/\\\/schema.org\",\"@graph\":[{\"@type\":\"Article\",\"@id\":\"https:\\\/\\\/redenoticiaz.com.br\\\/litoralsp\\\/2022\\\/06\\\/13\\\/governador-de-sp-anuncia-quase-r-800-mi-em-investimentos-na-baixada-santista#article\",\"isPartOf\":{\"@id\":\"https:\\\/\\\/redenoticiaz.com.br\\\/litoralsp\\\/2022\\\/06\\\/13\\\/governador-de-sp-anuncia-quase-r-800-mi-em-investimentos-na-baixada-santista\"},\"author\":{\"name\":\"Leonardo Francisco\",\"@id\":\"https:\\\/\\\/redenoticiaz.com.br\\\/litoralsp\\\/#\\\/schema\\\/person\\\/0f0b8a5bdafefe82841e07ae8d81ecb3\"},\"headline\":\"Governador de SP anuncia quase R$ 800 mi em investimentos na Baixada Santista\",\"datePublished\":\"2022-06-13T22:03:52+00:00\",\"mainEntityOfPage\":{\"@id\":\"https:\\\/\\\/redenoticiaz.com.br\\\/litoralsp\\\/2022\\\/06\\\/13\\\/governador-de-sp-anuncia-quase-r-800-mi-em-investimentos-na-baixada-santista\"},\"wordCount\":1348,\"commentCount\":0,\"publisher\":{\"@id\":\"https:\\\/\\\/redenoticiaz.com.br\\\/litoralsp\\\/#organization\"},\"image\":{\"@id\":\"https:\\\/\\\/redenoticiaz.com.br\\\/litoralsp\\\/2022\\\/06\\\/13\\\/governador-de-sp-anuncia-quase-r-800-mi-em-investimentos-na-baixada-santista#primaryimage\"},\"thumbnailUrl\":\"https:\\\/\\\/redenoticiaz.com.br\\\/litoralsp\\\/wp-content\\\/uploads\\\/sites\\\/3\\\/2022\\\/06\\\/52142547042_66b34a2c3c_c.jpg\",\"keywords\":[\"BAIXADA SANTISTA\",\"GOVERNADOR DE S\u00c3O PAULO\",\"Governo de S\u00e3o Paulo\",\"HABITA\u00c7\u00c3O\",\"PONTE DOS BARREIROS\",\"RODRIGO GARCIA\",\"Santos\",\"saude\",\"TRANSPORTE\",\"VLT\"],\"articleSection\":[\"Pol\u00edtica\",\"Santos\"],\"inLanguage\":\"pt-BR\",\"potentialAction\":[{\"@type\":\"CommentAction\",\"name\":\"Comment\",\"target\":[\"https:\\\/\\\/redenoticiaz.com.br\\\/litoralsp\\\/2022\\\/06\\\/13\\\/governador-de-sp-anuncia-quase-r-800-mi-em-investimentos-na-baixada-santista#respond\"]}]},{\"@type\":\"WebPage\",\"@id\":\"https:\\\/\\\/redenoticiaz.com.br\\\/litoralsp\\\/2022\\\/06\\\/13\\\/governador-de-sp-anuncia-quase-r-800-mi-em-investimentos-na-baixada-santista\",\"url\":\"https:\\\/\\\/redenoticiaz.com.br\\\/litoralsp\\\/2022\\\/06\\\/13\\\/governador-de-sp-anuncia-quase-r-800-mi-em-investimentos-na-baixada-santista\",\"name\":\"Governador de SP anuncia quase R$ 800 mi em investimentos na Baixada Santista - Litoral SP\",\"isPartOf\":{\"@id\":\"https:\\\/\\\/redenoticiaz.com.br\\\/litoralsp\\\/#website\"},\"primaryImageOfPage\":{\"@id\":\"https:\\\/\\\/redenoticiaz.com.br\\\/litoralsp\\\/2022\\\/06\\\/13\\\/governador-de-sp-anuncia-quase-r-800-mi-em-investimentos-na-baixada-santista#primaryimage\"},\"image\":{\"@id\":\"https:\\\/\\\/redenoticiaz.com.br\\\/litoralsp\\\/2022\\\/06\\\/13\\\/governador-de-sp-anuncia-quase-r-800-mi-em-investimentos-na-baixada-santista#primaryimage\"},\"thumbnailUrl\":\"https:\\\/\\\/redenoticiaz.com.br\\\/litoralsp\\\/wp-content\\\/uploads\\\/sites\\\/3\\\/2022\\\/06\\\/52142547042_66b34a2c3c_c.jpg\",\"datePublished\":\"2022-06-13T22:03:52+00:00\",\"description\":\"A cidade de Santos recebeu, nesta segunda-feira (13), a visita do governador de S\u00e3o Paulo, Rodrigo Garcia (PSDB) e ele anunciou\",\"inLanguage\":\"pt-BR\",\"potentialAction\":[{\"@type\":\"ReadAction\",\"target\":[\"https:\\\/\\\/redenoticiaz.com.br\\\/litoralsp\\\/2022\\\/06\\\/13\\\/governador-de-sp-anuncia-quase-r-800-mi-em-investimentos-na-baixada-santista\"]}]},{\"@type\":\"ImageObject\",\"inLanguage\":\"pt-BR\",\"@id\":\"https:\\\/\\\/redenoticiaz.com.br\\\/litoralsp\\\/2022\\\/06\\\/13\\\/governador-de-sp-anuncia-quase-r-800-mi-em-investimentos-na-baixada-santista#primaryimage\",\"url\":\"https:\\\/\\\/redenoticiaz.com.br\\\/litoralsp\\\/wp-content\\\/uploads\\\/sites\\\/3\\\/2022\\\/06\\\/52142547042_66b34a2c3c_c.jpg\",\"contentUrl\":\"https:\\\/\\\/redenoticiaz.com.br\\\/litoralsp\\\/wp-content\\\/uploads\\\/sites\\\/3\\\/2022\\\/06\\\/52142547042_66b34a2c3c_c.jpg\",\"width\":799,\"height\":533,\"caption\":\"Cr\u00e9ditos: Divulga\u00e7\u00e3o\\\/Governo de S\u00e3o Paulo\"},{\"@type\":\"WebSite\",\"@id\":\"https:\\\/\\\/redenoticiaz.com.br\\\/litoralsp\\\/#website\",\"url\":\"https:\\\/\\\/redenoticiaz.com.br\\\/litoralsp\\\/\",\"name\":\"Litoral SP\",\"description\":\"Rede NoticiaZ\",\"publisher\":{\"@id\":\"https:\\\/\\\/redenoticiaz.com.br\\\/litoralsp\\\/#organization\"},\"potentialAction\":[{\"@type\":\"SearchAction\",\"target\":{\"@type\":\"EntryPoint\",\"urlTemplate\":\"https:\\\/\\\/redenoticiaz.com.br\\\/litoralsp\\\/?s={search_term_string}\"},\"query-input\":{\"@type\":\"PropertyValueSpecification\",\"valueRequired\":true,\"valueName\":\"search_term_string\"}}],\"inLanguage\":\"pt-BR\"},{\"@type\":\"Organization\",\"@id\":\"https:\\\/\\\/redenoticiaz.com.br\\\/litoralsp\\\/#organization\",\"name\":\"Litoral SP\",\"url\":\"https:\\\/\\\/redenoticiaz.com.br\\\/litoralsp\\\/\",\"logo\":{\"@type\":\"ImageObject\",\"inLanguage\":\"pt-BR\",\"@id\":\"https:\\\/\\\/redenoticiaz.com.br\\\/litoralsp\\\/#\\\/schema\\\/logo\\\/image\\\/\",\"url\":\"https:\\\/\\\/redenoticiaz.com.br\\\/litoralsp\\\/wp-content\\\/uploads\\\/sites\\\/3\\\/2020\\\/11\\\/logo.jpg\",\"contentUrl\":\"https:\\\/\\\/redenoticiaz.com.br\\\/litoralsp\\\/wp-content\\\/uploads\\\/sites\\\/3\\\/2020\\\/11\\\/logo.jpg\",\"width\":400,\"height\":250,\"caption\":\"Litoral SP\"},\"image\":{\"@id\":\"https:\\\/\\\/redenoticiaz.com.br\\\/litoralsp\\\/#\\\/schema\\\/logo\\\/image\\\/\"}},{\"@type\":\"Person\",\"@id\":\"https:\\\/\\\/redenoticiaz.com.br\\\/litoralsp\\\/#\\\/schema\\\/person\\\/0f0b8a5bdafefe82841e07ae8d81ecb3\",\"name\":\"Leonardo Francisco\",\"image\":{\"@type\":\"ImageObject\",\"inLanguage\":\"pt-BR\",\"@id\":\"https:\\\/\\\/secure.gravatar.com\\\/avatar\\\/a7358cb406a99b682ec6df1e77e31ae82e63601f6784e8a3df411d72b37864da?s=96&d=mm&r=g\",\"url\":\"https:\\\/\\\/secure.gravatar.com\\\/avatar\\\/a7358cb406a99b682ec6df1e77e31ae82e63601f6784e8a3df411d72b37864da?s=96&d=mm&r=g\",\"contentUrl\":\"https:\\\/\\\/secure.gravatar.com\\\/avatar\\\/a7358cb406a99b682ec6df1e77e31ae82e63601f6784e8a3df411d72b37864da?s=96&d=mm&r=g\",\"caption\":\"Leonardo Francisco\"},\"url\":\"https:\\\/\\\/redenoticiaz.com.br\\\/litoralsp\\\/author\\\/leonardo-francisco\"}]}<\/script>\n<!-- \/ Yoast SEO plugin. -->","yoast_head_json":{"title":"Governador de SP anuncia quase R$ 800 mi em investimentos na Baixada Santista - Litoral SP","description":"A cidade de Santos recebeu, nesta segunda-feira (13), a visita do governador de S\u00e3o Paulo, Rodrigo Garcia (PSDB) e ele anunciou","robots":{"index":"index","follow":"follow","max-snippet":"max-snippet:-1","max-image-preview":"max-image-preview:large","max-video-preview":"max-video-preview:-1"},"canonical":"https:\/\/redenoticiaz.com.br\/litoralsp\/2022\/06\/13\/governador-de-sp-anuncia-quase-r-800-mi-em-investimentos-na-baixada-santista","og_locale":"pt_BR","og_type":"article","og_title":"Governador de SP anuncia quase R$ 800 mi em investimentos na Baixada Santista - Litoral SP","og_description":"A cidade de Santos recebeu, nesta segunda-feira (13), a visita do governador de S\u00e3o Paulo, Rodrigo Garcia (PSDB) e ele anunciou","og_url":"https:\/\/redenoticiaz.com.br\/litoralsp\/2022\/06\/13\/governador-de-sp-anuncia-quase-r-800-mi-em-investimentos-na-baixada-santista","og_site_name":"Litoral SP","article_published_time":"2022-06-13T22:03:52+00:00","og_image":[{"width":799,"height":533,"url":"https:\/\/redenoticiaz.com.br\/litoralsp\/wp-content\/uploads\/sites\/3\/2022\/06\/52142547042_66b34a2c3c_c.jpg","type":"image\/jpeg"}],"author":"Leonardo Francisco","twitter_card":"summary_large_image","twitter_misc":{"Escrito por":"Leonardo Francisco","Est. tempo de leitura":"7 minutos"},"schema":{"@context":"https:\/\/schema.org","@graph":[{"@type":"Article","@id":"https:\/\/redenoticiaz.com.br\/litoralsp\/2022\/06\/13\/governador-de-sp-anuncia-quase-r-800-mi-em-investimentos-na-baixada-santista#article","isPartOf":{"@id":"https:\/\/redenoticiaz.com.br\/litoralsp\/2022\/06\/13\/governador-de-sp-anuncia-quase-r-800-mi-em-investimentos-na-baixada-santista"},"author":{"name":"Leonardo Francisco","@id":"https:\/\/redenoticiaz.com.br\/litoralsp\/#\/schema\/person\/0f0b8a5bdafefe82841e07ae8d81ecb3"},"headline":"Governador de SP anuncia quase R$ 800 mi em investimentos na Baixada Santista","datePublished":"2022-06-13T22:03:52+00:00","mainEntityOfPage":{"@id":"https:\/\/redenoticiaz.com.br\/litoralsp\/2022\/06\/13\/governador-de-sp-anuncia-quase-r-800-mi-em-investimentos-na-baixada-santista"},"wordCount":1348,"commentCount":0,"publisher":{"@id":"https:\/\/redenoticiaz.com.br\/litoralsp\/#organization"},"image":{"@id":"https:\/\/redenoticiaz.com.br\/litoralsp\/2022\/06\/13\/governador-de-sp-anuncia-quase-r-800-mi-em-investimentos-na-baixada-santista#primaryimage"},"thumbnailUrl":"https:\/\/redenoticiaz.com.br\/litoralsp\/wp-content\/uploads\/sites\/3\/2022\/06\/52142547042_66b34a2c3c_c.jpg","keywords":["BAIXADA SANTISTA","GOVERNADOR DE S\u00c3O PAULO","Governo de S\u00e3o Paulo","HABITA\u00c7\u00c3O","PONTE DOS BARREIROS","RODRIGO GARCIA","Santos","saude","TRANSPORTE","VLT"],"articleSection":["Pol\u00edtica","Santos"],"inLanguage":"pt-BR","potentialAction":[{"@type":"CommentAction","name":"Comment","target":["https:\/\/redenoticiaz.com.br\/litoralsp\/2022\/06\/13\/governador-de-sp-anuncia-quase-r-800-mi-em-investimentos-na-baixada-santista#respond"]}]},{"@type":"WebPage","@id":"https:\/\/redenoticiaz.com.br\/litoralsp\/2022\/06\/13\/governador-de-sp-anuncia-quase-r-800-mi-em-investimentos-na-baixada-santista","url":"https:\/\/redenoticiaz.com.br\/litoralsp\/2022\/06\/13\/governador-de-sp-anuncia-quase-r-800-mi-em-investimentos-na-baixada-santista","name":"Governador de SP anuncia quase R$ 800 mi em investimentos na Baixada Santista - Litoral SP","isPartOf":{"@id":"https:\/\/redenoticiaz.com.br\/litoralsp\/#website"},"primaryImageOfPage":{"@id":"https:\/\/redenoticiaz.com.br\/litoralsp\/2022\/06\/13\/governador-de-sp-anuncia-quase-r-800-mi-em-investimentos-na-baixada-santista#primaryimage"},"image":{"@id":"https:\/\/redenoticiaz.com.br\/litoralsp\/2022\/06\/13\/governador-de-sp-anuncia-quase-r-800-mi-em-investimentos-na-baixada-santista#primaryimage"},"thumbnailUrl":"https:\/\/redenoticiaz.com.br\/litoralsp\/wp-content\/uploads\/sites\/3\/2022\/06\/52142547042_66b34a2c3c_c.jpg","datePublished":"2022-06-13T22:03:52+00:00","description":"A cidade de Santos recebeu, nesta segunda-feira (13), a visita do governador de S\u00e3o Paulo, Rodrigo Garcia (PSDB) e ele anunciou","inLanguage":"pt-BR","potentialAction":[{"@type":"ReadAction","target":["https:\/\/redenoticiaz.com.br\/litoralsp\/2022\/06\/13\/governador-de-sp-anuncia-quase-r-800-mi-em-investimentos-na-baixada-santista"]}]},{"@type":"ImageObject","inLanguage":"pt-BR","@id":"https:\/\/redenoticiaz.com.br\/litoralsp\/2022\/06\/13\/governador-de-sp-anuncia-quase-r-800-mi-em-investimentos-na-baixada-santista#primaryimage","url":"https:\/\/redenoticiaz.com.br\/litoralsp\/wp-content\/uploads\/sites\/3\/2022\/06\/52142547042_66b34a2c3c_c.jpg","contentUrl":"https:\/\/redenoticiaz.com.br\/litoralsp\/wp-content\/uploads\/sites\/3\/2022\/06\/52142547042_66b34a2c3c_c.jpg","width":799,"height":533,"caption":"Cr\u00e9ditos: Divulga\u00e7\u00e3o\/Governo de S\u00e3o Paulo"},{"@type":"WebSite","@id":"https:\/\/redenoticiaz.com.br\/litoralsp\/#website","url":"https:\/\/redenoticiaz.com.br\/litoralsp\/","name":"Litoral SP","description":"Rede NoticiaZ","publisher":{"@id":"https:\/\/redenoticiaz.com.br\/litoralsp\/#organization"},"potentialAction":[{"@type":"SearchAction","target":{"@type":"EntryPoint","urlTemplate":"https:\/\/redenoticiaz.com.br\/litoralsp\/?s={search_term_string}"},"query-input":{"@type":"PropertyValueSpecification","valueRequired":true,"valueName":"search_term_string"}}],"inLanguage":"pt-BR"},{"@type":"Organization","@id":"https:\/\/redenoticiaz.com.br\/litoralsp\/#organization","name":"Litoral SP","url":"https:\/\/redenoticiaz.com.br\/litoralsp\/","logo":{"@type":"ImageObject","inLanguage":"pt-BR","@id":"https:\/\/redenoticiaz.com.br\/litoralsp\/#\/schema\/logo\/image\/","url":"https:\/\/redenoticiaz.com.br\/litoralsp\/wp-content\/uploads\/sites\/3\/2020\/11\/logo.jpg","contentUrl":"https:\/\/redenoticiaz.com.br\/litoralsp\/wp-content\/uploads\/sites\/3\/2020\/11\/logo.jpg","width":400,"height":250,"caption":"Litoral SP"},"image":{"@id":"https:\/\/redenoticiaz.com.br\/litoralsp\/#\/schema\/logo\/image\/"}},{"@type":"Person","@id":"https:\/\/redenoticiaz.com.br\/litoralsp\/#\/schema\/person\/0f0b8a5bdafefe82841e07ae8d81ecb3","name":"Leonardo Francisco","image":{"@type":"ImageObject","inLanguage":"pt-BR","@id":"https:\/\/secure.gravatar.com\/avatar\/a7358cb406a99b682ec6df1e77e31ae82e63601f6784e8a3df411d72b37864da?s=96&d=mm&r=g","url":"https:\/\/secure.gravatar.com\/avatar\/a7358cb406a99b682ec6df1e77e31ae82e63601f6784e8a3df411d72b37864da?s=96&d=mm&r=g","contentUrl":"https:\/\/secure.gravatar.com\/avatar\/a7358cb406a99b682ec6df1e77e31ae82e63601f6784e8a3df411d72b37864da?s=96&d=mm&r=g","caption":"Leonardo Francisco"},"url":"https:\/\/redenoticiaz.com.br\/litoralsp\/author\/leonardo-francisco"}]}},"_links":{"self":[{"href":"https:\/\/redenoticiaz.com.br\/litoralsp\/wp-json\/wp\/v2\/posts\/86104","targetHints":{"allow":["GET"]}}],"collection":[{"href":"https:\/\/redenoticiaz.com.br\/litoralsp\/wp-json\/wp\/v2\/posts"}],"about":[{"href":"https:\/\/redenoticiaz.com.br\/litoralsp\/wp-json\/wp\/v2\/types\/post"}],"author":[{"embeddable":true,"href":"https:\/\/redenoticiaz.com.br\/litoralsp\/wp-json\/wp\/v2\/users\/6"}],"replies":[{"embeddable":true,"href":"https:\/\/redenoticiaz.com.br\/litoralsp\/wp-json\/wp\/v2\/comments?post=86104"}],"version-history":[{"count":1,"href":"https:\/\/redenoticiaz.com.br\/litoralsp\/wp-json\/wp\/v2\/posts\/86104\/revisions"}],"predecessor-version":[{"id":86109,"href":"https:\/\/redenoticiaz.com.br\/litoralsp\/wp-json\/wp\/v2\/posts\/86104\/revisions\/86109"}],"wp:featuredmedia":[{"embeddable":true,"href":"https:\/\/redenoticiaz.com.br\/litoralsp\/wp-json\/wp\/v2\/media\/86108"}],"wp:attachment":[{"href":"https:\/\/redenoticiaz.com.br\/litoralsp\/wp-json\/wp\/v2\/media?parent=86104"}],"wp:term":[{"taxonomy":"category","embeddable":true,"href":"https:\/\/redenoticiaz.com.br\/litoralsp\/wp-json\/wp\/v2\/categories?post=86104"},{"taxonomy":"post_tag","embeddable":true,"href":"https:\/\/redenoticiaz.com.br\/litoralsp\/wp-json\/wp\/v2\/tags?post=86104"}],"curies":[{"name":"wp","href":"https:\/\/api.w.org\/{rel}","templated":true}]}}