{"id":86173,"date":"2022-06-14T17:03:18","date_gmt":"2022-06-14T20:03:18","guid":{"rendered":"https:\/\/redenoticiaz.com.br\/litoralsp\/?p=86173"},"modified":"2022-06-14T17:09:01","modified_gmt":"2022-06-14T20:09:01","slug":"policia-federal-apreende-mais-de-518kg-de-drogas-no-porto-de-santos","status":"publish","type":"post","link":"https:\/\/redenoticiaz.com.br\/litoralsp\/2022\/06\/14\/policia-federal-apreende-mais-de-518kg-de-drogas-no-porto-de-santos","title":{"rendered":"Pol\u00edcia Federal apreende mais de 518kg de drogas no Porto de Santos"},"content":{"rendered":"<p>A Pol\u00edcia Federal apreendeu mais de 518kg de drogas no Porto de Santos na tarde desta ter\u00e7a-feira (14). A apreens\u00e3o \u00e9 resultado de a\u00e7\u00e3o conjunta com a Receita Federal.<\/p>\n<p>De acordo com as autoridades, as drogas estavam dentro de uma carga de carne refrigerada que fora depositada no Porto de Santos recentemente.<\/p>\n<p>Ainda de acordo com a PF, a \u00c1rea de Gest\u00e3o de riscos da Receita Federal escolheu o cont\u00eainer atrav\u00e9s de investiga\u00e7\u00f5es e an\u00e1lise das opera\u00e7\u00f5es de exporta\u00e7\u00f5es. A carga estava sendo direcionada a B\u00e9lgica.<\/p>\n<p>O entorpecente foi encaminhado para investigadores da PF para que seja aberto um inqu\u00e9rito Policial.<\/p>\n<p><strong>Leia mais<\/strong><\/p>\n<p><a href=\"https:\/\/redenoticiaz.com.br\/litoralsp\/2022\/04\/20\/quase-3-quilos-de-anfetamina-sao-apreendidas-no-porto-de-santos\">Quase 3 quilos de anfetamina s\u00e3o apreendidas no Porto de Santos<\/a><\/p>\n","protected":false},"excerpt":{"rendered":"<p>A Pol\u00edcia Federal apreendeu mais de 518kg de drogas no Porto de Santos na tarde desta ter\u00e7a-feira (14). A apreens\u00e3o \u00e9 resultado de a\u00e7\u00e3o conjunta com a Receita Federal. De acordo com as autoridades, as drogas estavam dentro de uma carga de carne refrigerada que fora depositada no Porto de Santos recentemente. Ainda de acordo &hellip;<\/p>\n","protected":false},"author":12,"featured_media":86174,"comment_status":"open","ping_status":"closed","sticky":false,"template":"","format":"standard","meta":{"footnotes":""},"categories":[180],"tags":[57209,72,31827,14,74,2183],"class_list":["post-86173","post","type-post","status-publish","format-standard","has-post-thumbnail","hentry","category-santos","tag-580kg-de-cocaina","tag-drogas","tag-entorpecentes","tag-policia-federal","tag-porto-de-santos","tag-receita-federal"],"yoast_head":"<!-- This site is optimized with the Yoast SEO plugin v27.5 - https:\/\/yoast.com\/product\/yoast-seo-wordpress\/ -->\n<title>Pol\u00edcia Federal apreende mais de 518kg de drogas no Porto de Santos -<\/title>\n<meta name=\"description\" content=\"A Pol\u00edcia Federal apreendeu mais de 518kg de drogas no Porto de Santos na tarde desta ter\u00e7a-feira (14). A\u00e7\u00e3o ccontou com a Receita Federal.\" \/>\n<meta name=\"robots\" content=\"index, follow, max-snippet:-1, max-image-preview:large, max-video-preview:-1\" \/>\n<link rel=\"canonical\" href=\"https:\/\/redenoticiaz.com.br\/litoralsp\/2022\/06\/14\/policia-federal-apreende-mais-de-518kg-de-drogas-no-porto-de-santos\" \/>\n<meta property=\"og:locale\" content=\"pt_BR\" \/>\n<meta property=\"og:type\" content=\"article\" \/>\n<meta property=\"og:title\" content=\"Pol\u00edcia Federal apreende mais de 518kg de drogas no Porto de Santos -\" \/>\n<meta property=\"og:description\" content=\"A Pol\u00edcia Federal apreendeu mais de 518kg de drogas no Porto de Santos na tarde desta ter\u00e7a-feira (14). A\u00e7\u00e3o ccontou com a Receita Federal.\" \/>\n<meta property=\"og:url\" content=\"https:\/\/redenoticiaz.com.br\/litoralsp\/2022\/06\/14\/policia-federal-apreende-mais-de-518kg-de-drogas-no-porto-de-santos\" \/>\n<meta property=\"og:site_name\" content=\"Litoral SP\" \/>\n<meta property=\"article:published_time\" content=\"2022-06-14T20:03:18+00:00\" \/>\n<meta property=\"article:modified_time\" content=\"2022-06-14T20:09:01+00:00\" \/>\n<meta property=\"og:image\" content=\"https:\/\/redenoticiaz.com.br\/litoralsp\/wp-content\/uploads\/sites\/3\/2022\/06\/drogasporto.jpg\" \/>\n\t<meta property=\"og:image:width\" content=\"900\" \/>\n\t<meta property=\"og:image:height\" content=\"600\" \/>\n\t<meta property=\"og:image:type\" content=\"image\/jpeg\" \/>\n<meta name=\"author\" content=\"Gustavo Silva\" \/>\n<meta name=\"twitter:card\" content=\"summary_large_image\" \/>\n<meta name=\"twitter:label1\" content=\"Escrito por\" \/>\n\t<meta name=\"twitter:data1\" content=\"Gustavo Silva\" \/>\n\t<meta name=\"twitter:label2\" content=\"Est. tempo de leitura\" \/>\n\t<meta name=\"twitter:data2\" content=\"1 minuto\" \/>\n<script type=\"application\/ld+json\" class=\"yoast-schema-graph\">{\"@context\":\"https:\\\/\\\/schema.org\",\"@graph\":[{\"@type\":\"Article\",\"@id\":\"https:\\\/\\\/redenoticiaz.com.br\\\/litoralsp\\\/2022\\\/06\\\/14\\\/policia-federal-apreende-mais-de-518kg-de-drogas-no-porto-de-santos#article\",\"isPartOf\":{\"@id\":\"https:\\\/\\\/redenoticiaz.com.br\\\/litoralsp\\\/2022\\\/06\\\/14\\\/policia-federal-apreende-mais-de-518kg-de-drogas-no-porto-de-santos\"},\"author\":{\"name\":\"Gustavo Silva\",\"@id\":\"https:\\\/\\\/redenoticiaz.com.br\\\/litoralsp\\\/#\\\/schema\\\/person\\\/16057b37a3c0ee6b096d7f887c566e2e\"},\"headline\":\"Pol\u00edcia Federal apreende mais de 518kg de drogas no Porto de Santos\",\"datePublished\":\"2022-06-14T20:03:18+00:00\",\"dateModified\":\"2022-06-14T20:09:01+00:00\",\"mainEntityOfPage\":{\"@id\":\"https:\\\/\\\/redenoticiaz.com.br\\\/litoralsp\\\/2022\\\/06\\\/14\\\/policia-federal-apreende-mais-de-518kg-de-drogas-no-porto-de-santos\"},\"wordCount\":138,\"commentCount\":0,\"publisher\":{\"@id\":\"https:\\\/\\\/redenoticiaz.com.br\\\/litoralsp\\\/#organization\"},\"image\":{\"@id\":\"https:\\\/\\\/redenoticiaz.com.br\\\/litoralsp\\\/2022\\\/06\\\/14\\\/policia-federal-apreende-mais-de-518kg-de-drogas-no-porto-de-santos#primaryimage\"},\"thumbnailUrl\":\"https:\\\/\\\/redenoticiaz.com.br\\\/litoralsp\\\/wp-content\\\/uploads\\\/sites\\\/3\\\/2022\\\/06\\\/drogasporto.jpg\",\"keywords\":[\"580kg de coca\u00edna\",\"drogas\",\"ENTORPECENTES\",\"policia federal\",\"porto de santos\",\"Receita Federal\"],\"articleSection\":[\"Santos\"],\"inLanguage\":\"pt-BR\",\"potentialAction\":[{\"@type\":\"CommentAction\",\"name\":\"Comment\",\"target\":[\"https:\\\/\\\/redenoticiaz.com.br\\\/litoralsp\\\/2022\\\/06\\\/14\\\/policia-federal-apreende-mais-de-518kg-de-drogas-no-porto-de-santos#respond\"]}]},{\"@type\":\"WebPage\",\"@id\":\"https:\\\/\\\/redenoticiaz.com.br\\\/litoralsp\\\/2022\\\/06\\\/14\\\/policia-federal-apreende-mais-de-518kg-de-drogas-no-porto-de-santos\",\"url\":\"https:\\\/\\\/redenoticiaz.com.br\\\/litoralsp\\\/2022\\\/06\\\/14\\\/policia-federal-apreende-mais-de-518kg-de-drogas-no-porto-de-santos\",\"name\":\"Pol\u00edcia Federal apreende mais de 518kg de drogas no Porto de Santos -\",\"isPartOf\":{\"@id\":\"https:\\\/\\\/redenoticiaz.com.br\\\/litoralsp\\\/#website\"},\"primaryImageOfPage\":{\"@id\":\"https:\\\/\\\/redenoticiaz.com.br\\\/litoralsp\\\/2022\\\/06\\\/14\\\/policia-federal-apreende-mais-de-518kg-de-drogas-no-porto-de-santos#primaryimage\"},\"image\":{\"@id\":\"https:\\\/\\\/redenoticiaz.com.br\\\/litoralsp\\\/2022\\\/06\\\/14\\\/policia-federal-apreende-mais-de-518kg-de-drogas-no-porto-de-santos#primaryimage\"},\"thumbnailUrl\":\"https:\\\/\\\/redenoticiaz.com.br\\\/litoralsp\\\/wp-content\\\/uploads\\\/sites\\\/3\\\/2022\\\/06\\\/drogasporto.jpg\",\"datePublished\":\"2022-06-14T20:03:18+00:00\",\"dateModified\":\"2022-06-14T20:09:01+00:00\",\"description\":\"A Pol\u00edcia Federal apreendeu mais de 518kg de drogas no Porto de Santos na tarde desta ter\u00e7a-feira (14). A\u00e7\u00e3o ccontou com a Receita Federal.\",\"inLanguage\":\"pt-BR\",\"potentialAction\":[{\"@type\":\"ReadAction\",\"target\":[\"https:\\\/\\\/redenoticiaz.com.br\\\/litoralsp\\\/2022\\\/06\\\/14\\\/policia-federal-apreende-mais-de-518kg-de-drogas-no-porto-de-santos\"]}]},{\"@type\":\"ImageObject\",\"inLanguage\":\"pt-BR\",\"@id\":\"https:\\\/\\\/redenoticiaz.com.br\\\/litoralsp\\\/2022\\\/06\\\/14\\\/policia-federal-apreende-mais-de-518kg-de-drogas-no-porto-de-santos#primaryimage\",\"url\":\"https:\\\/\\\/redenoticiaz.com.br\\\/litoralsp\\\/wp-content\\\/uploads\\\/sites\\\/3\\\/2022\\\/06\\\/drogasporto.jpg\",\"contentUrl\":\"https:\\\/\\\/redenoticiaz.com.br\\\/litoralsp\\\/wp-content\\\/uploads\\\/sites\\\/3\\\/2022\\\/06\\\/drogasporto.jpg\",\"width\":900,\"height\":600,\"caption\":\"Pol\u00edcia Federal apreende mais de 518kg de drogas no Porto de Santos\"},{\"@type\":\"WebSite\",\"@id\":\"https:\\\/\\\/redenoticiaz.com.br\\\/litoralsp\\\/#website\",\"url\":\"https:\\\/\\\/redenoticiaz.com.br\\\/litoralsp\\\/\",\"name\":\"Litoral SP\",\"description\":\"Rede NoticiaZ\",\"publisher\":{\"@id\":\"https:\\\/\\\/redenoticiaz.com.br\\\/litoralsp\\\/#organization\"},\"potentialAction\":[{\"@type\":\"SearchAction\",\"target\":{\"@type\":\"EntryPoint\",\"urlTemplate\":\"https:\\\/\\\/redenoticiaz.com.br\\\/litoralsp\\\/?s={search_term_string}\"},\"query-input\":{\"@type\":\"PropertyValueSpecification\",\"valueRequired\":true,\"valueName\":\"search_term_string\"}}],\"inLanguage\":\"pt-BR\"},{\"@type\":\"Organization\",\"@id\":\"https:\\\/\\\/redenoticiaz.com.br\\\/litoralsp\\\/#organization\",\"name\":\"Litoral SP\",\"url\":\"https:\\\/\\\/redenoticiaz.com.br\\\/litoralsp\\\/\",\"logo\":{\"@type\":\"ImageObject\",\"inLanguage\":\"pt-BR\",\"@id\":\"https:\\\/\\\/redenoticiaz.com.br\\\/litoralsp\\\/#\\\/schema\\\/logo\\\/image\\\/\",\"url\":\"https:\\\/\\\/redenoticiaz.com.br\\\/litoralsp\\\/wp-content\\\/uploads\\\/sites\\\/3\\\/2020\\\/11\\\/logo.jpg\",\"contentUrl\":\"https:\\\/\\\/redenoticiaz.com.br\\\/litoralsp\\\/wp-content\\\/uploads\\\/sites\\\/3\\\/2020\\\/11\\\/logo.jpg\",\"width\":400,\"height\":250,\"caption\":\"Litoral SP\"},\"image\":{\"@id\":\"https:\\\/\\\/redenoticiaz.com.br\\\/litoralsp\\\/#\\\/schema\\\/logo\\\/image\\\/\"}},{\"@type\":\"Person\",\"@id\":\"https:\\\/\\\/redenoticiaz.com.br\\\/litoralsp\\\/#\\\/schema\\\/person\\\/16057b37a3c0ee6b096d7f887c566e2e\",\"name\":\"Gustavo Silva\",\"image\":{\"@type\":\"ImageObject\",\"inLanguage\":\"pt-BR\",\"@id\":\"https:\\\/\\\/secure.gravatar.com\\\/avatar\\\/3ee4e82f93b26de0a7cf4ea5eb7893da637ed6bb0c9170c58065944c56e28a33?s=96&d=mm&r=g\",\"url\":\"https:\\\/\\\/secure.gravatar.com\\\/avatar\\\/3ee4e82f93b26de0a7cf4ea5eb7893da637ed6bb0c9170c58065944c56e28a33?s=96&d=mm&r=g\",\"contentUrl\":\"https:\\\/\\\/secure.gravatar.com\\\/avatar\\\/3ee4e82f93b26de0a7cf4ea5eb7893da637ed6bb0c9170c58065944c56e28a33?s=96&d=mm&r=g\",\"caption\":\"Gustavo Silva\"},\"url\":\"https:\\\/\\\/redenoticiaz.com.br\\\/litoralsp\\\/author\\\/gustavosilva\"}]}<\/script>\n<!-- \/ Yoast SEO plugin. -->","yoast_head_json":{"title":"Pol\u00edcia Federal apreende mais de 518kg de drogas no Porto de Santos -","description":"A Pol\u00edcia Federal apreendeu mais de 518kg de drogas no Porto de Santos na tarde desta ter\u00e7a-feira (14). A\u00e7\u00e3o ccontou com a Receita Federal.","robots":{"index":"index","follow":"follow","max-snippet":"max-snippet:-1","max-image-preview":"max-image-preview:large","max-video-preview":"max-video-preview:-1"},"canonical":"https:\/\/redenoticiaz.com.br\/litoralsp\/2022\/06\/14\/policia-federal-apreende-mais-de-518kg-de-drogas-no-porto-de-santos","og_locale":"pt_BR","og_type":"article","og_title":"Pol\u00edcia Federal apreende mais de 518kg de drogas no Porto de Santos -","og_description":"A Pol\u00edcia Federal apreendeu mais de 518kg de drogas no Porto de Santos na tarde desta ter\u00e7a-feira (14). A\u00e7\u00e3o ccontou com a Receita Federal.","og_url":"https:\/\/redenoticiaz.com.br\/litoralsp\/2022\/06\/14\/policia-federal-apreende-mais-de-518kg-de-drogas-no-porto-de-santos","og_site_name":"Litoral SP","article_published_time":"2022-06-14T20:03:18+00:00","article_modified_time":"2022-06-14T20:09:01+00:00","og_image":[{"width":900,"height":600,"url":"https:\/\/redenoticiaz.com.br\/litoralsp\/wp-content\/uploads\/sites\/3\/2022\/06\/drogasporto.jpg","type":"image\/jpeg"}],"author":"Gustavo Silva","twitter_card":"summary_large_image","twitter_misc":{"Escrito por":"Gustavo Silva","Est. tempo de leitura":"1 minuto"},"schema":{"@context":"https:\/\/schema.org","@graph":[{"@type":"Article","@id":"https:\/\/redenoticiaz.com.br\/litoralsp\/2022\/06\/14\/policia-federal-apreende-mais-de-518kg-de-drogas-no-porto-de-santos#article","isPartOf":{"@id":"https:\/\/redenoticiaz.com.br\/litoralsp\/2022\/06\/14\/policia-federal-apreende-mais-de-518kg-de-drogas-no-porto-de-santos"},"author":{"name":"Gustavo Silva","@id":"https:\/\/redenoticiaz.com.br\/litoralsp\/#\/schema\/person\/16057b37a3c0ee6b096d7f887c566e2e"},"headline":"Pol\u00edcia Federal apreende mais de 518kg de drogas no Porto de Santos","datePublished":"2022-06-14T20:03:18+00:00","dateModified":"2022-06-14T20:09:01+00:00","mainEntityOfPage":{"@id":"https:\/\/redenoticiaz.com.br\/litoralsp\/2022\/06\/14\/policia-federal-apreende-mais-de-518kg-de-drogas-no-porto-de-santos"},"wordCount":138,"commentCount":0,"publisher":{"@id":"https:\/\/redenoticiaz.com.br\/litoralsp\/#organization"},"image":{"@id":"https:\/\/redenoticiaz.com.br\/litoralsp\/2022\/06\/14\/policia-federal-apreende-mais-de-518kg-de-drogas-no-porto-de-santos#primaryimage"},"thumbnailUrl":"https:\/\/redenoticiaz.com.br\/litoralsp\/wp-content\/uploads\/sites\/3\/2022\/06\/drogasporto.jpg","keywords":["580kg de coca\u00edna","drogas","ENTORPECENTES","policia federal","porto de santos","Receita Federal"],"articleSection":["Santos"],"inLanguage":"pt-BR","potentialAction":[{"@type":"CommentAction","name":"Comment","target":["https:\/\/redenoticiaz.com.br\/litoralsp\/2022\/06\/14\/policia-federal-apreende-mais-de-518kg-de-drogas-no-porto-de-santos#respond"]}]},{"@type":"WebPage","@id":"https:\/\/redenoticiaz.com.br\/litoralsp\/2022\/06\/14\/policia-federal-apreende-mais-de-518kg-de-drogas-no-porto-de-santos","url":"https:\/\/redenoticiaz.com.br\/litoralsp\/2022\/06\/14\/policia-federal-apreende-mais-de-518kg-de-drogas-no-porto-de-santos","name":"Pol\u00edcia Federal apreende mais de 518kg de drogas no Porto de Santos -","isPartOf":{"@id":"https:\/\/redenoticiaz.com.br\/litoralsp\/#website"},"primaryImageOfPage":{"@id":"https:\/\/redenoticiaz.com.br\/litoralsp\/2022\/06\/14\/policia-federal-apreende-mais-de-518kg-de-drogas-no-porto-de-santos#primaryimage"},"image":{"@id":"https:\/\/redenoticiaz.com.br\/litoralsp\/2022\/06\/14\/policia-federal-apreende-mais-de-518kg-de-drogas-no-porto-de-santos#primaryimage"},"thumbnailUrl":"https:\/\/redenoticiaz.com.br\/litoralsp\/wp-content\/uploads\/sites\/3\/2022\/06\/drogasporto.jpg","datePublished":"2022-06-14T20:03:18+00:00","dateModified":"2022-06-14T20:09:01+00:00","description":"A Pol\u00edcia Federal apreendeu mais de 518kg de drogas no Porto de Santos na tarde desta ter\u00e7a-feira (14). A\u00e7\u00e3o ccontou com a Receita Federal.","inLanguage":"pt-BR","potentialAction":[{"@type":"ReadAction","target":["https:\/\/redenoticiaz.com.br\/litoralsp\/2022\/06\/14\/policia-federal-apreende-mais-de-518kg-de-drogas-no-porto-de-santos"]}]},{"@type":"ImageObject","inLanguage":"pt-BR","@id":"https:\/\/redenoticiaz.com.br\/litoralsp\/2022\/06\/14\/policia-federal-apreende-mais-de-518kg-de-drogas-no-porto-de-santos#primaryimage","url":"https:\/\/redenoticiaz.com.br\/litoralsp\/wp-content\/uploads\/sites\/3\/2022\/06\/drogasporto.jpg","contentUrl":"https:\/\/redenoticiaz.com.br\/litoralsp\/wp-content\/uploads\/sites\/3\/2022\/06\/drogasporto.jpg","width":900,"height":600,"caption":"Pol\u00edcia Federal apreende mais de 518kg de drogas no Porto de Santos"},{"@type":"WebSite","@id":"https:\/\/redenoticiaz.com.br\/litoralsp\/#website","url":"https:\/\/redenoticiaz.com.br\/litoralsp\/","name":"Litoral SP","description":"Rede NoticiaZ","publisher":{"@id":"https:\/\/redenoticiaz.com.br\/litoralsp\/#organization"},"potentialAction":[{"@type":"SearchAction","target":{"@type":"EntryPoint","urlTemplate":"https:\/\/redenoticiaz.com.br\/litoralsp\/?s={search_term_string}"},"query-input":{"@type":"PropertyValueSpecification","valueRequired":true,"valueName":"search_term_string"}}],"inLanguage":"pt-BR"},{"@type":"Organization","@id":"https:\/\/redenoticiaz.com.br\/litoralsp\/#organization","name":"Litoral SP","url":"https:\/\/redenoticiaz.com.br\/litoralsp\/","logo":{"@type":"ImageObject","inLanguage":"pt-BR","@id":"https:\/\/redenoticiaz.com.br\/litoralsp\/#\/schema\/logo\/image\/","url":"https:\/\/redenoticiaz.com.br\/litoralsp\/wp-content\/uploads\/sites\/3\/2020\/11\/logo.jpg","contentUrl":"https:\/\/redenoticiaz.com.br\/litoralsp\/wp-content\/uploads\/sites\/3\/2020\/11\/logo.jpg","width":400,"height":250,"caption":"Litoral SP"},"image":{"@id":"https:\/\/redenoticiaz.com.br\/litoralsp\/#\/schema\/logo\/image\/"}},{"@type":"Person","@id":"https:\/\/redenoticiaz.com.br\/litoralsp\/#\/schema\/person\/16057b37a3c0ee6b096d7f887c566e2e","name":"Gustavo Silva","image":{"@type":"ImageObject","inLanguage":"pt-BR","@id":"https:\/\/secure.gravatar.com\/avatar\/3ee4e82f93b26de0a7cf4ea5eb7893da637ed6bb0c9170c58065944c56e28a33?s=96&d=mm&r=g","url":"https:\/\/secure.gravatar.com\/avatar\/3ee4e82f93b26de0a7cf4ea5eb7893da637ed6bb0c9170c58065944c56e28a33?s=96&d=mm&r=g","contentUrl":"https:\/\/secure.gravatar.com\/avatar\/3ee4e82f93b26de0a7cf4ea5eb7893da637ed6bb0c9170c58065944c56e28a33?s=96&d=mm&r=g","caption":"Gustavo Silva"},"url":"https:\/\/redenoticiaz.com.br\/litoralsp\/author\/gustavosilva"}]}},"_links":{"self":[{"href":"https:\/\/redenoticiaz.com.br\/litoralsp\/wp-json\/wp\/v2\/posts\/86173","targetHints":{"allow":["GET"]}}],"collection":[{"href":"https:\/\/redenoticiaz.com.br\/litoralsp\/wp-json\/wp\/v2\/posts"}],"about":[{"href":"https:\/\/redenoticiaz.com.br\/litoralsp\/wp-json\/wp\/v2\/types\/post"}],"author":[{"embeddable":true,"href":"https:\/\/redenoticiaz.com.br\/litoralsp\/wp-json\/wp\/v2\/users\/12"}],"replies":[{"embeddable":true,"href":"https:\/\/redenoticiaz.com.br\/litoralsp\/wp-json\/wp\/v2\/comments?post=86173"}],"version-history":[{"count":2,"href":"https:\/\/redenoticiaz.com.br\/litoralsp\/wp-json\/wp\/v2\/posts\/86173\/revisions"}],"predecessor-version":[{"id":86176,"href":"https:\/\/redenoticiaz.com.br\/litoralsp\/wp-json\/wp\/v2\/posts\/86173\/revisions\/86176"}],"wp:featuredmedia":[{"embeddable":true,"href":"https:\/\/redenoticiaz.com.br\/litoralsp\/wp-json\/wp\/v2\/media\/86174"}],"wp:attachment":[{"href":"https:\/\/redenoticiaz.com.br\/litoralsp\/wp-json\/wp\/v2\/media?parent=86173"}],"wp:term":[{"taxonomy":"category","embeddable":true,"href":"https:\/\/redenoticiaz.com.br\/litoralsp\/wp-json\/wp\/v2\/categories?post=86173"},{"taxonomy":"post_tag","embeddable":true,"href":"https:\/\/redenoticiaz.com.br\/litoralsp\/wp-json\/wp\/v2\/tags?post=86173"}],"curies":[{"name":"wp","href":"https:\/\/api.w.org\/{rel}","templated":true}]}}