{"id":86178,"date":"2022-06-19T12:00:56","date_gmt":"2022-06-19T15:00:56","guid":{"rendered":"https:\/\/redenoticiaz.com.br\/litoralsp\/?p=86178"},"modified":"2022-06-16T15:08:09","modified_gmt":"2022-06-16T18:08:09","slug":"universo-vibrante-e-tropical-de-maldivas-invade-evento-em-sao-paulo","status":"publish","type":"post","link":"https:\/\/redenoticiaz.com.br\/litoralsp\/2022\/06\/19\/universo-vibrante-e-tropical-de-maldivas-invade-evento-em-sao-paulo","title":{"rendered":"Universo vibrante e tropical de Maldivas invade evento em S\u00e3o Paulo"},"content":{"rendered":"<p>Flamingos gigantes, palmeiras tropicais e bons e coloridos drinks! Essa n\u00e3o foi uma reuni\u00e3o de condom\u00ednio qualquer! No evento de lan\u00e7amento de\u00a0<em><strong>Maldivas<\/strong><\/em>, que estreou no dia 15, o universo da nova s\u00e9rie da <a href=\"http:\/\/www.netflix.com.br\">Netflix<\/a>, marcou o tom da noite desta segunda-feira. Natalia Klein, Manu Gavassi, Sheron Menezzes, Carol Castro e grande elenco entraram no clima e receberam os convidados no tapete mais rosa que S\u00e3o Paulo j\u00e1 viu.<\/p>\n<p>Para dar in\u00edcio \u00e0 exibi\u00e7\u00e3o dos dois primeiros epis\u00f3dios, a atriz Manu Gavassi brincou ao agradecer a presen\u00e7a dos <em>&#8220;cond\u00f4minos&#8221;<\/em> do Maldivas na vota\u00e7\u00e3o da reelei\u00e7\u00e3o de sua personagem, a s\u00edndica Milene. Em seguida, convidou ao palco os atores Carol Castro, Sheron Menezes, Natalia Klein, Vanessa Gerbelli, Klebber Toledo, Guilherme Winter, Samuel Melo, Enzo Romani,\u00a0 Felipe Ribeiro, Marcelo V\u00e1rzea e Alejandro Claveaux, assim como os diretores Jos\u00e9 Alvarenga e Daina Giannecchini, que mostraram no tel\u00e3o uma mensagem carinhosa de Bruna Marquezine &#8211; a atriz est\u00e1 fora do Brasil e n\u00e3o pode estar presente.<\/p>\n<p>A noite seguiu com uma experi\u00eancia imersiva no universo da trama. Em cen\u00e1rios da s\u00e9rie reproduzidos no espa\u00e7o, os convidados souberam pelo elenco como foi gravar em seus respectivos ambientes. Natalia Klein e Manu Gavassi, super \u00e0 vontade no bar, convidavam a um quiz especial: que drink mais combina com sua personalidade? Ainda era poss\u00edvel degustar a bebida, assim como adoram fazer as personagens Liz, Ver\u00f4nica, Milene, Kat e Rayssa. No spa, Sheron Menezzes e Carol Castro, que vivem as s\u00f3cias do empreendimento na hist\u00f3ria, recebiam para massagens r\u00e1pidas e o famoso banho de lama no ofur\u00f4, regado ao shot de musgo que divertiu as atrizes nos bastidores da s\u00e9rie.<\/p>\n<p>O suspense foi representado pela sala incendiada do apartamento 208, com m\u00f3veis queimados e objetos pessoais de sua moradora Patr\u00edcia, papel de Vanessa Gerbelli. Na delegacia do detetive Denilson, vivido por Enzo Romani, era poss\u00edvel explorar\u00a0 as pistas do inc\u00eandio e depois reuni-las em um mural de investiga\u00e7\u00e3o &#8211; assim fica muito mais f\u00e1cil ligar os pontos, n\u00e3o \u00e9 mesmo?<\/p>\n<p>E n\u00e3o podia faltar a piscina do condom\u00ednio, onde as b\u00f3ias de flamingos serviram para relaxar, mas tamb\u00e9m para garantir os \u00f3timos closes que marcaram a noite rosa de\u00a0<em>Maldivas<\/em>! Com estreia no pr\u00f3ximo dia 15, a s\u00e9rie de 7 epis\u00f3dios tem produ\u00e7\u00e3o da O2 Filmes.<\/p>\n<p><strong>VEJA TAMB\u00c9M:\u00a0<a href=\"https:\/\/redenoticiaz.com.br\/barretos-regiao\/sp\/2022\/05\/14\/trailer-conheca-as-protagonistas-de-maldivas-serie-brasileira-da-netflix\">Trailer: Conhe\u00e7a as protagonistas de Maldivas, s\u00e9rie brasileira da Netflix<\/a><\/strong><\/p>\n","protected":false},"excerpt":{"rendered":"<p>Flamingos gigantes, palmeiras tropicais e bons e coloridos drinks! Essa n\u00e3o foi uma reuni\u00e3o de condom\u00ednio qualquer! No evento de lan\u00e7amento de\u00a0Maldivas, que estreou no dia 15, o universo da nova s\u00e9rie da Netflix, marcou o tom da noite desta segunda-feira. Natalia Klein, Manu Gavassi, Sheron Menezzes, Carol Castro e grande elenco entraram no clima &hellip;<\/p>\n","protected":false},"author":15,"featured_media":86179,"comment_status":"open","ping_status":"closed","sticky":false,"template":"","format":"standard","meta":{"footnotes":""},"categories":[170],"tags":[35798,21716,4755,65,4756],"class_list":["post-86178","post","type-post","status-publish","format-standard","has-post-thumbnail","hentry","category-entretenimento","tag-evento","tag-maldivas","tag-netflix","tag-sao-paulo","tag-serie"],"yoast_head":"<!-- This site is optimized with the Yoast SEO plugin v27.5 - https:\/\/yoast.com\/product\/yoast-seo-wordpress\/ -->\n<title>Universo vibrante e tropical de Maldivas invade evento em S\u00e3o Paulo - Litoral SP<\/title>\n<meta name=\"description\" content=\"Natalia Klein, Sheron Menezzes, Carol Castro e grande elenco de Maldivas entraram no clima e receberam os convidados no tapete mais rosa que S\u00e3o Paulo\" \/>\n<meta name=\"robots\" content=\"index, follow, max-snippet:-1, max-image-preview:large, max-video-preview:-1\" \/>\n<link rel=\"canonical\" href=\"https:\/\/redenoticiaz.com.br\/litoralsp\/2022\/06\/19\/universo-vibrante-e-tropical-de-maldivas-invade-evento-em-sao-paulo\" \/>\n<meta property=\"og:locale\" content=\"pt_BR\" \/>\n<meta property=\"og:type\" content=\"article\" \/>\n<meta property=\"og:title\" content=\"Universo vibrante e tropical de Maldivas invade evento em S\u00e3o Paulo - Litoral SP\" \/>\n<meta property=\"og:description\" content=\"Natalia Klein, Sheron Menezzes, Carol Castro e grande elenco de Maldivas entraram no clima e receberam os convidados no tapete mais rosa que S\u00e3o Paulo\" \/>\n<meta property=\"og:url\" content=\"https:\/\/redenoticiaz.com.br\/litoralsp\/2022\/06\/19\/universo-vibrante-e-tropical-de-maldivas-invade-evento-em-sao-paulo\" \/>\n<meta property=\"og:site_name\" content=\"Litoral SP\" \/>\n<meta property=\"article:published_time\" content=\"2022-06-19T15:00:56+00:00\" \/>\n<meta property=\"og:image\" content=\"https:\/\/redenoticiaz.com.br\/litoralsp\/wp-content\/uploads\/sites\/3\/2022\/06\/67f9eeff-a989-7787-ff4e-fcf3fdcfd39a.jpg\" \/>\n\t<meta property=\"og:image:width\" content=\"1600\" \/>\n\t<meta property=\"og:image:height\" content=\"1066\" \/>\n\t<meta property=\"og:image:type\" content=\"image\/jpeg\" \/>\n<meta name=\"twitter:card\" content=\"summary_large_image\" \/>\n<meta name=\"twitter:label1\" content=\"Escrito por\" \/>\n\t<meta name=\"twitter:data1\" content=\"\" \/>\n\t<meta name=\"twitter:label2\" content=\"Est. tempo de leitura\" \/>\n\t<meta name=\"twitter:data2\" content=\"2 minutos\" \/>\n<script type=\"application\/ld+json\" class=\"yoast-schema-graph\">{\"@context\":\"https:\\\/\\\/schema.org\",\"@graph\":[{\"@type\":\"Article\",\"@id\":\"https:\\\/\\\/redenoticiaz.com.br\\\/litoralsp\\\/2022\\\/06\\\/19\\\/universo-vibrante-e-tropical-de-maldivas-invade-evento-em-sao-paulo#article\",\"isPartOf\":{\"@id\":\"https:\\\/\\\/redenoticiaz.com.br\\\/litoralsp\\\/2022\\\/06\\\/19\\\/universo-vibrante-e-tropical-de-maldivas-invade-evento-em-sao-paulo\"},\"author\":{\"name\":\"\",\"@id\":\"\"},\"headline\":\"Universo vibrante e tropical de Maldivas invade evento em S\u00e3o Paulo\",\"datePublished\":\"2022-06-19T15:00:56+00:00\",\"mainEntityOfPage\":{\"@id\":\"https:\\\/\\\/redenoticiaz.com.br\\\/litoralsp\\\/2022\\\/06\\\/19\\\/universo-vibrante-e-tropical-de-maldivas-invade-evento-em-sao-paulo\"},\"wordCount\":440,\"commentCount\":0,\"publisher\":{\"@id\":\"https:\\\/\\\/redenoticiaz.com.br\\\/litoralsp\\\/#organization\"},\"image\":{\"@id\":\"https:\\\/\\\/redenoticiaz.com.br\\\/litoralsp\\\/2022\\\/06\\\/19\\\/universo-vibrante-e-tropical-de-maldivas-invade-evento-em-sao-paulo#primaryimage\"},\"thumbnailUrl\":\"https:\\\/\\\/redenoticiaz.com.br\\\/litoralsp\\\/wp-content\\\/uploads\\\/sites\\\/3\\\/2022\\\/06\\\/67f9eeff-a989-7787-ff4e-fcf3fdcfd39a.jpg\",\"keywords\":[\"EVENTO\",\"MALDIVAS\",\"NETFLIX\",\"S\u00e3o Paulo\",\"S\u00c9RIE\"],\"articleSection\":[\"Entretenimento\"],\"inLanguage\":\"pt-BR\",\"potentialAction\":[{\"@type\":\"CommentAction\",\"name\":\"Comment\",\"target\":[\"https:\\\/\\\/redenoticiaz.com.br\\\/litoralsp\\\/2022\\\/06\\\/19\\\/universo-vibrante-e-tropical-de-maldivas-invade-evento-em-sao-paulo#respond\"]}]},{\"@type\":\"WebPage\",\"@id\":\"https:\\\/\\\/redenoticiaz.com.br\\\/litoralsp\\\/2022\\\/06\\\/19\\\/universo-vibrante-e-tropical-de-maldivas-invade-evento-em-sao-paulo\",\"url\":\"https:\\\/\\\/redenoticiaz.com.br\\\/litoralsp\\\/2022\\\/06\\\/19\\\/universo-vibrante-e-tropical-de-maldivas-invade-evento-em-sao-paulo\",\"name\":\"Universo vibrante e tropical de Maldivas invade evento em S\u00e3o Paulo - Litoral SP\",\"isPartOf\":{\"@id\":\"https:\\\/\\\/redenoticiaz.com.br\\\/litoralsp\\\/#website\"},\"primaryImageOfPage\":{\"@id\":\"https:\\\/\\\/redenoticiaz.com.br\\\/litoralsp\\\/2022\\\/06\\\/19\\\/universo-vibrante-e-tropical-de-maldivas-invade-evento-em-sao-paulo#primaryimage\"},\"image\":{\"@id\":\"https:\\\/\\\/redenoticiaz.com.br\\\/litoralsp\\\/2022\\\/06\\\/19\\\/universo-vibrante-e-tropical-de-maldivas-invade-evento-em-sao-paulo#primaryimage\"},\"thumbnailUrl\":\"https:\\\/\\\/redenoticiaz.com.br\\\/litoralsp\\\/wp-content\\\/uploads\\\/sites\\\/3\\\/2022\\\/06\\\/67f9eeff-a989-7787-ff4e-fcf3fdcfd39a.jpg\",\"datePublished\":\"2022-06-19T15:00:56+00:00\",\"description\":\"Natalia Klein, Sheron Menezzes, Carol Castro e grande elenco de Maldivas entraram no clima e receberam os convidados no tapete mais rosa que S\u00e3o Paulo\",\"inLanguage\":\"pt-BR\",\"potentialAction\":[{\"@type\":\"ReadAction\",\"target\":[\"https:\\\/\\\/redenoticiaz.com.br\\\/litoralsp\\\/2022\\\/06\\\/19\\\/universo-vibrante-e-tropical-de-maldivas-invade-evento-em-sao-paulo\"]}]},{\"@type\":\"ImageObject\",\"inLanguage\":\"pt-BR\",\"@id\":\"https:\\\/\\\/redenoticiaz.com.br\\\/litoralsp\\\/2022\\\/06\\\/19\\\/universo-vibrante-e-tropical-de-maldivas-invade-evento-em-sao-paulo#primaryimage\",\"url\":\"https:\\\/\\\/redenoticiaz.com.br\\\/litoralsp\\\/wp-content\\\/uploads\\\/sites\\\/3\\\/2022\\\/06\\\/67f9eeff-a989-7787-ff4e-fcf3fdcfd39a.jpg\",\"contentUrl\":\"https:\\\/\\\/redenoticiaz.com.br\\\/litoralsp\\\/wp-content\\\/uploads\\\/sites\\\/3\\\/2022\\\/06\\\/67f9eeff-a989-7787-ff4e-fcf3fdcfd39a.jpg\",\"width\":1600,\"height\":1066,\"caption\":\"MALDIVAS, Netiflix. Cr\u00e9dito: Reprodu\u00e7\u00e3o\"},{\"@type\":\"WebSite\",\"@id\":\"https:\\\/\\\/redenoticiaz.com.br\\\/litoralsp\\\/#website\",\"url\":\"https:\\\/\\\/redenoticiaz.com.br\\\/litoralsp\\\/\",\"name\":\"Litoral SP\",\"description\":\"Rede NoticiaZ\",\"publisher\":{\"@id\":\"https:\\\/\\\/redenoticiaz.com.br\\\/litoralsp\\\/#organization\"},\"potentialAction\":[{\"@type\":\"SearchAction\",\"target\":{\"@type\":\"EntryPoint\",\"urlTemplate\":\"https:\\\/\\\/redenoticiaz.com.br\\\/litoralsp\\\/?s={search_term_string}\"},\"query-input\":{\"@type\":\"PropertyValueSpecification\",\"valueRequired\":true,\"valueName\":\"search_term_string\"}}],\"inLanguage\":\"pt-BR\"},{\"@type\":\"Organization\",\"@id\":\"https:\\\/\\\/redenoticiaz.com.br\\\/litoralsp\\\/#organization\",\"name\":\"Litoral SP\",\"url\":\"https:\\\/\\\/redenoticiaz.com.br\\\/litoralsp\\\/\",\"logo\":{\"@type\":\"ImageObject\",\"inLanguage\":\"pt-BR\",\"@id\":\"https:\\\/\\\/redenoticiaz.com.br\\\/litoralsp\\\/#\\\/schema\\\/logo\\\/image\\\/\",\"url\":\"https:\\\/\\\/redenoticiaz.com.br\\\/litoralsp\\\/wp-content\\\/uploads\\\/sites\\\/3\\\/2020\\\/11\\\/logo.jpg\",\"contentUrl\":\"https:\\\/\\\/redenoticiaz.com.br\\\/litoralsp\\\/wp-content\\\/uploads\\\/sites\\\/3\\\/2020\\\/11\\\/logo.jpg\",\"width\":400,\"height\":250,\"caption\":\"Litoral SP\"},\"image\":{\"@id\":\"https:\\\/\\\/redenoticiaz.com.br\\\/litoralsp\\\/#\\\/schema\\\/logo\\\/image\\\/\"}},{\"@type\":\"Person\",\"@id\":\"\",\"url\":\"https:\\\/\\\/redenoticiaz.com.br\\\/litoralsp\\\/author\"}]}<\/script>\n<!-- \/ Yoast SEO plugin. -->","yoast_head_json":{"title":"Universo vibrante e tropical de Maldivas invade evento em S\u00e3o Paulo - Litoral SP","description":"Natalia Klein, Sheron Menezzes, Carol Castro e grande elenco de Maldivas entraram no clima e receberam os convidados no tapete mais rosa que S\u00e3o Paulo","robots":{"index":"index","follow":"follow","max-snippet":"max-snippet:-1","max-image-preview":"max-image-preview:large","max-video-preview":"max-video-preview:-1"},"canonical":"https:\/\/redenoticiaz.com.br\/litoralsp\/2022\/06\/19\/universo-vibrante-e-tropical-de-maldivas-invade-evento-em-sao-paulo","og_locale":"pt_BR","og_type":"article","og_title":"Universo vibrante e tropical de Maldivas invade evento em S\u00e3o Paulo - Litoral SP","og_description":"Natalia Klein, Sheron Menezzes, Carol Castro e grande elenco de Maldivas entraram no clima e receberam os convidados no tapete mais rosa que S\u00e3o Paulo","og_url":"https:\/\/redenoticiaz.com.br\/litoralsp\/2022\/06\/19\/universo-vibrante-e-tropical-de-maldivas-invade-evento-em-sao-paulo","og_site_name":"Litoral SP","article_published_time":"2022-06-19T15:00:56+00:00","og_image":[{"width":1600,"height":1066,"url":"https:\/\/redenoticiaz.com.br\/litoralsp\/wp-content\/uploads\/sites\/3\/2022\/06\/67f9eeff-a989-7787-ff4e-fcf3fdcfd39a.jpg","type":"image\/jpeg"}],"twitter_card":"summary_large_image","twitter_misc":{"Escrito por":"","Est. tempo de leitura":"2 minutos"},"schema":{"@context":"https:\/\/schema.org","@graph":[{"@type":"Article","@id":"https:\/\/redenoticiaz.com.br\/litoralsp\/2022\/06\/19\/universo-vibrante-e-tropical-de-maldivas-invade-evento-em-sao-paulo#article","isPartOf":{"@id":"https:\/\/redenoticiaz.com.br\/litoralsp\/2022\/06\/19\/universo-vibrante-e-tropical-de-maldivas-invade-evento-em-sao-paulo"},"author":{"name":"","@id":""},"headline":"Universo vibrante e tropical de Maldivas invade evento em S\u00e3o Paulo","datePublished":"2022-06-19T15:00:56+00:00","mainEntityOfPage":{"@id":"https:\/\/redenoticiaz.com.br\/litoralsp\/2022\/06\/19\/universo-vibrante-e-tropical-de-maldivas-invade-evento-em-sao-paulo"},"wordCount":440,"commentCount":0,"publisher":{"@id":"https:\/\/redenoticiaz.com.br\/litoralsp\/#organization"},"image":{"@id":"https:\/\/redenoticiaz.com.br\/litoralsp\/2022\/06\/19\/universo-vibrante-e-tropical-de-maldivas-invade-evento-em-sao-paulo#primaryimage"},"thumbnailUrl":"https:\/\/redenoticiaz.com.br\/litoralsp\/wp-content\/uploads\/sites\/3\/2022\/06\/67f9eeff-a989-7787-ff4e-fcf3fdcfd39a.jpg","keywords":["EVENTO","MALDIVAS","NETFLIX","S\u00e3o Paulo","S\u00c9RIE"],"articleSection":["Entretenimento"],"inLanguage":"pt-BR","potentialAction":[{"@type":"CommentAction","name":"Comment","target":["https:\/\/redenoticiaz.com.br\/litoralsp\/2022\/06\/19\/universo-vibrante-e-tropical-de-maldivas-invade-evento-em-sao-paulo#respond"]}]},{"@type":"WebPage","@id":"https:\/\/redenoticiaz.com.br\/litoralsp\/2022\/06\/19\/universo-vibrante-e-tropical-de-maldivas-invade-evento-em-sao-paulo","url":"https:\/\/redenoticiaz.com.br\/litoralsp\/2022\/06\/19\/universo-vibrante-e-tropical-de-maldivas-invade-evento-em-sao-paulo","name":"Universo vibrante e tropical de Maldivas invade evento em S\u00e3o Paulo - Litoral SP","isPartOf":{"@id":"https:\/\/redenoticiaz.com.br\/litoralsp\/#website"},"primaryImageOfPage":{"@id":"https:\/\/redenoticiaz.com.br\/litoralsp\/2022\/06\/19\/universo-vibrante-e-tropical-de-maldivas-invade-evento-em-sao-paulo#primaryimage"},"image":{"@id":"https:\/\/redenoticiaz.com.br\/litoralsp\/2022\/06\/19\/universo-vibrante-e-tropical-de-maldivas-invade-evento-em-sao-paulo#primaryimage"},"thumbnailUrl":"https:\/\/redenoticiaz.com.br\/litoralsp\/wp-content\/uploads\/sites\/3\/2022\/06\/67f9eeff-a989-7787-ff4e-fcf3fdcfd39a.jpg","datePublished":"2022-06-19T15:00:56+00:00","description":"Natalia Klein, Sheron Menezzes, Carol Castro e grande elenco de Maldivas entraram no clima e receberam os convidados no tapete mais rosa que S\u00e3o Paulo","inLanguage":"pt-BR","potentialAction":[{"@type":"ReadAction","target":["https:\/\/redenoticiaz.com.br\/litoralsp\/2022\/06\/19\/universo-vibrante-e-tropical-de-maldivas-invade-evento-em-sao-paulo"]}]},{"@type":"ImageObject","inLanguage":"pt-BR","@id":"https:\/\/redenoticiaz.com.br\/litoralsp\/2022\/06\/19\/universo-vibrante-e-tropical-de-maldivas-invade-evento-em-sao-paulo#primaryimage","url":"https:\/\/redenoticiaz.com.br\/litoralsp\/wp-content\/uploads\/sites\/3\/2022\/06\/67f9eeff-a989-7787-ff4e-fcf3fdcfd39a.jpg","contentUrl":"https:\/\/redenoticiaz.com.br\/litoralsp\/wp-content\/uploads\/sites\/3\/2022\/06\/67f9eeff-a989-7787-ff4e-fcf3fdcfd39a.jpg","width":1600,"height":1066,"caption":"MALDIVAS, Netiflix. Cr\u00e9dito: Reprodu\u00e7\u00e3o"},{"@type":"WebSite","@id":"https:\/\/redenoticiaz.com.br\/litoralsp\/#website","url":"https:\/\/redenoticiaz.com.br\/litoralsp\/","name":"Litoral SP","description":"Rede NoticiaZ","publisher":{"@id":"https:\/\/redenoticiaz.com.br\/litoralsp\/#organization"},"potentialAction":[{"@type":"SearchAction","target":{"@type":"EntryPoint","urlTemplate":"https:\/\/redenoticiaz.com.br\/litoralsp\/?s={search_term_string}"},"query-input":{"@type":"PropertyValueSpecification","valueRequired":true,"valueName":"search_term_string"}}],"inLanguage":"pt-BR"},{"@type":"Organization","@id":"https:\/\/redenoticiaz.com.br\/litoralsp\/#organization","name":"Litoral SP","url":"https:\/\/redenoticiaz.com.br\/litoralsp\/","logo":{"@type":"ImageObject","inLanguage":"pt-BR","@id":"https:\/\/redenoticiaz.com.br\/litoralsp\/#\/schema\/logo\/image\/","url":"https:\/\/redenoticiaz.com.br\/litoralsp\/wp-content\/uploads\/sites\/3\/2020\/11\/logo.jpg","contentUrl":"https:\/\/redenoticiaz.com.br\/litoralsp\/wp-content\/uploads\/sites\/3\/2020\/11\/logo.jpg","width":400,"height":250,"caption":"Litoral SP"},"image":{"@id":"https:\/\/redenoticiaz.com.br\/litoralsp\/#\/schema\/logo\/image\/"}},{"@type":"Person","@id":"","url":"https:\/\/redenoticiaz.com.br\/litoralsp\/author"}]}},"_links":{"self":[{"href":"https:\/\/redenoticiaz.com.br\/litoralsp\/wp-json\/wp\/v2\/posts\/86178","targetHints":{"allow":["GET"]}}],"collection":[{"href":"https:\/\/redenoticiaz.com.br\/litoralsp\/wp-json\/wp\/v2\/posts"}],"about":[{"href":"https:\/\/redenoticiaz.com.br\/litoralsp\/wp-json\/wp\/v2\/types\/post"}],"author":[{"embeddable":true,"href":"https:\/\/redenoticiaz.com.br\/litoralsp\/wp-json\/wp\/v2\/users\/15"}],"replies":[{"embeddable":true,"href":"https:\/\/redenoticiaz.com.br\/litoralsp\/wp-json\/wp\/v2\/comments?post=86178"}],"version-history":[{"count":1,"href":"https:\/\/redenoticiaz.com.br\/litoralsp\/wp-json\/wp\/v2\/posts\/86178\/revisions"}],"predecessor-version":[{"id":86181,"href":"https:\/\/redenoticiaz.com.br\/litoralsp\/wp-json\/wp\/v2\/posts\/86178\/revisions\/86181"}],"wp:featuredmedia":[{"embeddable":true,"href":"https:\/\/redenoticiaz.com.br\/litoralsp\/wp-json\/wp\/v2\/media\/86179"}],"wp:attachment":[{"href":"https:\/\/redenoticiaz.com.br\/litoralsp\/wp-json\/wp\/v2\/media?parent=86178"}],"wp:term":[{"taxonomy":"category","embeddable":true,"href":"https:\/\/redenoticiaz.com.br\/litoralsp\/wp-json\/wp\/v2\/categories?post=86178"},{"taxonomy":"post_tag","embeddable":true,"href":"https:\/\/redenoticiaz.com.br\/litoralsp\/wp-json\/wp\/v2\/tags?post=86178"}],"curies":[{"name":"wp","href":"https:\/\/api.w.org\/{rel}","templated":true}]}}