{"id":86200,"date":"2022-06-15T10:28:12","date_gmt":"2022-06-15T13:28:12","guid":{"rendered":"https:\/\/redenoticiaz.com.br\/litoralsp\/?p=86200"},"modified":"2022-06-15T10:28:12","modified_gmt":"2022-06-15T13:28:12","slug":"video-bandidos-roubam-carro-e-fogem-apos-baterem-com-o-veiculo-em-sao-vicente","status":"publish","type":"post","link":"https:\/\/redenoticiaz.com.br\/litoralsp\/2022\/06\/15\/video-bandidos-roubam-carro-e-fogem-apos-baterem-com-o-veiculo-em-sao-vicente","title":{"rendered":"V\u00cdDEO &#8211; Bandidos roubam carro e fogem ap\u00f3s baterem com o ve\u00edculo em S\u00e3o Vicente"},"content":{"rendered":"<p>Um <strong>carro foi roubado<\/strong> por criminosos no Centro de <a href=\"https:\/\/www.saovicente.sp.gov.br\/onepage\">S\u00e3o Vicente<\/a>. O crime aconteceu na ter\u00e7a-feira (14), s\u00f3 que os bandidos n\u00e3o levaram o ve\u00edculo, pois colidiram com ele. Ap\u00f3s o acidente, eles fugiram e o dono foi notificado e devolvido.<\/p>\n<p>De acordo com a Pol\u00edcia Militar, a equipe do 39\u00ba BPMI foi notificada de um acidente envolvendo dois carros durante a manh\u00e3. S\u00f3 que ao chegarem, ningu\u00e9m foi encontrado, j\u00e1 que os suspeitos conseguiram fugir.<\/p>\n<p>O Centro de Opera\u00e7\u00f5es da Pol\u00edcia Militar (COPOM) recebeu informa\u00e7\u00f5es de que um carro com as mesmas caracter\u00edsticas foi roubado na segunda-feira (13) na Rua Visconde de Tamandar\u00e9. Nas imagens \u00e9 poss\u00edvel ver os bandidos abordando o motorista e os criminosos for\u00e7aram que ele entregasse o carro.<\/p>\n<p>A ocorr\u00eancia foi registrada na Delegacia Sede de S\u00e3o Vicente. Ningu\u00e9m foi preso por enquanto.<\/p>\n<h3>Veja o v\u00eddeo:<\/h3>\n<div style=\"width: 340px;\" class=\"wp-video\"><video class=\"wp-video-shortcode\" id=\"video-86200-1\" width=\"340\" height=\"480\" preload=\"metadata\" controls=\"controls\"><source type=\"video\/mp4\" src=\"https:\/\/redenoticiaz.com.br\/litoralsp\/wp-content\/uploads\/sites\/3\/2022\/06\/videoplayback-1-2.mp4?_=1\" \/><a href=\"https:\/\/redenoticiaz.com.br\/litoralsp\/wp-content\/uploads\/sites\/3\/2022\/06\/videoplayback-1-2.mp4\">https:\/\/redenoticiaz.com.br\/litoralsp\/wp-content\/uploads\/sites\/3\/2022\/06\/videoplayback-1-2.mp4<\/a><\/video><\/div>\n<p><strong>LEIA TAMB\u00c9M<\/strong><\/p>\n<p><a href=\"https:\/\/redenoticiaz.com.br\/litoralsp\/2022\/06\/14\/acusado-de-venda-de-drogas-em-caraguatatuba-e-preso\">Acusado de venda de drogas em Caraguatatuba \u00e9 preso<\/a><\/p>\n","protected":false},"excerpt":{"rendered":"<p>Um carro foi roubado por criminosos no Centro de S\u00e3o Vicente. O crime aconteceu na ter\u00e7a-feira (14), s\u00f3 que os bandidos n\u00e3o levaram o ve\u00edculo, pois colidiram com ele. Ap\u00f3s o acidente, eles fugiram e o dono foi notificado e devolvido. De acordo com a Pol\u00edcia Militar, a equipe do 39\u00ba BPMI foi notificada de &hellip;<\/p>\n","protected":false},"author":6,"featured_media":86202,"comment_status":"open","ping_status":"closed","sticky":false,"template":"","format":"standard","meta":{"footnotes":""},"categories":[10,181],"tags":[57216,6443,1766,57217,33],"class_list":["post-86200","post","type-post","status-publish","format-standard","has-post-thumbnail","hentry","category-policia","category-sao-vicente","tag-39o-bpmi","tag-carro","tag-policia-militar","tag-roubo-de-veiculo","tag-sao-vicente"],"yoast_head":"<!-- This site is optimized with the Yoast SEO plugin v27.5 - https:\/\/yoast.com\/product\/yoast-seo-wordpress\/ -->\n<title>V\u00cdDEO - Bandidos roubam carro e fogem ap\u00f3s baterem com o ve\u00edculo em S\u00e3o Vicente - Litoral SP<\/title>\n<meta name=\"description\" content=\"Um carro foi roubado por criminosos no Centro de S\u00e3o Vicente. O crime aconteceu na ter\u00e7a-feira (14), s\u00f3 que os bandidos n\u00e3o levaram\" \/>\n<meta name=\"robots\" content=\"index, follow, max-snippet:-1, max-image-preview:large, max-video-preview:-1\" \/>\n<link rel=\"canonical\" href=\"https:\/\/redenoticiaz.com.br\/litoralsp\/2022\/06\/15\/video-bandidos-roubam-carro-e-fogem-apos-baterem-com-o-veiculo-em-sao-vicente\" \/>\n<meta property=\"og:locale\" content=\"pt_BR\" \/>\n<meta property=\"og:type\" content=\"article\" \/>\n<meta property=\"og:title\" content=\"V\u00cdDEO - Bandidos roubam carro e fogem ap\u00f3s baterem com o ve\u00edculo em S\u00e3o Vicente - Litoral SP\" \/>\n<meta property=\"og:description\" content=\"Um carro foi roubado por criminosos no Centro de S\u00e3o Vicente. O crime aconteceu na ter\u00e7a-feira (14), s\u00f3 que os bandidos n\u00e3o levaram\" \/>\n<meta property=\"og:url\" content=\"https:\/\/redenoticiaz.com.br\/litoralsp\/2022\/06\/15\/video-bandidos-roubam-carro-e-fogem-apos-baterem-com-o-veiculo-em-sao-vicente\" \/>\n<meta property=\"og:site_name\" content=\"Litoral SP\" \/>\n<meta property=\"article:published_time\" content=\"2022-06-15T13:28:12+00:00\" \/>\n<meta property=\"og:image\" content=\"https:\/\/redenoticiaz.com.br\/litoralsp\/wp-content\/uploads\/sites\/3\/2022\/06\/carro-roubado.jpg\" \/>\n\t<meta property=\"og:image:width\" content=\"900\" \/>\n\t<meta property=\"og:image:height\" content=\"600\" \/>\n\t<meta property=\"og:image:type\" content=\"image\/jpeg\" \/>\n<meta name=\"author\" content=\"Leonardo Francisco\" \/>\n<meta name=\"twitter:card\" content=\"summary_large_image\" \/>\n<meta name=\"twitter:label1\" content=\"Escrito por\" \/>\n\t<meta name=\"twitter:data1\" content=\"Leonardo Francisco\" \/>\n\t<meta name=\"twitter:label2\" content=\"Est. tempo de leitura\" \/>\n\t<meta name=\"twitter:data2\" content=\"1 minuto\" \/>\n<script type=\"application\/ld+json\" class=\"yoast-schema-graph\">{\"@context\":\"https:\\\/\\\/schema.org\",\"@graph\":[{\"@type\":\"Article\",\"@id\":\"https:\\\/\\\/redenoticiaz.com.br\\\/litoralsp\\\/2022\\\/06\\\/15\\\/video-bandidos-roubam-carro-e-fogem-apos-baterem-com-o-veiculo-em-sao-vicente#article\",\"isPartOf\":{\"@id\":\"https:\\\/\\\/redenoticiaz.com.br\\\/litoralsp\\\/2022\\\/06\\\/15\\\/video-bandidos-roubam-carro-e-fogem-apos-baterem-com-o-veiculo-em-sao-vicente\"},\"author\":{\"name\":\"Leonardo Francisco\",\"@id\":\"https:\\\/\\\/redenoticiaz.com.br\\\/litoralsp\\\/#\\\/schema\\\/person\\\/0f0b8a5bdafefe82841e07ae8d81ecb3\"},\"headline\":\"V\u00cdDEO &#8211; Bandidos roubam carro e fogem ap\u00f3s baterem com o ve\u00edculo em S\u00e3o Vicente\",\"datePublished\":\"2022-06-15T13:28:12+00:00\",\"mainEntityOfPage\":{\"@id\":\"https:\\\/\\\/redenoticiaz.com.br\\\/litoralsp\\\/2022\\\/06\\\/15\\\/video-bandidos-roubam-carro-e-fogem-apos-baterem-com-o-veiculo-em-sao-vicente\"},\"wordCount\":200,\"commentCount\":0,\"publisher\":{\"@id\":\"https:\\\/\\\/redenoticiaz.com.br\\\/litoralsp\\\/#organization\"},\"image\":{\"@id\":\"https:\\\/\\\/redenoticiaz.com.br\\\/litoralsp\\\/2022\\\/06\\\/15\\\/video-bandidos-roubam-carro-e-fogem-apos-baterem-com-o-veiculo-em-sao-vicente#primaryimage\"},\"thumbnailUrl\":\"https:\\\/\\\/redenoticiaz.com.br\\\/litoralsp\\\/wp-content\\\/uploads\\\/sites\\\/3\\\/2022\\\/06\\\/carro-roubado.jpg\",\"keywords\":[\"39\u00ba BPMI\",\"carro\",\"policia militar\",\"ROUBO DE VE\u00cdCULO\",\"S\u00e3o Vicente\"],\"articleSection\":[\"Pol\u00edcia\",\"S\u00e3o Vicente\"],\"inLanguage\":\"pt-BR\",\"potentialAction\":[{\"@type\":\"CommentAction\",\"name\":\"Comment\",\"target\":[\"https:\\\/\\\/redenoticiaz.com.br\\\/litoralsp\\\/2022\\\/06\\\/15\\\/video-bandidos-roubam-carro-e-fogem-apos-baterem-com-o-veiculo-em-sao-vicente#respond\"]}]},{\"@type\":\"WebPage\",\"@id\":\"https:\\\/\\\/redenoticiaz.com.br\\\/litoralsp\\\/2022\\\/06\\\/15\\\/video-bandidos-roubam-carro-e-fogem-apos-baterem-com-o-veiculo-em-sao-vicente\",\"url\":\"https:\\\/\\\/redenoticiaz.com.br\\\/litoralsp\\\/2022\\\/06\\\/15\\\/video-bandidos-roubam-carro-e-fogem-apos-baterem-com-o-veiculo-em-sao-vicente\",\"name\":\"V\u00cdDEO - Bandidos roubam carro e fogem ap\u00f3s baterem com o ve\u00edculo em S\u00e3o Vicente - Litoral SP\",\"isPartOf\":{\"@id\":\"https:\\\/\\\/redenoticiaz.com.br\\\/litoralsp\\\/#website\"},\"primaryImageOfPage\":{\"@id\":\"https:\\\/\\\/redenoticiaz.com.br\\\/litoralsp\\\/2022\\\/06\\\/15\\\/video-bandidos-roubam-carro-e-fogem-apos-baterem-com-o-veiculo-em-sao-vicente#primaryimage\"},\"image\":{\"@id\":\"https:\\\/\\\/redenoticiaz.com.br\\\/litoralsp\\\/2022\\\/06\\\/15\\\/video-bandidos-roubam-carro-e-fogem-apos-baterem-com-o-veiculo-em-sao-vicente#primaryimage\"},\"thumbnailUrl\":\"https:\\\/\\\/redenoticiaz.com.br\\\/litoralsp\\\/wp-content\\\/uploads\\\/sites\\\/3\\\/2022\\\/06\\\/carro-roubado.jpg\",\"datePublished\":\"2022-06-15T13:28:12+00:00\",\"description\":\"Um carro foi roubado por criminosos no Centro de S\u00e3o Vicente. O crime aconteceu na ter\u00e7a-feira (14), s\u00f3 que os bandidos n\u00e3o levaram\",\"inLanguage\":\"pt-BR\",\"potentialAction\":[{\"@type\":\"ReadAction\",\"target\":[\"https:\\\/\\\/redenoticiaz.com.br\\\/litoralsp\\\/2022\\\/06\\\/15\\\/video-bandidos-roubam-carro-e-fogem-apos-baterem-com-o-veiculo-em-sao-vicente\"]}]},{\"@type\":\"ImageObject\",\"inLanguage\":\"pt-BR\",\"@id\":\"https:\\\/\\\/redenoticiaz.com.br\\\/litoralsp\\\/2022\\\/06\\\/15\\\/video-bandidos-roubam-carro-e-fogem-apos-baterem-com-o-veiculo-em-sao-vicente#primaryimage\",\"url\":\"https:\\\/\\\/redenoticiaz.com.br\\\/litoralsp\\\/wp-content\\\/uploads\\\/sites\\\/3\\\/2022\\\/06\\\/carro-roubado.jpg\",\"contentUrl\":\"https:\\\/\\\/redenoticiaz.com.br\\\/litoralsp\\\/wp-content\\\/uploads\\\/sites\\\/3\\\/2022\\\/06\\\/carro-roubado.jpg\",\"width\":900,\"height\":600,\"caption\":\"Cr\u00e9ditos: Divulga\u00e7\u00e3o\\\/Pol\u00edcia Militar\"},{\"@type\":\"WebSite\",\"@id\":\"https:\\\/\\\/redenoticiaz.com.br\\\/litoralsp\\\/#website\",\"url\":\"https:\\\/\\\/redenoticiaz.com.br\\\/litoralsp\\\/\",\"name\":\"Litoral SP\",\"description\":\"Rede NoticiaZ\",\"publisher\":{\"@id\":\"https:\\\/\\\/redenoticiaz.com.br\\\/litoralsp\\\/#organization\"},\"potentialAction\":[{\"@type\":\"SearchAction\",\"target\":{\"@type\":\"EntryPoint\",\"urlTemplate\":\"https:\\\/\\\/redenoticiaz.com.br\\\/litoralsp\\\/?s={search_term_string}\"},\"query-input\":{\"@type\":\"PropertyValueSpecification\",\"valueRequired\":true,\"valueName\":\"search_term_string\"}}],\"inLanguage\":\"pt-BR\"},{\"@type\":\"Organization\",\"@id\":\"https:\\\/\\\/redenoticiaz.com.br\\\/litoralsp\\\/#organization\",\"name\":\"Litoral SP\",\"url\":\"https:\\\/\\\/redenoticiaz.com.br\\\/litoralsp\\\/\",\"logo\":{\"@type\":\"ImageObject\",\"inLanguage\":\"pt-BR\",\"@id\":\"https:\\\/\\\/redenoticiaz.com.br\\\/litoralsp\\\/#\\\/schema\\\/logo\\\/image\\\/\",\"url\":\"https:\\\/\\\/redenoticiaz.com.br\\\/litoralsp\\\/wp-content\\\/uploads\\\/sites\\\/3\\\/2020\\\/11\\\/logo.jpg\",\"contentUrl\":\"https:\\\/\\\/redenoticiaz.com.br\\\/litoralsp\\\/wp-content\\\/uploads\\\/sites\\\/3\\\/2020\\\/11\\\/logo.jpg\",\"width\":400,\"height\":250,\"caption\":\"Litoral SP\"},\"image\":{\"@id\":\"https:\\\/\\\/redenoticiaz.com.br\\\/litoralsp\\\/#\\\/schema\\\/logo\\\/image\\\/\"}},{\"@type\":\"Person\",\"@id\":\"https:\\\/\\\/redenoticiaz.com.br\\\/litoralsp\\\/#\\\/schema\\\/person\\\/0f0b8a5bdafefe82841e07ae8d81ecb3\",\"name\":\"Leonardo Francisco\",\"image\":{\"@type\":\"ImageObject\",\"inLanguage\":\"pt-BR\",\"@id\":\"https:\\\/\\\/secure.gravatar.com\\\/avatar\\\/a7358cb406a99b682ec6df1e77e31ae82e63601f6784e8a3df411d72b37864da?s=96&d=mm&r=g\",\"url\":\"https:\\\/\\\/secure.gravatar.com\\\/avatar\\\/a7358cb406a99b682ec6df1e77e31ae82e63601f6784e8a3df411d72b37864da?s=96&d=mm&r=g\",\"contentUrl\":\"https:\\\/\\\/secure.gravatar.com\\\/avatar\\\/a7358cb406a99b682ec6df1e77e31ae82e63601f6784e8a3df411d72b37864da?s=96&d=mm&r=g\",\"caption\":\"Leonardo Francisco\"},\"url\":\"https:\\\/\\\/redenoticiaz.com.br\\\/litoralsp\\\/author\\\/leonardo-francisco\"}]}<\/script>\n<!-- \/ Yoast SEO plugin. -->","yoast_head_json":{"title":"V\u00cdDEO - Bandidos roubam carro e fogem ap\u00f3s baterem com o ve\u00edculo em S\u00e3o Vicente - Litoral SP","description":"Um carro foi roubado por criminosos no Centro de S\u00e3o Vicente. O crime aconteceu na ter\u00e7a-feira (14), s\u00f3 que os bandidos n\u00e3o levaram","robots":{"index":"index","follow":"follow","max-snippet":"max-snippet:-1","max-image-preview":"max-image-preview:large","max-video-preview":"max-video-preview:-1"},"canonical":"https:\/\/redenoticiaz.com.br\/litoralsp\/2022\/06\/15\/video-bandidos-roubam-carro-e-fogem-apos-baterem-com-o-veiculo-em-sao-vicente","og_locale":"pt_BR","og_type":"article","og_title":"V\u00cdDEO - Bandidos roubam carro e fogem ap\u00f3s baterem com o ve\u00edculo em S\u00e3o Vicente - Litoral SP","og_description":"Um carro foi roubado por criminosos no Centro de S\u00e3o Vicente. O crime aconteceu na ter\u00e7a-feira (14), s\u00f3 que os bandidos n\u00e3o levaram","og_url":"https:\/\/redenoticiaz.com.br\/litoralsp\/2022\/06\/15\/video-bandidos-roubam-carro-e-fogem-apos-baterem-com-o-veiculo-em-sao-vicente","og_site_name":"Litoral SP","article_published_time":"2022-06-15T13:28:12+00:00","og_image":[{"width":900,"height":600,"url":"https:\/\/redenoticiaz.com.br\/litoralsp\/wp-content\/uploads\/sites\/3\/2022\/06\/carro-roubado.jpg","type":"image\/jpeg"}],"author":"Leonardo Francisco","twitter_card":"summary_large_image","twitter_misc":{"Escrito por":"Leonardo Francisco","Est. tempo de leitura":"1 minuto"},"schema":{"@context":"https:\/\/schema.org","@graph":[{"@type":"Article","@id":"https:\/\/redenoticiaz.com.br\/litoralsp\/2022\/06\/15\/video-bandidos-roubam-carro-e-fogem-apos-baterem-com-o-veiculo-em-sao-vicente#article","isPartOf":{"@id":"https:\/\/redenoticiaz.com.br\/litoralsp\/2022\/06\/15\/video-bandidos-roubam-carro-e-fogem-apos-baterem-com-o-veiculo-em-sao-vicente"},"author":{"name":"Leonardo Francisco","@id":"https:\/\/redenoticiaz.com.br\/litoralsp\/#\/schema\/person\/0f0b8a5bdafefe82841e07ae8d81ecb3"},"headline":"V\u00cdDEO &#8211; Bandidos roubam carro e fogem ap\u00f3s baterem com o ve\u00edculo em S\u00e3o Vicente","datePublished":"2022-06-15T13:28:12+00:00","mainEntityOfPage":{"@id":"https:\/\/redenoticiaz.com.br\/litoralsp\/2022\/06\/15\/video-bandidos-roubam-carro-e-fogem-apos-baterem-com-o-veiculo-em-sao-vicente"},"wordCount":200,"commentCount":0,"publisher":{"@id":"https:\/\/redenoticiaz.com.br\/litoralsp\/#organization"},"image":{"@id":"https:\/\/redenoticiaz.com.br\/litoralsp\/2022\/06\/15\/video-bandidos-roubam-carro-e-fogem-apos-baterem-com-o-veiculo-em-sao-vicente#primaryimage"},"thumbnailUrl":"https:\/\/redenoticiaz.com.br\/litoralsp\/wp-content\/uploads\/sites\/3\/2022\/06\/carro-roubado.jpg","keywords":["39\u00ba BPMI","carro","policia militar","ROUBO DE VE\u00cdCULO","S\u00e3o Vicente"],"articleSection":["Pol\u00edcia","S\u00e3o Vicente"],"inLanguage":"pt-BR","potentialAction":[{"@type":"CommentAction","name":"Comment","target":["https:\/\/redenoticiaz.com.br\/litoralsp\/2022\/06\/15\/video-bandidos-roubam-carro-e-fogem-apos-baterem-com-o-veiculo-em-sao-vicente#respond"]}]},{"@type":"WebPage","@id":"https:\/\/redenoticiaz.com.br\/litoralsp\/2022\/06\/15\/video-bandidos-roubam-carro-e-fogem-apos-baterem-com-o-veiculo-em-sao-vicente","url":"https:\/\/redenoticiaz.com.br\/litoralsp\/2022\/06\/15\/video-bandidos-roubam-carro-e-fogem-apos-baterem-com-o-veiculo-em-sao-vicente","name":"V\u00cdDEO - Bandidos roubam carro e fogem ap\u00f3s baterem com o ve\u00edculo em S\u00e3o Vicente - Litoral SP","isPartOf":{"@id":"https:\/\/redenoticiaz.com.br\/litoralsp\/#website"},"primaryImageOfPage":{"@id":"https:\/\/redenoticiaz.com.br\/litoralsp\/2022\/06\/15\/video-bandidos-roubam-carro-e-fogem-apos-baterem-com-o-veiculo-em-sao-vicente#primaryimage"},"image":{"@id":"https:\/\/redenoticiaz.com.br\/litoralsp\/2022\/06\/15\/video-bandidos-roubam-carro-e-fogem-apos-baterem-com-o-veiculo-em-sao-vicente#primaryimage"},"thumbnailUrl":"https:\/\/redenoticiaz.com.br\/litoralsp\/wp-content\/uploads\/sites\/3\/2022\/06\/carro-roubado.jpg","datePublished":"2022-06-15T13:28:12+00:00","description":"Um carro foi roubado por criminosos no Centro de S\u00e3o Vicente. O crime aconteceu na ter\u00e7a-feira (14), s\u00f3 que os bandidos n\u00e3o levaram","inLanguage":"pt-BR","potentialAction":[{"@type":"ReadAction","target":["https:\/\/redenoticiaz.com.br\/litoralsp\/2022\/06\/15\/video-bandidos-roubam-carro-e-fogem-apos-baterem-com-o-veiculo-em-sao-vicente"]}]},{"@type":"ImageObject","inLanguage":"pt-BR","@id":"https:\/\/redenoticiaz.com.br\/litoralsp\/2022\/06\/15\/video-bandidos-roubam-carro-e-fogem-apos-baterem-com-o-veiculo-em-sao-vicente#primaryimage","url":"https:\/\/redenoticiaz.com.br\/litoralsp\/wp-content\/uploads\/sites\/3\/2022\/06\/carro-roubado.jpg","contentUrl":"https:\/\/redenoticiaz.com.br\/litoralsp\/wp-content\/uploads\/sites\/3\/2022\/06\/carro-roubado.jpg","width":900,"height":600,"caption":"Cr\u00e9ditos: Divulga\u00e7\u00e3o\/Pol\u00edcia Militar"},{"@type":"WebSite","@id":"https:\/\/redenoticiaz.com.br\/litoralsp\/#website","url":"https:\/\/redenoticiaz.com.br\/litoralsp\/","name":"Litoral SP","description":"Rede NoticiaZ","publisher":{"@id":"https:\/\/redenoticiaz.com.br\/litoralsp\/#organization"},"potentialAction":[{"@type":"SearchAction","target":{"@type":"EntryPoint","urlTemplate":"https:\/\/redenoticiaz.com.br\/litoralsp\/?s={search_term_string}"},"query-input":{"@type":"PropertyValueSpecification","valueRequired":true,"valueName":"search_term_string"}}],"inLanguage":"pt-BR"},{"@type":"Organization","@id":"https:\/\/redenoticiaz.com.br\/litoralsp\/#organization","name":"Litoral SP","url":"https:\/\/redenoticiaz.com.br\/litoralsp\/","logo":{"@type":"ImageObject","inLanguage":"pt-BR","@id":"https:\/\/redenoticiaz.com.br\/litoralsp\/#\/schema\/logo\/image\/","url":"https:\/\/redenoticiaz.com.br\/litoralsp\/wp-content\/uploads\/sites\/3\/2020\/11\/logo.jpg","contentUrl":"https:\/\/redenoticiaz.com.br\/litoralsp\/wp-content\/uploads\/sites\/3\/2020\/11\/logo.jpg","width":400,"height":250,"caption":"Litoral SP"},"image":{"@id":"https:\/\/redenoticiaz.com.br\/litoralsp\/#\/schema\/logo\/image\/"}},{"@type":"Person","@id":"https:\/\/redenoticiaz.com.br\/litoralsp\/#\/schema\/person\/0f0b8a5bdafefe82841e07ae8d81ecb3","name":"Leonardo Francisco","image":{"@type":"ImageObject","inLanguage":"pt-BR","@id":"https:\/\/secure.gravatar.com\/avatar\/a7358cb406a99b682ec6df1e77e31ae82e63601f6784e8a3df411d72b37864da?s=96&d=mm&r=g","url":"https:\/\/secure.gravatar.com\/avatar\/a7358cb406a99b682ec6df1e77e31ae82e63601f6784e8a3df411d72b37864da?s=96&d=mm&r=g","contentUrl":"https:\/\/secure.gravatar.com\/avatar\/a7358cb406a99b682ec6df1e77e31ae82e63601f6784e8a3df411d72b37864da?s=96&d=mm&r=g","caption":"Leonardo Francisco"},"url":"https:\/\/redenoticiaz.com.br\/litoralsp\/author\/leonardo-francisco"}]}},"_links":{"self":[{"href":"https:\/\/redenoticiaz.com.br\/litoralsp\/wp-json\/wp\/v2\/posts\/86200","targetHints":{"allow":["GET"]}}],"collection":[{"href":"https:\/\/redenoticiaz.com.br\/litoralsp\/wp-json\/wp\/v2\/posts"}],"about":[{"href":"https:\/\/redenoticiaz.com.br\/litoralsp\/wp-json\/wp\/v2\/types\/post"}],"author":[{"embeddable":true,"href":"https:\/\/redenoticiaz.com.br\/litoralsp\/wp-json\/wp\/v2\/users\/6"}],"replies":[{"embeddable":true,"href":"https:\/\/redenoticiaz.com.br\/litoralsp\/wp-json\/wp\/v2\/comments?post=86200"}],"version-history":[{"count":1,"href":"https:\/\/redenoticiaz.com.br\/litoralsp\/wp-json\/wp\/v2\/posts\/86200\/revisions"}],"predecessor-version":[{"id":86203,"href":"https:\/\/redenoticiaz.com.br\/litoralsp\/wp-json\/wp\/v2\/posts\/86200\/revisions\/86203"}],"wp:featuredmedia":[{"embeddable":true,"href":"https:\/\/redenoticiaz.com.br\/litoralsp\/wp-json\/wp\/v2\/media\/86202"}],"wp:attachment":[{"href":"https:\/\/redenoticiaz.com.br\/litoralsp\/wp-json\/wp\/v2\/media?parent=86200"}],"wp:term":[{"taxonomy":"category","embeddable":true,"href":"https:\/\/redenoticiaz.com.br\/litoralsp\/wp-json\/wp\/v2\/categories?post=86200"},{"taxonomy":"post_tag","embeddable":true,"href":"https:\/\/redenoticiaz.com.br\/litoralsp\/wp-json\/wp\/v2\/tags?post=86200"}],"curies":[{"name":"wp","href":"https:\/\/api.w.org\/{rel}","templated":true}]}}