{"id":86213,"date":"2022-06-15T11:17:45","date_gmt":"2022-06-15T14:17:45","guid":{"rendered":"https:\/\/redenoticiaz.com.br\/litoralsp\/?p=86213"},"modified":"2022-06-15T11:17:45","modified_gmt":"2022-06-15T14:17:45","slug":"suspeito-de-trafico-de-drogas-e-preso-com-quase-50-kg-de-entorpecentes-em-cubatao","status":"publish","type":"post","link":"https:\/\/redenoticiaz.com.br\/litoralsp\/2022\/06\/15\/suspeito-de-trafico-de-drogas-e-preso-com-quase-50-kg-de-entorpecentes-em-cubatao","title":{"rendered":"Suspeito de tr\u00e1fico de drogas \u00e9 preso com quase 50 Kg de entorpecentes em Cubat\u00e3o"},"content":{"rendered":"<p>Um jovem de 24 anos foi preso acusado de tr\u00e1fico de drogas em <a href=\"https:\/\/www.cubatao.sp.gov.br\/\">Cubat\u00e3o<\/a>. Com ele, os policiais da 2\u00ba Delegacia de Investiga\u00e7\u00f5es Sobre Entorpecentes da DEIC (2\u00ba DEIC) apreenderam <strong>52 tijolos de maconha<\/strong>, que equivalem a mais de 48 Kg de entorpecentes.<\/p>\n<p>Segundo a Pol\u00edcia Civil, os investigadores foram informados de que as drogas estavam escondidas em uma casa\u00a0 no bairro Vila Esperan\u00e7a. Ao chegarem no im\u00f3vel, os tijolos de maconha foram encontrados e ela seria revendida em diversos pontos da\u00a0Baixada Santista.<\/p>\n<p>Ele foi preso em flagrante e al\u00e9m da maconha, tamb\u00e9m foi encontrado um rev\u00f3lver calibre 38 carregado.<br \/>\nAl\u00e9m disso, os investigadores apreenderam anota\u00e7\u00f5es sobre a contabilidade do tr\u00e1fico de drogas e tr\u00eas m\u00e1quinas de cart\u00e3o. Todo material apreendido foi encaminhado \u00e0 per\u00edcia criminal.\u00a0 J\u00e1 o homem foi indiciado pelos\u00a0crimes de tr\u00e1fico de drogas e porte ilegal de arma de fogo, o suspeito foi conduzido ao sistema penitenci\u00e1rio.<\/p>\n<p><strong>LEIA TAMB\u00c9M<\/strong><\/p>\n<p><a href=\"https:\/\/redenoticiaz.com.br\/litoralsp\/2022\/06\/14\/mulher-e-presa-e-2-kg-de-drogas-sao-apreendidas-durante-operacoes-na-baixada\">Mulher \u00e9 presa e 2 Kg de drogas s\u00e3o apreendidas durante opera\u00e7\u00f5es na Baixada<\/a><\/p>\n","protected":false},"excerpt":{"rendered":"<p>Um jovem de 24 anos foi preso acusado de tr\u00e1fico de drogas em Cubat\u00e3o. Com ele, os policiais da 2\u00ba Delegacia de Investiga\u00e7\u00f5es Sobre Entorpecentes da DEIC (2\u00ba DEIC) apreenderam 52 tijolos de maconha, que equivalem a mais de 48 Kg de entorpecentes. Segundo a Pol\u00edcia Civil, os investigadores foram informados de que as drogas &hellip;<\/p>\n","protected":false},"author":6,"featured_media":86214,"comment_status":"open","ping_status":"closed","sticky":false,"template":"","format":"standard","meta":{"footnotes":""},"categories":[186,10],"tags":[24030,1024,6342,1762,21956],"class_list":["post-86213","post","type-post","status-publish","format-standard","has-post-thumbnail","hentry","category-cubatao","category-policia","tag-2o-deic","tag-cubatao","tag-homem-preso","tag-policia-civil","tag-tijolos-de-maconha"],"yoast_head":"<!-- This site is optimized with the Yoast SEO plugin v27.5 - https:\/\/yoast.com\/product\/yoast-seo-wordpress\/ -->\n<title>Suspeito de tr\u00e1fico de drogas \u00e9 preso com quase 50 Kg de entorpecentes em Cubat\u00e3o - Litoral SP<\/title>\n<meta name=\"description\" content=\"em Cubat\u00e3o. Com ele, os policiais da 2\u00ba Delegacia de Investiga\u00e7\u00f5es Sobre Entorpecentes da DEIC (2\u00ba DEIC) apreenderam 52 tijolos de maconha\" \/>\n<meta name=\"robots\" content=\"index, follow, max-snippet:-1, max-image-preview:large, max-video-preview:-1\" \/>\n<link rel=\"canonical\" href=\"https:\/\/redenoticiaz.com.br\/litoralsp\/2022\/06\/15\/suspeito-de-trafico-de-drogas-e-preso-com-quase-50-kg-de-entorpecentes-em-cubatao\" \/>\n<meta property=\"og:locale\" content=\"pt_BR\" \/>\n<meta property=\"og:type\" content=\"article\" \/>\n<meta property=\"og:title\" content=\"Suspeito de tr\u00e1fico de drogas \u00e9 preso com quase 50 Kg de entorpecentes em Cubat\u00e3o - Litoral SP\" \/>\n<meta property=\"og:description\" content=\"em Cubat\u00e3o. Com ele, os policiais da 2\u00ba Delegacia de Investiga\u00e7\u00f5es Sobre Entorpecentes da DEIC (2\u00ba DEIC) apreenderam 52 tijolos de maconha\" \/>\n<meta property=\"og:url\" content=\"https:\/\/redenoticiaz.com.br\/litoralsp\/2022\/06\/15\/suspeito-de-trafico-de-drogas-e-preso-com-quase-50-kg-de-entorpecentes-em-cubatao\" \/>\n<meta property=\"og:site_name\" content=\"Litoral SP\" \/>\n<meta property=\"article:published_time\" content=\"2022-06-15T14:17:45+00:00\" \/>\n<meta property=\"og:image\" content=\"https:\/\/redenoticiaz.com.br\/litoralsp\/wp-content\/uploads\/sites\/3\/2022\/06\/WhatsApp-Image-2022-06-15-at-10.17.12.jpeg\" \/>\n\t<meta property=\"og:image:width\" content=\"1024\" \/>\n\t<meta property=\"og:image:height\" content=\"768\" \/>\n\t<meta property=\"og:image:type\" content=\"image\/jpeg\" \/>\n<meta name=\"author\" content=\"Leonardo Francisco\" \/>\n<meta name=\"twitter:card\" content=\"summary_large_image\" \/>\n<meta name=\"twitter:label1\" content=\"Escrito por\" \/>\n\t<meta name=\"twitter:data1\" content=\"Leonardo Francisco\" \/>\n\t<meta name=\"twitter:label2\" content=\"Est. tempo de leitura\" \/>\n\t<meta name=\"twitter:data2\" content=\"1 minuto\" \/>\n<script type=\"application\/ld+json\" class=\"yoast-schema-graph\">{\"@context\":\"https:\\\/\\\/schema.org\",\"@graph\":[{\"@type\":\"Article\",\"@id\":\"https:\\\/\\\/redenoticiaz.com.br\\\/litoralsp\\\/2022\\\/06\\\/15\\\/suspeito-de-trafico-de-drogas-e-preso-com-quase-50-kg-de-entorpecentes-em-cubatao#article\",\"isPartOf\":{\"@id\":\"https:\\\/\\\/redenoticiaz.com.br\\\/litoralsp\\\/2022\\\/06\\\/15\\\/suspeito-de-trafico-de-drogas-e-preso-com-quase-50-kg-de-entorpecentes-em-cubatao\"},\"author\":{\"name\":\"Leonardo Francisco\",\"@id\":\"https:\\\/\\\/redenoticiaz.com.br\\\/litoralsp\\\/#\\\/schema\\\/person\\\/0f0b8a5bdafefe82841e07ae8d81ecb3\"},\"headline\":\"Suspeito de tr\u00e1fico de drogas \u00e9 preso com quase 50 Kg de entorpecentes em Cubat\u00e3o\",\"datePublished\":\"2022-06-15T14:17:45+00:00\",\"mainEntityOfPage\":{\"@id\":\"https:\\\/\\\/redenoticiaz.com.br\\\/litoralsp\\\/2022\\\/06\\\/15\\\/suspeito-de-trafico-de-drogas-e-preso-com-quase-50-kg-de-entorpecentes-em-cubatao\"},\"wordCount\":195,\"commentCount\":0,\"publisher\":{\"@id\":\"https:\\\/\\\/redenoticiaz.com.br\\\/litoralsp\\\/#organization\"},\"image\":{\"@id\":\"https:\\\/\\\/redenoticiaz.com.br\\\/litoralsp\\\/2022\\\/06\\\/15\\\/suspeito-de-trafico-de-drogas-e-preso-com-quase-50-kg-de-entorpecentes-em-cubatao#primaryimage\"},\"thumbnailUrl\":\"https:\\\/\\\/redenoticiaz.com.br\\\/litoralsp\\\/wp-content\\\/uploads\\\/sites\\\/3\\\/2022\\\/06\\\/WhatsApp-Image-2022-06-15-at-10.17.12.jpeg\",\"keywords\":[\"2\u00ba DEIC\",\"CUBAT\u00c3O\",\"HOMEM PRESO\",\"POL\u00cdCIA CIVIL\",\"TIJOLOS DE MACONHA\"],\"articleSection\":[\"Cubat\u00e3o\",\"Pol\u00edcia\"],\"inLanguage\":\"pt-BR\",\"potentialAction\":[{\"@type\":\"CommentAction\",\"name\":\"Comment\",\"target\":[\"https:\\\/\\\/redenoticiaz.com.br\\\/litoralsp\\\/2022\\\/06\\\/15\\\/suspeito-de-trafico-de-drogas-e-preso-com-quase-50-kg-de-entorpecentes-em-cubatao#respond\"]}]},{\"@type\":\"WebPage\",\"@id\":\"https:\\\/\\\/redenoticiaz.com.br\\\/litoralsp\\\/2022\\\/06\\\/15\\\/suspeito-de-trafico-de-drogas-e-preso-com-quase-50-kg-de-entorpecentes-em-cubatao\",\"url\":\"https:\\\/\\\/redenoticiaz.com.br\\\/litoralsp\\\/2022\\\/06\\\/15\\\/suspeito-de-trafico-de-drogas-e-preso-com-quase-50-kg-de-entorpecentes-em-cubatao\",\"name\":\"Suspeito de tr\u00e1fico de drogas \u00e9 preso com quase 50 Kg de entorpecentes em Cubat\u00e3o - Litoral SP\",\"isPartOf\":{\"@id\":\"https:\\\/\\\/redenoticiaz.com.br\\\/litoralsp\\\/#website\"},\"primaryImageOfPage\":{\"@id\":\"https:\\\/\\\/redenoticiaz.com.br\\\/litoralsp\\\/2022\\\/06\\\/15\\\/suspeito-de-trafico-de-drogas-e-preso-com-quase-50-kg-de-entorpecentes-em-cubatao#primaryimage\"},\"image\":{\"@id\":\"https:\\\/\\\/redenoticiaz.com.br\\\/litoralsp\\\/2022\\\/06\\\/15\\\/suspeito-de-trafico-de-drogas-e-preso-com-quase-50-kg-de-entorpecentes-em-cubatao#primaryimage\"},\"thumbnailUrl\":\"https:\\\/\\\/redenoticiaz.com.br\\\/litoralsp\\\/wp-content\\\/uploads\\\/sites\\\/3\\\/2022\\\/06\\\/WhatsApp-Image-2022-06-15-at-10.17.12.jpeg\",\"datePublished\":\"2022-06-15T14:17:45+00:00\",\"description\":\"em Cubat\u00e3o. Com ele, os policiais da 2\u00ba Delegacia de Investiga\u00e7\u00f5es Sobre Entorpecentes da DEIC (2\u00ba DEIC) apreenderam 52 tijolos de maconha\",\"inLanguage\":\"pt-BR\",\"potentialAction\":[{\"@type\":\"ReadAction\",\"target\":[\"https:\\\/\\\/redenoticiaz.com.br\\\/litoralsp\\\/2022\\\/06\\\/15\\\/suspeito-de-trafico-de-drogas-e-preso-com-quase-50-kg-de-entorpecentes-em-cubatao\"]}]},{\"@type\":\"ImageObject\",\"inLanguage\":\"pt-BR\",\"@id\":\"https:\\\/\\\/redenoticiaz.com.br\\\/litoralsp\\\/2022\\\/06\\\/15\\\/suspeito-de-trafico-de-drogas-e-preso-com-quase-50-kg-de-entorpecentes-em-cubatao#primaryimage\",\"url\":\"https:\\\/\\\/redenoticiaz.com.br\\\/litoralsp\\\/wp-content\\\/uploads\\\/sites\\\/3\\\/2022\\\/06\\\/WhatsApp-Image-2022-06-15-at-10.17.12.jpeg\",\"contentUrl\":\"https:\\\/\\\/redenoticiaz.com.br\\\/litoralsp\\\/wp-content\\\/uploads\\\/sites\\\/3\\\/2022\\\/06\\\/WhatsApp-Image-2022-06-15-at-10.17.12.jpeg\",\"width\":1024,\"height\":768,\"caption\":\"Cr\u00e9ditos: Divulga\u00e7\u00e3o\\\/Pol\u00edcia Civil\"},{\"@type\":\"WebSite\",\"@id\":\"https:\\\/\\\/redenoticiaz.com.br\\\/litoralsp\\\/#website\",\"url\":\"https:\\\/\\\/redenoticiaz.com.br\\\/litoralsp\\\/\",\"name\":\"Litoral SP\",\"description\":\"Rede NoticiaZ\",\"publisher\":{\"@id\":\"https:\\\/\\\/redenoticiaz.com.br\\\/litoralsp\\\/#organization\"},\"potentialAction\":[{\"@type\":\"SearchAction\",\"target\":{\"@type\":\"EntryPoint\",\"urlTemplate\":\"https:\\\/\\\/redenoticiaz.com.br\\\/litoralsp\\\/?s={search_term_string}\"},\"query-input\":{\"@type\":\"PropertyValueSpecification\",\"valueRequired\":true,\"valueName\":\"search_term_string\"}}],\"inLanguage\":\"pt-BR\"},{\"@type\":\"Organization\",\"@id\":\"https:\\\/\\\/redenoticiaz.com.br\\\/litoralsp\\\/#organization\",\"name\":\"Litoral SP\",\"url\":\"https:\\\/\\\/redenoticiaz.com.br\\\/litoralsp\\\/\",\"logo\":{\"@type\":\"ImageObject\",\"inLanguage\":\"pt-BR\",\"@id\":\"https:\\\/\\\/redenoticiaz.com.br\\\/litoralsp\\\/#\\\/schema\\\/logo\\\/image\\\/\",\"url\":\"https:\\\/\\\/redenoticiaz.com.br\\\/litoralsp\\\/wp-content\\\/uploads\\\/sites\\\/3\\\/2020\\\/11\\\/logo.jpg\",\"contentUrl\":\"https:\\\/\\\/redenoticiaz.com.br\\\/litoralsp\\\/wp-content\\\/uploads\\\/sites\\\/3\\\/2020\\\/11\\\/logo.jpg\",\"width\":400,\"height\":250,\"caption\":\"Litoral SP\"},\"image\":{\"@id\":\"https:\\\/\\\/redenoticiaz.com.br\\\/litoralsp\\\/#\\\/schema\\\/logo\\\/image\\\/\"}},{\"@type\":\"Person\",\"@id\":\"https:\\\/\\\/redenoticiaz.com.br\\\/litoralsp\\\/#\\\/schema\\\/person\\\/0f0b8a5bdafefe82841e07ae8d81ecb3\",\"name\":\"Leonardo Francisco\",\"image\":{\"@type\":\"ImageObject\",\"inLanguage\":\"pt-BR\",\"@id\":\"https:\\\/\\\/secure.gravatar.com\\\/avatar\\\/a7358cb406a99b682ec6df1e77e31ae82e63601f6784e8a3df411d72b37864da?s=96&d=mm&r=g\",\"url\":\"https:\\\/\\\/secure.gravatar.com\\\/avatar\\\/a7358cb406a99b682ec6df1e77e31ae82e63601f6784e8a3df411d72b37864da?s=96&d=mm&r=g\",\"contentUrl\":\"https:\\\/\\\/secure.gravatar.com\\\/avatar\\\/a7358cb406a99b682ec6df1e77e31ae82e63601f6784e8a3df411d72b37864da?s=96&d=mm&r=g\",\"caption\":\"Leonardo Francisco\"},\"url\":\"https:\\\/\\\/redenoticiaz.com.br\\\/litoralsp\\\/author\\\/leonardo-francisco\"}]}<\/script>\n<!-- \/ Yoast SEO plugin. -->","yoast_head_json":{"title":"Suspeito de tr\u00e1fico de drogas \u00e9 preso com quase 50 Kg de entorpecentes em Cubat\u00e3o - Litoral SP","description":"em Cubat\u00e3o. Com ele, os policiais da 2\u00ba Delegacia de Investiga\u00e7\u00f5es Sobre Entorpecentes da DEIC (2\u00ba DEIC) apreenderam 52 tijolos de maconha","robots":{"index":"index","follow":"follow","max-snippet":"max-snippet:-1","max-image-preview":"max-image-preview:large","max-video-preview":"max-video-preview:-1"},"canonical":"https:\/\/redenoticiaz.com.br\/litoralsp\/2022\/06\/15\/suspeito-de-trafico-de-drogas-e-preso-com-quase-50-kg-de-entorpecentes-em-cubatao","og_locale":"pt_BR","og_type":"article","og_title":"Suspeito de tr\u00e1fico de drogas \u00e9 preso com quase 50 Kg de entorpecentes em Cubat\u00e3o - Litoral SP","og_description":"em Cubat\u00e3o. Com ele, os policiais da 2\u00ba Delegacia de Investiga\u00e7\u00f5es Sobre Entorpecentes da DEIC (2\u00ba DEIC) apreenderam 52 tijolos de maconha","og_url":"https:\/\/redenoticiaz.com.br\/litoralsp\/2022\/06\/15\/suspeito-de-trafico-de-drogas-e-preso-com-quase-50-kg-de-entorpecentes-em-cubatao","og_site_name":"Litoral SP","article_published_time":"2022-06-15T14:17:45+00:00","og_image":[{"width":1024,"height":768,"url":"https:\/\/redenoticiaz.com.br\/litoralsp\/wp-content\/uploads\/sites\/3\/2022\/06\/WhatsApp-Image-2022-06-15-at-10.17.12.jpeg","type":"image\/jpeg"}],"author":"Leonardo Francisco","twitter_card":"summary_large_image","twitter_misc":{"Escrito por":"Leonardo Francisco","Est. tempo de leitura":"1 minuto"},"schema":{"@context":"https:\/\/schema.org","@graph":[{"@type":"Article","@id":"https:\/\/redenoticiaz.com.br\/litoralsp\/2022\/06\/15\/suspeito-de-trafico-de-drogas-e-preso-com-quase-50-kg-de-entorpecentes-em-cubatao#article","isPartOf":{"@id":"https:\/\/redenoticiaz.com.br\/litoralsp\/2022\/06\/15\/suspeito-de-trafico-de-drogas-e-preso-com-quase-50-kg-de-entorpecentes-em-cubatao"},"author":{"name":"Leonardo Francisco","@id":"https:\/\/redenoticiaz.com.br\/litoralsp\/#\/schema\/person\/0f0b8a5bdafefe82841e07ae8d81ecb3"},"headline":"Suspeito de tr\u00e1fico de drogas \u00e9 preso com quase 50 Kg de entorpecentes em Cubat\u00e3o","datePublished":"2022-06-15T14:17:45+00:00","mainEntityOfPage":{"@id":"https:\/\/redenoticiaz.com.br\/litoralsp\/2022\/06\/15\/suspeito-de-trafico-de-drogas-e-preso-com-quase-50-kg-de-entorpecentes-em-cubatao"},"wordCount":195,"commentCount":0,"publisher":{"@id":"https:\/\/redenoticiaz.com.br\/litoralsp\/#organization"},"image":{"@id":"https:\/\/redenoticiaz.com.br\/litoralsp\/2022\/06\/15\/suspeito-de-trafico-de-drogas-e-preso-com-quase-50-kg-de-entorpecentes-em-cubatao#primaryimage"},"thumbnailUrl":"https:\/\/redenoticiaz.com.br\/litoralsp\/wp-content\/uploads\/sites\/3\/2022\/06\/WhatsApp-Image-2022-06-15-at-10.17.12.jpeg","keywords":["2\u00ba DEIC","CUBAT\u00c3O","HOMEM PRESO","POL\u00cdCIA CIVIL","TIJOLOS DE MACONHA"],"articleSection":["Cubat\u00e3o","Pol\u00edcia"],"inLanguage":"pt-BR","potentialAction":[{"@type":"CommentAction","name":"Comment","target":["https:\/\/redenoticiaz.com.br\/litoralsp\/2022\/06\/15\/suspeito-de-trafico-de-drogas-e-preso-com-quase-50-kg-de-entorpecentes-em-cubatao#respond"]}]},{"@type":"WebPage","@id":"https:\/\/redenoticiaz.com.br\/litoralsp\/2022\/06\/15\/suspeito-de-trafico-de-drogas-e-preso-com-quase-50-kg-de-entorpecentes-em-cubatao","url":"https:\/\/redenoticiaz.com.br\/litoralsp\/2022\/06\/15\/suspeito-de-trafico-de-drogas-e-preso-com-quase-50-kg-de-entorpecentes-em-cubatao","name":"Suspeito de tr\u00e1fico de drogas \u00e9 preso com quase 50 Kg de entorpecentes em Cubat\u00e3o - Litoral SP","isPartOf":{"@id":"https:\/\/redenoticiaz.com.br\/litoralsp\/#website"},"primaryImageOfPage":{"@id":"https:\/\/redenoticiaz.com.br\/litoralsp\/2022\/06\/15\/suspeito-de-trafico-de-drogas-e-preso-com-quase-50-kg-de-entorpecentes-em-cubatao#primaryimage"},"image":{"@id":"https:\/\/redenoticiaz.com.br\/litoralsp\/2022\/06\/15\/suspeito-de-trafico-de-drogas-e-preso-com-quase-50-kg-de-entorpecentes-em-cubatao#primaryimage"},"thumbnailUrl":"https:\/\/redenoticiaz.com.br\/litoralsp\/wp-content\/uploads\/sites\/3\/2022\/06\/WhatsApp-Image-2022-06-15-at-10.17.12.jpeg","datePublished":"2022-06-15T14:17:45+00:00","description":"em Cubat\u00e3o. Com ele, os policiais da 2\u00ba Delegacia de Investiga\u00e7\u00f5es Sobre Entorpecentes da DEIC (2\u00ba DEIC) apreenderam 52 tijolos de maconha","inLanguage":"pt-BR","potentialAction":[{"@type":"ReadAction","target":["https:\/\/redenoticiaz.com.br\/litoralsp\/2022\/06\/15\/suspeito-de-trafico-de-drogas-e-preso-com-quase-50-kg-de-entorpecentes-em-cubatao"]}]},{"@type":"ImageObject","inLanguage":"pt-BR","@id":"https:\/\/redenoticiaz.com.br\/litoralsp\/2022\/06\/15\/suspeito-de-trafico-de-drogas-e-preso-com-quase-50-kg-de-entorpecentes-em-cubatao#primaryimage","url":"https:\/\/redenoticiaz.com.br\/litoralsp\/wp-content\/uploads\/sites\/3\/2022\/06\/WhatsApp-Image-2022-06-15-at-10.17.12.jpeg","contentUrl":"https:\/\/redenoticiaz.com.br\/litoralsp\/wp-content\/uploads\/sites\/3\/2022\/06\/WhatsApp-Image-2022-06-15-at-10.17.12.jpeg","width":1024,"height":768,"caption":"Cr\u00e9ditos: Divulga\u00e7\u00e3o\/Pol\u00edcia Civil"},{"@type":"WebSite","@id":"https:\/\/redenoticiaz.com.br\/litoralsp\/#website","url":"https:\/\/redenoticiaz.com.br\/litoralsp\/","name":"Litoral SP","description":"Rede NoticiaZ","publisher":{"@id":"https:\/\/redenoticiaz.com.br\/litoralsp\/#organization"},"potentialAction":[{"@type":"SearchAction","target":{"@type":"EntryPoint","urlTemplate":"https:\/\/redenoticiaz.com.br\/litoralsp\/?s={search_term_string}"},"query-input":{"@type":"PropertyValueSpecification","valueRequired":true,"valueName":"search_term_string"}}],"inLanguage":"pt-BR"},{"@type":"Organization","@id":"https:\/\/redenoticiaz.com.br\/litoralsp\/#organization","name":"Litoral SP","url":"https:\/\/redenoticiaz.com.br\/litoralsp\/","logo":{"@type":"ImageObject","inLanguage":"pt-BR","@id":"https:\/\/redenoticiaz.com.br\/litoralsp\/#\/schema\/logo\/image\/","url":"https:\/\/redenoticiaz.com.br\/litoralsp\/wp-content\/uploads\/sites\/3\/2020\/11\/logo.jpg","contentUrl":"https:\/\/redenoticiaz.com.br\/litoralsp\/wp-content\/uploads\/sites\/3\/2020\/11\/logo.jpg","width":400,"height":250,"caption":"Litoral SP"},"image":{"@id":"https:\/\/redenoticiaz.com.br\/litoralsp\/#\/schema\/logo\/image\/"}},{"@type":"Person","@id":"https:\/\/redenoticiaz.com.br\/litoralsp\/#\/schema\/person\/0f0b8a5bdafefe82841e07ae8d81ecb3","name":"Leonardo Francisco","image":{"@type":"ImageObject","inLanguage":"pt-BR","@id":"https:\/\/secure.gravatar.com\/avatar\/a7358cb406a99b682ec6df1e77e31ae82e63601f6784e8a3df411d72b37864da?s=96&d=mm&r=g","url":"https:\/\/secure.gravatar.com\/avatar\/a7358cb406a99b682ec6df1e77e31ae82e63601f6784e8a3df411d72b37864da?s=96&d=mm&r=g","contentUrl":"https:\/\/secure.gravatar.com\/avatar\/a7358cb406a99b682ec6df1e77e31ae82e63601f6784e8a3df411d72b37864da?s=96&d=mm&r=g","caption":"Leonardo Francisco"},"url":"https:\/\/redenoticiaz.com.br\/litoralsp\/author\/leonardo-francisco"}]}},"_links":{"self":[{"href":"https:\/\/redenoticiaz.com.br\/litoralsp\/wp-json\/wp\/v2\/posts\/86213","targetHints":{"allow":["GET"]}}],"collection":[{"href":"https:\/\/redenoticiaz.com.br\/litoralsp\/wp-json\/wp\/v2\/posts"}],"about":[{"href":"https:\/\/redenoticiaz.com.br\/litoralsp\/wp-json\/wp\/v2\/types\/post"}],"author":[{"embeddable":true,"href":"https:\/\/redenoticiaz.com.br\/litoralsp\/wp-json\/wp\/v2\/users\/6"}],"replies":[{"embeddable":true,"href":"https:\/\/redenoticiaz.com.br\/litoralsp\/wp-json\/wp\/v2\/comments?post=86213"}],"version-history":[{"count":1,"href":"https:\/\/redenoticiaz.com.br\/litoralsp\/wp-json\/wp\/v2\/posts\/86213\/revisions"}],"predecessor-version":[{"id":86215,"href":"https:\/\/redenoticiaz.com.br\/litoralsp\/wp-json\/wp\/v2\/posts\/86213\/revisions\/86215"}],"wp:featuredmedia":[{"embeddable":true,"href":"https:\/\/redenoticiaz.com.br\/litoralsp\/wp-json\/wp\/v2\/media\/86214"}],"wp:attachment":[{"href":"https:\/\/redenoticiaz.com.br\/litoralsp\/wp-json\/wp\/v2\/media?parent=86213"}],"wp:term":[{"taxonomy":"category","embeddable":true,"href":"https:\/\/redenoticiaz.com.br\/litoralsp\/wp-json\/wp\/v2\/categories?post=86213"},{"taxonomy":"post_tag","embeddable":true,"href":"https:\/\/redenoticiaz.com.br\/litoralsp\/wp-json\/wp\/v2\/tags?post=86213"}],"curies":[{"name":"wp","href":"https:\/\/api.w.org\/{rel}","templated":true}]}}