{"id":86285,"date":"2022-06-16T09:54:58","date_gmt":"2022-06-16T12:54:58","guid":{"rendered":"https:\/\/redenoticiaz.com.br\/litoralsp\/?p=86285"},"modified":"2022-06-16T09:54:58","modified_gmt":"2022-06-16T12:54:58","slug":"carretas-e-um-carro-batem-na-anchieta-e-uma-pessoa-fica-presa-nas-ferragens","status":"publish","type":"post","link":"https:\/\/redenoticiaz.com.br\/litoralsp\/2022\/06\/16\/carretas-e-um-carro-batem-na-anchieta-e-uma-pessoa-fica-presa-nas-ferragens","title":{"rendered":"Carretas e um carro batem na Anchieta e uma pessoa fica presa nas ferragens"},"content":{"rendered":"<p><strong>Duas carretas e um carro bateram<\/strong> na Pista Sul da Rodovia Anchieta, em <a href=\"https:\/\/www.cubatao.sp.gov.br\/\">Cubat\u00e3o<\/a>, nessa quarta-feira (15). Uma pessoa chegou a ficar presa nas ferragens, mas foi resgatada com vida, de acordo com informa\u00e7\u00f5es da Ag\u00eancia de Transporte do Estado de S\u00e3o Paulo (Artesp).<\/p>\n<p>Segundo o \u00f3rg\u00e3o, era por volta das 15h30 na pista sentido Litoral e n\u00e3o chovia, quando no Km 43,9 houve a batida dos ve\u00edculos. N\u00e3o houve a divulga\u00e7\u00e3o se a v\u00edtima presa nas ferragens estava no ve\u00edculo de passeio ou em uma das carretas, mas, de toda maneira, foi removida com vida uma hora ap\u00f3s o acidente. J\u00e1 os outros dois condutores n\u00e3o apresentaram ferimentos.<\/p>\n<div class=\"mc-column content-text active-extra-styles \" data-block-type=\"unstyled\" data-block-weight=\"44\" data-block-id=\"5\">\n<p class=\"content-text__container \" data-track-category=\"Link no Texto\" data-track-links=\"\">O tr\u00e2nsito chegou a ser totalmente bloqueado, mas foi liberado por volta das 17h, quando os ve\u00edculos foram removidos. Segundo a Ecovias, concession\u00e1ria que administra o Sistema Anchieta-Imigrantes (SAI), o acidente fez com que houvesse congestionamento do Km 34 ao 40 da Pista Sul, que segue sentido litoral.<\/p>\n<\/div>\n<div class=\"mc-column content-text active-extra-styles \" data-block-type=\"unstyled\" data-block-weight=\"60\" data-block-id=\"6\">\n<p class=\"content-text__container \" data-track-category=\"Link no Texto\" data-track-links=\"\">Em nota, a Prefeitura de Cubat\u00e3o informou que a v\u00edtima retirada das ferragens apresentou ferimentos leves e foi levada pela equipe de urg\u00eancia e emerg\u00eancia da Ecovias at\u00e9 o Pronto Socorro Central de Cubat\u00e3o. L\u00e1, ela recebeu os primeiros atendimentos. Mas, de acordo com a dire\u00e7\u00e3o da unidade, deixou o local antes mesmo de ter sido liberado pela equipe m\u00e9dica.<\/p>\n<p data-track-category=\"Link no Texto\" data-track-links=\"\"><strong>LEIA TAMB\u00c9M<\/strong><\/p>\n<p data-track-category=\"Link no Texto\" data-track-links=\"\"><a href=\"https:\/\/redenoticiaz.com.br\/litoralsp\/2022\/06\/15\/motos-furtadas-do-detran-de-peruibe-sao-recuperadas\">Motos furtadas do Detran de Peru\u00edbe s\u00e3o recuperadas<\/a><\/p>\n<\/div>\n","protected":false},"excerpt":{"rendered":"<p>Duas carretas e um carro bateram na Pista Sul da Rodovia Anchieta, em Cubat\u00e3o, nessa quarta-feira (15). Uma pessoa chegou a ficar presa nas ferragens, mas foi resgatada com vida, de acordo com informa\u00e7\u00f5es da Ag\u00eancia de Transporte do Estado de S\u00e3o Paulo (Artesp). Segundo o \u00f3rg\u00e3o, era por volta das 15h30 na pista sentido &hellip;<\/p>\n","protected":false},"author":6,"featured_media":86286,"comment_status":"open","ping_status":"closed","sticky":false,"template":"","format":"standard","meta":{"footnotes":""},"categories":[186,5],"tags":[7,22151,20375,6443,1024,1480,1607,117],"class_list":["post-86285","post","type-post","status-publish","format-standard","has-post-thumbnail","hentry","category-cubatao","category-transito","tag-acidente","tag-artesp","tag-carretas","tag-carro","tag-cubatao","tag-ecovias","tag-rodovia-anchieta","tag-transito"],"yoast_head":"<!-- This site is optimized with the Yoast SEO plugin v27.4 - https:\/\/yoast.com\/product\/yoast-seo-wordpress\/ -->\n<title>Carretas e um carro batem na Anchieta e uma pessoa fica presa nas ferragens - Litoral SP<\/title>\n<meta name=\"description\" content=\"Duas carretas e um carro bateram na Pista Sul da Rodovia Anchieta, em Cubat\u00e3o, nessa quarta-feira (15). Uma pessoa chegou a ficar\" \/>\n<meta name=\"robots\" content=\"index, follow, max-snippet:-1, max-image-preview:large, max-video-preview:-1\" \/>\n<link rel=\"canonical\" href=\"https:\/\/redenoticiaz.com.br\/litoralsp\/2022\/06\/16\/carretas-e-um-carro-batem-na-anchieta-e-uma-pessoa-fica-presa-nas-ferragens\" \/>\n<meta property=\"og:locale\" content=\"pt_BR\" \/>\n<meta property=\"og:type\" content=\"article\" \/>\n<meta property=\"og:title\" content=\"Carretas e um carro batem na Anchieta e uma pessoa fica presa nas ferragens - Litoral SP\" \/>\n<meta property=\"og:description\" content=\"Duas carretas e um carro bateram na Pista Sul da Rodovia Anchieta, em Cubat\u00e3o, nessa quarta-feira (15). Uma pessoa chegou a ficar\" \/>\n<meta property=\"og:url\" content=\"https:\/\/redenoticiaz.com.br\/litoralsp\/2022\/06\/16\/carretas-e-um-carro-batem-na-anchieta-e-uma-pessoa-fica-presa-nas-ferragens\" \/>\n<meta property=\"og:site_name\" content=\"Litoral SP\" \/>\n<meta property=\"article:published_time\" content=\"2022-06-16T12:54:58+00:00\" \/>\n<meta property=\"og:image\" content=\"https:\/\/redenoticiaz.com.br\/litoralsp\/wp-content\/uploads\/sites\/3\/2022\/06\/ANCHIETA-ACIDENTE.png\" \/>\n\t<meta property=\"og:image:width\" content=\"578\" \/>\n\t<meta property=\"og:image:height\" content=\"297\" \/>\n\t<meta property=\"og:image:type\" content=\"image\/png\" \/>\n<meta name=\"author\" content=\"Leonardo Francisco\" \/>\n<meta name=\"twitter:card\" content=\"summary_large_image\" \/>\n<meta name=\"twitter:label1\" content=\"Escrito por\" \/>\n\t<meta name=\"twitter:data1\" content=\"Leonardo Francisco\" \/>\n\t<meta name=\"twitter:label2\" content=\"Est. tempo de leitura\" \/>\n\t<meta name=\"twitter:data2\" content=\"1 minuto\" \/>\n<script type=\"application\/ld+json\" class=\"yoast-schema-graph\">{\"@context\":\"https:\\\/\\\/schema.org\",\"@graph\":[{\"@type\":\"Article\",\"@id\":\"https:\\\/\\\/redenoticiaz.com.br\\\/litoralsp\\\/2022\\\/06\\\/16\\\/carretas-e-um-carro-batem-na-anchieta-e-uma-pessoa-fica-presa-nas-ferragens#article\",\"isPartOf\":{\"@id\":\"https:\\\/\\\/redenoticiaz.com.br\\\/litoralsp\\\/2022\\\/06\\\/16\\\/carretas-e-um-carro-batem-na-anchieta-e-uma-pessoa-fica-presa-nas-ferragens\"},\"author\":{\"name\":\"Leonardo Francisco\",\"@id\":\"https:\\\/\\\/redenoticiaz.com.br\\\/litoralsp\\\/#\\\/schema\\\/person\\\/0f0b8a5bdafefe82841e07ae8d81ecb3\"},\"headline\":\"Carretas e um carro batem na Anchieta e uma pessoa fica presa nas ferragens\",\"datePublished\":\"2022-06-16T12:54:58+00:00\",\"mainEntityOfPage\":{\"@id\":\"https:\\\/\\\/redenoticiaz.com.br\\\/litoralsp\\\/2022\\\/06\\\/16\\\/carretas-e-um-carro-batem-na-anchieta-e-uma-pessoa-fica-presa-nas-ferragens\"},\"wordCount\":263,\"commentCount\":0,\"publisher\":{\"@id\":\"https:\\\/\\\/redenoticiaz.com.br\\\/litoralsp\\\/#organization\"},\"image\":{\"@id\":\"https:\\\/\\\/redenoticiaz.com.br\\\/litoralsp\\\/2022\\\/06\\\/16\\\/carretas-e-um-carro-batem-na-anchieta-e-uma-pessoa-fica-presa-nas-ferragens#primaryimage\"},\"thumbnailUrl\":\"https:\\\/\\\/redenoticiaz.com.br\\\/litoralsp\\\/wp-content\\\/uploads\\\/sites\\\/3\\\/2022\\\/06\\\/ANCHIETA-ACIDENTE.png\",\"keywords\":[\"acidente\",\"ARTESP\",\"CARRETAS\",\"carro\",\"CUBAT\u00c3O\",\"ECOVIAS\",\"RODOVIA ANCHIETA\",\"transito\"],\"articleSection\":[\"Cubat\u00e3o\",\"Tr\u00e2nsito\"],\"inLanguage\":\"pt-BR\",\"potentialAction\":[{\"@type\":\"CommentAction\",\"name\":\"Comment\",\"target\":[\"https:\\\/\\\/redenoticiaz.com.br\\\/litoralsp\\\/2022\\\/06\\\/16\\\/carretas-e-um-carro-batem-na-anchieta-e-uma-pessoa-fica-presa-nas-ferragens#respond\"]}]},{\"@type\":\"WebPage\",\"@id\":\"https:\\\/\\\/redenoticiaz.com.br\\\/litoralsp\\\/2022\\\/06\\\/16\\\/carretas-e-um-carro-batem-na-anchieta-e-uma-pessoa-fica-presa-nas-ferragens\",\"url\":\"https:\\\/\\\/redenoticiaz.com.br\\\/litoralsp\\\/2022\\\/06\\\/16\\\/carretas-e-um-carro-batem-na-anchieta-e-uma-pessoa-fica-presa-nas-ferragens\",\"name\":\"Carretas e um carro batem na Anchieta e uma pessoa fica presa nas ferragens - Litoral SP\",\"isPartOf\":{\"@id\":\"https:\\\/\\\/redenoticiaz.com.br\\\/litoralsp\\\/#website\"},\"primaryImageOfPage\":{\"@id\":\"https:\\\/\\\/redenoticiaz.com.br\\\/litoralsp\\\/2022\\\/06\\\/16\\\/carretas-e-um-carro-batem-na-anchieta-e-uma-pessoa-fica-presa-nas-ferragens#primaryimage\"},\"image\":{\"@id\":\"https:\\\/\\\/redenoticiaz.com.br\\\/litoralsp\\\/2022\\\/06\\\/16\\\/carretas-e-um-carro-batem-na-anchieta-e-uma-pessoa-fica-presa-nas-ferragens#primaryimage\"},\"thumbnailUrl\":\"https:\\\/\\\/redenoticiaz.com.br\\\/litoralsp\\\/wp-content\\\/uploads\\\/sites\\\/3\\\/2022\\\/06\\\/ANCHIETA-ACIDENTE.png\",\"datePublished\":\"2022-06-16T12:54:58+00:00\",\"description\":\"Duas carretas e um carro bateram na Pista Sul da Rodovia Anchieta, em Cubat\u00e3o, nessa quarta-feira (15). Uma pessoa chegou a ficar\",\"inLanguage\":\"pt-BR\",\"potentialAction\":[{\"@type\":\"ReadAction\",\"target\":[\"https:\\\/\\\/redenoticiaz.com.br\\\/litoralsp\\\/2022\\\/06\\\/16\\\/carretas-e-um-carro-batem-na-anchieta-e-uma-pessoa-fica-presa-nas-ferragens\"]}]},{\"@type\":\"ImageObject\",\"inLanguage\":\"pt-BR\",\"@id\":\"https:\\\/\\\/redenoticiaz.com.br\\\/litoralsp\\\/2022\\\/06\\\/16\\\/carretas-e-um-carro-batem-na-anchieta-e-uma-pessoa-fica-presa-nas-ferragens#primaryimage\",\"url\":\"https:\\\/\\\/redenoticiaz.com.br\\\/litoralsp\\\/wp-content\\\/uploads\\\/sites\\\/3\\\/2022\\\/06\\\/ANCHIETA-ACIDENTE.png\",\"contentUrl\":\"https:\\\/\\\/redenoticiaz.com.br\\\/litoralsp\\\/wp-content\\\/uploads\\\/sites\\\/3\\\/2022\\\/06\\\/ANCHIETA-ACIDENTE.png\",\"width\":578,\"height\":297,\"caption\":\"Cr\u00e9ditos: Divulga\u00e7\u00e3o\\\/Artesp\"},{\"@type\":\"WebSite\",\"@id\":\"https:\\\/\\\/redenoticiaz.com.br\\\/litoralsp\\\/#website\",\"url\":\"https:\\\/\\\/redenoticiaz.com.br\\\/litoralsp\\\/\",\"name\":\"Litoral SP\",\"description\":\"Rede NoticiaZ\",\"publisher\":{\"@id\":\"https:\\\/\\\/redenoticiaz.com.br\\\/litoralsp\\\/#organization\"},\"potentialAction\":[{\"@type\":\"SearchAction\",\"target\":{\"@type\":\"EntryPoint\",\"urlTemplate\":\"https:\\\/\\\/redenoticiaz.com.br\\\/litoralsp\\\/?s={search_term_string}\"},\"query-input\":{\"@type\":\"PropertyValueSpecification\",\"valueRequired\":true,\"valueName\":\"search_term_string\"}}],\"inLanguage\":\"pt-BR\"},{\"@type\":\"Organization\",\"@id\":\"https:\\\/\\\/redenoticiaz.com.br\\\/litoralsp\\\/#organization\",\"name\":\"Litoral SP\",\"url\":\"https:\\\/\\\/redenoticiaz.com.br\\\/litoralsp\\\/\",\"logo\":{\"@type\":\"ImageObject\",\"inLanguage\":\"pt-BR\",\"@id\":\"https:\\\/\\\/redenoticiaz.com.br\\\/litoralsp\\\/#\\\/schema\\\/logo\\\/image\\\/\",\"url\":\"https:\\\/\\\/redenoticiaz.com.br\\\/litoralsp\\\/wp-content\\\/uploads\\\/sites\\\/3\\\/2020\\\/11\\\/logo.jpg\",\"contentUrl\":\"https:\\\/\\\/redenoticiaz.com.br\\\/litoralsp\\\/wp-content\\\/uploads\\\/sites\\\/3\\\/2020\\\/11\\\/logo.jpg\",\"width\":400,\"height\":250,\"caption\":\"Litoral SP\"},\"image\":{\"@id\":\"https:\\\/\\\/redenoticiaz.com.br\\\/litoralsp\\\/#\\\/schema\\\/logo\\\/image\\\/\"}},{\"@type\":\"Person\",\"@id\":\"https:\\\/\\\/redenoticiaz.com.br\\\/litoralsp\\\/#\\\/schema\\\/person\\\/0f0b8a5bdafefe82841e07ae8d81ecb3\",\"name\":\"Leonardo Francisco\",\"image\":{\"@type\":\"ImageObject\",\"inLanguage\":\"pt-BR\",\"@id\":\"https:\\\/\\\/secure.gravatar.com\\\/avatar\\\/a7358cb406a99b682ec6df1e77e31ae82e63601f6784e8a3df411d72b37864da?s=96&d=mm&r=g\",\"url\":\"https:\\\/\\\/secure.gravatar.com\\\/avatar\\\/a7358cb406a99b682ec6df1e77e31ae82e63601f6784e8a3df411d72b37864da?s=96&d=mm&r=g\",\"contentUrl\":\"https:\\\/\\\/secure.gravatar.com\\\/avatar\\\/a7358cb406a99b682ec6df1e77e31ae82e63601f6784e8a3df411d72b37864da?s=96&d=mm&r=g\",\"caption\":\"Leonardo Francisco\"},\"url\":\"https:\\\/\\\/redenoticiaz.com.br\\\/litoralsp\\\/author\\\/leonardo-francisco\"}]}<\/script>\n<!-- \/ Yoast SEO plugin. -->","yoast_head_json":{"title":"Carretas e um carro batem na Anchieta e uma pessoa fica presa nas ferragens - Litoral SP","description":"Duas carretas e um carro bateram na Pista Sul da Rodovia Anchieta, em Cubat\u00e3o, nessa quarta-feira (15). Uma pessoa chegou a ficar","robots":{"index":"index","follow":"follow","max-snippet":"max-snippet:-1","max-image-preview":"max-image-preview:large","max-video-preview":"max-video-preview:-1"},"canonical":"https:\/\/redenoticiaz.com.br\/litoralsp\/2022\/06\/16\/carretas-e-um-carro-batem-na-anchieta-e-uma-pessoa-fica-presa-nas-ferragens","og_locale":"pt_BR","og_type":"article","og_title":"Carretas e um carro batem na Anchieta e uma pessoa fica presa nas ferragens - Litoral SP","og_description":"Duas carretas e um carro bateram na Pista Sul da Rodovia Anchieta, em Cubat\u00e3o, nessa quarta-feira (15). Uma pessoa chegou a ficar","og_url":"https:\/\/redenoticiaz.com.br\/litoralsp\/2022\/06\/16\/carretas-e-um-carro-batem-na-anchieta-e-uma-pessoa-fica-presa-nas-ferragens","og_site_name":"Litoral SP","article_published_time":"2022-06-16T12:54:58+00:00","og_image":[{"width":578,"height":297,"url":"https:\/\/redenoticiaz.com.br\/litoralsp\/wp-content\/uploads\/sites\/3\/2022\/06\/ANCHIETA-ACIDENTE.png","type":"image\/png"}],"author":"Leonardo Francisco","twitter_card":"summary_large_image","twitter_misc":{"Escrito por":"Leonardo Francisco","Est. tempo de leitura":"1 minuto"},"schema":{"@context":"https:\/\/schema.org","@graph":[{"@type":"Article","@id":"https:\/\/redenoticiaz.com.br\/litoralsp\/2022\/06\/16\/carretas-e-um-carro-batem-na-anchieta-e-uma-pessoa-fica-presa-nas-ferragens#article","isPartOf":{"@id":"https:\/\/redenoticiaz.com.br\/litoralsp\/2022\/06\/16\/carretas-e-um-carro-batem-na-anchieta-e-uma-pessoa-fica-presa-nas-ferragens"},"author":{"name":"Leonardo Francisco","@id":"https:\/\/redenoticiaz.com.br\/litoralsp\/#\/schema\/person\/0f0b8a5bdafefe82841e07ae8d81ecb3"},"headline":"Carretas e um carro batem na Anchieta e uma pessoa fica presa nas ferragens","datePublished":"2022-06-16T12:54:58+00:00","mainEntityOfPage":{"@id":"https:\/\/redenoticiaz.com.br\/litoralsp\/2022\/06\/16\/carretas-e-um-carro-batem-na-anchieta-e-uma-pessoa-fica-presa-nas-ferragens"},"wordCount":263,"commentCount":0,"publisher":{"@id":"https:\/\/redenoticiaz.com.br\/litoralsp\/#organization"},"image":{"@id":"https:\/\/redenoticiaz.com.br\/litoralsp\/2022\/06\/16\/carretas-e-um-carro-batem-na-anchieta-e-uma-pessoa-fica-presa-nas-ferragens#primaryimage"},"thumbnailUrl":"https:\/\/redenoticiaz.com.br\/litoralsp\/wp-content\/uploads\/sites\/3\/2022\/06\/ANCHIETA-ACIDENTE.png","keywords":["acidente","ARTESP","CARRETAS","carro","CUBAT\u00c3O","ECOVIAS","RODOVIA ANCHIETA","transito"],"articleSection":["Cubat\u00e3o","Tr\u00e2nsito"],"inLanguage":"pt-BR","potentialAction":[{"@type":"CommentAction","name":"Comment","target":["https:\/\/redenoticiaz.com.br\/litoralsp\/2022\/06\/16\/carretas-e-um-carro-batem-na-anchieta-e-uma-pessoa-fica-presa-nas-ferragens#respond"]}]},{"@type":"WebPage","@id":"https:\/\/redenoticiaz.com.br\/litoralsp\/2022\/06\/16\/carretas-e-um-carro-batem-na-anchieta-e-uma-pessoa-fica-presa-nas-ferragens","url":"https:\/\/redenoticiaz.com.br\/litoralsp\/2022\/06\/16\/carretas-e-um-carro-batem-na-anchieta-e-uma-pessoa-fica-presa-nas-ferragens","name":"Carretas e um carro batem na Anchieta e uma pessoa fica presa nas ferragens - Litoral SP","isPartOf":{"@id":"https:\/\/redenoticiaz.com.br\/litoralsp\/#website"},"primaryImageOfPage":{"@id":"https:\/\/redenoticiaz.com.br\/litoralsp\/2022\/06\/16\/carretas-e-um-carro-batem-na-anchieta-e-uma-pessoa-fica-presa-nas-ferragens#primaryimage"},"image":{"@id":"https:\/\/redenoticiaz.com.br\/litoralsp\/2022\/06\/16\/carretas-e-um-carro-batem-na-anchieta-e-uma-pessoa-fica-presa-nas-ferragens#primaryimage"},"thumbnailUrl":"https:\/\/redenoticiaz.com.br\/litoralsp\/wp-content\/uploads\/sites\/3\/2022\/06\/ANCHIETA-ACIDENTE.png","datePublished":"2022-06-16T12:54:58+00:00","description":"Duas carretas e um carro bateram na Pista Sul da Rodovia Anchieta, em Cubat\u00e3o, nessa quarta-feira (15). Uma pessoa chegou a ficar","inLanguage":"pt-BR","potentialAction":[{"@type":"ReadAction","target":["https:\/\/redenoticiaz.com.br\/litoralsp\/2022\/06\/16\/carretas-e-um-carro-batem-na-anchieta-e-uma-pessoa-fica-presa-nas-ferragens"]}]},{"@type":"ImageObject","inLanguage":"pt-BR","@id":"https:\/\/redenoticiaz.com.br\/litoralsp\/2022\/06\/16\/carretas-e-um-carro-batem-na-anchieta-e-uma-pessoa-fica-presa-nas-ferragens#primaryimage","url":"https:\/\/redenoticiaz.com.br\/litoralsp\/wp-content\/uploads\/sites\/3\/2022\/06\/ANCHIETA-ACIDENTE.png","contentUrl":"https:\/\/redenoticiaz.com.br\/litoralsp\/wp-content\/uploads\/sites\/3\/2022\/06\/ANCHIETA-ACIDENTE.png","width":578,"height":297,"caption":"Cr\u00e9ditos: Divulga\u00e7\u00e3o\/Artesp"},{"@type":"WebSite","@id":"https:\/\/redenoticiaz.com.br\/litoralsp\/#website","url":"https:\/\/redenoticiaz.com.br\/litoralsp\/","name":"Litoral SP","description":"Rede NoticiaZ","publisher":{"@id":"https:\/\/redenoticiaz.com.br\/litoralsp\/#organization"},"potentialAction":[{"@type":"SearchAction","target":{"@type":"EntryPoint","urlTemplate":"https:\/\/redenoticiaz.com.br\/litoralsp\/?s={search_term_string}"},"query-input":{"@type":"PropertyValueSpecification","valueRequired":true,"valueName":"search_term_string"}}],"inLanguage":"pt-BR"},{"@type":"Organization","@id":"https:\/\/redenoticiaz.com.br\/litoralsp\/#organization","name":"Litoral SP","url":"https:\/\/redenoticiaz.com.br\/litoralsp\/","logo":{"@type":"ImageObject","inLanguage":"pt-BR","@id":"https:\/\/redenoticiaz.com.br\/litoralsp\/#\/schema\/logo\/image\/","url":"https:\/\/redenoticiaz.com.br\/litoralsp\/wp-content\/uploads\/sites\/3\/2020\/11\/logo.jpg","contentUrl":"https:\/\/redenoticiaz.com.br\/litoralsp\/wp-content\/uploads\/sites\/3\/2020\/11\/logo.jpg","width":400,"height":250,"caption":"Litoral SP"},"image":{"@id":"https:\/\/redenoticiaz.com.br\/litoralsp\/#\/schema\/logo\/image\/"}},{"@type":"Person","@id":"https:\/\/redenoticiaz.com.br\/litoralsp\/#\/schema\/person\/0f0b8a5bdafefe82841e07ae8d81ecb3","name":"Leonardo Francisco","image":{"@type":"ImageObject","inLanguage":"pt-BR","@id":"https:\/\/secure.gravatar.com\/avatar\/a7358cb406a99b682ec6df1e77e31ae82e63601f6784e8a3df411d72b37864da?s=96&d=mm&r=g","url":"https:\/\/secure.gravatar.com\/avatar\/a7358cb406a99b682ec6df1e77e31ae82e63601f6784e8a3df411d72b37864da?s=96&d=mm&r=g","contentUrl":"https:\/\/secure.gravatar.com\/avatar\/a7358cb406a99b682ec6df1e77e31ae82e63601f6784e8a3df411d72b37864da?s=96&d=mm&r=g","caption":"Leonardo Francisco"},"url":"https:\/\/redenoticiaz.com.br\/litoralsp\/author\/leonardo-francisco"}]}},"_links":{"self":[{"href":"https:\/\/redenoticiaz.com.br\/litoralsp\/wp-json\/wp\/v2\/posts\/86285","targetHints":{"allow":["GET"]}}],"collection":[{"href":"https:\/\/redenoticiaz.com.br\/litoralsp\/wp-json\/wp\/v2\/posts"}],"about":[{"href":"https:\/\/redenoticiaz.com.br\/litoralsp\/wp-json\/wp\/v2\/types\/post"}],"author":[{"embeddable":true,"href":"https:\/\/redenoticiaz.com.br\/litoralsp\/wp-json\/wp\/v2\/users\/6"}],"replies":[{"embeddable":true,"href":"https:\/\/redenoticiaz.com.br\/litoralsp\/wp-json\/wp\/v2\/comments?post=86285"}],"version-history":[{"count":1,"href":"https:\/\/redenoticiaz.com.br\/litoralsp\/wp-json\/wp\/v2\/posts\/86285\/revisions"}],"predecessor-version":[{"id":86287,"href":"https:\/\/redenoticiaz.com.br\/litoralsp\/wp-json\/wp\/v2\/posts\/86285\/revisions\/86287"}],"wp:featuredmedia":[{"embeddable":true,"href":"https:\/\/redenoticiaz.com.br\/litoralsp\/wp-json\/wp\/v2\/media\/86286"}],"wp:attachment":[{"href":"https:\/\/redenoticiaz.com.br\/litoralsp\/wp-json\/wp\/v2\/media?parent=86285"}],"wp:term":[{"taxonomy":"category","embeddable":true,"href":"https:\/\/redenoticiaz.com.br\/litoralsp\/wp-json\/wp\/v2\/categories?post=86285"},{"taxonomy":"post_tag","embeddable":true,"href":"https:\/\/redenoticiaz.com.br\/litoralsp\/wp-json\/wp\/v2\/tags?post=86285"}],"curies":[{"name":"wp","href":"https:\/\/api.w.org\/{rel}","templated":true}]}}