{"id":86288,"date":"2022-06-16T10:05:25","date_gmt":"2022-06-16T13:05:25","guid":{"rendered":"https:\/\/redenoticiaz.com.br\/litoralsp\/?p=86288"},"modified":"2022-06-16T10:05:25","modified_gmt":"2022-06-16T13:05:25","slug":"concursos-publicos-de-praia-grande-serao-investigados-pelos-vereadores","status":"publish","type":"post","link":"https:\/\/redenoticiaz.com.br\/litoralsp\/2022\/06\/16\/concursos-publicos-de-praia-grande-serao-investigados-pelos-vereadores","title":{"rendered":"Concursos p\u00fablicos de Praia Grande ser\u00e3o investigados pelos vereadores"},"content":{"rendered":"<p>Foi criada uma Comiss\u00e3o Especial de Inqu\u00e9rito (CEI) por 11 vereadores de <a href=\"https:\/\/www.praiagrande.sp.gov.br\/pgnoticias\/\">Praia Grande<\/a>, com o objetivo de investigar e apurar se houveram <strong>irregularidades em concursos p\u00fablicos<\/strong>. Eles seriam feitos para preencher vagas da C\u00e2mara Municipal da cidade.<\/p>\n<p>A Procuradoria da C\u00e2mara de Praia Grande procurou alguns parlamentares para apurar poss\u00edveis inconsist\u00eancias em concursos p\u00fablicos desde 2000. Al\u00e9m disso, as den\u00fancias acabaram circulando nas redes sociais. Diante da situa\u00e7\u00e3o, o autor da proposta, Rodrigo Ros\u00e1rio dos Santos (PP), decidiu levar o assunto ao plen\u00e1rio na ter\u00e7a-feira (14), que foi aprovado de imediato pelos demais.<\/p>\n<div class=\"mc-column content-text active-extra-styles \" data-block-type=\"unstyled\" data-block-weight=\"37\" data-block-id=\"4\">\n<p class=\"content-text__container \" data-track-category=\"Link no Texto\" data-track-links=\"\">A Comiss\u00e3o Especial de Investiga\u00e7\u00e3o ser\u00e1 formada por 11 vereadores, um de cada partido, e ter\u00e1 90 dias para concluir um relat\u00f3rio. Ele ser\u00e1 encaminhado ao Minist\u00e9rio P\u00fablico. e se houver necessidade, o prazo poder\u00e1 ser prorrogado.<\/p>\n<div class=\"mc-column content-text active-extra-styles \" data-block-type=\"unstyled\" data-block-weight=\"22\" data-block-id=\"6\">\n<p class=\"content-text__container \" data-track-category=\"Link no Texto\" data-track-links=\"\">Atualmente, segundo Rodrigo Ros\u00e1rio, a C\u00e2mara Municipal possui 65 cargos preenchidos por concurso p\u00fablico. Os \u00faltimos cinco concursos tamb\u00e9m ser\u00e3o investigados.<\/p>\n<\/div>\n<div class=\"mc-column content-text active-extra-styles \" data-block-type=\"unstyled\" data-block-weight=\"28\" data-block-id=\"7\">\n<p class=\"content-text__container \" data-track-category=\"Link no Texto\" data-track-links=\"\">De acordo com a C\u00e2mara Municipal de Praia Grande, o objetivo da Comiss\u00e3o \u00e9 sanar qualquer d\u00favida sobre os concursos p\u00fablicos, pois tiveram den\u00fancias, sem provas ou fatos.<\/p>\n<p data-track-category=\"Link no Texto\" data-track-links=\"\"><strong>LEIA TAMB\u00c9M<\/strong><\/p>\n<p data-track-category=\"Link no Texto\" data-track-links=\"\"><a href=\"https:\/\/redenoticiaz.com.br\/litoralsp\/2022\/06\/15\/valter-suman-pode-voltar-a-prefeitura-de-guaruja\">V\u00e1lter Suman pode voltar a Prefeitura de Guaruj\u00e1<\/a><\/p>\n<\/div>\n<\/div>\n<div class=\"content-ads content-ads--reveal\" data-block-type=\"ads\" data-block-id=\"5\">\n<div id=\"banner_materia2\" class=\"tag-manager-publicidade-container mc-has-reveal mc-has-ad-lazyload tag-manager-publicidade-banner_materia2 tag-manager-publicidade-container--carregado tag-manager-publicidade-container--visivel\" data-id=\"banner_materia2\" data-req=\"true\" data-google-query-id=\"CLn52I2DsvgCFQMcuQYdviIPdA\" data-cid=\"138394431705\" data-lid=\"6036599169\"><\/div>\n<\/div>\n","protected":false},"excerpt":{"rendered":"<p>Foi criada uma Comiss\u00e3o Especial de Inqu\u00e9rito (CEI) por 11 vereadores de Praia Grande, com o objetivo de investigar e apurar se houveram irregularidades em concursos p\u00fablicos. Eles seriam feitos para preencher vagas da C\u00e2mara Municipal da cidade. A Procuradoria da C\u00e2mara de Praia Grande procurou alguns parlamentares para apurar poss\u00edveis inconsist\u00eancias em concursos p\u00fablicos &hellip;<\/p>\n","protected":false},"author":6,"featured_media":16827,"comment_status":"open","ping_status":"closed","sticky":false,"template":"","format":"standard","meta":{"footnotes":""},"categories":[22,182],"tags":[14253,57245,9783,1101,57246],"class_list":["post-86288","post","type-post","status-publish","format-standard","has-post-thumbnail","hentry","category-justica","category-praia-grande","tag-camara-municipal","tag-camara-municipal-de-praia-grande","tag-investigacoes","tag-praia-grande","tag-supostas-irregularidades"],"yoast_head":"<!-- This site is optimized with the Yoast SEO plugin v27.4 - https:\/\/yoast.com\/product\/yoast-seo-wordpress\/ -->\n<title>Concursos p\u00fablicos de Praia Grande ser\u00e3o investigados pelos vereadores - Litoral SP<\/title>\n<meta name=\"description\" content=\"por 11 vereadores de Praia Grande, com o objetivo de investigar e apurar se houveram irregularidades em concursos p\u00fablicos. Eles\" \/>\n<meta name=\"robots\" content=\"index, follow, max-snippet:-1, max-image-preview:large, max-video-preview:-1\" \/>\n<link rel=\"canonical\" href=\"https:\/\/redenoticiaz.com.br\/litoralsp\/2022\/06\/16\/concursos-publicos-de-praia-grande-serao-investigados-pelos-vereadores\" \/>\n<meta property=\"og:locale\" content=\"pt_BR\" \/>\n<meta property=\"og:type\" content=\"article\" \/>\n<meta property=\"og:title\" content=\"Concursos p\u00fablicos de Praia Grande ser\u00e3o investigados pelos vereadores - Litoral SP\" \/>\n<meta property=\"og:description\" content=\"por 11 vereadores de Praia Grande, com o objetivo de investigar e apurar se houveram irregularidades em concursos p\u00fablicos. Eles\" \/>\n<meta property=\"og:url\" content=\"https:\/\/redenoticiaz.com.br\/litoralsp\/2022\/06\/16\/concursos-publicos-de-praia-grande-serao-investigados-pelos-vereadores\" \/>\n<meta property=\"og:site_name\" content=\"Litoral SP\" \/>\n<meta property=\"article:published_time\" content=\"2022-06-16T13:05:25+00:00\" \/>\n<meta property=\"og:image\" content=\"https:\/\/redenoticiaz.com.br\/litoralsp\/wp-content\/uploads\/sites\/3\/2021\/10\/image-2-8.jpg\" \/>\n\t<meta property=\"og:image:width\" content=\"900\" \/>\n\t<meta property=\"og:image:height\" content=\"600\" \/>\n\t<meta property=\"og:image:type\" content=\"image\/jpeg\" \/>\n<meta name=\"author\" content=\"Leonardo Francisco\" \/>\n<meta name=\"twitter:card\" content=\"summary_large_image\" \/>\n<meta name=\"twitter:label1\" content=\"Escrito por\" \/>\n\t<meta name=\"twitter:data1\" content=\"Leonardo Francisco\" \/>\n\t<meta name=\"twitter:label2\" content=\"Est. tempo de leitura\" \/>\n\t<meta name=\"twitter:data2\" content=\"1 minuto\" \/>\n<script type=\"application\/ld+json\" class=\"yoast-schema-graph\">{\"@context\":\"https:\\\/\\\/schema.org\",\"@graph\":[{\"@type\":\"Article\",\"@id\":\"https:\\\/\\\/redenoticiaz.com.br\\\/litoralsp\\\/2022\\\/06\\\/16\\\/concursos-publicos-de-praia-grande-serao-investigados-pelos-vereadores#article\",\"isPartOf\":{\"@id\":\"https:\\\/\\\/redenoticiaz.com.br\\\/litoralsp\\\/2022\\\/06\\\/16\\\/concursos-publicos-de-praia-grande-serao-investigados-pelos-vereadores\"},\"author\":{\"name\":\"Leonardo Francisco\",\"@id\":\"https:\\\/\\\/redenoticiaz.com.br\\\/litoralsp\\\/#\\\/schema\\\/person\\\/0f0b8a5bdafefe82841e07ae8d81ecb3\"},\"headline\":\"Concursos p\u00fablicos de Praia Grande ser\u00e3o investigados pelos vereadores\",\"datePublished\":\"2022-06-16T13:05:25+00:00\",\"mainEntityOfPage\":{\"@id\":\"https:\\\/\\\/redenoticiaz.com.br\\\/litoralsp\\\/2022\\\/06\\\/16\\\/concursos-publicos-de-praia-grande-serao-investigados-pelos-vereadores\"},\"wordCount\":225,\"commentCount\":0,\"publisher\":{\"@id\":\"https:\\\/\\\/redenoticiaz.com.br\\\/litoralsp\\\/#organization\"},\"image\":{\"@id\":\"https:\\\/\\\/redenoticiaz.com.br\\\/litoralsp\\\/2022\\\/06\\\/16\\\/concursos-publicos-de-praia-grande-serao-investigados-pelos-vereadores#primaryimage\"},\"thumbnailUrl\":\"https:\\\/\\\/redenoticiaz.com.br\\\/litoralsp\\\/wp-content\\\/uploads\\\/sites\\\/3\\\/2021\\\/10\\\/image-2-8.jpg\",\"keywords\":[\"C\u00c2MARA MUNICIPAL\",\"C\u00c2MARA MUNICIPAL DE PRAIA GRANDE\",\"INVESTIGA\u00c7\u00d5ES\",\"PRAIA GRANDE\",\"SUPOSTAS IRREGULARIDADES\"],\"articleSection\":[\"Justi\u00e7a\",\"Praia Grande\"],\"inLanguage\":\"pt-BR\",\"potentialAction\":[{\"@type\":\"CommentAction\",\"name\":\"Comment\",\"target\":[\"https:\\\/\\\/redenoticiaz.com.br\\\/litoralsp\\\/2022\\\/06\\\/16\\\/concursos-publicos-de-praia-grande-serao-investigados-pelos-vereadores#respond\"]}]},{\"@type\":\"WebPage\",\"@id\":\"https:\\\/\\\/redenoticiaz.com.br\\\/litoralsp\\\/2022\\\/06\\\/16\\\/concursos-publicos-de-praia-grande-serao-investigados-pelos-vereadores\",\"url\":\"https:\\\/\\\/redenoticiaz.com.br\\\/litoralsp\\\/2022\\\/06\\\/16\\\/concursos-publicos-de-praia-grande-serao-investigados-pelos-vereadores\",\"name\":\"Concursos p\u00fablicos de Praia Grande ser\u00e3o investigados pelos vereadores - Litoral SP\",\"isPartOf\":{\"@id\":\"https:\\\/\\\/redenoticiaz.com.br\\\/litoralsp\\\/#website\"},\"primaryImageOfPage\":{\"@id\":\"https:\\\/\\\/redenoticiaz.com.br\\\/litoralsp\\\/2022\\\/06\\\/16\\\/concursos-publicos-de-praia-grande-serao-investigados-pelos-vereadores#primaryimage\"},\"image\":{\"@id\":\"https:\\\/\\\/redenoticiaz.com.br\\\/litoralsp\\\/2022\\\/06\\\/16\\\/concursos-publicos-de-praia-grande-serao-investigados-pelos-vereadores#primaryimage\"},\"thumbnailUrl\":\"https:\\\/\\\/redenoticiaz.com.br\\\/litoralsp\\\/wp-content\\\/uploads\\\/sites\\\/3\\\/2021\\\/10\\\/image-2-8.jpg\",\"datePublished\":\"2022-06-16T13:05:25+00:00\",\"description\":\"por 11 vereadores de Praia Grande, com o objetivo de investigar e apurar se houveram irregularidades em concursos p\u00fablicos. Eles\",\"inLanguage\":\"pt-BR\",\"potentialAction\":[{\"@type\":\"ReadAction\",\"target\":[\"https:\\\/\\\/redenoticiaz.com.br\\\/litoralsp\\\/2022\\\/06\\\/16\\\/concursos-publicos-de-praia-grande-serao-investigados-pelos-vereadores\"]}]},{\"@type\":\"ImageObject\",\"inLanguage\":\"pt-BR\",\"@id\":\"https:\\\/\\\/redenoticiaz.com.br\\\/litoralsp\\\/2022\\\/06\\\/16\\\/concursos-publicos-de-praia-grande-serao-investigados-pelos-vereadores#primaryimage\",\"url\":\"https:\\\/\\\/redenoticiaz.com.br\\\/litoralsp\\\/wp-content\\\/uploads\\\/sites\\\/3\\\/2021\\\/10\\\/image-2-8.jpg\",\"contentUrl\":\"https:\\\/\\\/redenoticiaz.com.br\\\/litoralsp\\\/wp-content\\\/uploads\\\/sites\\\/3\\\/2021\\\/10\\\/image-2-8.jpg\",\"width\":900,\"height\":600,\"caption\":\"Foto: C\u00e2mara Municipal de Praia Grande\"},{\"@type\":\"WebSite\",\"@id\":\"https:\\\/\\\/redenoticiaz.com.br\\\/litoralsp\\\/#website\",\"url\":\"https:\\\/\\\/redenoticiaz.com.br\\\/litoralsp\\\/\",\"name\":\"Litoral SP\",\"description\":\"Rede NoticiaZ\",\"publisher\":{\"@id\":\"https:\\\/\\\/redenoticiaz.com.br\\\/litoralsp\\\/#organization\"},\"potentialAction\":[{\"@type\":\"SearchAction\",\"target\":{\"@type\":\"EntryPoint\",\"urlTemplate\":\"https:\\\/\\\/redenoticiaz.com.br\\\/litoralsp\\\/?s={search_term_string}\"},\"query-input\":{\"@type\":\"PropertyValueSpecification\",\"valueRequired\":true,\"valueName\":\"search_term_string\"}}],\"inLanguage\":\"pt-BR\"},{\"@type\":\"Organization\",\"@id\":\"https:\\\/\\\/redenoticiaz.com.br\\\/litoralsp\\\/#organization\",\"name\":\"Litoral SP\",\"url\":\"https:\\\/\\\/redenoticiaz.com.br\\\/litoralsp\\\/\",\"logo\":{\"@type\":\"ImageObject\",\"inLanguage\":\"pt-BR\",\"@id\":\"https:\\\/\\\/redenoticiaz.com.br\\\/litoralsp\\\/#\\\/schema\\\/logo\\\/image\\\/\",\"url\":\"https:\\\/\\\/redenoticiaz.com.br\\\/litoralsp\\\/wp-content\\\/uploads\\\/sites\\\/3\\\/2020\\\/11\\\/logo.jpg\",\"contentUrl\":\"https:\\\/\\\/redenoticiaz.com.br\\\/litoralsp\\\/wp-content\\\/uploads\\\/sites\\\/3\\\/2020\\\/11\\\/logo.jpg\",\"width\":400,\"height\":250,\"caption\":\"Litoral SP\"},\"image\":{\"@id\":\"https:\\\/\\\/redenoticiaz.com.br\\\/litoralsp\\\/#\\\/schema\\\/logo\\\/image\\\/\"}},{\"@type\":\"Person\",\"@id\":\"https:\\\/\\\/redenoticiaz.com.br\\\/litoralsp\\\/#\\\/schema\\\/person\\\/0f0b8a5bdafefe82841e07ae8d81ecb3\",\"name\":\"Leonardo Francisco\",\"image\":{\"@type\":\"ImageObject\",\"inLanguage\":\"pt-BR\",\"@id\":\"https:\\\/\\\/secure.gravatar.com\\\/avatar\\\/a7358cb406a99b682ec6df1e77e31ae82e63601f6784e8a3df411d72b37864da?s=96&d=mm&r=g\",\"url\":\"https:\\\/\\\/secure.gravatar.com\\\/avatar\\\/a7358cb406a99b682ec6df1e77e31ae82e63601f6784e8a3df411d72b37864da?s=96&d=mm&r=g\",\"contentUrl\":\"https:\\\/\\\/secure.gravatar.com\\\/avatar\\\/a7358cb406a99b682ec6df1e77e31ae82e63601f6784e8a3df411d72b37864da?s=96&d=mm&r=g\",\"caption\":\"Leonardo Francisco\"},\"url\":\"https:\\\/\\\/redenoticiaz.com.br\\\/litoralsp\\\/author\\\/leonardo-francisco\"}]}<\/script>\n<!-- \/ Yoast SEO plugin. -->","yoast_head_json":{"title":"Concursos p\u00fablicos de Praia Grande ser\u00e3o investigados pelos vereadores - Litoral SP","description":"por 11 vereadores de Praia Grande, com o objetivo de investigar e apurar se houveram irregularidades em concursos p\u00fablicos. Eles","robots":{"index":"index","follow":"follow","max-snippet":"max-snippet:-1","max-image-preview":"max-image-preview:large","max-video-preview":"max-video-preview:-1"},"canonical":"https:\/\/redenoticiaz.com.br\/litoralsp\/2022\/06\/16\/concursos-publicos-de-praia-grande-serao-investigados-pelos-vereadores","og_locale":"pt_BR","og_type":"article","og_title":"Concursos p\u00fablicos de Praia Grande ser\u00e3o investigados pelos vereadores - Litoral SP","og_description":"por 11 vereadores de Praia Grande, com o objetivo de investigar e apurar se houveram irregularidades em concursos p\u00fablicos. Eles","og_url":"https:\/\/redenoticiaz.com.br\/litoralsp\/2022\/06\/16\/concursos-publicos-de-praia-grande-serao-investigados-pelos-vereadores","og_site_name":"Litoral SP","article_published_time":"2022-06-16T13:05:25+00:00","og_image":[{"width":900,"height":600,"url":"https:\/\/redenoticiaz.com.br\/litoralsp\/wp-content\/uploads\/sites\/3\/2021\/10\/image-2-8.jpg","type":"image\/jpeg"}],"author":"Leonardo Francisco","twitter_card":"summary_large_image","twitter_misc":{"Escrito por":"Leonardo Francisco","Est. tempo de leitura":"1 minuto"},"schema":{"@context":"https:\/\/schema.org","@graph":[{"@type":"Article","@id":"https:\/\/redenoticiaz.com.br\/litoralsp\/2022\/06\/16\/concursos-publicos-de-praia-grande-serao-investigados-pelos-vereadores#article","isPartOf":{"@id":"https:\/\/redenoticiaz.com.br\/litoralsp\/2022\/06\/16\/concursos-publicos-de-praia-grande-serao-investigados-pelos-vereadores"},"author":{"name":"Leonardo Francisco","@id":"https:\/\/redenoticiaz.com.br\/litoralsp\/#\/schema\/person\/0f0b8a5bdafefe82841e07ae8d81ecb3"},"headline":"Concursos p\u00fablicos de Praia Grande ser\u00e3o investigados pelos vereadores","datePublished":"2022-06-16T13:05:25+00:00","mainEntityOfPage":{"@id":"https:\/\/redenoticiaz.com.br\/litoralsp\/2022\/06\/16\/concursos-publicos-de-praia-grande-serao-investigados-pelos-vereadores"},"wordCount":225,"commentCount":0,"publisher":{"@id":"https:\/\/redenoticiaz.com.br\/litoralsp\/#organization"},"image":{"@id":"https:\/\/redenoticiaz.com.br\/litoralsp\/2022\/06\/16\/concursos-publicos-de-praia-grande-serao-investigados-pelos-vereadores#primaryimage"},"thumbnailUrl":"https:\/\/redenoticiaz.com.br\/litoralsp\/wp-content\/uploads\/sites\/3\/2021\/10\/image-2-8.jpg","keywords":["C\u00c2MARA MUNICIPAL","C\u00c2MARA MUNICIPAL DE PRAIA GRANDE","INVESTIGA\u00c7\u00d5ES","PRAIA GRANDE","SUPOSTAS IRREGULARIDADES"],"articleSection":["Justi\u00e7a","Praia Grande"],"inLanguage":"pt-BR","potentialAction":[{"@type":"CommentAction","name":"Comment","target":["https:\/\/redenoticiaz.com.br\/litoralsp\/2022\/06\/16\/concursos-publicos-de-praia-grande-serao-investigados-pelos-vereadores#respond"]}]},{"@type":"WebPage","@id":"https:\/\/redenoticiaz.com.br\/litoralsp\/2022\/06\/16\/concursos-publicos-de-praia-grande-serao-investigados-pelos-vereadores","url":"https:\/\/redenoticiaz.com.br\/litoralsp\/2022\/06\/16\/concursos-publicos-de-praia-grande-serao-investigados-pelos-vereadores","name":"Concursos p\u00fablicos de Praia Grande ser\u00e3o investigados pelos vereadores - Litoral SP","isPartOf":{"@id":"https:\/\/redenoticiaz.com.br\/litoralsp\/#website"},"primaryImageOfPage":{"@id":"https:\/\/redenoticiaz.com.br\/litoralsp\/2022\/06\/16\/concursos-publicos-de-praia-grande-serao-investigados-pelos-vereadores#primaryimage"},"image":{"@id":"https:\/\/redenoticiaz.com.br\/litoralsp\/2022\/06\/16\/concursos-publicos-de-praia-grande-serao-investigados-pelos-vereadores#primaryimage"},"thumbnailUrl":"https:\/\/redenoticiaz.com.br\/litoralsp\/wp-content\/uploads\/sites\/3\/2021\/10\/image-2-8.jpg","datePublished":"2022-06-16T13:05:25+00:00","description":"por 11 vereadores de Praia Grande, com o objetivo de investigar e apurar se houveram irregularidades em concursos p\u00fablicos. Eles","inLanguage":"pt-BR","potentialAction":[{"@type":"ReadAction","target":["https:\/\/redenoticiaz.com.br\/litoralsp\/2022\/06\/16\/concursos-publicos-de-praia-grande-serao-investigados-pelos-vereadores"]}]},{"@type":"ImageObject","inLanguage":"pt-BR","@id":"https:\/\/redenoticiaz.com.br\/litoralsp\/2022\/06\/16\/concursos-publicos-de-praia-grande-serao-investigados-pelos-vereadores#primaryimage","url":"https:\/\/redenoticiaz.com.br\/litoralsp\/wp-content\/uploads\/sites\/3\/2021\/10\/image-2-8.jpg","contentUrl":"https:\/\/redenoticiaz.com.br\/litoralsp\/wp-content\/uploads\/sites\/3\/2021\/10\/image-2-8.jpg","width":900,"height":600,"caption":"Foto: C\u00e2mara Municipal de Praia Grande"},{"@type":"WebSite","@id":"https:\/\/redenoticiaz.com.br\/litoralsp\/#website","url":"https:\/\/redenoticiaz.com.br\/litoralsp\/","name":"Litoral SP","description":"Rede NoticiaZ","publisher":{"@id":"https:\/\/redenoticiaz.com.br\/litoralsp\/#organization"},"potentialAction":[{"@type":"SearchAction","target":{"@type":"EntryPoint","urlTemplate":"https:\/\/redenoticiaz.com.br\/litoralsp\/?s={search_term_string}"},"query-input":{"@type":"PropertyValueSpecification","valueRequired":true,"valueName":"search_term_string"}}],"inLanguage":"pt-BR"},{"@type":"Organization","@id":"https:\/\/redenoticiaz.com.br\/litoralsp\/#organization","name":"Litoral SP","url":"https:\/\/redenoticiaz.com.br\/litoralsp\/","logo":{"@type":"ImageObject","inLanguage":"pt-BR","@id":"https:\/\/redenoticiaz.com.br\/litoralsp\/#\/schema\/logo\/image\/","url":"https:\/\/redenoticiaz.com.br\/litoralsp\/wp-content\/uploads\/sites\/3\/2020\/11\/logo.jpg","contentUrl":"https:\/\/redenoticiaz.com.br\/litoralsp\/wp-content\/uploads\/sites\/3\/2020\/11\/logo.jpg","width":400,"height":250,"caption":"Litoral SP"},"image":{"@id":"https:\/\/redenoticiaz.com.br\/litoralsp\/#\/schema\/logo\/image\/"}},{"@type":"Person","@id":"https:\/\/redenoticiaz.com.br\/litoralsp\/#\/schema\/person\/0f0b8a5bdafefe82841e07ae8d81ecb3","name":"Leonardo Francisco","image":{"@type":"ImageObject","inLanguage":"pt-BR","@id":"https:\/\/secure.gravatar.com\/avatar\/a7358cb406a99b682ec6df1e77e31ae82e63601f6784e8a3df411d72b37864da?s=96&d=mm&r=g","url":"https:\/\/secure.gravatar.com\/avatar\/a7358cb406a99b682ec6df1e77e31ae82e63601f6784e8a3df411d72b37864da?s=96&d=mm&r=g","contentUrl":"https:\/\/secure.gravatar.com\/avatar\/a7358cb406a99b682ec6df1e77e31ae82e63601f6784e8a3df411d72b37864da?s=96&d=mm&r=g","caption":"Leonardo Francisco"},"url":"https:\/\/redenoticiaz.com.br\/litoralsp\/author\/leonardo-francisco"}]}},"_links":{"self":[{"href":"https:\/\/redenoticiaz.com.br\/litoralsp\/wp-json\/wp\/v2\/posts\/86288","targetHints":{"allow":["GET"]}}],"collection":[{"href":"https:\/\/redenoticiaz.com.br\/litoralsp\/wp-json\/wp\/v2\/posts"}],"about":[{"href":"https:\/\/redenoticiaz.com.br\/litoralsp\/wp-json\/wp\/v2\/types\/post"}],"author":[{"embeddable":true,"href":"https:\/\/redenoticiaz.com.br\/litoralsp\/wp-json\/wp\/v2\/users\/6"}],"replies":[{"embeddable":true,"href":"https:\/\/redenoticiaz.com.br\/litoralsp\/wp-json\/wp\/v2\/comments?post=86288"}],"version-history":[{"count":1,"href":"https:\/\/redenoticiaz.com.br\/litoralsp\/wp-json\/wp\/v2\/posts\/86288\/revisions"}],"predecessor-version":[{"id":86289,"href":"https:\/\/redenoticiaz.com.br\/litoralsp\/wp-json\/wp\/v2\/posts\/86288\/revisions\/86289"}],"wp:featuredmedia":[{"embeddable":true,"href":"https:\/\/redenoticiaz.com.br\/litoralsp\/wp-json\/wp\/v2\/media\/16827"}],"wp:attachment":[{"href":"https:\/\/redenoticiaz.com.br\/litoralsp\/wp-json\/wp\/v2\/media?parent=86288"}],"wp:term":[{"taxonomy":"category","embeddable":true,"href":"https:\/\/redenoticiaz.com.br\/litoralsp\/wp-json\/wp\/v2\/categories?post=86288"},{"taxonomy":"post_tag","embeddable":true,"href":"https:\/\/redenoticiaz.com.br\/litoralsp\/wp-json\/wp\/v2\/tags?post=86288"}],"curies":[{"name":"wp","href":"https:\/\/api.w.org\/{rel}","templated":true}]}}