{"id":86329,"date":"2022-06-16T18:25:02","date_gmt":"2022-06-16T21:25:02","guid":{"rendered":"https:\/\/redenoticiaz.com.br\/litoralsp\/2022\/06\/16\/brasileirao-sao-paulo-perde-para-o-botafogo-no-rio"},"modified":"2022-06-16T18:25:02","modified_gmt":"2022-06-16T21:25:02","slug":"brasileirao-sao-paulo-perde-para-o-botafogo-no-rio","status":"publish","type":"post","link":"https:\/\/redenoticiaz.com.br\/litoralsp\/2022\/06\/16\/brasileirao-sao-paulo-perde-para-o-botafogo-no-rio","title":{"rendered":"Brasileir\u00e3o: S\u00e3o Paulo perde para o Botafogo no Rio"},"content":{"rendered":"<p>No Engenh\u00e3o, Rio de Janeiro, o <strong>S\u00e3o Paulo<\/strong> encarou o <strong>Botafogo<\/strong> com o objetivo de vencer e ficar mais pr\u00f3ximo da ponta da tabela do <a href=\"https:\/\/www.cbf.com.br\/\">Campeonato Brasileiro<\/a>. Mas nesta quinta-feira (16), o Tricolor acabou sendo derrotado pelo Fog\u00e3o em um jogo muito abaixo do que a torcida esperava.<\/p>\n<p>O primeiro tempo foi de ver as duas equipes se movimentando muito, mas sem criar boas chances de gol. A forte marca\u00e7\u00e3o de ambos os times foi o destaque da etapa inicial, com direito a tr\u00eas cart\u00f5es amarelos aplicados. Embora o Alvinegro tenha finalizado sete vezes contra s\u00f3 uma do Tricolor, nenhuma causou grandes sustos.<\/p>\n<p>No segundo tempo, o jogo melhorou e com o Botafogo tomando a iniciativa. Kayque apareceu logo no primeiro minuto e tentou encobrir o goleiro Jandrei, que fez bela defesa. Um minuto depois, Saravia arriscou de fora da \u00e1rea, mas pra fora.<\/p>\n<p>De tanto insistir, enfim o gol do Fog\u00e3o aconteceu. Ap\u00f3s bom contra-ataque, Kayque ficou com a bola, driblou e abriu o placar para o Botafogo. Aos 22 minutos, Kayque apareceu de novo, mas agora cruzou para Vin\u00edcius Lopes, que quase ampliou a conta. O Fog\u00e3o veio novamente aos 27, agora com PAtrick d ePAula que chutou forte e exigiu boa defesa de Jandrei.<\/p>\n<p>O S\u00e3o Paulo sentia dificuldades de atacar e a melhor chance veio com Nestor que chutou fraco e Gatito Fernandes n\u00e3o teve trabalho para fazer a defesa.<\/p>\n<h3>Como fica?<\/h3>\n<p>O resultado aliviou a situa\u00e7\u00e3o do Botafogo, que sai da zona do rebaixamento do Campeonato Brasileiro e a equipe chega a 15 pontos, na 13\u00aa coloca\u00e7\u00e3o. J\u00e1 o S\u00e3o Paulo volta a ser derrotado ap\u00f3s 15 jogos e a equipe cai para quinto lugar com 18 pontos.<\/p>\n<p>O Botafogo volta a campo no pr\u00f3ximo domingo (19) para enfrentar o Internacional fora de casa, \u00e0s 18h (de Bras\u00edlia), pela 13\u00aa rodada do Brasileir\u00e3o. J\u00e1 o S\u00e3o Paulo faz na segunda-feira (20) o cl\u00e1ssico contra o Palmeiras, \u00e0s 20h, no Morumbi.<\/p>\n<p><strong>LEIA TAMB\u00c9M<\/strong><\/p>\n<p><a href=\"https:\/\/redenoticiaz.com.br\/blog\/2022\/06\/16\/bragantino-goleia-o-coritiba-e-encosta-no-g4-do-brasileirao\">Bragantino goleia o Coritiba e encosta no G4 do Brasileir\u00e3o<\/a><\/p>\n","protected":false},"excerpt":{"rendered":"<p>No Engenh\u00e3o, Rio de Janeiro, o S\u00e3o Paulo encarou o Botafogo com o objetivo de vencer e ficar mais pr\u00f3ximo da ponta da tabela do Campeonato Brasileiro. Mas nesta quinta-feira (16), o Tricolor acabou sendo derrotado pelo Fog\u00e3o em um jogo muito abaixo do que a torcida esperava. O primeiro tempo foi de ver as &hellip;<\/p>\n","protected":false},"author":6,"featured_media":86330,"comment_status":"open","ping_status":"closed","sticky":false,"template":"","format":"standard","meta":{"footnotes":""},"categories":[35],"tags":[29827,53518,3088,57271,57272,10557],"class_list":["post-86329","post","type-post","status-publish","format-standard","has-post-thumbnail","hentry","category-esporte","tag-botafogo","tag-brasileirao-2022","tag-campeonato-brasileiro","tag-engenhao","tag-kayque","tag-sao-paulo-fc"],"yoast_head":"<!-- This site is optimized with the Yoast SEO plugin v27.4 - https:\/\/yoast.com\/product\/yoast-seo-wordpress\/ -->\n<title>Brasileir\u00e3o: S\u00e3o Paulo perde para o Botafogo no Rio - Litoral SP<\/title>\n<meta name=\"description\" content=\"No Engenh\u00e3o, Rio de Janeiro, o S\u00e3o Paulo encarou o Botafogo com o objetivo de vencer e ficar mais pr\u00f3ximo da ponta da tabela\" \/>\n<meta name=\"robots\" content=\"index, follow, max-snippet:-1, max-image-preview:large, max-video-preview:-1\" \/>\n<link rel=\"canonical\" href=\"https:\/\/redenoticiaz.com.br\/litoralsp\/2022\/06\/16\/brasileirao-sao-paulo-perde-para-o-botafogo-no-rio\" \/>\n<meta property=\"og:locale\" content=\"pt_BR\" \/>\n<meta property=\"og:type\" content=\"article\" \/>\n<meta property=\"og:title\" content=\"Brasileir\u00e3o: S\u00e3o Paulo perde para o Botafogo no Rio - Litoral SP\" \/>\n<meta property=\"og:description\" content=\"No Engenh\u00e3o, Rio de Janeiro, o S\u00e3o Paulo encarou o Botafogo com o objetivo de vencer e ficar mais pr\u00f3ximo da ponta da tabela\" \/>\n<meta property=\"og:url\" content=\"https:\/\/redenoticiaz.com.br\/litoralsp\/2022\/06\/16\/brasileirao-sao-paulo-perde-para-o-botafogo-no-rio\" \/>\n<meta property=\"og:site_name\" content=\"Litoral SP\" \/>\n<meta property=\"article:published_time\" content=\"2022-06-16T21:25:02+00:00\" \/>\n<meta name=\"author\" content=\"Leonardo Francisco\" \/>\n<meta name=\"twitter:card\" content=\"summary_large_image\" \/>\n<meta name=\"twitter:image\" content=\"https:\/\/redenoticiaz.com.br\/litoralsp\/wp-content\/uploads\/sites\/3\/2022\/06\/BOTAFOGO.jpeg?v=1655414654\" \/>\n<meta name=\"twitter:label1\" content=\"Escrito por\" \/>\n\t<meta name=\"twitter:data1\" content=\"Leonardo Francisco\" \/>\n\t<meta name=\"twitter:label2\" content=\"Est. tempo de leitura\" \/>\n\t<meta name=\"twitter:data2\" content=\"2 minutos\" \/>\n<script type=\"application\/ld+json\" class=\"yoast-schema-graph\">{\"@context\":\"https:\\\/\\\/schema.org\",\"@graph\":[{\"@type\":\"Article\",\"@id\":\"https:\\\/\\\/redenoticiaz.com.br\\\/litoralsp\\\/2022\\\/06\\\/16\\\/brasileirao-sao-paulo-perde-para-o-botafogo-no-rio#article\",\"isPartOf\":{\"@id\":\"https:\\\/\\\/redenoticiaz.com.br\\\/litoralsp\\\/2022\\\/06\\\/16\\\/brasileirao-sao-paulo-perde-para-o-botafogo-no-rio\"},\"author\":{\"name\":\"Leonardo Francisco\",\"@id\":\"https:\\\/\\\/redenoticiaz.com.br\\\/litoralsp\\\/#\\\/schema\\\/person\\\/0f0b8a5bdafefe82841e07ae8d81ecb3\"},\"headline\":\"Brasileir\u00e3o: S\u00e3o Paulo perde para o Botafogo no Rio\",\"datePublished\":\"2022-06-16T21:25:02+00:00\",\"mainEntityOfPage\":{\"@id\":\"https:\\\/\\\/redenoticiaz.com.br\\\/litoralsp\\\/2022\\\/06\\\/16\\\/brasileirao-sao-paulo-perde-para-o-botafogo-no-rio\"},\"wordCount\":362,\"commentCount\":0,\"publisher\":{\"@id\":\"https:\\\/\\\/redenoticiaz.com.br\\\/litoralsp\\\/#organization\"},\"image\":{\"@id\":\"https:\\\/\\\/redenoticiaz.com.br\\\/litoralsp\\\/2022\\\/06\\\/16\\\/brasileirao-sao-paulo-perde-para-o-botafogo-no-rio#primaryimage\"},\"thumbnailUrl\":\"https:\\\/\\\/redenoticiaz.com.br\\\/litoralsp\\\/wp-content\\\/uploads\\\/sites\\\/3\\\/2022\\\/06\\\/BOTAFOGO.jpeg?v=1655414654\",\"keywords\":[\"BOTAFOGO\",\"BRASILEIR\u00c3O 2022\",\"CAMPEONATO BRASILEIRO\",\"ENGENH\u00c3O\",\"KAYQUE\",\"S\u00c3O PAULO FC\"],\"articleSection\":[\"Esporte\"],\"inLanguage\":\"pt-BR\",\"potentialAction\":[{\"@type\":\"CommentAction\",\"name\":\"Comment\",\"target\":[\"https:\\\/\\\/redenoticiaz.com.br\\\/litoralsp\\\/2022\\\/06\\\/16\\\/brasileirao-sao-paulo-perde-para-o-botafogo-no-rio#respond\"]}]},{\"@type\":\"WebPage\",\"@id\":\"https:\\\/\\\/redenoticiaz.com.br\\\/litoralsp\\\/2022\\\/06\\\/16\\\/brasileirao-sao-paulo-perde-para-o-botafogo-no-rio\",\"url\":\"https:\\\/\\\/redenoticiaz.com.br\\\/litoralsp\\\/2022\\\/06\\\/16\\\/brasileirao-sao-paulo-perde-para-o-botafogo-no-rio\",\"name\":\"Brasileir\u00e3o: S\u00e3o Paulo perde para o Botafogo no Rio - Litoral SP\",\"isPartOf\":{\"@id\":\"https:\\\/\\\/redenoticiaz.com.br\\\/litoralsp\\\/#website\"},\"primaryImageOfPage\":{\"@id\":\"https:\\\/\\\/redenoticiaz.com.br\\\/litoralsp\\\/2022\\\/06\\\/16\\\/brasileirao-sao-paulo-perde-para-o-botafogo-no-rio#primaryimage\"},\"image\":{\"@id\":\"https:\\\/\\\/redenoticiaz.com.br\\\/litoralsp\\\/2022\\\/06\\\/16\\\/brasileirao-sao-paulo-perde-para-o-botafogo-no-rio#primaryimage\"},\"thumbnailUrl\":\"https:\\\/\\\/redenoticiaz.com.br\\\/litoralsp\\\/wp-content\\\/uploads\\\/sites\\\/3\\\/2022\\\/06\\\/BOTAFOGO.jpeg?v=1655414654\",\"datePublished\":\"2022-06-16T21:25:02+00:00\",\"description\":\"No Engenh\u00e3o, Rio de Janeiro, o S\u00e3o Paulo encarou o Botafogo com o objetivo de vencer e ficar mais pr\u00f3ximo da ponta da tabela\",\"inLanguage\":\"pt-BR\",\"potentialAction\":[{\"@type\":\"ReadAction\",\"target\":[\"https:\\\/\\\/redenoticiaz.com.br\\\/litoralsp\\\/2022\\\/06\\\/16\\\/brasileirao-sao-paulo-perde-para-o-botafogo-no-rio\"]}]},{\"@type\":\"ImageObject\",\"inLanguage\":\"pt-BR\",\"@id\":\"https:\\\/\\\/redenoticiaz.com.br\\\/litoralsp\\\/2022\\\/06\\\/16\\\/brasileirao-sao-paulo-perde-para-o-botafogo-no-rio#primaryimage\",\"url\":\"https:\\\/\\\/redenoticiaz.com.br\\\/litoralsp\\\/wp-content\\\/uploads\\\/sites\\\/3\\\/2022\\\/06\\\/BOTAFOGO.jpeg?v=1655414654\",\"contentUrl\":\"https:\\\/\\\/redenoticiaz.com.br\\\/litoralsp\\\/wp-content\\\/uploads\\\/sites\\\/3\\\/2022\\\/06\\\/BOTAFOGO.jpeg?v=1655414654\",\"width\":910,\"height\":455,\"caption\":\"Cr\u00e9ditos: Divulga\u00e7\u00e3o\\\/AGIF\"},{\"@type\":\"WebSite\",\"@id\":\"https:\\\/\\\/redenoticiaz.com.br\\\/litoralsp\\\/#website\",\"url\":\"https:\\\/\\\/redenoticiaz.com.br\\\/litoralsp\\\/\",\"name\":\"Litoral SP\",\"description\":\"Rede NoticiaZ\",\"publisher\":{\"@id\":\"https:\\\/\\\/redenoticiaz.com.br\\\/litoralsp\\\/#organization\"},\"potentialAction\":[{\"@type\":\"SearchAction\",\"target\":{\"@type\":\"EntryPoint\",\"urlTemplate\":\"https:\\\/\\\/redenoticiaz.com.br\\\/litoralsp\\\/?s={search_term_string}\"},\"query-input\":{\"@type\":\"PropertyValueSpecification\",\"valueRequired\":true,\"valueName\":\"search_term_string\"}}],\"inLanguage\":\"pt-BR\"},{\"@type\":\"Organization\",\"@id\":\"https:\\\/\\\/redenoticiaz.com.br\\\/litoralsp\\\/#organization\",\"name\":\"Litoral SP\",\"url\":\"https:\\\/\\\/redenoticiaz.com.br\\\/litoralsp\\\/\",\"logo\":{\"@type\":\"ImageObject\",\"inLanguage\":\"pt-BR\",\"@id\":\"https:\\\/\\\/redenoticiaz.com.br\\\/litoralsp\\\/#\\\/schema\\\/logo\\\/image\\\/\",\"url\":\"https:\\\/\\\/redenoticiaz.com.br\\\/litoralsp\\\/wp-content\\\/uploads\\\/sites\\\/3\\\/2020\\\/11\\\/logo.jpg\",\"contentUrl\":\"https:\\\/\\\/redenoticiaz.com.br\\\/litoralsp\\\/wp-content\\\/uploads\\\/sites\\\/3\\\/2020\\\/11\\\/logo.jpg\",\"width\":400,\"height\":250,\"caption\":\"Litoral SP\"},\"image\":{\"@id\":\"https:\\\/\\\/redenoticiaz.com.br\\\/litoralsp\\\/#\\\/schema\\\/logo\\\/image\\\/\"}},{\"@type\":\"Person\",\"@id\":\"https:\\\/\\\/redenoticiaz.com.br\\\/litoralsp\\\/#\\\/schema\\\/person\\\/0f0b8a5bdafefe82841e07ae8d81ecb3\",\"name\":\"Leonardo Francisco\",\"image\":{\"@type\":\"ImageObject\",\"inLanguage\":\"pt-BR\",\"@id\":\"https:\\\/\\\/secure.gravatar.com\\\/avatar\\\/a7358cb406a99b682ec6df1e77e31ae82e63601f6784e8a3df411d72b37864da?s=96&d=mm&r=g\",\"url\":\"https:\\\/\\\/secure.gravatar.com\\\/avatar\\\/a7358cb406a99b682ec6df1e77e31ae82e63601f6784e8a3df411d72b37864da?s=96&d=mm&r=g\",\"contentUrl\":\"https:\\\/\\\/secure.gravatar.com\\\/avatar\\\/a7358cb406a99b682ec6df1e77e31ae82e63601f6784e8a3df411d72b37864da?s=96&d=mm&r=g\",\"caption\":\"Leonardo Francisco\"},\"url\":\"https:\\\/\\\/redenoticiaz.com.br\\\/litoralsp\\\/author\\\/leonardo-francisco\"}]}<\/script>\n<!-- \/ Yoast SEO plugin. -->","yoast_head_json":{"title":"Brasileir\u00e3o: S\u00e3o Paulo perde para o Botafogo no Rio - Litoral SP","description":"No Engenh\u00e3o, Rio de Janeiro, o S\u00e3o Paulo encarou o Botafogo com o objetivo de vencer e ficar mais pr\u00f3ximo da ponta da tabela","robots":{"index":"index","follow":"follow","max-snippet":"max-snippet:-1","max-image-preview":"max-image-preview:large","max-video-preview":"max-video-preview:-1"},"canonical":"https:\/\/redenoticiaz.com.br\/litoralsp\/2022\/06\/16\/brasileirao-sao-paulo-perde-para-o-botafogo-no-rio","og_locale":"pt_BR","og_type":"article","og_title":"Brasileir\u00e3o: S\u00e3o Paulo perde para o Botafogo no Rio - Litoral SP","og_description":"No Engenh\u00e3o, Rio de Janeiro, o S\u00e3o Paulo encarou o Botafogo com o objetivo de vencer e ficar mais pr\u00f3ximo da ponta da tabela","og_url":"https:\/\/redenoticiaz.com.br\/litoralsp\/2022\/06\/16\/brasileirao-sao-paulo-perde-para-o-botafogo-no-rio","og_site_name":"Litoral SP","article_published_time":"2022-06-16T21:25:02+00:00","author":"Leonardo Francisco","twitter_card":"summary_large_image","twitter_image":"https:\/\/redenoticiaz.com.br\/litoralsp\/wp-content\/uploads\/sites\/3\/2022\/06\/BOTAFOGO.jpeg?v=1655414654","twitter_misc":{"Escrito por":"Leonardo Francisco","Est. tempo de leitura":"2 minutos"},"schema":{"@context":"https:\/\/schema.org","@graph":[{"@type":"Article","@id":"https:\/\/redenoticiaz.com.br\/litoralsp\/2022\/06\/16\/brasileirao-sao-paulo-perde-para-o-botafogo-no-rio#article","isPartOf":{"@id":"https:\/\/redenoticiaz.com.br\/litoralsp\/2022\/06\/16\/brasileirao-sao-paulo-perde-para-o-botafogo-no-rio"},"author":{"name":"Leonardo Francisco","@id":"https:\/\/redenoticiaz.com.br\/litoralsp\/#\/schema\/person\/0f0b8a5bdafefe82841e07ae8d81ecb3"},"headline":"Brasileir\u00e3o: S\u00e3o Paulo perde para o Botafogo no Rio","datePublished":"2022-06-16T21:25:02+00:00","mainEntityOfPage":{"@id":"https:\/\/redenoticiaz.com.br\/litoralsp\/2022\/06\/16\/brasileirao-sao-paulo-perde-para-o-botafogo-no-rio"},"wordCount":362,"commentCount":0,"publisher":{"@id":"https:\/\/redenoticiaz.com.br\/litoralsp\/#organization"},"image":{"@id":"https:\/\/redenoticiaz.com.br\/litoralsp\/2022\/06\/16\/brasileirao-sao-paulo-perde-para-o-botafogo-no-rio#primaryimage"},"thumbnailUrl":"https:\/\/redenoticiaz.com.br\/litoralsp\/wp-content\/uploads\/sites\/3\/2022\/06\/BOTAFOGO.jpeg?v=1655414654","keywords":["BOTAFOGO","BRASILEIR\u00c3O 2022","CAMPEONATO BRASILEIRO","ENGENH\u00c3O","KAYQUE","S\u00c3O PAULO FC"],"articleSection":["Esporte"],"inLanguage":"pt-BR","potentialAction":[{"@type":"CommentAction","name":"Comment","target":["https:\/\/redenoticiaz.com.br\/litoralsp\/2022\/06\/16\/brasileirao-sao-paulo-perde-para-o-botafogo-no-rio#respond"]}]},{"@type":"WebPage","@id":"https:\/\/redenoticiaz.com.br\/litoralsp\/2022\/06\/16\/brasileirao-sao-paulo-perde-para-o-botafogo-no-rio","url":"https:\/\/redenoticiaz.com.br\/litoralsp\/2022\/06\/16\/brasileirao-sao-paulo-perde-para-o-botafogo-no-rio","name":"Brasileir\u00e3o: S\u00e3o Paulo perde para o Botafogo no Rio - Litoral SP","isPartOf":{"@id":"https:\/\/redenoticiaz.com.br\/litoralsp\/#website"},"primaryImageOfPage":{"@id":"https:\/\/redenoticiaz.com.br\/litoralsp\/2022\/06\/16\/brasileirao-sao-paulo-perde-para-o-botafogo-no-rio#primaryimage"},"image":{"@id":"https:\/\/redenoticiaz.com.br\/litoralsp\/2022\/06\/16\/brasileirao-sao-paulo-perde-para-o-botafogo-no-rio#primaryimage"},"thumbnailUrl":"https:\/\/redenoticiaz.com.br\/litoralsp\/wp-content\/uploads\/sites\/3\/2022\/06\/BOTAFOGO.jpeg?v=1655414654","datePublished":"2022-06-16T21:25:02+00:00","description":"No Engenh\u00e3o, Rio de Janeiro, o S\u00e3o Paulo encarou o Botafogo com o objetivo de vencer e ficar mais pr\u00f3ximo da ponta da tabela","inLanguage":"pt-BR","potentialAction":[{"@type":"ReadAction","target":["https:\/\/redenoticiaz.com.br\/litoralsp\/2022\/06\/16\/brasileirao-sao-paulo-perde-para-o-botafogo-no-rio"]}]},{"@type":"ImageObject","inLanguage":"pt-BR","@id":"https:\/\/redenoticiaz.com.br\/litoralsp\/2022\/06\/16\/brasileirao-sao-paulo-perde-para-o-botafogo-no-rio#primaryimage","url":"https:\/\/redenoticiaz.com.br\/litoralsp\/wp-content\/uploads\/sites\/3\/2022\/06\/BOTAFOGO.jpeg?v=1655414654","contentUrl":"https:\/\/redenoticiaz.com.br\/litoralsp\/wp-content\/uploads\/sites\/3\/2022\/06\/BOTAFOGO.jpeg?v=1655414654","width":910,"height":455,"caption":"Cr\u00e9ditos: Divulga\u00e7\u00e3o\/AGIF"},{"@type":"WebSite","@id":"https:\/\/redenoticiaz.com.br\/litoralsp\/#website","url":"https:\/\/redenoticiaz.com.br\/litoralsp\/","name":"Litoral SP","description":"Rede NoticiaZ","publisher":{"@id":"https:\/\/redenoticiaz.com.br\/litoralsp\/#organization"},"potentialAction":[{"@type":"SearchAction","target":{"@type":"EntryPoint","urlTemplate":"https:\/\/redenoticiaz.com.br\/litoralsp\/?s={search_term_string}"},"query-input":{"@type":"PropertyValueSpecification","valueRequired":true,"valueName":"search_term_string"}}],"inLanguage":"pt-BR"},{"@type":"Organization","@id":"https:\/\/redenoticiaz.com.br\/litoralsp\/#organization","name":"Litoral SP","url":"https:\/\/redenoticiaz.com.br\/litoralsp\/","logo":{"@type":"ImageObject","inLanguage":"pt-BR","@id":"https:\/\/redenoticiaz.com.br\/litoralsp\/#\/schema\/logo\/image\/","url":"https:\/\/redenoticiaz.com.br\/litoralsp\/wp-content\/uploads\/sites\/3\/2020\/11\/logo.jpg","contentUrl":"https:\/\/redenoticiaz.com.br\/litoralsp\/wp-content\/uploads\/sites\/3\/2020\/11\/logo.jpg","width":400,"height":250,"caption":"Litoral SP"},"image":{"@id":"https:\/\/redenoticiaz.com.br\/litoralsp\/#\/schema\/logo\/image\/"}},{"@type":"Person","@id":"https:\/\/redenoticiaz.com.br\/litoralsp\/#\/schema\/person\/0f0b8a5bdafefe82841e07ae8d81ecb3","name":"Leonardo Francisco","image":{"@type":"ImageObject","inLanguage":"pt-BR","@id":"https:\/\/secure.gravatar.com\/avatar\/a7358cb406a99b682ec6df1e77e31ae82e63601f6784e8a3df411d72b37864da?s=96&d=mm&r=g","url":"https:\/\/secure.gravatar.com\/avatar\/a7358cb406a99b682ec6df1e77e31ae82e63601f6784e8a3df411d72b37864da?s=96&d=mm&r=g","contentUrl":"https:\/\/secure.gravatar.com\/avatar\/a7358cb406a99b682ec6df1e77e31ae82e63601f6784e8a3df411d72b37864da?s=96&d=mm&r=g","caption":"Leonardo Francisco"},"url":"https:\/\/redenoticiaz.com.br\/litoralsp\/author\/leonardo-francisco"}]}},"_links":{"self":[{"href":"https:\/\/redenoticiaz.com.br\/litoralsp\/wp-json\/wp\/v2\/posts\/86329","targetHints":{"allow":["GET"]}}],"collection":[{"href":"https:\/\/redenoticiaz.com.br\/litoralsp\/wp-json\/wp\/v2\/posts"}],"about":[{"href":"https:\/\/redenoticiaz.com.br\/litoralsp\/wp-json\/wp\/v2\/types\/post"}],"author":[{"embeddable":true,"href":"https:\/\/redenoticiaz.com.br\/litoralsp\/wp-json\/wp\/v2\/users\/6"}],"replies":[{"embeddable":true,"href":"https:\/\/redenoticiaz.com.br\/litoralsp\/wp-json\/wp\/v2\/comments?post=86329"}],"version-history":[{"count":0,"href":"https:\/\/redenoticiaz.com.br\/litoralsp\/wp-json\/wp\/v2\/posts\/86329\/revisions"}],"wp:featuredmedia":[{"embeddable":true,"href":"https:\/\/redenoticiaz.com.br\/litoralsp\/wp-json\/wp\/v2\/media\/86330"}],"wp:attachment":[{"href":"https:\/\/redenoticiaz.com.br\/litoralsp\/wp-json\/wp\/v2\/media?parent=86329"}],"wp:term":[{"taxonomy":"category","embeddable":true,"href":"https:\/\/redenoticiaz.com.br\/litoralsp\/wp-json\/wp\/v2\/categories?post=86329"},{"taxonomy":"post_tag","embeddable":true,"href":"https:\/\/redenoticiaz.com.br\/litoralsp\/wp-json\/wp\/v2\/tags?post=86329"}],"curies":[{"name":"wp","href":"https:\/\/api.w.org\/{rel}","templated":true}]}}