{"id":86350,"date":"2022-06-17T10:15:38","date_gmt":"2022-06-17T13:15:38","guid":{"rendered":"https:\/\/redenoticiaz.com.br\/litoralsp\/?p=86350"},"modified":"2022-06-17T10:15:38","modified_gmt":"2022-06-17T13:15:38","slug":"pista-do-quebra-mar-de-santos-tera-patins-gratuitos-e-aulas-com-monitores","status":"publish","type":"post","link":"https:\/\/redenoticiaz.com.br\/litoralsp\/2022\/06\/17\/pista-do-quebra-mar-de-santos-tera-patins-gratuitos-e-aulas-com-monitores","title":{"rendered":"Pista do Quebra-Mar de Santos ter\u00e1 patins gratuitos e aulas com monitores"},"content":{"rendered":"<p>Nesta semana novos espa\u00e7os do Novo Quebra-Mar de <a href=\"https:\/\/www.santos.sp.gov.br\/\">Santos<\/a> foram abertos. Uma nova quadra de basquete e a pista de patina\u00e7\u00e3o. E a partir desta sexta-feira (17), quem quiser poder\u00e1 ter <strong>aulas de patina\u00e7\u00e3o<\/strong>, mesmo que n\u00e3o tenha patins. Isso porque o equipamento ser\u00e1 disponibilizado gratuitamente.<\/p>\n<p>A prefeitura explica que no local tamb\u00e9m ser\u00e3o fornecidos equipamentos de seguran\u00e7a e haver\u00e1 a presen\u00e7a de monitores.\u00a0A a\u00e7\u00e3o ser\u00e1 voltada para crian\u00e7as acima de 5 anos, mas elas devem estar acompanhadas por respons\u00e1vel, jovens e adultos, que poder\u00e3o permanecer na pista por um per\u00edodo que varia entre 20 e 30 minutos.<\/p>\n<p>Essa \u00e9 uma das a\u00e7\u00f5es que a Secretaria de Esportes de Santos (Semes) realiza para promover ainda mais a patina\u00e7\u00e3o no Munic\u00edpio. De acordo com o secret\u00e1rio de Esportes, Gel\u00e1sio Ayres Jr, a expectativa \u00e9 de que cerca de 500 pessoas participem da atividade.<\/p>\n<p>\u201cRealizamos um evento semelhante na Pra\u00e7a Mau\u00e1, em dezembro do ano passado, e foi um verdadeiro sucesso. Agora, com a nova pista de patina\u00e7\u00e3o e com previs\u00e3o de tempo firme, n\u00e3o tenho d\u00favidas que o santista comparecer\u00e1 em peso. Ser\u00e1 um evento para toda a fam\u00edlia, pai, m\u00e3e e a crian\u00e7ada curtirem juntos\u201d, destaca.<\/p>\n<p><strong>LEIA TAMB\u00c9M<\/strong><\/p>\n<p><a href=\"https:\/\/redenoticiaz.com.br\/litoralsp\/2022\/05\/04\/novo-quebra-mar-vai-contar-com-quadra-de-basquete-3x3-e-tambem-com-pista-de-patinacao\">Novo Quebra-Mar vai contar com quadra de basquete 3\u00d73 e tamb\u00e9m com pista de patina\u00e7\u00e3o<\/a><\/p>\n","protected":false},"excerpt":{"rendered":"<p>Nesta semana novos espa\u00e7os do Novo Quebra-Mar de Santos foram abertos. Uma nova quadra de basquete e a pista de patina\u00e7\u00e3o. E a partir desta sexta-feira (17), quem quiser poder\u00e1 ter aulas de patina\u00e7\u00e3o, mesmo que n\u00e3o tenha patins. Isso porque o equipamento ser\u00e1 disponibilizado gratuitamente. A prefeitura explica que no local tamb\u00e9m ser\u00e3o fornecidos &hellip;<\/p>\n","protected":false},"author":6,"featured_media":86351,"comment_status":"open","ping_status":"closed","sticky":false,"template":"","format":"standard","meta":{"footnotes":""},"categories":[35,180],"tags":[57280,55160,21098,986],"class_list":["post-86350","post","type-post","status-publish","format-standard","has-post-thumbnail","hentry","category-esporte","category-santos","tag-patins-gratuitos","tag-pista-de-patinacao","tag-quebra-mar","tag-santos"],"yoast_head":"<!-- This site is optimized with the Yoast SEO plugin v27.5 - https:\/\/yoast.com\/product\/yoast-seo-wordpress\/ -->\n<title>Pista do Quebra-Mar de Santos ter\u00e1 patins gratuitos e aulas com monitores - Litoral SP<\/title>\n<meta name=\"description\" content=\"pista de patina\u00e7\u00e3o. E a partir desta sexta-feira (17), quem quiser poder\u00e1 ter aulas de patina\u00e7\u00e3o, mesmo que n\u00e3o tenha patins. Isso porque\" \/>\n<meta name=\"robots\" content=\"index, follow, max-snippet:-1, max-image-preview:large, max-video-preview:-1\" \/>\n<link rel=\"canonical\" href=\"https:\/\/redenoticiaz.com.br\/litoralsp\/2022\/06\/17\/pista-do-quebra-mar-de-santos-tera-patins-gratuitos-e-aulas-com-monitores\" \/>\n<meta property=\"og:locale\" content=\"pt_BR\" \/>\n<meta property=\"og:type\" content=\"article\" \/>\n<meta property=\"og:title\" content=\"Pista do Quebra-Mar de Santos ter\u00e1 patins gratuitos e aulas com monitores - Litoral SP\" \/>\n<meta property=\"og:description\" content=\"pista de patina\u00e7\u00e3o. E a partir desta sexta-feira (17), quem quiser poder\u00e1 ter aulas de patina\u00e7\u00e3o, mesmo que n\u00e3o tenha patins. Isso porque\" \/>\n<meta property=\"og:url\" content=\"https:\/\/redenoticiaz.com.br\/litoralsp\/2022\/06\/17\/pista-do-quebra-mar-de-santos-tera-patins-gratuitos-e-aulas-com-monitores\" \/>\n<meta property=\"og:site_name\" content=\"Litoral SP\" \/>\n<meta property=\"article:published_time\" content=\"2022-06-17T13:15:38+00:00\" \/>\n<meta property=\"og:image\" content=\"https:\/\/redenoticiaz.com.br\/litoralsp\/wp-content\/uploads\/sites\/3\/2022\/06\/dji_0039_-_copia.jpg\" \/>\n\t<meta property=\"og:image:width\" content=\"927\" \/>\n\t<meta property=\"og:image:height\" content=\"521\" \/>\n\t<meta property=\"og:image:type\" content=\"image\/jpeg\" \/>\n<meta name=\"author\" content=\"Leonardo Francisco\" \/>\n<meta name=\"twitter:card\" content=\"summary_large_image\" \/>\n<meta name=\"twitter:label1\" content=\"Escrito por\" \/>\n\t<meta name=\"twitter:data1\" content=\"Leonardo Francisco\" \/>\n\t<meta name=\"twitter:label2\" content=\"Est. tempo de leitura\" \/>\n\t<meta name=\"twitter:data2\" content=\"1 minuto\" \/>\n<script type=\"application\/ld+json\" class=\"yoast-schema-graph\">{\"@context\":\"https:\\\/\\\/schema.org\",\"@graph\":[{\"@type\":\"Article\",\"@id\":\"https:\\\/\\\/redenoticiaz.com.br\\\/litoralsp\\\/2022\\\/06\\\/17\\\/pista-do-quebra-mar-de-santos-tera-patins-gratuitos-e-aulas-com-monitores#article\",\"isPartOf\":{\"@id\":\"https:\\\/\\\/redenoticiaz.com.br\\\/litoralsp\\\/2022\\\/06\\\/17\\\/pista-do-quebra-mar-de-santos-tera-patins-gratuitos-e-aulas-com-monitores\"},\"author\":{\"name\":\"Leonardo Francisco\",\"@id\":\"https:\\\/\\\/redenoticiaz.com.br\\\/litoralsp\\\/#\\\/schema\\\/person\\\/0f0b8a5bdafefe82841e07ae8d81ecb3\"},\"headline\":\"Pista do Quebra-Mar de Santos ter\u00e1 patins gratuitos e aulas com monitores\",\"datePublished\":\"2022-06-17T13:15:38+00:00\",\"mainEntityOfPage\":{\"@id\":\"https:\\\/\\\/redenoticiaz.com.br\\\/litoralsp\\\/2022\\\/06\\\/17\\\/pista-do-quebra-mar-de-santos-tera-patins-gratuitos-e-aulas-com-monitores\"},\"wordCount\":247,\"commentCount\":0,\"publisher\":{\"@id\":\"https:\\\/\\\/redenoticiaz.com.br\\\/litoralsp\\\/#organization\"},\"image\":{\"@id\":\"https:\\\/\\\/redenoticiaz.com.br\\\/litoralsp\\\/2022\\\/06\\\/17\\\/pista-do-quebra-mar-de-santos-tera-patins-gratuitos-e-aulas-com-monitores#primaryimage\"},\"thumbnailUrl\":\"https:\\\/\\\/redenoticiaz.com.br\\\/litoralsp\\\/wp-content\\\/uploads\\\/sites\\\/3\\\/2022\\\/06\\\/dji_0039_-_copia.jpg\",\"keywords\":[\"PATINS GRATUITOS\",\"PISTA DE PATINA\u00c7\u00c3O\",\"QUEBRA-MAR\",\"Santos\"],\"articleSection\":[\"Esporte\",\"Santos\"],\"inLanguage\":\"pt-BR\",\"potentialAction\":[{\"@type\":\"CommentAction\",\"name\":\"Comment\",\"target\":[\"https:\\\/\\\/redenoticiaz.com.br\\\/litoralsp\\\/2022\\\/06\\\/17\\\/pista-do-quebra-mar-de-santos-tera-patins-gratuitos-e-aulas-com-monitores#respond\"]}]},{\"@type\":\"WebPage\",\"@id\":\"https:\\\/\\\/redenoticiaz.com.br\\\/litoralsp\\\/2022\\\/06\\\/17\\\/pista-do-quebra-mar-de-santos-tera-patins-gratuitos-e-aulas-com-monitores\",\"url\":\"https:\\\/\\\/redenoticiaz.com.br\\\/litoralsp\\\/2022\\\/06\\\/17\\\/pista-do-quebra-mar-de-santos-tera-patins-gratuitos-e-aulas-com-monitores\",\"name\":\"Pista do Quebra-Mar de Santos ter\u00e1 patins gratuitos e aulas com monitores - Litoral SP\",\"isPartOf\":{\"@id\":\"https:\\\/\\\/redenoticiaz.com.br\\\/litoralsp\\\/#website\"},\"primaryImageOfPage\":{\"@id\":\"https:\\\/\\\/redenoticiaz.com.br\\\/litoralsp\\\/2022\\\/06\\\/17\\\/pista-do-quebra-mar-de-santos-tera-patins-gratuitos-e-aulas-com-monitores#primaryimage\"},\"image\":{\"@id\":\"https:\\\/\\\/redenoticiaz.com.br\\\/litoralsp\\\/2022\\\/06\\\/17\\\/pista-do-quebra-mar-de-santos-tera-patins-gratuitos-e-aulas-com-monitores#primaryimage\"},\"thumbnailUrl\":\"https:\\\/\\\/redenoticiaz.com.br\\\/litoralsp\\\/wp-content\\\/uploads\\\/sites\\\/3\\\/2022\\\/06\\\/dji_0039_-_copia.jpg\",\"datePublished\":\"2022-06-17T13:15:38+00:00\",\"description\":\"pista de patina\u00e7\u00e3o. E a partir desta sexta-feira (17), quem quiser poder\u00e1 ter aulas de patina\u00e7\u00e3o, mesmo que n\u00e3o tenha patins. Isso porque\",\"inLanguage\":\"pt-BR\",\"potentialAction\":[{\"@type\":\"ReadAction\",\"target\":[\"https:\\\/\\\/redenoticiaz.com.br\\\/litoralsp\\\/2022\\\/06\\\/17\\\/pista-do-quebra-mar-de-santos-tera-patins-gratuitos-e-aulas-com-monitores\"]}]},{\"@type\":\"ImageObject\",\"inLanguage\":\"pt-BR\",\"@id\":\"https:\\\/\\\/redenoticiaz.com.br\\\/litoralsp\\\/2022\\\/06\\\/17\\\/pista-do-quebra-mar-de-santos-tera-patins-gratuitos-e-aulas-com-monitores#primaryimage\",\"url\":\"https:\\\/\\\/redenoticiaz.com.br\\\/litoralsp\\\/wp-content\\\/uploads\\\/sites\\\/3\\\/2022\\\/06\\\/dji_0039_-_copia.jpg\",\"contentUrl\":\"https:\\\/\\\/redenoticiaz.com.br\\\/litoralsp\\\/wp-content\\\/uploads\\\/sites\\\/3\\\/2022\\\/06\\\/dji_0039_-_copia.jpg\",\"width\":927,\"height\":521,\"caption\":\"Cr\u00e9ditos: Divulga\u00e7\u00e3o\\\/Prefeitura de Santos\"},{\"@type\":\"WebSite\",\"@id\":\"https:\\\/\\\/redenoticiaz.com.br\\\/litoralsp\\\/#website\",\"url\":\"https:\\\/\\\/redenoticiaz.com.br\\\/litoralsp\\\/\",\"name\":\"Litoral SP\",\"description\":\"Rede NoticiaZ\",\"publisher\":{\"@id\":\"https:\\\/\\\/redenoticiaz.com.br\\\/litoralsp\\\/#organization\"},\"potentialAction\":[{\"@type\":\"SearchAction\",\"target\":{\"@type\":\"EntryPoint\",\"urlTemplate\":\"https:\\\/\\\/redenoticiaz.com.br\\\/litoralsp\\\/?s={search_term_string}\"},\"query-input\":{\"@type\":\"PropertyValueSpecification\",\"valueRequired\":true,\"valueName\":\"search_term_string\"}}],\"inLanguage\":\"pt-BR\"},{\"@type\":\"Organization\",\"@id\":\"https:\\\/\\\/redenoticiaz.com.br\\\/litoralsp\\\/#organization\",\"name\":\"Litoral SP\",\"url\":\"https:\\\/\\\/redenoticiaz.com.br\\\/litoralsp\\\/\",\"logo\":{\"@type\":\"ImageObject\",\"inLanguage\":\"pt-BR\",\"@id\":\"https:\\\/\\\/redenoticiaz.com.br\\\/litoralsp\\\/#\\\/schema\\\/logo\\\/image\\\/\",\"url\":\"https:\\\/\\\/redenoticiaz.com.br\\\/litoralsp\\\/wp-content\\\/uploads\\\/sites\\\/3\\\/2020\\\/11\\\/logo.jpg\",\"contentUrl\":\"https:\\\/\\\/redenoticiaz.com.br\\\/litoralsp\\\/wp-content\\\/uploads\\\/sites\\\/3\\\/2020\\\/11\\\/logo.jpg\",\"width\":400,\"height\":250,\"caption\":\"Litoral SP\"},\"image\":{\"@id\":\"https:\\\/\\\/redenoticiaz.com.br\\\/litoralsp\\\/#\\\/schema\\\/logo\\\/image\\\/\"}},{\"@type\":\"Person\",\"@id\":\"https:\\\/\\\/redenoticiaz.com.br\\\/litoralsp\\\/#\\\/schema\\\/person\\\/0f0b8a5bdafefe82841e07ae8d81ecb3\",\"name\":\"Leonardo Francisco\",\"image\":{\"@type\":\"ImageObject\",\"inLanguage\":\"pt-BR\",\"@id\":\"https:\\\/\\\/secure.gravatar.com\\\/avatar\\\/a7358cb406a99b682ec6df1e77e31ae82e63601f6784e8a3df411d72b37864da?s=96&d=mm&r=g\",\"url\":\"https:\\\/\\\/secure.gravatar.com\\\/avatar\\\/a7358cb406a99b682ec6df1e77e31ae82e63601f6784e8a3df411d72b37864da?s=96&d=mm&r=g\",\"contentUrl\":\"https:\\\/\\\/secure.gravatar.com\\\/avatar\\\/a7358cb406a99b682ec6df1e77e31ae82e63601f6784e8a3df411d72b37864da?s=96&d=mm&r=g\",\"caption\":\"Leonardo Francisco\"},\"url\":\"https:\\\/\\\/redenoticiaz.com.br\\\/litoralsp\\\/author\\\/leonardo-francisco\"}]}<\/script>\n<!-- \/ Yoast SEO plugin. -->","yoast_head_json":{"title":"Pista do Quebra-Mar de Santos ter\u00e1 patins gratuitos e aulas com monitores - Litoral SP","description":"pista de patina\u00e7\u00e3o. E a partir desta sexta-feira (17), quem quiser poder\u00e1 ter aulas de patina\u00e7\u00e3o, mesmo que n\u00e3o tenha patins. Isso porque","robots":{"index":"index","follow":"follow","max-snippet":"max-snippet:-1","max-image-preview":"max-image-preview:large","max-video-preview":"max-video-preview:-1"},"canonical":"https:\/\/redenoticiaz.com.br\/litoralsp\/2022\/06\/17\/pista-do-quebra-mar-de-santos-tera-patins-gratuitos-e-aulas-com-monitores","og_locale":"pt_BR","og_type":"article","og_title":"Pista do Quebra-Mar de Santos ter\u00e1 patins gratuitos e aulas com monitores - Litoral SP","og_description":"pista de patina\u00e7\u00e3o. E a partir desta sexta-feira (17), quem quiser poder\u00e1 ter aulas de patina\u00e7\u00e3o, mesmo que n\u00e3o tenha patins. Isso porque","og_url":"https:\/\/redenoticiaz.com.br\/litoralsp\/2022\/06\/17\/pista-do-quebra-mar-de-santos-tera-patins-gratuitos-e-aulas-com-monitores","og_site_name":"Litoral SP","article_published_time":"2022-06-17T13:15:38+00:00","og_image":[{"width":927,"height":521,"url":"https:\/\/redenoticiaz.com.br\/litoralsp\/wp-content\/uploads\/sites\/3\/2022\/06\/dji_0039_-_copia.jpg","type":"image\/jpeg"}],"author":"Leonardo Francisco","twitter_card":"summary_large_image","twitter_misc":{"Escrito por":"Leonardo Francisco","Est. tempo de leitura":"1 minuto"},"schema":{"@context":"https:\/\/schema.org","@graph":[{"@type":"Article","@id":"https:\/\/redenoticiaz.com.br\/litoralsp\/2022\/06\/17\/pista-do-quebra-mar-de-santos-tera-patins-gratuitos-e-aulas-com-monitores#article","isPartOf":{"@id":"https:\/\/redenoticiaz.com.br\/litoralsp\/2022\/06\/17\/pista-do-quebra-mar-de-santos-tera-patins-gratuitos-e-aulas-com-monitores"},"author":{"name":"Leonardo Francisco","@id":"https:\/\/redenoticiaz.com.br\/litoralsp\/#\/schema\/person\/0f0b8a5bdafefe82841e07ae8d81ecb3"},"headline":"Pista do Quebra-Mar de Santos ter\u00e1 patins gratuitos e aulas com monitores","datePublished":"2022-06-17T13:15:38+00:00","mainEntityOfPage":{"@id":"https:\/\/redenoticiaz.com.br\/litoralsp\/2022\/06\/17\/pista-do-quebra-mar-de-santos-tera-patins-gratuitos-e-aulas-com-monitores"},"wordCount":247,"commentCount":0,"publisher":{"@id":"https:\/\/redenoticiaz.com.br\/litoralsp\/#organization"},"image":{"@id":"https:\/\/redenoticiaz.com.br\/litoralsp\/2022\/06\/17\/pista-do-quebra-mar-de-santos-tera-patins-gratuitos-e-aulas-com-monitores#primaryimage"},"thumbnailUrl":"https:\/\/redenoticiaz.com.br\/litoralsp\/wp-content\/uploads\/sites\/3\/2022\/06\/dji_0039_-_copia.jpg","keywords":["PATINS GRATUITOS","PISTA DE PATINA\u00c7\u00c3O","QUEBRA-MAR","Santos"],"articleSection":["Esporte","Santos"],"inLanguage":"pt-BR","potentialAction":[{"@type":"CommentAction","name":"Comment","target":["https:\/\/redenoticiaz.com.br\/litoralsp\/2022\/06\/17\/pista-do-quebra-mar-de-santos-tera-patins-gratuitos-e-aulas-com-monitores#respond"]}]},{"@type":"WebPage","@id":"https:\/\/redenoticiaz.com.br\/litoralsp\/2022\/06\/17\/pista-do-quebra-mar-de-santos-tera-patins-gratuitos-e-aulas-com-monitores","url":"https:\/\/redenoticiaz.com.br\/litoralsp\/2022\/06\/17\/pista-do-quebra-mar-de-santos-tera-patins-gratuitos-e-aulas-com-monitores","name":"Pista do Quebra-Mar de Santos ter\u00e1 patins gratuitos e aulas com monitores - Litoral SP","isPartOf":{"@id":"https:\/\/redenoticiaz.com.br\/litoralsp\/#website"},"primaryImageOfPage":{"@id":"https:\/\/redenoticiaz.com.br\/litoralsp\/2022\/06\/17\/pista-do-quebra-mar-de-santos-tera-patins-gratuitos-e-aulas-com-monitores#primaryimage"},"image":{"@id":"https:\/\/redenoticiaz.com.br\/litoralsp\/2022\/06\/17\/pista-do-quebra-mar-de-santos-tera-patins-gratuitos-e-aulas-com-monitores#primaryimage"},"thumbnailUrl":"https:\/\/redenoticiaz.com.br\/litoralsp\/wp-content\/uploads\/sites\/3\/2022\/06\/dji_0039_-_copia.jpg","datePublished":"2022-06-17T13:15:38+00:00","description":"pista de patina\u00e7\u00e3o. E a partir desta sexta-feira (17), quem quiser poder\u00e1 ter aulas de patina\u00e7\u00e3o, mesmo que n\u00e3o tenha patins. Isso porque","inLanguage":"pt-BR","potentialAction":[{"@type":"ReadAction","target":["https:\/\/redenoticiaz.com.br\/litoralsp\/2022\/06\/17\/pista-do-quebra-mar-de-santos-tera-patins-gratuitos-e-aulas-com-monitores"]}]},{"@type":"ImageObject","inLanguage":"pt-BR","@id":"https:\/\/redenoticiaz.com.br\/litoralsp\/2022\/06\/17\/pista-do-quebra-mar-de-santos-tera-patins-gratuitos-e-aulas-com-monitores#primaryimage","url":"https:\/\/redenoticiaz.com.br\/litoralsp\/wp-content\/uploads\/sites\/3\/2022\/06\/dji_0039_-_copia.jpg","contentUrl":"https:\/\/redenoticiaz.com.br\/litoralsp\/wp-content\/uploads\/sites\/3\/2022\/06\/dji_0039_-_copia.jpg","width":927,"height":521,"caption":"Cr\u00e9ditos: Divulga\u00e7\u00e3o\/Prefeitura de Santos"},{"@type":"WebSite","@id":"https:\/\/redenoticiaz.com.br\/litoralsp\/#website","url":"https:\/\/redenoticiaz.com.br\/litoralsp\/","name":"Litoral SP","description":"Rede NoticiaZ","publisher":{"@id":"https:\/\/redenoticiaz.com.br\/litoralsp\/#organization"},"potentialAction":[{"@type":"SearchAction","target":{"@type":"EntryPoint","urlTemplate":"https:\/\/redenoticiaz.com.br\/litoralsp\/?s={search_term_string}"},"query-input":{"@type":"PropertyValueSpecification","valueRequired":true,"valueName":"search_term_string"}}],"inLanguage":"pt-BR"},{"@type":"Organization","@id":"https:\/\/redenoticiaz.com.br\/litoralsp\/#organization","name":"Litoral SP","url":"https:\/\/redenoticiaz.com.br\/litoralsp\/","logo":{"@type":"ImageObject","inLanguage":"pt-BR","@id":"https:\/\/redenoticiaz.com.br\/litoralsp\/#\/schema\/logo\/image\/","url":"https:\/\/redenoticiaz.com.br\/litoralsp\/wp-content\/uploads\/sites\/3\/2020\/11\/logo.jpg","contentUrl":"https:\/\/redenoticiaz.com.br\/litoralsp\/wp-content\/uploads\/sites\/3\/2020\/11\/logo.jpg","width":400,"height":250,"caption":"Litoral SP"},"image":{"@id":"https:\/\/redenoticiaz.com.br\/litoralsp\/#\/schema\/logo\/image\/"}},{"@type":"Person","@id":"https:\/\/redenoticiaz.com.br\/litoralsp\/#\/schema\/person\/0f0b8a5bdafefe82841e07ae8d81ecb3","name":"Leonardo Francisco","image":{"@type":"ImageObject","inLanguage":"pt-BR","@id":"https:\/\/secure.gravatar.com\/avatar\/a7358cb406a99b682ec6df1e77e31ae82e63601f6784e8a3df411d72b37864da?s=96&d=mm&r=g","url":"https:\/\/secure.gravatar.com\/avatar\/a7358cb406a99b682ec6df1e77e31ae82e63601f6784e8a3df411d72b37864da?s=96&d=mm&r=g","contentUrl":"https:\/\/secure.gravatar.com\/avatar\/a7358cb406a99b682ec6df1e77e31ae82e63601f6784e8a3df411d72b37864da?s=96&d=mm&r=g","caption":"Leonardo Francisco"},"url":"https:\/\/redenoticiaz.com.br\/litoralsp\/author\/leonardo-francisco"}]}},"_links":{"self":[{"href":"https:\/\/redenoticiaz.com.br\/litoralsp\/wp-json\/wp\/v2\/posts\/86350","targetHints":{"allow":["GET"]}}],"collection":[{"href":"https:\/\/redenoticiaz.com.br\/litoralsp\/wp-json\/wp\/v2\/posts"}],"about":[{"href":"https:\/\/redenoticiaz.com.br\/litoralsp\/wp-json\/wp\/v2\/types\/post"}],"author":[{"embeddable":true,"href":"https:\/\/redenoticiaz.com.br\/litoralsp\/wp-json\/wp\/v2\/users\/6"}],"replies":[{"embeddable":true,"href":"https:\/\/redenoticiaz.com.br\/litoralsp\/wp-json\/wp\/v2\/comments?post=86350"}],"version-history":[{"count":1,"href":"https:\/\/redenoticiaz.com.br\/litoralsp\/wp-json\/wp\/v2\/posts\/86350\/revisions"}],"predecessor-version":[{"id":86352,"href":"https:\/\/redenoticiaz.com.br\/litoralsp\/wp-json\/wp\/v2\/posts\/86350\/revisions\/86352"}],"wp:featuredmedia":[{"embeddable":true,"href":"https:\/\/redenoticiaz.com.br\/litoralsp\/wp-json\/wp\/v2\/media\/86351"}],"wp:attachment":[{"href":"https:\/\/redenoticiaz.com.br\/litoralsp\/wp-json\/wp\/v2\/media?parent=86350"}],"wp:term":[{"taxonomy":"category","embeddable":true,"href":"https:\/\/redenoticiaz.com.br\/litoralsp\/wp-json\/wp\/v2\/categories?post=86350"},{"taxonomy":"post_tag","embeddable":true,"href":"https:\/\/redenoticiaz.com.br\/litoralsp\/wp-json\/wp\/v2\/tags?post=86350"}],"curies":[{"name":"wp","href":"https:\/\/api.w.org\/{rel}","templated":true}]}}