{"id":86412,"date":"2022-06-18T15:53:38","date_gmt":"2022-06-18T18:53:38","guid":{"rendered":"https:\/\/redenoticiaz.com.br\/litoralsp\/?p=86412"},"modified":"2022-06-18T15:53:38","modified_gmt":"2022-06-18T18:53:38","slug":"video-bandidos-invadem-salao-de-beleza-e-roubam-clientes-e-funcionarios","status":"publish","type":"post","link":"https:\/\/redenoticiaz.com.br\/litoralsp\/2022\/06\/18\/video-bandidos-invadem-salao-de-beleza-e-roubam-clientes-e-funcionarios","title":{"rendered":"V\u00cdDEO &#8211; Bandidos invadem sal\u00e3o de beleza e roubam clientes e funcion\u00e1rios"},"content":{"rendered":"<p>Um <strong>sal\u00e3o de beleza foi invadido por uma quadrilha<\/strong> com quatro homens em <a href=\"https:\/\/www.saovicente.sp.gov.br\/onepage\">S\u00e3o Vicente<\/a>. Eles anunciaram o assalto e conseguiram roubar v\u00e1rios objetos e pertences dos funcion\u00e1rios e dos clientes e fugiram de bicicleta. O crime aconteceu na sexta-feira (17) e por enquanto ningu\u00e9m foi preso.<\/p>\n<p>O crime aconteceu, por volta das 19h15, no Centro de Embelezamento, localizado na Avenida Monteiro Lobato, na Vila Valen\u00e7a. Nas imagens \u00e9 poss\u00edvel ver a a\u00e7\u00e3o completa dos criminosos, que entraram no sal\u00e3o de beleza e as v\u00edtimas foram amea\u00e7adas com uma arma de fogo que um dos suspeitos portava.<\/p>\n<div class=\"mc-column content-text active-extra-styles \" data-block-type=\"unstyled\" data-block-weight=\"68\" data-block-id=\"4\">\n<p class=\"content-text__container \" data-track-category=\"Link no Texto\" data-track-links=\"\">Os criminosos tiraram as joias de todas as pessoas que estavam no local e pegaram o celular de uma das mulheres. No momento da a\u00e7\u00e3o dos bandidos, haviam clientes fazendo as unhas e o cabelo no local. Assustadas, as v\u00edtimas colocaram as m\u00e3os para cima, n\u00e3o reagiram e seguiram as orienta\u00e7\u00f5es dos criminosos. Ao final do v\u00eddeo, os quatro saem correndo e um deles passa em uma bicicleta.<\/p>\n<\/div>\n<div class=\"content-ads content-ads--reveal\" data-block-type=\"ads\" data-block-id=\"5\">\n<div id=\"banner_materia2\" class=\"tag-manager-publicidade-container mc-has-reveal mc-has-ad-lazyload tag-manager-publicidade-banner_materia2 tag-manager-publicidade-container--carregado tag-manager-publicidade-container--visivel\" data-id=\"banner_materia2\" data-req=\"true\" data-google-query-id=\"CJjy55bVt_gCFYM2uQYd-jMFCg\" data-cid=\"138296393627\" data-lid=\"5238420215\">\n<div id=\"google_ads_iframe_\/95377733\/tvg_G1\/Sua_Regiao&gt;Sudeste&gt;Sao_Paulo_(Santos)_3__container__\" style=\"margin: auto;padding: 0px;border: 0pt none;font: inherit;vertical-align: initial;max-width: 100%;text-align: center;width: 970px;height: 250px\"><iframe loading=\"lazy\" id=\"google_ads_iframe_\/95377733\/tvg_G1\/Sua_Regiao&gt;Sudeste&gt;Sao_Paulo_(Santos)_3\" style=\"margin: 0px;padding: 0px;border: 0px;font: inherit;vertical-align: bottom;width: 970px;height: 250px\" title=\"3rd party ad content\" src=\"https:\/\/f95b0001869d4c717feb42c6e404824c.safeframe.googlesyndication.com\/safeframe\/1-0-38\/html\/container.html\" name=\"\" width=\"1\" height=\"1\" frameborder=\"0\" marginwidth=\"0\" marginheight=\"0\" scrolling=\"no\"><\/iframe><\/div>\n<\/div>\n<\/div>\n<div class=\"mc-column content-text active-extra-styles \" data-block-type=\"unstyled\" data-block-weight=\"39\" data-block-id=\"6\">\n<p class=\"content-text__container \" data-track-category=\"Link no Texto\" data-track-links=\"\">Segundo a Pol\u00edcia Militar, os assaltantes roubaram um celular, do modelo iPhone 10, e joias das mulheres. Viaturas foram at\u00e9 o local e o caso foi encaminhado ao 1\u00ba Distrito Policial da cidade. Por enquanto, ningu\u00e9m foi preso.<\/p>\n<h5 data-track-category=\"Link no Texto\">Veja o v\u00eddeo:<\/h5>\n<\/div>\n<div style=\"width: 640px;\" class=\"wp-video\"><video class=\"wp-video-shortcode\" id=\"video-86412-1\" width=\"640\" height=\"360\" preload=\"metadata\" controls=\"controls\"><source type=\"video\/mp4\" src=\"https:\/\/redenoticiaz.com.br\/litoralsp\/wp-content\/uploads\/sites\/3\/2022\/06\/videoplayback-4.mp4?_=1\" \/><a href=\"https:\/\/redenoticiaz.com.br\/litoralsp\/wp-content\/uploads\/sites\/3\/2022\/06\/videoplayback-4.mp4\">https:\/\/redenoticiaz.com.br\/litoralsp\/wp-content\/uploads\/sites\/3\/2022\/06\/videoplayback-4.mp4<\/a><\/video><\/div>\n<p data-track-category=\"Link no Texto\" data-track-links=\"\"><strong>LEIA TAMB\u00c9M<\/strong><\/p>\n<p data-track-category=\"Link no Texto\" data-track-links=\"\"><a href=\"https:\/\/redenoticiaz.com.br\/litoralsp\/2022\/06\/17\/homem-e-impedido-de-roubar-merenda-de-escola\">Homem \u00e9 impedido de roubar merenda de escola<\/a><\/p>\n","protected":false},"excerpt":{"rendered":"<p>Um sal\u00e3o de beleza foi invadido por uma quadrilha com quatro homens em S\u00e3o Vicente. Eles anunciaram o assalto e conseguiram roubar v\u00e1rios objetos e pertences dos funcion\u00e1rios e dos clientes e fugiram de bicicleta. O crime aconteceu na sexta-feira (17) e por enquanto ningu\u00e9m foi preso. O crime aconteceu, por volta das 19h15, no &hellip;<\/p>\n","protected":false},"author":6,"featured_media":86414,"comment_status":"open","ping_status":"closed","sticky":false,"template":"","format":"standard","meta":{"footnotes":""},"categories":[10,181],"tags":[2803,57310,12109,25177,33],"class_list":["post-86412","post","type-post","status-publish","format-standard","has-post-thumbnail","hentry","category-policia","category-sao-vicente","tag-assalto","tag-invasao-de-criminosos","tag-quadrilha","tag-salao-de-beleza","tag-sao-vicente"],"yoast_head":"<!-- This site is optimized with the Yoast SEO plugin v27.5 - https:\/\/yoast.com\/product\/yoast-seo-wordpress\/ -->\n<title>V\u00cdDEO - Bandidos invadem sal\u00e3o de beleza e roubam clientes e funcion\u00e1rios - Litoral SP<\/title>\n<meta name=\"description\" content=\"Um sal\u00e3o de beleza foi invadido por uma quadrilha com quatro homens em S\u00e3o Vicente. Eles anunciaram o assalto e conseguiram\" \/>\n<meta name=\"robots\" content=\"index, follow, max-snippet:-1, max-image-preview:large, max-video-preview:-1\" \/>\n<link rel=\"canonical\" href=\"https:\/\/redenoticiaz.com.br\/litoralsp\/2022\/06\/18\/video-bandidos-invadem-salao-de-beleza-e-roubam-clientes-e-funcionarios\" \/>\n<meta property=\"og:locale\" content=\"pt_BR\" \/>\n<meta property=\"og:type\" content=\"article\" \/>\n<meta property=\"og:title\" content=\"V\u00cdDEO - Bandidos invadem sal\u00e3o de beleza e roubam clientes e funcion\u00e1rios - Litoral SP\" \/>\n<meta property=\"og:description\" content=\"Um sal\u00e3o de beleza foi invadido por uma quadrilha com quatro homens em S\u00e3o Vicente. Eles anunciaram o assalto e conseguiram\" \/>\n<meta property=\"og:url\" content=\"https:\/\/redenoticiaz.com.br\/litoralsp\/2022\/06\/18\/video-bandidos-invadem-salao-de-beleza-e-roubam-clientes-e-funcionarios\" \/>\n<meta property=\"og:site_name\" content=\"Litoral SP\" \/>\n<meta property=\"article:published_time\" content=\"2022-06-18T18:53:38+00:00\" \/>\n<meta property=\"og:image\" content=\"https:\/\/redenoticiaz.com.br\/litoralsp\/wp-content\/uploads\/sites\/3\/2022\/06\/salao-roubo.jpg\" \/>\n\t<meta property=\"og:image:width\" content=\"900\" \/>\n\t<meta property=\"og:image:height\" content=\"600\" \/>\n\t<meta property=\"og:image:type\" content=\"image\/jpeg\" \/>\n<meta name=\"author\" content=\"Leonardo Francisco\" \/>\n<meta name=\"twitter:card\" content=\"summary_large_image\" \/>\n<meta name=\"twitter:label1\" content=\"Escrito por\" \/>\n\t<meta name=\"twitter:data1\" content=\"Leonardo Francisco\" \/>\n\t<meta name=\"twitter:label2\" content=\"Est. tempo de leitura\" \/>\n\t<meta name=\"twitter:data2\" content=\"1 minuto\" \/>\n<script type=\"application\/ld+json\" class=\"yoast-schema-graph\">{\"@context\":\"https:\\\/\\\/schema.org\",\"@graph\":[{\"@type\":\"Article\",\"@id\":\"https:\\\/\\\/redenoticiaz.com.br\\\/litoralsp\\\/2022\\\/06\\\/18\\\/video-bandidos-invadem-salao-de-beleza-e-roubam-clientes-e-funcionarios#article\",\"isPartOf\":{\"@id\":\"https:\\\/\\\/redenoticiaz.com.br\\\/litoralsp\\\/2022\\\/06\\\/18\\\/video-bandidos-invadem-salao-de-beleza-e-roubam-clientes-e-funcionarios\"},\"author\":{\"name\":\"Leonardo Francisco\",\"@id\":\"https:\\\/\\\/redenoticiaz.com.br\\\/litoralsp\\\/#\\\/schema\\\/person\\\/0f0b8a5bdafefe82841e07ae8d81ecb3\"},\"headline\":\"V\u00cdDEO &#8211; Bandidos invadem sal\u00e3o de beleza e roubam clientes e funcion\u00e1rios\",\"datePublished\":\"2022-06-18T18:53:38+00:00\",\"mainEntityOfPage\":{\"@id\":\"https:\\\/\\\/redenoticiaz.com.br\\\/litoralsp\\\/2022\\\/06\\\/18\\\/video-bandidos-invadem-salao-de-beleza-e-roubam-clientes-e-funcionarios\"},\"wordCount\":262,\"commentCount\":0,\"publisher\":{\"@id\":\"https:\\\/\\\/redenoticiaz.com.br\\\/litoralsp\\\/#organization\"},\"image\":{\"@id\":\"https:\\\/\\\/redenoticiaz.com.br\\\/litoralsp\\\/2022\\\/06\\\/18\\\/video-bandidos-invadem-salao-de-beleza-e-roubam-clientes-e-funcionarios#primaryimage\"},\"thumbnailUrl\":\"https:\\\/\\\/redenoticiaz.com.br\\\/litoralsp\\\/wp-content\\\/uploads\\\/sites\\\/3\\\/2022\\\/06\\\/salao-roubo.jpg\",\"keywords\":[\"Assalto\",\"INVAS\u00c3O DE CRIMINOSOS\",\"QUADRILHA\",\"sal\u00e3o de beleza\",\"S\u00e3o Vicente\"],\"articleSection\":[\"Pol\u00edcia\",\"S\u00e3o Vicente\"],\"inLanguage\":\"pt-BR\",\"potentialAction\":[{\"@type\":\"CommentAction\",\"name\":\"Comment\",\"target\":[\"https:\\\/\\\/redenoticiaz.com.br\\\/litoralsp\\\/2022\\\/06\\\/18\\\/video-bandidos-invadem-salao-de-beleza-e-roubam-clientes-e-funcionarios#respond\"]}]},{\"@type\":\"WebPage\",\"@id\":\"https:\\\/\\\/redenoticiaz.com.br\\\/litoralsp\\\/2022\\\/06\\\/18\\\/video-bandidos-invadem-salao-de-beleza-e-roubam-clientes-e-funcionarios\",\"url\":\"https:\\\/\\\/redenoticiaz.com.br\\\/litoralsp\\\/2022\\\/06\\\/18\\\/video-bandidos-invadem-salao-de-beleza-e-roubam-clientes-e-funcionarios\",\"name\":\"V\u00cdDEO - Bandidos invadem sal\u00e3o de beleza e roubam clientes e funcion\u00e1rios - Litoral SP\",\"isPartOf\":{\"@id\":\"https:\\\/\\\/redenoticiaz.com.br\\\/litoralsp\\\/#website\"},\"primaryImageOfPage\":{\"@id\":\"https:\\\/\\\/redenoticiaz.com.br\\\/litoralsp\\\/2022\\\/06\\\/18\\\/video-bandidos-invadem-salao-de-beleza-e-roubam-clientes-e-funcionarios#primaryimage\"},\"image\":{\"@id\":\"https:\\\/\\\/redenoticiaz.com.br\\\/litoralsp\\\/2022\\\/06\\\/18\\\/video-bandidos-invadem-salao-de-beleza-e-roubam-clientes-e-funcionarios#primaryimage\"},\"thumbnailUrl\":\"https:\\\/\\\/redenoticiaz.com.br\\\/litoralsp\\\/wp-content\\\/uploads\\\/sites\\\/3\\\/2022\\\/06\\\/salao-roubo.jpg\",\"datePublished\":\"2022-06-18T18:53:38+00:00\",\"description\":\"Um sal\u00e3o de beleza foi invadido por uma quadrilha com quatro homens em S\u00e3o Vicente. Eles anunciaram o assalto e conseguiram\",\"inLanguage\":\"pt-BR\",\"potentialAction\":[{\"@type\":\"ReadAction\",\"target\":[\"https:\\\/\\\/redenoticiaz.com.br\\\/litoralsp\\\/2022\\\/06\\\/18\\\/video-bandidos-invadem-salao-de-beleza-e-roubam-clientes-e-funcionarios\"]}]},{\"@type\":\"ImageObject\",\"inLanguage\":\"pt-BR\",\"@id\":\"https:\\\/\\\/redenoticiaz.com.br\\\/litoralsp\\\/2022\\\/06\\\/18\\\/video-bandidos-invadem-salao-de-beleza-e-roubam-clientes-e-funcionarios#primaryimage\",\"url\":\"https:\\\/\\\/redenoticiaz.com.br\\\/litoralsp\\\/wp-content\\\/uploads\\\/sites\\\/3\\\/2022\\\/06\\\/salao-roubo.jpg\",\"contentUrl\":\"https:\\\/\\\/redenoticiaz.com.br\\\/litoralsp\\\/wp-content\\\/uploads\\\/sites\\\/3\\\/2022\\\/06\\\/salao-roubo.jpg\",\"width\":900,\"height\":600,\"caption\":\"As buscas pelos acusados est\u00e1 em andamento. Cr\u00e9ditos: Reprodu\u00e7\u00e3o\"},{\"@type\":\"WebSite\",\"@id\":\"https:\\\/\\\/redenoticiaz.com.br\\\/litoralsp\\\/#website\",\"url\":\"https:\\\/\\\/redenoticiaz.com.br\\\/litoralsp\\\/\",\"name\":\"Litoral SP\",\"description\":\"Rede NoticiaZ\",\"publisher\":{\"@id\":\"https:\\\/\\\/redenoticiaz.com.br\\\/litoralsp\\\/#organization\"},\"potentialAction\":[{\"@type\":\"SearchAction\",\"target\":{\"@type\":\"EntryPoint\",\"urlTemplate\":\"https:\\\/\\\/redenoticiaz.com.br\\\/litoralsp\\\/?s={search_term_string}\"},\"query-input\":{\"@type\":\"PropertyValueSpecification\",\"valueRequired\":true,\"valueName\":\"search_term_string\"}}],\"inLanguage\":\"pt-BR\"},{\"@type\":\"Organization\",\"@id\":\"https:\\\/\\\/redenoticiaz.com.br\\\/litoralsp\\\/#organization\",\"name\":\"Litoral SP\",\"url\":\"https:\\\/\\\/redenoticiaz.com.br\\\/litoralsp\\\/\",\"logo\":{\"@type\":\"ImageObject\",\"inLanguage\":\"pt-BR\",\"@id\":\"https:\\\/\\\/redenoticiaz.com.br\\\/litoralsp\\\/#\\\/schema\\\/logo\\\/image\\\/\",\"url\":\"https:\\\/\\\/redenoticiaz.com.br\\\/litoralsp\\\/wp-content\\\/uploads\\\/sites\\\/3\\\/2020\\\/11\\\/logo.jpg\",\"contentUrl\":\"https:\\\/\\\/redenoticiaz.com.br\\\/litoralsp\\\/wp-content\\\/uploads\\\/sites\\\/3\\\/2020\\\/11\\\/logo.jpg\",\"width\":400,\"height\":250,\"caption\":\"Litoral SP\"},\"image\":{\"@id\":\"https:\\\/\\\/redenoticiaz.com.br\\\/litoralsp\\\/#\\\/schema\\\/logo\\\/image\\\/\"}},{\"@type\":\"Person\",\"@id\":\"https:\\\/\\\/redenoticiaz.com.br\\\/litoralsp\\\/#\\\/schema\\\/person\\\/0f0b8a5bdafefe82841e07ae8d81ecb3\",\"name\":\"Leonardo Francisco\",\"image\":{\"@type\":\"ImageObject\",\"inLanguage\":\"pt-BR\",\"@id\":\"https:\\\/\\\/secure.gravatar.com\\\/avatar\\\/a7358cb406a99b682ec6df1e77e31ae82e63601f6784e8a3df411d72b37864da?s=96&d=mm&r=g\",\"url\":\"https:\\\/\\\/secure.gravatar.com\\\/avatar\\\/a7358cb406a99b682ec6df1e77e31ae82e63601f6784e8a3df411d72b37864da?s=96&d=mm&r=g\",\"contentUrl\":\"https:\\\/\\\/secure.gravatar.com\\\/avatar\\\/a7358cb406a99b682ec6df1e77e31ae82e63601f6784e8a3df411d72b37864da?s=96&d=mm&r=g\",\"caption\":\"Leonardo Francisco\"},\"url\":\"https:\\\/\\\/redenoticiaz.com.br\\\/litoralsp\\\/author\\\/leonardo-francisco\"}]}<\/script>\n<!-- \/ Yoast SEO plugin. -->","yoast_head_json":{"title":"V\u00cdDEO - Bandidos invadem sal\u00e3o de beleza e roubam clientes e funcion\u00e1rios - Litoral SP","description":"Um sal\u00e3o de beleza foi invadido por uma quadrilha com quatro homens em S\u00e3o Vicente. Eles anunciaram o assalto e conseguiram","robots":{"index":"index","follow":"follow","max-snippet":"max-snippet:-1","max-image-preview":"max-image-preview:large","max-video-preview":"max-video-preview:-1"},"canonical":"https:\/\/redenoticiaz.com.br\/litoralsp\/2022\/06\/18\/video-bandidos-invadem-salao-de-beleza-e-roubam-clientes-e-funcionarios","og_locale":"pt_BR","og_type":"article","og_title":"V\u00cdDEO - Bandidos invadem sal\u00e3o de beleza e roubam clientes e funcion\u00e1rios - Litoral SP","og_description":"Um sal\u00e3o de beleza foi invadido por uma quadrilha com quatro homens em S\u00e3o Vicente. Eles anunciaram o assalto e conseguiram","og_url":"https:\/\/redenoticiaz.com.br\/litoralsp\/2022\/06\/18\/video-bandidos-invadem-salao-de-beleza-e-roubam-clientes-e-funcionarios","og_site_name":"Litoral SP","article_published_time":"2022-06-18T18:53:38+00:00","og_image":[{"width":900,"height":600,"url":"https:\/\/redenoticiaz.com.br\/litoralsp\/wp-content\/uploads\/sites\/3\/2022\/06\/salao-roubo.jpg","type":"image\/jpeg"}],"author":"Leonardo Francisco","twitter_card":"summary_large_image","twitter_misc":{"Escrito por":"Leonardo Francisco","Est. tempo de leitura":"1 minuto"},"schema":{"@context":"https:\/\/schema.org","@graph":[{"@type":"Article","@id":"https:\/\/redenoticiaz.com.br\/litoralsp\/2022\/06\/18\/video-bandidos-invadem-salao-de-beleza-e-roubam-clientes-e-funcionarios#article","isPartOf":{"@id":"https:\/\/redenoticiaz.com.br\/litoralsp\/2022\/06\/18\/video-bandidos-invadem-salao-de-beleza-e-roubam-clientes-e-funcionarios"},"author":{"name":"Leonardo Francisco","@id":"https:\/\/redenoticiaz.com.br\/litoralsp\/#\/schema\/person\/0f0b8a5bdafefe82841e07ae8d81ecb3"},"headline":"V\u00cdDEO &#8211; Bandidos invadem sal\u00e3o de beleza e roubam clientes e funcion\u00e1rios","datePublished":"2022-06-18T18:53:38+00:00","mainEntityOfPage":{"@id":"https:\/\/redenoticiaz.com.br\/litoralsp\/2022\/06\/18\/video-bandidos-invadem-salao-de-beleza-e-roubam-clientes-e-funcionarios"},"wordCount":262,"commentCount":0,"publisher":{"@id":"https:\/\/redenoticiaz.com.br\/litoralsp\/#organization"},"image":{"@id":"https:\/\/redenoticiaz.com.br\/litoralsp\/2022\/06\/18\/video-bandidos-invadem-salao-de-beleza-e-roubam-clientes-e-funcionarios#primaryimage"},"thumbnailUrl":"https:\/\/redenoticiaz.com.br\/litoralsp\/wp-content\/uploads\/sites\/3\/2022\/06\/salao-roubo.jpg","keywords":["Assalto","INVAS\u00c3O DE CRIMINOSOS","QUADRILHA","sal\u00e3o de beleza","S\u00e3o Vicente"],"articleSection":["Pol\u00edcia","S\u00e3o Vicente"],"inLanguage":"pt-BR","potentialAction":[{"@type":"CommentAction","name":"Comment","target":["https:\/\/redenoticiaz.com.br\/litoralsp\/2022\/06\/18\/video-bandidos-invadem-salao-de-beleza-e-roubam-clientes-e-funcionarios#respond"]}]},{"@type":"WebPage","@id":"https:\/\/redenoticiaz.com.br\/litoralsp\/2022\/06\/18\/video-bandidos-invadem-salao-de-beleza-e-roubam-clientes-e-funcionarios","url":"https:\/\/redenoticiaz.com.br\/litoralsp\/2022\/06\/18\/video-bandidos-invadem-salao-de-beleza-e-roubam-clientes-e-funcionarios","name":"V\u00cdDEO - Bandidos invadem sal\u00e3o de beleza e roubam clientes e funcion\u00e1rios - Litoral SP","isPartOf":{"@id":"https:\/\/redenoticiaz.com.br\/litoralsp\/#website"},"primaryImageOfPage":{"@id":"https:\/\/redenoticiaz.com.br\/litoralsp\/2022\/06\/18\/video-bandidos-invadem-salao-de-beleza-e-roubam-clientes-e-funcionarios#primaryimage"},"image":{"@id":"https:\/\/redenoticiaz.com.br\/litoralsp\/2022\/06\/18\/video-bandidos-invadem-salao-de-beleza-e-roubam-clientes-e-funcionarios#primaryimage"},"thumbnailUrl":"https:\/\/redenoticiaz.com.br\/litoralsp\/wp-content\/uploads\/sites\/3\/2022\/06\/salao-roubo.jpg","datePublished":"2022-06-18T18:53:38+00:00","description":"Um sal\u00e3o de beleza foi invadido por uma quadrilha com quatro homens em S\u00e3o Vicente. Eles anunciaram o assalto e conseguiram","inLanguage":"pt-BR","potentialAction":[{"@type":"ReadAction","target":["https:\/\/redenoticiaz.com.br\/litoralsp\/2022\/06\/18\/video-bandidos-invadem-salao-de-beleza-e-roubam-clientes-e-funcionarios"]}]},{"@type":"ImageObject","inLanguage":"pt-BR","@id":"https:\/\/redenoticiaz.com.br\/litoralsp\/2022\/06\/18\/video-bandidos-invadem-salao-de-beleza-e-roubam-clientes-e-funcionarios#primaryimage","url":"https:\/\/redenoticiaz.com.br\/litoralsp\/wp-content\/uploads\/sites\/3\/2022\/06\/salao-roubo.jpg","contentUrl":"https:\/\/redenoticiaz.com.br\/litoralsp\/wp-content\/uploads\/sites\/3\/2022\/06\/salao-roubo.jpg","width":900,"height":600,"caption":"As buscas pelos acusados est\u00e1 em andamento. Cr\u00e9ditos: Reprodu\u00e7\u00e3o"},{"@type":"WebSite","@id":"https:\/\/redenoticiaz.com.br\/litoralsp\/#website","url":"https:\/\/redenoticiaz.com.br\/litoralsp\/","name":"Litoral SP","description":"Rede NoticiaZ","publisher":{"@id":"https:\/\/redenoticiaz.com.br\/litoralsp\/#organization"},"potentialAction":[{"@type":"SearchAction","target":{"@type":"EntryPoint","urlTemplate":"https:\/\/redenoticiaz.com.br\/litoralsp\/?s={search_term_string}"},"query-input":{"@type":"PropertyValueSpecification","valueRequired":true,"valueName":"search_term_string"}}],"inLanguage":"pt-BR"},{"@type":"Organization","@id":"https:\/\/redenoticiaz.com.br\/litoralsp\/#organization","name":"Litoral SP","url":"https:\/\/redenoticiaz.com.br\/litoralsp\/","logo":{"@type":"ImageObject","inLanguage":"pt-BR","@id":"https:\/\/redenoticiaz.com.br\/litoralsp\/#\/schema\/logo\/image\/","url":"https:\/\/redenoticiaz.com.br\/litoralsp\/wp-content\/uploads\/sites\/3\/2020\/11\/logo.jpg","contentUrl":"https:\/\/redenoticiaz.com.br\/litoralsp\/wp-content\/uploads\/sites\/3\/2020\/11\/logo.jpg","width":400,"height":250,"caption":"Litoral SP"},"image":{"@id":"https:\/\/redenoticiaz.com.br\/litoralsp\/#\/schema\/logo\/image\/"}},{"@type":"Person","@id":"https:\/\/redenoticiaz.com.br\/litoralsp\/#\/schema\/person\/0f0b8a5bdafefe82841e07ae8d81ecb3","name":"Leonardo Francisco","image":{"@type":"ImageObject","inLanguage":"pt-BR","@id":"https:\/\/secure.gravatar.com\/avatar\/a7358cb406a99b682ec6df1e77e31ae82e63601f6784e8a3df411d72b37864da?s=96&d=mm&r=g","url":"https:\/\/secure.gravatar.com\/avatar\/a7358cb406a99b682ec6df1e77e31ae82e63601f6784e8a3df411d72b37864da?s=96&d=mm&r=g","contentUrl":"https:\/\/secure.gravatar.com\/avatar\/a7358cb406a99b682ec6df1e77e31ae82e63601f6784e8a3df411d72b37864da?s=96&d=mm&r=g","caption":"Leonardo Francisco"},"url":"https:\/\/redenoticiaz.com.br\/litoralsp\/author\/leonardo-francisco"}]}},"_links":{"self":[{"href":"https:\/\/redenoticiaz.com.br\/litoralsp\/wp-json\/wp\/v2\/posts\/86412","targetHints":{"allow":["GET"]}}],"collection":[{"href":"https:\/\/redenoticiaz.com.br\/litoralsp\/wp-json\/wp\/v2\/posts"}],"about":[{"href":"https:\/\/redenoticiaz.com.br\/litoralsp\/wp-json\/wp\/v2\/types\/post"}],"author":[{"embeddable":true,"href":"https:\/\/redenoticiaz.com.br\/litoralsp\/wp-json\/wp\/v2\/users\/6"}],"replies":[{"embeddable":true,"href":"https:\/\/redenoticiaz.com.br\/litoralsp\/wp-json\/wp\/v2\/comments?post=86412"}],"version-history":[{"count":1,"href":"https:\/\/redenoticiaz.com.br\/litoralsp\/wp-json\/wp\/v2\/posts\/86412\/revisions"}],"predecessor-version":[{"id":86415,"href":"https:\/\/redenoticiaz.com.br\/litoralsp\/wp-json\/wp\/v2\/posts\/86412\/revisions\/86415"}],"wp:featuredmedia":[{"embeddable":true,"href":"https:\/\/redenoticiaz.com.br\/litoralsp\/wp-json\/wp\/v2\/media\/86414"}],"wp:attachment":[{"href":"https:\/\/redenoticiaz.com.br\/litoralsp\/wp-json\/wp\/v2\/media?parent=86412"}],"wp:term":[{"taxonomy":"category","embeddable":true,"href":"https:\/\/redenoticiaz.com.br\/litoralsp\/wp-json\/wp\/v2\/categories?post=86412"},{"taxonomy":"post_tag","embeddable":true,"href":"https:\/\/redenoticiaz.com.br\/litoralsp\/wp-json\/wp\/v2\/tags?post=86412"}],"curies":[{"name":"wp","href":"https:\/\/api.w.org\/{rel}","templated":true}]}}