{"id":86464,"date":"2022-06-19T15:28:57","date_gmt":"2022-06-19T18:28:57","guid":{"rendered":"https:\/\/redenoticiaz.com.br\/litoralsp\/?p=86464"},"modified":"2022-06-19T15:28:57","modified_gmt":"2022-06-19T18:28:57","slug":"cinco-pessoas-ficam-feridas-apos-acidente-na-rio-santos","status":"publish","type":"post","link":"https:\/\/redenoticiaz.com.br\/litoralsp\/2022\/06\/19\/cinco-pessoas-ficam-feridas-apos-acidente-na-rio-santos","title":{"rendered":"Cinco pessoas ficam feridas ap\u00f3s acidente na Rio-Santos"},"content":{"rendered":"<p>Um grave acidente deixou uma crian\u00e7a, um adolescente e tr\u00eas adultos <strong>feridos na Rodovia Rio-Santos<\/strong>, em <a href=\"https:\/\/www.ubatuba.sp.gov.br\/\">Ubatuba<\/a>. O ve\u00edculo onde as cinco pessoas estava bateu de maneira frontal nesse s\u00e1bado (18). Todos precisaram ser socorridos.<\/p>\n<p>O Corpo de Bombeiros informa que a batida aconteceu no bairro Saco da Ribeira. A crian\u00e7a de 10 anos foi atendida com dores na regi\u00e3o abdominal. Uma v\u00edtima de 14 anos tamb\u00e9m apresentou ferimentos.<\/p>\n<div class=\"mc-column content-text active-extra-styles \" data-block-type=\"unstyled\" data-block-weight=\"37\" data-block-id=\"5\">\n<p class=\"content-text__container \" data-track-category=\"Link no Texto\" data-track-links=\"\">Al\u00e9m delas, uma mulher de 25 anos foi encontrada com fratura no bra\u00e7o, um homem de 28 anos foi resgatado ap\u00f3s ficar retido nas ferragens e um homem de 47 anos foi atendido com dores no peito.<\/p>\n<\/div>\n<div class=\"content-ads content-ads--reveal\" data-block-type=\"ads\" data-block-id=\"6\">\n<div id=\"banner_materia2\" class=\"tag-manager-publicidade-container mc-has-reveal mc-has-ad-lazyload tag-manager-publicidade-banner_materia2 tag-manager-publicidade-container--carregado tag-manager-publicidade-container--visivel\" data-id=\"banner_materia2\" data-req=\"true\" data-google-query-id=\"CJam7_SQuvgCFaoDuQYdOfgBiQ\" data-cid=\"138394360021\" data-lid=\"6032774335\">\n<div id=\"google_ads_iframe_\/95377733\/tvg_G1\/Sua_Regiao&gt;Sudeste&gt;Sao_Paulo_(Vale_do_Paraiba)_4__container__\" style=\"margin: auto;padding: 0px;border: 0pt none;font: inherit;vertical-align: initial;max-width: 100%;text-align: center\"><iframe id=\"google_ads_iframe_\/95377733\/tvg_G1\/Sua_Regiao&gt;Sudeste&gt;Sao_Paulo_(Vale_do_Paraiba)_4\" style=\"margin: 0px;padding: 0px;border: 0px;font: inherit;vertical-align: bottom\" title=\"3rd party ad content\" name=\"google_ads_iframe_\/95377733\/tvg_G1\/Sua_Regiao&gt;Sudeste&gt;Sao_Paulo_(Vale_do_Paraiba)_4\" width=\"970\" height=\"150\" frameborder=\"0\" marginwidth=\"0\" marginheight=\"0\" scrolling=\"no\"><\/iframe><\/div>\n<\/div>\n<\/div>\n<div class=\"mc-column content-text active-extra-styles \" data-block-type=\"unstyled\" data-block-weight=\"11\" data-block-id=\"7\">\n<p class=\"content-text__container \" data-track-category=\"Link no Texto\" data-track-links=\"\">As cinco pessoas, todas de Ubatuba, foram levadas ao pronto socorro.<\/p>\n<p data-track-category=\"Link no Texto\" data-track-links=\"\"><strong>LEIA TAMB\u00c9M<\/strong><\/p>\n<p data-track-category=\"Link no Texto\" data-track-links=\"\"><a href=\"https:\/\/redenoticiaz.com.br\/litoralsp\/2022\/06\/19\/video-casa-antiga-desaba-e-atinge-carro-estacionado\">V\u00cdDEO \u2013 Casa antiga desaba e atinge carro estacionado<\/a><\/p>\n<\/div>\n","protected":false},"excerpt":{"rendered":"<p>Um grave acidente deixou uma crian\u00e7a, um adolescente e tr\u00eas adultos feridos na Rodovia Rio-Santos, em Ubatuba. O ve\u00edculo onde as cinco pessoas estava bateu de maneira frontal nesse s\u00e1bado (18). Todos precisaram ser socorridos. O Corpo de Bombeiros informa que a batida aconteceu no bairro Saco da Ribeira. A crian\u00e7a de 10 anos foi &hellip;<\/p>\n","protected":false},"author":6,"featured_media":86465,"comment_status":"open","ping_status":"closed","sticky":false,"template":"","format":"standard","meta":{"footnotes":""},"categories":[10,5,189],"tags":[7,57332,4629,1333],"class_list":["post-86464","post","type-post","status-publish","format-standard","has-post-thumbnail","hentry","category-policia","category-transito","category-ubatuba","tag-acidente","tag-cinco-feridos","tag-rodovia-rio-santos","tag-ubatuba"],"yoast_head":"<!-- This site is optimized with the Yoast SEO plugin v27.5 - https:\/\/yoast.com\/product\/yoast-seo-wordpress\/ -->\n<title>Cinco pessoas ficam feridas ap\u00f3s acidente na Rio-Santos - Litoral SP<\/title>\n<meta name=\"description\" content=\"Um grave acidente deixou uma crian\u00e7a, um adolescente e tr\u00eas adultos feridos na Rodovia Rio-Santos, em Ubatuba. O ve\u00edculo onde\" \/>\n<meta name=\"robots\" content=\"index, follow, max-snippet:-1, max-image-preview:large, max-video-preview:-1\" \/>\n<link rel=\"canonical\" href=\"https:\/\/redenoticiaz.com.br\/litoralsp\/2022\/06\/19\/cinco-pessoas-ficam-feridas-apos-acidente-na-rio-santos\" \/>\n<meta property=\"og:locale\" content=\"pt_BR\" \/>\n<meta property=\"og:type\" content=\"article\" \/>\n<meta property=\"og:title\" content=\"Cinco pessoas ficam feridas ap\u00f3s acidente na Rio-Santos - Litoral SP\" \/>\n<meta property=\"og:description\" content=\"Um grave acidente deixou uma crian\u00e7a, um adolescente e tr\u00eas adultos feridos na Rodovia Rio-Santos, em Ubatuba. O ve\u00edculo onde\" \/>\n<meta property=\"og:url\" content=\"https:\/\/redenoticiaz.com.br\/litoralsp\/2022\/06\/19\/cinco-pessoas-ficam-feridas-apos-acidente-na-rio-santos\" \/>\n<meta property=\"og:site_name\" content=\"Litoral SP\" \/>\n<meta property=\"article:published_time\" content=\"2022-06-19T18:28:57+00:00\" \/>\n<meta property=\"og:image\" content=\"https:\/\/redenoticiaz.com.br\/litoralsp\/wp-content\/uploads\/sites\/3\/2022\/06\/ACIDENTE-RIO-SANTOS.png\" \/>\n\t<meta property=\"og:image:width\" content=\"577\" \/>\n\t<meta property=\"og:image:height\" content=\"322\" \/>\n\t<meta property=\"og:image:type\" content=\"image\/png\" \/>\n<meta name=\"author\" content=\"Leonardo Francisco\" \/>\n<meta name=\"twitter:card\" content=\"summary_large_image\" \/>\n<meta name=\"twitter:label1\" content=\"Escrito por\" \/>\n\t<meta name=\"twitter:data1\" content=\"Leonardo Francisco\" \/>\n\t<meta name=\"twitter:label2\" content=\"Est. tempo de leitura\" \/>\n\t<meta name=\"twitter:data2\" content=\"1 minuto\" \/>\n<script type=\"application\/ld+json\" class=\"yoast-schema-graph\">{\"@context\":\"https:\\\/\\\/schema.org\",\"@graph\":[{\"@type\":\"Article\",\"@id\":\"https:\\\/\\\/redenoticiaz.com.br\\\/litoralsp\\\/2022\\\/06\\\/19\\\/cinco-pessoas-ficam-feridas-apos-acidente-na-rio-santos#article\",\"isPartOf\":{\"@id\":\"https:\\\/\\\/redenoticiaz.com.br\\\/litoralsp\\\/2022\\\/06\\\/19\\\/cinco-pessoas-ficam-feridas-apos-acidente-na-rio-santos\"},\"author\":{\"name\":\"Leonardo Francisco\",\"@id\":\"https:\\\/\\\/redenoticiaz.com.br\\\/litoralsp\\\/#\\\/schema\\\/person\\\/0f0b8a5bdafefe82841e07ae8d81ecb3\"},\"headline\":\"Cinco pessoas ficam feridas ap\u00f3s acidente na Rio-Santos\",\"datePublished\":\"2022-06-19T18:28:57+00:00\",\"mainEntityOfPage\":{\"@id\":\"https:\\\/\\\/redenoticiaz.com.br\\\/litoralsp\\\/2022\\\/06\\\/19\\\/cinco-pessoas-ficam-feridas-apos-acidente-na-rio-santos\"},\"wordCount\":143,\"commentCount\":0,\"publisher\":{\"@id\":\"https:\\\/\\\/redenoticiaz.com.br\\\/litoralsp\\\/#organization\"},\"image\":{\"@id\":\"https:\\\/\\\/redenoticiaz.com.br\\\/litoralsp\\\/2022\\\/06\\\/19\\\/cinco-pessoas-ficam-feridas-apos-acidente-na-rio-santos#primaryimage\"},\"thumbnailUrl\":\"https:\\\/\\\/redenoticiaz.com.br\\\/litoralsp\\\/wp-content\\\/uploads\\\/sites\\\/3\\\/2022\\\/06\\\/ACIDENTE-RIO-SANTOS.png\",\"keywords\":[\"acidente\",\"CINCO FERIDOS\",\"RODOVIA RIO-SANTOS\",\"UBATUBA\"],\"articleSection\":[\"Pol\u00edcia\",\"Tr\u00e2nsito\",\"Ubatuba\"],\"inLanguage\":\"pt-BR\",\"potentialAction\":[{\"@type\":\"CommentAction\",\"name\":\"Comment\",\"target\":[\"https:\\\/\\\/redenoticiaz.com.br\\\/litoralsp\\\/2022\\\/06\\\/19\\\/cinco-pessoas-ficam-feridas-apos-acidente-na-rio-santos#respond\"]}]},{\"@type\":\"WebPage\",\"@id\":\"https:\\\/\\\/redenoticiaz.com.br\\\/litoralsp\\\/2022\\\/06\\\/19\\\/cinco-pessoas-ficam-feridas-apos-acidente-na-rio-santos\",\"url\":\"https:\\\/\\\/redenoticiaz.com.br\\\/litoralsp\\\/2022\\\/06\\\/19\\\/cinco-pessoas-ficam-feridas-apos-acidente-na-rio-santos\",\"name\":\"Cinco pessoas ficam feridas ap\u00f3s acidente na Rio-Santos - Litoral SP\",\"isPartOf\":{\"@id\":\"https:\\\/\\\/redenoticiaz.com.br\\\/litoralsp\\\/#website\"},\"primaryImageOfPage\":{\"@id\":\"https:\\\/\\\/redenoticiaz.com.br\\\/litoralsp\\\/2022\\\/06\\\/19\\\/cinco-pessoas-ficam-feridas-apos-acidente-na-rio-santos#primaryimage\"},\"image\":{\"@id\":\"https:\\\/\\\/redenoticiaz.com.br\\\/litoralsp\\\/2022\\\/06\\\/19\\\/cinco-pessoas-ficam-feridas-apos-acidente-na-rio-santos#primaryimage\"},\"thumbnailUrl\":\"https:\\\/\\\/redenoticiaz.com.br\\\/litoralsp\\\/wp-content\\\/uploads\\\/sites\\\/3\\\/2022\\\/06\\\/ACIDENTE-RIO-SANTOS.png\",\"datePublished\":\"2022-06-19T18:28:57+00:00\",\"description\":\"Um grave acidente deixou uma crian\u00e7a, um adolescente e tr\u00eas adultos feridos na Rodovia Rio-Santos, em Ubatuba. O ve\u00edculo onde\",\"inLanguage\":\"pt-BR\",\"potentialAction\":[{\"@type\":\"ReadAction\",\"target\":[\"https:\\\/\\\/redenoticiaz.com.br\\\/litoralsp\\\/2022\\\/06\\\/19\\\/cinco-pessoas-ficam-feridas-apos-acidente-na-rio-santos\"]}]},{\"@type\":\"ImageObject\",\"inLanguage\":\"pt-BR\",\"@id\":\"https:\\\/\\\/redenoticiaz.com.br\\\/litoralsp\\\/2022\\\/06\\\/19\\\/cinco-pessoas-ficam-feridas-apos-acidente-na-rio-santos#primaryimage\",\"url\":\"https:\\\/\\\/redenoticiaz.com.br\\\/litoralsp\\\/wp-content\\\/uploads\\\/sites\\\/3\\\/2022\\\/06\\\/ACIDENTE-RIO-SANTOS.png\",\"contentUrl\":\"https:\\\/\\\/redenoticiaz.com.br\\\/litoralsp\\\/wp-content\\\/uploads\\\/sites\\\/3\\\/2022\\\/06\\\/ACIDENTE-RIO-SANTOS.png\",\"width\":577,\"height\":322,\"caption\":\"Cr\u00e9ditos: Divulga\u00e7\u00e3o\\\/Corpo de Bombeiros\"},{\"@type\":\"WebSite\",\"@id\":\"https:\\\/\\\/redenoticiaz.com.br\\\/litoralsp\\\/#website\",\"url\":\"https:\\\/\\\/redenoticiaz.com.br\\\/litoralsp\\\/\",\"name\":\"Litoral SP\",\"description\":\"Rede NoticiaZ\",\"publisher\":{\"@id\":\"https:\\\/\\\/redenoticiaz.com.br\\\/litoralsp\\\/#organization\"},\"potentialAction\":[{\"@type\":\"SearchAction\",\"target\":{\"@type\":\"EntryPoint\",\"urlTemplate\":\"https:\\\/\\\/redenoticiaz.com.br\\\/litoralsp\\\/?s={search_term_string}\"},\"query-input\":{\"@type\":\"PropertyValueSpecification\",\"valueRequired\":true,\"valueName\":\"search_term_string\"}}],\"inLanguage\":\"pt-BR\"},{\"@type\":\"Organization\",\"@id\":\"https:\\\/\\\/redenoticiaz.com.br\\\/litoralsp\\\/#organization\",\"name\":\"Litoral SP\",\"url\":\"https:\\\/\\\/redenoticiaz.com.br\\\/litoralsp\\\/\",\"logo\":{\"@type\":\"ImageObject\",\"inLanguage\":\"pt-BR\",\"@id\":\"https:\\\/\\\/redenoticiaz.com.br\\\/litoralsp\\\/#\\\/schema\\\/logo\\\/image\\\/\",\"url\":\"https:\\\/\\\/redenoticiaz.com.br\\\/litoralsp\\\/wp-content\\\/uploads\\\/sites\\\/3\\\/2020\\\/11\\\/logo.jpg\",\"contentUrl\":\"https:\\\/\\\/redenoticiaz.com.br\\\/litoralsp\\\/wp-content\\\/uploads\\\/sites\\\/3\\\/2020\\\/11\\\/logo.jpg\",\"width\":400,\"height\":250,\"caption\":\"Litoral SP\"},\"image\":{\"@id\":\"https:\\\/\\\/redenoticiaz.com.br\\\/litoralsp\\\/#\\\/schema\\\/logo\\\/image\\\/\"}},{\"@type\":\"Person\",\"@id\":\"https:\\\/\\\/redenoticiaz.com.br\\\/litoralsp\\\/#\\\/schema\\\/person\\\/0f0b8a5bdafefe82841e07ae8d81ecb3\",\"name\":\"Leonardo Francisco\",\"image\":{\"@type\":\"ImageObject\",\"inLanguage\":\"pt-BR\",\"@id\":\"https:\\\/\\\/secure.gravatar.com\\\/avatar\\\/a7358cb406a99b682ec6df1e77e31ae82e63601f6784e8a3df411d72b37864da?s=96&d=mm&r=g\",\"url\":\"https:\\\/\\\/secure.gravatar.com\\\/avatar\\\/a7358cb406a99b682ec6df1e77e31ae82e63601f6784e8a3df411d72b37864da?s=96&d=mm&r=g\",\"contentUrl\":\"https:\\\/\\\/secure.gravatar.com\\\/avatar\\\/a7358cb406a99b682ec6df1e77e31ae82e63601f6784e8a3df411d72b37864da?s=96&d=mm&r=g\",\"caption\":\"Leonardo Francisco\"},\"url\":\"https:\\\/\\\/redenoticiaz.com.br\\\/litoralsp\\\/author\\\/leonardo-francisco\"}]}<\/script>\n<!-- \/ Yoast SEO plugin. -->","yoast_head_json":{"title":"Cinco pessoas ficam feridas ap\u00f3s acidente na Rio-Santos - Litoral SP","description":"Um grave acidente deixou uma crian\u00e7a, um adolescente e tr\u00eas adultos feridos na Rodovia Rio-Santos, em Ubatuba. O ve\u00edculo onde","robots":{"index":"index","follow":"follow","max-snippet":"max-snippet:-1","max-image-preview":"max-image-preview:large","max-video-preview":"max-video-preview:-1"},"canonical":"https:\/\/redenoticiaz.com.br\/litoralsp\/2022\/06\/19\/cinco-pessoas-ficam-feridas-apos-acidente-na-rio-santos","og_locale":"pt_BR","og_type":"article","og_title":"Cinco pessoas ficam feridas ap\u00f3s acidente na Rio-Santos - Litoral SP","og_description":"Um grave acidente deixou uma crian\u00e7a, um adolescente e tr\u00eas adultos feridos na Rodovia Rio-Santos, em Ubatuba. O ve\u00edculo onde","og_url":"https:\/\/redenoticiaz.com.br\/litoralsp\/2022\/06\/19\/cinco-pessoas-ficam-feridas-apos-acidente-na-rio-santos","og_site_name":"Litoral SP","article_published_time":"2022-06-19T18:28:57+00:00","og_image":[{"width":577,"height":322,"url":"https:\/\/redenoticiaz.com.br\/litoralsp\/wp-content\/uploads\/sites\/3\/2022\/06\/ACIDENTE-RIO-SANTOS.png","type":"image\/png"}],"author":"Leonardo Francisco","twitter_card":"summary_large_image","twitter_misc":{"Escrito por":"Leonardo Francisco","Est. tempo de leitura":"1 minuto"},"schema":{"@context":"https:\/\/schema.org","@graph":[{"@type":"Article","@id":"https:\/\/redenoticiaz.com.br\/litoralsp\/2022\/06\/19\/cinco-pessoas-ficam-feridas-apos-acidente-na-rio-santos#article","isPartOf":{"@id":"https:\/\/redenoticiaz.com.br\/litoralsp\/2022\/06\/19\/cinco-pessoas-ficam-feridas-apos-acidente-na-rio-santos"},"author":{"name":"Leonardo Francisco","@id":"https:\/\/redenoticiaz.com.br\/litoralsp\/#\/schema\/person\/0f0b8a5bdafefe82841e07ae8d81ecb3"},"headline":"Cinco pessoas ficam feridas ap\u00f3s acidente na Rio-Santos","datePublished":"2022-06-19T18:28:57+00:00","mainEntityOfPage":{"@id":"https:\/\/redenoticiaz.com.br\/litoralsp\/2022\/06\/19\/cinco-pessoas-ficam-feridas-apos-acidente-na-rio-santos"},"wordCount":143,"commentCount":0,"publisher":{"@id":"https:\/\/redenoticiaz.com.br\/litoralsp\/#organization"},"image":{"@id":"https:\/\/redenoticiaz.com.br\/litoralsp\/2022\/06\/19\/cinco-pessoas-ficam-feridas-apos-acidente-na-rio-santos#primaryimage"},"thumbnailUrl":"https:\/\/redenoticiaz.com.br\/litoralsp\/wp-content\/uploads\/sites\/3\/2022\/06\/ACIDENTE-RIO-SANTOS.png","keywords":["acidente","CINCO FERIDOS","RODOVIA RIO-SANTOS","UBATUBA"],"articleSection":["Pol\u00edcia","Tr\u00e2nsito","Ubatuba"],"inLanguage":"pt-BR","potentialAction":[{"@type":"CommentAction","name":"Comment","target":["https:\/\/redenoticiaz.com.br\/litoralsp\/2022\/06\/19\/cinco-pessoas-ficam-feridas-apos-acidente-na-rio-santos#respond"]}]},{"@type":"WebPage","@id":"https:\/\/redenoticiaz.com.br\/litoralsp\/2022\/06\/19\/cinco-pessoas-ficam-feridas-apos-acidente-na-rio-santos","url":"https:\/\/redenoticiaz.com.br\/litoralsp\/2022\/06\/19\/cinco-pessoas-ficam-feridas-apos-acidente-na-rio-santos","name":"Cinco pessoas ficam feridas ap\u00f3s acidente na Rio-Santos - Litoral SP","isPartOf":{"@id":"https:\/\/redenoticiaz.com.br\/litoralsp\/#website"},"primaryImageOfPage":{"@id":"https:\/\/redenoticiaz.com.br\/litoralsp\/2022\/06\/19\/cinco-pessoas-ficam-feridas-apos-acidente-na-rio-santos#primaryimage"},"image":{"@id":"https:\/\/redenoticiaz.com.br\/litoralsp\/2022\/06\/19\/cinco-pessoas-ficam-feridas-apos-acidente-na-rio-santos#primaryimage"},"thumbnailUrl":"https:\/\/redenoticiaz.com.br\/litoralsp\/wp-content\/uploads\/sites\/3\/2022\/06\/ACIDENTE-RIO-SANTOS.png","datePublished":"2022-06-19T18:28:57+00:00","description":"Um grave acidente deixou uma crian\u00e7a, um adolescente e tr\u00eas adultos feridos na Rodovia Rio-Santos, em Ubatuba. O ve\u00edculo onde","inLanguage":"pt-BR","potentialAction":[{"@type":"ReadAction","target":["https:\/\/redenoticiaz.com.br\/litoralsp\/2022\/06\/19\/cinco-pessoas-ficam-feridas-apos-acidente-na-rio-santos"]}]},{"@type":"ImageObject","inLanguage":"pt-BR","@id":"https:\/\/redenoticiaz.com.br\/litoralsp\/2022\/06\/19\/cinco-pessoas-ficam-feridas-apos-acidente-na-rio-santos#primaryimage","url":"https:\/\/redenoticiaz.com.br\/litoralsp\/wp-content\/uploads\/sites\/3\/2022\/06\/ACIDENTE-RIO-SANTOS.png","contentUrl":"https:\/\/redenoticiaz.com.br\/litoralsp\/wp-content\/uploads\/sites\/3\/2022\/06\/ACIDENTE-RIO-SANTOS.png","width":577,"height":322,"caption":"Cr\u00e9ditos: Divulga\u00e7\u00e3o\/Corpo de Bombeiros"},{"@type":"WebSite","@id":"https:\/\/redenoticiaz.com.br\/litoralsp\/#website","url":"https:\/\/redenoticiaz.com.br\/litoralsp\/","name":"Litoral SP","description":"Rede NoticiaZ","publisher":{"@id":"https:\/\/redenoticiaz.com.br\/litoralsp\/#organization"},"potentialAction":[{"@type":"SearchAction","target":{"@type":"EntryPoint","urlTemplate":"https:\/\/redenoticiaz.com.br\/litoralsp\/?s={search_term_string}"},"query-input":{"@type":"PropertyValueSpecification","valueRequired":true,"valueName":"search_term_string"}}],"inLanguage":"pt-BR"},{"@type":"Organization","@id":"https:\/\/redenoticiaz.com.br\/litoralsp\/#organization","name":"Litoral SP","url":"https:\/\/redenoticiaz.com.br\/litoralsp\/","logo":{"@type":"ImageObject","inLanguage":"pt-BR","@id":"https:\/\/redenoticiaz.com.br\/litoralsp\/#\/schema\/logo\/image\/","url":"https:\/\/redenoticiaz.com.br\/litoralsp\/wp-content\/uploads\/sites\/3\/2020\/11\/logo.jpg","contentUrl":"https:\/\/redenoticiaz.com.br\/litoralsp\/wp-content\/uploads\/sites\/3\/2020\/11\/logo.jpg","width":400,"height":250,"caption":"Litoral SP"},"image":{"@id":"https:\/\/redenoticiaz.com.br\/litoralsp\/#\/schema\/logo\/image\/"}},{"@type":"Person","@id":"https:\/\/redenoticiaz.com.br\/litoralsp\/#\/schema\/person\/0f0b8a5bdafefe82841e07ae8d81ecb3","name":"Leonardo Francisco","image":{"@type":"ImageObject","inLanguage":"pt-BR","@id":"https:\/\/secure.gravatar.com\/avatar\/a7358cb406a99b682ec6df1e77e31ae82e63601f6784e8a3df411d72b37864da?s=96&d=mm&r=g","url":"https:\/\/secure.gravatar.com\/avatar\/a7358cb406a99b682ec6df1e77e31ae82e63601f6784e8a3df411d72b37864da?s=96&d=mm&r=g","contentUrl":"https:\/\/secure.gravatar.com\/avatar\/a7358cb406a99b682ec6df1e77e31ae82e63601f6784e8a3df411d72b37864da?s=96&d=mm&r=g","caption":"Leonardo Francisco"},"url":"https:\/\/redenoticiaz.com.br\/litoralsp\/author\/leonardo-francisco"}]}},"_links":{"self":[{"href":"https:\/\/redenoticiaz.com.br\/litoralsp\/wp-json\/wp\/v2\/posts\/86464","targetHints":{"allow":["GET"]}}],"collection":[{"href":"https:\/\/redenoticiaz.com.br\/litoralsp\/wp-json\/wp\/v2\/posts"}],"about":[{"href":"https:\/\/redenoticiaz.com.br\/litoralsp\/wp-json\/wp\/v2\/types\/post"}],"author":[{"embeddable":true,"href":"https:\/\/redenoticiaz.com.br\/litoralsp\/wp-json\/wp\/v2\/users\/6"}],"replies":[{"embeddable":true,"href":"https:\/\/redenoticiaz.com.br\/litoralsp\/wp-json\/wp\/v2\/comments?post=86464"}],"version-history":[{"count":1,"href":"https:\/\/redenoticiaz.com.br\/litoralsp\/wp-json\/wp\/v2\/posts\/86464\/revisions"}],"predecessor-version":[{"id":86466,"href":"https:\/\/redenoticiaz.com.br\/litoralsp\/wp-json\/wp\/v2\/posts\/86464\/revisions\/86466"}],"wp:featuredmedia":[{"embeddable":true,"href":"https:\/\/redenoticiaz.com.br\/litoralsp\/wp-json\/wp\/v2\/media\/86465"}],"wp:attachment":[{"href":"https:\/\/redenoticiaz.com.br\/litoralsp\/wp-json\/wp\/v2\/media?parent=86464"}],"wp:term":[{"taxonomy":"category","embeddable":true,"href":"https:\/\/redenoticiaz.com.br\/litoralsp\/wp-json\/wp\/v2\/categories?post=86464"},{"taxonomy":"post_tag","embeddable":true,"href":"https:\/\/redenoticiaz.com.br\/litoralsp\/wp-json\/wp\/v2\/tags?post=86464"}],"curies":[{"name":"wp","href":"https:\/\/api.w.org\/{rel}","templated":true}]}}