{"id":86467,"date":"2022-06-19T15:46:13","date_gmt":"2022-06-19T18:46:13","guid":{"rendered":"https:\/\/redenoticiaz.com.br\/litoralsp\/?p=86467"},"modified":"2022-06-19T15:46:13","modified_gmt":"2022-06-19T18:46:13","slug":"pantheon-dos-andradas-de-santos-vai-passar-por-restauracao","status":"publish","type":"post","link":"https:\/\/redenoticiaz.com.br\/litoralsp\/2022\/06\/19\/pantheon-dos-andradas-de-santos-vai-passar-por-restauracao","title":{"rendered":"Pantheon dos Andradas de Santos vai passar por restaura\u00e7\u00e3o"},"content":{"rendered":"<p>A <a href=\"https:\/\/www.santos.sp.gov.br\/\">Prefeitura de Santos<\/a> anunciou que o <strong>Pantheon dos Andradas,<\/strong> que homenageia Jos\u00e9 Bonif\u00e1cio de Andrada e Silva, vai passar por restaura\u00e7\u00e3o. O im\u00f3vel localizado na Pra\u00e7a Bar\u00e3o do Rio Branco, no Centro, vai ser integrado e ainda ganhar\u00e1 uma est\u00e1tua instagram\u00e1vel. As obras devem come\u00e7ar ainda neste m\u00eas e ficarem prontas em setembro, quando ser\u00e1 celebrado o Bicenten\u00e1rio da Independ\u00eancia do Brasil.<\/p>\n<figure id=\"attachment_86469\" aria-describedby=\"caption-attachment-86469\" style=\"width: 300px\" class=\"wp-caption alignleft\"><img loading=\"lazy\" decoding=\"async\" class=\"size-medium wp-image-86469\" src=\"https:\/\/redenoticiaz.com.br\/litoralsp\/wp-content\/uploads\/sites\/3\/2022\/06\/pantheon_3d2-300x169.jpg\" alt=\"\" width=\"300\" height=\"169\" srcset=\"https:\/\/redenoticiaz.com.br\/litoralsp\/wp-content\/uploads\/sites\/3\/2022\/06\/pantheon_3d2-300x169.jpg 300w, https:\/\/redenoticiaz.com.br\/litoralsp\/wp-content\/uploads\/sites\/3\/2022\/06\/pantheon_3d2-768x432.jpg 768w, https:\/\/redenoticiaz.com.br\/litoralsp\/wp-content\/uploads\/sites\/3\/2022\/06\/pantheon_3d2-390x220.jpg 390w, https:\/\/redenoticiaz.com.br\/litoralsp\/wp-content\/uploads\/sites\/3\/2022\/06\/pantheon_3d2.jpg 927w\" sizes=\"auto, (max-width: 300px) 100vw, 300px\" \/><figcaption id=\"caption-attachment-86469\" class=\"wp-caption-text\">Projeto da prefeitura \u00e9 mostrado como ele ficar\u00e1. Cr\u00e9ditos: Divulga\u00e7\u00e3o\/Prefeitura de Santos<\/figcaption><\/figure>\n<p>De acordo com a administra\u00e7\u00e3o, o projeto de restauro do monumento em homenagem a Jos\u00e9 Bonif\u00e1cio foi elaborado pelo arquiteto Ney Caldatto, da Secretaria de Infraestrutura e Edifica\u00e7\u00f5es (Siedi). A obra tem valor estimado em R$ 1,5 milh\u00e3o e dever\u00e1 ficar pronta at\u00e9 o Bicenten\u00e1rio da Independ\u00eancia. Ela faz parte de um conjunto de obras, a\u00e7\u00f5es e festividades marcadas para setembro e s\u00e3o definidas pela Comiss\u00e3o do Bicenten\u00e1rio.<\/p>\n<p>A obra inclui a reconstitui\u00e7\u00e3o de partes de alto-relevo em gesso e placas de m\u00e1rmore, limpeza e polimento das paredes e do piso em m\u00e1rmore. Tamb\u00e9m inclui a recupera\u00e7\u00e3o do telhado, com impermeabiliza\u00e7\u00e3o. Sob as telhas originais, de barro, ser\u00e1 colocada uma subcobertura com telha met\u00e1lica, para prote\u00e7\u00e3o contra infiltra\u00e7\u00f5es. Os servi\u00e7os envolvem ainda uma ilumina\u00e7\u00e3o c\u00eanica.<\/p>\n<h3>Detalhes da obra<\/h3>\n<p>A Siedi informa que a interven\u00e7\u00e3o \u00e9 muito delicada e exige uma m\u00e3o de obra qualificada porque se pretendem corrigir problemas decorrentes da deteriora\u00e7\u00e3o, al\u00e9m de se tratarem de estruturas antigas.<\/p>\n<div class=\"mc-column content-text active-extra-styles \" data-block-type=\"unstyled\" data-block-weight=\"60\" data-block-id=\"8\">\n<p class=\"content-text__container \" data-track-category=\"Link no Texto\" data-track-links=\"\">A obra ser\u00e1 custeada pela empresa Santos Brasil, que se responsabilizar\u00e1 tamb\u00e9m pela aquisi\u00e7\u00e3o da escultura em bronze do Patriarca, em tamanho real e instagram\u00e1vel, que ficar\u00e1 na Pra\u00e7a Bar\u00e3o do Rio Branco. O custeio corresponde a medidas compensat\u00f3rias pelo funcionamento de um Centro Log\u00edstico e Industrial Aduaneiro (Clia) da empresa, no bairro Alemoa, na marginal sul da Anchieta.<\/p>\n<p data-track-category=\"Link no Texto\" data-track-links=\"\">O Pantheon dos Andradas foi inaugurado em 7 de setembro de 1923, um ano ap\u00f3s o centen\u00e1rio da Independ\u00eancia do Brasil. Ele ocupa o espa\u00e7o da antiga portaria do Convento do Carmo e conta com monumento projetado pelo escultor Rodolfo Bernardelli, feito na It\u00e1lia.<\/p>\n<p data-track-category=\"Link no Texto\" data-track-links=\"\"><strong>LEIA TAMB\u00c9M<\/strong><\/p>\n<p data-track-category=\"Link no Texto\" data-track-links=\"\"><a href=\"https:\/\/redenoticiaz.com.br\/litoralsp\/2022\/06\/19\/celebre-o-dia-do-cinema-brasileiro-com-producao-nacionais\">Celebre o dia do cinema Brasileiro com produ\u00e7\u00f5es nacionais<\/a><\/p>\n<\/div>\n","protected":false},"excerpt":{"rendered":"<p>A Prefeitura de Santos anunciou que o Pantheon dos Andradas, que homenageia Jos\u00e9 Bonif\u00e1cio de Andrada e Silva, vai passar por restaura\u00e7\u00e3o. O im\u00f3vel localizado na Pra\u00e7a Bar\u00e3o do Rio Branco, no Centro, vai ser integrado e ainda ganhar\u00e1 uma est\u00e1tua instagram\u00e1vel. As obras devem come\u00e7ar ainda neste m\u00eas e ficarem prontas em setembro, quando &hellip;<\/p>\n","protected":false},"author":6,"featured_media":86468,"comment_status":"open","ping_status":"closed","sticky":false,"template":"","format":"standard","meta":{"footnotes":""},"categories":[169,1579,180],"tags":[19165,1948,57333,13895,57334,986],"class_list":["post-86467","post","type-post","status-publish","format-standard","has-post-thumbnail","hentry","category-cultura","category-obras","category-santos","tag-centro-de-santos","tag-obras","tag-pantheon-dos-andradas","tag-praca-barao-do-rio-branco","tag-restauracao","tag-santos"],"yoast_head":"<!-- This site is optimized with the Yoast SEO plugin v27.5 - https:\/\/yoast.com\/product\/yoast-seo-wordpress\/ -->\n<title>Pantheon dos Andradas de Santos vai passar por restaura\u00e7\u00e3o - Litoral SP<\/title>\n<meta name=\"description\" content=\"A Prefeitura de Santos anunciou que o Pantheon dos Andradas, que homenageia Jos\u00e9 Bonif\u00e1cio de Andrada e Silva, vai passar por restaura\u00e7\u00e3o\" \/>\n<meta name=\"robots\" content=\"index, follow, max-snippet:-1, max-image-preview:large, max-video-preview:-1\" \/>\n<link rel=\"canonical\" href=\"https:\/\/redenoticiaz.com.br\/litoralsp\/2022\/06\/19\/pantheon-dos-andradas-de-santos-vai-passar-por-restauracao\" \/>\n<meta property=\"og:locale\" content=\"pt_BR\" \/>\n<meta property=\"og:type\" content=\"article\" \/>\n<meta property=\"og:title\" content=\"Pantheon dos Andradas de Santos vai passar por restaura\u00e7\u00e3o - Litoral SP\" \/>\n<meta property=\"og:description\" content=\"A Prefeitura de Santos anunciou que o Pantheon dos Andradas, que homenageia Jos\u00e9 Bonif\u00e1cio de Andrada e Silva, vai passar por restaura\u00e7\u00e3o\" \/>\n<meta property=\"og:url\" content=\"https:\/\/redenoticiaz.com.br\/litoralsp\/2022\/06\/19\/pantheon-dos-andradas-de-santos-vai-passar-por-restauracao\" \/>\n<meta property=\"og:site_name\" content=\"Litoral SP\" \/>\n<meta property=\"article:published_time\" content=\"2022-06-19T18:46:13+00:00\" \/>\n<meta property=\"og:image\" content=\"https:\/\/redenoticiaz.com.br\/litoralsp\/wp-content\/uploads\/sites\/3\/2022\/06\/pantheon_interna.jpg\" \/>\n\t<meta property=\"og:image:width\" content=\"480\" \/>\n\t<meta property=\"og:image:height\" content=\"320\" \/>\n\t<meta property=\"og:image:type\" content=\"image\/jpeg\" \/>\n<meta name=\"author\" content=\"Leonardo Francisco\" \/>\n<meta name=\"twitter:card\" content=\"summary_large_image\" \/>\n<meta name=\"twitter:label1\" content=\"Escrito por\" \/>\n\t<meta name=\"twitter:data1\" content=\"Leonardo Francisco\" \/>\n\t<meta name=\"twitter:label2\" content=\"Est. tempo de leitura\" \/>\n\t<meta name=\"twitter:data2\" content=\"2 minutos\" \/>\n<script type=\"application\/ld+json\" class=\"yoast-schema-graph\">{\"@context\":\"https:\\\/\\\/schema.org\",\"@graph\":[{\"@type\":\"Article\",\"@id\":\"https:\\\/\\\/redenoticiaz.com.br\\\/litoralsp\\\/2022\\\/06\\\/19\\\/pantheon-dos-andradas-de-santos-vai-passar-por-restauracao#article\",\"isPartOf\":{\"@id\":\"https:\\\/\\\/redenoticiaz.com.br\\\/litoralsp\\\/2022\\\/06\\\/19\\\/pantheon-dos-andradas-de-santos-vai-passar-por-restauracao\"},\"author\":{\"name\":\"Leonardo Francisco\",\"@id\":\"https:\\\/\\\/redenoticiaz.com.br\\\/litoralsp\\\/#\\\/schema\\\/person\\\/0f0b8a5bdafefe82841e07ae8d81ecb3\"},\"headline\":\"Pantheon dos Andradas de Santos vai passar por restaura\u00e7\u00e3o\",\"datePublished\":\"2022-06-19T18:46:13+00:00\",\"mainEntityOfPage\":{\"@id\":\"https:\\\/\\\/redenoticiaz.com.br\\\/litoralsp\\\/2022\\\/06\\\/19\\\/pantheon-dos-andradas-de-santos-vai-passar-por-restauracao\"},\"wordCount\":414,\"commentCount\":0,\"publisher\":{\"@id\":\"https:\\\/\\\/redenoticiaz.com.br\\\/litoralsp\\\/#organization\"},\"image\":{\"@id\":\"https:\\\/\\\/redenoticiaz.com.br\\\/litoralsp\\\/2022\\\/06\\\/19\\\/pantheon-dos-andradas-de-santos-vai-passar-por-restauracao#primaryimage\"},\"thumbnailUrl\":\"https:\\\/\\\/redenoticiaz.com.br\\\/litoralsp\\\/wp-content\\\/uploads\\\/sites\\\/3\\\/2022\\\/06\\\/pantheon_interna.jpg\",\"keywords\":[\"CENTRO DE SANTOS\",\"obras\",\"PANTHEON DOS ANDRADAS\",\"PRA\u00c7A BAR\u00c3O DO RIO BRANCO\",\"restaura\u00e7\u00e3o\",\"Santos\"],\"articleSection\":[\"Cultura\",\"Obras\",\"Santos\"],\"inLanguage\":\"pt-BR\",\"potentialAction\":[{\"@type\":\"CommentAction\",\"name\":\"Comment\",\"target\":[\"https:\\\/\\\/redenoticiaz.com.br\\\/litoralsp\\\/2022\\\/06\\\/19\\\/pantheon-dos-andradas-de-santos-vai-passar-por-restauracao#respond\"]}]},{\"@type\":\"WebPage\",\"@id\":\"https:\\\/\\\/redenoticiaz.com.br\\\/litoralsp\\\/2022\\\/06\\\/19\\\/pantheon-dos-andradas-de-santos-vai-passar-por-restauracao\",\"url\":\"https:\\\/\\\/redenoticiaz.com.br\\\/litoralsp\\\/2022\\\/06\\\/19\\\/pantheon-dos-andradas-de-santos-vai-passar-por-restauracao\",\"name\":\"Pantheon dos Andradas de Santos vai passar por restaura\u00e7\u00e3o - Litoral SP\",\"isPartOf\":{\"@id\":\"https:\\\/\\\/redenoticiaz.com.br\\\/litoralsp\\\/#website\"},\"primaryImageOfPage\":{\"@id\":\"https:\\\/\\\/redenoticiaz.com.br\\\/litoralsp\\\/2022\\\/06\\\/19\\\/pantheon-dos-andradas-de-santos-vai-passar-por-restauracao#primaryimage\"},\"image\":{\"@id\":\"https:\\\/\\\/redenoticiaz.com.br\\\/litoralsp\\\/2022\\\/06\\\/19\\\/pantheon-dos-andradas-de-santos-vai-passar-por-restauracao#primaryimage\"},\"thumbnailUrl\":\"https:\\\/\\\/redenoticiaz.com.br\\\/litoralsp\\\/wp-content\\\/uploads\\\/sites\\\/3\\\/2022\\\/06\\\/pantheon_interna.jpg\",\"datePublished\":\"2022-06-19T18:46:13+00:00\",\"description\":\"A Prefeitura de Santos anunciou que o Pantheon dos Andradas, que homenageia Jos\u00e9 Bonif\u00e1cio de Andrada e Silva, vai passar por restaura\u00e7\u00e3o\",\"inLanguage\":\"pt-BR\",\"potentialAction\":[{\"@type\":\"ReadAction\",\"target\":[\"https:\\\/\\\/redenoticiaz.com.br\\\/litoralsp\\\/2022\\\/06\\\/19\\\/pantheon-dos-andradas-de-santos-vai-passar-por-restauracao\"]}]},{\"@type\":\"ImageObject\",\"inLanguage\":\"pt-BR\",\"@id\":\"https:\\\/\\\/redenoticiaz.com.br\\\/litoralsp\\\/2022\\\/06\\\/19\\\/pantheon-dos-andradas-de-santos-vai-passar-por-restauracao#primaryimage\",\"url\":\"https:\\\/\\\/redenoticiaz.com.br\\\/litoralsp\\\/wp-content\\\/uploads\\\/sites\\\/3\\\/2022\\\/06\\\/pantheon_interna.jpg\",\"contentUrl\":\"https:\\\/\\\/redenoticiaz.com.br\\\/litoralsp\\\/wp-content\\\/uploads\\\/sites\\\/3\\\/2022\\\/06\\\/pantheon_interna.jpg\",\"width\":480,\"height\":320,\"caption\":\"Cr\u00e9ditos: Divulga\u00e7\u00e3o\\\/Prefeitura de Santos\"},{\"@type\":\"WebSite\",\"@id\":\"https:\\\/\\\/redenoticiaz.com.br\\\/litoralsp\\\/#website\",\"url\":\"https:\\\/\\\/redenoticiaz.com.br\\\/litoralsp\\\/\",\"name\":\"Litoral SP\",\"description\":\"Rede NoticiaZ\",\"publisher\":{\"@id\":\"https:\\\/\\\/redenoticiaz.com.br\\\/litoralsp\\\/#organization\"},\"potentialAction\":[{\"@type\":\"SearchAction\",\"target\":{\"@type\":\"EntryPoint\",\"urlTemplate\":\"https:\\\/\\\/redenoticiaz.com.br\\\/litoralsp\\\/?s={search_term_string}\"},\"query-input\":{\"@type\":\"PropertyValueSpecification\",\"valueRequired\":true,\"valueName\":\"search_term_string\"}}],\"inLanguage\":\"pt-BR\"},{\"@type\":\"Organization\",\"@id\":\"https:\\\/\\\/redenoticiaz.com.br\\\/litoralsp\\\/#organization\",\"name\":\"Litoral SP\",\"url\":\"https:\\\/\\\/redenoticiaz.com.br\\\/litoralsp\\\/\",\"logo\":{\"@type\":\"ImageObject\",\"inLanguage\":\"pt-BR\",\"@id\":\"https:\\\/\\\/redenoticiaz.com.br\\\/litoralsp\\\/#\\\/schema\\\/logo\\\/image\\\/\",\"url\":\"https:\\\/\\\/redenoticiaz.com.br\\\/litoralsp\\\/wp-content\\\/uploads\\\/sites\\\/3\\\/2020\\\/11\\\/logo.jpg\",\"contentUrl\":\"https:\\\/\\\/redenoticiaz.com.br\\\/litoralsp\\\/wp-content\\\/uploads\\\/sites\\\/3\\\/2020\\\/11\\\/logo.jpg\",\"width\":400,\"height\":250,\"caption\":\"Litoral SP\"},\"image\":{\"@id\":\"https:\\\/\\\/redenoticiaz.com.br\\\/litoralsp\\\/#\\\/schema\\\/logo\\\/image\\\/\"}},{\"@type\":\"Person\",\"@id\":\"https:\\\/\\\/redenoticiaz.com.br\\\/litoralsp\\\/#\\\/schema\\\/person\\\/0f0b8a5bdafefe82841e07ae8d81ecb3\",\"name\":\"Leonardo Francisco\",\"image\":{\"@type\":\"ImageObject\",\"inLanguage\":\"pt-BR\",\"@id\":\"https:\\\/\\\/secure.gravatar.com\\\/avatar\\\/a7358cb406a99b682ec6df1e77e31ae82e63601f6784e8a3df411d72b37864da?s=96&d=mm&r=g\",\"url\":\"https:\\\/\\\/secure.gravatar.com\\\/avatar\\\/a7358cb406a99b682ec6df1e77e31ae82e63601f6784e8a3df411d72b37864da?s=96&d=mm&r=g\",\"contentUrl\":\"https:\\\/\\\/secure.gravatar.com\\\/avatar\\\/a7358cb406a99b682ec6df1e77e31ae82e63601f6784e8a3df411d72b37864da?s=96&d=mm&r=g\",\"caption\":\"Leonardo Francisco\"},\"url\":\"https:\\\/\\\/redenoticiaz.com.br\\\/litoralsp\\\/author\\\/leonardo-francisco\"}]}<\/script>\n<!-- \/ Yoast SEO plugin. -->","yoast_head_json":{"title":"Pantheon dos Andradas de Santos vai passar por restaura\u00e7\u00e3o - Litoral SP","description":"A Prefeitura de Santos anunciou que o Pantheon dos Andradas, que homenageia Jos\u00e9 Bonif\u00e1cio de Andrada e Silva, vai passar por restaura\u00e7\u00e3o","robots":{"index":"index","follow":"follow","max-snippet":"max-snippet:-1","max-image-preview":"max-image-preview:large","max-video-preview":"max-video-preview:-1"},"canonical":"https:\/\/redenoticiaz.com.br\/litoralsp\/2022\/06\/19\/pantheon-dos-andradas-de-santos-vai-passar-por-restauracao","og_locale":"pt_BR","og_type":"article","og_title":"Pantheon dos Andradas de Santos vai passar por restaura\u00e7\u00e3o - Litoral SP","og_description":"A Prefeitura de Santos anunciou que o Pantheon dos Andradas, que homenageia Jos\u00e9 Bonif\u00e1cio de Andrada e Silva, vai passar por restaura\u00e7\u00e3o","og_url":"https:\/\/redenoticiaz.com.br\/litoralsp\/2022\/06\/19\/pantheon-dos-andradas-de-santos-vai-passar-por-restauracao","og_site_name":"Litoral SP","article_published_time":"2022-06-19T18:46:13+00:00","og_image":[{"width":480,"height":320,"url":"https:\/\/redenoticiaz.com.br\/litoralsp\/wp-content\/uploads\/sites\/3\/2022\/06\/pantheon_interna.jpg","type":"image\/jpeg"}],"author":"Leonardo Francisco","twitter_card":"summary_large_image","twitter_misc":{"Escrito por":"Leonardo Francisco","Est. tempo de leitura":"2 minutos"},"schema":{"@context":"https:\/\/schema.org","@graph":[{"@type":"Article","@id":"https:\/\/redenoticiaz.com.br\/litoralsp\/2022\/06\/19\/pantheon-dos-andradas-de-santos-vai-passar-por-restauracao#article","isPartOf":{"@id":"https:\/\/redenoticiaz.com.br\/litoralsp\/2022\/06\/19\/pantheon-dos-andradas-de-santos-vai-passar-por-restauracao"},"author":{"name":"Leonardo Francisco","@id":"https:\/\/redenoticiaz.com.br\/litoralsp\/#\/schema\/person\/0f0b8a5bdafefe82841e07ae8d81ecb3"},"headline":"Pantheon dos Andradas de Santos vai passar por restaura\u00e7\u00e3o","datePublished":"2022-06-19T18:46:13+00:00","mainEntityOfPage":{"@id":"https:\/\/redenoticiaz.com.br\/litoralsp\/2022\/06\/19\/pantheon-dos-andradas-de-santos-vai-passar-por-restauracao"},"wordCount":414,"commentCount":0,"publisher":{"@id":"https:\/\/redenoticiaz.com.br\/litoralsp\/#organization"},"image":{"@id":"https:\/\/redenoticiaz.com.br\/litoralsp\/2022\/06\/19\/pantheon-dos-andradas-de-santos-vai-passar-por-restauracao#primaryimage"},"thumbnailUrl":"https:\/\/redenoticiaz.com.br\/litoralsp\/wp-content\/uploads\/sites\/3\/2022\/06\/pantheon_interna.jpg","keywords":["CENTRO DE SANTOS","obras","PANTHEON DOS ANDRADAS","PRA\u00c7A BAR\u00c3O DO RIO BRANCO","restaura\u00e7\u00e3o","Santos"],"articleSection":["Cultura","Obras","Santos"],"inLanguage":"pt-BR","potentialAction":[{"@type":"CommentAction","name":"Comment","target":["https:\/\/redenoticiaz.com.br\/litoralsp\/2022\/06\/19\/pantheon-dos-andradas-de-santos-vai-passar-por-restauracao#respond"]}]},{"@type":"WebPage","@id":"https:\/\/redenoticiaz.com.br\/litoralsp\/2022\/06\/19\/pantheon-dos-andradas-de-santos-vai-passar-por-restauracao","url":"https:\/\/redenoticiaz.com.br\/litoralsp\/2022\/06\/19\/pantheon-dos-andradas-de-santos-vai-passar-por-restauracao","name":"Pantheon dos Andradas de Santos vai passar por restaura\u00e7\u00e3o - Litoral SP","isPartOf":{"@id":"https:\/\/redenoticiaz.com.br\/litoralsp\/#website"},"primaryImageOfPage":{"@id":"https:\/\/redenoticiaz.com.br\/litoralsp\/2022\/06\/19\/pantheon-dos-andradas-de-santos-vai-passar-por-restauracao#primaryimage"},"image":{"@id":"https:\/\/redenoticiaz.com.br\/litoralsp\/2022\/06\/19\/pantheon-dos-andradas-de-santos-vai-passar-por-restauracao#primaryimage"},"thumbnailUrl":"https:\/\/redenoticiaz.com.br\/litoralsp\/wp-content\/uploads\/sites\/3\/2022\/06\/pantheon_interna.jpg","datePublished":"2022-06-19T18:46:13+00:00","description":"A Prefeitura de Santos anunciou que o Pantheon dos Andradas, que homenageia Jos\u00e9 Bonif\u00e1cio de Andrada e Silva, vai passar por restaura\u00e7\u00e3o","inLanguage":"pt-BR","potentialAction":[{"@type":"ReadAction","target":["https:\/\/redenoticiaz.com.br\/litoralsp\/2022\/06\/19\/pantheon-dos-andradas-de-santos-vai-passar-por-restauracao"]}]},{"@type":"ImageObject","inLanguage":"pt-BR","@id":"https:\/\/redenoticiaz.com.br\/litoralsp\/2022\/06\/19\/pantheon-dos-andradas-de-santos-vai-passar-por-restauracao#primaryimage","url":"https:\/\/redenoticiaz.com.br\/litoralsp\/wp-content\/uploads\/sites\/3\/2022\/06\/pantheon_interna.jpg","contentUrl":"https:\/\/redenoticiaz.com.br\/litoralsp\/wp-content\/uploads\/sites\/3\/2022\/06\/pantheon_interna.jpg","width":480,"height":320,"caption":"Cr\u00e9ditos: Divulga\u00e7\u00e3o\/Prefeitura de Santos"},{"@type":"WebSite","@id":"https:\/\/redenoticiaz.com.br\/litoralsp\/#website","url":"https:\/\/redenoticiaz.com.br\/litoralsp\/","name":"Litoral SP","description":"Rede NoticiaZ","publisher":{"@id":"https:\/\/redenoticiaz.com.br\/litoralsp\/#organization"},"potentialAction":[{"@type":"SearchAction","target":{"@type":"EntryPoint","urlTemplate":"https:\/\/redenoticiaz.com.br\/litoralsp\/?s={search_term_string}"},"query-input":{"@type":"PropertyValueSpecification","valueRequired":true,"valueName":"search_term_string"}}],"inLanguage":"pt-BR"},{"@type":"Organization","@id":"https:\/\/redenoticiaz.com.br\/litoralsp\/#organization","name":"Litoral SP","url":"https:\/\/redenoticiaz.com.br\/litoralsp\/","logo":{"@type":"ImageObject","inLanguage":"pt-BR","@id":"https:\/\/redenoticiaz.com.br\/litoralsp\/#\/schema\/logo\/image\/","url":"https:\/\/redenoticiaz.com.br\/litoralsp\/wp-content\/uploads\/sites\/3\/2020\/11\/logo.jpg","contentUrl":"https:\/\/redenoticiaz.com.br\/litoralsp\/wp-content\/uploads\/sites\/3\/2020\/11\/logo.jpg","width":400,"height":250,"caption":"Litoral SP"},"image":{"@id":"https:\/\/redenoticiaz.com.br\/litoralsp\/#\/schema\/logo\/image\/"}},{"@type":"Person","@id":"https:\/\/redenoticiaz.com.br\/litoralsp\/#\/schema\/person\/0f0b8a5bdafefe82841e07ae8d81ecb3","name":"Leonardo Francisco","image":{"@type":"ImageObject","inLanguage":"pt-BR","@id":"https:\/\/secure.gravatar.com\/avatar\/a7358cb406a99b682ec6df1e77e31ae82e63601f6784e8a3df411d72b37864da?s=96&d=mm&r=g","url":"https:\/\/secure.gravatar.com\/avatar\/a7358cb406a99b682ec6df1e77e31ae82e63601f6784e8a3df411d72b37864da?s=96&d=mm&r=g","contentUrl":"https:\/\/secure.gravatar.com\/avatar\/a7358cb406a99b682ec6df1e77e31ae82e63601f6784e8a3df411d72b37864da?s=96&d=mm&r=g","caption":"Leonardo Francisco"},"url":"https:\/\/redenoticiaz.com.br\/litoralsp\/author\/leonardo-francisco"}]}},"_links":{"self":[{"href":"https:\/\/redenoticiaz.com.br\/litoralsp\/wp-json\/wp\/v2\/posts\/86467","targetHints":{"allow":["GET"]}}],"collection":[{"href":"https:\/\/redenoticiaz.com.br\/litoralsp\/wp-json\/wp\/v2\/posts"}],"about":[{"href":"https:\/\/redenoticiaz.com.br\/litoralsp\/wp-json\/wp\/v2\/types\/post"}],"author":[{"embeddable":true,"href":"https:\/\/redenoticiaz.com.br\/litoralsp\/wp-json\/wp\/v2\/users\/6"}],"replies":[{"embeddable":true,"href":"https:\/\/redenoticiaz.com.br\/litoralsp\/wp-json\/wp\/v2\/comments?post=86467"}],"version-history":[{"count":1,"href":"https:\/\/redenoticiaz.com.br\/litoralsp\/wp-json\/wp\/v2\/posts\/86467\/revisions"}],"predecessor-version":[{"id":86470,"href":"https:\/\/redenoticiaz.com.br\/litoralsp\/wp-json\/wp\/v2\/posts\/86467\/revisions\/86470"}],"wp:featuredmedia":[{"embeddable":true,"href":"https:\/\/redenoticiaz.com.br\/litoralsp\/wp-json\/wp\/v2\/media\/86468"}],"wp:attachment":[{"href":"https:\/\/redenoticiaz.com.br\/litoralsp\/wp-json\/wp\/v2\/media?parent=86467"}],"wp:term":[{"taxonomy":"category","embeddable":true,"href":"https:\/\/redenoticiaz.com.br\/litoralsp\/wp-json\/wp\/v2\/categories?post=86467"},{"taxonomy":"post_tag","embeddable":true,"href":"https:\/\/redenoticiaz.com.br\/litoralsp\/wp-json\/wp\/v2\/tags?post=86467"}],"curies":[{"name":"wp","href":"https:\/\/api.w.org\/{rel}","templated":true}]}}