{"id":86499,"date":"2022-06-20T11:54:04","date_gmt":"2022-06-20T14:54:04","guid":{"rendered":"https:\/\/redenoticiaz.com.br\/litoralsp\/?p=86499"},"modified":"2022-06-20T11:54:04","modified_gmt":"2022-06-20T14:54:04","slug":"valter-suman-reassume-a-prefeitura-de-guaruja-apos-tres-meses-afastado","status":"publish","type":"post","link":"https:\/\/redenoticiaz.com.br\/litoralsp\/2022\/06\/20\/valter-suman-reassume-a-prefeitura-de-guaruja-apos-tres-meses-afastado","title":{"rendered":"V\u00e1lter Suman reassume a Prefeitura de Guaruj\u00e1 ap\u00f3s tr\u00eas meses afastado"},"content":{"rendered":"<p>Ele est\u00e1 de volta. Nesta segunda-feira (20), V\u00e1lter Suman <strong>reassumiu o cargo de prefeito<\/strong> de <a href=\"https:\/\/www.guaruja.sp.gov.br\/\">Guaruj\u00e1<\/a> ap\u00f3s quase tr\u00eas meses afastado em raz\u00e3o das investiga\u00e7\u00f5es da 2\u00aa fase da Opera\u00e7\u00e3o N\u00e1car da Pol\u00edcia Federal. Ela apura a poss\u00edvel participa\u00e7\u00e3o dele e de outras pessoas em fraudes nas contrata\u00e7\u00f5es na Sa\u00fade e Educa\u00e7\u00e3o.<\/p>\n<p>O advogado de defesa Edson Asarias confirmou o retorno de Suman ao Poder Executivo, depois que o Superior Tribunal de Justi\u00e7a (STJ) decidiu, na quarta-feira (15), pelo afastamento das medidas cautelares impostas ao pol\u00edtico.<\/p>\n<p>Ap\u00f3s a decis\u00e3o, V\u00e1lter Suman esteve na sede da Pol\u00edcia Federal, em Santos, e retirou a tornozeleira eletr\u00f4nica. Com a decis\u00e3o do STJ, al\u00e9m de retirar o dispositivo do tornozelo e voltar ao cargo e ter\u00e1 livre acesso a pr\u00e9dios da Prefeitura de Guaruj\u00e1. Vale lembrar que o chefe do Executivo e esposa Edna Suman eram monitorados desde o come\u00e7o de maio.<\/p>\n<p>Contudo, outras medidas, no entanto, foram mantidas pela 5\u00aa Turma do STJ, como a proibi\u00e7\u00e3o de contatos entre os investigados; comparecimento bimestral em ju\u00edzo; presta\u00e7\u00e3o de esclarecimentos quando solicitados durante o curso das investiga\u00e7\u00f5es; proibi\u00e7\u00e3o de ausentar-se do Estado de S\u00e3o Paulo por mais de cinco dias sem autoriza\u00e7\u00e3o, proibi\u00e7\u00e3o de ausentar-se do pa\u00eds e entrega do passaporte.<\/p>\n<p>J\u00e1 Adriana Machado, que assumiu a prefeitura desde o afastamento de Suman, deve voltar ao cargo de vice-prefeita. Al\u00e9m disso, ir\u00e1 fazer as atividades como m\u00e9dica e servidora p\u00fablica municipal.<\/p>\n<p><strong>LEIA TAMB\u00c9M<\/strong><\/p>\n<p><a href=\"https:\/\/redenoticiaz.com.br\/litoralsp\/2022\/06\/17\/valter-suman-deve-retornar-a-prefeitura-de-guaruja-na-proxima-semana\">V\u00e1lter Suman deve retornar a Prefeitura de Guaruj\u00e1 na pr\u00f3xima semana<\/a><\/p>\n","protected":false},"excerpt":{"rendered":"<p>Ele est\u00e1 de volta. Nesta segunda-feira (20), V\u00e1lter Suman reassumiu o cargo de prefeito de Guaruj\u00e1 ap\u00f3s quase tr\u00eas meses afastado em raz\u00e3o das investiga\u00e7\u00f5es da 2\u00aa fase da Opera\u00e7\u00e3o N\u00e1car da Pol\u00edcia Federal. Ela apura a poss\u00edvel participa\u00e7\u00e3o dele e de outras pessoas em fraudes nas contrata\u00e7\u00f5es na Sa\u00fade e Educa\u00e7\u00e3o. O advogado de &hellip;<\/p>\n","protected":false},"author":6,"featured_media":86500,"comment_status":"open","ping_status":"closed","sticky":false,"template":"","format":"standard","meta":{"footnotes":""},"categories":[187,22,15],"tags":[1006,34741,34332,1007,57351],"class_list":["post-86499","post","type-post","status-publish","format-standard","has-post-thumbnail","hentry","category-guaruja","category-justica","category-politica","tag-guaruja","tag-operacao-nacar","tag-prefeito-de-guaruja","tag-valter-suman","tag-volta-ao-cargo"],"yoast_head":"<!-- This site is optimized with the Yoast SEO plugin v27.5 - https:\/\/yoast.com\/product\/yoast-seo-wordpress\/ -->\n<title>V\u00e1lter Suman reassume a Prefeitura de Guaruj\u00e1 ap\u00f3s tr\u00eas meses afastado - Litoral SP<\/title>\n<meta name=\"description\" content=\"Ele est\u00e1 de volta. Nesta segunda-feira (20), V\u00e1lter Suman reassumiu o cargo de prefeito de Guaruj\u00e1 ap\u00f3s quase tr\u00eas meses afastado em raz\u00e3o\" \/>\n<meta name=\"robots\" content=\"index, follow, max-snippet:-1, max-image-preview:large, max-video-preview:-1\" \/>\n<link rel=\"canonical\" href=\"https:\/\/redenoticiaz.com.br\/litoralsp\/2022\/06\/20\/valter-suman-reassume-a-prefeitura-de-guaruja-apos-tres-meses-afastado\" \/>\n<meta property=\"og:locale\" content=\"pt_BR\" \/>\n<meta property=\"og:type\" content=\"article\" \/>\n<meta property=\"og:title\" content=\"V\u00e1lter Suman reassume a Prefeitura de Guaruj\u00e1 ap\u00f3s tr\u00eas meses afastado - Litoral SP\" \/>\n<meta property=\"og:description\" content=\"Ele est\u00e1 de volta. Nesta segunda-feira (20), V\u00e1lter Suman reassumiu o cargo de prefeito de Guaruj\u00e1 ap\u00f3s quase tr\u00eas meses afastado em raz\u00e3o\" \/>\n<meta property=\"og:url\" content=\"https:\/\/redenoticiaz.com.br\/litoralsp\/2022\/06\/20\/valter-suman-reassume-a-prefeitura-de-guaruja-apos-tres-meses-afastado\" \/>\n<meta property=\"og:site_name\" content=\"Litoral SP\" \/>\n<meta property=\"article:published_time\" content=\"2022-06-20T14:54:04+00:00\" \/>\n<meta property=\"og:image\" content=\"https:\/\/redenoticiaz.com.br\/litoralsp\/wp-content\/uploads\/sites\/3\/2022\/06\/suman.jpg\" \/>\n\t<meta property=\"og:image:width\" content=\"900\" \/>\n\t<meta property=\"og:image:height\" content=\"600\" \/>\n\t<meta property=\"og:image:type\" content=\"image\/jpeg\" \/>\n<meta name=\"author\" content=\"Leonardo Francisco\" \/>\n<meta name=\"twitter:card\" content=\"summary_large_image\" \/>\n<meta name=\"twitter:label1\" content=\"Escrito por\" \/>\n\t<meta name=\"twitter:data1\" content=\"Leonardo Francisco\" \/>\n\t<meta name=\"twitter:label2\" content=\"Est. tempo de leitura\" \/>\n\t<meta name=\"twitter:data2\" content=\"1 minuto\" \/>\n<script type=\"application\/ld+json\" class=\"yoast-schema-graph\">{\"@context\":\"https:\\\/\\\/schema.org\",\"@graph\":[{\"@type\":\"Article\",\"@id\":\"https:\\\/\\\/redenoticiaz.com.br\\\/litoralsp\\\/2022\\\/06\\\/20\\\/valter-suman-reassume-a-prefeitura-de-guaruja-apos-tres-meses-afastado#article\",\"isPartOf\":{\"@id\":\"https:\\\/\\\/redenoticiaz.com.br\\\/litoralsp\\\/2022\\\/06\\\/20\\\/valter-suman-reassume-a-prefeitura-de-guaruja-apos-tres-meses-afastado\"},\"author\":{\"name\":\"Leonardo Francisco\",\"@id\":\"https:\\\/\\\/redenoticiaz.com.br\\\/litoralsp\\\/#\\\/schema\\\/person\\\/0f0b8a5bdafefe82841e07ae8d81ecb3\"},\"headline\":\"V\u00e1lter Suman reassume a Prefeitura de Guaruj\u00e1 ap\u00f3s tr\u00eas meses afastado\",\"datePublished\":\"2022-06-20T14:54:04+00:00\",\"mainEntityOfPage\":{\"@id\":\"https:\\\/\\\/redenoticiaz.com.br\\\/litoralsp\\\/2022\\\/06\\\/20\\\/valter-suman-reassume-a-prefeitura-de-guaruja-apos-tres-meses-afastado\"},\"wordCount\":298,\"commentCount\":0,\"publisher\":{\"@id\":\"https:\\\/\\\/redenoticiaz.com.br\\\/litoralsp\\\/#organization\"},\"image\":{\"@id\":\"https:\\\/\\\/redenoticiaz.com.br\\\/litoralsp\\\/2022\\\/06\\\/20\\\/valter-suman-reassume-a-prefeitura-de-guaruja-apos-tres-meses-afastado#primaryimage\"},\"thumbnailUrl\":\"https:\\\/\\\/redenoticiaz.com.br\\\/litoralsp\\\/wp-content\\\/uploads\\\/sites\\\/3\\\/2022\\\/06\\\/suman.jpg\",\"keywords\":[\"GUARUJ\u00c1\",\"OPERA\u00c7\u00c3O N\u00c1CAR\",\"PREFEITO DE GUARUJ\u00c1\",\"V\u00c1LTER SUMAN\",\"VOLTA AO CARGO\"],\"articleSection\":[\"Guaruj\u00e1\",\"Justi\u00e7a\",\"Pol\u00edtica\"],\"inLanguage\":\"pt-BR\",\"potentialAction\":[{\"@type\":\"CommentAction\",\"name\":\"Comment\",\"target\":[\"https:\\\/\\\/redenoticiaz.com.br\\\/litoralsp\\\/2022\\\/06\\\/20\\\/valter-suman-reassume-a-prefeitura-de-guaruja-apos-tres-meses-afastado#respond\"]}]},{\"@type\":\"WebPage\",\"@id\":\"https:\\\/\\\/redenoticiaz.com.br\\\/litoralsp\\\/2022\\\/06\\\/20\\\/valter-suman-reassume-a-prefeitura-de-guaruja-apos-tres-meses-afastado\",\"url\":\"https:\\\/\\\/redenoticiaz.com.br\\\/litoralsp\\\/2022\\\/06\\\/20\\\/valter-suman-reassume-a-prefeitura-de-guaruja-apos-tres-meses-afastado\",\"name\":\"V\u00e1lter Suman reassume a Prefeitura de Guaruj\u00e1 ap\u00f3s tr\u00eas meses afastado - Litoral SP\",\"isPartOf\":{\"@id\":\"https:\\\/\\\/redenoticiaz.com.br\\\/litoralsp\\\/#website\"},\"primaryImageOfPage\":{\"@id\":\"https:\\\/\\\/redenoticiaz.com.br\\\/litoralsp\\\/2022\\\/06\\\/20\\\/valter-suman-reassume-a-prefeitura-de-guaruja-apos-tres-meses-afastado#primaryimage\"},\"image\":{\"@id\":\"https:\\\/\\\/redenoticiaz.com.br\\\/litoralsp\\\/2022\\\/06\\\/20\\\/valter-suman-reassume-a-prefeitura-de-guaruja-apos-tres-meses-afastado#primaryimage\"},\"thumbnailUrl\":\"https:\\\/\\\/redenoticiaz.com.br\\\/litoralsp\\\/wp-content\\\/uploads\\\/sites\\\/3\\\/2022\\\/06\\\/suman.jpg\",\"datePublished\":\"2022-06-20T14:54:04+00:00\",\"description\":\"Ele est\u00e1 de volta. Nesta segunda-feira (20), V\u00e1lter Suman reassumiu o cargo de prefeito de Guaruj\u00e1 ap\u00f3s quase tr\u00eas meses afastado em raz\u00e3o\",\"inLanguage\":\"pt-BR\",\"potentialAction\":[{\"@type\":\"ReadAction\",\"target\":[\"https:\\\/\\\/redenoticiaz.com.br\\\/litoralsp\\\/2022\\\/06\\\/20\\\/valter-suman-reassume-a-prefeitura-de-guaruja-apos-tres-meses-afastado\"]}]},{\"@type\":\"ImageObject\",\"inLanguage\":\"pt-BR\",\"@id\":\"https:\\\/\\\/redenoticiaz.com.br\\\/litoralsp\\\/2022\\\/06\\\/20\\\/valter-suman-reassume-a-prefeitura-de-guaruja-apos-tres-meses-afastado#primaryimage\",\"url\":\"https:\\\/\\\/redenoticiaz.com.br\\\/litoralsp\\\/wp-content\\\/uploads\\\/sites\\\/3\\\/2022\\\/06\\\/suman.jpg\",\"contentUrl\":\"https:\\\/\\\/redenoticiaz.com.br\\\/litoralsp\\\/wp-content\\\/uploads\\\/sites\\\/3\\\/2022\\\/06\\\/suman.jpg\",\"width\":900,\"height\":600,\"caption\":\"Apesar de voltar ao cargo, ele segue sendo investigado. Cr\u00e9ditos: Reprodu\u00e7\u00e3o\"},{\"@type\":\"WebSite\",\"@id\":\"https:\\\/\\\/redenoticiaz.com.br\\\/litoralsp\\\/#website\",\"url\":\"https:\\\/\\\/redenoticiaz.com.br\\\/litoralsp\\\/\",\"name\":\"Litoral SP\",\"description\":\"Rede NoticiaZ\",\"publisher\":{\"@id\":\"https:\\\/\\\/redenoticiaz.com.br\\\/litoralsp\\\/#organization\"},\"potentialAction\":[{\"@type\":\"SearchAction\",\"target\":{\"@type\":\"EntryPoint\",\"urlTemplate\":\"https:\\\/\\\/redenoticiaz.com.br\\\/litoralsp\\\/?s={search_term_string}\"},\"query-input\":{\"@type\":\"PropertyValueSpecification\",\"valueRequired\":true,\"valueName\":\"search_term_string\"}}],\"inLanguage\":\"pt-BR\"},{\"@type\":\"Organization\",\"@id\":\"https:\\\/\\\/redenoticiaz.com.br\\\/litoralsp\\\/#organization\",\"name\":\"Litoral SP\",\"url\":\"https:\\\/\\\/redenoticiaz.com.br\\\/litoralsp\\\/\",\"logo\":{\"@type\":\"ImageObject\",\"inLanguage\":\"pt-BR\",\"@id\":\"https:\\\/\\\/redenoticiaz.com.br\\\/litoralsp\\\/#\\\/schema\\\/logo\\\/image\\\/\",\"url\":\"https:\\\/\\\/redenoticiaz.com.br\\\/litoralsp\\\/wp-content\\\/uploads\\\/sites\\\/3\\\/2020\\\/11\\\/logo.jpg\",\"contentUrl\":\"https:\\\/\\\/redenoticiaz.com.br\\\/litoralsp\\\/wp-content\\\/uploads\\\/sites\\\/3\\\/2020\\\/11\\\/logo.jpg\",\"width\":400,\"height\":250,\"caption\":\"Litoral SP\"},\"image\":{\"@id\":\"https:\\\/\\\/redenoticiaz.com.br\\\/litoralsp\\\/#\\\/schema\\\/logo\\\/image\\\/\"}},{\"@type\":\"Person\",\"@id\":\"https:\\\/\\\/redenoticiaz.com.br\\\/litoralsp\\\/#\\\/schema\\\/person\\\/0f0b8a5bdafefe82841e07ae8d81ecb3\",\"name\":\"Leonardo Francisco\",\"image\":{\"@type\":\"ImageObject\",\"inLanguage\":\"pt-BR\",\"@id\":\"https:\\\/\\\/secure.gravatar.com\\\/avatar\\\/a7358cb406a99b682ec6df1e77e31ae82e63601f6784e8a3df411d72b37864da?s=96&d=mm&r=g\",\"url\":\"https:\\\/\\\/secure.gravatar.com\\\/avatar\\\/a7358cb406a99b682ec6df1e77e31ae82e63601f6784e8a3df411d72b37864da?s=96&d=mm&r=g\",\"contentUrl\":\"https:\\\/\\\/secure.gravatar.com\\\/avatar\\\/a7358cb406a99b682ec6df1e77e31ae82e63601f6784e8a3df411d72b37864da?s=96&d=mm&r=g\",\"caption\":\"Leonardo Francisco\"},\"url\":\"https:\\\/\\\/redenoticiaz.com.br\\\/litoralsp\\\/author\\\/leonardo-francisco\"}]}<\/script>\n<!-- \/ Yoast SEO plugin. -->","yoast_head_json":{"title":"V\u00e1lter Suman reassume a Prefeitura de Guaruj\u00e1 ap\u00f3s tr\u00eas meses afastado - Litoral SP","description":"Ele est\u00e1 de volta. Nesta segunda-feira (20), V\u00e1lter Suman reassumiu o cargo de prefeito de Guaruj\u00e1 ap\u00f3s quase tr\u00eas meses afastado em raz\u00e3o","robots":{"index":"index","follow":"follow","max-snippet":"max-snippet:-1","max-image-preview":"max-image-preview:large","max-video-preview":"max-video-preview:-1"},"canonical":"https:\/\/redenoticiaz.com.br\/litoralsp\/2022\/06\/20\/valter-suman-reassume-a-prefeitura-de-guaruja-apos-tres-meses-afastado","og_locale":"pt_BR","og_type":"article","og_title":"V\u00e1lter Suman reassume a Prefeitura de Guaruj\u00e1 ap\u00f3s tr\u00eas meses afastado - Litoral SP","og_description":"Ele est\u00e1 de volta. Nesta segunda-feira (20), V\u00e1lter Suman reassumiu o cargo de prefeito de Guaruj\u00e1 ap\u00f3s quase tr\u00eas meses afastado em raz\u00e3o","og_url":"https:\/\/redenoticiaz.com.br\/litoralsp\/2022\/06\/20\/valter-suman-reassume-a-prefeitura-de-guaruja-apos-tres-meses-afastado","og_site_name":"Litoral SP","article_published_time":"2022-06-20T14:54:04+00:00","og_image":[{"width":900,"height":600,"url":"https:\/\/redenoticiaz.com.br\/litoralsp\/wp-content\/uploads\/sites\/3\/2022\/06\/suman.jpg","type":"image\/jpeg"}],"author":"Leonardo Francisco","twitter_card":"summary_large_image","twitter_misc":{"Escrito por":"Leonardo Francisco","Est. tempo de leitura":"1 minuto"},"schema":{"@context":"https:\/\/schema.org","@graph":[{"@type":"Article","@id":"https:\/\/redenoticiaz.com.br\/litoralsp\/2022\/06\/20\/valter-suman-reassume-a-prefeitura-de-guaruja-apos-tres-meses-afastado#article","isPartOf":{"@id":"https:\/\/redenoticiaz.com.br\/litoralsp\/2022\/06\/20\/valter-suman-reassume-a-prefeitura-de-guaruja-apos-tres-meses-afastado"},"author":{"name":"Leonardo Francisco","@id":"https:\/\/redenoticiaz.com.br\/litoralsp\/#\/schema\/person\/0f0b8a5bdafefe82841e07ae8d81ecb3"},"headline":"V\u00e1lter Suman reassume a Prefeitura de Guaruj\u00e1 ap\u00f3s tr\u00eas meses afastado","datePublished":"2022-06-20T14:54:04+00:00","mainEntityOfPage":{"@id":"https:\/\/redenoticiaz.com.br\/litoralsp\/2022\/06\/20\/valter-suman-reassume-a-prefeitura-de-guaruja-apos-tres-meses-afastado"},"wordCount":298,"commentCount":0,"publisher":{"@id":"https:\/\/redenoticiaz.com.br\/litoralsp\/#organization"},"image":{"@id":"https:\/\/redenoticiaz.com.br\/litoralsp\/2022\/06\/20\/valter-suman-reassume-a-prefeitura-de-guaruja-apos-tres-meses-afastado#primaryimage"},"thumbnailUrl":"https:\/\/redenoticiaz.com.br\/litoralsp\/wp-content\/uploads\/sites\/3\/2022\/06\/suman.jpg","keywords":["GUARUJ\u00c1","OPERA\u00c7\u00c3O N\u00c1CAR","PREFEITO DE GUARUJ\u00c1","V\u00c1LTER SUMAN","VOLTA AO CARGO"],"articleSection":["Guaruj\u00e1","Justi\u00e7a","Pol\u00edtica"],"inLanguage":"pt-BR","potentialAction":[{"@type":"CommentAction","name":"Comment","target":["https:\/\/redenoticiaz.com.br\/litoralsp\/2022\/06\/20\/valter-suman-reassume-a-prefeitura-de-guaruja-apos-tres-meses-afastado#respond"]}]},{"@type":"WebPage","@id":"https:\/\/redenoticiaz.com.br\/litoralsp\/2022\/06\/20\/valter-suman-reassume-a-prefeitura-de-guaruja-apos-tres-meses-afastado","url":"https:\/\/redenoticiaz.com.br\/litoralsp\/2022\/06\/20\/valter-suman-reassume-a-prefeitura-de-guaruja-apos-tres-meses-afastado","name":"V\u00e1lter Suman reassume a Prefeitura de Guaruj\u00e1 ap\u00f3s tr\u00eas meses afastado - Litoral SP","isPartOf":{"@id":"https:\/\/redenoticiaz.com.br\/litoralsp\/#website"},"primaryImageOfPage":{"@id":"https:\/\/redenoticiaz.com.br\/litoralsp\/2022\/06\/20\/valter-suman-reassume-a-prefeitura-de-guaruja-apos-tres-meses-afastado#primaryimage"},"image":{"@id":"https:\/\/redenoticiaz.com.br\/litoralsp\/2022\/06\/20\/valter-suman-reassume-a-prefeitura-de-guaruja-apos-tres-meses-afastado#primaryimage"},"thumbnailUrl":"https:\/\/redenoticiaz.com.br\/litoralsp\/wp-content\/uploads\/sites\/3\/2022\/06\/suman.jpg","datePublished":"2022-06-20T14:54:04+00:00","description":"Ele est\u00e1 de volta. Nesta segunda-feira (20), V\u00e1lter Suman reassumiu o cargo de prefeito de Guaruj\u00e1 ap\u00f3s quase tr\u00eas meses afastado em raz\u00e3o","inLanguage":"pt-BR","potentialAction":[{"@type":"ReadAction","target":["https:\/\/redenoticiaz.com.br\/litoralsp\/2022\/06\/20\/valter-suman-reassume-a-prefeitura-de-guaruja-apos-tres-meses-afastado"]}]},{"@type":"ImageObject","inLanguage":"pt-BR","@id":"https:\/\/redenoticiaz.com.br\/litoralsp\/2022\/06\/20\/valter-suman-reassume-a-prefeitura-de-guaruja-apos-tres-meses-afastado#primaryimage","url":"https:\/\/redenoticiaz.com.br\/litoralsp\/wp-content\/uploads\/sites\/3\/2022\/06\/suman.jpg","contentUrl":"https:\/\/redenoticiaz.com.br\/litoralsp\/wp-content\/uploads\/sites\/3\/2022\/06\/suman.jpg","width":900,"height":600,"caption":"Apesar de voltar ao cargo, ele segue sendo investigado. Cr\u00e9ditos: Reprodu\u00e7\u00e3o"},{"@type":"WebSite","@id":"https:\/\/redenoticiaz.com.br\/litoralsp\/#website","url":"https:\/\/redenoticiaz.com.br\/litoralsp\/","name":"Litoral SP","description":"Rede NoticiaZ","publisher":{"@id":"https:\/\/redenoticiaz.com.br\/litoralsp\/#organization"},"potentialAction":[{"@type":"SearchAction","target":{"@type":"EntryPoint","urlTemplate":"https:\/\/redenoticiaz.com.br\/litoralsp\/?s={search_term_string}"},"query-input":{"@type":"PropertyValueSpecification","valueRequired":true,"valueName":"search_term_string"}}],"inLanguage":"pt-BR"},{"@type":"Organization","@id":"https:\/\/redenoticiaz.com.br\/litoralsp\/#organization","name":"Litoral SP","url":"https:\/\/redenoticiaz.com.br\/litoralsp\/","logo":{"@type":"ImageObject","inLanguage":"pt-BR","@id":"https:\/\/redenoticiaz.com.br\/litoralsp\/#\/schema\/logo\/image\/","url":"https:\/\/redenoticiaz.com.br\/litoralsp\/wp-content\/uploads\/sites\/3\/2020\/11\/logo.jpg","contentUrl":"https:\/\/redenoticiaz.com.br\/litoralsp\/wp-content\/uploads\/sites\/3\/2020\/11\/logo.jpg","width":400,"height":250,"caption":"Litoral SP"},"image":{"@id":"https:\/\/redenoticiaz.com.br\/litoralsp\/#\/schema\/logo\/image\/"}},{"@type":"Person","@id":"https:\/\/redenoticiaz.com.br\/litoralsp\/#\/schema\/person\/0f0b8a5bdafefe82841e07ae8d81ecb3","name":"Leonardo Francisco","image":{"@type":"ImageObject","inLanguage":"pt-BR","@id":"https:\/\/secure.gravatar.com\/avatar\/a7358cb406a99b682ec6df1e77e31ae82e63601f6784e8a3df411d72b37864da?s=96&d=mm&r=g","url":"https:\/\/secure.gravatar.com\/avatar\/a7358cb406a99b682ec6df1e77e31ae82e63601f6784e8a3df411d72b37864da?s=96&d=mm&r=g","contentUrl":"https:\/\/secure.gravatar.com\/avatar\/a7358cb406a99b682ec6df1e77e31ae82e63601f6784e8a3df411d72b37864da?s=96&d=mm&r=g","caption":"Leonardo Francisco"},"url":"https:\/\/redenoticiaz.com.br\/litoralsp\/author\/leonardo-francisco"}]}},"_links":{"self":[{"href":"https:\/\/redenoticiaz.com.br\/litoralsp\/wp-json\/wp\/v2\/posts\/86499","targetHints":{"allow":["GET"]}}],"collection":[{"href":"https:\/\/redenoticiaz.com.br\/litoralsp\/wp-json\/wp\/v2\/posts"}],"about":[{"href":"https:\/\/redenoticiaz.com.br\/litoralsp\/wp-json\/wp\/v2\/types\/post"}],"author":[{"embeddable":true,"href":"https:\/\/redenoticiaz.com.br\/litoralsp\/wp-json\/wp\/v2\/users\/6"}],"replies":[{"embeddable":true,"href":"https:\/\/redenoticiaz.com.br\/litoralsp\/wp-json\/wp\/v2\/comments?post=86499"}],"version-history":[{"count":1,"href":"https:\/\/redenoticiaz.com.br\/litoralsp\/wp-json\/wp\/v2\/posts\/86499\/revisions"}],"predecessor-version":[{"id":86501,"href":"https:\/\/redenoticiaz.com.br\/litoralsp\/wp-json\/wp\/v2\/posts\/86499\/revisions\/86501"}],"wp:featuredmedia":[{"embeddable":true,"href":"https:\/\/redenoticiaz.com.br\/litoralsp\/wp-json\/wp\/v2\/media\/86500"}],"wp:attachment":[{"href":"https:\/\/redenoticiaz.com.br\/litoralsp\/wp-json\/wp\/v2\/media?parent=86499"}],"wp:term":[{"taxonomy":"category","embeddable":true,"href":"https:\/\/redenoticiaz.com.br\/litoralsp\/wp-json\/wp\/v2\/categories?post=86499"},{"taxonomy":"post_tag","embeddable":true,"href":"https:\/\/redenoticiaz.com.br\/litoralsp\/wp-json\/wp\/v2\/tags?post=86499"}],"curies":[{"name":"wp","href":"https:\/\/api.w.org\/{rel}","templated":true}]}}