{"id":86533,"date":"2022-06-20T18:13:01","date_gmt":"2022-06-20T21:13:01","guid":{"rendered":"https:\/\/redenoticiaz.com.br\/litoralsp\/?p=86533"},"modified":"2022-06-20T18:13:01","modified_gmt":"2022-06-20T21:13:01","slug":"nova-frente-fria-chega-nesta-terca-feira-21-no-litoral-paulista","status":"publish","type":"post","link":"https:\/\/redenoticiaz.com.br\/litoralsp\/2022\/06\/20\/nova-frente-fria-chega-nesta-terca-feira-21-no-litoral-paulista","title":{"rendered":"Nova frente fria chega nesta ter\u00e7a-feira (21) no Litoral Paulista"},"content":{"rendered":"<p>Uma nova frente fria est\u00e1 para chegar no Litoral Paulista nesta ter\u00e7a-feira (21) de acordo com a Defesa Civil do Estado de S\u00e3o Paulo.<\/p>\n<p>De acordo com as informa\u00e7\u00f5es, , tr\u00eas massas de ar polar passar\u00e3o pela regi\u00e3o at\u00e9 o dia 22 de setembro, quando tem in\u00edcio a primavera. A expectativa \u00e9 de que as m\u00ednimas cheguem aos 10\u00b0<\/p>\n<p>Ainda de acordo com as autoridades, o frio promete ser ainda mais congelante do que o do inicio de maio. A \u00faltima massa polar deve chegar ao Litoral no fim de Julho, por\u00e9m n\u00e3o ser\u00e1 t\u00e3o forte.<\/p>\n<p>Agosto e Setembro tamb\u00e9m receber\u00e3o uma frente fria para chamar de sua. As temperaturas devem baixar logo no come\u00e7o de cada m\u00eas. A expectativa \u00e9 de m\u00e9dias de 23\u00b0 a\u00a0 14.\u00b0.<\/p>\n<p>Leia mais<\/p>\n<p><a href=\"https:\/\/redenoticiaz.com.br\/litoralsp\/2022\/05\/17\/queda-de-temperatura-faz-cidade-de-santos-agilizar-arrecadacao-de-roupas\">Queda de temperatura faz cidade de Santos agilizar arrecada\u00e7\u00e3o de roupa<\/a><\/p>\n","protected":false},"excerpt":{"rendered":"<p>Uma nova frente fria est\u00e1 para chegar no Litoral Paulista nesta ter\u00e7a-feira (21) de acordo com a Defesa Civil do Estado de S\u00e3o Paulo. De acordo com as informa\u00e7\u00f5es, , tr\u00eas massas de ar polar passar\u00e3o pela regi\u00e3o at\u00e9 o dia 22 de setembro, quando tem in\u00edcio a primavera. A expectativa \u00e9 de que as &hellip;<\/p>\n","protected":false},"author":12,"featured_media":86534,"comment_status":"open","ping_status":"closed","sticky":false,"template":"","format":"standard","meta":{"footnotes":""},"categories":[187,180],"tags":[10996,31293,57367,986],"class_list":["post-86533","post","type-post","status-publish","format-standard","has-post-thumbnail","hentry","category-guaruja","category-santos","tag-frente-fria","tag-litoral","tag-nova-frente-fria","tag-santos"],"yoast_head":"<!-- This site is optimized with the Yoast SEO plugin v27.4 - https:\/\/yoast.com\/product\/yoast-seo-wordpress\/ -->\n<title>Nova frente fria chega nesta ter\u00e7a-feira (21) no Litoral Paulista - Litoral SP<\/title>\n<meta name=\"description\" content=\"Uma nova frente fria est\u00e1 para chegar no Litoral Paulista nesta ter\u00e7a-feira (21) de acordo com a Defesa Civil do Estado de S\u00e3o Paulo.\" \/>\n<meta name=\"robots\" content=\"index, follow, max-snippet:-1, max-image-preview:large, max-video-preview:-1\" \/>\n<link rel=\"canonical\" href=\"https:\/\/redenoticiaz.com.br\/litoralsp\/2022\/06\/20\/nova-frente-fria-chega-nesta-terca-feira-21-no-litoral-paulista\" \/>\n<meta property=\"og:locale\" content=\"pt_BR\" \/>\n<meta property=\"og:type\" content=\"article\" \/>\n<meta property=\"og:title\" content=\"Nova frente fria chega nesta ter\u00e7a-feira (21) no Litoral Paulista - Litoral SP\" \/>\n<meta property=\"og:description\" content=\"Uma nova frente fria est\u00e1 para chegar no Litoral Paulista nesta ter\u00e7a-feira (21) de acordo com a Defesa Civil do Estado de S\u00e3o Paulo.\" \/>\n<meta property=\"og:url\" content=\"https:\/\/redenoticiaz.com.br\/litoralsp\/2022\/06\/20\/nova-frente-fria-chega-nesta-terca-feira-21-no-litoral-paulista\" \/>\n<meta property=\"og:site_name\" content=\"Litoral SP\" \/>\n<meta property=\"article:published_time\" content=\"2022-06-20T21:13:01+00:00\" \/>\n<meta property=\"og:image\" content=\"https:\/\/redenoticiaz.com.br\/litoralsp\/wp-content\/uploads\/sites\/3\/2022\/06\/02.jpg\" \/>\n\t<meta property=\"og:image:width\" content=\"920\" \/>\n\t<meta property=\"og:image:height\" content=\"422\" \/>\n\t<meta property=\"og:image:type\" content=\"image\/jpeg\" \/>\n<meta name=\"author\" content=\"Gustavo Silva\" \/>\n<meta name=\"twitter:card\" content=\"summary_large_image\" \/>\n<meta name=\"twitter:label1\" content=\"Escrito por\" \/>\n\t<meta name=\"twitter:data1\" content=\"Gustavo Silva\" \/>\n\t<meta name=\"twitter:label2\" content=\"Est. tempo de leitura\" \/>\n\t<meta name=\"twitter:data2\" content=\"1 minuto\" \/>\n<script type=\"application\/ld+json\" class=\"yoast-schema-graph\">{\"@context\":\"https:\\\/\\\/schema.org\",\"@graph\":[{\"@type\":\"Article\",\"@id\":\"https:\\\/\\\/redenoticiaz.com.br\\\/litoralsp\\\/2022\\\/06\\\/20\\\/nova-frente-fria-chega-nesta-terca-feira-21-no-litoral-paulista#article\",\"isPartOf\":{\"@id\":\"https:\\\/\\\/redenoticiaz.com.br\\\/litoralsp\\\/2022\\\/06\\\/20\\\/nova-frente-fria-chega-nesta-terca-feira-21-no-litoral-paulista\"},\"author\":{\"name\":\"Gustavo Silva\",\"@id\":\"https:\\\/\\\/redenoticiaz.com.br\\\/litoralsp\\\/#\\\/schema\\\/person\\\/16057b37a3c0ee6b096d7f887c566e2e\"},\"headline\":\"Nova frente fria chega nesta ter\u00e7a-feira (21) no Litoral Paulista\",\"datePublished\":\"2022-06-20T21:13:01+00:00\",\"mainEntityOfPage\":{\"@id\":\"https:\\\/\\\/redenoticiaz.com.br\\\/litoralsp\\\/2022\\\/06\\\/20\\\/nova-frente-fria-chega-nesta-terca-feira-21-no-litoral-paulista\"},\"wordCount\":159,\"commentCount\":0,\"publisher\":{\"@id\":\"https:\\\/\\\/redenoticiaz.com.br\\\/litoralsp\\\/#organization\"},\"image\":{\"@id\":\"https:\\\/\\\/redenoticiaz.com.br\\\/litoralsp\\\/2022\\\/06\\\/20\\\/nova-frente-fria-chega-nesta-terca-feira-21-no-litoral-paulista#primaryimage\"},\"thumbnailUrl\":\"https:\\\/\\\/redenoticiaz.com.br\\\/litoralsp\\\/wp-content\\\/uploads\\\/sites\\\/3\\\/2022\\\/06\\\/02.jpg\",\"keywords\":[\"FRENTE FRIA\",\"LITORAL\",\"nova frente fria\",\"Santos\"],\"articleSection\":[\"Guaruj\u00e1\",\"Santos\"],\"inLanguage\":\"pt-BR\",\"potentialAction\":[{\"@type\":\"CommentAction\",\"name\":\"Comment\",\"target\":[\"https:\\\/\\\/redenoticiaz.com.br\\\/litoralsp\\\/2022\\\/06\\\/20\\\/nova-frente-fria-chega-nesta-terca-feira-21-no-litoral-paulista#respond\"]}]},{\"@type\":\"WebPage\",\"@id\":\"https:\\\/\\\/redenoticiaz.com.br\\\/litoralsp\\\/2022\\\/06\\\/20\\\/nova-frente-fria-chega-nesta-terca-feira-21-no-litoral-paulista\",\"url\":\"https:\\\/\\\/redenoticiaz.com.br\\\/litoralsp\\\/2022\\\/06\\\/20\\\/nova-frente-fria-chega-nesta-terca-feira-21-no-litoral-paulista\",\"name\":\"Nova frente fria chega nesta ter\u00e7a-feira (21) no Litoral Paulista - Litoral SP\",\"isPartOf\":{\"@id\":\"https:\\\/\\\/redenoticiaz.com.br\\\/litoralsp\\\/#website\"},\"primaryImageOfPage\":{\"@id\":\"https:\\\/\\\/redenoticiaz.com.br\\\/litoralsp\\\/2022\\\/06\\\/20\\\/nova-frente-fria-chega-nesta-terca-feira-21-no-litoral-paulista#primaryimage\"},\"image\":{\"@id\":\"https:\\\/\\\/redenoticiaz.com.br\\\/litoralsp\\\/2022\\\/06\\\/20\\\/nova-frente-fria-chega-nesta-terca-feira-21-no-litoral-paulista#primaryimage\"},\"thumbnailUrl\":\"https:\\\/\\\/redenoticiaz.com.br\\\/litoralsp\\\/wp-content\\\/uploads\\\/sites\\\/3\\\/2022\\\/06\\\/02.jpg\",\"datePublished\":\"2022-06-20T21:13:01+00:00\",\"description\":\"Uma nova frente fria est\u00e1 para chegar no Litoral Paulista nesta ter\u00e7a-feira (21) de acordo com a Defesa Civil do Estado de S\u00e3o Paulo.\",\"inLanguage\":\"pt-BR\",\"potentialAction\":[{\"@type\":\"ReadAction\",\"target\":[\"https:\\\/\\\/redenoticiaz.com.br\\\/litoralsp\\\/2022\\\/06\\\/20\\\/nova-frente-fria-chega-nesta-terca-feira-21-no-litoral-paulista\"]}]},{\"@type\":\"ImageObject\",\"inLanguage\":\"pt-BR\",\"@id\":\"https:\\\/\\\/redenoticiaz.com.br\\\/litoralsp\\\/2022\\\/06\\\/20\\\/nova-frente-fria-chega-nesta-terca-feira-21-no-litoral-paulista#primaryimage\",\"url\":\"https:\\\/\\\/redenoticiaz.com.br\\\/litoralsp\\\/wp-content\\\/uploads\\\/sites\\\/3\\\/2022\\\/06\\\/02.jpg\",\"contentUrl\":\"https:\\\/\\\/redenoticiaz.com.br\\\/litoralsp\\\/wp-content\\\/uploads\\\/sites\\\/3\\\/2022\\\/06\\\/02.jpg\",\"width\":920,\"height\":422,\"caption\":\"Nova frente fria chega nesta ter\u00e7a-feira (21) no Litoral Paulista\"},{\"@type\":\"WebSite\",\"@id\":\"https:\\\/\\\/redenoticiaz.com.br\\\/litoralsp\\\/#website\",\"url\":\"https:\\\/\\\/redenoticiaz.com.br\\\/litoralsp\\\/\",\"name\":\"Litoral SP\",\"description\":\"Rede NoticiaZ\",\"publisher\":{\"@id\":\"https:\\\/\\\/redenoticiaz.com.br\\\/litoralsp\\\/#organization\"},\"potentialAction\":[{\"@type\":\"SearchAction\",\"target\":{\"@type\":\"EntryPoint\",\"urlTemplate\":\"https:\\\/\\\/redenoticiaz.com.br\\\/litoralsp\\\/?s={search_term_string}\"},\"query-input\":{\"@type\":\"PropertyValueSpecification\",\"valueRequired\":true,\"valueName\":\"search_term_string\"}}],\"inLanguage\":\"pt-BR\"},{\"@type\":\"Organization\",\"@id\":\"https:\\\/\\\/redenoticiaz.com.br\\\/litoralsp\\\/#organization\",\"name\":\"Litoral SP\",\"url\":\"https:\\\/\\\/redenoticiaz.com.br\\\/litoralsp\\\/\",\"logo\":{\"@type\":\"ImageObject\",\"inLanguage\":\"pt-BR\",\"@id\":\"https:\\\/\\\/redenoticiaz.com.br\\\/litoralsp\\\/#\\\/schema\\\/logo\\\/image\\\/\",\"url\":\"https:\\\/\\\/redenoticiaz.com.br\\\/litoralsp\\\/wp-content\\\/uploads\\\/sites\\\/3\\\/2020\\\/11\\\/logo.jpg\",\"contentUrl\":\"https:\\\/\\\/redenoticiaz.com.br\\\/litoralsp\\\/wp-content\\\/uploads\\\/sites\\\/3\\\/2020\\\/11\\\/logo.jpg\",\"width\":400,\"height\":250,\"caption\":\"Litoral SP\"},\"image\":{\"@id\":\"https:\\\/\\\/redenoticiaz.com.br\\\/litoralsp\\\/#\\\/schema\\\/logo\\\/image\\\/\"}},{\"@type\":\"Person\",\"@id\":\"https:\\\/\\\/redenoticiaz.com.br\\\/litoralsp\\\/#\\\/schema\\\/person\\\/16057b37a3c0ee6b096d7f887c566e2e\",\"name\":\"Gustavo Silva\",\"image\":{\"@type\":\"ImageObject\",\"inLanguage\":\"pt-BR\",\"@id\":\"https:\\\/\\\/secure.gravatar.com\\\/avatar\\\/3ee4e82f93b26de0a7cf4ea5eb7893da637ed6bb0c9170c58065944c56e28a33?s=96&d=mm&r=g\",\"url\":\"https:\\\/\\\/secure.gravatar.com\\\/avatar\\\/3ee4e82f93b26de0a7cf4ea5eb7893da637ed6bb0c9170c58065944c56e28a33?s=96&d=mm&r=g\",\"contentUrl\":\"https:\\\/\\\/secure.gravatar.com\\\/avatar\\\/3ee4e82f93b26de0a7cf4ea5eb7893da637ed6bb0c9170c58065944c56e28a33?s=96&d=mm&r=g\",\"caption\":\"Gustavo Silva\"},\"url\":\"https:\\\/\\\/redenoticiaz.com.br\\\/litoralsp\\\/author\\\/gustavosilva\"}]}<\/script>\n<!-- \/ Yoast SEO plugin. -->","yoast_head_json":{"title":"Nova frente fria chega nesta ter\u00e7a-feira (21) no Litoral Paulista - Litoral SP","description":"Uma nova frente fria est\u00e1 para chegar no Litoral Paulista nesta ter\u00e7a-feira (21) de acordo com a Defesa Civil do Estado de S\u00e3o Paulo.","robots":{"index":"index","follow":"follow","max-snippet":"max-snippet:-1","max-image-preview":"max-image-preview:large","max-video-preview":"max-video-preview:-1"},"canonical":"https:\/\/redenoticiaz.com.br\/litoralsp\/2022\/06\/20\/nova-frente-fria-chega-nesta-terca-feira-21-no-litoral-paulista","og_locale":"pt_BR","og_type":"article","og_title":"Nova frente fria chega nesta ter\u00e7a-feira (21) no Litoral Paulista - Litoral SP","og_description":"Uma nova frente fria est\u00e1 para chegar no Litoral Paulista nesta ter\u00e7a-feira (21) de acordo com a Defesa Civil do Estado de S\u00e3o Paulo.","og_url":"https:\/\/redenoticiaz.com.br\/litoralsp\/2022\/06\/20\/nova-frente-fria-chega-nesta-terca-feira-21-no-litoral-paulista","og_site_name":"Litoral SP","article_published_time":"2022-06-20T21:13:01+00:00","og_image":[{"width":920,"height":422,"url":"https:\/\/redenoticiaz.com.br\/litoralsp\/wp-content\/uploads\/sites\/3\/2022\/06\/02.jpg","type":"image\/jpeg"}],"author":"Gustavo Silva","twitter_card":"summary_large_image","twitter_misc":{"Escrito por":"Gustavo Silva","Est. tempo de leitura":"1 minuto"},"schema":{"@context":"https:\/\/schema.org","@graph":[{"@type":"Article","@id":"https:\/\/redenoticiaz.com.br\/litoralsp\/2022\/06\/20\/nova-frente-fria-chega-nesta-terca-feira-21-no-litoral-paulista#article","isPartOf":{"@id":"https:\/\/redenoticiaz.com.br\/litoralsp\/2022\/06\/20\/nova-frente-fria-chega-nesta-terca-feira-21-no-litoral-paulista"},"author":{"name":"Gustavo Silva","@id":"https:\/\/redenoticiaz.com.br\/litoralsp\/#\/schema\/person\/16057b37a3c0ee6b096d7f887c566e2e"},"headline":"Nova frente fria chega nesta ter\u00e7a-feira (21) no Litoral Paulista","datePublished":"2022-06-20T21:13:01+00:00","mainEntityOfPage":{"@id":"https:\/\/redenoticiaz.com.br\/litoralsp\/2022\/06\/20\/nova-frente-fria-chega-nesta-terca-feira-21-no-litoral-paulista"},"wordCount":159,"commentCount":0,"publisher":{"@id":"https:\/\/redenoticiaz.com.br\/litoralsp\/#organization"},"image":{"@id":"https:\/\/redenoticiaz.com.br\/litoralsp\/2022\/06\/20\/nova-frente-fria-chega-nesta-terca-feira-21-no-litoral-paulista#primaryimage"},"thumbnailUrl":"https:\/\/redenoticiaz.com.br\/litoralsp\/wp-content\/uploads\/sites\/3\/2022\/06\/02.jpg","keywords":["FRENTE FRIA","LITORAL","nova frente fria","Santos"],"articleSection":["Guaruj\u00e1","Santos"],"inLanguage":"pt-BR","potentialAction":[{"@type":"CommentAction","name":"Comment","target":["https:\/\/redenoticiaz.com.br\/litoralsp\/2022\/06\/20\/nova-frente-fria-chega-nesta-terca-feira-21-no-litoral-paulista#respond"]}]},{"@type":"WebPage","@id":"https:\/\/redenoticiaz.com.br\/litoralsp\/2022\/06\/20\/nova-frente-fria-chega-nesta-terca-feira-21-no-litoral-paulista","url":"https:\/\/redenoticiaz.com.br\/litoralsp\/2022\/06\/20\/nova-frente-fria-chega-nesta-terca-feira-21-no-litoral-paulista","name":"Nova frente fria chega nesta ter\u00e7a-feira (21) no Litoral Paulista - Litoral SP","isPartOf":{"@id":"https:\/\/redenoticiaz.com.br\/litoralsp\/#website"},"primaryImageOfPage":{"@id":"https:\/\/redenoticiaz.com.br\/litoralsp\/2022\/06\/20\/nova-frente-fria-chega-nesta-terca-feira-21-no-litoral-paulista#primaryimage"},"image":{"@id":"https:\/\/redenoticiaz.com.br\/litoralsp\/2022\/06\/20\/nova-frente-fria-chega-nesta-terca-feira-21-no-litoral-paulista#primaryimage"},"thumbnailUrl":"https:\/\/redenoticiaz.com.br\/litoralsp\/wp-content\/uploads\/sites\/3\/2022\/06\/02.jpg","datePublished":"2022-06-20T21:13:01+00:00","description":"Uma nova frente fria est\u00e1 para chegar no Litoral Paulista nesta ter\u00e7a-feira (21) de acordo com a Defesa Civil do Estado de S\u00e3o Paulo.","inLanguage":"pt-BR","potentialAction":[{"@type":"ReadAction","target":["https:\/\/redenoticiaz.com.br\/litoralsp\/2022\/06\/20\/nova-frente-fria-chega-nesta-terca-feira-21-no-litoral-paulista"]}]},{"@type":"ImageObject","inLanguage":"pt-BR","@id":"https:\/\/redenoticiaz.com.br\/litoralsp\/2022\/06\/20\/nova-frente-fria-chega-nesta-terca-feira-21-no-litoral-paulista#primaryimage","url":"https:\/\/redenoticiaz.com.br\/litoralsp\/wp-content\/uploads\/sites\/3\/2022\/06\/02.jpg","contentUrl":"https:\/\/redenoticiaz.com.br\/litoralsp\/wp-content\/uploads\/sites\/3\/2022\/06\/02.jpg","width":920,"height":422,"caption":"Nova frente fria chega nesta ter\u00e7a-feira (21) no Litoral Paulista"},{"@type":"WebSite","@id":"https:\/\/redenoticiaz.com.br\/litoralsp\/#website","url":"https:\/\/redenoticiaz.com.br\/litoralsp\/","name":"Litoral SP","description":"Rede NoticiaZ","publisher":{"@id":"https:\/\/redenoticiaz.com.br\/litoralsp\/#organization"},"potentialAction":[{"@type":"SearchAction","target":{"@type":"EntryPoint","urlTemplate":"https:\/\/redenoticiaz.com.br\/litoralsp\/?s={search_term_string}"},"query-input":{"@type":"PropertyValueSpecification","valueRequired":true,"valueName":"search_term_string"}}],"inLanguage":"pt-BR"},{"@type":"Organization","@id":"https:\/\/redenoticiaz.com.br\/litoralsp\/#organization","name":"Litoral SP","url":"https:\/\/redenoticiaz.com.br\/litoralsp\/","logo":{"@type":"ImageObject","inLanguage":"pt-BR","@id":"https:\/\/redenoticiaz.com.br\/litoralsp\/#\/schema\/logo\/image\/","url":"https:\/\/redenoticiaz.com.br\/litoralsp\/wp-content\/uploads\/sites\/3\/2020\/11\/logo.jpg","contentUrl":"https:\/\/redenoticiaz.com.br\/litoralsp\/wp-content\/uploads\/sites\/3\/2020\/11\/logo.jpg","width":400,"height":250,"caption":"Litoral SP"},"image":{"@id":"https:\/\/redenoticiaz.com.br\/litoralsp\/#\/schema\/logo\/image\/"}},{"@type":"Person","@id":"https:\/\/redenoticiaz.com.br\/litoralsp\/#\/schema\/person\/16057b37a3c0ee6b096d7f887c566e2e","name":"Gustavo Silva","image":{"@type":"ImageObject","inLanguage":"pt-BR","@id":"https:\/\/secure.gravatar.com\/avatar\/3ee4e82f93b26de0a7cf4ea5eb7893da637ed6bb0c9170c58065944c56e28a33?s=96&d=mm&r=g","url":"https:\/\/secure.gravatar.com\/avatar\/3ee4e82f93b26de0a7cf4ea5eb7893da637ed6bb0c9170c58065944c56e28a33?s=96&d=mm&r=g","contentUrl":"https:\/\/secure.gravatar.com\/avatar\/3ee4e82f93b26de0a7cf4ea5eb7893da637ed6bb0c9170c58065944c56e28a33?s=96&d=mm&r=g","caption":"Gustavo Silva"},"url":"https:\/\/redenoticiaz.com.br\/litoralsp\/author\/gustavosilva"}]}},"_links":{"self":[{"href":"https:\/\/redenoticiaz.com.br\/litoralsp\/wp-json\/wp\/v2\/posts\/86533","targetHints":{"allow":["GET"]}}],"collection":[{"href":"https:\/\/redenoticiaz.com.br\/litoralsp\/wp-json\/wp\/v2\/posts"}],"about":[{"href":"https:\/\/redenoticiaz.com.br\/litoralsp\/wp-json\/wp\/v2\/types\/post"}],"author":[{"embeddable":true,"href":"https:\/\/redenoticiaz.com.br\/litoralsp\/wp-json\/wp\/v2\/users\/12"}],"replies":[{"embeddable":true,"href":"https:\/\/redenoticiaz.com.br\/litoralsp\/wp-json\/wp\/v2\/comments?post=86533"}],"version-history":[{"count":1,"href":"https:\/\/redenoticiaz.com.br\/litoralsp\/wp-json\/wp\/v2\/posts\/86533\/revisions"}],"predecessor-version":[{"id":86535,"href":"https:\/\/redenoticiaz.com.br\/litoralsp\/wp-json\/wp\/v2\/posts\/86533\/revisions\/86535"}],"wp:featuredmedia":[{"embeddable":true,"href":"https:\/\/redenoticiaz.com.br\/litoralsp\/wp-json\/wp\/v2\/media\/86534"}],"wp:attachment":[{"href":"https:\/\/redenoticiaz.com.br\/litoralsp\/wp-json\/wp\/v2\/media?parent=86533"}],"wp:term":[{"taxonomy":"category","embeddable":true,"href":"https:\/\/redenoticiaz.com.br\/litoralsp\/wp-json\/wp\/v2\/categories?post=86533"},{"taxonomy":"post_tag","embeddable":true,"href":"https:\/\/redenoticiaz.com.br\/litoralsp\/wp-json\/wp\/v2\/tags?post=86533"}],"curies":[{"name":"wp","href":"https:\/\/api.w.org\/{rel}","templated":true}]}}