{"id":86536,"date":"2022-06-20T18:32:17","date_gmt":"2022-06-20T21:32:17","guid":{"rendered":"https:\/\/redenoticiaz.com.br\/litoralsp\/?p=86536"},"modified":"2022-06-20T18:32:17","modified_gmt":"2022-06-20T21:32:17","slug":"renovacao-de-licenca-para-ambulantes-em-guaruja-vai-ate-dia-30","status":"publish","type":"post","link":"https:\/\/redenoticiaz.com.br\/litoralsp\/2022\/06\/20\/renovacao-de-licenca-para-ambulantes-em-guaruja-vai-ate-dia-30","title":{"rendered":"Renova\u00e7\u00e3o de licen\u00e7a para ambulantes em Guaruj\u00e1 vai at\u00e9 dia 30"},"content":{"rendered":"<p>A Renova\u00e7\u00e3o da licen\u00e7a para o exerc\u00edcio da profiss\u00e3o dos ambulantes em Guaruj\u00e1 vai at\u00e9 dia 30 deste m\u00eas, de acordo com a Prefeitura da cidade.<\/p>\n<p>Segundo o Poder p\u00fablico, a renova\u00e7\u00e3o vale para quem atua no com\u00e9rcio ambulante em praias e bairros do Munic\u00edpio, aos camel\u00f3dromos Francisco Figueiredo (Pra\u00e7a 14 Bis) e Esta\u00e7\u00e3o das Barcas,<\/p>\n<p>Os profissionais que atuam nas feiras de artesanato das praias de Pitangueiras e das Ast\u00farias tamb\u00e9m deve realizar a renova\u00e7\u00e3o. Quem n\u00e3o cumprir o prazo ter\u00e1 sua licen\u00e7a cancelada.<\/p>\n<p>Sendo assim, o pedido de renova\u00e7\u00e3o deve ser encaminhado para o email sefin.comercio@guaruja.sp.gov.br. Diversos documentos devem ser anexados, no <a href=\"http:\/\/www.guaruja.sp.gov.br\">site<\/a> da Prefeitura eles est\u00e3o dispon\u00edveis para an\u00e1lise.<\/p>\n<p>Leia mais<\/p>\n<p><a href=\"https:\/\/redenoticiaz.com.br\/litoralsp\/2022\/06\/20\/valter-suman-reassume-a-prefeitura-de-guaruja-apos-tres-meses-afastado\">V\u00e1lter Suman reassume a Prefeitura de Guaruj\u00e1 ap\u00f3s tr\u00eas meses afastado<\/a><\/p>\n","protected":false},"excerpt":{"rendered":"<p>A Renova\u00e7\u00e3o da licen\u00e7a para o exerc\u00edcio da profiss\u00e3o dos ambulantes em Guaruj\u00e1 vai at\u00e9 dia 30 deste m\u00eas, de acordo com a Prefeitura da cidade. Segundo o Poder p\u00fablico, a renova\u00e7\u00e3o vale para quem atua no com\u00e9rcio ambulante em praias e bairros do Munic\u00edpio, aos camel\u00f3dromos Francisco Figueiredo (Pra\u00e7a 14 Bis) e Esta\u00e7\u00e3o das &hellip;<\/p>\n","protected":false},"author":12,"featured_media":86537,"comment_status":"open","ping_status":"closed","sticky":false,"template":"","format":"standard","meta":{"footnotes":""},"categories":[187],"tags":[57369,1006,57368,14809],"class_list":["post-86536","post","type-post","status-publish","format-standard","has-post-thumbnail","hentry","category-guaruja","tag-alvara-de-trabalho","tag-guaruja","tag-licenca-ambulantes","tag-prefeitura-de-guaruja"],"yoast_head":"<!-- This site is optimized with the Yoast SEO plugin v27.4 - https:\/\/yoast.com\/product\/yoast-seo-wordpress\/ -->\n<title>Renova\u00e7\u00e3o de licen\u00e7a para ambulantes em Guaruj\u00e1 vai at\u00e9 dia 30 - Litoral SP<\/title>\n<meta name=\"description\" content=\"A Renova\u00e7\u00e3o da licen\u00e7a para o exerc\u00edcio da profiss\u00e3o dos ambulantes em Guaruj\u00e1 vai at\u00e9 dia 30 deste m\u00eas, de acordo com a Prefeitura da cidade.\" \/>\n<meta name=\"robots\" content=\"index, follow, max-snippet:-1, max-image-preview:large, max-video-preview:-1\" \/>\n<link rel=\"canonical\" href=\"https:\/\/redenoticiaz.com.br\/litoralsp\/2022\/06\/20\/renovacao-de-licenca-para-ambulantes-em-guaruja-vai-ate-dia-30\" \/>\n<meta property=\"og:locale\" content=\"pt_BR\" \/>\n<meta property=\"og:type\" content=\"article\" \/>\n<meta property=\"og:title\" content=\"Renova\u00e7\u00e3o de licen\u00e7a para ambulantes em Guaruj\u00e1 vai at\u00e9 dia 30 - Litoral SP\" \/>\n<meta property=\"og:description\" content=\"A Renova\u00e7\u00e3o da licen\u00e7a para o exerc\u00edcio da profiss\u00e3o dos ambulantes em Guaruj\u00e1 vai at\u00e9 dia 30 deste m\u00eas, de acordo com a Prefeitura da cidade.\" \/>\n<meta property=\"og:url\" content=\"https:\/\/redenoticiaz.com.br\/litoralsp\/2022\/06\/20\/renovacao-de-licenca-para-ambulantes-em-guaruja-vai-ate-dia-30\" \/>\n<meta property=\"og:site_name\" content=\"Litoral SP\" \/>\n<meta property=\"article:published_time\" content=\"2022-06-20T21:32:17+00:00\" \/>\n<meta property=\"og:image\" content=\"https:\/\/redenoticiaz.com.br\/litoralsp\/wp-content\/uploads\/sites\/3\/2022\/06\/03.jpg\" \/>\n\t<meta property=\"og:image:width\" content=\"799\" \/>\n\t<meta property=\"og:image:height\" content=\"533\" \/>\n\t<meta property=\"og:image:type\" content=\"image\/jpeg\" \/>\n<meta name=\"author\" content=\"Gustavo Silva\" \/>\n<meta name=\"twitter:card\" content=\"summary_large_image\" \/>\n<meta name=\"twitter:label1\" content=\"Escrito por\" \/>\n\t<meta name=\"twitter:data1\" content=\"Gustavo Silva\" \/>\n\t<meta name=\"twitter:label2\" content=\"Est. tempo de leitura\" \/>\n\t<meta name=\"twitter:data2\" content=\"1 minuto\" \/>\n<script type=\"application\/ld+json\" class=\"yoast-schema-graph\">{\"@context\":\"https:\\\/\\\/schema.org\",\"@graph\":[{\"@type\":\"Article\",\"@id\":\"https:\\\/\\\/redenoticiaz.com.br\\\/litoralsp\\\/2022\\\/06\\\/20\\\/renovacao-de-licenca-para-ambulantes-em-guaruja-vai-ate-dia-30#article\",\"isPartOf\":{\"@id\":\"https:\\\/\\\/redenoticiaz.com.br\\\/litoralsp\\\/2022\\\/06\\\/20\\\/renovacao-de-licenca-para-ambulantes-em-guaruja-vai-ate-dia-30\"},\"author\":{\"name\":\"Gustavo Silva\",\"@id\":\"https:\\\/\\\/redenoticiaz.com.br\\\/litoralsp\\\/#\\\/schema\\\/person\\\/16057b37a3c0ee6b096d7f887c566e2e\"},\"headline\":\"Renova\u00e7\u00e3o de licen\u00e7a para ambulantes em Guaruj\u00e1 vai at\u00e9 dia 30\",\"datePublished\":\"2022-06-20T21:32:17+00:00\",\"mainEntityOfPage\":{\"@id\":\"https:\\\/\\\/redenoticiaz.com.br\\\/litoralsp\\\/2022\\\/06\\\/20\\\/renovacao-de-licenca-para-ambulantes-em-guaruja-vai-ate-dia-30\"},\"wordCount\":164,\"commentCount\":0,\"publisher\":{\"@id\":\"https:\\\/\\\/redenoticiaz.com.br\\\/litoralsp\\\/#organization\"},\"image\":{\"@id\":\"https:\\\/\\\/redenoticiaz.com.br\\\/litoralsp\\\/2022\\\/06\\\/20\\\/renovacao-de-licenca-para-ambulantes-em-guaruja-vai-ate-dia-30#primaryimage\"},\"thumbnailUrl\":\"https:\\\/\\\/redenoticiaz.com.br\\\/litoralsp\\\/wp-content\\\/uploads\\\/sites\\\/3\\\/2022\\\/06\\\/03.jpg\",\"keywords\":[\"alvar\u00e1 de trabalho\",\"GUARUJ\u00c1\",\"licen\u00e7a ambulantes\",\"PREFEITURA DE GUARUJ\u00c1\"],\"articleSection\":[\"Guaruj\u00e1\"],\"inLanguage\":\"pt-BR\",\"potentialAction\":[{\"@type\":\"CommentAction\",\"name\":\"Comment\",\"target\":[\"https:\\\/\\\/redenoticiaz.com.br\\\/litoralsp\\\/2022\\\/06\\\/20\\\/renovacao-de-licenca-para-ambulantes-em-guaruja-vai-ate-dia-30#respond\"]}]},{\"@type\":\"WebPage\",\"@id\":\"https:\\\/\\\/redenoticiaz.com.br\\\/litoralsp\\\/2022\\\/06\\\/20\\\/renovacao-de-licenca-para-ambulantes-em-guaruja-vai-ate-dia-30\",\"url\":\"https:\\\/\\\/redenoticiaz.com.br\\\/litoralsp\\\/2022\\\/06\\\/20\\\/renovacao-de-licenca-para-ambulantes-em-guaruja-vai-ate-dia-30\",\"name\":\"Renova\u00e7\u00e3o de licen\u00e7a para ambulantes em Guaruj\u00e1 vai at\u00e9 dia 30 - Litoral SP\",\"isPartOf\":{\"@id\":\"https:\\\/\\\/redenoticiaz.com.br\\\/litoralsp\\\/#website\"},\"primaryImageOfPage\":{\"@id\":\"https:\\\/\\\/redenoticiaz.com.br\\\/litoralsp\\\/2022\\\/06\\\/20\\\/renovacao-de-licenca-para-ambulantes-em-guaruja-vai-ate-dia-30#primaryimage\"},\"image\":{\"@id\":\"https:\\\/\\\/redenoticiaz.com.br\\\/litoralsp\\\/2022\\\/06\\\/20\\\/renovacao-de-licenca-para-ambulantes-em-guaruja-vai-ate-dia-30#primaryimage\"},\"thumbnailUrl\":\"https:\\\/\\\/redenoticiaz.com.br\\\/litoralsp\\\/wp-content\\\/uploads\\\/sites\\\/3\\\/2022\\\/06\\\/03.jpg\",\"datePublished\":\"2022-06-20T21:32:17+00:00\",\"description\":\"A Renova\u00e7\u00e3o da licen\u00e7a para o exerc\u00edcio da profiss\u00e3o dos ambulantes em Guaruj\u00e1 vai at\u00e9 dia 30 deste m\u00eas, de acordo com a Prefeitura da cidade.\",\"inLanguage\":\"pt-BR\",\"potentialAction\":[{\"@type\":\"ReadAction\",\"target\":[\"https:\\\/\\\/redenoticiaz.com.br\\\/litoralsp\\\/2022\\\/06\\\/20\\\/renovacao-de-licenca-para-ambulantes-em-guaruja-vai-ate-dia-30\"]}]},{\"@type\":\"ImageObject\",\"inLanguage\":\"pt-BR\",\"@id\":\"https:\\\/\\\/redenoticiaz.com.br\\\/litoralsp\\\/2022\\\/06\\\/20\\\/renovacao-de-licenca-para-ambulantes-em-guaruja-vai-ate-dia-30#primaryimage\",\"url\":\"https:\\\/\\\/redenoticiaz.com.br\\\/litoralsp\\\/wp-content\\\/uploads\\\/sites\\\/3\\\/2022\\\/06\\\/03.jpg\",\"contentUrl\":\"https:\\\/\\\/redenoticiaz.com.br\\\/litoralsp\\\/wp-content\\\/uploads\\\/sites\\\/3\\\/2022\\\/06\\\/03.jpg\",\"width\":799,\"height\":533,\"caption\":\"Renova\u00e7\u00e3o de licen\u00e7a para ambulantes em Guaruj\u00e1 vai at\u00e9 dia 30\"},{\"@type\":\"WebSite\",\"@id\":\"https:\\\/\\\/redenoticiaz.com.br\\\/litoralsp\\\/#website\",\"url\":\"https:\\\/\\\/redenoticiaz.com.br\\\/litoralsp\\\/\",\"name\":\"Litoral SP\",\"description\":\"Rede NoticiaZ\",\"publisher\":{\"@id\":\"https:\\\/\\\/redenoticiaz.com.br\\\/litoralsp\\\/#organization\"},\"potentialAction\":[{\"@type\":\"SearchAction\",\"target\":{\"@type\":\"EntryPoint\",\"urlTemplate\":\"https:\\\/\\\/redenoticiaz.com.br\\\/litoralsp\\\/?s={search_term_string}\"},\"query-input\":{\"@type\":\"PropertyValueSpecification\",\"valueRequired\":true,\"valueName\":\"search_term_string\"}}],\"inLanguage\":\"pt-BR\"},{\"@type\":\"Organization\",\"@id\":\"https:\\\/\\\/redenoticiaz.com.br\\\/litoralsp\\\/#organization\",\"name\":\"Litoral SP\",\"url\":\"https:\\\/\\\/redenoticiaz.com.br\\\/litoralsp\\\/\",\"logo\":{\"@type\":\"ImageObject\",\"inLanguage\":\"pt-BR\",\"@id\":\"https:\\\/\\\/redenoticiaz.com.br\\\/litoralsp\\\/#\\\/schema\\\/logo\\\/image\\\/\",\"url\":\"https:\\\/\\\/redenoticiaz.com.br\\\/litoralsp\\\/wp-content\\\/uploads\\\/sites\\\/3\\\/2020\\\/11\\\/logo.jpg\",\"contentUrl\":\"https:\\\/\\\/redenoticiaz.com.br\\\/litoralsp\\\/wp-content\\\/uploads\\\/sites\\\/3\\\/2020\\\/11\\\/logo.jpg\",\"width\":400,\"height\":250,\"caption\":\"Litoral SP\"},\"image\":{\"@id\":\"https:\\\/\\\/redenoticiaz.com.br\\\/litoralsp\\\/#\\\/schema\\\/logo\\\/image\\\/\"}},{\"@type\":\"Person\",\"@id\":\"https:\\\/\\\/redenoticiaz.com.br\\\/litoralsp\\\/#\\\/schema\\\/person\\\/16057b37a3c0ee6b096d7f887c566e2e\",\"name\":\"Gustavo Silva\",\"image\":{\"@type\":\"ImageObject\",\"inLanguage\":\"pt-BR\",\"@id\":\"https:\\\/\\\/secure.gravatar.com\\\/avatar\\\/3ee4e82f93b26de0a7cf4ea5eb7893da637ed6bb0c9170c58065944c56e28a33?s=96&d=mm&r=g\",\"url\":\"https:\\\/\\\/secure.gravatar.com\\\/avatar\\\/3ee4e82f93b26de0a7cf4ea5eb7893da637ed6bb0c9170c58065944c56e28a33?s=96&d=mm&r=g\",\"contentUrl\":\"https:\\\/\\\/secure.gravatar.com\\\/avatar\\\/3ee4e82f93b26de0a7cf4ea5eb7893da637ed6bb0c9170c58065944c56e28a33?s=96&d=mm&r=g\",\"caption\":\"Gustavo Silva\"},\"url\":\"https:\\\/\\\/redenoticiaz.com.br\\\/litoralsp\\\/author\\\/gustavosilva\"}]}<\/script>\n<!-- \/ Yoast SEO plugin. -->","yoast_head_json":{"title":"Renova\u00e7\u00e3o de licen\u00e7a para ambulantes em Guaruj\u00e1 vai at\u00e9 dia 30 - Litoral SP","description":"A Renova\u00e7\u00e3o da licen\u00e7a para o exerc\u00edcio da profiss\u00e3o dos ambulantes em Guaruj\u00e1 vai at\u00e9 dia 30 deste m\u00eas, de acordo com a Prefeitura da cidade.","robots":{"index":"index","follow":"follow","max-snippet":"max-snippet:-1","max-image-preview":"max-image-preview:large","max-video-preview":"max-video-preview:-1"},"canonical":"https:\/\/redenoticiaz.com.br\/litoralsp\/2022\/06\/20\/renovacao-de-licenca-para-ambulantes-em-guaruja-vai-ate-dia-30","og_locale":"pt_BR","og_type":"article","og_title":"Renova\u00e7\u00e3o de licen\u00e7a para ambulantes em Guaruj\u00e1 vai at\u00e9 dia 30 - Litoral SP","og_description":"A Renova\u00e7\u00e3o da licen\u00e7a para o exerc\u00edcio da profiss\u00e3o dos ambulantes em Guaruj\u00e1 vai at\u00e9 dia 30 deste m\u00eas, de acordo com a Prefeitura da cidade.","og_url":"https:\/\/redenoticiaz.com.br\/litoralsp\/2022\/06\/20\/renovacao-de-licenca-para-ambulantes-em-guaruja-vai-ate-dia-30","og_site_name":"Litoral SP","article_published_time":"2022-06-20T21:32:17+00:00","og_image":[{"width":799,"height":533,"url":"https:\/\/redenoticiaz.com.br\/litoralsp\/wp-content\/uploads\/sites\/3\/2022\/06\/03.jpg","type":"image\/jpeg"}],"author":"Gustavo Silva","twitter_card":"summary_large_image","twitter_misc":{"Escrito por":"Gustavo Silva","Est. tempo de leitura":"1 minuto"},"schema":{"@context":"https:\/\/schema.org","@graph":[{"@type":"Article","@id":"https:\/\/redenoticiaz.com.br\/litoralsp\/2022\/06\/20\/renovacao-de-licenca-para-ambulantes-em-guaruja-vai-ate-dia-30#article","isPartOf":{"@id":"https:\/\/redenoticiaz.com.br\/litoralsp\/2022\/06\/20\/renovacao-de-licenca-para-ambulantes-em-guaruja-vai-ate-dia-30"},"author":{"name":"Gustavo Silva","@id":"https:\/\/redenoticiaz.com.br\/litoralsp\/#\/schema\/person\/16057b37a3c0ee6b096d7f887c566e2e"},"headline":"Renova\u00e7\u00e3o de licen\u00e7a para ambulantes em Guaruj\u00e1 vai at\u00e9 dia 30","datePublished":"2022-06-20T21:32:17+00:00","mainEntityOfPage":{"@id":"https:\/\/redenoticiaz.com.br\/litoralsp\/2022\/06\/20\/renovacao-de-licenca-para-ambulantes-em-guaruja-vai-ate-dia-30"},"wordCount":164,"commentCount":0,"publisher":{"@id":"https:\/\/redenoticiaz.com.br\/litoralsp\/#organization"},"image":{"@id":"https:\/\/redenoticiaz.com.br\/litoralsp\/2022\/06\/20\/renovacao-de-licenca-para-ambulantes-em-guaruja-vai-ate-dia-30#primaryimage"},"thumbnailUrl":"https:\/\/redenoticiaz.com.br\/litoralsp\/wp-content\/uploads\/sites\/3\/2022\/06\/03.jpg","keywords":["alvar\u00e1 de trabalho","GUARUJ\u00c1","licen\u00e7a ambulantes","PREFEITURA DE GUARUJ\u00c1"],"articleSection":["Guaruj\u00e1"],"inLanguage":"pt-BR","potentialAction":[{"@type":"CommentAction","name":"Comment","target":["https:\/\/redenoticiaz.com.br\/litoralsp\/2022\/06\/20\/renovacao-de-licenca-para-ambulantes-em-guaruja-vai-ate-dia-30#respond"]}]},{"@type":"WebPage","@id":"https:\/\/redenoticiaz.com.br\/litoralsp\/2022\/06\/20\/renovacao-de-licenca-para-ambulantes-em-guaruja-vai-ate-dia-30","url":"https:\/\/redenoticiaz.com.br\/litoralsp\/2022\/06\/20\/renovacao-de-licenca-para-ambulantes-em-guaruja-vai-ate-dia-30","name":"Renova\u00e7\u00e3o de licen\u00e7a para ambulantes em Guaruj\u00e1 vai at\u00e9 dia 30 - Litoral SP","isPartOf":{"@id":"https:\/\/redenoticiaz.com.br\/litoralsp\/#website"},"primaryImageOfPage":{"@id":"https:\/\/redenoticiaz.com.br\/litoralsp\/2022\/06\/20\/renovacao-de-licenca-para-ambulantes-em-guaruja-vai-ate-dia-30#primaryimage"},"image":{"@id":"https:\/\/redenoticiaz.com.br\/litoralsp\/2022\/06\/20\/renovacao-de-licenca-para-ambulantes-em-guaruja-vai-ate-dia-30#primaryimage"},"thumbnailUrl":"https:\/\/redenoticiaz.com.br\/litoralsp\/wp-content\/uploads\/sites\/3\/2022\/06\/03.jpg","datePublished":"2022-06-20T21:32:17+00:00","description":"A Renova\u00e7\u00e3o da licen\u00e7a para o exerc\u00edcio da profiss\u00e3o dos ambulantes em Guaruj\u00e1 vai at\u00e9 dia 30 deste m\u00eas, de acordo com a Prefeitura da cidade.","inLanguage":"pt-BR","potentialAction":[{"@type":"ReadAction","target":["https:\/\/redenoticiaz.com.br\/litoralsp\/2022\/06\/20\/renovacao-de-licenca-para-ambulantes-em-guaruja-vai-ate-dia-30"]}]},{"@type":"ImageObject","inLanguage":"pt-BR","@id":"https:\/\/redenoticiaz.com.br\/litoralsp\/2022\/06\/20\/renovacao-de-licenca-para-ambulantes-em-guaruja-vai-ate-dia-30#primaryimage","url":"https:\/\/redenoticiaz.com.br\/litoralsp\/wp-content\/uploads\/sites\/3\/2022\/06\/03.jpg","contentUrl":"https:\/\/redenoticiaz.com.br\/litoralsp\/wp-content\/uploads\/sites\/3\/2022\/06\/03.jpg","width":799,"height":533,"caption":"Renova\u00e7\u00e3o de licen\u00e7a para ambulantes em Guaruj\u00e1 vai at\u00e9 dia 30"},{"@type":"WebSite","@id":"https:\/\/redenoticiaz.com.br\/litoralsp\/#website","url":"https:\/\/redenoticiaz.com.br\/litoralsp\/","name":"Litoral SP","description":"Rede NoticiaZ","publisher":{"@id":"https:\/\/redenoticiaz.com.br\/litoralsp\/#organization"},"potentialAction":[{"@type":"SearchAction","target":{"@type":"EntryPoint","urlTemplate":"https:\/\/redenoticiaz.com.br\/litoralsp\/?s={search_term_string}"},"query-input":{"@type":"PropertyValueSpecification","valueRequired":true,"valueName":"search_term_string"}}],"inLanguage":"pt-BR"},{"@type":"Organization","@id":"https:\/\/redenoticiaz.com.br\/litoralsp\/#organization","name":"Litoral SP","url":"https:\/\/redenoticiaz.com.br\/litoralsp\/","logo":{"@type":"ImageObject","inLanguage":"pt-BR","@id":"https:\/\/redenoticiaz.com.br\/litoralsp\/#\/schema\/logo\/image\/","url":"https:\/\/redenoticiaz.com.br\/litoralsp\/wp-content\/uploads\/sites\/3\/2020\/11\/logo.jpg","contentUrl":"https:\/\/redenoticiaz.com.br\/litoralsp\/wp-content\/uploads\/sites\/3\/2020\/11\/logo.jpg","width":400,"height":250,"caption":"Litoral SP"},"image":{"@id":"https:\/\/redenoticiaz.com.br\/litoralsp\/#\/schema\/logo\/image\/"}},{"@type":"Person","@id":"https:\/\/redenoticiaz.com.br\/litoralsp\/#\/schema\/person\/16057b37a3c0ee6b096d7f887c566e2e","name":"Gustavo Silva","image":{"@type":"ImageObject","inLanguage":"pt-BR","@id":"https:\/\/secure.gravatar.com\/avatar\/3ee4e82f93b26de0a7cf4ea5eb7893da637ed6bb0c9170c58065944c56e28a33?s=96&d=mm&r=g","url":"https:\/\/secure.gravatar.com\/avatar\/3ee4e82f93b26de0a7cf4ea5eb7893da637ed6bb0c9170c58065944c56e28a33?s=96&d=mm&r=g","contentUrl":"https:\/\/secure.gravatar.com\/avatar\/3ee4e82f93b26de0a7cf4ea5eb7893da637ed6bb0c9170c58065944c56e28a33?s=96&d=mm&r=g","caption":"Gustavo Silva"},"url":"https:\/\/redenoticiaz.com.br\/litoralsp\/author\/gustavosilva"}]}},"_links":{"self":[{"href":"https:\/\/redenoticiaz.com.br\/litoralsp\/wp-json\/wp\/v2\/posts\/86536","targetHints":{"allow":["GET"]}}],"collection":[{"href":"https:\/\/redenoticiaz.com.br\/litoralsp\/wp-json\/wp\/v2\/posts"}],"about":[{"href":"https:\/\/redenoticiaz.com.br\/litoralsp\/wp-json\/wp\/v2\/types\/post"}],"author":[{"embeddable":true,"href":"https:\/\/redenoticiaz.com.br\/litoralsp\/wp-json\/wp\/v2\/users\/12"}],"replies":[{"embeddable":true,"href":"https:\/\/redenoticiaz.com.br\/litoralsp\/wp-json\/wp\/v2\/comments?post=86536"}],"version-history":[{"count":1,"href":"https:\/\/redenoticiaz.com.br\/litoralsp\/wp-json\/wp\/v2\/posts\/86536\/revisions"}],"predecessor-version":[{"id":86538,"href":"https:\/\/redenoticiaz.com.br\/litoralsp\/wp-json\/wp\/v2\/posts\/86536\/revisions\/86538"}],"wp:featuredmedia":[{"embeddable":true,"href":"https:\/\/redenoticiaz.com.br\/litoralsp\/wp-json\/wp\/v2\/media\/86537"}],"wp:attachment":[{"href":"https:\/\/redenoticiaz.com.br\/litoralsp\/wp-json\/wp\/v2\/media?parent=86536"}],"wp:term":[{"taxonomy":"category","embeddable":true,"href":"https:\/\/redenoticiaz.com.br\/litoralsp\/wp-json\/wp\/v2\/categories?post=86536"},{"taxonomy":"post_tag","embeddable":true,"href":"https:\/\/redenoticiaz.com.br\/litoralsp\/wp-json\/wp\/v2\/tags?post=86536"}],"curies":[{"name":"wp","href":"https:\/\/api.w.org\/{rel}","templated":true}]}}