{"id":86572,"date":"2022-06-21T09:57:37","date_gmt":"2022-06-21T12:57:37","guid":{"rendered":"https:\/\/redenoticiaz.com.br\/litoralsp\/?p=86572"},"modified":"2022-06-21T09:57:37","modified_gmt":"2022-06-21T12:57:37","slug":"operacao-baixada-santista-mais-segura-termina-em-quase-100-pessoas-presas","status":"publish","type":"post","link":"https:\/\/redenoticiaz.com.br\/litoralsp\/2022\/06\/21\/operacao-baixada-santista-mais-segura-termina-em-quase-100-pessoas-presas","title":{"rendered":"Opera\u00e7\u00e3o &#8220;Baixada Santista Mais Segura&#8221; termina em quase 100 pessoas presas"},"content":{"rendered":"<p>Foram apresentados os resultados da <strong>Opera\u00e7\u00e3o &#8220;Baixada Santista Mais Segura&#8221;<\/strong> da <a href=\"https:\/\/www.saopaulo.sp.gov.br\/spnoticias\/orgaos-governamentais\/secretaria-da-seguranca-publica\/policia-militar-do-estado-de-sao-paulo\/\">Pol\u00edcia Militar<\/a>, ocorrido durante o feriado prolongado de Corpus Christi. Ao todo, 97 pessoas foram presas e mais de 14 quilos de drogas foram apreendidas.<\/p>\n<p>Os trabalhos foram conduzidos pelo Comando de Policiamento do Interior (CPI-6), que iniciaram os trabalhos desde a quarta-feira (15) at\u00e9 segunda-feira (20). Para a opera\u00e7\u00e3o, a Pol\u00edcia Militar da Baixada Santista, contou com o apoio de Unidades do Choque, incluindo a ROTA. Tamb\u00e9m houveram as presen\u00e7as do BAEP, For\u00e7a T\u00e1tica, ROCAM, Canil, helic\u00f3ptero \u00c1guia. V\u00e1rias a\u00e7\u00f5es de satura\u00e7\u00e3o e fiscaliza\u00e7\u00e3o em v\u00e1rios pontos das cidades, al\u00e9m de incurs\u00f5es em comunidades com pontos de delinqu\u00eancia. Tanto para o tr\u00e1fico de drogas ou como esconderijos de criminosos e armas.<\/p>\n<p>Por conta da opera\u00e7\u00e3o 97 pessoas foram presas, sendo que 16 criminosos eram Procurados pela Justi\u00e7a e foram capturados e os outros 81 criminosos foram presos em flagrante. Todos s\u00e3o acusados de roubo, furto, recepta\u00e7\u00e3o, associa\u00e7\u00e3o criminosa, tr\u00e1fico de drogas e porte ilegal de arma de fogo. Al\u00e9m disso, as opera\u00e7\u00f5es tamb\u00e9m possibilitaram a apreens\u00e3o de mais 14,1 Kg de drogas e tr\u00eas armas de fogo utilizadas na pr\u00e1tica de crimes.<\/p>\n<h3>Outros dados<\/h3>\n<p>De acordo com a Pol\u00edcia Militar, foram fiscalizados mais de 3.500 ve\u00edculos, sendo que 16 ve\u00edculos, estavam na condi\u00e7\u00e3o de roubo\/furto e foram recuperados e logo ap\u00f3s devolvidos aos seus propriet\u00e1rios. O comandante do CPI-6, Coronel H\u00e9lio, as opera\u00e7\u00f5es &#8220;Baixada Santista mais segura&#8221; foram de extrema import\u00e2ncia para a prote\u00e7\u00e3o das pessoas.<\/p>\n<p>Ele conta que, al\u00e9m dos resultados obtidos, o forte combate a criminalidade proporcionou a redu\u00e7\u00e3o no cometimento dos crimes de roubos e furtos em toda regi\u00e3o. Tudo devido ao empenho e profissionalismo de in\u00fameros Policiais Militares empregados de forma incans\u00e1vel no combate a criminalidade.<\/p>\n<p><strong>LEIA TAMB\u00c9M<\/strong><\/p>\n<p><a href=\"https:\/\/redenoticiaz.com.br\/litoralsp\/2022\/06\/20\/pm-de-guaruja-apreende-barril-com-drogas-em-galinheiro\">PM de Guaruj\u00e1 apreende barril com drogas em galinheiro<\/a><\/p>\n","protected":false},"excerpt":{"rendered":"<p>Foram apresentados os resultados da Opera\u00e7\u00e3o &#8220;Baixada Santista Mais Segura&#8221; da Pol\u00edcia Militar, ocorrido durante o feriado prolongado de Corpus Christi. Ao todo, 97 pessoas foram presas e mais de 14 quilos de drogas foram apreendidas. Os trabalhos foram conduzidos pelo Comando de Policiamento do Interior (CPI-6), que iniciaram os trabalhos desde a quarta-feira (15) &hellip;<\/p>\n","protected":false},"author":6,"featured_media":86573,"comment_status":"open","ping_status":"closed","sticky":false,"template":"","format":"standard","meta":{"footnotes":""},"categories":[10,180],"tags":[1148,57380,57379,1766],"class_list":["post-86572","post","type-post","status-publish","format-standard","has-post-thumbnail","hentry","category-policia","category-santos","tag-baixada-santista","tag-balanca-da-operacao","tag-operacao-baixada-santista-mais-segura","tag-policia-militar"],"yoast_head":"<!-- This site is optimized with the Yoast SEO plugin v27.5 - https:\/\/yoast.com\/product\/yoast-seo-wordpress\/ -->\n<title>Opera\u00e7\u00e3o &quot;Baixada Santista Mais Segura&quot; termina em quase 100 pessoas presas - Litoral SP<\/title>\n<meta name=\"description\" content=\"Foram apresentados os resultados da Opera\u00e7\u00e3o &quot;Baixada Santista Mais Segura&quot; da Pol\u00edcia Militar, ocorrido durante o feriado\" \/>\n<meta name=\"robots\" content=\"index, follow, max-snippet:-1, max-image-preview:large, max-video-preview:-1\" \/>\n<link rel=\"canonical\" href=\"https:\/\/redenoticiaz.com.br\/litoralsp\/2022\/06\/21\/operacao-baixada-santista-mais-segura-termina-em-quase-100-pessoas-presas\" \/>\n<meta property=\"og:locale\" content=\"pt_BR\" \/>\n<meta property=\"og:type\" content=\"article\" \/>\n<meta property=\"og:title\" content=\"Opera\u00e7\u00e3o &quot;Baixada Santista Mais Segura&quot; termina em quase 100 pessoas presas - Litoral SP\" \/>\n<meta property=\"og:description\" content=\"Foram apresentados os resultados da Opera\u00e7\u00e3o &quot;Baixada Santista Mais Segura&quot; da Pol\u00edcia Militar, ocorrido durante o feriado\" \/>\n<meta property=\"og:url\" content=\"https:\/\/redenoticiaz.com.br\/litoralsp\/2022\/06\/21\/operacao-baixada-santista-mais-segura-termina-em-quase-100-pessoas-presas\" \/>\n<meta property=\"og:site_name\" content=\"Litoral SP\" \/>\n<meta property=\"article:published_time\" content=\"2022-06-21T12:57:37+00:00\" \/>\n<meta property=\"og:image\" content=\"https:\/\/redenoticiaz.com.br\/litoralsp\/wp-content\/uploads\/sites\/3\/2022\/06\/WhatsApp-Image-2022-06-21-at-09.11.22.jpeg\" \/>\n\t<meta property=\"og:image:width\" content=\"1080\" \/>\n\t<meta property=\"og:image:height\" content=\"1038\" \/>\n\t<meta property=\"og:image:type\" content=\"image\/jpeg\" \/>\n<meta name=\"author\" content=\"Leonardo Francisco\" \/>\n<meta name=\"twitter:card\" content=\"summary_large_image\" \/>\n<meta name=\"twitter:label1\" content=\"Escrito por\" \/>\n\t<meta name=\"twitter:data1\" content=\"Leonardo Francisco\" \/>\n\t<meta name=\"twitter:label2\" content=\"Est. tempo de leitura\" \/>\n\t<meta name=\"twitter:data2\" content=\"2 minutos\" \/>\n<script type=\"application\/ld+json\" class=\"yoast-schema-graph\">{\"@context\":\"https:\\\/\\\/schema.org\",\"@graph\":[{\"@type\":\"Article\",\"@id\":\"https:\\\/\\\/redenoticiaz.com.br\\\/litoralsp\\\/2022\\\/06\\\/21\\\/operacao-baixada-santista-mais-segura-termina-em-quase-100-pessoas-presas#article\",\"isPartOf\":{\"@id\":\"https:\\\/\\\/redenoticiaz.com.br\\\/litoralsp\\\/2022\\\/06\\\/21\\\/operacao-baixada-santista-mais-segura-termina-em-quase-100-pessoas-presas\"},\"author\":{\"name\":\"Leonardo Francisco\",\"@id\":\"https:\\\/\\\/redenoticiaz.com.br\\\/litoralsp\\\/#\\\/schema\\\/person\\\/0f0b8a5bdafefe82841e07ae8d81ecb3\"},\"headline\":\"Opera\u00e7\u00e3o &#8220;Baixada Santista Mais Segura&#8221; termina em quase 100 pessoas presas\",\"datePublished\":\"2022-06-21T12:57:37+00:00\",\"mainEntityOfPage\":{\"@id\":\"https:\\\/\\\/redenoticiaz.com.br\\\/litoralsp\\\/2022\\\/06\\\/21\\\/operacao-baixada-santista-mais-segura-termina-em-quase-100-pessoas-presas\"},\"wordCount\":351,\"commentCount\":0,\"publisher\":{\"@id\":\"https:\\\/\\\/redenoticiaz.com.br\\\/litoralsp\\\/#organization\"},\"image\":{\"@id\":\"https:\\\/\\\/redenoticiaz.com.br\\\/litoralsp\\\/2022\\\/06\\\/21\\\/operacao-baixada-santista-mais-segura-termina-em-quase-100-pessoas-presas#primaryimage\"},\"thumbnailUrl\":\"https:\\\/\\\/redenoticiaz.com.br\\\/litoralsp\\\/wp-content\\\/uploads\\\/sites\\\/3\\\/2022\\\/06\\\/WhatsApp-Image-2022-06-21-at-09.11.22.jpeg\",\"keywords\":[\"BAIXADA SANTISTA\",\"BALAN\u00c7A DA OPERA\u00c7\u00c3O\",\"OPERA\u00c7\u00c3O BAIXADA SANTISTA MAIS SEGURA\",\"policia militar\"],\"articleSection\":[\"Pol\u00edcia\",\"Santos\"],\"inLanguage\":\"pt-BR\",\"potentialAction\":[{\"@type\":\"CommentAction\",\"name\":\"Comment\",\"target\":[\"https:\\\/\\\/redenoticiaz.com.br\\\/litoralsp\\\/2022\\\/06\\\/21\\\/operacao-baixada-santista-mais-segura-termina-em-quase-100-pessoas-presas#respond\"]}]},{\"@type\":\"WebPage\",\"@id\":\"https:\\\/\\\/redenoticiaz.com.br\\\/litoralsp\\\/2022\\\/06\\\/21\\\/operacao-baixada-santista-mais-segura-termina-em-quase-100-pessoas-presas\",\"url\":\"https:\\\/\\\/redenoticiaz.com.br\\\/litoralsp\\\/2022\\\/06\\\/21\\\/operacao-baixada-santista-mais-segura-termina-em-quase-100-pessoas-presas\",\"name\":\"Opera\u00e7\u00e3o \\\"Baixada Santista Mais Segura\\\" termina em quase 100 pessoas presas - Litoral SP\",\"isPartOf\":{\"@id\":\"https:\\\/\\\/redenoticiaz.com.br\\\/litoralsp\\\/#website\"},\"primaryImageOfPage\":{\"@id\":\"https:\\\/\\\/redenoticiaz.com.br\\\/litoralsp\\\/2022\\\/06\\\/21\\\/operacao-baixada-santista-mais-segura-termina-em-quase-100-pessoas-presas#primaryimage\"},\"image\":{\"@id\":\"https:\\\/\\\/redenoticiaz.com.br\\\/litoralsp\\\/2022\\\/06\\\/21\\\/operacao-baixada-santista-mais-segura-termina-em-quase-100-pessoas-presas#primaryimage\"},\"thumbnailUrl\":\"https:\\\/\\\/redenoticiaz.com.br\\\/litoralsp\\\/wp-content\\\/uploads\\\/sites\\\/3\\\/2022\\\/06\\\/WhatsApp-Image-2022-06-21-at-09.11.22.jpeg\",\"datePublished\":\"2022-06-21T12:57:37+00:00\",\"description\":\"Foram apresentados os resultados da Opera\u00e7\u00e3o \\\"Baixada Santista Mais Segura\\\" da Pol\u00edcia Militar, ocorrido durante o feriado\",\"inLanguage\":\"pt-BR\",\"potentialAction\":[{\"@type\":\"ReadAction\",\"target\":[\"https:\\\/\\\/redenoticiaz.com.br\\\/litoralsp\\\/2022\\\/06\\\/21\\\/operacao-baixada-santista-mais-segura-termina-em-quase-100-pessoas-presas\"]}]},{\"@type\":\"ImageObject\",\"inLanguage\":\"pt-BR\",\"@id\":\"https:\\\/\\\/redenoticiaz.com.br\\\/litoralsp\\\/2022\\\/06\\\/21\\\/operacao-baixada-santista-mais-segura-termina-em-quase-100-pessoas-presas#primaryimage\",\"url\":\"https:\\\/\\\/redenoticiaz.com.br\\\/litoralsp\\\/wp-content\\\/uploads\\\/sites\\\/3\\\/2022\\\/06\\\/WhatsApp-Image-2022-06-21-at-09.11.22.jpeg\",\"contentUrl\":\"https:\\\/\\\/redenoticiaz.com.br\\\/litoralsp\\\/wp-content\\\/uploads\\\/sites\\\/3\\\/2022\\\/06\\\/WhatsApp-Image-2022-06-21-at-09.11.22.jpeg\",\"width\":1080,\"height\":1038,\"caption\":\"Cr\u00e9ditos: Divulga\u00e7\u00e3o\\\/Pol\u00edcia Militar\"},{\"@type\":\"WebSite\",\"@id\":\"https:\\\/\\\/redenoticiaz.com.br\\\/litoralsp\\\/#website\",\"url\":\"https:\\\/\\\/redenoticiaz.com.br\\\/litoralsp\\\/\",\"name\":\"Litoral SP\",\"description\":\"Rede NoticiaZ\",\"publisher\":{\"@id\":\"https:\\\/\\\/redenoticiaz.com.br\\\/litoralsp\\\/#organization\"},\"potentialAction\":[{\"@type\":\"SearchAction\",\"target\":{\"@type\":\"EntryPoint\",\"urlTemplate\":\"https:\\\/\\\/redenoticiaz.com.br\\\/litoralsp\\\/?s={search_term_string}\"},\"query-input\":{\"@type\":\"PropertyValueSpecification\",\"valueRequired\":true,\"valueName\":\"search_term_string\"}}],\"inLanguage\":\"pt-BR\"},{\"@type\":\"Organization\",\"@id\":\"https:\\\/\\\/redenoticiaz.com.br\\\/litoralsp\\\/#organization\",\"name\":\"Litoral SP\",\"url\":\"https:\\\/\\\/redenoticiaz.com.br\\\/litoralsp\\\/\",\"logo\":{\"@type\":\"ImageObject\",\"inLanguage\":\"pt-BR\",\"@id\":\"https:\\\/\\\/redenoticiaz.com.br\\\/litoralsp\\\/#\\\/schema\\\/logo\\\/image\\\/\",\"url\":\"https:\\\/\\\/redenoticiaz.com.br\\\/litoralsp\\\/wp-content\\\/uploads\\\/sites\\\/3\\\/2020\\\/11\\\/logo.jpg\",\"contentUrl\":\"https:\\\/\\\/redenoticiaz.com.br\\\/litoralsp\\\/wp-content\\\/uploads\\\/sites\\\/3\\\/2020\\\/11\\\/logo.jpg\",\"width\":400,\"height\":250,\"caption\":\"Litoral SP\"},\"image\":{\"@id\":\"https:\\\/\\\/redenoticiaz.com.br\\\/litoralsp\\\/#\\\/schema\\\/logo\\\/image\\\/\"}},{\"@type\":\"Person\",\"@id\":\"https:\\\/\\\/redenoticiaz.com.br\\\/litoralsp\\\/#\\\/schema\\\/person\\\/0f0b8a5bdafefe82841e07ae8d81ecb3\",\"name\":\"Leonardo Francisco\",\"image\":{\"@type\":\"ImageObject\",\"inLanguage\":\"pt-BR\",\"@id\":\"https:\\\/\\\/secure.gravatar.com\\\/avatar\\\/a7358cb406a99b682ec6df1e77e31ae82e63601f6784e8a3df411d72b37864da?s=96&d=mm&r=g\",\"url\":\"https:\\\/\\\/secure.gravatar.com\\\/avatar\\\/a7358cb406a99b682ec6df1e77e31ae82e63601f6784e8a3df411d72b37864da?s=96&d=mm&r=g\",\"contentUrl\":\"https:\\\/\\\/secure.gravatar.com\\\/avatar\\\/a7358cb406a99b682ec6df1e77e31ae82e63601f6784e8a3df411d72b37864da?s=96&d=mm&r=g\",\"caption\":\"Leonardo Francisco\"},\"url\":\"https:\\\/\\\/redenoticiaz.com.br\\\/litoralsp\\\/author\\\/leonardo-francisco\"}]}<\/script>\n<!-- \/ Yoast SEO plugin. -->","yoast_head_json":{"title":"Opera\u00e7\u00e3o \"Baixada Santista Mais Segura\" termina em quase 100 pessoas presas - Litoral SP","description":"Foram apresentados os resultados da Opera\u00e7\u00e3o \"Baixada Santista Mais Segura\" da Pol\u00edcia Militar, ocorrido durante o feriado","robots":{"index":"index","follow":"follow","max-snippet":"max-snippet:-1","max-image-preview":"max-image-preview:large","max-video-preview":"max-video-preview:-1"},"canonical":"https:\/\/redenoticiaz.com.br\/litoralsp\/2022\/06\/21\/operacao-baixada-santista-mais-segura-termina-em-quase-100-pessoas-presas","og_locale":"pt_BR","og_type":"article","og_title":"Opera\u00e7\u00e3o \"Baixada Santista Mais Segura\" termina em quase 100 pessoas presas - Litoral SP","og_description":"Foram apresentados os resultados da Opera\u00e7\u00e3o \"Baixada Santista Mais Segura\" da Pol\u00edcia Militar, ocorrido durante o feriado","og_url":"https:\/\/redenoticiaz.com.br\/litoralsp\/2022\/06\/21\/operacao-baixada-santista-mais-segura-termina-em-quase-100-pessoas-presas","og_site_name":"Litoral SP","article_published_time":"2022-06-21T12:57:37+00:00","og_image":[{"width":1080,"height":1038,"url":"https:\/\/redenoticiaz.com.br\/litoralsp\/wp-content\/uploads\/sites\/3\/2022\/06\/WhatsApp-Image-2022-06-21-at-09.11.22.jpeg","type":"image\/jpeg"}],"author":"Leonardo Francisco","twitter_card":"summary_large_image","twitter_misc":{"Escrito por":"Leonardo Francisco","Est. tempo de leitura":"2 minutos"},"schema":{"@context":"https:\/\/schema.org","@graph":[{"@type":"Article","@id":"https:\/\/redenoticiaz.com.br\/litoralsp\/2022\/06\/21\/operacao-baixada-santista-mais-segura-termina-em-quase-100-pessoas-presas#article","isPartOf":{"@id":"https:\/\/redenoticiaz.com.br\/litoralsp\/2022\/06\/21\/operacao-baixada-santista-mais-segura-termina-em-quase-100-pessoas-presas"},"author":{"name":"Leonardo Francisco","@id":"https:\/\/redenoticiaz.com.br\/litoralsp\/#\/schema\/person\/0f0b8a5bdafefe82841e07ae8d81ecb3"},"headline":"Opera\u00e7\u00e3o &#8220;Baixada Santista Mais Segura&#8221; termina em quase 100 pessoas presas","datePublished":"2022-06-21T12:57:37+00:00","mainEntityOfPage":{"@id":"https:\/\/redenoticiaz.com.br\/litoralsp\/2022\/06\/21\/operacao-baixada-santista-mais-segura-termina-em-quase-100-pessoas-presas"},"wordCount":351,"commentCount":0,"publisher":{"@id":"https:\/\/redenoticiaz.com.br\/litoralsp\/#organization"},"image":{"@id":"https:\/\/redenoticiaz.com.br\/litoralsp\/2022\/06\/21\/operacao-baixada-santista-mais-segura-termina-em-quase-100-pessoas-presas#primaryimage"},"thumbnailUrl":"https:\/\/redenoticiaz.com.br\/litoralsp\/wp-content\/uploads\/sites\/3\/2022\/06\/WhatsApp-Image-2022-06-21-at-09.11.22.jpeg","keywords":["BAIXADA SANTISTA","BALAN\u00c7A DA OPERA\u00c7\u00c3O","OPERA\u00c7\u00c3O BAIXADA SANTISTA MAIS SEGURA","policia militar"],"articleSection":["Pol\u00edcia","Santos"],"inLanguage":"pt-BR","potentialAction":[{"@type":"CommentAction","name":"Comment","target":["https:\/\/redenoticiaz.com.br\/litoralsp\/2022\/06\/21\/operacao-baixada-santista-mais-segura-termina-em-quase-100-pessoas-presas#respond"]}]},{"@type":"WebPage","@id":"https:\/\/redenoticiaz.com.br\/litoralsp\/2022\/06\/21\/operacao-baixada-santista-mais-segura-termina-em-quase-100-pessoas-presas","url":"https:\/\/redenoticiaz.com.br\/litoralsp\/2022\/06\/21\/operacao-baixada-santista-mais-segura-termina-em-quase-100-pessoas-presas","name":"Opera\u00e7\u00e3o \"Baixada Santista Mais Segura\" termina em quase 100 pessoas presas - Litoral SP","isPartOf":{"@id":"https:\/\/redenoticiaz.com.br\/litoralsp\/#website"},"primaryImageOfPage":{"@id":"https:\/\/redenoticiaz.com.br\/litoralsp\/2022\/06\/21\/operacao-baixada-santista-mais-segura-termina-em-quase-100-pessoas-presas#primaryimage"},"image":{"@id":"https:\/\/redenoticiaz.com.br\/litoralsp\/2022\/06\/21\/operacao-baixada-santista-mais-segura-termina-em-quase-100-pessoas-presas#primaryimage"},"thumbnailUrl":"https:\/\/redenoticiaz.com.br\/litoralsp\/wp-content\/uploads\/sites\/3\/2022\/06\/WhatsApp-Image-2022-06-21-at-09.11.22.jpeg","datePublished":"2022-06-21T12:57:37+00:00","description":"Foram apresentados os resultados da Opera\u00e7\u00e3o \"Baixada Santista Mais Segura\" da Pol\u00edcia Militar, ocorrido durante o feriado","inLanguage":"pt-BR","potentialAction":[{"@type":"ReadAction","target":["https:\/\/redenoticiaz.com.br\/litoralsp\/2022\/06\/21\/operacao-baixada-santista-mais-segura-termina-em-quase-100-pessoas-presas"]}]},{"@type":"ImageObject","inLanguage":"pt-BR","@id":"https:\/\/redenoticiaz.com.br\/litoralsp\/2022\/06\/21\/operacao-baixada-santista-mais-segura-termina-em-quase-100-pessoas-presas#primaryimage","url":"https:\/\/redenoticiaz.com.br\/litoralsp\/wp-content\/uploads\/sites\/3\/2022\/06\/WhatsApp-Image-2022-06-21-at-09.11.22.jpeg","contentUrl":"https:\/\/redenoticiaz.com.br\/litoralsp\/wp-content\/uploads\/sites\/3\/2022\/06\/WhatsApp-Image-2022-06-21-at-09.11.22.jpeg","width":1080,"height":1038,"caption":"Cr\u00e9ditos: Divulga\u00e7\u00e3o\/Pol\u00edcia Militar"},{"@type":"WebSite","@id":"https:\/\/redenoticiaz.com.br\/litoralsp\/#website","url":"https:\/\/redenoticiaz.com.br\/litoralsp\/","name":"Litoral SP","description":"Rede NoticiaZ","publisher":{"@id":"https:\/\/redenoticiaz.com.br\/litoralsp\/#organization"},"potentialAction":[{"@type":"SearchAction","target":{"@type":"EntryPoint","urlTemplate":"https:\/\/redenoticiaz.com.br\/litoralsp\/?s={search_term_string}"},"query-input":{"@type":"PropertyValueSpecification","valueRequired":true,"valueName":"search_term_string"}}],"inLanguage":"pt-BR"},{"@type":"Organization","@id":"https:\/\/redenoticiaz.com.br\/litoralsp\/#organization","name":"Litoral SP","url":"https:\/\/redenoticiaz.com.br\/litoralsp\/","logo":{"@type":"ImageObject","inLanguage":"pt-BR","@id":"https:\/\/redenoticiaz.com.br\/litoralsp\/#\/schema\/logo\/image\/","url":"https:\/\/redenoticiaz.com.br\/litoralsp\/wp-content\/uploads\/sites\/3\/2020\/11\/logo.jpg","contentUrl":"https:\/\/redenoticiaz.com.br\/litoralsp\/wp-content\/uploads\/sites\/3\/2020\/11\/logo.jpg","width":400,"height":250,"caption":"Litoral SP"},"image":{"@id":"https:\/\/redenoticiaz.com.br\/litoralsp\/#\/schema\/logo\/image\/"}},{"@type":"Person","@id":"https:\/\/redenoticiaz.com.br\/litoralsp\/#\/schema\/person\/0f0b8a5bdafefe82841e07ae8d81ecb3","name":"Leonardo Francisco","image":{"@type":"ImageObject","inLanguage":"pt-BR","@id":"https:\/\/secure.gravatar.com\/avatar\/a7358cb406a99b682ec6df1e77e31ae82e63601f6784e8a3df411d72b37864da?s=96&d=mm&r=g","url":"https:\/\/secure.gravatar.com\/avatar\/a7358cb406a99b682ec6df1e77e31ae82e63601f6784e8a3df411d72b37864da?s=96&d=mm&r=g","contentUrl":"https:\/\/secure.gravatar.com\/avatar\/a7358cb406a99b682ec6df1e77e31ae82e63601f6784e8a3df411d72b37864da?s=96&d=mm&r=g","caption":"Leonardo Francisco"},"url":"https:\/\/redenoticiaz.com.br\/litoralsp\/author\/leonardo-francisco"}]}},"_links":{"self":[{"href":"https:\/\/redenoticiaz.com.br\/litoralsp\/wp-json\/wp\/v2\/posts\/86572","targetHints":{"allow":["GET"]}}],"collection":[{"href":"https:\/\/redenoticiaz.com.br\/litoralsp\/wp-json\/wp\/v2\/posts"}],"about":[{"href":"https:\/\/redenoticiaz.com.br\/litoralsp\/wp-json\/wp\/v2\/types\/post"}],"author":[{"embeddable":true,"href":"https:\/\/redenoticiaz.com.br\/litoralsp\/wp-json\/wp\/v2\/users\/6"}],"replies":[{"embeddable":true,"href":"https:\/\/redenoticiaz.com.br\/litoralsp\/wp-json\/wp\/v2\/comments?post=86572"}],"version-history":[{"count":1,"href":"https:\/\/redenoticiaz.com.br\/litoralsp\/wp-json\/wp\/v2\/posts\/86572\/revisions"}],"predecessor-version":[{"id":86574,"href":"https:\/\/redenoticiaz.com.br\/litoralsp\/wp-json\/wp\/v2\/posts\/86572\/revisions\/86574"}],"wp:featuredmedia":[{"embeddable":true,"href":"https:\/\/redenoticiaz.com.br\/litoralsp\/wp-json\/wp\/v2\/media\/86573"}],"wp:attachment":[{"href":"https:\/\/redenoticiaz.com.br\/litoralsp\/wp-json\/wp\/v2\/media?parent=86572"}],"wp:term":[{"taxonomy":"category","embeddable":true,"href":"https:\/\/redenoticiaz.com.br\/litoralsp\/wp-json\/wp\/v2\/categories?post=86572"},{"taxonomy":"post_tag","embeddable":true,"href":"https:\/\/redenoticiaz.com.br\/litoralsp\/wp-json\/wp\/v2\/tags?post=86572"}],"curies":[{"name":"wp","href":"https:\/\/api.w.org\/{rel}","templated":true}]}}