{"id":86730,"date":"2022-06-23T09:52:14","date_gmt":"2022-06-23T12:52:14","guid":{"rendered":"https:\/\/redenoticiaz.com.br\/litoralsp\/?p=86730"},"modified":"2022-06-23T09:52:14","modified_gmt":"2022-06-23T12:52:14","slug":"cantor-conrado-melhora-e-da-depoimento-a-policia-civil","status":"publish","type":"post","link":"https:\/\/redenoticiaz.com.br\/litoralsp\/2022\/06\/23\/cantor-conrado-melhora-e-da-depoimento-a-policia-civil","title":{"rendered":"Cantor Conrado melhora e d\u00e1 depoimento \u00e0 Pol\u00edcia Civil"},"content":{"rendered":"<p>O cantor <strong>Conrado<\/strong>, junto com o m\u00fasico J\u00falio C\u00e9sar Bugoli Lopes, internados ap\u00f3s o fat\u00eddico acidente que matou Aleksandro, apresentaram melhora e deram depoimento \u00e0 Pol\u00edcia Civil. Eles estiveram internados no Hospital Regional de <a href=\"https:\/\/registro.sp.gov.br\/\">Registro<\/a>, mas receberam alta nessa quarta (22).<\/p>\n<p>Conrado e o baixista J\u00falio estavam no \u00f4nibus da dupla sertaneja no momento do grave acidente, que\u00a0resultou na morte de seis pessoas, entre elas o cantor Aleksandro. O ve\u00edculo com 19 pessoas tombou no \u00faltimo dia 7 de maio na Rodovia Regis Bittencourt, na altura de\u00a0Miracatu, interior de S\u00e3o Paulo.<\/p>\n<p>O delegado Carlos Eduardo Vieira Ceroni, respons\u00e1vel pelas investiga\u00e7\u00f5es disse que conversou com a dupla e eles disseram que no momento do acidente estavam dormindo.<\/p>\n<div class=\"mc-column content-text active-extra-styles\" data-block-type=\"raw\" data-block-weight=\"37\" data-block-id=\"6\">\n<blockquote class=\"content-blockquote theme-border-color-primary-before\"><p>&#8220;Eles falaram, em resumo, o mesmo que os demais que foram ouvidos. A gente vai ter que aguardar a chegada dos laudos pra que possamos finalizar e fazer o relat\u00f3rio final do inqu\u00e9rito policial&#8221;, acrescentou o delegado.<\/p><\/blockquote>\n<p>&nbsp;<\/p>\n<\/div>\n<div class=\"mc-column content-text active-extra-styles \" data-block-type=\"unstyled\" data-block-weight=\"23\" data-block-id=\"7\">\n<p class=\"content-text__container \" data-track-category=\"Link no Texto\" data-track-links=\"\">O delegado disse, ainda, que Conrado voltar\u00e1 a Londrina, no Paran\u00e1, onde mora com a fam\u00edlia. No entanto, isso n\u00e3o atrapalhar\u00e1 as investiga\u00e7\u00f5es.<\/p>\n<h3 data-track-category=\"Link no Texto\">Investiga\u00e7\u00f5es<\/h3>\n<p>De acordo com o laudo pericial do Instituto de Criminal\u00edstica (IC), os \u00a0dois pneus do \u00f4nibus da dupla sertaneja Conrado e Aleksandro apresentam sinais de explos\u00e3o. Com base no documento, o perito Carlos Eduardo Penazzi Filho, respons\u00e1vel por avaliar a estrutura e condi\u00e7\u00e3o dos pneus, ressaltou que a an\u00e1lise se deu principalmente pela avalia\u00e7\u00e3o dos a\u00e7os e arames que d\u00e3o estrutura ao pneu.<\/p>\n<\/div>\n<div class=\"mc-column content-text active-extra-styles \" data-block-type=\"unstyled\" data-block-weight=\"53\" data-block-id=\"12\">\n<p class=\"content-text__container \" data-track-category=\"Link no Texto\" data-track-links=\"\">Como eles estavam dobrados de fora para dentro, surgiu a possibilidade de ter ocorrido algum impacto contra obst\u00e1culo na via. Apesar de afirmar n\u00e3o ter como precisar quando o estouro do pneu aconteceu, o perito indicou que \u201ca aus\u00eancia de oxida\u00e7\u00e3o nos arames sugere danos mais recentes\u201d, conforme citado no documento.<\/p>\n<div class=\"mc-column content-text active-extra-styles \" data-block-type=\"unstyled\" data-block-weight=\"38\" data-block-id=\"16\">\n<p class=\"content-text__container \" data-track-category=\"Link no Texto\" data-track-links=\"\">A Pol\u00edcia Civil analisa imagens do \u00f4nibus da dupla sertaneja\u00a0Conrado e Aleksandro, na Rodovia Regis Bittencourt, quil\u00f4metros antes do local onde tombou, na altura de\u00a0Miracatu. Os conte\u00fados foram cedidos pela Arteris, concession\u00e1ria que administra o trecho.<\/p>\n<\/div>\n<div class=\"mc-column content-text active-extra-styles \" data-block-type=\"unstyled\" data-block-weight=\"31\" data-block-id=\"17\">\n<p class=\"content-text__container \" data-track-category=\"Link no Texto\" data-track-links=\"\">No total, 13 testemunhas prestaram depoimento \u00e0 Pol\u00edcia Civil sobre o acidente. Entre elas,\u00a0o homem que filmou o \u00f4nibus da dupla momentos antes do acidente, que prefere n\u00e3o se identificar.<\/p>\n<p data-track-category=\"Link no Texto\" data-track-links=\"\"><strong>LEIA TAMB\u00c9M<\/strong><\/p>\n<p data-track-category=\"Link no Texto\" data-track-links=\"\"><a href=\"https:\/\/redenoticiaz.com.br\/litoralsp\/2022\/05\/09\/video-onibus-onde-a-dupla-conrado-e-aleksandro-estava-em-alta-velocidade\">V\u00cdDEO \u2013 \u00d4nibus onde a dupla Conrado e Aleksandro estava em alta velocidade<\/a><\/p>\n<\/div>\n<\/div>\n","protected":false},"excerpt":{"rendered":"<p>O cantor Conrado, junto com o m\u00fasico J\u00falio C\u00e9sar Bugoli Lopes, internados ap\u00f3s o fat\u00eddico acidente que matou Aleksandro, apresentaram melhora e deram depoimento \u00e0 Pol\u00edcia Civil. Eles estiveram internados no Hospital Regional de Registro, mas receberam alta nessa quarta (22). Conrado e o baixista J\u00falio estavam no \u00f4nibus da dupla sertaneja no momento do &hellip;<\/p>\n","protected":false},"author":6,"featured_media":86731,"comment_status":"open","ping_status":"closed","sticky":false,"template":"","format":"standard","meta":{"footnotes":""},"categories":[10,41091],"tags":[7,55480,55481,51155,57440,57439,14901,1762,6733],"class_list":["post-86730","post","type-post","status-publish","format-standard","has-post-thumbnail","hentry","category-policia","category-registro","tag-acidente","tag-conrado","tag-conrado-e-aleksandro","tag-hospital-regional-de-registro","tag-julio-cesar","tag-melhora","tag-miracatu","tag-policia-civil","tag-registro"],"yoast_head":"<!-- This site is optimized with the Yoast SEO plugin v27.5 - https:\/\/yoast.com\/product\/yoast-seo-wordpress\/ -->\n<title>Cantor Conrado melhora e d\u00e1 depoimento \u00e0 Pol\u00edcia Civil - Litoral SP<\/title>\n<meta name=\"description\" content=\"O cantor Conrado, junto com o m\u00fasico J\u00falio C\u00e9sar Bugoli Lopes, internados ap\u00f3s o fat\u00eddico acidente que matou Aleksandro, apresentaram\" \/>\n<meta name=\"robots\" content=\"index, follow, max-snippet:-1, max-image-preview:large, max-video-preview:-1\" \/>\n<link rel=\"canonical\" href=\"https:\/\/redenoticiaz.com.br\/litoralsp\/2022\/06\/23\/cantor-conrado-melhora-e-da-depoimento-a-policia-civil\" \/>\n<meta property=\"og:locale\" content=\"pt_BR\" \/>\n<meta property=\"og:type\" content=\"article\" \/>\n<meta property=\"og:title\" content=\"Cantor Conrado melhora e d\u00e1 depoimento \u00e0 Pol\u00edcia Civil - Litoral SP\" \/>\n<meta property=\"og:description\" content=\"O cantor Conrado, junto com o m\u00fasico J\u00falio C\u00e9sar Bugoli Lopes, internados ap\u00f3s o fat\u00eddico acidente que matou Aleksandro, apresentaram\" \/>\n<meta property=\"og:url\" content=\"https:\/\/redenoticiaz.com.br\/litoralsp\/2022\/06\/23\/cantor-conrado-melhora-e-da-depoimento-a-policia-civil\" \/>\n<meta property=\"og:site_name\" content=\"Litoral SP\" \/>\n<meta property=\"article:published_time\" content=\"2022-06-23T12:52:14+00:00\" \/>\n<meta property=\"og:image\" content=\"https:\/\/redenoticiaz.com.br\/litoralsp\/wp-content\/uploads\/sites\/3\/2022\/06\/REPRODUCAO.png\" \/>\n\t<meta property=\"og:image:width\" content=\"573\" \/>\n\t<meta property=\"og:image:height\" content=\"313\" \/>\n\t<meta property=\"og:image:type\" content=\"image\/png\" \/>\n<meta name=\"author\" content=\"Leonardo Francisco\" \/>\n<meta name=\"twitter:card\" content=\"summary_large_image\" \/>\n<meta name=\"twitter:label1\" content=\"Escrito por\" \/>\n\t<meta name=\"twitter:data1\" content=\"Leonardo Francisco\" \/>\n\t<meta name=\"twitter:label2\" content=\"Est. tempo de leitura\" \/>\n\t<meta name=\"twitter:data2\" content=\"3 minutos\" \/>\n<script type=\"application\/ld+json\" class=\"yoast-schema-graph\">{\"@context\":\"https:\\\/\\\/schema.org\",\"@graph\":[{\"@type\":\"Article\",\"@id\":\"https:\\\/\\\/redenoticiaz.com.br\\\/litoralsp\\\/2022\\\/06\\\/23\\\/cantor-conrado-melhora-e-da-depoimento-a-policia-civil#article\",\"isPartOf\":{\"@id\":\"https:\\\/\\\/redenoticiaz.com.br\\\/litoralsp\\\/2022\\\/06\\\/23\\\/cantor-conrado-melhora-e-da-depoimento-a-policia-civil\"},\"author\":{\"name\":\"Leonardo Francisco\",\"@id\":\"https:\\\/\\\/redenoticiaz.com.br\\\/litoralsp\\\/#\\\/schema\\\/person\\\/0f0b8a5bdafefe82841e07ae8d81ecb3\"},\"headline\":\"Cantor Conrado melhora e d\u00e1 depoimento \u00e0 Pol\u00edcia Civil\",\"datePublished\":\"2022-06-23T12:52:14+00:00\",\"mainEntityOfPage\":{\"@id\":\"https:\\\/\\\/redenoticiaz.com.br\\\/litoralsp\\\/2022\\\/06\\\/23\\\/cantor-conrado-melhora-e-da-depoimento-a-policia-civil\"},\"wordCount\":417,\"commentCount\":0,\"publisher\":{\"@id\":\"https:\\\/\\\/redenoticiaz.com.br\\\/litoralsp\\\/#organization\"},\"image\":{\"@id\":\"https:\\\/\\\/redenoticiaz.com.br\\\/litoralsp\\\/2022\\\/06\\\/23\\\/cantor-conrado-melhora-e-da-depoimento-a-policia-civil#primaryimage\"},\"thumbnailUrl\":\"https:\\\/\\\/redenoticiaz.com.br\\\/litoralsp\\\/wp-content\\\/uploads\\\/sites\\\/3\\\/2022\\\/06\\\/REPRODUCAO.png\",\"keywords\":[\"acidente\",\"CONRADO\",\"CONRADO E ALEKSANDRO\",\"HOSPITAL REGIONAL DE REGISTRO\",\"J\u00daLIO C\u00c9SAR\",\"MELHORA\",\"MIRACATU\",\"POL\u00cdCIA CIVIL\",\"REGISTRO\"],\"articleSection\":[\"Pol\u00edcia\",\"Registro\"],\"inLanguage\":\"pt-BR\",\"potentialAction\":[{\"@type\":\"CommentAction\",\"name\":\"Comment\",\"target\":[\"https:\\\/\\\/redenoticiaz.com.br\\\/litoralsp\\\/2022\\\/06\\\/23\\\/cantor-conrado-melhora-e-da-depoimento-a-policia-civil#respond\"]}]},{\"@type\":\"WebPage\",\"@id\":\"https:\\\/\\\/redenoticiaz.com.br\\\/litoralsp\\\/2022\\\/06\\\/23\\\/cantor-conrado-melhora-e-da-depoimento-a-policia-civil\",\"url\":\"https:\\\/\\\/redenoticiaz.com.br\\\/litoralsp\\\/2022\\\/06\\\/23\\\/cantor-conrado-melhora-e-da-depoimento-a-policia-civil\",\"name\":\"Cantor Conrado melhora e d\u00e1 depoimento \u00e0 Pol\u00edcia Civil - Litoral SP\",\"isPartOf\":{\"@id\":\"https:\\\/\\\/redenoticiaz.com.br\\\/litoralsp\\\/#website\"},\"primaryImageOfPage\":{\"@id\":\"https:\\\/\\\/redenoticiaz.com.br\\\/litoralsp\\\/2022\\\/06\\\/23\\\/cantor-conrado-melhora-e-da-depoimento-a-policia-civil#primaryimage\"},\"image\":{\"@id\":\"https:\\\/\\\/redenoticiaz.com.br\\\/litoralsp\\\/2022\\\/06\\\/23\\\/cantor-conrado-melhora-e-da-depoimento-a-policia-civil#primaryimage\"},\"thumbnailUrl\":\"https:\\\/\\\/redenoticiaz.com.br\\\/litoralsp\\\/wp-content\\\/uploads\\\/sites\\\/3\\\/2022\\\/06\\\/REPRODUCAO.png\",\"datePublished\":\"2022-06-23T12:52:14+00:00\",\"description\":\"O cantor Conrado, junto com o m\u00fasico J\u00falio C\u00e9sar Bugoli Lopes, internados ap\u00f3s o fat\u00eddico acidente que matou Aleksandro, apresentaram\",\"inLanguage\":\"pt-BR\",\"potentialAction\":[{\"@type\":\"ReadAction\",\"target\":[\"https:\\\/\\\/redenoticiaz.com.br\\\/litoralsp\\\/2022\\\/06\\\/23\\\/cantor-conrado-melhora-e-da-depoimento-a-policia-civil\"]}]},{\"@type\":\"ImageObject\",\"inLanguage\":\"pt-BR\",\"@id\":\"https:\\\/\\\/redenoticiaz.com.br\\\/litoralsp\\\/2022\\\/06\\\/23\\\/cantor-conrado-melhora-e-da-depoimento-a-policia-civil#primaryimage\",\"url\":\"https:\\\/\\\/redenoticiaz.com.br\\\/litoralsp\\\/wp-content\\\/uploads\\\/sites\\\/3\\\/2022\\\/06\\\/REPRODUCAO.png\",\"contentUrl\":\"https:\\\/\\\/redenoticiaz.com.br\\\/litoralsp\\\/wp-content\\\/uploads\\\/sites\\\/3\\\/2022\\\/06\\\/REPRODUCAO.png\",\"width\":573,\"height\":313,\"caption\":\"Cr\u00e9ditos: Reprodu\u00e7\u00e3o\"},{\"@type\":\"WebSite\",\"@id\":\"https:\\\/\\\/redenoticiaz.com.br\\\/litoralsp\\\/#website\",\"url\":\"https:\\\/\\\/redenoticiaz.com.br\\\/litoralsp\\\/\",\"name\":\"Litoral SP\",\"description\":\"Rede NoticiaZ\",\"publisher\":{\"@id\":\"https:\\\/\\\/redenoticiaz.com.br\\\/litoralsp\\\/#organization\"},\"potentialAction\":[{\"@type\":\"SearchAction\",\"target\":{\"@type\":\"EntryPoint\",\"urlTemplate\":\"https:\\\/\\\/redenoticiaz.com.br\\\/litoralsp\\\/?s={search_term_string}\"},\"query-input\":{\"@type\":\"PropertyValueSpecification\",\"valueRequired\":true,\"valueName\":\"search_term_string\"}}],\"inLanguage\":\"pt-BR\"},{\"@type\":\"Organization\",\"@id\":\"https:\\\/\\\/redenoticiaz.com.br\\\/litoralsp\\\/#organization\",\"name\":\"Litoral SP\",\"url\":\"https:\\\/\\\/redenoticiaz.com.br\\\/litoralsp\\\/\",\"logo\":{\"@type\":\"ImageObject\",\"inLanguage\":\"pt-BR\",\"@id\":\"https:\\\/\\\/redenoticiaz.com.br\\\/litoralsp\\\/#\\\/schema\\\/logo\\\/image\\\/\",\"url\":\"https:\\\/\\\/redenoticiaz.com.br\\\/litoralsp\\\/wp-content\\\/uploads\\\/sites\\\/3\\\/2020\\\/11\\\/logo.jpg\",\"contentUrl\":\"https:\\\/\\\/redenoticiaz.com.br\\\/litoralsp\\\/wp-content\\\/uploads\\\/sites\\\/3\\\/2020\\\/11\\\/logo.jpg\",\"width\":400,\"height\":250,\"caption\":\"Litoral SP\"},\"image\":{\"@id\":\"https:\\\/\\\/redenoticiaz.com.br\\\/litoralsp\\\/#\\\/schema\\\/logo\\\/image\\\/\"}},{\"@type\":\"Person\",\"@id\":\"https:\\\/\\\/redenoticiaz.com.br\\\/litoralsp\\\/#\\\/schema\\\/person\\\/0f0b8a5bdafefe82841e07ae8d81ecb3\",\"name\":\"Leonardo Francisco\",\"image\":{\"@type\":\"ImageObject\",\"inLanguage\":\"pt-BR\",\"@id\":\"https:\\\/\\\/secure.gravatar.com\\\/avatar\\\/a7358cb406a99b682ec6df1e77e31ae82e63601f6784e8a3df411d72b37864da?s=96&d=mm&r=g\",\"url\":\"https:\\\/\\\/secure.gravatar.com\\\/avatar\\\/a7358cb406a99b682ec6df1e77e31ae82e63601f6784e8a3df411d72b37864da?s=96&d=mm&r=g\",\"contentUrl\":\"https:\\\/\\\/secure.gravatar.com\\\/avatar\\\/a7358cb406a99b682ec6df1e77e31ae82e63601f6784e8a3df411d72b37864da?s=96&d=mm&r=g\",\"caption\":\"Leonardo Francisco\"},\"url\":\"https:\\\/\\\/redenoticiaz.com.br\\\/litoralsp\\\/author\\\/leonardo-francisco\"}]}<\/script>\n<!-- \/ Yoast SEO plugin. -->","yoast_head_json":{"title":"Cantor Conrado melhora e d\u00e1 depoimento \u00e0 Pol\u00edcia Civil - Litoral SP","description":"O cantor Conrado, junto com o m\u00fasico J\u00falio C\u00e9sar Bugoli Lopes, internados ap\u00f3s o fat\u00eddico acidente que matou Aleksandro, apresentaram","robots":{"index":"index","follow":"follow","max-snippet":"max-snippet:-1","max-image-preview":"max-image-preview:large","max-video-preview":"max-video-preview:-1"},"canonical":"https:\/\/redenoticiaz.com.br\/litoralsp\/2022\/06\/23\/cantor-conrado-melhora-e-da-depoimento-a-policia-civil","og_locale":"pt_BR","og_type":"article","og_title":"Cantor Conrado melhora e d\u00e1 depoimento \u00e0 Pol\u00edcia Civil - Litoral SP","og_description":"O cantor Conrado, junto com o m\u00fasico J\u00falio C\u00e9sar Bugoli Lopes, internados ap\u00f3s o fat\u00eddico acidente que matou Aleksandro, apresentaram","og_url":"https:\/\/redenoticiaz.com.br\/litoralsp\/2022\/06\/23\/cantor-conrado-melhora-e-da-depoimento-a-policia-civil","og_site_name":"Litoral SP","article_published_time":"2022-06-23T12:52:14+00:00","og_image":[{"width":573,"height":313,"url":"https:\/\/redenoticiaz.com.br\/litoralsp\/wp-content\/uploads\/sites\/3\/2022\/06\/REPRODUCAO.png","type":"image\/png"}],"author":"Leonardo Francisco","twitter_card":"summary_large_image","twitter_misc":{"Escrito por":"Leonardo Francisco","Est. tempo de leitura":"3 minutos"},"schema":{"@context":"https:\/\/schema.org","@graph":[{"@type":"Article","@id":"https:\/\/redenoticiaz.com.br\/litoralsp\/2022\/06\/23\/cantor-conrado-melhora-e-da-depoimento-a-policia-civil#article","isPartOf":{"@id":"https:\/\/redenoticiaz.com.br\/litoralsp\/2022\/06\/23\/cantor-conrado-melhora-e-da-depoimento-a-policia-civil"},"author":{"name":"Leonardo Francisco","@id":"https:\/\/redenoticiaz.com.br\/litoralsp\/#\/schema\/person\/0f0b8a5bdafefe82841e07ae8d81ecb3"},"headline":"Cantor Conrado melhora e d\u00e1 depoimento \u00e0 Pol\u00edcia Civil","datePublished":"2022-06-23T12:52:14+00:00","mainEntityOfPage":{"@id":"https:\/\/redenoticiaz.com.br\/litoralsp\/2022\/06\/23\/cantor-conrado-melhora-e-da-depoimento-a-policia-civil"},"wordCount":417,"commentCount":0,"publisher":{"@id":"https:\/\/redenoticiaz.com.br\/litoralsp\/#organization"},"image":{"@id":"https:\/\/redenoticiaz.com.br\/litoralsp\/2022\/06\/23\/cantor-conrado-melhora-e-da-depoimento-a-policia-civil#primaryimage"},"thumbnailUrl":"https:\/\/redenoticiaz.com.br\/litoralsp\/wp-content\/uploads\/sites\/3\/2022\/06\/REPRODUCAO.png","keywords":["acidente","CONRADO","CONRADO E ALEKSANDRO","HOSPITAL REGIONAL DE REGISTRO","J\u00daLIO C\u00c9SAR","MELHORA","MIRACATU","POL\u00cdCIA CIVIL","REGISTRO"],"articleSection":["Pol\u00edcia","Registro"],"inLanguage":"pt-BR","potentialAction":[{"@type":"CommentAction","name":"Comment","target":["https:\/\/redenoticiaz.com.br\/litoralsp\/2022\/06\/23\/cantor-conrado-melhora-e-da-depoimento-a-policia-civil#respond"]}]},{"@type":"WebPage","@id":"https:\/\/redenoticiaz.com.br\/litoralsp\/2022\/06\/23\/cantor-conrado-melhora-e-da-depoimento-a-policia-civil","url":"https:\/\/redenoticiaz.com.br\/litoralsp\/2022\/06\/23\/cantor-conrado-melhora-e-da-depoimento-a-policia-civil","name":"Cantor Conrado melhora e d\u00e1 depoimento \u00e0 Pol\u00edcia Civil - Litoral SP","isPartOf":{"@id":"https:\/\/redenoticiaz.com.br\/litoralsp\/#website"},"primaryImageOfPage":{"@id":"https:\/\/redenoticiaz.com.br\/litoralsp\/2022\/06\/23\/cantor-conrado-melhora-e-da-depoimento-a-policia-civil#primaryimage"},"image":{"@id":"https:\/\/redenoticiaz.com.br\/litoralsp\/2022\/06\/23\/cantor-conrado-melhora-e-da-depoimento-a-policia-civil#primaryimage"},"thumbnailUrl":"https:\/\/redenoticiaz.com.br\/litoralsp\/wp-content\/uploads\/sites\/3\/2022\/06\/REPRODUCAO.png","datePublished":"2022-06-23T12:52:14+00:00","description":"O cantor Conrado, junto com o m\u00fasico J\u00falio C\u00e9sar Bugoli Lopes, internados ap\u00f3s o fat\u00eddico acidente que matou Aleksandro, apresentaram","inLanguage":"pt-BR","potentialAction":[{"@type":"ReadAction","target":["https:\/\/redenoticiaz.com.br\/litoralsp\/2022\/06\/23\/cantor-conrado-melhora-e-da-depoimento-a-policia-civil"]}]},{"@type":"ImageObject","inLanguage":"pt-BR","@id":"https:\/\/redenoticiaz.com.br\/litoralsp\/2022\/06\/23\/cantor-conrado-melhora-e-da-depoimento-a-policia-civil#primaryimage","url":"https:\/\/redenoticiaz.com.br\/litoralsp\/wp-content\/uploads\/sites\/3\/2022\/06\/REPRODUCAO.png","contentUrl":"https:\/\/redenoticiaz.com.br\/litoralsp\/wp-content\/uploads\/sites\/3\/2022\/06\/REPRODUCAO.png","width":573,"height":313,"caption":"Cr\u00e9ditos: Reprodu\u00e7\u00e3o"},{"@type":"WebSite","@id":"https:\/\/redenoticiaz.com.br\/litoralsp\/#website","url":"https:\/\/redenoticiaz.com.br\/litoralsp\/","name":"Litoral SP","description":"Rede NoticiaZ","publisher":{"@id":"https:\/\/redenoticiaz.com.br\/litoralsp\/#organization"},"potentialAction":[{"@type":"SearchAction","target":{"@type":"EntryPoint","urlTemplate":"https:\/\/redenoticiaz.com.br\/litoralsp\/?s={search_term_string}"},"query-input":{"@type":"PropertyValueSpecification","valueRequired":true,"valueName":"search_term_string"}}],"inLanguage":"pt-BR"},{"@type":"Organization","@id":"https:\/\/redenoticiaz.com.br\/litoralsp\/#organization","name":"Litoral SP","url":"https:\/\/redenoticiaz.com.br\/litoralsp\/","logo":{"@type":"ImageObject","inLanguage":"pt-BR","@id":"https:\/\/redenoticiaz.com.br\/litoralsp\/#\/schema\/logo\/image\/","url":"https:\/\/redenoticiaz.com.br\/litoralsp\/wp-content\/uploads\/sites\/3\/2020\/11\/logo.jpg","contentUrl":"https:\/\/redenoticiaz.com.br\/litoralsp\/wp-content\/uploads\/sites\/3\/2020\/11\/logo.jpg","width":400,"height":250,"caption":"Litoral SP"},"image":{"@id":"https:\/\/redenoticiaz.com.br\/litoralsp\/#\/schema\/logo\/image\/"}},{"@type":"Person","@id":"https:\/\/redenoticiaz.com.br\/litoralsp\/#\/schema\/person\/0f0b8a5bdafefe82841e07ae8d81ecb3","name":"Leonardo Francisco","image":{"@type":"ImageObject","inLanguage":"pt-BR","@id":"https:\/\/secure.gravatar.com\/avatar\/a7358cb406a99b682ec6df1e77e31ae82e63601f6784e8a3df411d72b37864da?s=96&d=mm&r=g","url":"https:\/\/secure.gravatar.com\/avatar\/a7358cb406a99b682ec6df1e77e31ae82e63601f6784e8a3df411d72b37864da?s=96&d=mm&r=g","contentUrl":"https:\/\/secure.gravatar.com\/avatar\/a7358cb406a99b682ec6df1e77e31ae82e63601f6784e8a3df411d72b37864da?s=96&d=mm&r=g","caption":"Leonardo Francisco"},"url":"https:\/\/redenoticiaz.com.br\/litoralsp\/author\/leonardo-francisco"}]}},"_links":{"self":[{"href":"https:\/\/redenoticiaz.com.br\/litoralsp\/wp-json\/wp\/v2\/posts\/86730","targetHints":{"allow":["GET"]}}],"collection":[{"href":"https:\/\/redenoticiaz.com.br\/litoralsp\/wp-json\/wp\/v2\/posts"}],"about":[{"href":"https:\/\/redenoticiaz.com.br\/litoralsp\/wp-json\/wp\/v2\/types\/post"}],"author":[{"embeddable":true,"href":"https:\/\/redenoticiaz.com.br\/litoralsp\/wp-json\/wp\/v2\/users\/6"}],"replies":[{"embeddable":true,"href":"https:\/\/redenoticiaz.com.br\/litoralsp\/wp-json\/wp\/v2\/comments?post=86730"}],"version-history":[{"count":1,"href":"https:\/\/redenoticiaz.com.br\/litoralsp\/wp-json\/wp\/v2\/posts\/86730\/revisions"}],"predecessor-version":[{"id":86732,"href":"https:\/\/redenoticiaz.com.br\/litoralsp\/wp-json\/wp\/v2\/posts\/86730\/revisions\/86732"}],"wp:featuredmedia":[{"embeddable":true,"href":"https:\/\/redenoticiaz.com.br\/litoralsp\/wp-json\/wp\/v2\/media\/86731"}],"wp:attachment":[{"href":"https:\/\/redenoticiaz.com.br\/litoralsp\/wp-json\/wp\/v2\/media?parent=86730"}],"wp:term":[{"taxonomy":"category","embeddable":true,"href":"https:\/\/redenoticiaz.com.br\/litoralsp\/wp-json\/wp\/v2\/categories?post=86730"},{"taxonomy":"post_tag","embeddable":true,"href":"https:\/\/redenoticiaz.com.br\/litoralsp\/wp-json\/wp\/v2\/tags?post=86730"}],"curies":[{"name":"wp","href":"https:\/\/api.w.org\/{rel}","templated":true}]}}