{"id":86740,"date":"2022-06-23T10:25:05","date_gmt":"2022-06-23T13:25:05","guid":{"rendered":"https:\/\/redenoticiaz.com.br\/litoralsp\/?p=86740"},"modified":"2022-06-23T10:25:05","modified_gmt":"2022-06-23T13:25:05","slug":"pat-de-caraguatatuba-conta-com-133-vagas-de-emprego","status":"publish","type":"post","link":"https:\/\/redenoticiaz.com.br\/litoralsp\/2022\/06\/23\/pat-de-caraguatatuba-conta-com-133-vagas-de-emprego","title":{"rendered":"PAT de Caraguatatuba conta com 133 vagas de emprego"},"content":{"rendered":"<p>O morador de Caraguatatuba que est\u00e1 precisando de uma oportunidade no mercado de trabalho, pode contar com o Posto de Atendimento ao Trabalhador (PAT). A unidade disponibiliza 133 vagas de emprego abertas, mas at\u00e9 sexta-feira (24).<\/p>\n<div class=\"mc-column content-text active-extra-styles \" data-block-type=\"unstyled\" data-block-weight=\"39\" data-block-id=\"3\">\n<p class=\"content-text__container \" data-track-category=\"Link no Texto\" data-track-links=\"\">Os interessados devem comparecer ao local, de segunda a sexta-feira, das 8h \u00e0s 14h e levar RG, CPF, Carteira de Trabalho, PIS e o curr\u00edculo atualizado. Para conferir os crit\u00e9rios de cada vaga, o candidato deve\u00a0<a href=\"https:\/\/www.caraguatatuba.sp.gov.br\/pmc\/2022\/06\/vagas-disponiveis\/\" target=\"_blank\" rel=\"noopener\">acessar o site<\/a>.<\/p>\n<\/div>\n<div class=\"mc-column content-text active-extra-styles\" data-block-type=\"raw\" data-block-weight=\"4\" data-block-id=\"4\">\n<p class=\"content-text__container\">O endere\u00e7o do PAT de Caraguatatuba fica na rua Taubat\u00e9, 520, no bairro Sumar\u00e9. Outras informa\u00e7\u00f5es pelo telefone (12) 3882-5211.<\/p>\n<div class=\"content-intertitle\">\n<h3>Confira as vagas dispon\u00edveis:<\/h3>\n<\/div>\n<\/div>\n<div class=\"mc-column content-text active-extra-styles\" data-block-type=\"raw\" data-block-weight=\"146\" data-block-id=\"5\">\n<ul class=\"content-unordered-list\">\n<li>Acabador de m\u00e1rmore e granito<\/li>\n<li>Ajudante de cozinha<\/li>\n<li>Armador<\/li>\n<li>Assistente financeiro<\/li>\n<li>Atendente<\/li>\n<li>Auxiliar administrativo<\/li>\n<li>Auxiliar cont\u00e1bil<\/li>\n<li>Auxiliar de cozinha<\/li>\n<li>Auxiliar de departamento pessoal<\/li>\n<li>Auxiliar de mec\u00e2nico<\/li>\n<li>Balconista<\/li>\n<li>Carpinteiro<\/li>\n<li>Chapeiro<\/li>\n<li>Chefe de cozinha<\/li>\n<li>Chefe de se\u00e7\u00e3o frutas, legumes e verduras<\/li>\n<li>Consultor de vendas<\/li>\n<li>Consultor financeiro<\/li>\n<li>Controlador de acesso<\/li>\n<li>Corretor de im\u00f3veis<\/li>\n<li>Cozinheira(o)<\/li>\n<li>Eletricista de autos<\/li>\n<li>Empacotador<\/li>\n<li>Faxineira (o)<\/li>\n<li>Funileiro<\/li>\n<li>Instalador de alarmes residenciais<\/li>\n<li>Instrutor de ingl\u00eas<\/li>\n<li>Marceneiro<\/li>\n<li>Mec\u00e2nico automotivo<\/li>\n<li>Mec\u00e2nico<\/li>\n<li>Mec\u00e2nico de linha leve e pesada<\/li>\n<li>Mec\u00e2nico de m\u00e1quinas pesadas (diesel)<\/li>\n<li>Mec\u00e2nico de refrigera\u00e7\u00e3o<\/li>\n<li>Montador de ve\u00edculos<\/li>\n<li>Motoboy<\/li>\n<li>Motorista de caminh\u00e3o<\/li>\n<li>Motorista de caminh\u00e3o guincho<\/li>\n<li>Motorista de caminh\u00e3o munck<\/li>\n<li>Operador de cobran\u00e7a<\/li>\n<li>Operador de cobran\u00e7a (est\u00e1gio)<\/li>\n<li>Operador de loja<\/li>\n<li>Pintor de autom\u00f3veis<\/li>\n<li>Pizzaiolo<\/li>\n<li>Polidor de autom\u00f3veis<\/li>\n<li>Polidor de ve\u00edculos<\/li>\n<li>Representante comercial (ramo aliment\u00edcio)<\/li>\n<li>Representante de vendas<\/li>\n<li>Serralheiro<\/li>\n<li>Sushiman<\/li>\n<li>T\u00e9cnico em inform\u00e1tica<\/li>\n<li>T\u00e9cnico em instrumenta\u00e7\u00e3o<\/li>\n<li>Tratorista<\/li>\n<li>Vendedor<\/li>\n<li>Vendedor de m\u00e1quina de cart\u00e3o<\/li>\n<li>Vendedor de seguros e vendedor\/consultor comercial.<\/li>\n<\/ul>\n<p><strong>LEIA TAMB\u00c9M<\/strong><\/p>\n<p><a href=\"https:\/\/redenoticiaz.com.br\/litoralsp\/2022\/06\/22\/rede-de-restaurantes-disponibiliza-50-vagas-de-emprego-em-santos\">Rede de restaurantes disponibiliza 50 vagas de emprego em Santos<\/a><\/p>\n<\/div>\n","protected":false},"excerpt":{"rendered":"<p>O morador de Caraguatatuba que est\u00e1 precisando de uma oportunidade no mercado de trabalho, pode contar com o Posto de Atendimento ao Trabalhador (PAT). A unidade disponibiliza 133 vagas de emprego abertas, mas at\u00e9 sexta-feira (24). Os interessados devem comparecer ao local, de segunda a sexta-feira, das 8h \u00e0s 14h e levar RG, CPF, Carteira &hellip;<\/p>\n","protected":false},"author":6,"featured_media":86741,"comment_status":"open","ping_status":"closed","sticky":false,"template":"","format":"standard","meta":{"footnotes":""},"categories":[2881],"tags":[2742,52378,2796,57443],"class_list":["post-86740","post","type-post","status-publish","format-standard","has-post-thumbnail","hentry","category-caraguatatuba","tag-caraguatatuba","tag-pat-de-caraguatatuba","tag-posto-de-atendimento-ao-trabalhador","tag-vahas-de-emprego"],"yoast_head":"<!-- This site is optimized with the Yoast SEO plugin v28.4 - https:\/\/yoast.com\/product\/yoast-seo-wordpress\/ -->\n<title>PAT de Caraguatatuba conta com 133 vagas de emprego - Litoral SP<\/title>\n<meta name=\"description\" content=\"de Caraguatatuba que est\u00e1 precisando de uma oportunidade no mercado de trabalho, pode contar com o Posto de Atendimento ao Trabalhador (PAT)\" \/>\n<meta name=\"robots\" content=\"index, follow, max-snippet:-1, max-image-preview:large, max-video-preview:-1\" \/>\n<link rel=\"canonical\" href=\"https:\/\/redenoticiaz.com.br\/litoralsp\/2022\/06\/23\/pat-de-caraguatatuba-conta-com-133-vagas-de-emprego\" \/>\n<meta property=\"og:locale\" content=\"pt_BR\" \/>\n<meta property=\"og:type\" content=\"article\" \/>\n<meta property=\"og:title\" content=\"PAT de Caraguatatuba conta com 133 vagas de emprego - Litoral SP\" \/>\n<meta property=\"og:description\" content=\"de Caraguatatuba que est\u00e1 precisando de uma oportunidade no mercado de trabalho, pode contar com o Posto de Atendimento ao Trabalhador (PAT)\" \/>\n<meta property=\"og:url\" content=\"https:\/\/redenoticiaz.com.br\/litoralsp\/2022\/06\/23\/pat-de-caraguatatuba-conta-com-133-vagas-de-emprego\" \/>\n<meta property=\"og:site_name\" content=\"Litoral SP\" \/>\n<meta property=\"article:published_time\" content=\"2022-06-23T13:25:05+00:00\" \/>\n<meta property=\"og:image\" content=\"https:\/\/redenoticiaz.com.br\/litoralsp\/wp-content\/uploads\/sites\/3\/2022\/06\/pat-1-825x305-1.jpeg\" \/>\n\t<meta property=\"og:image:width\" content=\"825\" \/>\n\t<meta property=\"og:image:height\" content=\"305\" \/>\n\t<meta property=\"og:image:type\" content=\"image\/jpeg\" \/>\n<meta name=\"author\" content=\"Leonardo Francisco\" \/>\n<meta name=\"twitter:card\" content=\"summary_large_image\" \/>\n<meta name=\"twitter:label1\" content=\"Escrito por\" \/>\n\t<meta name=\"twitter:data1\" content=\"Leonardo Francisco\" \/>\n\t<meta name=\"twitter:label2\" content=\"Est. tempo de leitura\" \/>\n\t<meta name=\"twitter:data2\" content=\"2 minutos\" \/>\n<script type=\"application\/ld+json\" class=\"yoast-schema-graph\">{\"@context\":\"https:\\\/\\\/schema.org\",\"@graph\":[{\"@type\":\"Article\",\"@id\":\"https:\\\/\\\/redenoticiaz.com.br\\\/litoralsp\\\/2022\\\/06\\\/23\\\/pat-de-caraguatatuba-conta-com-133-vagas-de-emprego#article\",\"isPartOf\":{\"@id\":\"https:\\\/\\\/redenoticiaz.com.br\\\/litoralsp\\\/2022\\\/06\\\/23\\\/pat-de-caraguatatuba-conta-com-133-vagas-de-emprego\"},\"author\":{\"name\":\"Leonardo Francisco\",\"@id\":\"https:\\\/\\\/redenoticiaz.com.br\\\/litoralsp\\\/#\\\/schema\\\/person\\\/0f0b8a5bdafefe82841e07ae8d81ecb3\"},\"headline\":\"PAT de Caraguatatuba conta com 133 vagas de emprego\",\"datePublished\":\"2022-06-23T13:25:05+00:00\",\"mainEntityOfPage\":{\"@id\":\"https:\\\/\\\/redenoticiaz.com.br\\\/litoralsp\\\/2022\\\/06\\\/23\\\/pat-de-caraguatatuba-conta-com-133-vagas-de-emprego\"},\"wordCount\":298,\"commentCount\":0,\"publisher\":{\"@id\":\"https:\\\/\\\/redenoticiaz.com.br\\\/litoralsp\\\/#organization\"},\"image\":{\"@id\":\"https:\\\/\\\/redenoticiaz.com.br\\\/litoralsp\\\/2022\\\/06\\\/23\\\/pat-de-caraguatatuba-conta-com-133-vagas-de-emprego#primaryimage\"},\"thumbnailUrl\":\"https:\\\/\\\/redenoticiaz.com.br\\\/litoralsp\\\/wp-content\\\/uploads\\\/sites\\\/3\\\/2022\\\/06\\\/pat-1-825x305-1.jpeg\",\"keywords\":[\"CARAGUATATUBA\",\"PAT DE CARAGUATATUBA\",\"POSTO DE ATENDIMENTO AO TRABALHADOR\",\"VAHAS DE EMPREGO\"],\"articleSection\":[\"Caraguatatuba\"],\"inLanguage\":\"pt-BR\",\"potentialAction\":[{\"@type\":\"CommentAction\",\"name\":\"Comment\",\"target\":[\"https:\\\/\\\/redenoticiaz.com.br\\\/litoralsp\\\/2022\\\/06\\\/23\\\/pat-de-caraguatatuba-conta-com-133-vagas-de-emprego#respond\"]}]},{\"@type\":\"WebPage\",\"@id\":\"https:\\\/\\\/redenoticiaz.com.br\\\/litoralsp\\\/2022\\\/06\\\/23\\\/pat-de-caraguatatuba-conta-com-133-vagas-de-emprego\",\"url\":\"https:\\\/\\\/redenoticiaz.com.br\\\/litoralsp\\\/2022\\\/06\\\/23\\\/pat-de-caraguatatuba-conta-com-133-vagas-de-emprego\",\"name\":\"PAT de Caraguatatuba conta com 133 vagas de emprego - Litoral SP\",\"isPartOf\":{\"@id\":\"https:\\\/\\\/redenoticiaz.com.br\\\/litoralsp\\\/#website\"},\"primaryImageOfPage\":{\"@id\":\"https:\\\/\\\/redenoticiaz.com.br\\\/litoralsp\\\/2022\\\/06\\\/23\\\/pat-de-caraguatatuba-conta-com-133-vagas-de-emprego#primaryimage\"},\"image\":{\"@id\":\"https:\\\/\\\/redenoticiaz.com.br\\\/litoralsp\\\/2022\\\/06\\\/23\\\/pat-de-caraguatatuba-conta-com-133-vagas-de-emprego#primaryimage\"},\"thumbnailUrl\":\"https:\\\/\\\/redenoticiaz.com.br\\\/litoralsp\\\/wp-content\\\/uploads\\\/sites\\\/3\\\/2022\\\/06\\\/pat-1-825x305-1.jpeg\",\"datePublished\":\"2022-06-23T13:25:05+00:00\",\"description\":\"de Caraguatatuba que est\u00e1 precisando de uma oportunidade no mercado de trabalho, pode contar com o Posto de Atendimento ao Trabalhador (PAT)\",\"inLanguage\":\"pt-BR\",\"potentialAction\":[{\"@type\":\"ReadAction\",\"target\":[\"https:\\\/\\\/redenoticiaz.com.br\\\/litoralsp\\\/2022\\\/06\\\/23\\\/pat-de-caraguatatuba-conta-com-133-vagas-de-emprego\"]}]},{\"@type\":\"ImageObject\",\"inLanguage\":\"pt-BR\",\"@id\":\"https:\\\/\\\/redenoticiaz.com.br\\\/litoralsp\\\/2022\\\/06\\\/23\\\/pat-de-caraguatatuba-conta-com-133-vagas-de-emprego#primaryimage\",\"url\":\"https:\\\/\\\/redenoticiaz.com.br\\\/litoralsp\\\/wp-content\\\/uploads\\\/sites\\\/3\\\/2022\\\/06\\\/pat-1-825x305-1.jpeg\",\"contentUrl\":\"https:\\\/\\\/redenoticiaz.com.br\\\/litoralsp\\\/wp-content\\\/uploads\\\/sites\\\/3\\\/2022\\\/06\\\/pat-1-825x305-1.jpeg\",\"width\":825,\"height\":305,\"caption\":\"Cr\u00e9ditos: Divulga\u00e7\u00e3o\\\/Prefeitura de Caraguatatuba\"},{\"@type\":\"WebSite\",\"@id\":\"https:\\\/\\\/redenoticiaz.com.br\\\/litoralsp\\\/#website\",\"url\":\"https:\\\/\\\/redenoticiaz.com.br\\\/litoralsp\\\/\",\"name\":\"Litoral SP\",\"description\":\"Rede NoticiaZ\",\"publisher\":{\"@id\":\"https:\\\/\\\/redenoticiaz.com.br\\\/litoralsp\\\/#organization\"},\"potentialAction\":[{\"@type\":\"SearchAction\",\"target\":{\"@type\":\"EntryPoint\",\"urlTemplate\":\"https:\\\/\\\/redenoticiaz.com.br\\\/litoralsp\\\/?s={search_term_string}\"},\"query-input\":{\"@type\":\"PropertyValueSpecification\",\"valueRequired\":true,\"valueName\":\"search_term_string\"}}],\"inLanguage\":\"pt-BR\"},{\"@type\":\"Organization\",\"@id\":\"https:\\\/\\\/redenoticiaz.com.br\\\/litoralsp\\\/#organization\",\"name\":\"Litoral SP\",\"url\":\"https:\\\/\\\/redenoticiaz.com.br\\\/litoralsp\\\/\",\"logo\":{\"@type\":\"ImageObject\",\"inLanguage\":\"pt-BR\",\"@id\":\"https:\\\/\\\/redenoticiaz.com.br\\\/litoralsp\\\/#\\\/schema\\\/logo\\\/image\\\/\",\"url\":\"https:\\\/\\\/redenoticiaz.com.br\\\/litoralsp\\\/wp-content\\\/uploads\\\/sites\\\/3\\\/2020\\\/11\\\/logo.jpg\",\"contentUrl\":\"https:\\\/\\\/redenoticiaz.com.br\\\/litoralsp\\\/wp-content\\\/uploads\\\/sites\\\/3\\\/2020\\\/11\\\/logo.jpg\",\"width\":400,\"height\":250,\"caption\":\"Litoral SP\"},\"image\":{\"@id\":\"https:\\\/\\\/redenoticiaz.com.br\\\/litoralsp\\\/#\\\/schema\\\/logo\\\/image\\\/\"}},{\"@type\":\"Person\",\"@id\":\"https:\\\/\\\/redenoticiaz.com.br\\\/litoralsp\\\/#\\\/schema\\\/person\\\/0f0b8a5bdafefe82841e07ae8d81ecb3\",\"name\":\"Leonardo Francisco\",\"image\":{\"@type\":\"ImageObject\",\"inLanguage\":\"pt-BR\",\"@id\":\"https:\\\/\\\/secure.gravatar.com\\\/avatar\\\/a7358cb406a99b682ec6df1e77e31ae82e63601f6784e8a3df411d72b37864da?s=96&d=mm&r=g\",\"url\":\"https:\\\/\\\/secure.gravatar.com\\\/avatar\\\/a7358cb406a99b682ec6df1e77e31ae82e63601f6784e8a3df411d72b37864da?s=96&d=mm&r=g\",\"contentUrl\":\"https:\\\/\\\/secure.gravatar.com\\\/avatar\\\/a7358cb406a99b682ec6df1e77e31ae82e63601f6784e8a3df411d72b37864da?s=96&d=mm&r=g\",\"caption\":\"Leonardo Francisco\"},\"url\":\"https:\\\/\\\/redenoticiaz.com.br\\\/litoralsp\\\/author\\\/leonardo-francisco\"}]}<\/script>\n<!-- \/ Yoast SEO plugin. -->","yoast_head_json":{"title":"PAT de Caraguatatuba conta com 133 vagas de emprego - Litoral SP","description":"de Caraguatatuba que est\u00e1 precisando de uma oportunidade no mercado de trabalho, pode contar com o Posto de Atendimento ao Trabalhador (PAT)","robots":{"index":"index","follow":"follow","max-snippet":"max-snippet:-1","max-image-preview":"max-image-preview:large","max-video-preview":"max-video-preview:-1"},"canonical":"https:\/\/redenoticiaz.com.br\/litoralsp\/2022\/06\/23\/pat-de-caraguatatuba-conta-com-133-vagas-de-emprego","og_locale":"pt_BR","og_type":"article","og_title":"PAT de Caraguatatuba conta com 133 vagas de emprego - Litoral SP","og_description":"de Caraguatatuba que est\u00e1 precisando de uma oportunidade no mercado de trabalho, pode contar com o Posto de Atendimento ao Trabalhador (PAT)","og_url":"https:\/\/redenoticiaz.com.br\/litoralsp\/2022\/06\/23\/pat-de-caraguatatuba-conta-com-133-vagas-de-emprego","og_site_name":"Litoral SP","article_published_time":"2022-06-23T13:25:05+00:00","og_image":[{"width":825,"height":305,"url":"https:\/\/redenoticiaz.com.br\/litoralsp\/wp-content\/uploads\/sites\/3\/2022\/06\/pat-1-825x305-1.jpeg","type":"image\/jpeg"}],"author":"Leonardo Francisco","twitter_card":"summary_large_image","twitter_misc":{"Escrito por":"Leonardo Francisco","Est. tempo de leitura":"2 minutos"},"schema":{"@context":"https:\/\/schema.org","@graph":[{"@type":"Article","@id":"https:\/\/redenoticiaz.com.br\/litoralsp\/2022\/06\/23\/pat-de-caraguatatuba-conta-com-133-vagas-de-emprego#article","isPartOf":{"@id":"https:\/\/redenoticiaz.com.br\/litoralsp\/2022\/06\/23\/pat-de-caraguatatuba-conta-com-133-vagas-de-emprego"},"author":{"name":"Leonardo Francisco","@id":"https:\/\/redenoticiaz.com.br\/litoralsp\/#\/schema\/person\/0f0b8a5bdafefe82841e07ae8d81ecb3"},"headline":"PAT de Caraguatatuba conta com 133 vagas de emprego","datePublished":"2022-06-23T13:25:05+00:00","mainEntityOfPage":{"@id":"https:\/\/redenoticiaz.com.br\/litoralsp\/2022\/06\/23\/pat-de-caraguatatuba-conta-com-133-vagas-de-emprego"},"wordCount":298,"commentCount":0,"publisher":{"@id":"https:\/\/redenoticiaz.com.br\/litoralsp\/#organization"},"image":{"@id":"https:\/\/redenoticiaz.com.br\/litoralsp\/2022\/06\/23\/pat-de-caraguatatuba-conta-com-133-vagas-de-emprego#primaryimage"},"thumbnailUrl":"https:\/\/redenoticiaz.com.br\/litoralsp\/wp-content\/uploads\/sites\/3\/2022\/06\/pat-1-825x305-1.jpeg","keywords":["CARAGUATATUBA","PAT DE CARAGUATATUBA","POSTO DE ATENDIMENTO AO TRABALHADOR","VAHAS DE EMPREGO"],"articleSection":["Caraguatatuba"],"inLanguage":"pt-BR","potentialAction":[{"@type":"CommentAction","name":"Comment","target":["https:\/\/redenoticiaz.com.br\/litoralsp\/2022\/06\/23\/pat-de-caraguatatuba-conta-com-133-vagas-de-emprego#respond"]}]},{"@type":"WebPage","@id":"https:\/\/redenoticiaz.com.br\/litoralsp\/2022\/06\/23\/pat-de-caraguatatuba-conta-com-133-vagas-de-emprego","url":"https:\/\/redenoticiaz.com.br\/litoralsp\/2022\/06\/23\/pat-de-caraguatatuba-conta-com-133-vagas-de-emprego","name":"PAT de Caraguatatuba conta com 133 vagas de emprego - Litoral SP","isPartOf":{"@id":"https:\/\/redenoticiaz.com.br\/litoralsp\/#website"},"primaryImageOfPage":{"@id":"https:\/\/redenoticiaz.com.br\/litoralsp\/2022\/06\/23\/pat-de-caraguatatuba-conta-com-133-vagas-de-emprego#primaryimage"},"image":{"@id":"https:\/\/redenoticiaz.com.br\/litoralsp\/2022\/06\/23\/pat-de-caraguatatuba-conta-com-133-vagas-de-emprego#primaryimage"},"thumbnailUrl":"https:\/\/redenoticiaz.com.br\/litoralsp\/wp-content\/uploads\/sites\/3\/2022\/06\/pat-1-825x305-1.jpeg","datePublished":"2022-06-23T13:25:05+00:00","description":"de Caraguatatuba que est\u00e1 precisando de uma oportunidade no mercado de trabalho, pode contar com o Posto de Atendimento ao Trabalhador (PAT)","inLanguage":"pt-BR","potentialAction":[{"@type":"ReadAction","target":["https:\/\/redenoticiaz.com.br\/litoralsp\/2022\/06\/23\/pat-de-caraguatatuba-conta-com-133-vagas-de-emprego"]}]},{"@type":"ImageObject","inLanguage":"pt-BR","@id":"https:\/\/redenoticiaz.com.br\/litoralsp\/2022\/06\/23\/pat-de-caraguatatuba-conta-com-133-vagas-de-emprego#primaryimage","url":"https:\/\/redenoticiaz.com.br\/litoralsp\/wp-content\/uploads\/sites\/3\/2022\/06\/pat-1-825x305-1.jpeg","contentUrl":"https:\/\/redenoticiaz.com.br\/litoralsp\/wp-content\/uploads\/sites\/3\/2022\/06\/pat-1-825x305-1.jpeg","width":825,"height":305,"caption":"Cr\u00e9ditos: Divulga\u00e7\u00e3o\/Prefeitura de Caraguatatuba"},{"@type":"WebSite","@id":"https:\/\/redenoticiaz.com.br\/litoralsp\/#website","url":"https:\/\/redenoticiaz.com.br\/litoralsp\/","name":"Litoral SP","description":"Rede NoticiaZ","publisher":{"@id":"https:\/\/redenoticiaz.com.br\/litoralsp\/#organization"},"potentialAction":[{"@type":"SearchAction","target":{"@type":"EntryPoint","urlTemplate":"https:\/\/redenoticiaz.com.br\/litoralsp\/?s={search_term_string}"},"query-input":{"@type":"PropertyValueSpecification","valueRequired":true,"valueName":"search_term_string"}}],"inLanguage":"pt-BR"},{"@type":"Organization","@id":"https:\/\/redenoticiaz.com.br\/litoralsp\/#organization","name":"Litoral SP","url":"https:\/\/redenoticiaz.com.br\/litoralsp\/","logo":{"@type":"ImageObject","inLanguage":"pt-BR","@id":"https:\/\/redenoticiaz.com.br\/litoralsp\/#\/schema\/logo\/image\/","url":"https:\/\/redenoticiaz.com.br\/litoralsp\/wp-content\/uploads\/sites\/3\/2020\/11\/logo.jpg","contentUrl":"https:\/\/redenoticiaz.com.br\/litoralsp\/wp-content\/uploads\/sites\/3\/2020\/11\/logo.jpg","width":400,"height":250,"caption":"Litoral SP"},"image":{"@id":"https:\/\/redenoticiaz.com.br\/litoralsp\/#\/schema\/logo\/image\/"}},{"@type":"Person","@id":"https:\/\/redenoticiaz.com.br\/litoralsp\/#\/schema\/person\/0f0b8a5bdafefe82841e07ae8d81ecb3","name":"Leonardo Francisco","image":{"@type":"ImageObject","inLanguage":"pt-BR","@id":"https:\/\/secure.gravatar.com\/avatar\/a7358cb406a99b682ec6df1e77e31ae82e63601f6784e8a3df411d72b37864da?s=96&d=mm&r=g","url":"https:\/\/secure.gravatar.com\/avatar\/a7358cb406a99b682ec6df1e77e31ae82e63601f6784e8a3df411d72b37864da?s=96&d=mm&r=g","contentUrl":"https:\/\/secure.gravatar.com\/avatar\/a7358cb406a99b682ec6df1e77e31ae82e63601f6784e8a3df411d72b37864da?s=96&d=mm&r=g","caption":"Leonardo Francisco"},"url":"https:\/\/redenoticiaz.com.br\/litoralsp\/author\/leonardo-francisco"}]}},"_links":{"self":[{"href":"https:\/\/redenoticiaz.com.br\/litoralsp\/wp-json\/wp\/v2\/posts\/86740","targetHints":{"allow":["GET"]}}],"collection":[{"href":"https:\/\/redenoticiaz.com.br\/litoralsp\/wp-json\/wp\/v2\/posts"}],"about":[{"href":"https:\/\/redenoticiaz.com.br\/litoralsp\/wp-json\/wp\/v2\/types\/post"}],"author":[{"embeddable":true,"href":"https:\/\/redenoticiaz.com.br\/litoralsp\/wp-json\/wp\/v2\/users\/6"}],"replies":[{"embeddable":true,"href":"https:\/\/redenoticiaz.com.br\/litoralsp\/wp-json\/wp\/v2\/comments?post=86740"}],"version-history":[{"count":1,"href":"https:\/\/redenoticiaz.com.br\/litoralsp\/wp-json\/wp\/v2\/posts\/86740\/revisions"}],"predecessor-version":[{"id":86742,"href":"https:\/\/redenoticiaz.com.br\/litoralsp\/wp-json\/wp\/v2\/posts\/86740\/revisions\/86742"}],"wp:featuredmedia":[{"embeddable":true,"href":"https:\/\/redenoticiaz.com.br\/litoralsp\/wp-json\/wp\/v2\/media\/86741"}],"wp:attachment":[{"href":"https:\/\/redenoticiaz.com.br\/litoralsp\/wp-json\/wp\/v2\/media?parent=86740"}],"wp:term":[{"taxonomy":"category","embeddable":true,"href":"https:\/\/redenoticiaz.com.br\/litoralsp\/wp-json\/wp\/v2\/categories?post=86740"},{"taxonomy":"post_tag","embeddable":true,"href":"https:\/\/redenoticiaz.com.br\/litoralsp\/wp-json\/wp\/v2\/tags?post=86740"}],"curies":[{"name":"wp","href":"https:\/\/api.w.org\/{rel}","templated":true}]}}