{"id":86743,"date":"2022-06-23T10:46:20","date_gmt":"2022-06-23T13:46:20","guid":{"rendered":"https:\/\/redenoticiaz.com.br\/litoralsp\/?p=86743"},"modified":"2022-06-23T10:46:20","modified_gmt":"2022-06-23T13:46:20","slug":"governador-rodrigo-garcia-vem-a-baixada-e-anuncia-mais-de-r-87-milhoes-para-obras","status":"publish","type":"post","link":"https:\/\/redenoticiaz.com.br\/litoralsp\/2022\/06\/23\/governador-rodrigo-garcia-vem-a-baixada-e-anuncia-mais-de-r-87-milhoes-para-obras","title":{"rendered":"Governador Rodrigo Garcia vem \u00e0 Baixada e anuncia mais de R$ 87 milh\u00f5es para obras"},"content":{"rendered":"<p>Mais uma vez a Baixada Santista recebeu a visita do governador de <a href=\"https:\/\/www.saopaulo.sp.gov.br\/\">S\u00e3o Paulo<\/a>, Rodrigo Garcia (PSDB). Ele anunciou investimentos de <strong>R$ 87,2 milh\u00f5es<\/strong> para a realiza\u00e7\u00e3o de obras de infraestrutura, unidades de sa\u00fade e revitaliza\u00e7\u00e3o de orlas. O pol\u00edtico visitou as cidades de Peru\u00edbe e S\u00e3o Vicente, onde foram contempladas com investimentos.<\/p>\n<div class=\"mc-column content-text active-extra-styles \" data-block-type=\"unstyled\" data-block-weight=\"45\" data-block-id=\"3\">\n<p class=\"content-text__container \" data-track-category=\"Link no Texto\" data-track-links=\"\">Em\u00a0S\u00e3o Vicente, o governador anunciou investimentos para a constru\u00e7\u00e3o do novo pronto-socorro, para infraestrutura, revitaliza\u00e7\u00e3o da orla do Gonzaguinha, obras do projeto Praia da Bandeira e reformas de 200 moradias do Programa Viver Melhor. Para isso, foram destinados um total de\u00a0R$ 40 milh\u00f5es.<\/p>\n<\/div>\n<div class=\"mc-column content-text active-extra-styles \" data-block-type=\"unstyled\" data-block-weight=\"39\" data-block-id=\"4\">\n<p class=\"content-text__container \" data-track-category=\"Link no Texto\" data-track-links=\"\">Destes, R$ 15 milh\u00f5es foram para o novo pronto-socorro, enquanto R$ 21,6 milh\u00f5es ser\u00e3o empregados na infraestrutura e na revitaliza\u00e7\u00e3o da orla do Gonzaguinha. Para a reforma das 200 moradias do Programa Viver Melhor foram destinados R$ 3,4 milh\u00f5es.<\/p>\n<h3 data-track-category=\"Link no Texto\">Peru\u00edbe<\/h3>\n<p>J\u00e1 na cidade, o governador Rodrigo Garcia anunciou o in\u00edcio da constru\u00e7\u00e3o do Hospital Municipal e autorizou obras para a urbaniza\u00e7\u00e3o da orla no bairro Ru\u00ednas, al\u00e9m de investimentos na infraestrutura da cidade.<\/p>\n<div class=\"mc-column content-text active-extra-styles \" data-block-type=\"unstyled\" data-block-weight=\"62\" data-block-id=\"8\">\n<p class=\"content-text__container \" data-track-category=\"Link no Texto\" data-track-links=\"\">Ao todo, foram disponibilizados\u00a0R$ 22 milh\u00f5es\u00a0em recursos para a constru\u00e7\u00e3o do Hospital Municipal de\u00a0Peru\u00edbe. O projeto oficial da unidade de sa\u00fade prev\u00ea a constru\u00e7\u00e3o no bairro Parque D&#8217;Aville e contar\u00e1 com 58 leitos, sendo 47 para interna\u00e7\u00e3o e 11 de Unidade de Tratamento Intensivo (UTI). O local oferecer\u00e1 maternidade, centros cir\u00fargico e obst\u00e9trico e centro de parto normal.<\/p>\n<\/div>\n<div class=\"mc-column content-text active-extra-styles \" data-block-type=\"unstyled\" data-block-weight=\"44\" data-block-id=\"9\">\n<p class=\"content-text__container \" data-track-category=\"Link no Texto\" data-track-links=\"\">Outros\u00a0R$ 25,2 milh\u00f5es\u00a0foram destinados para obras de infraestrutura e melhoria urbana em\u00a0Peru\u00edbe. Para a urbaniza\u00e7\u00e3o na orla do bairro Ru\u00ednas foram destinados R$ 6,2 milh\u00f5es. Est\u00e3o previstas ainda a implanta\u00e7\u00e3o de rede de drenagem, ciclovias e jardins, entre outras coisas.<\/p>\n<p data-track-category=\"Link no Texto\" data-track-links=\"\">Tamb\u00e9m foram destinados R$ 19 milh\u00f5es para obras de infraestrutura, em que est\u00e3o programadas pavimenta\u00e7\u00e3o, instala\u00e7\u00e3o de placas de tr\u00e2nsito e sinaliza\u00e7\u00e3o vi\u00e1ria, entre outras coisas.<\/p>\n<p data-track-category=\"Link no Texto\" data-track-links=\"\"><strong>LEIA TAMB\u00c9M<\/strong><\/p>\n<p data-track-category=\"Link no Texto\" data-track-links=\"\"><a href=\"https:\/\/redenoticiaz.com.br\/litoralsp\/2022\/06\/22\/projeto-piloto-leva-a-vacinacao-contra-o-hpv-para-escolas-de-santos\">Projeto-piloto leva a vacina\u00e7\u00e3o contra o HPV para escolas de Santos<\/a><\/p>\n<\/div>\n<\/div>\n","protected":false},"excerpt":{"rendered":"<p>Mais uma vez a Baixada Santista recebeu a visita do governador de S\u00e3o Paulo, Rodrigo Garcia (PSDB). Ele anunciou investimentos de R$ 87,2 milh\u00f5es para a realiza\u00e7\u00e3o de obras de infraestrutura, unidades de sa\u00fade e revitaliza\u00e7\u00e3o de orlas. O pol\u00edtico visitou as cidades de Peru\u00edbe e S\u00e3o Vicente, onde foram contempladas com investimentos. Em\u00a0S\u00e3o Vicente, &hellip;<\/p>\n","protected":false},"author":6,"featured_media":86744,"comment_status":"open","ping_status":"closed","sticky":false,"template":"","format":"standard","meta":{"footnotes":""},"categories":[185,10,181],"tags":[1148,25752,1152,1060,5749,33],"class_list":["post-86743","post","type-post","status-publish","format-standard","has-post-thumbnail","hentry","category-peruibe","category-policia","category-sao-vicente","tag-baixada-santista","tag-governador-de-sao-paulo","tag-governo-de-sao-paulo","tag-peruibe","tag-rodrigo-garcia","tag-sao-vicente"],"yoast_head":"<!-- This site is optimized with the Yoast SEO plugin v27.5 - https:\/\/yoast.com\/product\/yoast-seo-wordpress\/ -->\n<title>Governador Rodrigo Garcia vem \u00e0 Baixada e anuncia mais de R$ 87 milh\u00f5es para obras - Litoral SP<\/title>\n<meta name=\"description\" content=\"Baixada Santista recebeu a visita do governador de S\u00e3o Paulo, Rodrigo Garcia (PSDB). Ele anunciou investimentos de R$ 87,2 milh\u00f5es para\" \/>\n<meta name=\"robots\" content=\"index, follow, max-snippet:-1, max-image-preview:large, max-video-preview:-1\" \/>\n<link rel=\"canonical\" href=\"https:\/\/redenoticiaz.com.br\/litoralsp\/2022\/06\/23\/governador-rodrigo-garcia-vem-a-baixada-e-anuncia-mais-de-r-87-milhoes-para-obras\" \/>\n<meta property=\"og:locale\" content=\"pt_BR\" \/>\n<meta property=\"og:type\" content=\"article\" \/>\n<meta property=\"og:title\" content=\"Governador Rodrigo Garcia vem \u00e0 Baixada e anuncia mais de R$ 87 milh\u00f5es para obras - Litoral SP\" \/>\n<meta property=\"og:description\" content=\"Baixada Santista recebeu a visita do governador de S\u00e3o Paulo, Rodrigo Garcia (PSDB). Ele anunciou investimentos de R$ 87,2 milh\u00f5es para\" \/>\n<meta property=\"og:url\" content=\"https:\/\/redenoticiaz.com.br\/litoralsp\/2022\/06\/23\/governador-rodrigo-garcia-vem-a-baixada-e-anuncia-mais-de-r-87-milhoes-para-obras\" \/>\n<meta property=\"og:site_name\" content=\"Litoral SP\" \/>\n<meta property=\"article:published_time\" content=\"2022-06-23T13:46:20+00:00\" \/>\n<meta property=\"og:image\" content=\"https:\/\/redenoticiaz.com.br\/litoralsp\/wp-content\/uploads\/sites\/3\/2022\/06\/52166414904_392277e4f4_c.jpg\" \/>\n\t<meta property=\"og:image:width\" content=\"800\" \/>\n\t<meta property=\"og:image:height\" content=\"534\" \/>\n\t<meta property=\"og:image:type\" content=\"image\/jpeg\" \/>\n<meta name=\"author\" content=\"Leonardo Francisco\" \/>\n<meta name=\"twitter:card\" content=\"summary_large_image\" \/>\n<meta name=\"twitter:label1\" content=\"Escrito por\" \/>\n\t<meta name=\"twitter:data1\" content=\"Leonardo Francisco\" \/>\n\t<meta name=\"twitter:label2\" content=\"Est. tempo de leitura\" \/>\n\t<meta name=\"twitter:data2\" content=\"2 minutos\" \/>\n<script type=\"application\/ld+json\" class=\"yoast-schema-graph\">{\"@context\":\"https:\\\/\\\/schema.org\",\"@graph\":[{\"@type\":\"Article\",\"@id\":\"https:\\\/\\\/redenoticiaz.com.br\\\/litoralsp\\\/2022\\\/06\\\/23\\\/governador-rodrigo-garcia-vem-a-baixada-e-anuncia-mais-de-r-87-milhoes-para-obras#article\",\"isPartOf\":{\"@id\":\"https:\\\/\\\/redenoticiaz.com.br\\\/litoralsp\\\/2022\\\/06\\\/23\\\/governador-rodrigo-garcia-vem-a-baixada-e-anuncia-mais-de-r-87-milhoes-para-obras\"},\"author\":{\"name\":\"Leonardo Francisco\",\"@id\":\"https:\\\/\\\/redenoticiaz.com.br\\\/litoralsp\\\/#\\\/schema\\\/person\\\/0f0b8a5bdafefe82841e07ae8d81ecb3\"},\"headline\":\"Governador Rodrigo Garcia vem \u00e0 Baixada e anuncia mais de R$ 87 milh\u00f5es para obras\",\"datePublished\":\"2022-06-23T13:46:20+00:00\",\"mainEntityOfPage\":{\"@id\":\"https:\\\/\\\/redenoticiaz.com.br\\\/litoralsp\\\/2022\\\/06\\\/23\\\/governador-rodrigo-garcia-vem-a-baixada-e-anuncia-mais-de-r-87-milhoes-para-obras\"},\"wordCount\":363,\"commentCount\":0,\"publisher\":{\"@id\":\"https:\\\/\\\/redenoticiaz.com.br\\\/litoralsp\\\/#organization\"},\"image\":{\"@id\":\"https:\\\/\\\/redenoticiaz.com.br\\\/litoralsp\\\/2022\\\/06\\\/23\\\/governador-rodrigo-garcia-vem-a-baixada-e-anuncia-mais-de-r-87-milhoes-para-obras#primaryimage\"},\"thumbnailUrl\":\"https:\\\/\\\/redenoticiaz.com.br\\\/litoralsp\\\/wp-content\\\/uploads\\\/sites\\\/3\\\/2022\\\/06\\\/52166414904_392277e4f4_c.jpg\",\"keywords\":[\"BAIXADA SANTISTA\",\"GOVERNADOR DE S\u00c3O PAULO\",\"Governo de S\u00e3o Paulo\",\"PERU\u00cdBE\",\"RODRIGO GARCIA\",\"S\u00e3o Vicente\"],\"articleSection\":[\"Peru\u00edbe\",\"Pol\u00edcia\",\"S\u00e3o Vicente\"],\"inLanguage\":\"pt-BR\",\"potentialAction\":[{\"@type\":\"CommentAction\",\"name\":\"Comment\",\"target\":[\"https:\\\/\\\/redenoticiaz.com.br\\\/litoralsp\\\/2022\\\/06\\\/23\\\/governador-rodrigo-garcia-vem-a-baixada-e-anuncia-mais-de-r-87-milhoes-para-obras#respond\"]}]},{\"@type\":\"WebPage\",\"@id\":\"https:\\\/\\\/redenoticiaz.com.br\\\/litoralsp\\\/2022\\\/06\\\/23\\\/governador-rodrigo-garcia-vem-a-baixada-e-anuncia-mais-de-r-87-milhoes-para-obras\",\"url\":\"https:\\\/\\\/redenoticiaz.com.br\\\/litoralsp\\\/2022\\\/06\\\/23\\\/governador-rodrigo-garcia-vem-a-baixada-e-anuncia-mais-de-r-87-milhoes-para-obras\",\"name\":\"Governador Rodrigo Garcia vem \u00e0 Baixada e anuncia mais de R$ 87 milh\u00f5es para obras - Litoral SP\",\"isPartOf\":{\"@id\":\"https:\\\/\\\/redenoticiaz.com.br\\\/litoralsp\\\/#website\"},\"primaryImageOfPage\":{\"@id\":\"https:\\\/\\\/redenoticiaz.com.br\\\/litoralsp\\\/2022\\\/06\\\/23\\\/governador-rodrigo-garcia-vem-a-baixada-e-anuncia-mais-de-r-87-milhoes-para-obras#primaryimage\"},\"image\":{\"@id\":\"https:\\\/\\\/redenoticiaz.com.br\\\/litoralsp\\\/2022\\\/06\\\/23\\\/governador-rodrigo-garcia-vem-a-baixada-e-anuncia-mais-de-r-87-milhoes-para-obras#primaryimage\"},\"thumbnailUrl\":\"https:\\\/\\\/redenoticiaz.com.br\\\/litoralsp\\\/wp-content\\\/uploads\\\/sites\\\/3\\\/2022\\\/06\\\/52166414904_392277e4f4_c.jpg\",\"datePublished\":\"2022-06-23T13:46:20+00:00\",\"description\":\"Baixada Santista recebeu a visita do governador de S\u00e3o Paulo, Rodrigo Garcia (PSDB). Ele anunciou investimentos de R$ 87,2 milh\u00f5es para\",\"inLanguage\":\"pt-BR\",\"potentialAction\":[{\"@type\":\"ReadAction\",\"target\":[\"https:\\\/\\\/redenoticiaz.com.br\\\/litoralsp\\\/2022\\\/06\\\/23\\\/governador-rodrigo-garcia-vem-a-baixada-e-anuncia-mais-de-r-87-milhoes-para-obras\"]}]},{\"@type\":\"ImageObject\",\"inLanguage\":\"pt-BR\",\"@id\":\"https:\\\/\\\/redenoticiaz.com.br\\\/litoralsp\\\/2022\\\/06\\\/23\\\/governador-rodrigo-garcia-vem-a-baixada-e-anuncia-mais-de-r-87-milhoes-para-obras#primaryimage\",\"url\":\"https:\\\/\\\/redenoticiaz.com.br\\\/litoralsp\\\/wp-content\\\/uploads\\\/sites\\\/3\\\/2022\\\/06\\\/52166414904_392277e4f4_c.jpg\",\"contentUrl\":\"https:\\\/\\\/redenoticiaz.com.br\\\/litoralsp\\\/wp-content\\\/uploads\\\/sites\\\/3\\\/2022\\\/06\\\/52166414904_392277e4f4_c.jpg\",\"width\":800,\"height\":534,\"caption\":\"Cr\u00e9ditos: Divulga\u00e7\u00e3o\\\/Governo de S\u00e3o Paulo\"},{\"@type\":\"WebSite\",\"@id\":\"https:\\\/\\\/redenoticiaz.com.br\\\/litoralsp\\\/#website\",\"url\":\"https:\\\/\\\/redenoticiaz.com.br\\\/litoralsp\\\/\",\"name\":\"Litoral SP\",\"description\":\"Rede NoticiaZ\",\"publisher\":{\"@id\":\"https:\\\/\\\/redenoticiaz.com.br\\\/litoralsp\\\/#organization\"},\"potentialAction\":[{\"@type\":\"SearchAction\",\"target\":{\"@type\":\"EntryPoint\",\"urlTemplate\":\"https:\\\/\\\/redenoticiaz.com.br\\\/litoralsp\\\/?s={search_term_string}\"},\"query-input\":{\"@type\":\"PropertyValueSpecification\",\"valueRequired\":true,\"valueName\":\"search_term_string\"}}],\"inLanguage\":\"pt-BR\"},{\"@type\":\"Organization\",\"@id\":\"https:\\\/\\\/redenoticiaz.com.br\\\/litoralsp\\\/#organization\",\"name\":\"Litoral SP\",\"url\":\"https:\\\/\\\/redenoticiaz.com.br\\\/litoralsp\\\/\",\"logo\":{\"@type\":\"ImageObject\",\"inLanguage\":\"pt-BR\",\"@id\":\"https:\\\/\\\/redenoticiaz.com.br\\\/litoralsp\\\/#\\\/schema\\\/logo\\\/image\\\/\",\"url\":\"https:\\\/\\\/redenoticiaz.com.br\\\/litoralsp\\\/wp-content\\\/uploads\\\/sites\\\/3\\\/2020\\\/11\\\/logo.jpg\",\"contentUrl\":\"https:\\\/\\\/redenoticiaz.com.br\\\/litoralsp\\\/wp-content\\\/uploads\\\/sites\\\/3\\\/2020\\\/11\\\/logo.jpg\",\"width\":400,\"height\":250,\"caption\":\"Litoral SP\"},\"image\":{\"@id\":\"https:\\\/\\\/redenoticiaz.com.br\\\/litoralsp\\\/#\\\/schema\\\/logo\\\/image\\\/\"}},{\"@type\":\"Person\",\"@id\":\"https:\\\/\\\/redenoticiaz.com.br\\\/litoralsp\\\/#\\\/schema\\\/person\\\/0f0b8a5bdafefe82841e07ae8d81ecb3\",\"name\":\"Leonardo Francisco\",\"image\":{\"@type\":\"ImageObject\",\"inLanguage\":\"pt-BR\",\"@id\":\"https:\\\/\\\/secure.gravatar.com\\\/avatar\\\/a7358cb406a99b682ec6df1e77e31ae82e63601f6784e8a3df411d72b37864da?s=96&d=mm&r=g\",\"url\":\"https:\\\/\\\/secure.gravatar.com\\\/avatar\\\/a7358cb406a99b682ec6df1e77e31ae82e63601f6784e8a3df411d72b37864da?s=96&d=mm&r=g\",\"contentUrl\":\"https:\\\/\\\/secure.gravatar.com\\\/avatar\\\/a7358cb406a99b682ec6df1e77e31ae82e63601f6784e8a3df411d72b37864da?s=96&d=mm&r=g\",\"caption\":\"Leonardo Francisco\"},\"url\":\"https:\\\/\\\/redenoticiaz.com.br\\\/litoralsp\\\/author\\\/leonardo-francisco\"}]}<\/script>\n<!-- \/ Yoast SEO plugin. -->","yoast_head_json":{"title":"Governador Rodrigo Garcia vem \u00e0 Baixada e anuncia mais de R$ 87 milh\u00f5es para obras - Litoral SP","description":"Baixada Santista recebeu a visita do governador de S\u00e3o Paulo, Rodrigo Garcia (PSDB). Ele anunciou investimentos de R$ 87,2 milh\u00f5es para","robots":{"index":"index","follow":"follow","max-snippet":"max-snippet:-1","max-image-preview":"max-image-preview:large","max-video-preview":"max-video-preview:-1"},"canonical":"https:\/\/redenoticiaz.com.br\/litoralsp\/2022\/06\/23\/governador-rodrigo-garcia-vem-a-baixada-e-anuncia-mais-de-r-87-milhoes-para-obras","og_locale":"pt_BR","og_type":"article","og_title":"Governador Rodrigo Garcia vem \u00e0 Baixada e anuncia mais de R$ 87 milh\u00f5es para obras - Litoral SP","og_description":"Baixada Santista recebeu a visita do governador de S\u00e3o Paulo, Rodrigo Garcia (PSDB). Ele anunciou investimentos de R$ 87,2 milh\u00f5es para","og_url":"https:\/\/redenoticiaz.com.br\/litoralsp\/2022\/06\/23\/governador-rodrigo-garcia-vem-a-baixada-e-anuncia-mais-de-r-87-milhoes-para-obras","og_site_name":"Litoral SP","article_published_time":"2022-06-23T13:46:20+00:00","og_image":[{"width":800,"height":534,"url":"https:\/\/redenoticiaz.com.br\/litoralsp\/wp-content\/uploads\/sites\/3\/2022\/06\/52166414904_392277e4f4_c.jpg","type":"image\/jpeg"}],"author":"Leonardo Francisco","twitter_card":"summary_large_image","twitter_misc":{"Escrito por":"Leonardo Francisco","Est. tempo de leitura":"2 minutos"},"schema":{"@context":"https:\/\/schema.org","@graph":[{"@type":"Article","@id":"https:\/\/redenoticiaz.com.br\/litoralsp\/2022\/06\/23\/governador-rodrigo-garcia-vem-a-baixada-e-anuncia-mais-de-r-87-milhoes-para-obras#article","isPartOf":{"@id":"https:\/\/redenoticiaz.com.br\/litoralsp\/2022\/06\/23\/governador-rodrigo-garcia-vem-a-baixada-e-anuncia-mais-de-r-87-milhoes-para-obras"},"author":{"name":"Leonardo Francisco","@id":"https:\/\/redenoticiaz.com.br\/litoralsp\/#\/schema\/person\/0f0b8a5bdafefe82841e07ae8d81ecb3"},"headline":"Governador Rodrigo Garcia vem \u00e0 Baixada e anuncia mais de R$ 87 milh\u00f5es para obras","datePublished":"2022-06-23T13:46:20+00:00","mainEntityOfPage":{"@id":"https:\/\/redenoticiaz.com.br\/litoralsp\/2022\/06\/23\/governador-rodrigo-garcia-vem-a-baixada-e-anuncia-mais-de-r-87-milhoes-para-obras"},"wordCount":363,"commentCount":0,"publisher":{"@id":"https:\/\/redenoticiaz.com.br\/litoralsp\/#organization"},"image":{"@id":"https:\/\/redenoticiaz.com.br\/litoralsp\/2022\/06\/23\/governador-rodrigo-garcia-vem-a-baixada-e-anuncia-mais-de-r-87-milhoes-para-obras#primaryimage"},"thumbnailUrl":"https:\/\/redenoticiaz.com.br\/litoralsp\/wp-content\/uploads\/sites\/3\/2022\/06\/52166414904_392277e4f4_c.jpg","keywords":["BAIXADA SANTISTA","GOVERNADOR DE S\u00c3O PAULO","Governo de S\u00e3o Paulo","PERU\u00cdBE","RODRIGO GARCIA","S\u00e3o Vicente"],"articleSection":["Peru\u00edbe","Pol\u00edcia","S\u00e3o Vicente"],"inLanguage":"pt-BR","potentialAction":[{"@type":"CommentAction","name":"Comment","target":["https:\/\/redenoticiaz.com.br\/litoralsp\/2022\/06\/23\/governador-rodrigo-garcia-vem-a-baixada-e-anuncia-mais-de-r-87-milhoes-para-obras#respond"]}]},{"@type":"WebPage","@id":"https:\/\/redenoticiaz.com.br\/litoralsp\/2022\/06\/23\/governador-rodrigo-garcia-vem-a-baixada-e-anuncia-mais-de-r-87-milhoes-para-obras","url":"https:\/\/redenoticiaz.com.br\/litoralsp\/2022\/06\/23\/governador-rodrigo-garcia-vem-a-baixada-e-anuncia-mais-de-r-87-milhoes-para-obras","name":"Governador Rodrigo Garcia vem \u00e0 Baixada e anuncia mais de R$ 87 milh\u00f5es para obras - Litoral SP","isPartOf":{"@id":"https:\/\/redenoticiaz.com.br\/litoralsp\/#website"},"primaryImageOfPage":{"@id":"https:\/\/redenoticiaz.com.br\/litoralsp\/2022\/06\/23\/governador-rodrigo-garcia-vem-a-baixada-e-anuncia-mais-de-r-87-milhoes-para-obras#primaryimage"},"image":{"@id":"https:\/\/redenoticiaz.com.br\/litoralsp\/2022\/06\/23\/governador-rodrigo-garcia-vem-a-baixada-e-anuncia-mais-de-r-87-milhoes-para-obras#primaryimage"},"thumbnailUrl":"https:\/\/redenoticiaz.com.br\/litoralsp\/wp-content\/uploads\/sites\/3\/2022\/06\/52166414904_392277e4f4_c.jpg","datePublished":"2022-06-23T13:46:20+00:00","description":"Baixada Santista recebeu a visita do governador de S\u00e3o Paulo, Rodrigo Garcia (PSDB). Ele anunciou investimentos de R$ 87,2 milh\u00f5es para","inLanguage":"pt-BR","potentialAction":[{"@type":"ReadAction","target":["https:\/\/redenoticiaz.com.br\/litoralsp\/2022\/06\/23\/governador-rodrigo-garcia-vem-a-baixada-e-anuncia-mais-de-r-87-milhoes-para-obras"]}]},{"@type":"ImageObject","inLanguage":"pt-BR","@id":"https:\/\/redenoticiaz.com.br\/litoralsp\/2022\/06\/23\/governador-rodrigo-garcia-vem-a-baixada-e-anuncia-mais-de-r-87-milhoes-para-obras#primaryimage","url":"https:\/\/redenoticiaz.com.br\/litoralsp\/wp-content\/uploads\/sites\/3\/2022\/06\/52166414904_392277e4f4_c.jpg","contentUrl":"https:\/\/redenoticiaz.com.br\/litoralsp\/wp-content\/uploads\/sites\/3\/2022\/06\/52166414904_392277e4f4_c.jpg","width":800,"height":534,"caption":"Cr\u00e9ditos: Divulga\u00e7\u00e3o\/Governo de S\u00e3o Paulo"},{"@type":"WebSite","@id":"https:\/\/redenoticiaz.com.br\/litoralsp\/#website","url":"https:\/\/redenoticiaz.com.br\/litoralsp\/","name":"Litoral SP","description":"Rede NoticiaZ","publisher":{"@id":"https:\/\/redenoticiaz.com.br\/litoralsp\/#organization"},"potentialAction":[{"@type":"SearchAction","target":{"@type":"EntryPoint","urlTemplate":"https:\/\/redenoticiaz.com.br\/litoralsp\/?s={search_term_string}"},"query-input":{"@type":"PropertyValueSpecification","valueRequired":true,"valueName":"search_term_string"}}],"inLanguage":"pt-BR"},{"@type":"Organization","@id":"https:\/\/redenoticiaz.com.br\/litoralsp\/#organization","name":"Litoral SP","url":"https:\/\/redenoticiaz.com.br\/litoralsp\/","logo":{"@type":"ImageObject","inLanguage":"pt-BR","@id":"https:\/\/redenoticiaz.com.br\/litoralsp\/#\/schema\/logo\/image\/","url":"https:\/\/redenoticiaz.com.br\/litoralsp\/wp-content\/uploads\/sites\/3\/2020\/11\/logo.jpg","contentUrl":"https:\/\/redenoticiaz.com.br\/litoralsp\/wp-content\/uploads\/sites\/3\/2020\/11\/logo.jpg","width":400,"height":250,"caption":"Litoral SP"},"image":{"@id":"https:\/\/redenoticiaz.com.br\/litoralsp\/#\/schema\/logo\/image\/"}},{"@type":"Person","@id":"https:\/\/redenoticiaz.com.br\/litoralsp\/#\/schema\/person\/0f0b8a5bdafefe82841e07ae8d81ecb3","name":"Leonardo Francisco","image":{"@type":"ImageObject","inLanguage":"pt-BR","@id":"https:\/\/secure.gravatar.com\/avatar\/a7358cb406a99b682ec6df1e77e31ae82e63601f6784e8a3df411d72b37864da?s=96&d=mm&r=g","url":"https:\/\/secure.gravatar.com\/avatar\/a7358cb406a99b682ec6df1e77e31ae82e63601f6784e8a3df411d72b37864da?s=96&d=mm&r=g","contentUrl":"https:\/\/secure.gravatar.com\/avatar\/a7358cb406a99b682ec6df1e77e31ae82e63601f6784e8a3df411d72b37864da?s=96&d=mm&r=g","caption":"Leonardo Francisco"},"url":"https:\/\/redenoticiaz.com.br\/litoralsp\/author\/leonardo-francisco"}]}},"_links":{"self":[{"href":"https:\/\/redenoticiaz.com.br\/litoralsp\/wp-json\/wp\/v2\/posts\/86743","targetHints":{"allow":["GET"]}}],"collection":[{"href":"https:\/\/redenoticiaz.com.br\/litoralsp\/wp-json\/wp\/v2\/posts"}],"about":[{"href":"https:\/\/redenoticiaz.com.br\/litoralsp\/wp-json\/wp\/v2\/types\/post"}],"author":[{"embeddable":true,"href":"https:\/\/redenoticiaz.com.br\/litoralsp\/wp-json\/wp\/v2\/users\/6"}],"replies":[{"embeddable":true,"href":"https:\/\/redenoticiaz.com.br\/litoralsp\/wp-json\/wp\/v2\/comments?post=86743"}],"version-history":[{"count":1,"href":"https:\/\/redenoticiaz.com.br\/litoralsp\/wp-json\/wp\/v2\/posts\/86743\/revisions"}],"predecessor-version":[{"id":86745,"href":"https:\/\/redenoticiaz.com.br\/litoralsp\/wp-json\/wp\/v2\/posts\/86743\/revisions\/86745"}],"wp:featuredmedia":[{"embeddable":true,"href":"https:\/\/redenoticiaz.com.br\/litoralsp\/wp-json\/wp\/v2\/media\/86744"}],"wp:attachment":[{"href":"https:\/\/redenoticiaz.com.br\/litoralsp\/wp-json\/wp\/v2\/media?parent=86743"}],"wp:term":[{"taxonomy":"category","embeddable":true,"href":"https:\/\/redenoticiaz.com.br\/litoralsp\/wp-json\/wp\/v2\/categories?post=86743"},{"taxonomy":"post_tag","embeddable":true,"href":"https:\/\/redenoticiaz.com.br\/litoralsp\/wp-json\/wp\/v2\/tags?post=86743"}],"curies":[{"name":"wp","href":"https:\/\/api.w.org\/{rel}","templated":true}]}}