{"id":86818,"date":"2022-06-24T13:58:11","date_gmt":"2022-06-24T16:58:11","guid":{"rendered":"https:\/\/redenoticiaz.com.br\/litoralsp\/?p=86818"},"modified":"2022-06-24T13:58:11","modified_gmt":"2022-06-24T16:58:11","slug":"alunos-de-santos-participam-de-gravacao-do-governo-sobre-combate-as-fake-news","status":"publish","type":"post","link":"https:\/\/redenoticiaz.com.br\/litoralsp\/2022\/06\/24\/alunos-de-santos-participam-de-gravacao-do-governo-sobre-combate-as-fake-news","title":{"rendered":"Alunos de Santos participam de grava\u00e7\u00e3o do governo sobre combate \u00e0s fake news"},"content":{"rendered":"<p>Alunos da rede p\u00fablica de ensino de Santos participaram da grava\u00e7\u00e3o de uma s\u00e9rie de cinco v\u00eddeos do programa do Supremo Tribunal Federal (STF) de combate \u00e0s fake news.<\/p>\n<p>A s\u00e9rie est\u00e1 sendo produzida pelo Instituto Devir Educom, em parceria com a Rede Nacional de Combate \u00e0 Desinforma\u00e7\u00e3o (RNCD). As grava\u00e7\u00f5es se iniciaram nessa \u00faltima quinta-feira (23), no Parquinho Tecnol\u00f3gico de Santos (Vila Nova).<\/p>\n<p>Os v\u00eddeos ter\u00e3o dura\u00e7\u00e3o inferior a dois minutos e apresentar\u00e3o dicas para distinguir fato de fake, conceitos e diferen\u00e7as entre desinforma\u00e7\u00e3o e fake news, defini\u00e7\u00e3o de deepfakes (conte\u00fados criados substituindo rostos, express\u00f5es e at\u00e9 a voz de indiv\u00edduos reais), entre outros assuntos relacionados ao tema.<\/p>\n<p>Os alunos e professores que participaram das grava\u00e7\u00f5es se mostraram contentes com o conte\u00fado abordado. A divulga\u00e7\u00e3o do material sobre o combate \u00e0s fake news come\u00e7a a partir do pr\u00f3ximo m\u00eas.<\/p>\n<p><strong>Leia mais<\/strong><\/p>\n<p><a href=\"https:\/\/redenoticiaz.com.br\/litoralsp\/2022\/06\/23\/11-homens-carregando-mais-de-200-quilos-de-cocaina-foram-presos-em-santos\" target=\"_top\" rel=\"noopener\">11 homens carregando mais de 200 quilos de coca\u00edna s\u00e3o presos em Santos<\/a><\/p>\n","protected":false},"excerpt":{"rendered":"<p>Alunos da rede p\u00fablica de ensino de Santos participaram da grava\u00e7\u00e3o de uma s\u00e9rie de cinco v\u00eddeos do programa do Supremo Tribunal Federal (STF) de combate \u00e0s fake news. A s\u00e9rie est\u00e1 sendo produzida pelo Instituto Devir Educom, em parceria com a Rede Nacional de Combate \u00e0 Desinforma\u00e7\u00e3o (RNCD). As grava\u00e7\u00f5es se iniciaram nessa \u00faltima &hellip;<\/p>\n","protected":false},"author":12,"featured_media":86821,"comment_status":"open","ping_status":"closed","sticky":false,"template":"","format":"standard","meta":{"footnotes":""},"categories":[180],"tags":[56621,15886,986,28],"class_list":["post-86818","post","type-post","status-publish","format-standard","has-post-thumbnail","hentry","category-santos","tag-combate-a-fake-news","tag-fake-news","tag-santos","tag-stf"],"yoast_head":"<!-- This site is optimized with the Yoast SEO plugin v27.5 - https:\/\/yoast.com\/product\/yoast-seo-wordpress\/ -->\n<title>Alunos de Santos participam de grava\u00e7\u00e3o do governo sobre combate \u00e0s fake news - Litoral SP<\/title>\n<meta name=\"description\" content=\"Alunos da rede p\u00fablica de ensino de Santos participaram da grava\u00e7\u00e3o de uma s\u00e9rie de cinco v\u00eddeos do programa do STF de combate \u00e0s fake news.\" \/>\n<meta name=\"robots\" content=\"index, follow, max-snippet:-1, max-image-preview:large, max-video-preview:-1\" \/>\n<link rel=\"canonical\" href=\"https:\/\/redenoticiaz.com.br\/litoralsp\/2022\/06\/24\/alunos-de-santos-participam-de-gravacao-do-governo-sobre-combate-as-fake-news\" \/>\n<meta property=\"og:locale\" content=\"pt_BR\" \/>\n<meta property=\"og:type\" content=\"article\" \/>\n<meta property=\"og:title\" content=\"Alunos de Santos participam de grava\u00e7\u00e3o do governo sobre combate \u00e0s fake news - Litoral SP\" \/>\n<meta property=\"og:description\" content=\"Alunos da rede p\u00fablica de ensino de Santos participaram da grava\u00e7\u00e3o de uma s\u00e9rie de cinco v\u00eddeos do programa do STF de combate \u00e0s fake news.\" \/>\n<meta property=\"og:url\" content=\"https:\/\/redenoticiaz.com.br\/litoralsp\/2022\/06\/24\/alunos-de-santos-participam-de-gravacao-do-governo-sobre-combate-as-fake-news\" \/>\n<meta property=\"og:site_name\" content=\"Litoral SP\" \/>\n<meta property=\"article:published_time\" content=\"2022-06-24T16:58:11+00:00\" \/>\n<meta property=\"og:image\" content=\"https:\/\/redenoticiaz.com.br\/litoralsp\/wp-content\/uploads\/sites\/3\/2022\/06\/1656079348.jpeg\" \/>\n\t<meta property=\"og:image:width\" content=\"920\" \/>\n\t<meta property=\"og:image:height\" content=\"517\" \/>\n\t<meta property=\"og:image:type\" content=\"image\/jpeg\" \/>\n<meta name=\"author\" content=\"Gustavo Silva\" \/>\n<meta name=\"twitter:card\" content=\"summary_large_image\" \/>\n<meta name=\"twitter:label1\" content=\"Escrito por\" \/>\n\t<meta name=\"twitter:data1\" content=\"Gustavo Silva\" \/>\n\t<meta name=\"twitter:label2\" content=\"Est. tempo de leitura\" \/>\n\t<meta name=\"twitter:data2\" content=\"1 minuto\" \/>\n<script type=\"application\/ld+json\" class=\"yoast-schema-graph\">{\"@context\":\"https:\\\/\\\/schema.org\",\"@graph\":[{\"@type\":\"Article\",\"@id\":\"https:\\\/\\\/redenoticiaz.com.br\\\/litoralsp\\\/2022\\\/06\\\/24\\\/alunos-de-santos-participam-de-gravacao-do-governo-sobre-combate-as-fake-news#article\",\"isPartOf\":{\"@id\":\"https:\\\/\\\/redenoticiaz.com.br\\\/litoralsp\\\/2022\\\/06\\\/24\\\/alunos-de-santos-participam-de-gravacao-do-governo-sobre-combate-as-fake-news\"},\"author\":{\"name\":\"Gustavo Silva\",\"@id\":\"https:\\\/\\\/redenoticiaz.com.br\\\/litoralsp\\\/#\\\/schema\\\/person\\\/16057b37a3c0ee6b096d7f887c566e2e\"},\"headline\":\"Alunos de Santos participam de grava\u00e7\u00e3o do governo sobre combate \u00e0s fake news\",\"datePublished\":\"2022-06-24T16:58:11+00:00\",\"mainEntityOfPage\":{\"@id\":\"https:\\\/\\\/redenoticiaz.com.br\\\/litoralsp\\\/2022\\\/06\\\/24\\\/alunos-de-santos-participam-de-gravacao-do-governo-sobre-combate-as-fake-news\"},\"wordCount\":191,\"commentCount\":0,\"publisher\":{\"@id\":\"https:\\\/\\\/redenoticiaz.com.br\\\/litoralsp\\\/#organization\"},\"image\":{\"@id\":\"https:\\\/\\\/redenoticiaz.com.br\\\/litoralsp\\\/2022\\\/06\\\/24\\\/alunos-de-santos-participam-de-gravacao-do-governo-sobre-combate-as-fake-news#primaryimage\"},\"thumbnailUrl\":\"https:\\\/\\\/redenoticiaz.com.br\\\/litoralsp\\\/wp-content\\\/uploads\\\/sites\\\/3\\\/2022\\\/06\\\/1656079348.jpeg\",\"keywords\":[\"COMBATE A FAKE NEWS\",\"FAKE NEWS\",\"Santos\",\"stf\"],\"articleSection\":[\"Santos\"],\"inLanguage\":\"pt-BR\",\"potentialAction\":[{\"@type\":\"CommentAction\",\"name\":\"Comment\",\"target\":[\"https:\\\/\\\/redenoticiaz.com.br\\\/litoralsp\\\/2022\\\/06\\\/24\\\/alunos-de-santos-participam-de-gravacao-do-governo-sobre-combate-as-fake-news#respond\"]}]},{\"@type\":\"WebPage\",\"@id\":\"https:\\\/\\\/redenoticiaz.com.br\\\/litoralsp\\\/2022\\\/06\\\/24\\\/alunos-de-santos-participam-de-gravacao-do-governo-sobre-combate-as-fake-news\",\"url\":\"https:\\\/\\\/redenoticiaz.com.br\\\/litoralsp\\\/2022\\\/06\\\/24\\\/alunos-de-santos-participam-de-gravacao-do-governo-sobre-combate-as-fake-news\",\"name\":\"Alunos de Santos participam de grava\u00e7\u00e3o do governo sobre combate \u00e0s fake news - Litoral SP\",\"isPartOf\":{\"@id\":\"https:\\\/\\\/redenoticiaz.com.br\\\/litoralsp\\\/#website\"},\"primaryImageOfPage\":{\"@id\":\"https:\\\/\\\/redenoticiaz.com.br\\\/litoralsp\\\/2022\\\/06\\\/24\\\/alunos-de-santos-participam-de-gravacao-do-governo-sobre-combate-as-fake-news#primaryimage\"},\"image\":{\"@id\":\"https:\\\/\\\/redenoticiaz.com.br\\\/litoralsp\\\/2022\\\/06\\\/24\\\/alunos-de-santos-participam-de-gravacao-do-governo-sobre-combate-as-fake-news#primaryimage\"},\"thumbnailUrl\":\"https:\\\/\\\/redenoticiaz.com.br\\\/litoralsp\\\/wp-content\\\/uploads\\\/sites\\\/3\\\/2022\\\/06\\\/1656079348.jpeg\",\"datePublished\":\"2022-06-24T16:58:11+00:00\",\"description\":\"Alunos da rede p\u00fablica de ensino de Santos participaram da grava\u00e7\u00e3o de uma s\u00e9rie de cinco v\u00eddeos do programa do STF de combate \u00e0s fake news.\",\"inLanguage\":\"pt-BR\",\"potentialAction\":[{\"@type\":\"ReadAction\",\"target\":[\"https:\\\/\\\/redenoticiaz.com.br\\\/litoralsp\\\/2022\\\/06\\\/24\\\/alunos-de-santos-participam-de-gravacao-do-governo-sobre-combate-as-fake-news\"]}]},{\"@type\":\"ImageObject\",\"inLanguage\":\"pt-BR\",\"@id\":\"https:\\\/\\\/redenoticiaz.com.br\\\/litoralsp\\\/2022\\\/06\\\/24\\\/alunos-de-santos-participam-de-gravacao-do-governo-sobre-combate-as-fake-news#primaryimage\",\"url\":\"https:\\\/\\\/redenoticiaz.com.br\\\/litoralsp\\\/wp-content\\\/uploads\\\/sites\\\/3\\\/2022\\\/06\\\/1656079348.jpeg\",\"contentUrl\":\"https:\\\/\\\/redenoticiaz.com.br\\\/litoralsp\\\/wp-content\\\/uploads\\\/sites\\\/3\\\/2022\\\/06\\\/1656079348.jpeg\",\"width\":920,\"height\":517,\"caption\":\"Cr\u00e9ditos: Prefeitura de Santos\"},{\"@type\":\"WebSite\",\"@id\":\"https:\\\/\\\/redenoticiaz.com.br\\\/litoralsp\\\/#website\",\"url\":\"https:\\\/\\\/redenoticiaz.com.br\\\/litoralsp\\\/\",\"name\":\"Litoral SP\",\"description\":\"Rede NoticiaZ\",\"publisher\":{\"@id\":\"https:\\\/\\\/redenoticiaz.com.br\\\/litoralsp\\\/#organization\"},\"potentialAction\":[{\"@type\":\"SearchAction\",\"target\":{\"@type\":\"EntryPoint\",\"urlTemplate\":\"https:\\\/\\\/redenoticiaz.com.br\\\/litoralsp\\\/?s={search_term_string}\"},\"query-input\":{\"@type\":\"PropertyValueSpecification\",\"valueRequired\":true,\"valueName\":\"search_term_string\"}}],\"inLanguage\":\"pt-BR\"},{\"@type\":\"Organization\",\"@id\":\"https:\\\/\\\/redenoticiaz.com.br\\\/litoralsp\\\/#organization\",\"name\":\"Litoral SP\",\"url\":\"https:\\\/\\\/redenoticiaz.com.br\\\/litoralsp\\\/\",\"logo\":{\"@type\":\"ImageObject\",\"inLanguage\":\"pt-BR\",\"@id\":\"https:\\\/\\\/redenoticiaz.com.br\\\/litoralsp\\\/#\\\/schema\\\/logo\\\/image\\\/\",\"url\":\"https:\\\/\\\/redenoticiaz.com.br\\\/litoralsp\\\/wp-content\\\/uploads\\\/sites\\\/3\\\/2020\\\/11\\\/logo.jpg\",\"contentUrl\":\"https:\\\/\\\/redenoticiaz.com.br\\\/litoralsp\\\/wp-content\\\/uploads\\\/sites\\\/3\\\/2020\\\/11\\\/logo.jpg\",\"width\":400,\"height\":250,\"caption\":\"Litoral SP\"},\"image\":{\"@id\":\"https:\\\/\\\/redenoticiaz.com.br\\\/litoralsp\\\/#\\\/schema\\\/logo\\\/image\\\/\"}},{\"@type\":\"Person\",\"@id\":\"https:\\\/\\\/redenoticiaz.com.br\\\/litoralsp\\\/#\\\/schema\\\/person\\\/16057b37a3c0ee6b096d7f887c566e2e\",\"name\":\"Gustavo Silva\",\"image\":{\"@type\":\"ImageObject\",\"inLanguage\":\"pt-BR\",\"@id\":\"https:\\\/\\\/secure.gravatar.com\\\/avatar\\\/3ee4e82f93b26de0a7cf4ea5eb7893da637ed6bb0c9170c58065944c56e28a33?s=96&d=mm&r=g\",\"url\":\"https:\\\/\\\/secure.gravatar.com\\\/avatar\\\/3ee4e82f93b26de0a7cf4ea5eb7893da637ed6bb0c9170c58065944c56e28a33?s=96&d=mm&r=g\",\"contentUrl\":\"https:\\\/\\\/secure.gravatar.com\\\/avatar\\\/3ee4e82f93b26de0a7cf4ea5eb7893da637ed6bb0c9170c58065944c56e28a33?s=96&d=mm&r=g\",\"caption\":\"Gustavo Silva\"},\"url\":\"https:\\\/\\\/redenoticiaz.com.br\\\/litoralsp\\\/author\\\/gustavosilva\"}]}<\/script>\n<!-- \/ Yoast SEO plugin. -->","yoast_head_json":{"title":"Alunos de Santos participam de grava\u00e7\u00e3o do governo sobre combate \u00e0s fake news - Litoral SP","description":"Alunos da rede p\u00fablica de ensino de Santos participaram da grava\u00e7\u00e3o de uma s\u00e9rie de cinco v\u00eddeos do programa do STF de combate \u00e0s fake news.","robots":{"index":"index","follow":"follow","max-snippet":"max-snippet:-1","max-image-preview":"max-image-preview:large","max-video-preview":"max-video-preview:-1"},"canonical":"https:\/\/redenoticiaz.com.br\/litoralsp\/2022\/06\/24\/alunos-de-santos-participam-de-gravacao-do-governo-sobre-combate-as-fake-news","og_locale":"pt_BR","og_type":"article","og_title":"Alunos de Santos participam de grava\u00e7\u00e3o do governo sobre combate \u00e0s fake news - Litoral SP","og_description":"Alunos da rede p\u00fablica de ensino de Santos participaram da grava\u00e7\u00e3o de uma s\u00e9rie de cinco v\u00eddeos do programa do STF de combate \u00e0s fake news.","og_url":"https:\/\/redenoticiaz.com.br\/litoralsp\/2022\/06\/24\/alunos-de-santos-participam-de-gravacao-do-governo-sobre-combate-as-fake-news","og_site_name":"Litoral SP","article_published_time":"2022-06-24T16:58:11+00:00","og_image":[{"width":920,"height":517,"url":"https:\/\/redenoticiaz.com.br\/litoralsp\/wp-content\/uploads\/sites\/3\/2022\/06\/1656079348.jpeg","type":"image\/jpeg"}],"author":"Gustavo Silva","twitter_card":"summary_large_image","twitter_misc":{"Escrito por":"Gustavo Silva","Est. tempo de leitura":"1 minuto"},"schema":{"@context":"https:\/\/schema.org","@graph":[{"@type":"Article","@id":"https:\/\/redenoticiaz.com.br\/litoralsp\/2022\/06\/24\/alunos-de-santos-participam-de-gravacao-do-governo-sobre-combate-as-fake-news#article","isPartOf":{"@id":"https:\/\/redenoticiaz.com.br\/litoralsp\/2022\/06\/24\/alunos-de-santos-participam-de-gravacao-do-governo-sobre-combate-as-fake-news"},"author":{"name":"Gustavo Silva","@id":"https:\/\/redenoticiaz.com.br\/litoralsp\/#\/schema\/person\/16057b37a3c0ee6b096d7f887c566e2e"},"headline":"Alunos de Santos participam de grava\u00e7\u00e3o do governo sobre combate \u00e0s fake news","datePublished":"2022-06-24T16:58:11+00:00","mainEntityOfPage":{"@id":"https:\/\/redenoticiaz.com.br\/litoralsp\/2022\/06\/24\/alunos-de-santos-participam-de-gravacao-do-governo-sobre-combate-as-fake-news"},"wordCount":191,"commentCount":0,"publisher":{"@id":"https:\/\/redenoticiaz.com.br\/litoralsp\/#organization"},"image":{"@id":"https:\/\/redenoticiaz.com.br\/litoralsp\/2022\/06\/24\/alunos-de-santos-participam-de-gravacao-do-governo-sobre-combate-as-fake-news#primaryimage"},"thumbnailUrl":"https:\/\/redenoticiaz.com.br\/litoralsp\/wp-content\/uploads\/sites\/3\/2022\/06\/1656079348.jpeg","keywords":["COMBATE A FAKE NEWS","FAKE NEWS","Santos","stf"],"articleSection":["Santos"],"inLanguage":"pt-BR","potentialAction":[{"@type":"CommentAction","name":"Comment","target":["https:\/\/redenoticiaz.com.br\/litoralsp\/2022\/06\/24\/alunos-de-santos-participam-de-gravacao-do-governo-sobre-combate-as-fake-news#respond"]}]},{"@type":"WebPage","@id":"https:\/\/redenoticiaz.com.br\/litoralsp\/2022\/06\/24\/alunos-de-santos-participam-de-gravacao-do-governo-sobre-combate-as-fake-news","url":"https:\/\/redenoticiaz.com.br\/litoralsp\/2022\/06\/24\/alunos-de-santos-participam-de-gravacao-do-governo-sobre-combate-as-fake-news","name":"Alunos de Santos participam de grava\u00e7\u00e3o do governo sobre combate \u00e0s fake news - Litoral SP","isPartOf":{"@id":"https:\/\/redenoticiaz.com.br\/litoralsp\/#website"},"primaryImageOfPage":{"@id":"https:\/\/redenoticiaz.com.br\/litoralsp\/2022\/06\/24\/alunos-de-santos-participam-de-gravacao-do-governo-sobre-combate-as-fake-news#primaryimage"},"image":{"@id":"https:\/\/redenoticiaz.com.br\/litoralsp\/2022\/06\/24\/alunos-de-santos-participam-de-gravacao-do-governo-sobre-combate-as-fake-news#primaryimage"},"thumbnailUrl":"https:\/\/redenoticiaz.com.br\/litoralsp\/wp-content\/uploads\/sites\/3\/2022\/06\/1656079348.jpeg","datePublished":"2022-06-24T16:58:11+00:00","description":"Alunos da rede p\u00fablica de ensino de Santos participaram da grava\u00e7\u00e3o de uma s\u00e9rie de cinco v\u00eddeos do programa do STF de combate \u00e0s fake news.","inLanguage":"pt-BR","potentialAction":[{"@type":"ReadAction","target":["https:\/\/redenoticiaz.com.br\/litoralsp\/2022\/06\/24\/alunos-de-santos-participam-de-gravacao-do-governo-sobre-combate-as-fake-news"]}]},{"@type":"ImageObject","inLanguage":"pt-BR","@id":"https:\/\/redenoticiaz.com.br\/litoralsp\/2022\/06\/24\/alunos-de-santos-participam-de-gravacao-do-governo-sobre-combate-as-fake-news#primaryimage","url":"https:\/\/redenoticiaz.com.br\/litoralsp\/wp-content\/uploads\/sites\/3\/2022\/06\/1656079348.jpeg","contentUrl":"https:\/\/redenoticiaz.com.br\/litoralsp\/wp-content\/uploads\/sites\/3\/2022\/06\/1656079348.jpeg","width":920,"height":517,"caption":"Cr\u00e9ditos: Prefeitura de Santos"},{"@type":"WebSite","@id":"https:\/\/redenoticiaz.com.br\/litoralsp\/#website","url":"https:\/\/redenoticiaz.com.br\/litoralsp\/","name":"Litoral SP","description":"Rede NoticiaZ","publisher":{"@id":"https:\/\/redenoticiaz.com.br\/litoralsp\/#organization"},"potentialAction":[{"@type":"SearchAction","target":{"@type":"EntryPoint","urlTemplate":"https:\/\/redenoticiaz.com.br\/litoralsp\/?s={search_term_string}"},"query-input":{"@type":"PropertyValueSpecification","valueRequired":true,"valueName":"search_term_string"}}],"inLanguage":"pt-BR"},{"@type":"Organization","@id":"https:\/\/redenoticiaz.com.br\/litoralsp\/#organization","name":"Litoral SP","url":"https:\/\/redenoticiaz.com.br\/litoralsp\/","logo":{"@type":"ImageObject","inLanguage":"pt-BR","@id":"https:\/\/redenoticiaz.com.br\/litoralsp\/#\/schema\/logo\/image\/","url":"https:\/\/redenoticiaz.com.br\/litoralsp\/wp-content\/uploads\/sites\/3\/2020\/11\/logo.jpg","contentUrl":"https:\/\/redenoticiaz.com.br\/litoralsp\/wp-content\/uploads\/sites\/3\/2020\/11\/logo.jpg","width":400,"height":250,"caption":"Litoral SP"},"image":{"@id":"https:\/\/redenoticiaz.com.br\/litoralsp\/#\/schema\/logo\/image\/"}},{"@type":"Person","@id":"https:\/\/redenoticiaz.com.br\/litoralsp\/#\/schema\/person\/16057b37a3c0ee6b096d7f887c566e2e","name":"Gustavo Silva","image":{"@type":"ImageObject","inLanguage":"pt-BR","@id":"https:\/\/secure.gravatar.com\/avatar\/3ee4e82f93b26de0a7cf4ea5eb7893da637ed6bb0c9170c58065944c56e28a33?s=96&d=mm&r=g","url":"https:\/\/secure.gravatar.com\/avatar\/3ee4e82f93b26de0a7cf4ea5eb7893da637ed6bb0c9170c58065944c56e28a33?s=96&d=mm&r=g","contentUrl":"https:\/\/secure.gravatar.com\/avatar\/3ee4e82f93b26de0a7cf4ea5eb7893da637ed6bb0c9170c58065944c56e28a33?s=96&d=mm&r=g","caption":"Gustavo Silva"},"url":"https:\/\/redenoticiaz.com.br\/litoralsp\/author\/gustavosilva"}]}},"_links":{"self":[{"href":"https:\/\/redenoticiaz.com.br\/litoralsp\/wp-json\/wp\/v2\/posts\/86818","targetHints":{"allow":["GET"]}}],"collection":[{"href":"https:\/\/redenoticiaz.com.br\/litoralsp\/wp-json\/wp\/v2\/posts"}],"about":[{"href":"https:\/\/redenoticiaz.com.br\/litoralsp\/wp-json\/wp\/v2\/types\/post"}],"author":[{"embeddable":true,"href":"https:\/\/redenoticiaz.com.br\/litoralsp\/wp-json\/wp\/v2\/users\/12"}],"replies":[{"embeddable":true,"href":"https:\/\/redenoticiaz.com.br\/litoralsp\/wp-json\/wp\/v2\/comments?post=86818"}],"version-history":[{"count":1,"href":"https:\/\/redenoticiaz.com.br\/litoralsp\/wp-json\/wp\/v2\/posts\/86818\/revisions"}],"predecessor-version":[{"id":86822,"href":"https:\/\/redenoticiaz.com.br\/litoralsp\/wp-json\/wp\/v2\/posts\/86818\/revisions\/86822"}],"wp:featuredmedia":[{"embeddable":true,"href":"https:\/\/redenoticiaz.com.br\/litoralsp\/wp-json\/wp\/v2\/media\/86821"}],"wp:attachment":[{"href":"https:\/\/redenoticiaz.com.br\/litoralsp\/wp-json\/wp\/v2\/media?parent=86818"}],"wp:term":[{"taxonomy":"category","embeddable":true,"href":"https:\/\/redenoticiaz.com.br\/litoralsp\/wp-json\/wp\/v2\/categories?post=86818"},{"taxonomy":"post_tag","embeddable":true,"href":"https:\/\/redenoticiaz.com.br\/litoralsp\/wp-json\/wp\/v2\/tags?post=86818"}],"curies":[{"name":"wp","href":"https:\/\/api.w.org\/{rel}","templated":true}]}}