{"id":86896,"date":"2022-06-25T15:52:20","date_gmt":"2022-06-25T18:52:20","guid":{"rendered":"https:\/\/redenoticiaz.com.br\/litoralsp\/?p=86896"},"modified":"2022-06-25T15:52:20","modified_gmt":"2022-06-25T18:52:20","slug":"festival-santos-cafe-acontece-em-julho-no-centro-historico","status":"publish","type":"post","link":"https:\/\/redenoticiaz.com.br\/litoralsp\/2022\/06\/25\/festival-santos-cafe-acontece-em-julho-no-centro-historico","title":{"rendered":"Festival Santos Caf\u00e9 acontece em julho no Centro Hist\u00f3rico"},"content":{"rendered":"<p>O Festival Santos Caf\u00e9 acontece em julho no Centro Hist\u00f3rico da cidade. A 7\u00aa edi\u00e7\u00e3o do Festival Santos Caf\u00e9 j\u00e1 tem data marcada: de 8 a 10 de julho.<\/p>\n<p>De acordo com a Prefeitura,est\u00e3o previstas apresenta\u00e7\u00f5es musicais e de dan\u00e7a, visitas monitoradas a museus, locais de torrefa\u00e7\u00e3o e garagem do bonde, palestras, oficinas de drinks e gastron\u00f4micas.<\/p>\n<p>Os moradores poder\u00e3o curtir tamb\u00e9m passeios com guias de turismo, cicl\u00edstico e do bonde, espa\u00e7o pet, exposi\u00e7\u00f5es e feiras de economia criativa.<\/p>\n<p>Para as crian\u00e7as, haver\u00e1 espa\u00e7o kids, conta\u00e7\u00e3o de hist\u00f3rias, distribui\u00e7\u00e3o de livros e gibis e apresenta\u00e7\u00f5es de marionetes.<\/p>\n<p>Sendo assim, como n\u00e3o poderia faltar, o ponto alto ser\u00e1 a degusta\u00e7\u00e3o dos mais variados tipos da bebida e dicas de baristas para aprender a prepar\u00e1-la.<\/p>\n<p>A programa\u00e7\u00e3o detalhada e divulga\u00e7\u00e3o de inscri\u00e7\u00f5es de oficinas ser\u00e3o divulgadas na pr\u00f3xima semana nos canais oficiais da Prefeitura.<\/p>\n<p>Leia mais<\/p>\n<p><a href=\"https:\/\/redenoticiaz.com.br\/litoralsp\/2022\/06\/24\/cigarros-eletronicos-sao-apreendidos-em-santos\">Cigarros eletr\u00f4nicos s\u00e3o apreendidos em Santos<\/a><\/p>\n","protected":false},"excerpt":{"rendered":"<p>O Festival Santos Caf\u00e9 acontece em julho no Centro Hist\u00f3rico da cidade. A 7\u00aa edi\u00e7\u00e3o do Festival Santos Caf\u00e9 j\u00e1 tem data marcada: de 8 a 10 de julho. De acordo com a Prefeitura,est\u00e3o previstas apresenta\u00e7\u00f5es musicais e de dan\u00e7a, visitas monitoradas a museus, locais de torrefa\u00e7\u00e3o e garagem do bonde, palestras, oficinas de drinks &hellip;<\/p>\n","protected":false},"author":12,"featured_media":86897,"comment_status":"open","ping_status":"closed","sticky":false,"template":"","format":"standard","meta":{"footnotes":""},"categories":[180],"tags":[50772,57504,986,57505],"class_list":["post-86896","post","type-post","status-publish","format-standard","has-post-thumbnail","hentry","category-santos","tag-centro-historico-de-santos","tag-festival-do-cafe","tag-santos","tag-santos-cafe"],"yoast_head":"<!-- This site is optimized with the Yoast SEO plugin v27.4 - https:\/\/yoast.com\/product\/yoast-seo-wordpress\/ -->\n<title>Festival Santos Caf\u00e9 acontece em julho no Centro Hist\u00f3rico - Litoral SP<\/title>\n<meta name=\"robots\" content=\"index, follow, max-snippet:-1, max-image-preview:large, max-video-preview:-1\" \/>\n<link rel=\"canonical\" href=\"https:\/\/redenoticiaz.com.br\/litoralsp\/2022\/06\/25\/festival-santos-cafe-acontece-em-julho-no-centro-historico\" \/>\n<meta property=\"og:locale\" content=\"pt_BR\" \/>\n<meta property=\"og:type\" content=\"article\" \/>\n<meta property=\"og:title\" content=\"Festival Santos Caf\u00e9 acontece em julho no Centro Hist\u00f3rico - Litoral SP\" \/>\n<meta property=\"og:description\" content=\"O Festival Santos Caf\u00e9 acontece em julho no Centro Hist\u00f3rico da cidade. A 7\u00aa edi\u00e7\u00e3o do Festival Santos Caf\u00e9 j\u00e1 tem data marcada: de 8 a 10 de julho. De acordo com a Prefeitura,est\u00e3o previstas apresenta\u00e7\u00f5es musicais e de dan\u00e7a, visitas monitoradas a museus, locais de torrefa\u00e7\u00e3o e garagem do bonde, palestras, oficinas de drinks &hellip;\" \/>\n<meta property=\"og:url\" content=\"https:\/\/redenoticiaz.com.br\/litoralsp\/2022\/06\/25\/festival-santos-cafe-acontece-em-julho-no-centro-historico\" \/>\n<meta property=\"og:site_name\" content=\"Litoral SP\" \/>\n<meta property=\"article:published_time\" content=\"2022-06-25T18:52:20+00:00\" \/>\n<meta property=\"og:image\" content=\"https:\/\/redenoticiaz.com.br\/litoralsp\/wp-content\/uploads\/sites\/3\/2022\/06\/festival_cafe_rr.jpg\" \/>\n\t<meta property=\"og:image:width\" content=\"927\" \/>\n\t<meta property=\"og:image:height\" content=\"618\" \/>\n\t<meta property=\"og:image:type\" content=\"image\/jpeg\" \/>\n<meta name=\"author\" content=\"Gustavo Silva\" \/>\n<meta name=\"twitter:card\" content=\"summary_large_image\" \/>\n<meta name=\"twitter:label1\" content=\"Escrito por\" \/>\n\t<meta name=\"twitter:data1\" content=\"Gustavo Silva\" \/>\n\t<meta name=\"twitter:label2\" content=\"Est. tempo de leitura\" \/>\n\t<meta name=\"twitter:data2\" content=\"1 minuto\" \/>\n<script type=\"application\/ld+json\" class=\"yoast-schema-graph\">{\"@context\":\"https:\\\/\\\/schema.org\",\"@graph\":[{\"@type\":\"Article\",\"@id\":\"https:\\\/\\\/redenoticiaz.com.br\\\/litoralsp\\\/2022\\\/06\\\/25\\\/festival-santos-cafe-acontece-em-julho-no-centro-historico#article\",\"isPartOf\":{\"@id\":\"https:\\\/\\\/redenoticiaz.com.br\\\/litoralsp\\\/2022\\\/06\\\/25\\\/festival-santos-cafe-acontece-em-julho-no-centro-historico\"},\"author\":{\"name\":\"Gustavo Silva\",\"@id\":\"https:\\\/\\\/redenoticiaz.com.br\\\/litoralsp\\\/#\\\/schema\\\/person\\\/16057b37a3c0ee6b096d7f887c566e2e\"},\"headline\":\"Festival Santos Caf\u00e9 acontece em julho no Centro Hist\u00f3rico\",\"datePublished\":\"2022-06-25T18:52:20+00:00\",\"mainEntityOfPage\":{\"@id\":\"https:\\\/\\\/redenoticiaz.com.br\\\/litoralsp\\\/2022\\\/06\\\/25\\\/festival-santos-cafe-acontece-em-julho-no-centro-historico\"},\"wordCount\":186,\"commentCount\":0,\"publisher\":{\"@id\":\"https:\\\/\\\/redenoticiaz.com.br\\\/litoralsp\\\/#organization\"},\"image\":{\"@id\":\"https:\\\/\\\/redenoticiaz.com.br\\\/litoralsp\\\/2022\\\/06\\\/25\\\/festival-santos-cafe-acontece-em-julho-no-centro-historico#primaryimage\"},\"thumbnailUrl\":\"https:\\\/\\\/redenoticiaz.com.br\\\/litoralsp\\\/wp-content\\\/uploads\\\/sites\\\/3\\\/2022\\\/06\\\/festival_cafe_rr.jpg\",\"keywords\":[\"CENTRO HIST\u00d3RICO DE SANTOS\",\"festival do caf\u00e9\",\"Santos\",\"santos caf\u00e9\"],\"articleSection\":[\"Santos\"],\"inLanguage\":\"pt-BR\",\"potentialAction\":[{\"@type\":\"CommentAction\",\"name\":\"Comment\",\"target\":[\"https:\\\/\\\/redenoticiaz.com.br\\\/litoralsp\\\/2022\\\/06\\\/25\\\/festival-santos-cafe-acontece-em-julho-no-centro-historico#respond\"]}]},{\"@type\":\"WebPage\",\"@id\":\"https:\\\/\\\/redenoticiaz.com.br\\\/litoralsp\\\/2022\\\/06\\\/25\\\/festival-santos-cafe-acontece-em-julho-no-centro-historico\",\"url\":\"https:\\\/\\\/redenoticiaz.com.br\\\/litoralsp\\\/2022\\\/06\\\/25\\\/festival-santos-cafe-acontece-em-julho-no-centro-historico\",\"name\":\"Festival Santos Caf\u00e9 acontece em julho no Centro Hist\u00f3rico - Litoral SP\",\"isPartOf\":{\"@id\":\"https:\\\/\\\/redenoticiaz.com.br\\\/litoralsp\\\/#website\"},\"primaryImageOfPage\":{\"@id\":\"https:\\\/\\\/redenoticiaz.com.br\\\/litoralsp\\\/2022\\\/06\\\/25\\\/festival-santos-cafe-acontece-em-julho-no-centro-historico#primaryimage\"},\"image\":{\"@id\":\"https:\\\/\\\/redenoticiaz.com.br\\\/litoralsp\\\/2022\\\/06\\\/25\\\/festival-santos-cafe-acontece-em-julho-no-centro-historico#primaryimage\"},\"thumbnailUrl\":\"https:\\\/\\\/redenoticiaz.com.br\\\/litoralsp\\\/wp-content\\\/uploads\\\/sites\\\/3\\\/2022\\\/06\\\/festival_cafe_rr.jpg\",\"datePublished\":\"2022-06-25T18:52:20+00:00\",\"inLanguage\":\"pt-BR\",\"potentialAction\":[{\"@type\":\"ReadAction\",\"target\":[\"https:\\\/\\\/redenoticiaz.com.br\\\/litoralsp\\\/2022\\\/06\\\/25\\\/festival-santos-cafe-acontece-em-julho-no-centro-historico\"]}]},{\"@type\":\"ImageObject\",\"inLanguage\":\"pt-BR\",\"@id\":\"https:\\\/\\\/redenoticiaz.com.br\\\/litoralsp\\\/2022\\\/06\\\/25\\\/festival-santos-cafe-acontece-em-julho-no-centro-historico#primaryimage\",\"url\":\"https:\\\/\\\/redenoticiaz.com.br\\\/litoralsp\\\/wp-content\\\/uploads\\\/sites\\\/3\\\/2022\\\/06\\\/festival_cafe_rr.jpg\",\"contentUrl\":\"https:\\\/\\\/redenoticiaz.com.br\\\/litoralsp\\\/wp-content\\\/uploads\\\/sites\\\/3\\\/2022\\\/06\\\/festival_cafe_rr.jpg\",\"width\":927,\"height\":618,\"caption\":\"Festival Santos Caf\u00e9 acontece em julho no Centro Hist\u00f3rico\"},{\"@type\":\"WebSite\",\"@id\":\"https:\\\/\\\/redenoticiaz.com.br\\\/litoralsp\\\/#website\",\"url\":\"https:\\\/\\\/redenoticiaz.com.br\\\/litoralsp\\\/\",\"name\":\"Litoral SP\",\"description\":\"Rede NoticiaZ\",\"publisher\":{\"@id\":\"https:\\\/\\\/redenoticiaz.com.br\\\/litoralsp\\\/#organization\"},\"potentialAction\":[{\"@type\":\"SearchAction\",\"target\":{\"@type\":\"EntryPoint\",\"urlTemplate\":\"https:\\\/\\\/redenoticiaz.com.br\\\/litoralsp\\\/?s={search_term_string}\"},\"query-input\":{\"@type\":\"PropertyValueSpecification\",\"valueRequired\":true,\"valueName\":\"search_term_string\"}}],\"inLanguage\":\"pt-BR\"},{\"@type\":\"Organization\",\"@id\":\"https:\\\/\\\/redenoticiaz.com.br\\\/litoralsp\\\/#organization\",\"name\":\"Litoral SP\",\"url\":\"https:\\\/\\\/redenoticiaz.com.br\\\/litoralsp\\\/\",\"logo\":{\"@type\":\"ImageObject\",\"inLanguage\":\"pt-BR\",\"@id\":\"https:\\\/\\\/redenoticiaz.com.br\\\/litoralsp\\\/#\\\/schema\\\/logo\\\/image\\\/\",\"url\":\"https:\\\/\\\/redenoticiaz.com.br\\\/litoralsp\\\/wp-content\\\/uploads\\\/sites\\\/3\\\/2020\\\/11\\\/logo.jpg\",\"contentUrl\":\"https:\\\/\\\/redenoticiaz.com.br\\\/litoralsp\\\/wp-content\\\/uploads\\\/sites\\\/3\\\/2020\\\/11\\\/logo.jpg\",\"width\":400,\"height\":250,\"caption\":\"Litoral SP\"},\"image\":{\"@id\":\"https:\\\/\\\/redenoticiaz.com.br\\\/litoralsp\\\/#\\\/schema\\\/logo\\\/image\\\/\"}},{\"@type\":\"Person\",\"@id\":\"https:\\\/\\\/redenoticiaz.com.br\\\/litoralsp\\\/#\\\/schema\\\/person\\\/16057b37a3c0ee6b096d7f887c566e2e\",\"name\":\"Gustavo Silva\",\"image\":{\"@type\":\"ImageObject\",\"inLanguage\":\"pt-BR\",\"@id\":\"https:\\\/\\\/secure.gravatar.com\\\/avatar\\\/3ee4e82f93b26de0a7cf4ea5eb7893da637ed6bb0c9170c58065944c56e28a33?s=96&d=mm&r=g\",\"url\":\"https:\\\/\\\/secure.gravatar.com\\\/avatar\\\/3ee4e82f93b26de0a7cf4ea5eb7893da637ed6bb0c9170c58065944c56e28a33?s=96&d=mm&r=g\",\"contentUrl\":\"https:\\\/\\\/secure.gravatar.com\\\/avatar\\\/3ee4e82f93b26de0a7cf4ea5eb7893da637ed6bb0c9170c58065944c56e28a33?s=96&d=mm&r=g\",\"caption\":\"Gustavo Silva\"},\"url\":\"https:\\\/\\\/redenoticiaz.com.br\\\/litoralsp\\\/author\\\/gustavosilva\"}]}<\/script>\n<!-- \/ Yoast SEO plugin. -->","yoast_head_json":{"title":"Festival Santos Caf\u00e9 acontece em julho no Centro Hist\u00f3rico - Litoral SP","robots":{"index":"index","follow":"follow","max-snippet":"max-snippet:-1","max-image-preview":"max-image-preview:large","max-video-preview":"max-video-preview:-1"},"canonical":"https:\/\/redenoticiaz.com.br\/litoralsp\/2022\/06\/25\/festival-santos-cafe-acontece-em-julho-no-centro-historico","og_locale":"pt_BR","og_type":"article","og_title":"Festival Santos Caf\u00e9 acontece em julho no Centro Hist\u00f3rico - Litoral SP","og_description":"O Festival Santos Caf\u00e9 acontece em julho no Centro Hist\u00f3rico da cidade. A 7\u00aa edi\u00e7\u00e3o do Festival Santos Caf\u00e9 j\u00e1 tem data marcada: de 8 a 10 de julho. De acordo com a Prefeitura,est\u00e3o previstas apresenta\u00e7\u00f5es musicais e de dan\u00e7a, visitas monitoradas a museus, locais de torrefa\u00e7\u00e3o e garagem do bonde, palestras, oficinas de drinks &hellip;","og_url":"https:\/\/redenoticiaz.com.br\/litoralsp\/2022\/06\/25\/festival-santos-cafe-acontece-em-julho-no-centro-historico","og_site_name":"Litoral SP","article_published_time":"2022-06-25T18:52:20+00:00","og_image":[{"width":927,"height":618,"url":"https:\/\/redenoticiaz.com.br\/litoralsp\/wp-content\/uploads\/sites\/3\/2022\/06\/festival_cafe_rr.jpg","type":"image\/jpeg"}],"author":"Gustavo Silva","twitter_card":"summary_large_image","twitter_misc":{"Escrito por":"Gustavo Silva","Est. tempo de leitura":"1 minuto"},"schema":{"@context":"https:\/\/schema.org","@graph":[{"@type":"Article","@id":"https:\/\/redenoticiaz.com.br\/litoralsp\/2022\/06\/25\/festival-santos-cafe-acontece-em-julho-no-centro-historico#article","isPartOf":{"@id":"https:\/\/redenoticiaz.com.br\/litoralsp\/2022\/06\/25\/festival-santos-cafe-acontece-em-julho-no-centro-historico"},"author":{"name":"Gustavo Silva","@id":"https:\/\/redenoticiaz.com.br\/litoralsp\/#\/schema\/person\/16057b37a3c0ee6b096d7f887c566e2e"},"headline":"Festival Santos Caf\u00e9 acontece em julho no Centro Hist\u00f3rico","datePublished":"2022-06-25T18:52:20+00:00","mainEntityOfPage":{"@id":"https:\/\/redenoticiaz.com.br\/litoralsp\/2022\/06\/25\/festival-santos-cafe-acontece-em-julho-no-centro-historico"},"wordCount":186,"commentCount":0,"publisher":{"@id":"https:\/\/redenoticiaz.com.br\/litoralsp\/#organization"},"image":{"@id":"https:\/\/redenoticiaz.com.br\/litoralsp\/2022\/06\/25\/festival-santos-cafe-acontece-em-julho-no-centro-historico#primaryimage"},"thumbnailUrl":"https:\/\/redenoticiaz.com.br\/litoralsp\/wp-content\/uploads\/sites\/3\/2022\/06\/festival_cafe_rr.jpg","keywords":["CENTRO HIST\u00d3RICO DE SANTOS","festival do caf\u00e9","Santos","santos caf\u00e9"],"articleSection":["Santos"],"inLanguage":"pt-BR","potentialAction":[{"@type":"CommentAction","name":"Comment","target":["https:\/\/redenoticiaz.com.br\/litoralsp\/2022\/06\/25\/festival-santos-cafe-acontece-em-julho-no-centro-historico#respond"]}]},{"@type":"WebPage","@id":"https:\/\/redenoticiaz.com.br\/litoralsp\/2022\/06\/25\/festival-santos-cafe-acontece-em-julho-no-centro-historico","url":"https:\/\/redenoticiaz.com.br\/litoralsp\/2022\/06\/25\/festival-santos-cafe-acontece-em-julho-no-centro-historico","name":"Festival Santos Caf\u00e9 acontece em julho no Centro Hist\u00f3rico - Litoral SP","isPartOf":{"@id":"https:\/\/redenoticiaz.com.br\/litoralsp\/#website"},"primaryImageOfPage":{"@id":"https:\/\/redenoticiaz.com.br\/litoralsp\/2022\/06\/25\/festival-santos-cafe-acontece-em-julho-no-centro-historico#primaryimage"},"image":{"@id":"https:\/\/redenoticiaz.com.br\/litoralsp\/2022\/06\/25\/festival-santos-cafe-acontece-em-julho-no-centro-historico#primaryimage"},"thumbnailUrl":"https:\/\/redenoticiaz.com.br\/litoralsp\/wp-content\/uploads\/sites\/3\/2022\/06\/festival_cafe_rr.jpg","datePublished":"2022-06-25T18:52:20+00:00","inLanguage":"pt-BR","potentialAction":[{"@type":"ReadAction","target":["https:\/\/redenoticiaz.com.br\/litoralsp\/2022\/06\/25\/festival-santos-cafe-acontece-em-julho-no-centro-historico"]}]},{"@type":"ImageObject","inLanguage":"pt-BR","@id":"https:\/\/redenoticiaz.com.br\/litoralsp\/2022\/06\/25\/festival-santos-cafe-acontece-em-julho-no-centro-historico#primaryimage","url":"https:\/\/redenoticiaz.com.br\/litoralsp\/wp-content\/uploads\/sites\/3\/2022\/06\/festival_cafe_rr.jpg","contentUrl":"https:\/\/redenoticiaz.com.br\/litoralsp\/wp-content\/uploads\/sites\/3\/2022\/06\/festival_cafe_rr.jpg","width":927,"height":618,"caption":"Festival Santos Caf\u00e9 acontece em julho no Centro Hist\u00f3rico"},{"@type":"WebSite","@id":"https:\/\/redenoticiaz.com.br\/litoralsp\/#website","url":"https:\/\/redenoticiaz.com.br\/litoralsp\/","name":"Litoral SP","description":"Rede NoticiaZ","publisher":{"@id":"https:\/\/redenoticiaz.com.br\/litoralsp\/#organization"},"potentialAction":[{"@type":"SearchAction","target":{"@type":"EntryPoint","urlTemplate":"https:\/\/redenoticiaz.com.br\/litoralsp\/?s={search_term_string}"},"query-input":{"@type":"PropertyValueSpecification","valueRequired":true,"valueName":"search_term_string"}}],"inLanguage":"pt-BR"},{"@type":"Organization","@id":"https:\/\/redenoticiaz.com.br\/litoralsp\/#organization","name":"Litoral SP","url":"https:\/\/redenoticiaz.com.br\/litoralsp\/","logo":{"@type":"ImageObject","inLanguage":"pt-BR","@id":"https:\/\/redenoticiaz.com.br\/litoralsp\/#\/schema\/logo\/image\/","url":"https:\/\/redenoticiaz.com.br\/litoralsp\/wp-content\/uploads\/sites\/3\/2020\/11\/logo.jpg","contentUrl":"https:\/\/redenoticiaz.com.br\/litoralsp\/wp-content\/uploads\/sites\/3\/2020\/11\/logo.jpg","width":400,"height":250,"caption":"Litoral SP"},"image":{"@id":"https:\/\/redenoticiaz.com.br\/litoralsp\/#\/schema\/logo\/image\/"}},{"@type":"Person","@id":"https:\/\/redenoticiaz.com.br\/litoralsp\/#\/schema\/person\/16057b37a3c0ee6b096d7f887c566e2e","name":"Gustavo Silva","image":{"@type":"ImageObject","inLanguage":"pt-BR","@id":"https:\/\/secure.gravatar.com\/avatar\/3ee4e82f93b26de0a7cf4ea5eb7893da637ed6bb0c9170c58065944c56e28a33?s=96&d=mm&r=g","url":"https:\/\/secure.gravatar.com\/avatar\/3ee4e82f93b26de0a7cf4ea5eb7893da637ed6bb0c9170c58065944c56e28a33?s=96&d=mm&r=g","contentUrl":"https:\/\/secure.gravatar.com\/avatar\/3ee4e82f93b26de0a7cf4ea5eb7893da637ed6bb0c9170c58065944c56e28a33?s=96&d=mm&r=g","caption":"Gustavo Silva"},"url":"https:\/\/redenoticiaz.com.br\/litoralsp\/author\/gustavosilva"}]}},"_links":{"self":[{"href":"https:\/\/redenoticiaz.com.br\/litoralsp\/wp-json\/wp\/v2\/posts\/86896","targetHints":{"allow":["GET"]}}],"collection":[{"href":"https:\/\/redenoticiaz.com.br\/litoralsp\/wp-json\/wp\/v2\/posts"}],"about":[{"href":"https:\/\/redenoticiaz.com.br\/litoralsp\/wp-json\/wp\/v2\/types\/post"}],"author":[{"embeddable":true,"href":"https:\/\/redenoticiaz.com.br\/litoralsp\/wp-json\/wp\/v2\/users\/12"}],"replies":[{"embeddable":true,"href":"https:\/\/redenoticiaz.com.br\/litoralsp\/wp-json\/wp\/v2\/comments?post=86896"}],"version-history":[{"count":1,"href":"https:\/\/redenoticiaz.com.br\/litoralsp\/wp-json\/wp\/v2\/posts\/86896\/revisions"}],"predecessor-version":[{"id":86898,"href":"https:\/\/redenoticiaz.com.br\/litoralsp\/wp-json\/wp\/v2\/posts\/86896\/revisions\/86898"}],"wp:featuredmedia":[{"embeddable":true,"href":"https:\/\/redenoticiaz.com.br\/litoralsp\/wp-json\/wp\/v2\/media\/86897"}],"wp:attachment":[{"href":"https:\/\/redenoticiaz.com.br\/litoralsp\/wp-json\/wp\/v2\/media?parent=86896"}],"wp:term":[{"taxonomy":"category","embeddable":true,"href":"https:\/\/redenoticiaz.com.br\/litoralsp\/wp-json\/wp\/v2\/categories?post=86896"},{"taxonomy":"post_tag","embeddable":true,"href":"https:\/\/redenoticiaz.com.br\/litoralsp\/wp-json\/wp\/v2\/tags?post=86896"}],"curies":[{"name":"wp","href":"https:\/\/api.w.org\/{rel}","templated":true}]}}