{"id":87110,"date":"2022-06-29T11:00:32","date_gmt":"2022-06-29T14:00:32","guid":{"rendered":"https:\/\/redenoticiaz.com.br\/litoralsp\/?p=87110"},"modified":"2022-06-29T11:00:32","modified_gmt":"2022-06-29T14:00:32","slug":"corpo-de-sobrinho-do-deputado-federal-samuel-moreira-e-encontrado-morto","status":"publish","type":"post","link":"https:\/\/redenoticiaz.com.br\/litoralsp\/2022\/06\/29\/corpo-de-sobrinho-do-deputado-federal-samuel-moreira-e-encontrado-morto","title":{"rendered":"Corpo de sobrinho do deputado federal Samuel Moreira \u00e9 encontrado morto"},"content":{"rendered":"<p>Na Estrada do Jurumirim, em <a href=\"https:\/\/registro.sp.gov.br\/\">Registro<\/a>, a Pol\u00edcia Civil encontrou o <strong>corpo de Matheus Kruszynski Gon\u00e7alves Rezende Lara<\/strong>, sobrinho do deputado federal e ex-prefeito da cidade, Samuel Moreira (PSDB). A v\u00edtima estava sem vida e com sinais de viol\u00eancia na cabe\u00e7a.<\/p>\n<p>Desde o domingo (26), que o jovem n\u00e3o dava not\u00edcias \u00e0 fam\u00edlia e de acordo com o delegado do 2\u00ba Distrito Policial de Registro, Marcelo Ferreira da Cruz, a Pol\u00edcia Militar notificou sobre a localiza\u00e7\u00e3o do corpo. Ao chegarem na Estrada do Jurumirim, ficou constatada a morte com marcas de viol\u00eancia na testa e ainda um afundamento no t\u00f3rax.<\/p>\n<div class=\"mc-column content-text active-extra-styles \" data-block-type=\"unstyled\" data-block-weight=\"57\" data-block-id=\"6\">\n<p class=\"content-text__container \" data-track-category=\"Link no Texto\" data-track-links=\"\">O Instituto de Criminal\u00edstica (IC) e o Instituto M\u00e9dico Legal (IML) foram at\u00e9 o local para a per\u00edcia. O corpo foi encaminhado ao IML e a v\u00edtima foi reconhecida pelo pai. O carro em que o rapaz utilizava no momento em que desapareceu foi encontrado na segunda-feira (2), na Vila S\u00e3o Francisco, em estado de abandono. At\u00e9 o momento, de acordo com Cruz, n\u00e3o h\u00e1 nenhuma suspeita da motiva\u00e7\u00e3o do crime.<\/p>\n<h3 data-track-category=\"Link no Texto\">Entenda o desaparecimento<\/h3>\n<div class=\"mc-column content-text active-extra-styles \" data-block-type=\"unstyled\" data-block-weight=\"37\" data-block-id=\"12\">\n<p class=\"content-text__container \" data-track-category=\"Link no Texto\" data-track-links=\"\">De acordo com o boletim de ocorr\u00eancia, o \u00faltimo contato que a fam\u00edlia teve com Matheus foi por volta das 2h40 na madrugada de domingo (26), e ap\u00f3s isso o celular dele ficou fora de \u00e1rea.<\/p>\n<\/div>\n<div class=\"mc-column content-text active-extra-styles \" data-block-type=\"unstyled\" data-block-weight=\"32\" data-block-id=\"13\">\n<p class=\"content-text__container \" data-track-category=\"Link no Texto\" data-track-links=\"\">Na segunda-feira (27), a fam\u00edlia de Matheus foi at\u00e9 a delegacia comunicar o desaparecimento do jovem. Segundo familiares, ele saiu de casa com o carro dele e n\u00e3o foi mais visto.<\/p>\n<\/div>\n<div class=\"mc-column content-text active-extra-styles \" data-block-type=\"unstyled\" data-block-weight=\"20\" data-block-id=\"14\">\n<p class=\"content-text__container \" data-track-category=\"Link no Texto\" data-track-links=\"\">O caso foi registrado na Delegacia Seccional de\u00a0Registro\u00a0como desaparecimento de pessoa e encaminhado ao 2\u00ba DP do munic\u00edpio.<\/p>\n<p data-track-category=\"Link no Texto\" data-track-links=\"\"><strong>LEIA TAMB\u00c9M<\/strong><\/p>\n<p data-track-category=\"Link no Texto\" data-track-links=\"\"><a href=\"https:\/\/redenoticiaz.com.br\/litoralsp\/2022\/06\/28\/homem-que-roubava-caminhoneiros-em-santos-e-identificado\">Homem que roubava caminhoneiros em Santos \u00e9 identificado<\/a><\/p>\n<\/div>\n<\/div>\n","protected":false},"excerpt":{"rendered":"<p>Na Estrada do Jurumirim, em Registro, a Pol\u00edcia Civil encontrou o corpo de Matheus Kruszynski Gon\u00e7alves Rezende Lara, sobrinho do deputado federal e ex-prefeito da cidade, Samuel Moreira (PSDB). A v\u00edtima estava sem vida e com sinais de viol\u00eancia na cabe\u00e7a. Desde o domingo (26), que o jovem n\u00e3o dava not\u00edcias \u00e0 fam\u00edlia e de &hellip;<\/p>\n","protected":false},"author":6,"featured_media":87111,"comment_status":"open","ping_status":"closed","sticky":false,"template":"","format":"standard","meta":{"footnotes":""},"categories":[10,41091],"tags":[57609,7599,57607,1762,6733,57608],"class_list":["post-87110","post","type-post","status-publish","format-standard","has-post-thumbnail","hentry","category-policia","category-registro","tag-deputado-federal-samuel-moreira","tag-desaparecimento","tag-estrada-do-jurumirim","tag-policia-civil","tag-registro","tag-sobrinho-de-samuel-moreira"],"yoast_head":"<!-- This site is optimized with the Yoast SEO plugin v27.5 - https:\/\/yoast.com\/product\/yoast-seo-wordpress\/ -->\n<title>Corpo de sobrinho do deputado federal Samuel Moreira \u00e9 encontrado morto - Litoral SP<\/title>\n<meta name=\"description\" content=\"Na Estrada do Jurumirim, em Registro, a Pol\u00edcia Civil encontrou o corpo de Matheus Kruszynski Gon\u00e7alves Rezende Lara, sobrinho\" \/>\n<meta name=\"robots\" content=\"index, follow, max-snippet:-1, max-image-preview:large, max-video-preview:-1\" \/>\n<link rel=\"canonical\" href=\"https:\/\/redenoticiaz.com.br\/litoralsp\/2022\/06\/29\/corpo-de-sobrinho-do-deputado-federal-samuel-moreira-e-encontrado-morto\" \/>\n<meta property=\"og:locale\" content=\"pt_BR\" \/>\n<meta property=\"og:type\" content=\"article\" \/>\n<meta property=\"og:title\" content=\"Corpo de sobrinho do deputado federal Samuel Moreira \u00e9 encontrado morto - Litoral SP\" \/>\n<meta property=\"og:description\" content=\"Na Estrada do Jurumirim, em Registro, a Pol\u00edcia Civil encontrou o corpo de Matheus Kruszynski Gon\u00e7alves Rezende Lara, sobrinho\" \/>\n<meta property=\"og:url\" content=\"https:\/\/redenoticiaz.com.br\/litoralsp\/2022\/06\/29\/corpo-de-sobrinho-do-deputado-federal-samuel-moreira-e-encontrado-morto\" \/>\n<meta property=\"og:site_name\" content=\"Litoral SP\" \/>\n<meta property=\"article:published_time\" content=\"2022-06-29T14:00:32+00:00\" \/>\n<meta property=\"og:image\" content=\"https:\/\/redenoticiaz.com.br\/litoralsp\/wp-content\/uploads\/sites\/3\/2022\/06\/sobrinho-de-deputado.png\" \/>\n\t<meta property=\"og:image:width\" content=\"590\" \/>\n\t<meta property=\"og:image:height\" content=\"401\" \/>\n\t<meta property=\"og:image:type\" content=\"image\/png\" \/>\n<meta name=\"author\" content=\"Leonardo Francisco\" \/>\n<meta name=\"twitter:card\" content=\"summary_large_image\" \/>\n<meta name=\"twitter:label1\" content=\"Escrito por\" \/>\n\t<meta name=\"twitter:data1\" content=\"Leonardo Francisco\" \/>\n\t<meta name=\"twitter:label2\" content=\"Est. tempo de leitura\" \/>\n\t<meta name=\"twitter:data2\" content=\"2 minutos\" \/>\n<script type=\"application\/ld+json\" class=\"yoast-schema-graph\">{\"@context\":\"https:\\\/\\\/schema.org\",\"@graph\":[{\"@type\":\"Article\",\"@id\":\"https:\\\/\\\/redenoticiaz.com.br\\\/litoralsp\\\/2022\\\/06\\\/29\\\/corpo-de-sobrinho-do-deputado-federal-samuel-moreira-e-encontrado-morto#article\",\"isPartOf\":{\"@id\":\"https:\\\/\\\/redenoticiaz.com.br\\\/litoralsp\\\/2022\\\/06\\\/29\\\/corpo-de-sobrinho-do-deputado-federal-samuel-moreira-e-encontrado-morto\"},\"author\":{\"name\":\"Leonardo Francisco\",\"@id\":\"https:\\\/\\\/redenoticiaz.com.br\\\/litoralsp\\\/#\\\/schema\\\/person\\\/0f0b8a5bdafefe82841e07ae8d81ecb3\"},\"headline\":\"Corpo de sobrinho do deputado federal Samuel Moreira \u00e9 encontrado morto\",\"datePublished\":\"2022-06-29T14:00:32+00:00\",\"mainEntityOfPage\":{\"@id\":\"https:\\\/\\\/redenoticiaz.com.br\\\/litoralsp\\\/2022\\\/06\\\/29\\\/corpo-de-sobrinho-do-deputado-federal-samuel-moreira-e-encontrado-morto\"},\"wordCount\":299,\"commentCount\":0,\"publisher\":{\"@id\":\"https:\\\/\\\/redenoticiaz.com.br\\\/litoralsp\\\/#organization\"},\"image\":{\"@id\":\"https:\\\/\\\/redenoticiaz.com.br\\\/litoralsp\\\/2022\\\/06\\\/29\\\/corpo-de-sobrinho-do-deputado-federal-samuel-moreira-e-encontrado-morto#primaryimage\"},\"thumbnailUrl\":\"https:\\\/\\\/redenoticiaz.com.br\\\/litoralsp\\\/wp-content\\\/uploads\\\/sites\\\/3\\\/2022\\\/06\\\/sobrinho-de-deputado.png\",\"keywords\":[\"DEPUTADO FEDERAL SAMUEL MOREIRA\",\"DESAPARECIMENTO\",\"ESTRADA DO JURUMIRIM\",\"POL\u00cdCIA CIVIL\",\"REGISTRO\",\"SOBRINHO DE SAMUEL MOREIRA\"],\"articleSection\":[\"Pol\u00edcia\",\"Registro\"],\"inLanguage\":\"pt-BR\",\"potentialAction\":[{\"@type\":\"CommentAction\",\"name\":\"Comment\",\"target\":[\"https:\\\/\\\/redenoticiaz.com.br\\\/litoralsp\\\/2022\\\/06\\\/29\\\/corpo-de-sobrinho-do-deputado-federal-samuel-moreira-e-encontrado-morto#respond\"]}]},{\"@type\":\"WebPage\",\"@id\":\"https:\\\/\\\/redenoticiaz.com.br\\\/litoralsp\\\/2022\\\/06\\\/29\\\/corpo-de-sobrinho-do-deputado-federal-samuel-moreira-e-encontrado-morto\",\"url\":\"https:\\\/\\\/redenoticiaz.com.br\\\/litoralsp\\\/2022\\\/06\\\/29\\\/corpo-de-sobrinho-do-deputado-federal-samuel-moreira-e-encontrado-morto\",\"name\":\"Corpo de sobrinho do deputado federal Samuel Moreira \u00e9 encontrado morto - Litoral SP\",\"isPartOf\":{\"@id\":\"https:\\\/\\\/redenoticiaz.com.br\\\/litoralsp\\\/#website\"},\"primaryImageOfPage\":{\"@id\":\"https:\\\/\\\/redenoticiaz.com.br\\\/litoralsp\\\/2022\\\/06\\\/29\\\/corpo-de-sobrinho-do-deputado-federal-samuel-moreira-e-encontrado-morto#primaryimage\"},\"image\":{\"@id\":\"https:\\\/\\\/redenoticiaz.com.br\\\/litoralsp\\\/2022\\\/06\\\/29\\\/corpo-de-sobrinho-do-deputado-federal-samuel-moreira-e-encontrado-morto#primaryimage\"},\"thumbnailUrl\":\"https:\\\/\\\/redenoticiaz.com.br\\\/litoralsp\\\/wp-content\\\/uploads\\\/sites\\\/3\\\/2022\\\/06\\\/sobrinho-de-deputado.png\",\"datePublished\":\"2022-06-29T14:00:32+00:00\",\"description\":\"Na Estrada do Jurumirim, em Registro, a Pol\u00edcia Civil encontrou o corpo de Matheus Kruszynski Gon\u00e7alves Rezende Lara, sobrinho\",\"inLanguage\":\"pt-BR\",\"potentialAction\":[{\"@type\":\"ReadAction\",\"target\":[\"https:\\\/\\\/redenoticiaz.com.br\\\/litoralsp\\\/2022\\\/06\\\/29\\\/corpo-de-sobrinho-do-deputado-federal-samuel-moreira-e-encontrado-morto\"]}]},{\"@type\":\"ImageObject\",\"inLanguage\":\"pt-BR\",\"@id\":\"https:\\\/\\\/redenoticiaz.com.br\\\/litoralsp\\\/2022\\\/06\\\/29\\\/corpo-de-sobrinho-do-deputado-federal-samuel-moreira-e-encontrado-morto#primaryimage\",\"url\":\"https:\\\/\\\/redenoticiaz.com.br\\\/litoralsp\\\/wp-content\\\/uploads\\\/sites\\\/3\\\/2022\\\/06\\\/sobrinho-de-deputado.png\",\"contentUrl\":\"https:\\\/\\\/redenoticiaz.com.br\\\/litoralsp\\\/wp-content\\\/uploads\\\/sites\\\/3\\\/2022\\\/06\\\/sobrinho-de-deputado.png\",\"width\":590,\"height\":401,\"caption\":\"Cr\u00e9ditos: Reprodu\u00e7\u00e3o\\\/Redes Sociais\"},{\"@type\":\"WebSite\",\"@id\":\"https:\\\/\\\/redenoticiaz.com.br\\\/litoralsp\\\/#website\",\"url\":\"https:\\\/\\\/redenoticiaz.com.br\\\/litoralsp\\\/\",\"name\":\"Litoral SP\",\"description\":\"Rede NoticiaZ\",\"publisher\":{\"@id\":\"https:\\\/\\\/redenoticiaz.com.br\\\/litoralsp\\\/#organization\"},\"potentialAction\":[{\"@type\":\"SearchAction\",\"target\":{\"@type\":\"EntryPoint\",\"urlTemplate\":\"https:\\\/\\\/redenoticiaz.com.br\\\/litoralsp\\\/?s={search_term_string}\"},\"query-input\":{\"@type\":\"PropertyValueSpecification\",\"valueRequired\":true,\"valueName\":\"search_term_string\"}}],\"inLanguage\":\"pt-BR\"},{\"@type\":\"Organization\",\"@id\":\"https:\\\/\\\/redenoticiaz.com.br\\\/litoralsp\\\/#organization\",\"name\":\"Litoral SP\",\"url\":\"https:\\\/\\\/redenoticiaz.com.br\\\/litoralsp\\\/\",\"logo\":{\"@type\":\"ImageObject\",\"inLanguage\":\"pt-BR\",\"@id\":\"https:\\\/\\\/redenoticiaz.com.br\\\/litoralsp\\\/#\\\/schema\\\/logo\\\/image\\\/\",\"url\":\"https:\\\/\\\/redenoticiaz.com.br\\\/litoralsp\\\/wp-content\\\/uploads\\\/sites\\\/3\\\/2020\\\/11\\\/logo.jpg\",\"contentUrl\":\"https:\\\/\\\/redenoticiaz.com.br\\\/litoralsp\\\/wp-content\\\/uploads\\\/sites\\\/3\\\/2020\\\/11\\\/logo.jpg\",\"width\":400,\"height\":250,\"caption\":\"Litoral SP\"},\"image\":{\"@id\":\"https:\\\/\\\/redenoticiaz.com.br\\\/litoralsp\\\/#\\\/schema\\\/logo\\\/image\\\/\"}},{\"@type\":\"Person\",\"@id\":\"https:\\\/\\\/redenoticiaz.com.br\\\/litoralsp\\\/#\\\/schema\\\/person\\\/0f0b8a5bdafefe82841e07ae8d81ecb3\",\"name\":\"Leonardo Francisco\",\"image\":{\"@type\":\"ImageObject\",\"inLanguage\":\"pt-BR\",\"@id\":\"https:\\\/\\\/secure.gravatar.com\\\/avatar\\\/a7358cb406a99b682ec6df1e77e31ae82e63601f6784e8a3df411d72b37864da?s=96&d=mm&r=g\",\"url\":\"https:\\\/\\\/secure.gravatar.com\\\/avatar\\\/a7358cb406a99b682ec6df1e77e31ae82e63601f6784e8a3df411d72b37864da?s=96&d=mm&r=g\",\"contentUrl\":\"https:\\\/\\\/secure.gravatar.com\\\/avatar\\\/a7358cb406a99b682ec6df1e77e31ae82e63601f6784e8a3df411d72b37864da?s=96&d=mm&r=g\",\"caption\":\"Leonardo Francisco\"},\"url\":\"https:\\\/\\\/redenoticiaz.com.br\\\/litoralsp\\\/author\\\/leonardo-francisco\"}]}<\/script>\n<!-- \/ Yoast SEO plugin. -->","yoast_head_json":{"title":"Corpo de sobrinho do deputado federal Samuel Moreira \u00e9 encontrado morto - Litoral SP","description":"Na Estrada do Jurumirim, em Registro, a Pol\u00edcia Civil encontrou o corpo de Matheus Kruszynski Gon\u00e7alves Rezende Lara, sobrinho","robots":{"index":"index","follow":"follow","max-snippet":"max-snippet:-1","max-image-preview":"max-image-preview:large","max-video-preview":"max-video-preview:-1"},"canonical":"https:\/\/redenoticiaz.com.br\/litoralsp\/2022\/06\/29\/corpo-de-sobrinho-do-deputado-federal-samuel-moreira-e-encontrado-morto","og_locale":"pt_BR","og_type":"article","og_title":"Corpo de sobrinho do deputado federal Samuel Moreira \u00e9 encontrado morto - Litoral SP","og_description":"Na Estrada do Jurumirim, em Registro, a Pol\u00edcia Civil encontrou o corpo de Matheus Kruszynski Gon\u00e7alves Rezende Lara, sobrinho","og_url":"https:\/\/redenoticiaz.com.br\/litoralsp\/2022\/06\/29\/corpo-de-sobrinho-do-deputado-federal-samuel-moreira-e-encontrado-morto","og_site_name":"Litoral SP","article_published_time":"2022-06-29T14:00:32+00:00","og_image":[{"width":590,"height":401,"url":"https:\/\/redenoticiaz.com.br\/litoralsp\/wp-content\/uploads\/sites\/3\/2022\/06\/sobrinho-de-deputado.png","type":"image\/png"}],"author":"Leonardo Francisco","twitter_card":"summary_large_image","twitter_misc":{"Escrito por":"Leonardo Francisco","Est. tempo de leitura":"2 minutos"},"schema":{"@context":"https:\/\/schema.org","@graph":[{"@type":"Article","@id":"https:\/\/redenoticiaz.com.br\/litoralsp\/2022\/06\/29\/corpo-de-sobrinho-do-deputado-federal-samuel-moreira-e-encontrado-morto#article","isPartOf":{"@id":"https:\/\/redenoticiaz.com.br\/litoralsp\/2022\/06\/29\/corpo-de-sobrinho-do-deputado-federal-samuel-moreira-e-encontrado-morto"},"author":{"name":"Leonardo Francisco","@id":"https:\/\/redenoticiaz.com.br\/litoralsp\/#\/schema\/person\/0f0b8a5bdafefe82841e07ae8d81ecb3"},"headline":"Corpo de sobrinho do deputado federal Samuel Moreira \u00e9 encontrado morto","datePublished":"2022-06-29T14:00:32+00:00","mainEntityOfPage":{"@id":"https:\/\/redenoticiaz.com.br\/litoralsp\/2022\/06\/29\/corpo-de-sobrinho-do-deputado-federal-samuel-moreira-e-encontrado-morto"},"wordCount":299,"commentCount":0,"publisher":{"@id":"https:\/\/redenoticiaz.com.br\/litoralsp\/#organization"},"image":{"@id":"https:\/\/redenoticiaz.com.br\/litoralsp\/2022\/06\/29\/corpo-de-sobrinho-do-deputado-federal-samuel-moreira-e-encontrado-morto#primaryimage"},"thumbnailUrl":"https:\/\/redenoticiaz.com.br\/litoralsp\/wp-content\/uploads\/sites\/3\/2022\/06\/sobrinho-de-deputado.png","keywords":["DEPUTADO FEDERAL SAMUEL MOREIRA","DESAPARECIMENTO","ESTRADA DO JURUMIRIM","POL\u00cdCIA CIVIL","REGISTRO","SOBRINHO DE SAMUEL MOREIRA"],"articleSection":["Pol\u00edcia","Registro"],"inLanguage":"pt-BR","potentialAction":[{"@type":"CommentAction","name":"Comment","target":["https:\/\/redenoticiaz.com.br\/litoralsp\/2022\/06\/29\/corpo-de-sobrinho-do-deputado-federal-samuel-moreira-e-encontrado-morto#respond"]}]},{"@type":"WebPage","@id":"https:\/\/redenoticiaz.com.br\/litoralsp\/2022\/06\/29\/corpo-de-sobrinho-do-deputado-federal-samuel-moreira-e-encontrado-morto","url":"https:\/\/redenoticiaz.com.br\/litoralsp\/2022\/06\/29\/corpo-de-sobrinho-do-deputado-federal-samuel-moreira-e-encontrado-morto","name":"Corpo de sobrinho do deputado federal Samuel Moreira \u00e9 encontrado morto - Litoral SP","isPartOf":{"@id":"https:\/\/redenoticiaz.com.br\/litoralsp\/#website"},"primaryImageOfPage":{"@id":"https:\/\/redenoticiaz.com.br\/litoralsp\/2022\/06\/29\/corpo-de-sobrinho-do-deputado-federal-samuel-moreira-e-encontrado-morto#primaryimage"},"image":{"@id":"https:\/\/redenoticiaz.com.br\/litoralsp\/2022\/06\/29\/corpo-de-sobrinho-do-deputado-federal-samuel-moreira-e-encontrado-morto#primaryimage"},"thumbnailUrl":"https:\/\/redenoticiaz.com.br\/litoralsp\/wp-content\/uploads\/sites\/3\/2022\/06\/sobrinho-de-deputado.png","datePublished":"2022-06-29T14:00:32+00:00","description":"Na Estrada do Jurumirim, em Registro, a Pol\u00edcia Civil encontrou o corpo de Matheus Kruszynski Gon\u00e7alves Rezende Lara, sobrinho","inLanguage":"pt-BR","potentialAction":[{"@type":"ReadAction","target":["https:\/\/redenoticiaz.com.br\/litoralsp\/2022\/06\/29\/corpo-de-sobrinho-do-deputado-federal-samuel-moreira-e-encontrado-morto"]}]},{"@type":"ImageObject","inLanguage":"pt-BR","@id":"https:\/\/redenoticiaz.com.br\/litoralsp\/2022\/06\/29\/corpo-de-sobrinho-do-deputado-federal-samuel-moreira-e-encontrado-morto#primaryimage","url":"https:\/\/redenoticiaz.com.br\/litoralsp\/wp-content\/uploads\/sites\/3\/2022\/06\/sobrinho-de-deputado.png","contentUrl":"https:\/\/redenoticiaz.com.br\/litoralsp\/wp-content\/uploads\/sites\/3\/2022\/06\/sobrinho-de-deputado.png","width":590,"height":401,"caption":"Cr\u00e9ditos: Reprodu\u00e7\u00e3o\/Redes Sociais"},{"@type":"WebSite","@id":"https:\/\/redenoticiaz.com.br\/litoralsp\/#website","url":"https:\/\/redenoticiaz.com.br\/litoralsp\/","name":"Litoral SP","description":"Rede NoticiaZ","publisher":{"@id":"https:\/\/redenoticiaz.com.br\/litoralsp\/#organization"},"potentialAction":[{"@type":"SearchAction","target":{"@type":"EntryPoint","urlTemplate":"https:\/\/redenoticiaz.com.br\/litoralsp\/?s={search_term_string}"},"query-input":{"@type":"PropertyValueSpecification","valueRequired":true,"valueName":"search_term_string"}}],"inLanguage":"pt-BR"},{"@type":"Organization","@id":"https:\/\/redenoticiaz.com.br\/litoralsp\/#organization","name":"Litoral SP","url":"https:\/\/redenoticiaz.com.br\/litoralsp\/","logo":{"@type":"ImageObject","inLanguage":"pt-BR","@id":"https:\/\/redenoticiaz.com.br\/litoralsp\/#\/schema\/logo\/image\/","url":"https:\/\/redenoticiaz.com.br\/litoralsp\/wp-content\/uploads\/sites\/3\/2020\/11\/logo.jpg","contentUrl":"https:\/\/redenoticiaz.com.br\/litoralsp\/wp-content\/uploads\/sites\/3\/2020\/11\/logo.jpg","width":400,"height":250,"caption":"Litoral SP"},"image":{"@id":"https:\/\/redenoticiaz.com.br\/litoralsp\/#\/schema\/logo\/image\/"}},{"@type":"Person","@id":"https:\/\/redenoticiaz.com.br\/litoralsp\/#\/schema\/person\/0f0b8a5bdafefe82841e07ae8d81ecb3","name":"Leonardo Francisco","image":{"@type":"ImageObject","inLanguage":"pt-BR","@id":"https:\/\/secure.gravatar.com\/avatar\/a7358cb406a99b682ec6df1e77e31ae82e63601f6784e8a3df411d72b37864da?s=96&d=mm&r=g","url":"https:\/\/secure.gravatar.com\/avatar\/a7358cb406a99b682ec6df1e77e31ae82e63601f6784e8a3df411d72b37864da?s=96&d=mm&r=g","contentUrl":"https:\/\/secure.gravatar.com\/avatar\/a7358cb406a99b682ec6df1e77e31ae82e63601f6784e8a3df411d72b37864da?s=96&d=mm&r=g","caption":"Leonardo Francisco"},"url":"https:\/\/redenoticiaz.com.br\/litoralsp\/author\/leonardo-francisco"}]}},"_links":{"self":[{"href":"https:\/\/redenoticiaz.com.br\/litoralsp\/wp-json\/wp\/v2\/posts\/87110","targetHints":{"allow":["GET"]}}],"collection":[{"href":"https:\/\/redenoticiaz.com.br\/litoralsp\/wp-json\/wp\/v2\/posts"}],"about":[{"href":"https:\/\/redenoticiaz.com.br\/litoralsp\/wp-json\/wp\/v2\/types\/post"}],"author":[{"embeddable":true,"href":"https:\/\/redenoticiaz.com.br\/litoralsp\/wp-json\/wp\/v2\/users\/6"}],"replies":[{"embeddable":true,"href":"https:\/\/redenoticiaz.com.br\/litoralsp\/wp-json\/wp\/v2\/comments?post=87110"}],"version-history":[{"count":1,"href":"https:\/\/redenoticiaz.com.br\/litoralsp\/wp-json\/wp\/v2\/posts\/87110\/revisions"}],"predecessor-version":[{"id":87112,"href":"https:\/\/redenoticiaz.com.br\/litoralsp\/wp-json\/wp\/v2\/posts\/87110\/revisions\/87112"}],"wp:featuredmedia":[{"embeddable":true,"href":"https:\/\/redenoticiaz.com.br\/litoralsp\/wp-json\/wp\/v2\/media\/87111"}],"wp:attachment":[{"href":"https:\/\/redenoticiaz.com.br\/litoralsp\/wp-json\/wp\/v2\/media?parent=87110"}],"wp:term":[{"taxonomy":"category","embeddable":true,"href":"https:\/\/redenoticiaz.com.br\/litoralsp\/wp-json\/wp\/v2\/categories?post=87110"},{"taxonomy":"post_tag","embeddable":true,"href":"https:\/\/redenoticiaz.com.br\/litoralsp\/wp-json\/wp\/v2\/tags?post=87110"}],"curies":[{"name":"wp","href":"https:\/\/api.w.org\/{rel}","templated":true}]}}