{"id":87383,"date":"2022-07-04T09:19:58","date_gmt":"2022-07-04T12:19:58","guid":{"rendered":"https:\/\/redenoticiaz.com.br\/litoralsp\/?p=87383"},"modified":"2022-07-04T09:19:58","modified_gmt":"2022-07-04T12:19:58","slug":"homem-amarrado-e-com-marca-de-tiros-e-encontrado-as-margens-de-rodovia-do-guaruja","status":"publish","type":"post","link":"https:\/\/redenoticiaz.com.br\/litoralsp\/2022\/07\/04\/homem-amarrado-e-com-marca-de-tiros-e-encontrado-as-margens-de-rodovia-do-guaruja","title":{"rendered":"Homem amarrado e com marca de tiros \u00e9 encontrado as margens de rodovia do Guaruj\u00e1"},"content":{"rendered":"<p>Foi localizado no Morrinhos, em <a href=\"https:\/\/www.guaruja.sp.gov.br\/\">Guaruj\u00e1<\/a>, o corpo de um homem de 26 anos. Ele estava morto, com os <strong>bra\u00e7os e pernas amarrados e com marcas de tiros<\/strong>. A Pol\u00edcia Civil acredita na hip\u00f3tese de que ele tenha sofrido uma execu\u00e7\u00e3o.<\/p>\n<p>O corpo dele estava nas margens da Rodovia C\u00f4nego Dom\u00eanico Rangoni, pr\u00f3ximo ao viaduto da entrada do Morrinhos no domingo (3). Segundo a Pol\u00edcia Militar, uma equipe foi acionada no come\u00e7o da tarde, ap\u00f3s moradores verem o cad\u00e1ver.<\/p>\n<p>Quando os policiais chegaram ao local do crime, perceberam que a v\u00edtima tinha perfura\u00e7\u00f5es no t\u00f3rax, bra\u00e7os e pernas. Os policiais tamb\u00e9m encontraram o documento do jovem, identificado como Vin\u00edcius Caprio.<\/p>\n<div class=\"mc-column content-text active-extra-styles \" data-block-type=\"unstyled\" data-block-weight=\"35\" data-block-id=\"8\">\n<p class=\"content-text__container \" data-track-category=\"Link no Texto\" data-track-links=\"\">A Pol\u00edcia Militar Rodovi\u00e1ria isolou o local at\u00e9 a retirado do corpo. O caso deve ser registrado no 2\u00ba Distrito Policial (DP) de Guaruj\u00e1. At\u00e9 o momento n\u00e3o h\u00e1 informa\u00e7\u00f5es sobre os autores do homic\u00eddio.<\/p>\n<p data-track-category=\"Link no Texto\" data-track-links=\"\"><strong>LEIA TAMB\u00c9M<\/strong><\/p>\n<p data-track-category=\"Link no Texto\" data-track-links=\"\"><a href=\"https:\/\/redenoticiaz.com.br\/litoralsp\/2022\/07\/02\/homem-e-encontrado-baleado-e-morto-em-santos\">Homem \u00e9 encontrado baleado e morto em Santos<\/a><\/p>\n<\/div>\n","protected":false},"excerpt":{"rendered":"<p>Foi localizado no Morrinhos, em Guaruj\u00e1, o corpo de um homem de 26 anos. Ele estava morto, com os bra\u00e7os e pernas amarrados e com marcas de tiros. A Pol\u00edcia Civil acredita na hip\u00f3tese de que ele tenha sofrido uma execu\u00e7\u00e3o. O corpo dele estava nas margens da Rodovia C\u00f4nego Dom\u00eanico Rangoni, pr\u00f3ximo ao viaduto &hellip;<\/p>\n","protected":false},"author":6,"featured_media":87384,"comment_status":"open","ping_status":"closed","sticky":false,"template":"","format":"standard","meta":{"footnotes":""},"categories":[187,10],"tags":[19687,1006,20536,1766,5001],"class_list":["post-87383","post","type-post","status-publish","format-standard","has-post-thumbnail","hentry","category-guaruja","category-policia","tag-corpo-de-homem","tag-guaruja","tag-morrinhos","tag-policia-militar","tag-rodovia-conego-domenico-rangoni"],"yoast_head":"<!-- This site is optimized with the Yoast SEO plugin v27.5 - https:\/\/yoast.com\/product\/yoast-seo-wordpress\/ -->\n<title>Homem amarrado e com marca de tiros \u00e9 encontrado as margens de rodovia do Guaruj\u00e1 - Litoral SP<\/title>\n<meta name=\"description\" content=\"Morrinhos, em Guaruj\u00e1, o corpo de um homem de 26 anos. Ele estava morto, com os bra\u00e7os e pernas amarrados e com marcas de tiros. A Pol\u00edcia Civil\" \/>\n<meta name=\"robots\" content=\"index, follow, max-snippet:-1, max-image-preview:large, max-video-preview:-1\" \/>\n<link rel=\"canonical\" href=\"https:\/\/redenoticiaz.com.br\/litoralsp\/2022\/07\/04\/homem-amarrado-e-com-marca-de-tiros-e-encontrado-as-margens-de-rodovia-do-guaruja\" \/>\n<meta property=\"og:locale\" content=\"pt_BR\" \/>\n<meta property=\"og:type\" content=\"article\" \/>\n<meta property=\"og:title\" content=\"Homem amarrado e com marca de tiros \u00e9 encontrado as margens de rodovia do Guaruj\u00e1 - Litoral SP\" \/>\n<meta property=\"og:description\" content=\"Morrinhos, em Guaruj\u00e1, o corpo de um homem de 26 anos. Ele estava morto, com os bra\u00e7os e pernas amarrados e com marcas de tiros. A Pol\u00edcia Civil\" \/>\n<meta property=\"og:url\" content=\"https:\/\/redenoticiaz.com.br\/litoralsp\/2022\/07\/04\/homem-amarrado-e-com-marca-de-tiros-e-encontrado-as-margens-de-rodovia-do-guaruja\" \/>\n<meta property=\"og:site_name\" content=\"Litoral SP\" \/>\n<meta property=\"article:published_time\" content=\"2022-07-04T12:19:58+00:00\" \/>\n<meta property=\"og:image\" content=\"https:\/\/redenoticiaz.com.br\/litoralsp\/wp-content\/uploads\/sites\/3\/2022\/07\/CORPO-HOMEM.png\" \/>\n\t<meta property=\"og:image:width\" content=\"590\" \/>\n\t<meta property=\"og:image:height\" content=\"370\" \/>\n\t<meta property=\"og:image:type\" content=\"image\/png\" \/>\n<meta name=\"author\" content=\"Leonardo Francisco\" \/>\n<meta name=\"twitter:card\" content=\"summary_large_image\" \/>\n<meta name=\"twitter:label1\" content=\"Escrito por\" \/>\n\t<meta name=\"twitter:data1\" content=\"Leonardo Francisco\" \/>\n\t<meta name=\"twitter:label2\" content=\"Est. tempo de leitura\" \/>\n\t<meta name=\"twitter:data2\" content=\"1 minuto\" \/>\n<script type=\"application\/ld+json\" class=\"yoast-schema-graph\">{\"@context\":\"https:\\\/\\\/schema.org\",\"@graph\":[{\"@type\":\"Article\",\"@id\":\"https:\\\/\\\/redenoticiaz.com.br\\\/litoralsp\\\/2022\\\/07\\\/04\\\/homem-amarrado-e-com-marca-de-tiros-e-encontrado-as-margens-de-rodovia-do-guaruja#article\",\"isPartOf\":{\"@id\":\"https:\\\/\\\/redenoticiaz.com.br\\\/litoralsp\\\/2022\\\/07\\\/04\\\/homem-amarrado-e-com-marca-de-tiros-e-encontrado-as-margens-de-rodovia-do-guaruja\"},\"author\":{\"name\":\"Leonardo Francisco\",\"@id\":\"https:\\\/\\\/redenoticiaz.com.br\\\/litoralsp\\\/#\\\/schema\\\/person\\\/0f0b8a5bdafefe82841e07ae8d81ecb3\"},\"headline\":\"Homem amarrado e com marca de tiros \u00e9 encontrado as margens de rodovia do Guaruj\u00e1\",\"datePublished\":\"2022-07-04T12:19:58+00:00\",\"mainEntityOfPage\":{\"@id\":\"https:\\\/\\\/redenoticiaz.com.br\\\/litoralsp\\\/2022\\\/07\\\/04\\\/homem-amarrado-e-com-marca-de-tiros-e-encontrado-as-margens-de-rodovia-do-guaruja\"},\"wordCount\":188,\"commentCount\":0,\"publisher\":{\"@id\":\"https:\\\/\\\/redenoticiaz.com.br\\\/litoralsp\\\/#organization\"},\"image\":{\"@id\":\"https:\\\/\\\/redenoticiaz.com.br\\\/litoralsp\\\/2022\\\/07\\\/04\\\/homem-amarrado-e-com-marca-de-tiros-e-encontrado-as-margens-de-rodovia-do-guaruja#primaryimage\"},\"thumbnailUrl\":\"https:\\\/\\\/redenoticiaz.com.br\\\/litoralsp\\\/wp-content\\\/uploads\\\/sites\\\/3\\\/2022\\\/07\\\/CORPO-HOMEM.png\",\"keywords\":[\"CORPO DE HOMEM\",\"GUARUJ\u00c1\",\"MORRINHOS\",\"policia militar\",\"RODOVIA C\u00d4NEGO DOM\u00caNICO RANGONI\"],\"articleSection\":[\"Guaruj\u00e1\",\"Pol\u00edcia\"],\"inLanguage\":\"pt-BR\",\"potentialAction\":[{\"@type\":\"CommentAction\",\"name\":\"Comment\",\"target\":[\"https:\\\/\\\/redenoticiaz.com.br\\\/litoralsp\\\/2022\\\/07\\\/04\\\/homem-amarrado-e-com-marca-de-tiros-e-encontrado-as-margens-de-rodovia-do-guaruja#respond\"]}]},{\"@type\":\"WebPage\",\"@id\":\"https:\\\/\\\/redenoticiaz.com.br\\\/litoralsp\\\/2022\\\/07\\\/04\\\/homem-amarrado-e-com-marca-de-tiros-e-encontrado-as-margens-de-rodovia-do-guaruja\",\"url\":\"https:\\\/\\\/redenoticiaz.com.br\\\/litoralsp\\\/2022\\\/07\\\/04\\\/homem-amarrado-e-com-marca-de-tiros-e-encontrado-as-margens-de-rodovia-do-guaruja\",\"name\":\"Homem amarrado e com marca de tiros \u00e9 encontrado as margens de rodovia do Guaruj\u00e1 - Litoral SP\",\"isPartOf\":{\"@id\":\"https:\\\/\\\/redenoticiaz.com.br\\\/litoralsp\\\/#website\"},\"primaryImageOfPage\":{\"@id\":\"https:\\\/\\\/redenoticiaz.com.br\\\/litoralsp\\\/2022\\\/07\\\/04\\\/homem-amarrado-e-com-marca-de-tiros-e-encontrado-as-margens-de-rodovia-do-guaruja#primaryimage\"},\"image\":{\"@id\":\"https:\\\/\\\/redenoticiaz.com.br\\\/litoralsp\\\/2022\\\/07\\\/04\\\/homem-amarrado-e-com-marca-de-tiros-e-encontrado-as-margens-de-rodovia-do-guaruja#primaryimage\"},\"thumbnailUrl\":\"https:\\\/\\\/redenoticiaz.com.br\\\/litoralsp\\\/wp-content\\\/uploads\\\/sites\\\/3\\\/2022\\\/07\\\/CORPO-HOMEM.png\",\"datePublished\":\"2022-07-04T12:19:58+00:00\",\"description\":\"Morrinhos, em Guaruj\u00e1, o corpo de um homem de 26 anos. Ele estava morto, com os bra\u00e7os e pernas amarrados e com marcas de tiros. A Pol\u00edcia Civil\",\"inLanguage\":\"pt-BR\",\"potentialAction\":[{\"@type\":\"ReadAction\",\"target\":[\"https:\\\/\\\/redenoticiaz.com.br\\\/litoralsp\\\/2022\\\/07\\\/04\\\/homem-amarrado-e-com-marca-de-tiros-e-encontrado-as-margens-de-rodovia-do-guaruja\"]}]},{\"@type\":\"ImageObject\",\"inLanguage\":\"pt-BR\",\"@id\":\"https:\\\/\\\/redenoticiaz.com.br\\\/litoralsp\\\/2022\\\/07\\\/04\\\/homem-amarrado-e-com-marca-de-tiros-e-encontrado-as-margens-de-rodovia-do-guaruja#primaryimage\",\"url\":\"https:\\\/\\\/redenoticiaz.com.br\\\/litoralsp\\\/wp-content\\\/uploads\\\/sites\\\/3\\\/2022\\\/07\\\/CORPO-HOMEM.png\",\"contentUrl\":\"https:\\\/\\\/redenoticiaz.com.br\\\/litoralsp\\\/wp-content\\\/uploads\\\/sites\\\/3\\\/2022\\\/07\\\/CORPO-HOMEM.png\",\"width\":590,\"height\":370,\"caption\":\"Cr\u00e9ditos: Reprodu\u00e7\u00e3o\\\/Guaruj\u00e1 Mil Grau\"},{\"@type\":\"WebSite\",\"@id\":\"https:\\\/\\\/redenoticiaz.com.br\\\/litoralsp\\\/#website\",\"url\":\"https:\\\/\\\/redenoticiaz.com.br\\\/litoralsp\\\/\",\"name\":\"Litoral SP\",\"description\":\"Rede NoticiaZ\",\"publisher\":{\"@id\":\"https:\\\/\\\/redenoticiaz.com.br\\\/litoralsp\\\/#organization\"},\"potentialAction\":[{\"@type\":\"SearchAction\",\"target\":{\"@type\":\"EntryPoint\",\"urlTemplate\":\"https:\\\/\\\/redenoticiaz.com.br\\\/litoralsp\\\/?s={search_term_string}\"},\"query-input\":{\"@type\":\"PropertyValueSpecification\",\"valueRequired\":true,\"valueName\":\"search_term_string\"}}],\"inLanguage\":\"pt-BR\"},{\"@type\":\"Organization\",\"@id\":\"https:\\\/\\\/redenoticiaz.com.br\\\/litoralsp\\\/#organization\",\"name\":\"Litoral SP\",\"url\":\"https:\\\/\\\/redenoticiaz.com.br\\\/litoralsp\\\/\",\"logo\":{\"@type\":\"ImageObject\",\"inLanguage\":\"pt-BR\",\"@id\":\"https:\\\/\\\/redenoticiaz.com.br\\\/litoralsp\\\/#\\\/schema\\\/logo\\\/image\\\/\",\"url\":\"https:\\\/\\\/redenoticiaz.com.br\\\/litoralsp\\\/wp-content\\\/uploads\\\/sites\\\/3\\\/2020\\\/11\\\/logo.jpg\",\"contentUrl\":\"https:\\\/\\\/redenoticiaz.com.br\\\/litoralsp\\\/wp-content\\\/uploads\\\/sites\\\/3\\\/2020\\\/11\\\/logo.jpg\",\"width\":400,\"height\":250,\"caption\":\"Litoral SP\"},\"image\":{\"@id\":\"https:\\\/\\\/redenoticiaz.com.br\\\/litoralsp\\\/#\\\/schema\\\/logo\\\/image\\\/\"}},{\"@type\":\"Person\",\"@id\":\"https:\\\/\\\/redenoticiaz.com.br\\\/litoralsp\\\/#\\\/schema\\\/person\\\/0f0b8a5bdafefe82841e07ae8d81ecb3\",\"name\":\"Leonardo Francisco\",\"image\":{\"@type\":\"ImageObject\",\"inLanguage\":\"pt-BR\",\"@id\":\"https:\\\/\\\/secure.gravatar.com\\\/avatar\\\/a7358cb406a99b682ec6df1e77e31ae82e63601f6784e8a3df411d72b37864da?s=96&d=mm&r=g\",\"url\":\"https:\\\/\\\/secure.gravatar.com\\\/avatar\\\/a7358cb406a99b682ec6df1e77e31ae82e63601f6784e8a3df411d72b37864da?s=96&d=mm&r=g\",\"contentUrl\":\"https:\\\/\\\/secure.gravatar.com\\\/avatar\\\/a7358cb406a99b682ec6df1e77e31ae82e63601f6784e8a3df411d72b37864da?s=96&d=mm&r=g\",\"caption\":\"Leonardo Francisco\"},\"url\":\"https:\\\/\\\/redenoticiaz.com.br\\\/litoralsp\\\/author\\\/leonardo-francisco\"}]}<\/script>\n<!-- \/ Yoast SEO plugin. -->","yoast_head_json":{"title":"Homem amarrado e com marca de tiros \u00e9 encontrado as margens de rodovia do Guaruj\u00e1 - Litoral SP","description":"Morrinhos, em Guaruj\u00e1, o corpo de um homem de 26 anos. Ele estava morto, com os bra\u00e7os e pernas amarrados e com marcas de tiros. A Pol\u00edcia Civil","robots":{"index":"index","follow":"follow","max-snippet":"max-snippet:-1","max-image-preview":"max-image-preview:large","max-video-preview":"max-video-preview:-1"},"canonical":"https:\/\/redenoticiaz.com.br\/litoralsp\/2022\/07\/04\/homem-amarrado-e-com-marca-de-tiros-e-encontrado-as-margens-de-rodovia-do-guaruja","og_locale":"pt_BR","og_type":"article","og_title":"Homem amarrado e com marca de tiros \u00e9 encontrado as margens de rodovia do Guaruj\u00e1 - Litoral SP","og_description":"Morrinhos, em Guaruj\u00e1, o corpo de um homem de 26 anos. Ele estava morto, com os bra\u00e7os e pernas amarrados e com marcas de tiros. A Pol\u00edcia Civil","og_url":"https:\/\/redenoticiaz.com.br\/litoralsp\/2022\/07\/04\/homem-amarrado-e-com-marca-de-tiros-e-encontrado-as-margens-de-rodovia-do-guaruja","og_site_name":"Litoral SP","article_published_time":"2022-07-04T12:19:58+00:00","og_image":[{"width":590,"height":370,"url":"https:\/\/redenoticiaz.com.br\/litoralsp\/wp-content\/uploads\/sites\/3\/2022\/07\/CORPO-HOMEM.png","type":"image\/png"}],"author":"Leonardo Francisco","twitter_card":"summary_large_image","twitter_misc":{"Escrito por":"Leonardo Francisco","Est. tempo de leitura":"1 minuto"},"schema":{"@context":"https:\/\/schema.org","@graph":[{"@type":"Article","@id":"https:\/\/redenoticiaz.com.br\/litoralsp\/2022\/07\/04\/homem-amarrado-e-com-marca-de-tiros-e-encontrado-as-margens-de-rodovia-do-guaruja#article","isPartOf":{"@id":"https:\/\/redenoticiaz.com.br\/litoralsp\/2022\/07\/04\/homem-amarrado-e-com-marca-de-tiros-e-encontrado-as-margens-de-rodovia-do-guaruja"},"author":{"name":"Leonardo Francisco","@id":"https:\/\/redenoticiaz.com.br\/litoralsp\/#\/schema\/person\/0f0b8a5bdafefe82841e07ae8d81ecb3"},"headline":"Homem amarrado e com marca de tiros \u00e9 encontrado as margens de rodovia do Guaruj\u00e1","datePublished":"2022-07-04T12:19:58+00:00","mainEntityOfPage":{"@id":"https:\/\/redenoticiaz.com.br\/litoralsp\/2022\/07\/04\/homem-amarrado-e-com-marca-de-tiros-e-encontrado-as-margens-de-rodovia-do-guaruja"},"wordCount":188,"commentCount":0,"publisher":{"@id":"https:\/\/redenoticiaz.com.br\/litoralsp\/#organization"},"image":{"@id":"https:\/\/redenoticiaz.com.br\/litoralsp\/2022\/07\/04\/homem-amarrado-e-com-marca-de-tiros-e-encontrado-as-margens-de-rodovia-do-guaruja#primaryimage"},"thumbnailUrl":"https:\/\/redenoticiaz.com.br\/litoralsp\/wp-content\/uploads\/sites\/3\/2022\/07\/CORPO-HOMEM.png","keywords":["CORPO DE HOMEM","GUARUJ\u00c1","MORRINHOS","policia militar","RODOVIA C\u00d4NEGO DOM\u00caNICO RANGONI"],"articleSection":["Guaruj\u00e1","Pol\u00edcia"],"inLanguage":"pt-BR","potentialAction":[{"@type":"CommentAction","name":"Comment","target":["https:\/\/redenoticiaz.com.br\/litoralsp\/2022\/07\/04\/homem-amarrado-e-com-marca-de-tiros-e-encontrado-as-margens-de-rodovia-do-guaruja#respond"]}]},{"@type":"WebPage","@id":"https:\/\/redenoticiaz.com.br\/litoralsp\/2022\/07\/04\/homem-amarrado-e-com-marca-de-tiros-e-encontrado-as-margens-de-rodovia-do-guaruja","url":"https:\/\/redenoticiaz.com.br\/litoralsp\/2022\/07\/04\/homem-amarrado-e-com-marca-de-tiros-e-encontrado-as-margens-de-rodovia-do-guaruja","name":"Homem amarrado e com marca de tiros \u00e9 encontrado as margens de rodovia do Guaruj\u00e1 - Litoral SP","isPartOf":{"@id":"https:\/\/redenoticiaz.com.br\/litoralsp\/#website"},"primaryImageOfPage":{"@id":"https:\/\/redenoticiaz.com.br\/litoralsp\/2022\/07\/04\/homem-amarrado-e-com-marca-de-tiros-e-encontrado-as-margens-de-rodovia-do-guaruja#primaryimage"},"image":{"@id":"https:\/\/redenoticiaz.com.br\/litoralsp\/2022\/07\/04\/homem-amarrado-e-com-marca-de-tiros-e-encontrado-as-margens-de-rodovia-do-guaruja#primaryimage"},"thumbnailUrl":"https:\/\/redenoticiaz.com.br\/litoralsp\/wp-content\/uploads\/sites\/3\/2022\/07\/CORPO-HOMEM.png","datePublished":"2022-07-04T12:19:58+00:00","description":"Morrinhos, em Guaruj\u00e1, o corpo de um homem de 26 anos. Ele estava morto, com os bra\u00e7os e pernas amarrados e com marcas de tiros. A Pol\u00edcia Civil","inLanguage":"pt-BR","potentialAction":[{"@type":"ReadAction","target":["https:\/\/redenoticiaz.com.br\/litoralsp\/2022\/07\/04\/homem-amarrado-e-com-marca-de-tiros-e-encontrado-as-margens-de-rodovia-do-guaruja"]}]},{"@type":"ImageObject","inLanguage":"pt-BR","@id":"https:\/\/redenoticiaz.com.br\/litoralsp\/2022\/07\/04\/homem-amarrado-e-com-marca-de-tiros-e-encontrado-as-margens-de-rodovia-do-guaruja#primaryimage","url":"https:\/\/redenoticiaz.com.br\/litoralsp\/wp-content\/uploads\/sites\/3\/2022\/07\/CORPO-HOMEM.png","contentUrl":"https:\/\/redenoticiaz.com.br\/litoralsp\/wp-content\/uploads\/sites\/3\/2022\/07\/CORPO-HOMEM.png","width":590,"height":370,"caption":"Cr\u00e9ditos: Reprodu\u00e7\u00e3o\/Guaruj\u00e1 Mil Grau"},{"@type":"WebSite","@id":"https:\/\/redenoticiaz.com.br\/litoralsp\/#website","url":"https:\/\/redenoticiaz.com.br\/litoralsp\/","name":"Litoral SP","description":"Rede NoticiaZ","publisher":{"@id":"https:\/\/redenoticiaz.com.br\/litoralsp\/#organization"},"potentialAction":[{"@type":"SearchAction","target":{"@type":"EntryPoint","urlTemplate":"https:\/\/redenoticiaz.com.br\/litoralsp\/?s={search_term_string}"},"query-input":{"@type":"PropertyValueSpecification","valueRequired":true,"valueName":"search_term_string"}}],"inLanguage":"pt-BR"},{"@type":"Organization","@id":"https:\/\/redenoticiaz.com.br\/litoralsp\/#organization","name":"Litoral SP","url":"https:\/\/redenoticiaz.com.br\/litoralsp\/","logo":{"@type":"ImageObject","inLanguage":"pt-BR","@id":"https:\/\/redenoticiaz.com.br\/litoralsp\/#\/schema\/logo\/image\/","url":"https:\/\/redenoticiaz.com.br\/litoralsp\/wp-content\/uploads\/sites\/3\/2020\/11\/logo.jpg","contentUrl":"https:\/\/redenoticiaz.com.br\/litoralsp\/wp-content\/uploads\/sites\/3\/2020\/11\/logo.jpg","width":400,"height":250,"caption":"Litoral SP"},"image":{"@id":"https:\/\/redenoticiaz.com.br\/litoralsp\/#\/schema\/logo\/image\/"}},{"@type":"Person","@id":"https:\/\/redenoticiaz.com.br\/litoralsp\/#\/schema\/person\/0f0b8a5bdafefe82841e07ae8d81ecb3","name":"Leonardo Francisco","image":{"@type":"ImageObject","inLanguage":"pt-BR","@id":"https:\/\/secure.gravatar.com\/avatar\/a7358cb406a99b682ec6df1e77e31ae82e63601f6784e8a3df411d72b37864da?s=96&d=mm&r=g","url":"https:\/\/secure.gravatar.com\/avatar\/a7358cb406a99b682ec6df1e77e31ae82e63601f6784e8a3df411d72b37864da?s=96&d=mm&r=g","contentUrl":"https:\/\/secure.gravatar.com\/avatar\/a7358cb406a99b682ec6df1e77e31ae82e63601f6784e8a3df411d72b37864da?s=96&d=mm&r=g","caption":"Leonardo Francisco"},"url":"https:\/\/redenoticiaz.com.br\/litoralsp\/author\/leonardo-francisco"}]}},"_links":{"self":[{"href":"https:\/\/redenoticiaz.com.br\/litoralsp\/wp-json\/wp\/v2\/posts\/87383","targetHints":{"allow":["GET"]}}],"collection":[{"href":"https:\/\/redenoticiaz.com.br\/litoralsp\/wp-json\/wp\/v2\/posts"}],"about":[{"href":"https:\/\/redenoticiaz.com.br\/litoralsp\/wp-json\/wp\/v2\/types\/post"}],"author":[{"embeddable":true,"href":"https:\/\/redenoticiaz.com.br\/litoralsp\/wp-json\/wp\/v2\/users\/6"}],"replies":[{"embeddable":true,"href":"https:\/\/redenoticiaz.com.br\/litoralsp\/wp-json\/wp\/v2\/comments?post=87383"}],"version-history":[{"count":1,"href":"https:\/\/redenoticiaz.com.br\/litoralsp\/wp-json\/wp\/v2\/posts\/87383\/revisions"}],"predecessor-version":[{"id":87385,"href":"https:\/\/redenoticiaz.com.br\/litoralsp\/wp-json\/wp\/v2\/posts\/87383\/revisions\/87385"}],"wp:featuredmedia":[{"embeddable":true,"href":"https:\/\/redenoticiaz.com.br\/litoralsp\/wp-json\/wp\/v2\/media\/87384"}],"wp:attachment":[{"href":"https:\/\/redenoticiaz.com.br\/litoralsp\/wp-json\/wp\/v2\/media?parent=87383"}],"wp:term":[{"taxonomy":"category","embeddable":true,"href":"https:\/\/redenoticiaz.com.br\/litoralsp\/wp-json\/wp\/v2\/categories?post=87383"},{"taxonomy":"post_tag","embeddable":true,"href":"https:\/\/redenoticiaz.com.br\/litoralsp\/wp-json\/wp\/v2\/tags?post=87383"}],"curies":[{"name":"wp","href":"https:\/\/api.w.org\/{rel}","templated":true}]}}