{"id":87474,"date":"2022-07-05T12:04:27","date_gmt":"2022-07-05T15:04:27","guid":{"rendered":"https:\/\/redenoticiaz.com.br\/litoralsp\/?p=87474"},"modified":"2022-07-05T12:04:27","modified_gmt":"2022-07-05T15:04:27","slug":"foragido-da-justica-por-trafico-e-preso-em-bertioga","status":"publish","type":"post","link":"https:\/\/redenoticiaz.com.br\/litoralsp\/2022\/07\/05\/foragido-da-justica-por-trafico-e-preso-em-bertioga","title":{"rendered":"Foragido da Justi\u00e7a por tr\u00e1fico \u00e9 preso em Bertioga"},"content":{"rendered":"<p>Policiais Civis da Delegacia de <a href=\"http:\/\/www.bertioga.sp.gov.br\/\">Bertioga<\/a> encontraram e prenderam um jovem de 19 anos. Ele \u00e9 acusado de cometer o tr\u00e1fico de drogas na cidade e estava <strong>foragido da Justi\u00e7a<\/strong>. A pris\u00e3o dele ocorreu na segunda-feira (4).<\/p>\n<p>Segundo a Pol\u00edcia Civil, os investigadores buscavam saber o paradeiro dele. Ap\u00f3s dilig\u00eancias em campo, a equipe descobriu que o jovem estaria escondido em um im\u00f3vel situado no bairro Jardim Vista Alegre.<\/p>\n<p>Os policiais estavam com o mandado de pris\u00e3o cautelar e ao chegarem no im\u00f3vel encontraram o foragido. Ap\u00f3s os procedimentos referentes \u00e0 captura do procurado, o suspeito foi reconduzido ao sistema penitenci\u00e1rio.<\/p>\n<p><strong>LEIA TAMB\u00c9M<\/strong><\/p>\n<p><a href=\"https:\/\/redenoticiaz.com.br\/litoralsp\/2022\/07\/04\/homem-amarrado-e-com-marca-de-tiros-e-encontrado-as-margens-de-rodovia-do-guaruja\">Homem amarrado e com marca de tiros \u00e9 encontrado as margens de rodovia do Guaruj\u00e1<\/a><\/p>\n","protected":false},"excerpt":{"rendered":"<p>Policiais Civis da Delegacia de Bertioga encontraram e prenderam um jovem de 19 anos. Ele \u00e9 acusado de cometer o tr\u00e1fico de drogas na cidade e estava foragido da Justi\u00e7a. A pris\u00e3o dele ocorreu na segunda-feira (4). Segundo a Pol\u00edcia Civil, os investigadores buscavam saber o paradeiro dele. Ap\u00f3s dilig\u00eancias em campo, a equipe descobriu &hellip;<\/p>\n","protected":false},"author":6,"featured_media":87475,"comment_status":"open","ping_status":"closed","sticky":false,"template":"","format":"standard","meta":{"footnotes":""},"categories":[1107,10],"tags":[1038,15429,17704,56860,61],"class_list":["post-87474","post","type-post","status-publish","format-standard","has-post-thumbnail","hentry","category-bertioga","category-policia","tag-bertioga","tag-jardim-vista-alegre","tag-jovem-preso","tag-polciia-civil","tag-trafico-de-drogas"],"yoast_head":"<!-- This site is optimized with the Yoast SEO plugin v27.5 - https:\/\/yoast.com\/product\/yoast-seo-wordpress\/ -->\n<title>Foragido da Justi\u00e7a por tr\u00e1fico \u00e9 preso em Bertioga - Litoral SP<\/title>\n<meta name=\"description\" content=\"encontraram e prenderam um jovem de 19 anos. Ele \u00e9 acusado de cometer o tr\u00e1fico de drogas na cidade e estava foragido da Justi\u00e7a. A pris\u00e3o\" \/>\n<meta name=\"robots\" content=\"index, follow, max-snippet:-1, max-image-preview:large, max-video-preview:-1\" \/>\n<link rel=\"canonical\" href=\"https:\/\/redenoticiaz.com.br\/litoralsp\/2022\/07\/05\/foragido-da-justica-por-trafico-e-preso-em-bertioga\" \/>\n<meta property=\"og:locale\" content=\"pt_BR\" \/>\n<meta property=\"og:type\" content=\"article\" \/>\n<meta property=\"og:title\" content=\"Foragido da Justi\u00e7a por tr\u00e1fico \u00e9 preso em Bertioga - Litoral SP\" \/>\n<meta property=\"og:description\" content=\"encontraram e prenderam um jovem de 19 anos. Ele \u00e9 acusado de cometer o tr\u00e1fico de drogas na cidade e estava foragido da Justi\u00e7a. A pris\u00e3o\" \/>\n<meta property=\"og:url\" content=\"https:\/\/redenoticiaz.com.br\/litoralsp\/2022\/07\/05\/foragido-da-justica-por-trafico-e-preso-em-bertioga\" \/>\n<meta property=\"og:site_name\" content=\"Litoral SP\" \/>\n<meta property=\"article:published_time\" content=\"2022-07-05T15:04:27+00:00\" \/>\n<meta property=\"og:image\" content=\"https:\/\/redenoticiaz.com.br\/litoralsp\/wp-content\/uploads\/sites\/3\/2022\/07\/WhatsApp-Image-2022-07-05-at-11.20.59-e1657033362706.jpeg\" \/>\n\t<meta property=\"og:image:width\" content=\"598\" \/>\n\t<meta property=\"og:image:height\" content=\"311\" \/>\n\t<meta property=\"og:image:type\" content=\"image\/jpeg\" \/>\n<meta name=\"author\" content=\"Leonardo Francisco\" \/>\n<meta name=\"twitter:card\" content=\"summary_large_image\" \/>\n<meta name=\"twitter:label1\" content=\"Escrito por\" \/>\n\t<meta name=\"twitter:data1\" content=\"Leonardo Francisco\" \/>\n\t<meta name=\"twitter:label2\" content=\"Est. tempo de leitura\" \/>\n\t<meta name=\"twitter:data2\" content=\"1 minuto\" \/>\n<script type=\"application\/ld+json\" class=\"yoast-schema-graph\">{\"@context\":\"https:\\\/\\\/schema.org\",\"@graph\":[{\"@type\":\"Article\",\"@id\":\"https:\\\/\\\/redenoticiaz.com.br\\\/litoralsp\\\/2022\\\/07\\\/05\\\/foragido-da-justica-por-trafico-e-preso-em-bertioga#article\",\"isPartOf\":{\"@id\":\"https:\\\/\\\/redenoticiaz.com.br\\\/litoralsp\\\/2022\\\/07\\\/05\\\/foragido-da-justica-por-trafico-e-preso-em-bertioga\"},\"author\":{\"name\":\"Leonardo Francisco\",\"@id\":\"https:\\\/\\\/redenoticiaz.com.br\\\/litoralsp\\\/#\\\/schema\\\/person\\\/0f0b8a5bdafefe82841e07ae8d81ecb3\"},\"headline\":\"Foragido da Justi\u00e7a por tr\u00e1fico \u00e9 preso em Bertioga\",\"datePublished\":\"2022-07-05T15:04:27+00:00\",\"mainEntityOfPage\":{\"@id\":\"https:\\\/\\\/redenoticiaz.com.br\\\/litoralsp\\\/2022\\\/07\\\/05\\\/foragido-da-justica-por-trafico-e-preso-em-bertioga\"},\"wordCount\":135,\"commentCount\":0,\"publisher\":{\"@id\":\"https:\\\/\\\/redenoticiaz.com.br\\\/litoralsp\\\/#organization\"},\"image\":{\"@id\":\"https:\\\/\\\/redenoticiaz.com.br\\\/litoralsp\\\/2022\\\/07\\\/05\\\/foragido-da-justica-por-trafico-e-preso-em-bertioga#primaryimage\"},\"thumbnailUrl\":\"https:\\\/\\\/redenoticiaz.com.br\\\/litoralsp\\\/wp-content\\\/uploads\\\/sites\\\/3\\\/2022\\\/07\\\/WhatsApp-Image-2022-07-05-at-11.20.59-e1657033362706.jpeg\",\"keywords\":[\"BERTIOGA\",\"JARDIM VISTA ALEGRE\",\"JOVEM PRESO\",\"POL\u00b4CIIA CIVIL\",\"TR\u00c1FICO DE DROGAS\"],\"articleSection\":[\"Bertioga\",\"Pol\u00edcia\"],\"inLanguage\":\"pt-BR\",\"potentialAction\":[{\"@type\":\"CommentAction\",\"name\":\"Comment\",\"target\":[\"https:\\\/\\\/redenoticiaz.com.br\\\/litoralsp\\\/2022\\\/07\\\/05\\\/foragido-da-justica-por-trafico-e-preso-em-bertioga#respond\"]}]},{\"@type\":\"WebPage\",\"@id\":\"https:\\\/\\\/redenoticiaz.com.br\\\/litoralsp\\\/2022\\\/07\\\/05\\\/foragido-da-justica-por-trafico-e-preso-em-bertioga\",\"url\":\"https:\\\/\\\/redenoticiaz.com.br\\\/litoralsp\\\/2022\\\/07\\\/05\\\/foragido-da-justica-por-trafico-e-preso-em-bertioga\",\"name\":\"Foragido da Justi\u00e7a por tr\u00e1fico \u00e9 preso em Bertioga - Litoral SP\",\"isPartOf\":{\"@id\":\"https:\\\/\\\/redenoticiaz.com.br\\\/litoralsp\\\/#website\"},\"primaryImageOfPage\":{\"@id\":\"https:\\\/\\\/redenoticiaz.com.br\\\/litoralsp\\\/2022\\\/07\\\/05\\\/foragido-da-justica-por-trafico-e-preso-em-bertioga#primaryimage\"},\"image\":{\"@id\":\"https:\\\/\\\/redenoticiaz.com.br\\\/litoralsp\\\/2022\\\/07\\\/05\\\/foragido-da-justica-por-trafico-e-preso-em-bertioga#primaryimage\"},\"thumbnailUrl\":\"https:\\\/\\\/redenoticiaz.com.br\\\/litoralsp\\\/wp-content\\\/uploads\\\/sites\\\/3\\\/2022\\\/07\\\/WhatsApp-Image-2022-07-05-at-11.20.59-e1657033362706.jpeg\",\"datePublished\":\"2022-07-05T15:04:27+00:00\",\"description\":\"encontraram e prenderam um jovem de 19 anos. Ele \u00e9 acusado de cometer o tr\u00e1fico de drogas na cidade e estava foragido da Justi\u00e7a. A pris\u00e3o\",\"inLanguage\":\"pt-BR\",\"potentialAction\":[{\"@type\":\"ReadAction\",\"target\":[\"https:\\\/\\\/redenoticiaz.com.br\\\/litoralsp\\\/2022\\\/07\\\/05\\\/foragido-da-justica-por-trafico-e-preso-em-bertioga\"]}]},{\"@type\":\"ImageObject\",\"inLanguage\":\"pt-BR\",\"@id\":\"https:\\\/\\\/redenoticiaz.com.br\\\/litoralsp\\\/2022\\\/07\\\/05\\\/foragido-da-justica-por-trafico-e-preso-em-bertioga#primaryimage\",\"url\":\"https:\\\/\\\/redenoticiaz.com.br\\\/litoralsp\\\/wp-content\\\/uploads\\\/sites\\\/3\\\/2022\\\/07\\\/WhatsApp-Image-2022-07-05-at-11.20.59-e1657033362706.jpeg\",\"contentUrl\":\"https:\\\/\\\/redenoticiaz.com.br\\\/litoralsp\\\/wp-content\\\/uploads\\\/sites\\\/3\\\/2022\\\/07\\\/WhatsApp-Image-2022-07-05-at-11.20.59-e1657033362706.jpeg\",\"width\":598,\"height\":311,\"caption\":\"Cr\u00e9ditos: Divulga\u00e7\u00e3o\\\/Pol\u00edcia Civil\"},{\"@type\":\"WebSite\",\"@id\":\"https:\\\/\\\/redenoticiaz.com.br\\\/litoralsp\\\/#website\",\"url\":\"https:\\\/\\\/redenoticiaz.com.br\\\/litoralsp\\\/\",\"name\":\"Litoral SP\",\"description\":\"Rede NoticiaZ\",\"publisher\":{\"@id\":\"https:\\\/\\\/redenoticiaz.com.br\\\/litoralsp\\\/#organization\"},\"potentialAction\":[{\"@type\":\"SearchAction\",\"target\":{\"@type\":\"EntryPoint\",\"urlTemplate\":\"https:\\\/\\\/redenoticiaz.com.br\\\/litoralsp\\\/?s={search_term_string}\"},\"query-input\":{\"@type\":\"PropertyValueSpecification\",\"valueRequired\":true,\"valueName\":\"search_term_string\"}}],\"inLanguage\":\"pt-BR\"},{\"@type\":\"Organization\",\"@id\":\"https:\\\/\\\/redenoticiaz.com.br\\\/litoralsp\\\/#organization\",\"name\":\"Litoral SP\",\"url\":\"https:\\\/\\\/redenoticiaz.com.br\\\/litoralsp\\\/\",\"logo\":{\"@type\":\"ImageObject\",\"inLanguage\":\"pt-BR\",\"@id\":\"https:\\\/\\\/redenoticiaz.com.br\\\/litoralsp\\\/#\\\/schema\\\/logo\\\/image\\\/\",\"url\":\"https:\\\/\\\/redenoticiaz.com.br\\\/litoralsp\\\/wp-content\\\/uploads\\\/sites\\\/3\\\/2020\\\/11\\\/logo.jpg\",\"contentUrl\":\"https:\\\/\\\/redenoticiaz.com.br\\\/litoralsp\\\/wp-content\\\/uploads\\\/sites\\\/3\\\/2020\\\/11\\\/logo.jpg\",\"width\":400,\"height\":250,\"caption\":\"Litoral SP\"},\"image\":{\"@id\":\"https:\\\/\\\/redenoticiaz.com.br\\\/litoralsp\\\/#\\\/schema\\\/logo\\\/image\\\/\"}},{\"@type\":\"Person\",\"@id\":\"https:\\\/\\\/redenoticiaz.com.br\\\/litoralsp\\\/#\\\/schema\\\/person\\\/0f0b8a5bdafefe82841e07ae8d81ecb3\",\"name\":\"Leonardo Francisco\",\"image\":{\"@type\":\"ImageObject\",\"inLanguage\":\"pt-BR\",\"@id\":\"https:\\\/\\\/secure.gravatar.com\\\/avatar\\\/a7358cb406a99b682ec6df1e77e31ae82e63601f6784e8a3df411d72b37864da?s=96&d=mm&r=g\",\"url\":\"https:\\\/\\\/secure.gravatar.com\\\/avatar\\\/a7358cb406a99b682ec6df1e77e31ae82e63601f6784e8a3df411d72b37864da?s=96&d=mm&r=g\",\"contentUrl\":\"https:\\\/\\\/secure.gravatar.com\\\/avatar\\\/a7358cb406a99b682ec6df1e77e31ae82e63601f6784e8a3df411d72b37864da?s=96&d=mm&r=g\",\"caption\":\"Leonardo Francisco\"},\"url\":\"https:\\\/\\\/redenoticiaz.com.br\\\/litoralsp\\\/author\\\/leonardo-francisco\"}]}<\/script>\n<!-- \/ Yoast SEO plugin. -->","yoast_head_json":{"title":"Foragido da Justi\u00e7a por tr\u00e1fico \u00e9 preso em Bertioga - Litoral SP","description":"encontraram e prenderam um jovem de 19 anos. Ele \u00e9 acusado de cometer o tr\u00e1fico de drogas na cidade e estava foragido da Justi\u00e7a. A pris\u00e3o","robots":{"index":"index","follow":"follow","max-snippet":"max-snippet:-1","max-image-preview":"max-image-preview:large","max-video-preview":"max-video-preview:-1"},"canonical":"https:\/\/redenoticiaz.com.br\/litoralsp\/2022\/07\/05\/foragido-da-justica-por-trafico-e-preso-em-bertioga","og_locale":"pt_BR","og_type":"article","og_title":"Foragido da Justi\u00e7a por tr\u00e1fico \u00e9 preso em Bertioga - Litoral SP","og_description":"encontraram e prenderam um jovem de 19 anos. Ele \u00e9 acusado de cometer o tr\u00e1fico de drogas na cidade e estava foragido da Justi\u00e7a. A pris\u00e3o","og_url":"https:\/\/redenoticiaz.com.br\/litoralsp\/2022\/07\/05\/foragido-da-justica-por-trafico-e-preso-em-bertioga","og_site_name":"Litoral SP","article_published_time":"2022-07-05T15:04:27+00:00","og_image":[{"width":598,"height":311,"url":"https:\/\/redenoticiaz.com.br\/litoralsp\/wp-content\/uploads\/sites\/3\/2022\/07\/WhatsApp-Image-2022-07-05-at-11.20.59-e1657033362706.jpeg","type":"image\/jpeg"}],"author":"Leonardo Francisco","twitter_card":"summary_large_image","twitter_misc":{"Escrito por":"Leonardo Francisco","Est. tempo de leitura":"1 minuto"},"schema":{"@context":"https:\/\/schema.org","@graph":[{"@type":"Article","@id":"https:\/\/redenoticiaz.com.br\/litoralsp\/2022\/07\/05\/foragido-da-justica-por-trafico-e-preso-em-bertioga#article","isPartOf":{"@id":"https:\/\/redenoticiaz.com.br\/litoralsp\/2022\/07\/05\/foragido-da-justica-por-trafico-e-preso-em-bertioga"},"author":{"name":"Leonardo Francisco","@id":"https:\/\/redenoticiaz.com.br\/litoralsp\/#\/schema\/person\/0f0b8a5bdafefe82841e07ae8d81ecb3"},"headline":"Foragido da Justi\u00e7a por tr\u00e1fico \u00e9 preso em Bertioga","datePublished":"2022-07-05T15:04:27+00:00","mainEntityOfPage":{"@id":"https:\/\/redenoticiaz.com.br\/litoralsp\/2022\/07\/05\/foragido-da-justica-por-trafico-e-preso-em-bertioga"},"wordCount":135,"commentCount":0,"publisher":{"@id":"https:\/\/redenoticiaz.com.br\/litoralsp\/#organization"},"image":{"@id":"https:\/\/redenoticiaz.com.br\/litoralsp\/2022\/07\/05\/foragido-da-justica-por-trafico-e-preso-em-bertioga#primaryimage"},"thumbnailUrl":"https:\/\/redenoticiaz.com.br\/litoralsp\/wp-content\/uploads\/sites\/3\/2022\/07\/WhatsApp-Image-2022-07-05-at-11.20.59-e1657033362706.jpeg","keywords":["BERTIOGA","JARDIM VISTA ALEGRE","JOVEM PRESO","POL\u00b4CIIA CIVIL","TR\u00c1FICO DE DROGAS"],"articleSection":["Bertioga","Pol\u00edcia"],"inLanguage":"pt-BR","potentialAction":[{"@type":"CommentAction","name":"Comment","target":["https:\/\/redenoticiaz.com.br\/litoralsp\/2022\/07\/05\/foragido-da-justica-por-trafico-e-preso-em-bertioga#respond"]}]},{"@type":"WebPage","@id":"https:\/\/redenoticiaz.com.br\/litoralsp\/2022\/07\/05\/foragido-da-justica-por-trafico-e-preso-em-bertioga","url":"https:\/\/redenoticiaz.com.br\/litoralsp\/2022\/07\/05\/foragido-da-justica-por-trafico-e-preso-em-bertioga","name":"Foragido da Justi\u00e7a por tr\u00e1fico \u00e9 preso em Bertioga - Litoral SP","isPartOf":{"@id":"https:\/\/redenoticiaz.com.br\/litoralsp\/#website"},"primaryImageOfPage":{"@id":"https:\/\/redenoticiaz.com.br\/litoralsp\/2022\/07\/05\/foragido-da-justica-por-trafico-e-preso-em-bertioga#primaryimage"},"image":{"@id":"https:\/\/redenoticiaz.com.br\/litoralsp\/2022\/07\/05\/foragido-da-justica-por-trafico-e-preso-em-bertioga#primaryimage"},"thumbnailUrl":"https:\/\/redenoticiaz.com.br\/litoralsp\/wp-content\/uploads\/sites\/3\/2022\/07\/WhatsApp-Image-2022-07-05-at-11.20.59-e1657033362706.jpeg","datePublished":"2022-07-05T15:04:27+00:00","description":"encontraram e prenderam um jovem de 19 anos. Ele \u00e9 acusado de cometer o tr\u00e1fico de drogas na cidade e estava foragido da Justi\u00e7a. A pris\u00e3o","inLanguage":"pt-BR","potentialAction":[{"@type":"ReadAction","target":["https:\/\/redenoticiaz.com.br\/litoralsp\/2022\/07\/05\/foragido-da-justica-por-trafico-e-preso-em-bertioga"]}]},{"@type":"ImageObject","inLanguage":"pt-BR","@id":"https:\/\/redenoticiaz.com.br\/litoralsp\/2022\/07\/05\/foragido-da-justica-por-trafico-e-preso-em-bertioga#primaryimage","url":"https:\/\/redenoticiaz.com.br\/litoralsp\/wp-content\/uploads\/sites\/3\/2022\/07\/WhatsApp-Image-2022-07-05-at-11.20.59-e1657033362706.jpeg","contentUrl":"https:\/\/redenoticiaz.com.br\/litoralsp\/wp-content\/uploads\/sites\/3\/2022\/07\/WhatsApp-Image-2022-07-05-at-11.20.59-e1657033362706.jpeg","width":598,"height":311,"caption":"Cr\u00e9ditos: Divulga\u00e7\u00e3o\/Pol\u00edcia Civil"},{"@type":"WebSite","@id":"https:\/\/redenoticiaz.com.br\/litoralsp\/#website","url":"https:\/\/redenoticiaz.com.br\/litoralsp\/","name":"Litoral SP","description":"Rede NoticiaZ","publisher":{"@id":"https:\/\/redenoticiaz.com.br\/litoralsp\/#organization"},"potentialAction":[{"@type":"SearchAction","target":{"@type":"EntryPoint","urlTemplate":"https:\/\/redenoticiaz.com.br\/litoralsp\/?s={search_term_string}"},"query-input":{"@type":"PropertyValueSpecification","valueRequired":true,"valueName":"search_term_string"}}],"inLanguage":"pt-BR"},{"@type":"Organization","@id":"https:\/\/redenoticiaz.com.br\/litoralsp\/#organization","name":"Litoral SP","url":"https:\/\/redenoticiaz.com.br\/litoralsp\/","logo":{"@type":"ImageObject","inLanguage":"pt-BR","@id":"https:\/\/redenoticiaz.com.br\/litoralsp\/#\/schema\/logo\/image\/","url":"https:\/\/redenoticiaz.com.br\/litoralsp\/wp-content\/uploads\/sites\/3\/2020\/11\/logo.jpg","contentUrl":"https:\/\/redenoticiaz.com.br\/litoralsp\/wp-content\/uploads\/sites\/3\/2020\/11\/logo.jpg","width":400,"height":250,"caption":"Litoral SP"},"image":{"@id":"https:\/\/redenoticiaz.com.br\/litoralsp\/#\/schema\/logo\/image\/"}},{"@type":"Person","@id":"https:\/\/redenoticiaz.com.br\/litoralsp\/#\/schema\/person\/0f0b8a5bdafefe82841e07ae8d81ecb3","name":"Leonardo Francisco","image":{"@type":"ImageObject","inLanguage":"pt-BR","@id":"https:\/\/secure.gravatar.com\/avatar\/a7358cb406a99b682ec6df1e77e31ae82e63601f6784e8a3df411d72b37864da?s=96&d=mm&r=g","url":"https:\/\/secure.gravatar.com\/avatar\/a7358cb406a99b682ec6df1e77e31ae82e63601f6784e8a3df411d72b37864da?s=96&d=mm&r=g","contentUrl":"https:\/\/secure.gravatar.com\/avatar\/a7358cb406a99b682ec6df1e77e31ae82e63601f6784e8a3df411d72b37864da?s=96&d=mm&r=g","caption":"Leonardo Francisco"},"url":"https:\/\/redenoticiaz.com.br\/litoralsp\/author\/leonardo-francisco"}]}},"_links":{"self":[{"href":"https:\/\/redenoticiaz.com.br\/litoralsp\/wp-json\/wp\/v2\/posts\/87474","targetHints":{"allow":["GET"]}}],"collection":[{"href":"https:\/\/redenoticiaz.com.br\/litoralsp\/wp-json\/wp\/v2\/posts"}],"about":[{"href":"https:\/\/redenoticiaz.com.br\/litoralsp\/wp-json\/wp\/v2\/types\/post"}],"author":[{"embeddable":true,"href":"https:\/\/redenoticiaz.com.br\/litoralsp\/wp-json\/wp\/v2\/users\/6"}],"replies":[{"embeddable":true,"href":"https:\/\/redenoticiaz.com.br\/litoralsp\/wp-json\/wp\/v2\/comments?post=87474"}],"version-history":[{"count":1,"href":"https:\/\/redenoticiaz.com.br\/litoralsp\/wp-json\/wp\/v2\/posts\/87474\/revisions"}],"predecessor-version":[{"id":87476,"href":"https:\/\/redenoticiaz.com.br\/litoralsp\/wp-json\/wp\/v2\/posts\/87474\/revisions\/87476"}],"wp:featuredmedia":[{"embeddable":true,"href":"https:\/\/redenoticiaz.com.br\/litoralsp\/wp-json\/wp\/v2\/media\/87475"}],"wp:attachment":[{"href":"https:\/\/redenoticiaz.com.br\/litoralsp\/wp-json\/wp\/v2\/media?parent=87474"}],"wp:term":[{"taxonomy":"category","embeddable":true,"href":"https:\/\/redenoticiaz.com.br\/litoralsp\/wp-json\/wp\/v2\/categories?post=87474"},{"taxonomy":"post_tag","embeddable":true,"href":"https:\/\/redenoticiaz.com.br\/litoralsp\/wp-json\/wp\/v2\/tags?post=87474"}],"curies":[{"name":"wp","href":"https:\/\/api.w.org\/{rel}","templated":true}]}}