{"id":87608,"date":"2022-07-07T07:36:13","date_gmt":"2022-07-07T10:36:13","guid":{"rendered":"https:\/\/redenoticiaz.com.br\/litoralsp\/2022\/07\/07\/palmeiras-passeia-sobre-o-cerro-porteno-e-avanca-as-quartas-da-libertadores"},"modified":"2022-07-07T07:36:13","modified_gmt":"2022-07-07T10:36:13","slug":"palmeiras-passeia-sobre-o-cerro-porteno-e-avanca-as-quartas-da-libertadores","status":"publish","type":"post","link":"https:\/\/redenoticiaz.com.br\/litoralsp\/2022\/07\/07\/palmeiras-passeia-sobre-o-cerro-porteno-e-avanca-as-quartas-da-libertadores","title":{"rendered":"Palmeiras passeia sobre o Cerro Porte\u00f1o e avan\u00e7a \u00e0s quartas da Libertadores"},"content":{"rendered":"<p>A vantagem do <strong>Palmeiras<\/strong> era bem confort\u00e1vel nas oitavas de final da <a href=\"https:\/\/www.conmebol.com\/pt-br\/\">Libertadores da Am\u00e9rica<\/a> contra o <strong>Cerro Porte\u00f1o<\/strong>. Mas nessa quarta-feira (6), o Verd\u00e3o resolver dar um show aos mais de 37 mil torcedores que lotaram o Allianz Parque e massacrou os paraguaios por 5 a 0. A partida ficou marcada pelo t\u00e3o desejado gol de bicicleta do atacante Rony. Agora o time de Abel Ferreira ter\u00e1 pela frente o Atl\u00e9tico-MG, pelas quartas de final.<\/p>\n<p>O primeiro tempo come\u00e7ou bem tranquilo\u00a0 e sem a intensidade ofensiva do Palmeiras, mas tamb\u00e9m sem ver o Cerro buscando uma rea\u00e7\u00e3o. Era quest\u00e3o de tempo para que o Verd\u00e3o abrisse o placar. Bola al\u00e7ada na \u00e1rea por Raphael Veiga e Samudio acabou fazendo gol contra, piorando a vida dos paraguaios. O Cerro Porte\u00f1o s\u00f3 teve uma boa chance, com Aquino, que cobrou a falta e Weverton fez boa defesa.<\/p>\n<p>J\u00e1 no segundo tempo, o panorama pouco mudou, com o Palmeiras seguindo dominante e poderia ampliar o placar.\u00a0Luan cabeceou por cima do gol, e Raphael Veiga, ap\u00f3s bom cruzamento de Z\u00e9 Rafael, acertou cabe\u00e7ada no travess\u00e3o. Mais adiante, por\u00e9m, o Palmeiras desencantou de vez e confirmou a classifica\u00e7\u00e3o em grande estilo.<\/p>\n<p>Aos 27, ap\u00f3s chut\u00e3o de Weverton, Rony tabelou com Mayke e fez o segundo. Dois minutos depois, o atacante recebeu de Atuesta e serviu Breno Lopes de calcanhar para fazer o terceiro. O quarto veio com Gustavo G\u00f3mez, de cabe\u00e7a, ap\u00f3s escanteio. No entanto, o \u00e1pice da partida viria na reta final. Rony enfim conseguiu o t\u00e3o sonhado e desejado gol de bicicleta. Depois de muito tentar ao longo dos jogos do Verd\u00e3o, o atacante acertou linda bicicleta ap\u00f3s cruzamento de Breno Lopes e encerrou a goleada sobre os paraguaios.<\/p>\n<h3 class=\"mtr-atomic mtr-atomic-backstage-photo backstage-photo-wrapper\">Futuro<\/h3>\n<p>Na pr\u00f3xima fase da Libertadores, o Palmeiras vai enfrentar o Atl\u00e9tico-MG, que eliminou o Emelec, na \u00faltima ter\u00e7a-feira. No ano passado, paulistas e mineiros fizeram a semifinal do torneio, e o Verd\u00e3o levou a melhor. As quartas de final ser\u00e3o nas semanas dos dias 3 e 10 de agosto.<\/p>\n<p>O Palmeiras volta a campo no domingo (10), \u00e0s 18h, contra o Fortaleza, no Castel\u00e3o, pela 16\u00aa rodada do Brasileir\u00e3o, campeonato do qual \u00e9 l\u00edder. Depois, na pr\u00f3xima quinta-feira (14), o Verd\u00e3o recebe o S\u00e3o Paulo no Allianz Parque, pelo jogo de volta das oitavas de final da Copa do Brasil. Na partida de ida, no Morumbi, derrota por 1 a 0.<\/p>\n<p><strong>LEIA TAMB\u00c9M<\/strong><\/p>\n<p><a href=\"https:\/\/redenoticiaz.com.br\/blog\/2022\/07\/06\/cassio-e-heroi-e-corinthians-passa-pelo-boca-na-libertadores\">C\u00e1ssio \u00e9 her\u00f3i e Corinthians passa pelo Boca na Libertadores<\/a><\/p>\n","protected":false},"excerpt":{"rendered":"<p>A vantagem do Palmeiras era bem confort\u00e1vel nas oitavas de final da Libertadores da Am\u00e9rica contra o Cerro Porte\u00f1o. Mas nessa quarta-feira (6), o Verd\u00e3o resolver dar um show aos mais de 37 mil torcedores que lotaram o Allianz Parque e massacrou os paraguaios por 5 a 0. A partida ficou marcada pelo t\u00e3o desejado &hellip;<\/p>\n","protected":false},"author":6,"featured_media":87609,"comment_status":"open","ping_status":"closed","sticky":false,"template":"","format":"standard","meta":{"footnotes":""},"categories":[35],"tags":[20729,21251,36540,2017,1416,12651],"class_list":["post-87608","post","type-post","status-publish","format-standard","has-post-thumbnail","hentry","category-esporte","tag-allianz-parque","tag-cerro-porteno","tag-copa-libertadores-da-america","tag-oitavas-de-final","tag-palmeiras","tag-rony"],"yoast_head":"<!-- This site is optimized with the Yoast SEO plugin v27.4 - https:\/\/yoast.com\/product\/yoast-seo-wordpress\/ -->\n<title>Palmeiras passeia sobre o Cerro Porte\u00f1o e avan\u00e7a \u00e0s quartas da Libertadores - Litoral SP<\/title>\n<meta name=\"description\" content=\"A vantagem do Palmeiras era bem confort\u00e1vel nas oitavas de final da Libertadores da Am\u00e9rica contra o Cerro Porte\u00f1o. Mas nessa quarta-feira\" \/>\n<meta name=\"robots\" content=\"index, follow, max-snippet:-1, max-image-preview:large, max-video-preview:-1\" \/>\n<link rel=\"canonical\" href=\"https:\/\/redenoticiaz.com.br\/litoralsp\/2022\/07\/07\/palmeiras-passeia-sobre-o-cerro-porteno-e-avanca-as-quartas-da-libertadores\" \/>\n<meta property=\"og:locale\" content=\"pt_BR\" \/>\n<meta property=\"og:type\" content=\"article\" \/>\n<meta property=\"og:title\" content=\"Palmeiras passeia sobre o Cerro Porte\u00f1o e avan\u00e7a \u00e0s quartas da Libertadores - Litoral SP\" \/>\n<meta property=\"og:description\" content=\"A vantagem do Palmeiras era bem confort\u00e1vel nas oitavas de final da Libertadores da Am\u00e9rica contra o Cerro Porte\u00f1o. Mas nessa quarta-feira\" \/>\n<meta property=\"og:url\" content=\"https:\/\/redenoticiaz.com.br\/litoralsp\/2022\/07\/07\/palmeiras-passeia-sobre-o-cerro-porteno-e-avanca-as-quartas-da-libertadores\" \/>\n<meta property=\"og:site_name\" content=\"Litoral SP\" \/>\n<meta property=\"article:published_time\" content=\"2022-07-07T10:36:13+00:00\" \/>\n<meta name=\"author\" content=\"Leonardo Francisco\" \/>\n<meta name=\"twitter:card\" content=\"summary_large_image\" \/>\n<meta name=\"twitter:image\" content=\"https:\/\/redenoticiaz.com.br\/litoralsp\/wp-content\/uploads\/sites\/3\/2022\/07\/VERDAO-scaled.jpg?v=1657190125\" \/>\n<meta name=\"twitter:label1\" content=\"Escrito por\" \/>\n\t<meta name=\"twitter:data1\" content=\"Leonardo Francisco\" \/>\n\t<meta name=\"twitter:label2\" content=\"Est. tempo de leitura\" \/>\n\t<meta name=\"twitter:data2\" content=\"3 minutos\" \/>\n<script type=\"application\/ld+json\" class=\"yoast-schema-graph\">{\"@context\":\"https:\\\/\\\/schema.org\",\"@graph\":[{\"@type\":\"Article\",\"@id\":\"https:\\\/\\\/redenoticiaz.com.br\\\/litoralsp\\\/2022\\\/07\\\/07\\\/palmeiras-passeia-sobre-o-cerro-porteno-e-avanca-as-quartas-da-libertadores#article\",\"isPartOf\":{\"@id\":\"https:\\\/\\\/redenoticiaz.com.br\\\/litoralsp\\\/2022\\\/07\\\/07\\\/palmeiras-passeia-sobre-o-cerro-porteno-e-avanca-as-quartas-da-libertadores\"},\"author\":{\"name\":\"Leonardo Francisco\",\"@id\":\"https:\\\/\\\/redenoticiaz.com.br\\\/litoralsp\\\/#\\\/schema\\\/person\\\/0f0b8a5bdafefe82841e07ae8d81ecb3\"},\"headline\":\"Palmeiras passeia sobre o Cerro Porte\u00f1o e avan\u00e7a \u00e0s quartas da Libertadores\",\"datePublished\":\"2022-07-07T10:36:13+00:00\",\"mainEntityOfPage\":{\"@id\":\"https:\\\/\\\/redenoticiaz.com.br\\\/litoralsp\\\/2022\\\/07\\\/07\\\/palmeiras-passeia-sobre-o-cerro-porteno-e-avanca-as-quartas-da-libertadores\"},\"wordCount\":452,\"commentCount\":0,\"publisher\":{\"@id\":\"https:\\\/\\\/redenoticiaz.com.br\\\/litoralsp\\\/#organization\"},\"image\":{\"@id\":\"https:\\\/\\\/redenoticiaz.com.br\\\/litoralsp\\\/2022\\\/07\\\/07\\\/palmeiras-passeia-sobre-o-cerro-porteno-e-avanca-as-quartas-da-libertadores#primaryimage\"},\"thumbnailUrl\":\"https:\\\/\\\/redenoticiaz.com.br\\\/litoralsp\\\/wp-content\\\/uploads\\\/sites\\\/3\\\/2022\\\/07\\\/VERDAO-scaled.jpg?v=1657190125\",\"keywords\":[\"ALLIANZ PARQUE\",\"CERRO PORTE\u00d1O\",\"COPA LIBERTADORES DA AM\u00c9RICA\",\"OITAVAS DE FINAL\",\"Palmeiras\",\"RONY\"],\"articleSection\":[\"Esporte\"],\"inLanguage\":\"pt-BR\",\"potentialAction\":[{\"@type\":\"CommentAction\",\"name\":\"Comment\",\"target\":[\"https:\\\/\\\/redenoticiaz.com.br\\\/litoralsp\\\/2022\\\/07\\\/07\\\/palmeiras-passeia-sobre-o-cerro-porteno-e-avanca-as-quartas-da-libertadores#respond\"]}]},{\"@type\":\"WebPage\",\"@id\":\"https:\\\/\\\/redenoticiaz.com.br\\\/litoralsp\\\/2022\\\/07\\\/07\\\/palmeiras-passeia-sobre-o-cerro-porteno-e-avanca-as-quartas-da-libertadores\",\"url\":\"https:\\\/\\\/redenoticiaz.com.br\\\/litoralsp\\\/2022\\\/07\\\/07\\\/palmeiras-passeia-sobre-o-cerro-porteno-e-avanca-as-quartas-da-libertadores\",\"name\":\"Palmeiras passeia sobre o Cerro Porte\u00f1o e avan\u00e7a \u00e0s quartas da Libertadores - Litoral SP\",\"isPartOf\":{\"@id\":\"https:\\\/\\\/redenoticiaz.com.br\\\/litoralsp\\\/#website\"},\"primaryImageOfPage\":{\"@id\":\"https:\\\/\\\/redenoticiaz.com.br\\\/litoralsp\\\/2022\\\/07\\\/07\\\/palmeiras-passeia-sobre-o-cerro-porteno-e-avanca-as-quartas-da-libertadores#primaryimage\"},\"image\":{\"@id\":\"https:\\\/\\\/redenoticiaz.com.br\\\/litoralsp\\\/2022\\\/07\\\/07\\\/palmeiras-passeia-sobre-o-cerro-porteno-e-avanca-as-quartas-da-libertadores#primaryimage\"},\"thumbnailUrl\":\"https:\\\/\\\/redenoticiaz.com.br\\\/litoralsp\\\/wp-content\\\/uploads\\\/sites\\\/3\\\/2022\\\/07\\\/VERDAO-scaled.jpg?v=1657190125\",\"datePublished\":\"2022-07-07T10:36:13+00:00\",\"description\":\"A vantagem do Palmeiras era bem confort\u00e1vel nas oitavas de final da Libertadores da Am\u00e9rica contra o Cerro Porte\u00f1o. Mas nessa quarta-feira\",\"inLanguage\":\"pt-BR\",\"potentialAction\":[{\"@type\":\"ReadAction\",\"target\":[\"https:\\\/\\\/redenoticiaz.com.br\\\/litoralsp\\\/2022\\\/07\\\/07\\\/palmeiras-passeia-sobre-o-cerro-porteno-e-avanca-as-quartas-da-libertadores\"]}]},{\"@type\":\"ImageObject\",\"inLanguage\":\"pt-BR\",\"@id\":\"https:\\\/\\\/redenoticiaz.com.br\\\/litoralsp\\\/2022\\\/07\\\/07\\\/palmeiras-passeia-sobre-o-cerro-porteno-e-avanca-as-quartas-da-libertadores#primaryimage\",\"url\":\"https:\\\/\\\/redenoticiaz.com.br\\\/litoralsp\\\/wp-content\\\/uploads\\\/sites\\\/3\\\/2022\\\/07\\\/VERDAO-scaled.jpg?v=1657190125\",\"contentUrl\":\"https:\\\/\\\/redenoticiaz.com.br\\\/litoralsp\\\/wp-content\\\/uploads\\\/sites\\\/3\\\/2022\\\/07\\\/VERDAO-scaled.jpg?v=1657190125\",\"width\":1620,\"height\":1080,\"caption\":\"Cr\u00e9ditos: Divulga\u00e7\u00e3o\\\/Conmebol\"},{\"@type\":\"WebSite\",\"@id\":\"https:\\\/\\\/redenoticiaz.com.br\\\/litoralsp\\\/#website\",\"url\":\"https:\\\/\\\/redenoticiaz.com.br\\\/litoralsp\\\/\",\"name\":\"Litoral SP\",\"description\":\"Rede NoticiaZ\",\"publisher\":{\"@id\":\"https:\\\/\\\/redenoticiaz.com.br\\\/litoralsp\\\/#organization\"},\"potentialAction\":[{\"@type\":\"SearchAction\",\"target\":{\"@type\":\"EntryPoint\",\"urlTemplate\":\"https:\\\/\\\/redenoticiaz.com.br\\\/litoralsp\\\/?s={search_term_string}\"},\"query-input\":{\"@type\":\"PropertyValueSpecification\",\"valueRequired\":true,\"valueName\":\"search_term_string\"}}],\"inLanguage\":\"pt-BR\"},{\"@type\":\"Organization\",\"@id\":\"https:\\\/\\\/redenoticiaz.com.br\\\/litoralsp\\\/#organization\",\"name\":\"Litoral SP\",\"url\":\"https:\\\/\\\/redenoticiaz.com.br\\\/litoralsp\\\/\",\"logo\":{\"@type\":\"ImageObject\",\"inLanguage\":\"pt-BR\",\"@id\":\"https:\\\/\\\/redenoticiaz.com.br\\\/litoralsp\\\/#\\\/schema\\\/logo\\\/image\\\/\",\"url\":\"https:\\\/\\\/redenoticiaz.com.br\\\/litoralsp\\\/wp-content\\\/uploads\\\/sites\\\/3\\\/2020\\\/11\\\/logo.jpg\",\"contentUrl\":\"https:\\\/\\\/redenoticiaz.com.br\\\/litoralsp\\\/wp-content\\\/uploads\\\/sites\\\/3\\\/2020\\\/11\\\/logo.jpg\",\"width\":400,\"height\":250,\"caption\":\"Litoral SP\"},\"image\":{\"@id\":\"https:\\\/\\\/redenoticiaz.com.br\\\/litoralsp\\\/#\\\/schema\\\/logo\\\/image\\\/\"}},{\"@type\":\"Person\",\"@id\":\"https:\\\/\\\/redenoticiaz.com.br\\\/litoralsp\\\/#\\\/schema\\\/person\\\/0f0b8a5bdafefe82841e07ae8d81ecb3\",\"name\":\"Leonardo Francisco\",\"image\":{\"@type\":\"ImageObject\",\"inLanguage\":\"pt-BR\",\"@id\":\"https:\\\/\\\/secure.gravatar.com\\\/avatar\\\/a7358cb406a99b682ec6df1e77e31ae82e63601f6784e8a3df411d72b37864da?s=96&d=mm&r=g\",\"url\":\"https:\\\/\\\/secure.gravatar.com\\\/avatar\\\/a7358cb406a99b682ec6df1e77e31ae82e63601f6784e8a3df411d72b37864da?s=96&d=mm&r=g\",\"contentUrl\":\"https:\\\/\\\/secure.gravatar.com\\\/avatar\\\/a7358cb406a99b682ec6df1e77e31ae82e63601f6784e8a3df411d72b37864da?s=96&d=mm&r=g\",\"caption\":\"Leonardo Francisco\"},\"url\":\"https:\\\/\\\/redenoticiaz.com.br\\\/litoralsp\\\/author\\\/leonardo-francisco\"}]}<\/script>\n<!-- \/ Yoast SEO plugin. -->","yoast_head_json":{"title":"Palmeiras passeia sobre o Cerro Porte\u00f1o e avan\u00e7a \u00e0s quartas da Libertadores - Litoral SP","description":"A vantagem do Palmeiras era bem confort\u00e1vel nas oitavas de final da Libertadores da Am\u00e9rica contra o Cerro Porte\u00f1o. Mas nessa quarta-feira","robots":{"index":"index","follow":"follow","max-snippet":"max-snippet:-1","max-image-preview":"max-image-preview:large","max-video-preview":"max-video-preview:-1"},"canonical":"https:\/\/redenoticiaz.com.br\/litoralsp\/2022\/07\/07\/palmeiras-passeia-sobre-o-cerro-porteno-e-avanca-as-quartas-da-libertadores","og_locale":"pt_BR","og_type":"article","og_title":"Palmeiras passeia sobre o Cerro Porte\u00f1o e avan\u00e7a \u00e0s quartas da Libertadores - Litoral SP","og_description":"A vantagem do Palmeiras era bem confort\u00e1vel nas oitavas de final da Libertadores da Am\u00e9rica contra o Cerro Porte\u00f1o. Mas nessa quarta-feira","og_url":"https:\/\/redenoticiaz.com.br\/litoralsp\/2022\/07\/07\/palmeiras-passeia-sobre-o-cerro-porteno-e-avanca-as-quartas-da-libertadores","og_site_name":"Litoral SP","article_published_time":"2022-07-07T10:36:13+00:00","author":"Leonardo Francisco","twitter_card":"summary_large_image","twitter_image":"https:\/\/redenoticiaz.com.br\/litoralsp\/wp-content\/uploads\/sites\/3\/2022\/07\/VERDAO-scaled.jpg?v=1657190125","twitter_misc":{"Escrito por":"Leonardo Francisco","Est. tempo de leitura":"3 minutos"},"schema":{"@context":"https:\/\/schema.org","@graph":[{"@type":"Article","@id":"https:\/\/redenoticiaz.com.br\/litoralsp\/2022\/07\/07\/palmeiras-passeia-sobre-o-cerro-porteno-e-avanca-as-quartas-da-libertadores#article","isPartOf":{"@id":"https:\/\/redenoticiaz.com.br\/litoralsp\/2022\/07\/07\/palmeiras-passeia-sobre-o-cerro-porteno-e-avanca-as-quartas-da-libertadores"},"author":{"name":"Leonardo Francisco","@id":"https:\/\/redenoticiaz.com.br\/litoralsp\/#\/schema\/person\/0f0b8a5bdafefe82841e07ae8d81ecb3"},"headline":"Palmeiras passeia sobre o Cerro Porte\u00f1o e avan\u00e7a \u00e0s quartas da Libertadores","datePublished":"2022-07-07T10:36:13+00:00","mainEntityOfPage":{"@id":"https:\/\/redenoticiaz.com.br\/litoralsp\/2022\/07\/07\/palmeiras-passeia-sobre-o-cerro-porteno-e-avanca-as-quartas-da-libertadores"},"wordCount":452,"commentCount":0,"publisher":{"@id":"https:\/\/redenoticiaz.com.br\/litoralsp\/#organization"},"image":{"@id":"https:\/\/redenoticiaz.com.br\/litoralsp\/2022\/07\/07\/palmeiras-passeia-sobre-o-cerro-porteno-e-avanca-as-quartas-da-libertadores#primaryimage"},"thumbnailUrl":"https:\/\/redenoticiaz.com.br\/litoralsp\/wp-content\/uploads\/sites\/3\/2022\/07\/VERDAO-scaled.jpg?v=1657190125","keywords":["ALLIANZ PARQUE","CERRO PORTE\u00d1O","COPA LIBERTADORES DA AM\u00c9RICA","OITAVAS DE FINAL","Palmeiras","RONY"],"articleSection":["Esporte"],"inLanguage":"pt-BR","potentialAction":[{"@type":"CommentAction","name":"Comment","target":["https:\/\/redenoticiaz.com.br\/litoralsp\/2022\/07\/07\/palmeiras-passeia-sobre-o-cerro-porteno-e-avanca-as-quartas-da-libertadores#respond"]}]},{"@type":"WebPage","@id":"https:\/\/redenoticiaz.com.br\/litoralsp\/2022\/07\/07\/palmeiras-passeia-sobre-o-cerro-porteno-e-avanca-as-quartas-da-libertadores","url":"https:\/\/redenoticiaz.com.br\/litoralsp\/2022\/07\/07\/palmeiras-passeia-sobre-o-cerro-porteno-e-avanca-as-quartas-da-libertadores","name":"Palmeiras passeia sobre o Cerro Porte\u00f1o e avan\u00e7a \u00e0s quartas da Libertadores - Litoral SP","isPartOf":{"@id":"https:\/\/redenoticiaz.com.br\/litoralsp\/#website"},"primaryImageOfPage":{"@id":"https:\/\/redenoticiaz.com.br\/litoralsp\/2022\/07\/07\/palmeiras-passeia-sobre-o-cerro-porteno-e-avanca-as-quartas-da-libertadores#primaryimage"},"image":{"@id":"https:\/\/redenoticiaz.com.br\/litoralsp\/2022\/07\/07\/palmeiras-passeia-sobre-o-cerro-porteno-e-avanca-as-quartas-da-libertadores#primaryimage"},"thumbnailUrl":"https:\/\/redenoticiaz.com.br\/litoralsp\/wp-content\/uploads\/sites\/3\/2022\/07\/VERDAO-scaled.jpg?v=1657190125","datePublished":"2022-07-07T10:36:13+00:00","description":"A vantagem do Palmeiras era bem confort\u00e1vel nas oitavas de final da Libertadores da Am\u00e9rica contra o Cerro Porte\u00f1o. Mas nessa quarta-feira","inLanguage":"pt-BR","potentialAction":[{"@type":"ReadAction","target":["https:\/\/redenoticiaz.com.br\/litoralsp\/2022\/07\/07\/palmeiras-passeia-sobre-o-cerro-porteno-e-avanca-as-quartas-da-libertadores"]}]},{"@type":"ImageObject","inLanguage":"pt-BR","@id":"https:\/\/redenoticiaz.com.br\/litoralsp\/2022\/07\/07\/palmeiras-passeia-sobre-o-cerro-porteno-e-avanca-as-quartas-da-libertadores#primaryimage","url":"https:\/\/redenoticiaz.com.br\/litoralsp\/wp-content\/uploads\/sites\/3\/2022\/07\/VERDAO-scaled.jpg?v=1657190125","contentUrl":"https:\/\/redenoticiaz.com.br\/litoralsp\/wp-content\/uploads\/sites\/3\/2022\/07\/VERDAO-scaled.jpg?v=1657190125","width":1620,"height":1080,"caption":"Cr\u00e9ditos: Divulga\u00e7\u00e3o\/Conmebol"},{"@type":"WebSite","@id":"https:\/\/redenoticiaz.com.br\/litoralsp\/#website","url":"https:\/\/redenoticiaz.com.br\/litoralsp\/","name":"Litoral SP","description":"Rede NoticiaZ","publisher":{"@id":"https:\/\/redenoticiaz.com.br\/litoralsp\/#organization"},"potentialAction":[{"@type":"SearchAction","target":{"@type":"EntryPoint","urlTemplate":"https:\/\/redenoticiaz.com.br\/litoralsp\/?s={search_term_string}"},"query-input":{"@type":"PropertyValueSpecification","valueRequired":true,"valueName":"search_term_string"}}],"inLanguage":"pt-BR"},{"@type":"Organization","@id":"https:\/\/redenoticiaz.com.br\/litoralsp\/#organization","name":"Litoral SP","url":"https:\/\/redenoticiaz.com.br\/litoralsp\/","logo":{"@type":"ImageObject","inLanguage":"pt-BR","@id":"https:\/\/redenoticiaz.com.br\/litoralsp\/#\/schema\/logo\/image\/","url":"https:\/\/redenoticiaz.com.br\/litoralsp\/wp-content\/uploads\/sites\/3\/2020\/11\/logo.jpg","contentUrl":"https:\/\/redenoticiaz.com.br\/litoralsp\/wp-content\/uploads\/sites\/3\/2020\/11\/logo.jpg","width":400,"height":250,"caption":"Litoral SP"},"image":{"@id":"https:\/\/redenoticiaz.com.br\/litoralsp\/#\/schema\/logo\/image\/"}},{"@type":"Person","@id":"https:\/\/redenoticiaz.com.br\/litoralsp\/#\/schema\/person\/0f0b8a5bdafefe82841e07ae8d81ecb3","name":"Leonardo Francisco","image":{"@type":"ImageObject","inLanguage":"pt-BR","@id":"https:\/\/secure.gravatar.com\/avatar\/a7358cb406a99b682ec6df1e77e31ae82e63601f6784e8a3df411d72b37864da?s=96&d=mm&r=g","url":"https:\/\/secure.gravatar.com\/avatar\/a7358cb406a99b682ec6df1e77e31ae82e63601f6784e8a3df411d72b37864da?s=96&d=mm&r=g","contentUrl":"https:\/\/secure.gravatar.com\/avatar\/a7358cb406a99b682ec6df1e77e31ae82e63601f6784e8a3df411d72b37864da?s=96&d=mm&r=g","caption":"Leonardo Francisco"},"url":"https:\/\/redenoticiaz.com.br\/litoralsp\/author\/leonardo-francisco"}]}},"_links":{"self":[{"href":"https:\/\/redenoticiaz.com.br\/litoralsp\/wp-json\/wp\/v2\/posts\/87608","targetHints":{"allow":["GET"]}}],"collection":[{"href":"https:\/\/redenoticiaz.com.br\/litoralsp\/wp-json\/wp\/v2\/posts"}],"about":[{"href":"https:\/\/redenoticiaz.com.br\/litoralsp\/wp-json\/wp\/v2\/types\/post"}],"author":[{"embeddable":true,"href":"https:\/\/redenoticiaz.com.br\/litoralsp\/wp-json\/wp\/v2\/users\/6"}],"replies":[{"embeddable":true,"href":"https:\/\/redenoticiaz.com.br\/litoralsp\/wp-json\/wp\/v2\/comments?post=87608"}],"version-history":[{"count":0,"href":"https:\/\/redenoticiaz.com.br\/litoralsp\/wp-json\/wp\/v2\/posts\/87608\/revisions"}],"wp:featuredmedia":[{"embeddable":true,"href":"https:\/\/redenoticiaz.com.br\/litoralsp\/wp-json\/wp\/v2\/media\/87609"}],"wp:attachment":[{"href":"https:\/\/redenoticiaz.com.br\/litoralsp\/wp-json\/wp\/v2\/media?parent=87608"}],"wp:term":[{"taxonomy":"category","embeddable":true,"href":"https:\/\/redenoticiaz.com.br\/litoralsp\/wp-json\/wp\/v2\/categories?post=87608"},{"taxonomy":"post_tag","embeddable":true,"href":"https:\/\/redenoticiaz.com.br\/litoralsp\/wp-json\/wp\/v2\/tags?post=87608"}],"curies":[{"name":"wp","href":"https:\/\/api.w.org\/{rel}","templated":true}]}}