{"id":87617,"date":"2022-07-07T09:49:49","date_gmt":"2022-07-07T12:49:49","guid":{"rendered":"https:\/\/redenoticiaz.com.br\/litoralsp\/?p=87617"},"modified":"2022-07-07T18:12:45","modified_gmt":"2022-07-07T21:12:45","slug":"valter-suman-e-indiciado-pela-pf-por-conta-de-contrato-emergencial","status":"publish","type":"post","link":"https:\/\/redenoticiaz.com.br\/litoralsp\/2022\/07\/07\/valter-suman-e-indiciado-pela-pf-por-conta-de-contrato-emergencial","title":{"rendered":"V\u00e1lter Suman \u00e9 indiciado pela PF por conta de contrato emergencial"},"content":{"rendered":"<p>Mais uma vez o prefeito de <a href=\"https:\/\/www.guaruja.sp.gov.br\/\">Guaruj\u00e1<\/a>, V\u00e1lter Suman est\u00e1 na mira da Pol\u00edcia Federal. Agora ele e outros oito servidores s\u00e3o acusados de associa\u00e7\u00e3o criminosa e corrup\u00e7\u00e3o passiva. A acusa\u00e7\u00e3o envolve uma investiga\u00e7\u00e3o sobre investiga\u00e7\u00f5es sobre um <strong>contrato emergencial<\/strong> firmado pela prefeitura com a empresa AM Silva Servi\u00e7os Ltda. para a higieniza\u00e7\u00e3o de unidades de sa\u00fade.<\/p>\n<p>Segundo a Pol\u00edcia Federal, o acordo sob contrato n\u00b0 140\/2020 foi fraudado. Tudo porque o contrato emergencial <span class=\"highlight highlighted\">custou R$ 4.034.491,68, s<\/span>egundo estimativa da Controladoria Geral da Uni\u00e3o (CGU). Portanto, h\u00e1 uma forte suspeita de superfaturamento avaliado em <span class=\"highlight highlighted\">R$ 3.272.326,68.<\/span><\/p>\n<p>Ainda de acordo com a PF, a Prefeitura de Guaruj\u00e1 n\u00e3o<span class=\"highlight highlighted\">\u00a0abriu licita\u00e7\u00e3o para contratar a empresa, o que n\u00e3o est\u00e1 previsto em lei<\/span>. De acordo com o relat\u00f3rio, n\u00e3o havia justificativa plaus\u00edvel para a contrata\u00e7\u00e3o, j\u00e1 que a prefeitura tinha outros contratos de limpeza em vigor.<\/p>\n<h3>Detalhes<\/h3>\n<p>Durante a 1\u00aa fase da Opera\u00e7\u00e3o N\u00e1car foram apreendidas duas vers\u00f5es da mesma proposta, a que ganhou o contrato emergencial, do dia 18 de maio de 2020, estava com o valor de R$ 2 milh\u00f5es, enquanto o outro documento, apresentado em 26 de maio, tinha uma varia\u00e7\u00e3o de quase 100% o valor.<\/p>\n<div class=\"mc-column content-text active-extra-styles \" data-block-type=\"unstyled\" data-block-weight=\"42\" data-block-id=\"8\">\n<p class=\"content-text__container \" data-track-category=\"Link no Texto\" data-track-links=\"\">No entanto, a primeira proposta foi aberta antes da prefeitura iniciar o processo de contrata\u00e7\u00e3o que aconteceu em 26 de maio. Para a Pol\u00edcia Federal,\u00a0<span class=\"highlight highlighted\">n\u00e3o seria poss\u00edvel que a AM Silva soubesse da contrata\u00e7\u00e3o sem a participa\u00e7\u00e3o de agentes p\u00fablicos<\/span>.<\/p>\n<\/div>\n<div class=\"mc-column content-text active-extra-styles \" data-block-type=\"unstyled\" data-block-weight=\"39\" data-block-id=\"9\">\n<p class=\"content-text__container \" data-track-category=\"Link no Texto\" data-track-links=\"\">Segundo a PF, a investiga\u00e7\u00e3o concluiu que\u00a0<span class=\"highlight highlighted\">empresas que concorreram neste processo de contrata\u00e7\u00e3o seriam ou teriam alguma rela\u00e7\u00e3o com o real dono da AM Servi\u00e7os<\/span>, e que a pr\u00f3pria\u00a0<span class=\"highlight highlighted\">teve acesso aos valores das empresas concorrentes<\/span>.<\/p>\n<h3 data-track-category=\"Link no Texto\">Cantor envolvido<\/h3>\n<div class=\"mc-column content-text active-extra-styles \" data-block-type=\"unstyled\" data-block-weight=\"24\" data-block-id=\"11\">\n<p class=\"content-text__container \" data-track-category=\"Link no Texto\" data-track-links=\"\">Quem r<span class=\"highlight highlighted\">esponde pela AM Servi\u00e7os<\/span>\u00a0Ltda. \u00e9 o cantor\u00a0<span class=\"highlight highlighted\">Almir Matias da Silva<\/span>, que tinha relacionamento pessoal com o prefeito V\u00e1lter Suman. A Organiza\u00e7\u00e3o Social Pr\u00f3-vida, de Almir, administrou unidades de sa\u00fade do munic\u00edpio na primeira gest\u00e3o de Suman at\u00e9 o Minist\u00e9rio P\u00fablico recomendar uma interven\u00e7\u00e3o da prefeitura por problemas de gest\u00e3o.<\/p>\n<div class=\"mc-column content-text active-extra-styles \" data-block-type=\"unstyled\" data-block-weight=\"27\" data-block-id=\"17\">\n<p class=\"content-text__container \" data-track-category=\"Link no Texto\" data-track-links=\"\">Durante as opera\u00e7\u00f5es realizadas pela Pol\u00edcia Federal, os agentes tiveram acesso \u00e0s conversas em aplicativos de mensagens onde o prefeito tratava de ve\u00edculos com Almir Matias.<\/p>\n<\/div>\n<div class=\"mc-column content-text active-extra-styles \" data-block-type=\"unstyled\" data-block-weight=\"34\" data-block-id=\"18\">\n<p class=\"content-text__container \" data-track-category=\"Link no Texto\" data-track-links=\"\">Em uma das conversas, ap\u00f3s publicada a foto de um carro modelo Sedan preto, Suman perguntou: &#8220;\u00c9 blindado?&#8221;. Almir confirmou e o prefeito questionou se poderia ficar com o ve\u00edculo. &#8220;L\u00f3gico&#8221;, respondeu Almir.<\/p>\n<\/div>\n<div class=\"row medium-uncollapsed content-media content-photo\" data-block-type=\"backstage-photo\" data-block-id=\"19\">\n<div class=\"mc-column content-media__container\">\n<div class=\"content-media-container glb-skeleton-box\">Em outra conversa, o prefeito chamou Almir e pediu 50\u00a0<span class=\"highlight highlighted\">caixas de m\u00e1scaras [seria um c\u00f3digo para propina]\u00a0<\/span>para o dia seguinte. J\u00e1 em outra mensagem, Suman enviou a foto de um contrato e disse: &#8220;prorrogado&#8221;. Almir agradeceu, deu sinais de al\u00edvio e, em seguida, o prefeito pediu 75 caixas.<\/div>\n<\/div>\n<\/div>\n<\/div>\n<\/div>\n<h3>Relat\u00f3rio da PF<\/h3>\n<div><\/div>\n<div>No relat\u00f3rio, a PF destacou que na 1\u00aa fase da Opera\u00e7\u00e3o, em 15 de setembro do ano passado, foi apreendida a quantidade de R$ 42.600 no interior de caixa de m\u00e1scara no gabinete do prefeito.<\/div>\n<div><\/div>\n<div>\n<div class=\"mc-column content-text active-extra-styles \" data-block-type=\"unstyled\" data-block-weight=\"57\" data-block-id=\"24\">\n<p class=\"content-text__container \" data-track-category=\"Link no Texto\" data-track-links=\"\">Com base no relat\u00f3rio, Suman teria dito na sede da Pol\u00edcia Federal, em Santos, que o contrato emergencial n\u00b0140 de 2020, realizado com a empresa AM da Silva, foi firmado em um momento de pandemia e que desconhece o fato da empresa AM da Silva saber da contrata\u00e7\u00e3o antes de iniciado o processo licitat\u00f3rio na prefeitura.<\/p>\n<\/div>\n<div class=\"mc-column content-text active-extra-styles \" data-block-type=\"unstyled\" data-block-weight=\"32\" data-block-id=\"25\">\n<p class=\"content-text__container \" data-track-category=\"Link no Texto\" data-track-links=\"\">O prefeito afirmou tamb\u00e9m que, em raz\u00e3o da pandemia, os pre\u00e7os eram maiores que os normais e que a inten\u00e7\u00e3o da prefeitura era evitar o desabastecimento e desassist\u00eancia para a popula\u00e7\u00e3o.<\/p>\n<div class=\"mc-column content-text active-extra-styles \" data-block-type=\"unstyled\" data-block-weight=\"43\" data-block-id=\"27\">\n<p class=\"content-text__container \" data-track-category=\"Link no Texto\" data-track-links=\"\">Al\u00e9m disso, Suman disse que n\u00e3o era o prefeito que atestava os servi\u00e7os prestados pela prefeitura, sendo de responsabilidade dos secret\u00e1rios e, apesar dos apontamentos indicarem falhas da Organiza\u00e7\u00e3o Social (OS) Pr\u00f3-Vida, entendia ser necess\u00e1rio continuar os pagamentos para manter os atendimentos.<\/p>\n<\/div>\n<div class=\"mc-column content-text active-extra-styles \" data-block-type=\"unstyled\" data-block-weight=\"47\" data-block-id=\"28\">\n<p class=\"content-text__container \" data-track-category=\"Link no Texto\" data-track-links=\"\">O relat\u00f3rio da Pol\u00edcia Federal sobre a contrata\u00e7\u00e3o emergencial n\u00b0140\/2020\u00a0<span class=\"highlight highlighted\">concluiu que as provas arrecadadas sugerem a exist\u00eancia de uma associa\u00e7\u00e3o criminosa de pessoas que se dedicavam em diversas fraudes em contrata\u00e7\u00f5es p\u00fablicas maculando os procedimentos licitat\u00f3rios com o respectivo pagamento e recebimento de vantagem indevida<\/span>.<\/p>\n<h3 data-track-category=\"Link no Texto\">Respostas<\/h3>\n<p>A Prefeitura de Guaruj\u00e1 respondeu por meio de nota que n\u00e3o \u00e9 notificada a respeito de relat\u00f3rios policiais e, por isso, o munic\u00edpio n\u00e3o tem como se posicionar a respeito.<\/p>\n<div class=\"mc-column content-text active-extra-styles \" data-block-type=\"unstyled\" data-block-weight=\"46\" data-block-id=\"33\">\n<p class=\"content-text__container \" data-track-category=\"Link no Texto\" data-track-links=\"\">Em rela\u00e7\u00e3o ao apontamento de que Suman morou no apartamento e utilizou ve\u00edculos ligados a Almir Matias, o advogado do prefeito Edson Asarias disse que &#8216;desafia&#8217; quaisquer autoridades ou membros de imprensa a comprovarem que o cliente morou em im\u00f3vel ou utilizou carros de Almir.<\/p>\n<\/div>\n<div class=\"mc-column content-text active-extra-styles \" data-block-type=\"unstyled\" data-block-weight=\"48\" data-block-id=\"34\">\n<p class=\"content-text__container \" data-track-category=\"Link no Texto\" data-track-links=\"\">O advogado afirmou, ainda, que a defesa est\u00e1 tomando as devidas provid\u00eancias para colocar um ponto final nas &#8220;dila\u00e7\u00f5es e fofocas&#8221; que s\u00e3o feitas contra o prefeito. Asarias ressaltou que tudo n\u00e3o passa de uma &#8220;orquestrada maneira de prejudicar ainda mais a imagem de Suman&#8221;.<\/p>\n<\/div>\n<div class=\"mc-column content-text active-extra-styles \" data-block-type=\"unstyled\" data-block-weight=\"23\" data-block-id=\"35\">\n<p class=\"content-text__container \" data-track-category=\"Link no Texto\" data-track-links=\"\">A defesa de Almir Matias disse, em nota, que prefere se resguardar ao sil\u00eancio, onde todos os pontos ser\u00e3o devidamente esclarecidos em ju\u00edzo.<\/p>\n<p data-track-category=\"Link no Texto\" data-track-links=\"\"><strong>LEIA TAMB\u00c9M<\/strong><\/p>\n<p data-track-category=\"Link no Texto\" data-track-links=\"\"><a href=\"https:\/\/redenoticiaz.com.br\/litoralsp\/2022\/06\/20\/valter-suman-reassume-a-prefeitura-de-guaruja-apos-tres-meses-afastado\">V\u00e1lter Suman reassume a Prefeitura de Guaruj\u00e1 ap\u00f3s tr\u00eas meses afastado<\/a><\/p>\n<\/div>\n<\/div>\n<\/div>\n<\/div>\n","protected":false},"excerpt":{"rendered":"<p>Mais uma vez o prefeito de Guaruj\u00e1, V\u00e1lter Suman est\u00e1 na mira da Pol\u00edcia Federal. Agora ele e outros oito servidores s\u00e3o acusados de associa\u00e7\u00e3o criminosa e corrup\u00e7\u00e3o passiva. A acusa\u00e7\u00e3o envolve uma investiga\u00e7\u00e3o sobre investiga\u00e7\u00f5es sobre um contrato emergencial firmado pela prefeitura com a empresa AM Silva Servi\u00e7os Ltda. para a higieniza\u00e7\u00e3o de unidades &hellip;<\/p>\n","protected":false},"author":6,"featured_media":86241,"comment_status":"open","ping_status":"closed","sticky":false,"template":"","format":"standard","meta":{"footnotes":""},"categories":[187,22],"tags":[57834,1006,14,14809,1007],"class_list":["post-87617","post","type-post","status-publish","format-standard","has-post-thumbnail","hentry","category-guaruja","category-justica","tag-contrato-emergencial","tag-guaruja","tag-policia-federal","tag-prefeitura-de-guaruja","tag-valter-suman"],"yoast_head":"<!-- This site is optimized with the Yoast SEO plugin v27.5 - https:\/\/yoast.com\/product\/yoast-seo-wordpress\/ -->\n<title>V\u00e1lter Suman \u00e9 indiciado pela PF por conta de contrato emergencial - Litoral SP<\/title>\n<meta name=\"description\" content=\"acusados de associa\u00e7\u00e3o criminosa e corrup\u00e7\u00e3o passiva. A acusa\u00e7\u00e3o envolve uma investiga\u00e7\u00e3o sobre investiga\u00e7\u00f5es sobre um contrato emergencial\" \/>\n<meta name=\"robots\" content=\"index, follow, max-snippet:-1, max-image-preview:large, max-video-preview:-1\" \/>\n<link rel=\"canonical\" href=\"https:\/\/redenoticiaz.com.br\/litoralsp\/2022\/07\/07\/valter-suman-e-indiciado-pela-pf-por-conta-de-contrato-emergencial\" \/>\n<meta property=\"og:locale\" content=\"pt_BR\" \/>\n<meta property=\"og:type\" content=\"article\" \/>\n<meta property=\"og:title\" content=\"V\u00e1lter Suman \u00e9 indiciado pela PF por conta de contrato emergencial - Litoral SP\" \/>\n<meta property=\"og:description\" content=\"acusados de associa\u00e7\u00e3o criminosa e corrup\u00e7\u00e3o passiva. A acusa\u00e7\u00e3o envolve uma investiga\u00e7\u00e3o sobre investiga\u00e7\u00f5es sobre um contrato emergencial\" \/>\n<meta property=\"og:url\" content=\"https:\/\/redenoticiaz.com.br\/litoralsp\/2022\/07\/07\/valter-suman-e-indiciado-pela-pf-por-conta-de-contrato-emergencial\" \/>\n<meta property=\"og:site_name\" content=\"Litoral SP\" \/>\n<meta property=\"article:published_time\" content=\"2022-07-07T12:49:49+00:00\" \/>\n<meta property=\"article:modified_time\" content=\"2022-07-07T21:12:45+00:00\" \/>\n<meta property=\"og:image\" content=\"https:\/\/redenoticiaz.com.br\/litoralsp\/wp-content\/uploads\/sites\/3\/2022\/06\/suman-e1648583325555.jpg\" \/>\n\t<meta property=\"og:image:width\" content=\"710\" \/>\n\t<meta property=\"og:image:height\" content=\"550\" \/>\n\t<meta property=\"og:image:type\" content=\"image\/jpeg\" \/>\n<meta name=\"author\" content=\"Leonardo Francisco\" \/>\n<meta name=\"twitter:card\" content=\"summary_large_image\" \/>\n<meta name=\"twitter:label1\" content=\"Escrito por\" \/>\n\t<meta name=\"twitter:data1\" content=\"Leonardo Francisco\" \/>\n\t<meta name=\"twitter:label2\" content=\"Est. tempo de leitura\" \/>\n\t<meta name=\"twitter:data2\" content=\"5 minutos\" \/>\n<script type=\"application\/ld+json\" class=\"yoast-schema-graph\">{\"@context\":\"https:\\\/\\\/schema.org\",\"@graph\":[{\"@type\":\"Article\",\"@id\":\"https:\\\/\\\/redenoticiaz.com.br\\\/litoralsp\\\/2022\\\/07\\\/07\\\/valter-suman-e-indiciado-pela-pf-por-conta-de-contrato-emergencial#article\",\"isPartOf\":{\"@id\":\"https:\\\/\\\/redenoticiaz.com.br\\\/litoralsp\\\/2022\\\/07\\\/07\\\/valter-suman-e-indiciado-pela-pf-por-conta-de-contrato-emergencial\"},\"author\":{\"name\":\"Leonardo Francisco\",\"@id\":\"https:\\\/\\\/redenoticiaz.com.br\\\/litoralsp\\\/#\\\/schema\\\/person\\\/0f0b8a5bdafefe82841e07ae8d81ecb3\"},\"headline\":\"V\u00e1lter Suman \u00e9 indiciado pela PF por conta de contrato emergencial\",\"datePublished\":\"2022-07-07T12:49:49+00:00\",\"dateModified\":\"2022-07-07T21:12:45+00:00\",\"mainEntityOfPage\":{\"@id\":\"https:\\\/\\\/redenoticiaz.com.br\\\/litoralsp\\\/2022\\\/07\\\/07\\\/valter-suman-e-indiciado-pela-pf-por-conta-de-contrato-emergencial\"},\"wordCount\":903,\"commentCount\":0,\"publisher\":{\"@id\":\"https:\\\/\\\/redenoticiaz.com.br\\\/litoralsp\\\/#organization\"},\"image\":{\"@id\":\"https:\\\/\\\/redenoticiaz.com.br\\\/litoralsp\\\/2022\\\/07\\\/07\\\/valter-suman-e-indiciado-pela-pf-por-conta-de-contrato-emergencial#primaryimage\"},\"thumbnailUrl\":\"https:\\\/\\\/redenoticiaz.com.br\\\/litoralsp\\\/wp-content\\\/uploads\\\/sites\\\/3\\\/2022\\\/06\\\/suman-e1648583325555.jpg\",\"keywords\":[\"CONTRATO EMERGENCIAL\",\"GUARUJ\u00c1\",\"policia federal\",\"PREFEITURA DE GUARUJ\u00c1\",\"V\u00c1LTER SUMAN\"],\"articleSection\":[\"Guaruj\u00e1\",\"Justi\u00e7a\"],\"inLanguage\":\"pt-BR\",\"potentialAction\":[{\"@type\":\"CommentAction\",\"name\":\"Comment\",\"target\":[\"https:\\\/\\\/redenoticiaz.com.br\\\/litoralsp\\\/2022\\\/07\\\/07\\\/valter-suman-e-indiciado-pela-pf-por-conta-de-contrato-emergencial#respond\"]}]},{\"@type\":\"WebPage\",\"@id\":\"https:\\\/\\\/redenoticiaz.com.br\\\/litoralsp\\\/2022\\\/07\\\/07\\\/valter-suman-e-indiciado-pela-pf-por-conta-de-contrato-emergencial\",\"url\":\"https:\\\/\\\/redenoticiaz.com.br\\\/litoralsp\\\/2022\\\/07\\\/07\\\/valter-suman-e-indiciado-pela-pf-por-conta-de-contrato-emergencial\",\"name\":\"V\u00e1lter Suman \u00e9 indiciado pela PF por conta de contrato emergencial - Litoral SP\",\"isPartOf\":{\"@id\":\"https:\\\/\\\/redenoticiaz.com.br\\\/litoralsp\\\/#website\"},\"primaryImageOfPage\":{\"@id\":\"https:\\\/\\\/redenoticiaz.com.br\\\/litoralsp\\\/2022\\\/07\\\/07\\\/valter-suman-e-indiciado-pela-pf-por-conta-de-contrato-emergencial#primaryimage\"},\"image\":{\"@id\":\"https:\\\/\\\/redenoticiaz.com.br\\\/litoralsp\\\/2022\\\/07\\\/07\\\/valter-suman-e-indiciado-pela-pf-por-conta-de-contrato-emergencial#primaryimage\"},\"thumbnailUrl\":\"https:\\\/\\\/redenoticiaz.com.br\\\/litoralsp\\\/wp-content\\\/uploads\\\/sites\\\/3\\\/2022\\\/06\\\/suman-e1648583325555.jpg\",\"datePublished\":\"2022-07-07T12:49:49+00:00\",\"dateModified\":\"2022-07-07T21:12:45+00:00\",\"description\":\"acusados de associa\u00e7\u00e3o criminosa e corrup\u00e7\u00e3o passiva. A acusa\u00e7\u00e3o envolve uma investiga\u00e7\u00e3o sobre investiga\u00e7\u00f5es sobre um contrato emergencial\",\"inLanguage\":\"pt-BR\",\"potentialAction\":[{\"@type\":\"ReadAction\",\"target\":[\"https:\\\/\\\/redenoticiaz.com.br\\\/litoralsp\\\/2022\\\/07\\\/07\\\/valter-suman-e-indiciado-pela-pf-por-conta-de-contrato-emergencial\"]}]},{\"@type\":\"ImageObject\",\"inLanguage\":\"pt-BR\",\"@id\":\"https:\\\/\\\/redenoticiaz.com.br\\\/litoralsp\\\/2022\\\/07\\\/07\\\/valter-suman-e-indiciado-pela-pf-por-conta-de-contrato-emergencial#primaryimage\",\"url\":\"https:\\\/\\\/redenoticiaz.com.br\\\/litoralsp\\\/wp-content\\\/uploads\\\/sites\\\/3\\\/2022\\\/06\\\/suman-e1648583325555.jpg\",\"contentUrl\":\"https:\\\/\\\/redenoticiaz.com.br\\\/litoralsp\\\/wp-content\\\/uploads\\\/sites\\\/3\\\/2022\\\/06\\\/suman-e1648583325555.jpg\",\"width\":710,\"height\":550,\"caption\":\"Cr\u00e9ditos: Reprodu\u00e7\u00e3o\"},{\"@type\":\"WebSite\",\"@id\":\"https:\\\/\\\/redenoticiaz.com.br\\\/litoralsp\\\/#website\",\"url\":\"https:\\\/\\\/redenoticiaz.com.br\\\/litoralsp\\\/\",\"name\":\"Litoral SP\",\"description\":\"Rede NoticiaZ\",\"publisher\":{\"@id\":\"https:\\\/\\\/redenoticiaz.com.br\\\/litoralsp\\\/#organization\"},\"potentialAction\":[{\"@type\":\"SearchAction\",\"target\":{\"@type\":\"EntryPoint\",\"urlTemplate\":\"https:\\\/\\\/redenoticiaz.com.br\\\/litoralsp\\\/?s={search_term_string}\"},\"query-input\":{\"@type\":\"PropertyValueSpecification\",\"valueRequired\":true,\"valueName\":\"search_term_string\"}}],\"inLanguage\":\"pt-BR\"},{\"@type\":\"Organization\",\"@id\":\"https:\\\/\\\/redenoticiaz.com.br\\\/litoralsp\\\/#organization\",\"name\":\"Litoral SP\",\"url\":\"https:\\\/\\\/redenoticiaz.com.br\\\/litoralsp\\\/\",\"logo\":{\"@type\":\"ImageObject\",\"inLanguage\":\"pt-BR\",\"@id\":\"https:\\\/\\\/redenoticiaz.com.br\\\/litoralsp\\\/#\\\/schema\\\/logo\\\/image\\\/\",\"url\":\"https:\\\/\\\/redenoticiaz.com.br\\\/litoralsp\\\/wp-content\\\/uploads\\\/sites\\\/3\\\/2020\\\/11\\\/logo.jpg\",\"contentUrl\":\"https:\\\/\\\/redenoticiaz.com.br\\\/litoralsp\\\/wp-content\\\/uploads\\\/sites\\\/3\\\/2020\\\/11\\\/logo.jpg\",\"width\":400,\"height\":250,\"caption\":\"Litoral SP\"},\"image\":{\"@id\":\"https:\\\/\\\/redenoticiaz.com.br\\\/litoralsp\\\/#\\\/schema\\\/logo\\\/image\\\/\"}},{\"@type\":\"Person\",\"@id\":\"https:\\\/\\\/redenoticiaz.com.br\\\/litoralsp\\\/#\\\/schema\\\/person\\\/0f0b8a5bdafefe82841e07ae8d81ecb3\",\"name\":\"Leonardo Francisco\",\"image\":{\"@type\":\"ImageObject\",\"inLanguage\":\"pt-BR\",\"@id\":\"https:\\\/\\\/secure.gravatar.com\\\/avatar\\\/a7358cb406a99b682ec6df1e77e31ae82e63601f6784e8a3df411d72b37864da?s=96&d=mm&r=g\",\"url\":\"https:\\\/\\\/secure.gravatar.com\\\/avatar\\\/a7358cb406a99b682ec6df1e77e31ae82e63601f6784e8a3df411d72b37864da?s=96&d=mm&r=g\",\"contentUrl\":\"https:\\\/\\\/secure.gravatar.com\\\/avatar\\\/a7358cb406a99b682ec6df1e77e31ae82e63601f6784e8a3df411d72b37864da?s=96&d=mm&r=g\",\"caption\":\"Leonardo Francisco\"},\"url\":\"https:\\\/\\\/redenoticiaz.com.br\\\/litoralsp\\\/author\\\/leonardo-francisco\"}]}<\/script>\n<!-- \/ Yoast SEO plugin. -->","yoast_head_json":{"title":"V\u00e1lter Suman \u00e9 indiciado pela PF por conta de contrato emergencial - Litoral SP","description":"acusados de associa\u00e7\u00e3o criminosa e corrup\u00e7\u00e3o passiva. A acusa\u00e7\u00e3o envolve uma investiga\u00e7\u00e3o sobre investiga\u00e7\u00f5es sobre um contrato emergencial","robots":{"index":"index","follow":"follow","max-snippet":"max-snippet:-1","max-image-preview":"max-image-preview:large","max-video-preview":"max-video-preview:-1"},"canonical":"https:\/\/redenoticiaz.com.br\/litoralsp\/2022\/07\/07\/valter-suman-e-indiciado-pela-pf-por-conta-de-contrato-emergencial","og_locale":"pt_BR","og_type":"article","og_title":"V\u00e1lter Suman \u00e9 indiciado pela PF por conta de contrato emergencial - Litoral SP","og_description":"acusados de associa\u00e7\u00e3o criminosa e corrup\u00e7\u00e3o passiva. A acusa\u00e7\u00e3o envolve uma investiga\u00e7\u00e3o sobre investiga\u00e7\u00f5es sobre um contrato emergencial","og_url":"https:\/\/redenoticiaz.com.br\/litoralsp\/2022\/07\/07\/valter-suman-e-indiciado-pela-pf-por-conta-de-contrato-emergencial","og_site_name":"Litoral SP","article_published_time":"2022-07-07T12:49:49+00:00","article_modified_time":"2022-07-07T21:12:45+00:00","og_image":[{"width":710,"height":550,"url":"https:\/\/redenoticiaz.com.br\/litoralsp\/wp-content\/uploads\/sites\/3\/2022\/06\/suman-e1648583325555.jpg","type":"image\/jpeg"}],"author":"Leonardo Francisco","twitter_card":"summary_large_image","twitter_misc":{"Escrito por":"Leonardo Francisco","Est. tempo de leitura":"5 minutos"},"schema":{"@context":"https:\/\/schema.org","@graph":[{"@type":"Article","@id":"https:\/\/redenoticiaz.com.br\/litoralsp\/2022\/07\/07\/valter-suman-e-indiciado-pela-pf-por-conta-de-contrato-emergencial#article","isPartOf":{"@id":"https:\/\/redenoticiaz.com.br\/litoralsp\/2022\/07\/07\/valter-suman-e-indiciado-pela-pf-por-conta-de-contrato-emergencial"},"author":{"name":"Leonardo Francisco","@id":"https:\/\/redenoticiaz.com.br\/litoralsp\/#\/schema\/person\/0f0b8a5bdafefe82841e07ae8d81ecb3"},"headline":"V\u00e1lter Suman \u00e9 indiciado pela PF por conta de contrato emergencial","datePublished":"2022-07-07T12:49:49+00:00","dateModified":"2022-07-07T21:12:45+00:00","mainEntityOfPage":{"@id":"https:\/\/redenoticiaz.com.br\/litoralsp\/2022\/07\/07\/valter-suman-e-indiciado-pela-pf-por-conta-de-contrato-emergencial"},"wordCount":903,"commentCount":0,"publisher":{"@id":"https:\/\/redenoticiaz.com.br\/litoralsp\/#organization"},"image":{"@id":"https:\/\/redenoticiaz.com.br\/litoralsp\/2022\/07\/07\/valter-suman-e-indiciado-pela-pf-por-conta-de-contrato-emergencial#primaryimage"},"thumbnailUrl":"https:\/\/redenoticiaz.com.br\/litoralsp\/wp-content\/uploads\/sites\/3\/2022\/06\/suman-e1648583325555.jpg","keywords":["CONTRATO EMERGENCIAL","GUARUJ\u00c1","policia federal","PREFEITURA DE GUARUJ\u00c1","V\u00c1LTER SUMAN"],"articleSection":["Guaruj\u00e1","Justi\u00e7a"],"inLanguage":"pt-BR","potentialAction":[{"@type":"CommentAction","name":"Comment","target":["https:\/\/redenoticiaz.com.br\/litoralsp\/2022\/07\/07\/valter-suman-e-indiciado-pela-pf-por-conta-de-contrato-emergencial#respond"]}]},{"@type":"WebPage","@id":"https:\/\/redenoticiaz.com.br\/litoralsp\/2022\/07\/07\/valter-suman-e-indiciado-pela-pf-por-conta-de-contrato-emergencial","url":"https:\/\/redenoticiaz.com.br\/litoralsp\/2022\/07\/07\/valter-suman-e-indiciado-pela-pf-por-conta-de-contrato-emergencial","name":"V\u00e1lter Suman \u00e9 indiciado pela PF por conta de contrato emergencial - Litoral SP","isPartOf":{"@id":"https:\/\/redenoticiaz.com.br\/litoralsp\/#website"},"primaryImageOfPage":{"@id":"https:\/\/redenoticiaz.com.br\/litoralsp\/2022\/07\/07\/valter-suman-e-indiciado-pela-pf-por-conta-de-contrato-emergencial#primaryimage"},"image":{"@id":"https:\/\/redenoticiaz.com.br\/litoralsp\/2022\/07\/07\/valter-suman-e-indiciado-pela-pf-por-conta-de-contrato-emergencial#primaryimage"},"thumbnailUrl":"https:\/\/redenoticiaz.com.br\/litoralsp\/wp-content\/uploads\/sites\/3\/2022\/06\/suman-e1648583325555.jpg","datePublished":"2022-07-07T12:49:49+00:00","dateModified":"2022-07-07T21:12:45+00:00","description":"acusados de associa\u00e7\u00e3o criminosa e corrup\u00e7\u00e3o passiva. A acusa\u00e7\u00e3o envolve uma investiga\u00e7\u00e3o sobre investiga\u00e7\u00f5es sobre um contrato emergencial","inLanguage":"pt-BR","potentialAction":[{"@type":"ReadAction","target":["https:\/\/redenoticiaz.com.br\/litoralsp\/2022\/07\/07\/valter-suman-e-indiciado-pela-pf-por-conta-de-contrato-emergencial"]}]},{"@type":"ImageObject","inLanguage":"pt-BR","@id":"https:\/\/redenoticiaz.com.br\/litoralsp\/2022\/07\/07\/valter-suman-e-indiciado-pela-pf-por-conta-de-contrato-emergencial#primaryimage","url":"https:\/\/redenoticiaz.com.br\/litoralsp\/wp-content\/uploads\/sites\/3\/2022\/06\/suman-e1648583325555.jpg","contentUrl":"https:\/\/redenoticiaz.com.br\/litoralsp\/wp-content\/uploads\/sites\/3\/2022\/06\/suman-e1648583325555.jpg","width":710,"height":550,"caption":"Cr\u00e9ditos: Reprodu\u00e7\u00e3o"},{"@type":"WebSite","@id":"https:\/\/redenoticiaz.com.br\/litoralsp\/#website","url":"https:\/\/redenoticiaz.com.br\/litoralsp\/","name":"Litoral SP","description":"Rede NoticiaZ","publisher":{"@id":"https:\/\/redenoticiaz.com.br\/litoralsp\/#organization"},"potentialAction":[{"@type":"SearchAction","target":{"@type":"EntryPoint","urlTemplate":"https:\/\/redenoticiaz.com.br\/litoralsp\/?s={search_term_string}"},"query-input":{"@type":"PropertyValueSpecification","valueRequired":true,"valueName":"search_term_string"}}],"inLanguage":"pt-BR"},{"@type":"Organization","@id":"https:\/\/redenoticiaz.com.br\/litoralsp\/#organization","name":"Litoral SP","url":"https:\/\/redenoticiaz.com.br\/litoralsp\/","logo":{"@type":"ImageObject","inLanguage":"pt-BR","@id":"https:\/\/redenoticiaz.com.br\/litoralsp\/#\/schema\/logo\/image\/","url":"https:\/\/redenoticiaz.com.br\/litoralsp\/wp-content\/uploads\/sites\/3\/2020\/11\/logo.jpg","contentUrl":"https:\/\/redenoticiaz.com.br\/litoralsp\/wp-content\/uploads\/sites\/3\/2020\/11\/logo.jpg","width":400,"height":250,"caption":"Litoral SP"},"image":{"@id":"https:\/\/redenoticiaz.com.br\/litoralsp\/#\/schema\/logo\/image\/"}},{"@type":"Person","@id":"https:\/\/redenoticiaz.com.br\/litoralsp\/#\/schema\/person\/0f0b8a5bdafefe82841e07ae8d81ecb3","name":"Leonardo Francisco","image":{"@type":"ImageObject","inLanguage":"pt-BR","@id":"https:\/\/secure.gravatar.com\/avatar\/a7358cb406a99b682ec6df1e77e31ae82e63601f6784e8a3df411d72b37864da?s=96&d=mm&r=g","url":"https:\/\/secure.gravatar.com\/avatar\/a7358cb406a99b682ec6df1e77e31ae82e63601f6784e8a3df411d72b37864da?s=96&d=mm&r=g","contentUrl":"https:\/\/secure.gravatar.com\/avatar\/a7358cb406a99b682ec6df1e77e31ae82e63601f6784e8a3df411d72b37864da?s=96&d=mm&r=g","caption":"Leonardo Francisco"},"url":"https:\/\/redenoticiaz.com.br\/litoralsp\/author\/leonardo-francisco"}]}},"_links":{"self":[{"href":"https:\/\/redenoticiaz.com.br\/litoralsp\/wp-json\/wp\/v2\/posts\/87617","targetHints":{"allow":["GET"]}}],"collection":[{"href":"https:\/\/redenoticiaz.com.br\/litoralsp\/wp-json\/wp\/v2\/posts"}],"about":[{"href":"https:\/\/redenoticiaz.com.br\/litoralsp\/wp-json\/wp\/v2\/types\/post"}],"author":[{"embeddable":true,"href":"https:\/\/redenoticiaz.com.br\/litoralsp\/wp-json\/wp\/v2\/users\/6"}],"replies":[{"embeddable":true,"href":"https:\/\/redenoticiaz.com.br\/litoralsp\/wp-json\/wp\/v2\/comments?post=87617"}],"version-history":[{"count":2,"href":"https:\/\/redenoticiaz.com.br\/litoralsp\/wp-json\/wp\/v2\/posts\/87617\/revisions"}],"predecessor-version":[{"id":87675,"href":"https:\/\/redenoticiaz.com.br\/litoralsp\/wp-json\/wp\/v2\/posts\/87617\/revisions\/87675"}],"wp:featuredmedia":[{"embeddable":true,"href":"https:\/\/redenoticiaz.com.br\/litoralsp\/wp-json\/wp\/v2\/media\/86241"}],"wp:attachment":[{"href":"https:\/\/redenoticiaz.com.br\/litoralsp\/wp-json\/wp\/v2\/media?parent=87617"}],"wp:term":[{"taxonomy":"category","embeddable":true,"href":"https:\/\/redenoticiaz.com.br\/litoralsp\/wp-json\/wp\/v2\/categories?post=87617"},{"taxonomy":"post_tag","embeddable":true,"href":"https:\/\/redenoticiaz.com.br\/litoralsp\/wp-json\/wp\/v2\/tags?post=87617"}],"curies":[{"name":"wp","href":"https:\/\/api.w.org\/{rel}","templated":true}]}}