{"id":87688,"date":"2022-07-08T10:04:06","date_gmt":"2022-07-08T13:04:06","guid":{"rendered":"https:\/\/redenoticiaz.com.br\/litoralsp\/2022\/07\/08\/ex-primeiro-ministro-do-japao-shinzo-abe-morre-apos-ser-baleado"},"modified":"2022-07-08T10:04:06","modified_gmt":"2022-07-08T13:04:06","slug":"ex-primeiro-ministro-do-japao-shinzo-abe-morre-apos-ser-baleado","status":"publish","type":"post","link":"https:\/\/redenoticiaz.com.br\/litoralsp\/2022\/07\/08\/ex-primeiro-ministro-do-japao-shinzo-abe-morre-apos-ser-baleado","title":{"rendered":"Ex-primeiro-ministro do Jap\u00e3o, Shinzo Abe morre ap\u00f3s ser baleado"},"content":{"rendered":"<p>Morreu nesta sexta-feira (8) o ex-primeiro-ministro do <a href=\"https:\/\/www.japan.go.jp\/\">Jap\u00e3o<\/a>, <strong>Shinzo Abe<\/strong>, de 67 anos. Ele foi baleado durante um discurso que dava na cidade de Nara, Regi\u00e3o Oeste do Jap\u00e3o. Uma espingarda foi usada no crime e o fato foi considerado um choque porque al\u00e9m dele ter sido a pessoa que mais ficou como l\u00edder do pa\u00eds, tamb\u00e9m porque mortes com armas de fogo s\u00e3o raras.<\/p>\n<p>Segundo a imprensa local, as autoridades conseguiram identificar e prender o suspeito. A espingarda e outros materiais similares a explosivos foram apreendidos na casa do acusado.<\/p>\n<div class=\"mc-column content-text active-extra-styles \" data-block-type=\"unstyled\" data-block-weight=\"60\" data-block-id=\"8\">\n<p class=\"content-text__container \" data-track-category=\"Link no Texto\" data-track-links=\"\">Abe foi atacado por volta de 11h30 no hor\u00e1rio local (23h30 de quinta-feira, no hor\u00e1rio de Bras\u00edlia) perto da esta\u00e7\u00e3o de metr\u00f4 de Yamato-Saidaiji, onde participava de um ato de campanha eleitoral. Logo ap\u00f3s os disparos, ele caiu no ch\u00e3o.\u00a0<span class=\"highlight highlighted\">Imagens do momento registradas mostram o ex-premi\u00ea deitado, com as m\u00e3os sobre o peito e com a camisa ensanguentada<\/span>.<\/p>\n<\/div>\n<div class=\"mc-column content-text active-extra-styles\" data-block-type=\"raw\" data-block-weight=\"46\" data-block-id=\"9\">\n<p class=\"content-text__container\">\n<blockquote class=\"content-blockquote theme-border-color-primary-before\"><p>O hospital universit\u00e1rio de Nara, para onde ele foi levado de helic\u00f3ptero, informou que o ex-premi\u00ea tinha dois ferimentos &#8220;profundos&#8221;, um deles no cora\u00e7\u00e3o, e j\u00e1 chegou ao local sem sinais vitais. &#8220;Ele estava sangrando muito e, infelizmente, n\u00e3o pudemos salv\u00e1-lo&#8221;, informou o hospital, em nota.<\/p><\/blockquote>\n<p>Segundo a ag\u00eancia de not\u00edcias estatal japonesa &#8220;NHK&#8221;, aos menos dois tiros foram disparados, e\u00a0<span class=\"highlight highlighted\">Abe foi atingido duas vezes, uma no peito e outra, no pesco\u00e7o<\/span>. A mulher do ex-premi\u00ea, Akie Abe, chegou ao hospital no final desta tarde (fim da madrugada desta sexta, no Brasil), pouco antes do an\u00fancio da morte do marido. Ela n\u00e3o falou com a imprensa local.<\/div>\n<h3 data-block-type=\"raw\" data-block-weight=\"46\" data-block-id=\"9\">Quem foi Shinzo Abe?<\/h3>\n<div data-block-type=\"raw\" data-block-weight=\"46\" data-block-id=\"9\"><\/div>\n<div data-block-type=\"raw\" data-block-weight=\"46\" data-block-id=\"9\">\n<div class=\"mc-column content-text active-extra-styles \" data-block-type=\"unstyled\" data-block-weight=\"50\" data-block-id=\"30\">\n<p class=\"content-text__container \" data-track-category=\"Link no Texto\" data-track-links=\"\">Abe esteve no poder durante oito anos e\u00a0deixou o cargo em setembro de 2021.\u00a0<span class=\"highlight highlighted\">Ele foi o chefe de governo do Jap\u00e3o a ocupar o cargo por mais tempo<\/span>. Seu sucessor, o 100\u00ba primeiro-ministro do pa\u00eds, \u00e9 Fumio Kishida, ex-ministro das Rela\u00e7\u00f5es Exteriores, eleito em outubro de 2021.<\/p>\n<\/div>\n<div class=\"mc-column content-text active-extra-styles \" data-block-type=\"unstyled\" data-block-weight=\"30\" data-block-id=\"31\">\n<p class=\"content-text__container \" data-track-category=\"Link no Texto\" data-track-links=\"\">Ao renunciar, Abe alegou motivos de sa\u00fade. Ele sofre de colite ulcerativa cr\u00f4nica, uma doen\u00e7a que j\u00e1 o havia tirado do poder em uma outra ocasi\u00e3o, em 2007.<\/p>\n<\/div>\n<\/div>\n<h3 data-block-type=\"raw\" data-block-weight=\"46\" data-block-id=\"9\">Repercuss\u00e3o<\/h3>\n<div data-block-type=\"raw\" data-block-weight=\"46\" data-block-id=\"9\">\n<div class=\"mc-column content-text active-extra-styles \" data-block-type=\"unstyled\" data-block-weight=\"38\" data-block-id=\"16\">\n<p class=\"content-text__container \" data-track-category=\"Link no Texto\" data-track-links=\"\">O primeiro-ministro do Jap\u00e3o, Fumio Kishida, que pertence ao mesmo partido pol\u00edtico de Abe e o sucedeu no cargo, chamou o epis\u00f3dio de &#8220;ataque imperdo\u00e1vel&#8221; e afirmou que garantir\u00e1 as liberdades e respeito \u00e0 democracia no pa\u00eds.<\/p>\n<\/div>\n<div class=\"mc-column content-text active-extra-styles\" data-block-type=\"raw\" data-block-weight=\"30\" data-block-id=\"17\">\n<p class=\"content-text__container\">\n<blockquote class=\"content-blockquote theme-border-color-primary-before\"><p>&#8220;Tenho um grande respeito pelo legado de Shinzo Abe e ofere\u00e7o minhas condol\u00eancias&#8221;, afirmou Kishida. &#8220;Agora, uma elei\u00e7\u00e3o livre e justa \u00e9 algo que temos que defender acima de tudo&#8221;.<\/p><\/blockquote>\n<p>J\u00e1 o secret\u00e1rio-chefe do gabinete, Hirokazu Matsuno, disse que Abe foi v\u00edtima de \u201cum ato b\u00e1rbaro absolutamente imperdo\u00e1vel\u201d.<\/p><\/div>\n<div data-block-type=\"raw\" data-block-weight=\"30\" data-block-id=\"17\"><\/div>\n<\/div>\n<div data-block-type=\"raw\" data-block-weight=\"30\" data-block-id=\"17\">\n<div class=\"mc-column content-text active-extra-styles \" data-block-type=\"unstyled\" data-block-weight=\"27\" data-block-id=\"24\">\n<p class=\"content-text__container \" data-track-category=\"Link no Texto\" data-track-links=\"\"><span class=\"highlight highlighted\">Um suspeito, um homem de 42 anos, foi detido por tentativa de homic\u00eddio. Segundo a imprensa japonesa, o atirador \u00e9 um ex-integrante da Marinha do Jap\u00e3o.<\/span><\/p>\n<\/div>\n<div class=\"mc-column content-text active-extra-styles\" data-block-type=\"raw\" data-block-weight=\"34\" data-block-id=\"25\">\n<p class=\"content-text__container\">\n<blockquote class=\"content-blockquote theme-border-color-primary-before\"><p>A &#8220;NHK&#8221; afirmou que o suspeito foi identificado como Tetsuya Yamagami. Segundo a ag\u00eancia, o detido alegou que estava insatisfeito com Abe e queria mat\u00e1-lo, mas a pol\u00edcia n\u00e3o confirmou o relato da estatal.<\/p><\/blockquote>\n<p>&nbsp;<\/p>\n<\/div>\n<div class=\"mc-column content-text active-extra-styles \" data-block-type=\"unstyled\" data-block-weight=\"23\" data-block-id=\"26\">\n<p class=\"content-text__container \" data-track-category=\"Link no Texto\" data-track-links=\"\">A pol\u00edcia afirmou tamb\u00e9m ter recuperado a arma usada no ataque. A imprensa local disse tratar-se de uma espingarda caseira, de fabrica\u00e7\u00e3o grosseira.<\/p>\n<\/div>\n<\/div>\n<div data-block-type=\"raw\" data-block-weight=\"30\" data-block-id=\"17\"><strong>LEIA TAMB\u00c9M<\/strong><\/div>\n<div data-block-type=\"raw\" data-block-weight=\"30\" data-block-id=\"17\"><\/div>\n<div data-block-type=\"raw\" data-block-weight=\"30\" data-block-id=\"17\"><a href=\"https:\/\/redenoticiaz.com.br\/blog\/2022\/07\/07\/criador-do-anime-yu-gi-oh-e-encontrado-morto\">Criador do anime \u201cYu-Gi-Oh!\u201d \u00e9 encontrado morto<\/a><\/div>\n<div data-block-type=\"raw\" data-block-weight=\"30\" data-block-id=\"17\"><\/div>\n","protected":false},"excerpt":{"rendered":"<p>Morreu nesta sexta-feira (8) o ex-primeiro-ministro do Jap\u00e3o, Shinzo Abe, de 67 anos. Ele foi baleado durante um discurso que dava na cidade de Nara, Regi\u00e3o Oeste do Jap\u00e3o. Uma espingarda foi usada no crime e o fato foi considerado um choque porque al\u00e9m dele ter sido a pessoa que mais ficou como l\u00edder do &hellip;<\/p>\n","protected":false},"author":6,"featured_media":87689,"comment_status":"open","ping_status":"closed","sticky":false,"template":"","format":"standard","meta":{"footnotes":""},"categories":[84,10],"tags":[1606,57879,57880,2917,57881,57882],"class_list":["post-87688","post","type-post","status-publish","format-standard","has-post-thumbnail","hentry","category-mundo","category-policia","tag-assassinato","tag-ex-premie","tag-ex-primeiro-ministro","tag-japao","tag-nara","tag-shinzo-abe"],"yoast_head":"<!-- This site is optimized with the Yoast SEO plugin v27.5 - https:\/\/yoast.com\/product\/yoast-seo-wordpress\/ -->\n<title>Ex-primeiro-ministro do Jap\u00e3o, Shinzo Abe morre ap\u00f3s ser baleado - Litoral SP<\/title>\n<meta name=\"robots\" content=\"index, follow, max-snippet:-1, max-image-preview:large, max-video-preview:-1\" \/>\n<link rel=\"canonical\" href=\"https:\/\/redenoticiaz.com.br\/litoralsp\/2022\/07\/08\/ex-primeiro-ministro-do-japao-shinzo-abe-morre-apos-ser-baleado\" \/>\n<meta property=\"og:locale\" content=\"pt_BR\" \/>\n<meta property=\"og:type\" content=\"article\" \/>\n<meta property=\"og:title\" content=\"Ex-primeiro-ministro do Jap\u00e3o, Shinzo Abe morre ap\u00f3s ser baleado - Litoral SP\" \/>\n<meta property=\"og:description\" content=\"Morreu nesta sexta-feira (8) o ex-primeiro-ministro do Jap\u00e3o, Shinzo Abe, de 67 anos. Ele foi baleado durante um discurso que dava na cidade de Nara, Regi\u00e3o Oeste do Jap\u00e3o. Uma espingarda foi usada no crime e o fato foi considerado um choque porque al\u00e9m dele ter sido a pessoa que mais ficou como l\u00edder do &hellip;\" \/>\n<meta property=\"og:url\" content=\"https:\/\/redenoticiaz.com.br\/litoralsp\/2022\/07\/08\/ex-primeiro-ministro-do-japao-shinzo-abe-morre-apos-ser-baleado\" \/>\n<meta property=\"og:site_name\" content=\"Litoral SP\" \/>\n<meta property=\"article:published_time\" content=\"2022-07-08T13:04:06+00:00\" \/>\n<meta name=\"author\" content=\"Leonardo Francisco\" \/>\n<meta name=\"twitter:card\" content=\"summary_large_image\" \/>\n<meta name=\"twitter:label1\" content=\"Escrito por\" \/>\n\t<meta name=\"twitter:data1\" content=\"Leonardo Francisco\" \/>\n\t<meta name=\"twitter:label2\" content=\"Est. tempo de leitura\" \/>\n\t<meta name=\"twitter:data2\" content=\"3 minutos\" \/>\n<script type=\"application\/ld+json\" class=\"yoast-schema-graph\">{\"@context\":\"https:\\\/\\\/schema.org\",\"@graph\":[{\"@type\":\"Article\",\"@id\":\"https:\\\/\\\/redenoticiaz.com.br\\\/litoralsp\\\/2022\\\/07\\\/08\\\/ex-primeiro-ministro-do-japao-shinzo-abe-morre-apos-ser-baleado#article\",\"isPartOf\":{\"@id\":\"https:\\\/\\\/redenoticiaz.com.br\\\/litoralsp\\\/2022\\\/07\\\/08\\\/ex-primeiro-ministro-do-japao-shinzo-abe-morre-apos-ser-baleado\"},\"author\":{\"name\":\"Leonardo Francisco\",\"@id\":\"https:\\\/\\\/redenoticiaz.com.br\\\/litoralsp\\\/#\\\/schema\\\/person\\\/0f0b8a5bdafefe82841e07ae8d81ecb3\"},\"headline\":\"Ex-primeiro-ministro do Jap\u00e3o, Shinzo Abe morre ap\u00f3s ser baleado\",\"datePublished\":\"2022-07-08T13:04:06+00:00\",\"mainEntityOfPage\":{\"@id\":\"https:\\\/\\\/redenoticiaz.com.br\\\/litoralsp\\\/2022\\\/07\\\/08\\\/ex-primeiro-ministro-do-japao-shinzo-abe-morre-apos-ser-baleado\"},\"wordCount\":572,\"commentCount\":0,\"publisher\":{\"@id\":\"https:\\\/\\\/redenoticiaz.com.br\\\/litoralsp\\\/#organization\"},\"image\":{\"@id\":\"https:\\\/\\\/redenoticiaz.com.br\\\/litoralsp\\\/2022\\\/07\\\/08\\\/ex-primeiro-ministro-do-japao-shinzo-abe-morre-apos-ser-baleado#primaryimage\"},\"thumbnailUrl\":\"https:\\\/\\\/redenoticiaz.com.br\\\/litoralsp\\\/wp-content\\\/uploads\\\/sites\\\/3\\\/2022\\\/07\\\/MORTE-SHINZO.jpg?v=1657285369\",\"keywords\":[\"ASSASSINATO\",\"EX-PREMI\u00ca\",\"EX-PRIMEIRO-MINISTRO\",\"JAP\u00c3O\",\"NARA\",\"SHINZO ABE\"],\"articleSection\":[\"Mundo\",\"Pol\u00edcia\"],\"inLanguage\":\"pt-BR\",\"potentialAction\":[{\"@type\":\"CommentAction\",\"name\":\"Comment\",\"target\":[\"https:\\\/\\\/redenoticiaz.com.br\\\/litoralsp\\\/2022\\\/07\\\/08\\\/ex-primeiro-ministro-do-japao-shinzo-abe-morre-apos-ser-baleado#respond\"]}]},{\"@type\":\"WebPage\",\"@id\":\"https:\\\/\\\/redenoticiaz.com.br\\\/litoralsp\\\/2022\\\/07\\\/08\\\/ex-primeiro-ministro-do-japao-shinzo-abe-morre-apos-ser-baleado\",\"url\":\"https:\\\/\\\/redenoticiaz.com.br\\\/litoralsp\\\/2022\\\/07\\\/08\\\/ex-primeiro-ministro-do-japao-shinzo-abe-morre-apos-ser-baleado\",\"name\":\"Ex-primeiro-ministro do Jap\u00e3o, Shinzo Abe morre ap\u00f3s ser baleado - Litoral SP\",\"isPartOf\":{\"@id\":\"https:\\\/\\\/redenoticiaz.com.br\\\/litoralsp\\\/#website\"},\"primaryImageOfPage\":{\"@id\":\"https:\\\/\\\/redenoticiaz.com.br\\\/litoralsp\\\/2022\\\/07\\\/08\\\/ex-primeiro-ministro-do-japao-shinzo-abe-morre-apos-ser-baleado#primaryimage\"},\"image\":{\"@id\":\"https:\\\/\\\/redenoticiaz.com.br\\\/litoralsp\\\/2022\\\/07\\\/08\\\/ex-primeiro-ministro-do-japao-shinzo-abe-morre-apos-ser-baleado#primaryimage\"},\"thumbnailUrl\":\"https:\\\/\\\/redenoticiaz.com.br\\\/litoralsp\\\/wp-content\\\/uploads\\\/sites\\\/3\\\/2022\\\/07\\\/MORTE-SHINZO.jpg?v=1657285369\",\"datePublished\":\"2022-07-08T13:04:06+00:00\",\"inLanguage\":\"pt-BR\",\"potentialAction\":[{\"@type\":\"ReadAction\",\"target\":[\"https:\\\/\\\/redenoticiaz.com.br\\\/litoralsp\\\/2022\\\/07\\\/08\\\/ex-primeiro-ministro-do-japao-shinzo-abe-morre-apos-ser-baleado\"]}]},{\"@type\":\"ImageObject\",\"inLanguage\":\"pt-BR\",\"@id\":\"https:\\\/\\\/redenoticiaz.com.br\\\/litoralsp\\\/2022\\\/07\\\/08\\\/ex-primeiro-ministro-do-japao-shinzo-abe-morre-apos-ser-baleado#primaryimage\",\"url\":\"https:\\\/\\\/redenoticiaz.com.br\\\/litoralsp\\\/wp-content\\\/uploads\\\/sites\\\/3\\\/2022\\\/07\\\/MORTE-SHINZO.jpg?v=1657285369\",\"contentUrl\":\"https:\\\/\\\/redenoticiaz.com.br\\\/litoralsp\\\/wp-content\\\/uploads\\\/sites\\\/3\\\/2022\\\/07\\\/MORTE-SHINZO.jpg?v=1657285369\",\"width\":1033,\"height\":641,\"caption\":\"Cr\u00e9ditos: Reprodu\u00e7\u00e3o\\\/Reuters\"},{\"@type\":\"WebSite\",\"@id\":\"https:\\\/\\\/redenoticiaz.com.br\\\/litoralsp\\\/#website\",\"url\":\"https:\\\/\\\/redenoticiaz.com.br\\\/litoralsp\\\/\",\"name\":\"Litoral SP\",\"description\":\"Rede NoticiaZ\",\"publisher\":{\"@id\":\"https:\\\/\\\/redenoticiaz.com.br\\\/litoralsp\\\/#organization\"},\"potentialAction\":[{\"@type\":\"SearchAction\",\"target\":{\"@type\":\"EntryPoint\",\"urlTemplate\":\"https:\\\/\\\/redenoticiaz.com.br\\\/litoralsp\\\/?s={search_term_string}\"},\"query-input\":{\"@type\":\"PropertyValueSpecification\",\"valueRequired\":true,\"valueName\":\"search_term_string\"}}],\"inLanguage\":\"pt-BR\"},{\"@type\":\"Organization\",\"@id\":\"https:\\\/\\\/redenoticiaz.com.br\\\/litoralsp\\\/#organization\",\"name\":\"Litoral SP\",\"url\":\"https:\\\/\\\/redenoticiaz.com.br\\\/litoralsp\\\/\",\"logo\":{\"@type\":\"ImageObject\",\"inLanguage\":\"pt-BR\",\"@id\":\"https:\\\/\\\/redenoticiaz.com.br\\\/litoralsp\\\/#\\\/schema\\\/logo\\\/image\\\/\",\"url\":\"https:\\\/\\\/redenoticiaz.com.br\\\/litoralsp\\\/wp-content\\\/uploads\\\/sites\\\/3\\\/2020\\\/11\\\/logo.jpg\",\"contentUrl\":\"https:\\\/\\\/redenoticiaz.com.br\\\/litoralsp\\\/wp-content\\\/uploads\\\/sites\\\/3\\\/2020\\\/11\\\/logo.jpg\",\"width\":400,\"height\":250,\"caption\":\"Litoral SP\"},\"image\":{\"@id\":\"https:\\\/\\\/redenoticiaz.com.br\\\/litoralsp\\\/#\\\/schema\\\/logo\\\/image\\\/\"}},{\"@type\":\"Person\",\"@id\":\"https:\\\/\\\/redenoticiaz.com.br\\\/litoralsp\\\/#\\\/schema\\\/person\\\/0f0b8a5bdafefe82841e07ae8d81ecb3\",\"name\":\"Leonardo Francisco\",\"image\":{\"@type\":\"ImageObject\",\"inLanguage\":\"pt-BR\",\"@id\":\"https:\\\/\\\/secure.gravatar.com\\\/avatar\\\/a7358cb406a99b682ec6df1e77e31ae82e63601f6784e8a3df411d72b37864da?s=96&d=mm&r=g\",\"url\":\"https:\\\/\\\/secure.gravatar.com\\\/avatar\\\/a7358cb406a99b682ec6df1e77e31ae82e63601f6784e8a3df411d72b37864da?s=96&d=mm&r=g\",\"contentUrl\":\"https:\\\/\\\/secure.gravatar.com\\\/avatar\\\/a7358cb406a99b682ec6df1e77e31ae82e63601f6784e8a3df411d72b37864da?s=96&d=mm&r=g\",\"caption\":\"Leonardo Francisco\"},\"url\":\"https:\\\/\\\/redenoticiaz.com.br\\\/litoralsp\\\/author\\\/leonardo-francisco\"}]}<\/script>\n<!-- \/ Yoast SEO plugin. -->","yoast_head_json":{"title":"Ex-primeiro-ministro do Jap\u00e3o, Shinzo Abe morre ap\u00f3s ser baleado - Litoral SP","robots":{"index":"index","follow":"follow","max-snippet":"max-snippet:-1","max-image-preview":"max-image-preview:large","max-video-preview":"max-video-preview:-1"},"canonical":"https:\/\/redenoticiaz.com.br\/litoralsp\/2022\/07\/08\/ex-primeiro-ministro-do-japao-shinzo-abe-morre-apos-ser-baleado","og_locale":"pt_BR","og_type":"article","og_title":"Ex-primeiro-ministro do Jap\u00e3o, Shinzo Abe morre ap\u00f3s ser baleado - Litoral SP","og_description":"Morreu nesta sexta-feira (8) o ex-primeiro-ministro do Jap\u00e3o, Shinzo Abe, de 67 anos. Ele foi baleado durante um discurso que dava na cidade de Nara, Regi\u00e3o Oeste do Jap\u00e3o. Uma espingarda foi usada no crime e o fato foi considerado um choque porque al\u00e9m dele ter sido a pessoa que mais ficou como l\u00edder do &hellip;","og_url":"https:\/\/redenoticiaz.com.br\/litoralsp\/2022\/07\/08\/ex-primeiro-ministro-do-japao-shinzo-abe-morre-apos-ser-baleado","og_site_name":"Litoral SP","article_published_time":"2022-07-08T13:04:06+00:00","author":"Leonardo Francisco","twitter_card":"summary_large_image","twitter_misc":{"Escrito por":"Leonardo Francisco","Est. tempo de leitura":"3 minutos"},"schema":{"@context":"https:\/\/schema.org","@graph":[{"@type":"Article","@id":"https:\/\/redenoticiaz.com.br\/litoralsp\/2022\/07\/08\/ex-primeiro-ministro-do-japao-shinzo-abe-morre-apos-ser-baleado#article","isPartOf":{"@id":"https:\/\/redenoticiaz.com.br\/litoralsp\/2022\/07\/08\/ex-primeiro-ministro-do-japao-shinzo-abe-morre-apos-ser-baleado"},"author":{"name":"Leonardo Francisco","@id":"https:\/\/redenoticiaz.com.br\/litoralsp\/#\/schema\/person\/0f0b8a5bdafefe82841e07ae8d81ecb3"},"headline":"Ex-primeiro-ministro do Jap\u00e3o, Shinzo Abe morre ap\u00f3s ser baleado","datePublished":"2022-07-08T13:04:06+00:00","mainEntityOfPage":{"@id":"https:\/\/redenoticiaz.com.br\/litoralsp\/2022\/07\/08\/ex-primeiro-ministro-do-japao-shinzo-abe-morre-apos-ser-baleado"},"wordCount":572,"commentCount":0,"publisher":{"@id":"https:\/\/redenoticiaz.com.br\/litoralsp\/#organization"},"image":{"@id":"https:\/\/redenoticiaz.com.br\/litoralsp\/2022\/07\/08\/ex-primeiro-ministro-do-japao-shinzo-abe-morre-apos-ser-baleado#primaryimage"},"thumbnailUrl":"https:\/\/redenoticiaz.com.br\/litoralsp\/wp-content\/uploads\/sites\/3\/2022\/07\/MORTE-SHINZO.jpg?v=1657285369","keywords":["ASSASSINATO","EX-PREMI\u00ca","EX-PRIMEIRO-MINISTRO","JAP\u00c3O","NARA","SHINZO ABE"],"articleSection":["Mundo","Pol\u00edcia"],"inLanguage":"pt-BR","potentialAction":[{"@type":"CommentAction","name":"Comment","target":["https:\/\/redenoticiaz.com.br\/litoralsp\/2022\/07\/08\/ex-primeiro-ministro-do-japao-shinzo-abe-morre-apos-ser-baleado#respond"]}]},{"@type":"WebPage","@id":"https:\/\/redenoticiaz.com.br\/litoralsp\/2022\/07\/08\/ex-primeiro-ministro-do-japao-shinzo-abe-morre-apos-ser-baleado","url":"https:\/\/redenoticiaz.com.br\/litoralsp\/2022\/07\/08\/ex-primeiro-ministro-do-japao-shinzo-abe-morre-apos-ser-baleado","name":"Ex-primeiro-ministro do Jap\u00e3o, Shinzo Abe morre ap\u00f3s ser baleado - Litoral SP","isPartOf":{"@id":"https:\/\/redenoticiaz.com.br\/litoralsp\/#website"},"primaryImageOfPage":{"@id":"https:\/\/redenoticiaz.com.br\/litoralsp\/2022\/07\/08\/ex-primeiro-ministro-do-japao-shinzo-abe-morre-apos-ser-baleado#primaryimage"},"image":{"@id":"https:\/\/redenoticiaz.com.br\/litoralsp\/2022\/07\/08\/ex-primeiro-ministro-do-japao-shinzo-abe-morre-apos-ser-baleado#primaryimage"},"thumbnailUrl":"https:\/\/redenoticiaz.com.br\/litoralsp\/wp-content\/uploads\/sites\/3\/2022\/07\/MORTE-SHINZO.jpg?v=1657285369","datePublished":"2022-07-08T13:04:06+00:00","inLanguage":"pt-BR","potentialAction":[{"@type":"ReadAction","target":["https:\/\/redenoticiaz.com.br\/litoralsp\/2022\/07\/08\/ex-primeiro-ministro-do-japao-shinzo-abe-morre-apos-ser-baleado"]}]},{"@type":"ImageObject","inLanguage":"pt-BR","@id":"https:\/\/redenoticiaz.com.br\/litoralsp\/2022\/07\/08\/ex-primeiro-ministro-do-japao-shinzo-abe-morre-apos-ser-baleado#primaryimage","url":"https:\/\/redenoticiaz.com.br\/litoralsp\/wp-content\/uploads\/sites\/3\/2022\/07\/MORTE-SHINZO.jpg?v=1657285369","contentUrl":"https:\/\/redenoticiaz.com.br\/litoralsp\/wp-content\/uploads\/sites\/3\/2022\/07\/MORTE-SHINZO.jpg?v=1657285369","width":1033,"height":641,"caption":"Cr\u00e9ditos: Reprodu\u00e7\u00e3o\/Reuters"},{"@type":"WebSite","@id":"https:\/\/redenoticiaz.com.br\/litoralsp\/#website","url":"https:\/\/redenoticiaz.com.br\/litoralsp\/","name":"Litoral SP","description":"Rede NoticiaZ","publisher":{"@id":"https:\/\/redenoticiaz.com.br\/litoralsp\/#organization"},"potentialAction":[{"@type":"SearchAction","target":{"@type":"EntryPoint","urlTemplate":"https:\/\/redenoticiaz.com.br\/litoralsp\/?s={search_term_string}"},"query-input":{"@type":"PropertyValueSpecification","valueRequired":true,"valueName":"search_term_string"}}],"inLanguage":"pt-BR"},{"@type":"Organization","@id":"https:\/\/redenoticiaz.com.br\/litoralsp\/#organization","name":"Litoral SP","url":"https:\/\/redenoticiaz.com.br\/litoralsp\/","logo":{"@type":"ImageObject","inLanguage":"pt-BR","@id":"https:\/\/redenoticiaz.com.br\/litoralsp\/#\/schema\/logo\/image\/","url":"https:\/\/redenoticiaz.com.br\/litoralsp\/wp-content\/uploads\/sites\/3\/2020\/11\/logo.jpg","contentUrl":"https:\/\/redenoticiaz.com.br\/litoralsp\/wp-content\/uploads\/sites\/3\/2020\/11\/logo.jpg","width":400,"height":250,"caption":"Litoral SP"},"image":{"@id":"https:\/\/redenoticiaz.com.br\/litoralsp\/#\/schema\/logo\/image\/"}},{"@type":"Person","@id":"https:\/\/redenoticiaz.com.br\/litoralsp\/#\/schema\/person\/0f0b8a5bdafefe82841e07ae8d81ecb3","name":"Leonardo Francisco","image":{"@type":"ImageObject","inLanguage":"pt-BR","@id":"https:\/\/secure.gravatar.com\/avatar\/a7358cb406a99b682ec6df1e77e31ae82e63601f6784e8a3df411d72b37864da?s=96&d=mm&r=g","url":"https:\/\/secure.gravatar.com\/avatar\/a7358cb406a99b682ec6df1e77e31ae82e63601f6784e8a3df411d72b37864da?s=96&d=mm&r=g","contentUrl":"https:\/\/secure.gravatar.com\/avatar\/a7358cb406a99b682ec6df1e77e31ae82e63601f6784e8a3df411d72b37864da?s=96&d=mm&r=g","caption":"Leonardo Francisco"},"url":"https:\/\/redenoticiaz.com.br\/litoralsp\/author\/leonardo-francisco"}]}},"_links":{"self":[{"href":"https:\/\/redenoticiaz.com.br\/litoralsp\/wp-json\/wp\/v2\/posts\/87688","targetHints":{"allow":["GET"]}}],"collection":[{"href":"https:\/\/redenoticiaz.com.br\/litoralsp\/wp-json\/wp\/v2\/posts"}],"about":[{"href":"https:\/\/redenoticiaz.com.br\/litoralsp\/wp-json\/wp\/v2\/types\/post"}],"author":[{"embeddable":true,"href":"https:\/\/redenoticiaz.com.br\/litoralsp\/wp-json\/wp\/v2\/users\/6"}],"replies":[{"embeddable":true,"href":"https:\/\/redenoticiaz.com.br\/litoralsp\/wp-json\/wp\/v2\/comments?post=87688"}],"version-history":[{"count":0,"href":"https:\/\/redenoticiaz.com.br\/litoralsp\/wp-json\/wp\/v2\/posts\/87688\/revisions"}],"wp:featuredmedia":[{"embeddable":true,"href":"https:\/\/redenoticiaz.com.br\/litoralsp\/wp-json\/wp\/v2\/media\/87689"}],"wp:attachment":[{"href":"https:\/\/redenoticiaz.com.br\/litoralsp\/wp-json\/wp\/v2\/media?parent=87688"}],"wp:term":[{"taxonomy":"category","embeddable":true,"href":"https:\/\/redenoticiaz.com.br\/litoralsp\/wp-json\/wp\/v2\/categories?post=87688"},{"taxonomy":"post_tag","embeddable":true,"href":"https:\/\/redenoticiaz.com.br\/litoralsp\/wp-json\/wp\/v2\/tags?post=87688"}],"curies":[{"name":"wp","href":"https:\/\/api.w.org\/{rel}","templated":true}]}}