{"id":87893,"date":"2022-07-11T18:33:06","date_gmt":"2022-07-11T21:33:06","guid":{"rendered":"https:\/\/redenoticiaz.com.br\/litoralsp\/?p=87893"},"modified":"2022-07-11T18:33:06","modified_gmt":"2022-07-11T21:33:06","slug":"sao-sebastiao-ocupa-a-43a-colocacao-no-ranking-paulista-de-geracao-de-emprego-e-renda","status":"publish","type":"post","link":"https:\/\/redenoticiaz.com.br\/litoralsp\/2022\/07\/11\/sao-sebastiao-ocupa-a-43a-colocacao-no-ranking-paulista-de-geracao-de-emprego-e-renda","title":{"rendered":"S\u00e3o Sebasti\u00e3o ocupa a 43\u00aa coloca\u00e7\u00e3o no ranking paulista de gera\u00e7\u00e3o de emprego e renda"},"content":{"rendered":"<p class=\"v1MsoNormal\">A Prefeitura de S\u00e3o Sebasti\u00e3o est\u00e1 em 43\u00ba lugar, com saldo positivo em gera\u00e7\u00e3o de empregos.<b><\/b><\/p>\n<p class=\"v1MsoNormal\">Os dados s\u00e3o do Cadastro Geral de Empregados e Desempregados (CAGED) do Minist\u00e9rio do Trabalho e da Previd\u00eancia Social,\u00a0sob o regime da Consolida\u00e7\u00e3o das Leis do\u00a0Trabalho\u00a0(CLT), divulgados na \u00faltima semana.<\/p>\n<p class=\"v1MsoNormal\">As 645 cidades do estado, s\u00e3o divididas por regi\u00f5es e S\u00e3o Sebasti\u00e3o integra a Regi\u00e3o Metropolitana do Vale do Para\u00edba e Litoral Norte (RMVALE \u2013 LN).<\/p>\n<p class=\"v1MsoNormal\">Com 9.841 empregos gerados em um ano, S\u00e3o Jos\u00e9 dos Campos \u00e9 a 10\u00aa cidade do ranking paulista do CAGED.<\/p>\n<p class=\"v1MsoNormal\">A \u00f3tima coloca\u00e7\u00e3o do munic\u00edpio de S\u00e3o Sebasti\u00e3o (43\u00aa\/2.665), deve-se aos investimentos do governo municipal na cria\u00e7\u00e3o de cursos gratuitos profissionalizantes, com as caracter\u00edsticas econ\u00f4micas da cidade, ades\u00e3o aos programas de gera\u00e7\u00e3o de emprego e renda dos governos Estadual e Federal, recursos destinados \u00e0s \u00e1reas de sa\u00fade, educa\u00e7\u00e3o, seguran\u00e7a, turismo, cultura, infraestrutura, entre outros, com o intuito do desenvolvimento econ\u00f4mico ordenado.<\/p>\n<p class=\"v1MsoNormal\">Entre os munic\u00edpios mais industrializados e populosos, S\u00e3o Sebasti\u00e3o destacou-se na gera\u00e7\u00e3o de vagas de emprego, um grande salto na regi\u00e3o e estado, j\u00e1 que segundo dados do Instituto Brasileiro de Geografia e Estat\u00edstica (IBGE).<\/p>\n<p>Leia mais<\/p>\n<p><a href=\"https:\/\/redenoticiaz.com.br\/litoralsp\/2022\/07\/08\/sao-sebastiao-ganha-dia-municipal-do-turismo-no-calendario-oficial\">S\u00e3o Sebasti\u00e3o ganha Dia Municipal do Turismo no Calend\u00e1rio Oficial<\/a><\/p>\n","protected":false},"excerpt":{"rendered":"<p>A Prefeitura de S\u00e3o Sebasti\u00e3o est\u00e1 em 43\u00ba lugar, com saldo positivo em gera\u00e7\u00e3o de empregos. Os dados s\u00e3o do Cadastro Geral de Empregados e Desempregados (CAGED) do Minist\u00e9rio do Trabalho e da Previd\u00eancia Social,\u00a0sob o regime da Consolida\u00e7\u00e3o das Leis do\u00a0Trabalho\u00a0(CLT), divulgados na \u00faltima semana. As 645 cidades do estado, s\u00e3o divididas por regi\u00f5es &hellip;<\/p>\n","protected":false},"author":12,"featured_media":87894,"comment_status":"open","ping_status":"closed","sticky":false,"template":"","format":"standard","meta":{"footnotes":""},"categories":[188],"tags":[57992,37178,57993,2151,3707],"class_list":["post-87893","post","type-post","status-publish","format-standard","has-post-thumbnail","hentry","category-sao-sebastiao","tag-caged","tag-empregos","tag-geracao-de-renda","tag-ibge","tag-sao-sebastiao"],"yoast_head":"<!-- This site is optimized with the Yoast SEO plugin v27.5 - https:\/\/yoast.com\/product\/yoast-seo-wordpress\/ -->\n<title>S\u00e3o Sebasti\u00e3o ocupa a 43\u00aa coloca\u00e7\u00e3o no ranking paulista de gera\u00e7\u00e3o de emprego e renda - Litoral SP<\/title>\n<meta name=\"description\" content=\"A Prefeitura de S\u00e3o Sebasti\u00e3o est\u00e1 em 43\u00ba lugar, com saldo positivo em gera\u00e7\u00e3o de empregos, de acordo com CAGED.\" \/>\n<meta name=\"robots\" content=\"index, follow, max-snippet:-1, max-image-preview:large, max-video-preview:-1\" \/>\n<link rel=\"canonical\" href=\"https:\/\/redenoticiaz.com.br\/litoralsp\/2022\/07\/11\/sao-sebastiao-ocupa-a-43a-colocacao-no-ranking-paulista-de-geracao-de-emprego-e-renda\" \/>\n<meta property=\"og:locale\" content=\"pt_BR\" \/>\n<meta property=\"og:type\" content=\"article\" \/>\n<meta property=\"og:title\" content=\"S\u00e3o Sebasti\u00e3o ocupa a 43\u00aa coloca\u00e7\u00e3o no ranking paulista de gera\u00e7\u00e3o de emprego e renda - Litoral SP\" \/>\n<meta property=\"og:description\" content=\"A Prefeitura de S\u00e3o Sebasti\u00e3o est\u00e1 em 43\u00ba lugar, com saldo positivo em gera\u00e7\u00e3o de empregos, de acordo com CAGED.\" \/>\n<meta property=\"og:url\" content=\"https:\/\/redenoticiaz.com.br\/litoralsp\/2022\/07\/11\/sao-sebastiao-ocupa-a-43a-colocacao-no-ranking-paulista-de-geracao-de-emprego-e-renda\" \/>\n<meta property=\"og:site_name\" content=\"Litoral SP\" \/>\n<meta property=\"article:published_time\" content=\"2022-07-11T21:33:06+00:00\" \/>\n<meta property=\"og:image\" content=\"https:\/\/redenoticiaz.com.br\/litoralsp\/wp-content\/uploads\/sites\/3\/2022\/07\/PAT-2.jpg\" \/>\n\t<meta property=\"og:image:width\" content=\"655\" \/>\n\t<meta property=\"og:image:height\" content=\"437\" \/>\n\t<meta property=\"og:image:type\" content=\"image\/jpeg\" \/>\n<meta name=\"author\" content=\"Gustavo Silva\" \/>\n<meta name=\"twitter:card\" content=\"summary_large_image\" \/>\n<meta name=\"twitter:label1\" content=\"Escrito por\" \/>\n\t<meta name=\"twitter:data1\" content=\"Gustavo Silva\" \/>\n\t<meta name=\"twitter:label2\" content=\"Est. tempo de leitura\" \/>\n\t<meta name=\"twitter:data2\" content=\"2 minutos\" \/>\n<script type=\"application\/ld+json\" class=\"yoast-schema-graph\">{\"@context\":\"https:\\\/\\\/schema.org\",\"@graph\":[{\"@type\":\"Article\",\"@id\":\"https:\\\/\\\/redenoticiaz.com.br\\\/litoralsp\\\/2022\\\/07\\\/11\\\/sao-sebastiao-ocupa-a-43a-colocacao-no-ranking-paulista-de-geracao-de-emprego-e-renda#article\",\"isPartOf\":{\"@id\":\"https:\\\/\\\/redenoticiaz.com.br\\\/litoralsp\\\/2022\\\/07\\\/11\\\/sao-sebastiao-ocupa-a-43a-colocacao-no-ranking-paulista-de-geracao-de-emprego-e-renda\"},\"author\":{\"name\":\"Gustavo Silva\",\"@id\":\"https:\\\/\\\/redenoticiaz.com.br\\\/litoralsp\\\/#\\\/schema\\\/person\\\/16057b37a3c0ee6b096d7f887c566e2e\"},\"headline\":\"S\u00e3o Sebasti\u00e3o ocupa a 43\u00aa coloca\u00e7\u00e3o no ranking paulista de gera\u00e7\u00e3o de emprego e renda\",\"datePublished\":\"2022-07-11T21:33:06+00:00\",\"mainEntityOfPage\":{\"@id\":\"https:\\\/\\\/redenoticiaz.com.br\\\/litoralsp\\\/2022\\\/07\\\/11\\\/sao-sebastiao-ocupa-a-43a-colocacao-no-ranking-paulista-de-geracao-de-emprego-e-renda\"},\"wordCount\":250,\"commentCount\":0,\"publisher\":{\"@id\":\"https:\\\/\\\/redenoticiaz.com.br\\\/litoralsp\\\/#organization\"},\"image\":{\"@id\":\"https:\\\/\\\/redenoticiaz.com.br\\\/litoralsp\\\/2022\\\/07\\\/11\\\/sao-sebastiao-ocupa-a-43a-colocacao-no-ranking-paulista-de-geracao-de-emprego-e-renda#primaryimage\"},\"thumbnailUrl\":\"https:\\\/\\\/redenoticiaz.com.br\\\/litoralsp\\\/wp-content\\\/uploads\\\/sites\\\/3\\\/2022\\\/07\\\/PAT-2.jpg\",\"keywords\":[\"caged\",\"EMPREGOS\",\"gera\u00e7\u00e3o de renda\",\"IBGE\",\"S\u00c3O SEBASTI\u00c3O\"],\"articleSection\":[\"S\u00e3o Sebasti\u00e3o\"],\"inLanguage\":\"pt-BR\",\"potentialAction\":[{\"@type\":\"CommentAction\",\"name\":\"Comment\",\"target\":[\"https:\\\/\\\/redenoticiaz.com.br\\\/litoralsp\\\/2022\\\/07\\\/11\\\/sao-sebastiao-ocupa-a-43a-colocacao-no-ranking-paulista-de-geracao-de-emprego-e-renda#respond\"]}]},{\"@type\":\"WebPage\",\"@id\":\"https:\\\/\\\/redenoticiaz.com.br\\\/litoralsp\\\/2022\\\/07\\\/11\\\/sao-sebastiao-ocupa-a-43a-colocacao-no-ranking-paulista-de-geracao-de-emprego-e-renda\",\"url\":\"https:\\\/\\\/redenoticiaz.com.br\\\/litoralsp\\\/2022\\\/07\\\/11\\\/sao-sebastiao-ocupa-a-43a-colocacao-no-ranking-paulista-de-geracao-de-emprego-e-renda\",\"name\":\"S\u00e3o Sebasti\u00e3o ocupa a 43\u00aa coloca\u00e7\u00e3o no ranking paulista de gera\u00e7\u00e3o de emprego e renda - Litoral SP\",\"isPartOf\":{\"@id\":\"https:\\\/\\\/redenoticiaz.com.br\\\/litoralsp\\\/#website\"},\"primaryImageOfPage\":{\"@id\":\"https:\\\/\\\/redenoticiaz.com.br\\\/litoralsp\\\/2022\\\/07\\\/11\\\/sao-sebastiao-ocupa-a-43a-colocacao-no-ranking-paulista-de-geracao-de-emprego-e-renda#primaryimage\"},\"image\":{\"@id\":\"https:\\\/\\\/redenoticiaz.com.br\\\/litoralsp\\\/2022\\\/07\\\/11\\\/sao-sebastiao-ocupa-a-43a-colocacao-no-ranking-paulista-de-geracao-de-emprego-e-renda#primaryimage\"},\"thumbnailUrl\":\"https:\\\/\\\/redenoticiaz.com.br\\\/litoralsp\\\/wp-content\\\/uploads\\\/sites\\\/3\\\/2022\\\/07\\\/PAT-2.jpg\",\"datePublished\":\"2022-07-11T21:33:06+00:00\",\"description\":\"A Prefeitura de S\u00e3o Sebasti\u00e3o est\u00e1 em 43\u00ba lugar, com saldo positivo em gera\u00e7\u00e3o de empregos, de acordo com CAGED.\",\"inLanguage\":\"pt-BR\",\"potentialAction\":[{\"@type\":\"ReadAction\",\"target\":[\"https:\\\/\\\/redenoticiaz.com.br\\\/litoralsp\\\/2022\\\/07\\\/11\\\/sao-sebastiao-ocupa-a-43a-colocacao-no-ranking-paulista-de-geracao-de-emprego-e-renda\"]}]},{\"@type\":\"ImageObject\",\"inLanguage\":\"pt-BR\",\"@id\":\"https:\\\/\\\/redenoticiaz.com.br\\\/litoralsp\\\/2022\\\/07\\\/11\\\/sao-sebastiao-ocupa-a-43a-colocacao-no-ranking-paulista-de-geracao-de-emprego-e-renda#primaryimage\",\"url\":\"https:\\\/\\\/redenoticiaz.com.br\\\/litoralsp\\\/wp-content\\\/uploads\\\/sites\\\/3\\\/2022\\\/07\\\/PAT-2.jpg\",\"contentUrl\":\"https:\\\/\\\/redenoticiaz.com.br\\\/litoralsp\\\/wp-content\\\/uploads\\\/sites\\\/3\\\/2022\\\/07\\\/PAT-2.jpg\",\"width\":655,\"height\":437,\"caption\":\"S\u00e3o Sebasti\u00e3o ocupa a 43\u00aa coloca\u00e7\u00e3o no ranking paulista de gera\u00e7\u00e3o de emprego e renda\"},{\"@type\":\"WebSite\",\"@id\":\"https:\\\/\\\/redenoticiaz.com.br\\\/litoralsp\\\/#website\",\"url\":\"https:\\\/\\\/redenoticiaz.com.br\\\/litoralsp\\\/\",\"name\":\"Litoral SP\",\"description\":\"Rede NoticiaZ\",\"publisher\":{\"@id\":\"https:\\\/\\\/redenoticiaz.com.br\\\/litoralsp\\\/#organization\"},\"potentialAction\":[{\"@type\":\"SearchAction\",\"target\":{\"@type\":\"EntryPoint\",\"urlTemplate\":\"https:\\\/\\\/redenoticiaz.com.br\\\/litoralsp\\\/?s={search_term_string}\"},\"query-input\":{\"@type\":\"PropertyValueSpecification\",\"valueRequired\":true,\"valueName\":\"search_term_string\"}}],\"inLanguage\":\"pt-BR\"},{\"@type\":\"Organization\",\"@id\":\"https:\\\/\\\/redenoticiaz.com.br\\\/litoralsp\\\/#organization\",\"name\":\"Litoral SP\",\"url\":\"https:\\\/\\\/redenoticiaz.com.br\\\/litoralsp\\\/\",\"logo\":{\"@type\":\"ImageObject\",\"inLanguage\":\"pt-BR\",\"@id\":\"https:\\\/\\\/redenoticiaz.com.br\\\/litoralsp\\\/#\\\/schema\\\/logo\\\/image\\\/\",\"url\":\"https:\\\/\\\/redenoticiaz.com.br\\\/litoralsp\\\/wp-content\\\/uploads\\\/sites\\\/3\\\/2020\\\/11\\\/logo.jpg\",\"contentUrl\":\"https:\\\/\\\/redenoticiaz.com.br\\\/litoralsp\\\/wp-content\\\/uploads\\\/sites\\\/3\\\/2020\\\/11\\\/logo.jpg\",\"width\":400,\"height\":250,\"caption\":\"Litoral SP\"},\"image\":{\"@id\":\"https:\\\/\\\/redenoticiaz.com.br\\\/litoralsp\\\/#\\\/schema\\\/logo\\\/image\\\/\"}},{\"@type\":\"Person\",\"@id\":\"https:\\\/\\\/redenoticiaz.com.br\\\/litoralsp\\\/#\\\/schema\\\/person\\\/16057b37a3c0ee6b096d7f887c566e2e\",\"name\":\"Gustavo Silva\",\"image\":{\"@type\":\"ImageObject\",\"inLanguage\":\"pt-BR\",\"@id\":\"https:\\\/\\\/secure.gravatar.com\\\/avatar\\\/3ee4e82f93b26de0a7cf4ea5eb7893da637ed6bb0c9170c58065944c56e28a33?s=96&d=mm&r=g\",\"url\":\"https:\\\/\\\/secure.gravatar.com\\\/avatar\\\/3ee4e82f93b26de0a7cf4ea5eb7893da637ed6bb0c9170c58065944c56e28a33?s=96&d=mm&r=g\",\"contentUrl\":\"https:\\\/\\\/secure.gravatar.com\\\/avatar\\\/3ee4e82f93b26de0a7cf4ea5eb7893da637ed6bb0c9170c58065944c56e28a33?s=96&d=mm&r=g\",\"caption\":\"Gustavo Silva\"},\"url\":\"https:\\\/\\\/redenoticiaz.com.br\\\/litoralsp\\\/author\\\/gustavosilva\"}]}<\/script>\n<!-- \/ Yoast SEO plugin. -->","yoast_head_json":{"title":"S\u00e3o Sebasti\u00e3o ocupa a 43\u00aa coloca\u00e7\u00e3o no ranking paulista de gera\u00e7\u00e3o de emprego e renda - Litoral SP","description":"A Prefeitura de S\u00e3o Sebasti\u00e3o est\u00e1 em 43\u00ba lugar, com saldo positivo em gera\u00e7\u00e3o de empregos, de acordo com CAGED.","robots":{"index":"index","follow":"follow","max-snippet":"max-snippet:-1","max-image-preview":"max-image-preview:large","max-video-preview":"max-video-preview:-1"},"canonical":"https:\/\/redenoticiaz.com.br\/litoralsp\/2022\/07\/11\/sao-sebastiao-ocupa-a-43a-colocacao-no-ranking-paulista-de-geracao-de-emprego-e-renda","og_locale":"pt_BR","og_type":"article","og_title":"S\u00e3o Sebasti\u00e3o ocupa a 43\u00aa coloca\u00e7\u00e3o no ranking paulista de gera\u00e7\u00e3o de emprego e renda - Litoral SP","og_description":"A Prefeitura de S\u00e3o Sebasti\u00e3o est\u00e1 em 43\u00ba lugar, com saldo positivo em gera\u00e7\u00e3o de empregos, de acordo com CAGED.","og_url":"https:\/\/redenoticiaz.com.br\/litoralsp\/2022\/07\/11\/sao-sebastiao-ocupa-a-43a-colocacao-no-ranking-paulista-de-geracao-de-emprego-e-renda","og_site_name":"Litoral SP","article_published_time":"2022-07-11T21:33:06+00:00","og_image":[{"width":655,"height":437,"url":"https:\/\/redenoticiaz.com.br\/litoralsp\/wp-content\/uploads\/sites\/3\/2022\/07\/PAT-2.jpg","type":"image\/jpeg"}],"author":"Gustavo Silva","twitter_card":"summary_large_image","twitter_misc":{"Escrito por":"Gustavo Silva","Est. tempo de leitura":"2 minutos"},"schema":{"@context":"https:\/\/schema.org","@graph":[{"@type":"Article","@id":"https:\/\/redenoticiaz.com.br\/litoralsp\/2022\/07\/11\/sao-sebastiao-ocupa-a-43a-colocacao-no-ranking-paulista-de-geracao-de-emprego-e-renda#article","isPartOf":{"@id":"https:\/\/redenoticiaz.com.br\/litoralsp\/2022\/07\/11\/sao-sebastiao-ocupa-a-43a-colocacao-no-ranking-paulista-de-geracao-de-emprego-e-renda"},"author":{"name":"Gustavo Silva","@id":"https:\/\/redenoticiaz.com.br\/litoralsp\/#\/schema\/person\/16057b37a3c0ee6b096d7f887c566e2e"},"headline":"S\u00e3o Sebasti\u00e3o ocupa a 43\u00aa coloca\u00e7\u00e3o no ranking paulista de gera\u00e7\u00e3o de emprego e renda","datePublished":"2022-07-11T21:33:06+00:00","mainEntityOfPage":{"@id":"https:\/\/redenoticiaz.com.br\/litoralsp\/2022\/07\/11\/sao-sebastiao-ocupa-a-43a-colocacao-no-ranking-paulista-de-geracao-de-emprego-e-renda"},"wordCount":250,"commentCount":0,"publisher":{"@id":"https:\/\/redenoticiaz.com.br\/litoralsp\/#organization"},"image":{"@id":"https:\/\/redenoticiaz.com.br\/litoralsp\/2022\/07\/11\/sao-sebastiao-ocupa-a-43a-colocacao-no-ranking-paulista-de-geracao-de-emprego-e-renda#primaryimage"},"thumbnailUrl":"https:\/\/redenoticiaz.com.br\/litoralsp\/wp-content\/uploads\/sites\/3\/2022\/07\/PAT-2.jpg","keywords":["caged","EMPREGOS","gera\u00e7\u00e3o de renda","IBGE","S\u00c3O SEBASTI\u00c3O"],"articleSection":["S\u00e3o Sebasti\u00e3o"],"inLanguage":"pt-BR","potentialAction":[{"@type":"CommentAction","name":"Comment","target":["https:\/\/redenoticiaz.com.br\/litoralsp\/2022\/07\/11\/sao-sebastiao-ocupa-a-43a-colocacao-no-ranking-paulista-de-geracao-de-emprego-e-renda#respond"]}]},{"@type":"WebPage","@id":"https:\/\/redenoticiaz.com.br\/litoralsp\/2022\/07\/11\/sao-sebastiao-ocupa-a-43a-colocacao-no-ranking-paulista-de-geracao-de-emprego-e-renda","url":"https:\/\/redenoticiaz.com.br\/litoralsp\/2022\/07\/11\/sao-sebastiao-ocupa-a-43a-colocacao-no-ranking-paulista-de-geracao-de-emprego-e-renda","name":"S\u00e3o Sebasti\u00e3o ocupa a 43\u00aa coloca\u00e7\u00e3o no ranking paulista de gera\u00e7\u00e3o de emprego e renda - Litoral SP","isPartOf":{"@id":"https:\/\/redenoticiaz.com.br\/litoralsp\/#website"},"primaryImageOfPage":{"@id":"https:\/\/redenoticiaz.com.br\/litoralsp\/2022\/07\/11\/sao-sebastiao-ocupa-a-43a-colocacao-no-ranking-paulista-de-geracao-de-emprego-e-renda#primaryimage"},"image":{"@id":"https:\/\/redenoticiaz.com.br\/litoralsp\/2022\/07\/11\/sao-sebastiao-ocupa-a-43a-colocacao-no-ranking-paulista-de-geracao-de-emprego-e-renda#primaryimage"},"thumbnailUrl":"https:\/\/redenoticiaz.com.br\/litoralsp\/wp-content\/uploads\/sites\/3\/2022\/07\/PAT-2.jpg","datePublished":"2022-07-11T21:33:06+00:00","description":"A Prefeitura de S\u00e3o Sebasti\u00e3o est\u00e1 em 43\u00ba lugar, com saldo positivo em gera\u00e7\u00e3o de empregos, de acordo com CAGED.","inLanguage":"pt-BR","potentialAction":[{"@type":"ReadAction","target":["https:\/\/redenoticiaz.com.br\/litoralsp\/2022\/07\/11\/sao-sebastiao-ocupa-a-43a-colocacao-no-ranking-paulista-de-geracao-de-emprego-e-renda"]}]},{"@type":"ImageObject","inLanguage":"pt-BR","@id":"https:\/\/redenoticiaz.com.br\/litoralsp\/2022\/07\/11\/sao-sebastiao-ocupa-a-43a-colocacao-no-ranking-paulista-de-geracao-de-emprego-e-renda#primaryimage","url":"https:\/\/redenoticiaz.com.br\/litoralsp\/wp-content\/uploads\/sites\/3\/2022\/07\/PAT-2.jpg","contentUrl":"https:\/\/redenoticiaz.com.br\/litoralsp\/wp-content\/uploads\/sites\/3\/2022\/07\/PAT-2.jpg","width":655,"height":437,"caption":"S\u00e3o Sebasti\u00e3o ocupa a 43\u00aa coloca\u00e7\u00e3o no ranking paulista de gera\u00e7\u00e3o de emprego e renda"},{"@type":"WebSite","@id":"https:\/\/redenoticiaz.com.br\/litoralsp\/#website","url":"https:\/\/redenoticiaz.com.br\/litoralsp\/","name":"Litoral SP","description":"Rede NoticiaZ","publisher":{"@id":"https:\/\/redenoticiaz.com.br\/litoralsp\/#organization"},"potentialAction":[{"@type":"SearchAction","target":{"@type":"EntryPoint","urlTemplate":"https:\/\/redenoticiaz.com.br\/litoralsp\/?s={search_term_string}"},"query-input":{"@type":"PropertyValueSpecification","valueRequired":true,"valueName":"search_term_string"}}],"inLanguage":"pt-BR"},{"@type":"Organization","@id":"https:\/\/redenoticiaz.com.br\/litoralsp\/#organization","name":"Litoral SP","url":"https:\/\/redenoticiaz.com.br\/litoralsp\/","logo":{"@type":"ImageObject","inLanguage":"pt-BR","@id":"https:\/\/redenoticiaz.com.br\/litoralsp\/#\/schema\/logo\/image\/","url":"https:\/\/redenoticiaz.com.br\/litoralsp\/wp-content\/uploads\/sites\/3\/2020\/11\/logo.jpg","contentUrl":"https:\/\/redenoticiaz.com.br\/litoralsp\/wp-content\/uploads\/sites\/3\/2020\/11\/logo.jpg","width":400,"height":250,"caption":"Litoral SP"},"image":{"@id":"https:\/\/redenoticiaz.com.br\/litoralsp\/#\/schema\/logo\/image\/"}},{"@type":"Person","@id":"https:\/\/redenoticiaz.com.br\/litoralsp\/#\/schema\/person\/16057b37a3c0ee6b096d7f887c566e2e","name":"Gustavo Silva","image":{"@type":"ImageObject","inLanguage":"pt-BR","@id":"https:\/\/secure.gravatar.com\/avatar\/3ee4e82f93b26de0a7cf4ea5eb7893da637ed6bb0c9170c58065944c56e28a33?s=96&d=mm&r=g","url":"https:\/\/secure.gravatar.com\/avatar\/3ee4e82f93b26de0a7cf4ea5eb7893da637ed6bb0c9170c58065944c56e28a33?s=96&d=mm&r=g","contentUrl":"https:\/\/secure.gravatar.com\/avatar\/3ee4e82f93b26de0a7cf4ea5eb7893da637ed6bb0c9170c58065944c56e28a33?s=96&d=mm&r=g","caption":"Gustavo Silva"},"url":"https:\/\/redenoticiaz.com.br\/litoralsp\/author\/gustavosilva"}]}},"_links":{"self":[{"href":"https:\/\/redenoticiaz.com.br\/litoralsp\/wp-json\/wp\/v2\/posts\/87893","targetHints":{"allow":["GET"]}}],"collection":[{"href":"https:\/\/redenoticiaz.com.br\/litoralsp\/wp-json\/wp\/v2\/posts"}],"about":[{"href":"https:\/\/redenoticiaz.com.br\/litoralsp\/wp-json\/wp\/v2\/types\/post"}],"author":[{"embeddable":true,"href":"https:\/\/redenoticiaz.com.br\/litoralsp\/wp-json\/wp\/v2\/users\/12"}],"replies":[{"embeddable":true,"href":"https:\/\/redenoticiaz.com.br\/litoralsp\/wp-json\/wp\/v2\/comments?post=87893"}],"version-history":[{"count":1,"href":"https:\/\/redenoticiaz.com.br\/litoralsp\/wp-json\/wp\/v2\/posts\/87893\/revisions"}],"predecessor-version":[{"id":87902,"href":"https:\/\/redenoticiaz.com.br\/litoralsp\/wp-json\/wp\/v2\/posts\/87893\/revisions\/87902"}],"wp:featuredmedia":[{"embeddable":true,"href":"https:\/\/redenoticiaz.com.br\/litoralsp\/wp-json\/wp\/v2\/media\/87894"}],"wp:attachment":[{"href":"https:\/\/redenoticiaz.com.br\/litoralsp\/wp-json\/wp\/v2\/media?parent=87893"}],"wp:term":[{"taxonomy":"category","embeddable":true,"href":"https:\/\/redenoticiaz.com.br\/litoralsp\/wp-json\/wp\/v2\/categories?post=87893"},{"taxonomy":"post_tag","embeddable":true,"href":"https:\/\/redenoticiaz.com.br\/litoralsp\/wp-json\/wp\/v2\/tags?post=87893"}],"curies":[{"name":"wp","href":"https:\/\/api.w.org\/{rel}","templated":true}]}}