{"id":8790,"date":"2021-05-19T06:30:14","date_gmt":"2021-05-19T09:30:14","guid":{"rendered":"https:\/\/redenoticiaz.com.br\/litoralsp\/2021\/05\/19\/aumentam-pesquisas-sobre-covid-nas-redes-sociais"},"modified":"2021-05-19T06:34:38","modified_gmt":"2021-05-19T09:34:38","slug":"aumentam-pesquisas-sobre-covid-nas-redes-sociais","status":"publish","type":"post","link":"https:\/\/redenoticiaz.com.br\/litoralsp\/2021\/05\/19\/aumentam-pesquisas-sobre-covid-nas-redes-sociais","title":{"rendered":"Aumentam pesquisas sobre covid nas redes sociais"},"content":{"rendered":"<p>O <strong>n\u00famero de pessoas<\/strong> que se informam sobre a <strong>pandemia do novo coronav\u00edrus pelas redes sociais cresceu<\/strong> desde o ano passado.<img decoding=\"async\" src=\"https:\/\/agenciabrasil.ebc.com.br\/ebc.png?id=1410066&amp;o=node\" \/><img decoding=\"async\" src=\"https:\/\/agenciabrasil.ebc.com.br\/ebc.gif?id=1410066&amp;o=node\" \/><\/p>\n<p>Segundo pesquisa divulgada hoje (18) pelo Facebook IQ, o percentual dos que dizem receber informa\u00e7\u00f5es sobre a covid-19 pelos aplicativos do Facebook (que incluem Messenger, Instagram e Whatsapp) \u00e9 de 66%, o que representa aumento de 14 pontos percentuais em rela\u00e7\u00e3o ao registrado em maio de 2020.<\/p>\n<p>De acordo com a pesquisa, as redes sociais s\u00e3o a segunda maior fonte de informa\u00e7\u00f5es sobre a pandemia, perdendo apenas para a TV aberta, mencionada por 67% do p\u00fablico. O percentual representa uma queda de 3 pontos percentuais em compara\u00e7\u00e3o com o verificado em maio do ano passado. Perderam ainda mais espa\u00e7o na prefer\u00eancia dos consumidores de informa\u00e7\u00e3o os portais de not\u00edcias, apontados por 52% dos entrevistados, uma queda de 19 pontos percentuais na compara\u00e7\u00e3o com o ano passado.<\/p>\n<p>Para o l\u00edder de Insights do Facebook IQ, Fabr\u00edcio Fudissaku, os dados mostram uma mudan\u00e7a de comportamento da popula\u00e7\u00e3o, que est\u00e1 procurando menos ativamente informa\u00e7\u00f5es e adotando uma postura mais passiva. O percentual de pessoas que dizem acompanhar \u201cmuito de perto\u201d as informa\u00e7\u00f5es sobre a covid-19 caiu 21\u00a0pontos percentuais, ficando, agora, em 73%.<\/p>\n<p>\u201cQuando voc\u00ea busca no\u00a0<em>site<\/em>\u00a0ou no portal, \u00e9 uma busca ativa. Ou seja, eu estou interessado em um tema e vou atr\u00e1s dessa informa\u00e7\u00e3o, ao contr\u00e1rio dos outros meios. Isso explica um pouco essa queda. H\u00e1 uma satura\u00e7\u00e3o, e as pessoas est\u00e3o deixando de fazer uma busca proativa\u201d, explica Fudissaku.<\/p>\n<h2>Renda preocupa<\/h2>\n<p>A pesquisa mostra tamb\u00e9m uma grande preocupa\u00e7\u00e3o com a situa\u00e7\u00e3o econ\u00f4mica na pandemia. Mais da metade dos entrevistados (55%) est\u00e3o economizando por temer que a situa\u00e7\u00e3o financeira deve ser pior ao fim da pandemia, enquanto 49% t\u00eam medo de perder o emprego. Dois ter\u00e7os (68%) relataram ter tido preju\u00edzo econ\u00f4mico devido \u00e0s repercuss\u00f5es da doen\u00e7a \u2013 no estudo do ano passado, o percentual era de 51%.<\/p>\n<p>Sobre as prioridades no momento, 22% v\u00e3o aumentar os gastos com produtos de higiene pessoal, 21%, v\u00e3o gastar mais com alimentos frescos e 19% preveem empenhar mais dinheiro com servi\u00e7os financeiros. Entre os consultados, 33% disseram que pretendem gastar menos com roupas, 32% que v\u00e3o diminuir o consumo de sapatos, mesmo percentual dos que pensa, em reduzir despesas com m\u00f3veis e itens para caso, e 31% que pretendem gastar menos com aparelhos eletr\u00f4nicos.<\/p>\n<p>O economista-chefe da Nova Futura Investimentos, Pedro Paulo Silveira, ponderou que a redu\u00e7\u00e3o da inten\u00e7\u00e3o de compra de aparelhos eletroeletr\u00f4nicos est\u00e1 relacionada n\u00e3o s\u00f3 a redu\u00e7\u00e3o da renda, mas tamb\u00e9m a investimentos feitos ao longo do \u00faltimo ano. \u201cA demanda por de aparelhos eletr\u00f4nicos subiu bastante no ano passado, porque as fam\u00edlias estavam se adequando [ao per\u00edodo de isolamento]. Voc\u00ea n\u00e3o vai ficar comprando o tempo todo esses equipamentos que s\u00e3o dispendiosos\u201d, analisou.<\/p>\n<p>O lazer e o entretenimento devem perder espa\u00e7o, segundo a pesquisa, com a situa\u00e7\u00e3o causada pela pandemia, especialmente entre as fam\u00edlias mais pobres. Disseram que deixar\u00e3o de gastar com\u00a0<em>games\u00a0<\/em>43% dos entrevistados, percentual que sobe para 55% entre as fam\u00edlias das classes D e E.<\/p>\n<p>Viagens s\u00e3o tamb\u00e9m despesas que devem ser riscadas do or\u00e7amento de 41% dos brasileiros (52% entre as classes D e E).<\/p>\n<h2>Consumo pela internet<\/h2>\n<p>Segundo a pesquisa, a pandemia trouxe ainda mudan\u00e7a de h\u00e1bitos de consumo. Entre os entrevistados, 58% disseram que usam aplicativos de entrega de comida ao menos uma vez por semana. J\u00e1 44% responderam que aderiram a aplicativos de transporte ao menos uma vez por semana.<\/p>\n<p>H\u00e1 uma tend\u00eancia de crescimento das compras pela internet. Quase dois ter\u00e7os (65%) disseram que v\u00e3o comprar mais por aplicativos ap\u00f3s o fim da <a href=\"https:\/\/pt.wikipedia.org\/wiki\/Pandemia\">pandemia.<\/a><\/p>\n<p>O valor do frete foi o fator mais mencionado entre os elementos levados em considera\u00e7\u00e3o para a compra<em>\u00a0online<\/em>, com 77% de cita\u00e7\u00f5es. Em seguida, v\u00eam o pre\u00e7o do produto, lembrado por 69%, a seguran\u00e7a (66%), a qualidade do produto (65%) e a rapidez na entrega (55%).<\/p>\n<p>A pesquisa ouviu, em abril deste ano, 600 usu\u00e1rios de internet com mais de 16 anos em todas as regi\u00f5es do pa\u00eds. (agenciabrasil)<\/p>\n<p>&nbsp;<\/p>\n<p>LEIA TAMB\u00c9M<\/p>\n<p><a href=\"https:\/\/redenoticiaz.com.br\/blog\/2021\/05\/18\/video-mc-kevin-e-enterrado-em-cerimonia-emocionante\">V\u00cdDEO \u2013 MC Kevin \u00e9 enterrado em cerim\u00f4nia emocionante<\/a><\/p>\n","protected":false},"excerpt":{"rendered":"<p>O n\u00famero de pessoas que se informam sobre a pandemia do novo coronav\u00edrus pelas redes sociais cresceu desde o ano passado. Segundo pesquisa divulgada hoje (18) pelo Facebook IQ, o percentual dos que dizem receber informa\u00e7\u00f5es sobre a covid-19 pelos aplicativos do Facebook (que incluem Messenger, Instagram e Whatsapp) \u00e9 de 66%, o que representa &hellip;<\/p>\n","protected":false},"author":5,"featured_media":8791,"comment_status":"open","ping_status":"closed","sticky":false,"template":"","format":"standard","meta":{"footnotes":""},"categories":[23],"tags":[22713,22714,22715],"class_list":["post-8790","post","type-post","status-publish","format-standard","has-post-thumbnail","hentry","category-saude","tag-facebook-pesquisa","tag-pandemia-pesquisa","tag-pesquisa-redes-sociais"],"yoast_head":"<!-- This site is optimized with the Yoast SEO plugin v27.5 - https:\/\/yoast.com\/product\/yoast-seo-wordpress\/ -->\n<title>Aumentam pesquisas sobre covid nas redes sociais - Litoral SP<\/title>\n<meta name=\"description\" content=\"O n\u00famero de pessoas que se informam sobre a pandemia do novo coronav\u00edrus pelas redes sociais cresceu desde o ano passado.\" \/>\n<meta name=\"robots\" content=\"index, follow, max-snippet:-1, max-image-preview:large, max-video-preview:-1\" \/>\n<link rel=\"canonical\" href=\"https:\/\/redenoticiaz.com.br\/litoralsp\/2021\/05\/19\/aumentam-pesquisas-sobre-covid-nas-redes-sociais\" \/>\n<meta property=\"og:locale\" content=\"pt_BR\" \/>\n<meta property=\"og:type\" content=\"article\" \/>\n<meta property=\"og:title\" content=\"Aumentam pesquisas sobre covid nas redes sociais - Litoral SP\" \/>\n<meta property=\"og:description\" content=\"O n\u00famero de pessoas que se informam sobre a pandemia do novo coronav\u00edrus pelas redes sociais cresceu desde o ano passado.\" \/>\n<meta property=\"og:url\" content=\"https:\/\/redenoticiaz.com.br\/litoralsp\/2021\/05\/19\/aumentam-pesquisas-sobre-covid-nas-redes-sociais\" \/>\n<meta property=\"og:site_name\" content=\"Litoral SP\" \/>\n<meta property=\"article:published_time\" content=\"2021-05-19T09:30:14+00:00\" \/>\n<meta property=\"article:modified_time\" content=\"2021-05-19T09:34:38+00:00\" \/>\n<meta property=\"og:image\" content=\"https:\/\/redenoticiaz.com.br\/litoralsp\/wp-content\/uploads\/sites\/3\/2021\/05\/2020-06-23t165348z_1_lynxmpeg5m1mo_rtroptp_4_tech-facebook-alemanha.jpg\" \/>\n\t<meta property=\"og:image:width\" content=\"1024\" \/>\n\t<meta property=\"og:image:height\" content=\"613\" \/>\n\t<meta property=\"og:image:type\" content=\"image\/jpeg\" \/>\n<meta name=\"author\" content=\"Patr\u00edcia Prado\" \/>\n<meta name=\"twitter:card\" content=\"summary_large_image\" \/>\n<meta name=\"twitter:label1\" content=\"Escrito por\" \/>\n\t<meta name=\"twitter:data1\" content=\"Patr\u00edcia Prado\" \/>\n\t<meta name=\"twitter:label2\" content=\"Est. tempo de leitura\" \/>\n\t<meta name=\"twitter:data2\" content=\"4 minutos\" \/>\n<script type=\"application\/ld+json\" class=\"yoast-schema-graph\">{\"@context\":\"https:\\\/\\\/schema.org\",\"@graph\":[{\"@type\":\"Article\",\"@id\":\"https:\\\/\\\/redenoticiaz.com.br\\\/litoralsp\\\/2021\\\/05\\\/19\\\/aumentam-pesquisas-sobre-covid-nas-redes-sociais#article\",\"isPartOf\":{\"@id\":\"https:\\\/\\\/redenoticiaz.com.br\\\/litoralsp\\\/2021\\\/05\\\/19\\\/aumentam-pesquisas-sobre-covid-nas-redes-sociais\"},\"author\":{\"name\":\"Patr\u00edcia Prado\",\"@id\":\"https:\\\/\\\/redenoticiaz.com.br\\\/litoralsp\\\/#\\\/schema\\\/person\\\/e1b0bd8c2637e2c1b6ddcbc2c33b116f\"},\"headline\":\"Aumentam pesquisas sobre covid nas redes sociais\",\"datePublished\":\"2021-05-19T09:30:14+00:00\",\"dateModified\":\"2021-05-19T09:34:38+00:00\",\"mainEntityOfPage\":{\"@id\":\"https:\\\/\\\/redenoticiaz.com.br\\\/litoralsp\\\/2021\\\/05\\\/19\\\/aumentam-pesquisas-sobre-covid-nas-redes-sociais\"},\"wordCount\":734,\"commentCount\":0,\"publisher\":{\"@id\":\"https:\\\/\\\/redenoticiaz.com.br\\\/litoralsp\\\/#organization\"},\"image\":{\"@id\":\"https:\\\/\\\/redenoticiaz.com.br\\\/litoralsp\\\/2021\\\/05\\\/19\\\/aumentam-pesquisas-sobre-covid-nas-redes-sociais#primaryimage\"},\"thumbnailUrl\":\"https:\\\/\\\/redenoticiaz.com.br\\\/litoralsp\\\/wp-content\\\/uploads\\\/sites\\\/3\\\/2021\\\/05\\\/2020-06-23t165348z_1_lynxmpeg5m1mo_rtroptp_4_tech-facebook-alemanha.jpg\",\"keywords\":[\"FACEBOOK PESQUISA\",\"PANDEMIA PESQUISA\",\"PESQUISA REDES SOCIAIS\"],\"articleSection\":[\"Sa\u00fade\"],\"inLanguage\":\"pt-BR\",\"potentialAction\":[{\"@type\":\"CommentAction\",\"name\":\"Comment\",\"target\":[\"https:\\\/\\\/redenoticiaz.com.br\\\/litoralsp\\\/2021\\\/05\\\/19\\\/aumentam-pesquisas-sobre-covid-nas-redes-sociais#respond\"]}]},{\"@type\":\"WebPage\",\"@id\":\"https:\\\/\\\/redenoticiaz.com.br\\\/litoralsp\\\/2021\\\/05\\\/19\\\/aumentam-pesquisas-sobre-covid-nas-redes-sociais\",\"url\":\"https:\\\/\\\/redenoticiaz.com.br\\\/litoralsp\\\/2021\\\/05\\\/19\\\/aumentam-pesquisas-sobre-covid-nas-redes-sociais\",\"name\":\"Aumentam pesquisas sobre covid nas redes sociais - Litoral SP\",\"isPartOf\":{\"@id\":\"https:\\\/\\\/redenoticiaz.com.br\\\/litoralsp\\\/#website\"},\"primaryImageOfPage\":{\"@id\":\"https:\\\/\\\/redenoticiaz.com.br\\\/litoralsp\\\/2021\\\/05\\\/19\\\/aumentam-pesquisas-sobre-covid-nas-redes-sociais#primaryimage\"},\"image\":{\"@id\":\"https:\\\/\\\/redenoticiaz.com.br\\\/litoralsp\\\/2021\\\/05\\\/19\\\/aumentam-pesquisas-sobre-covid-nas-redes-sociais#primaryimage\"},\"thumbnailUrl\":\"https:\\\/\\\/redenoticiaz.com.br\\\/litoralsp\\\/wp-content\\\/uploads\\\/sites\\\/3\\\/2021\\\/05\\\/2020-06-23t165348z_1_lynxmpeg5m1mo_rtroptp_4_tech-facebook-alemanha.jpg\",\"datePublished\":\"2021-05-19T09:30:14+00:00\",\"dateModified\":\"2021-05-19T09:34:38+00:00\",\"description\":\"O n\u00famero de pessoas que se informam sobre a pandemia do novo coronav\u00edrus pelas redes sociais cresceu desde o ano passado.\",\"inLanguage\":\"pt-BR\",\"potentialAction\":[{\"@type\":\"ReadAction\",\"target\":[\"https:\\\/\\\/redenoticiaz.com.br\\\/litoralsp\\\/2021\\\/05\\\/19\\\/aumentam-pesquisas-sobre-covid-nas-redes-sociais\"]}]},{\"@type\":\"ImageObject\",\"inLanguage\":\"pt-BR\",\"@id\":\"https:\\\/\\\/redenoticiaz.com.br\\\/litoralsp\\\/2021\\\/05\\\/19\\\/aumentam-pesquisas-sobre-covid-nas-redes-sociais#primaryimage\",\"url\":\"https:\\\/\\\/redenoticiaz.com.br\\\/litoralsp\\\/wp-content\\\/uploads\\\/sites\\\/3\\\/2021\\\/05\\\/2020-06-23t165348z_1_lynxmpeg5m1mo_rtroptp_4_tech-facebook-alemanha.jpg\",\"contentUrl\":\"https:\\\/\\\/redenoticiaz.com.br\\\/litoralsp\\\/wp-content\\\/uploads\\\/sites\\\/3\\\/2021\\\/05\\\/2020-06-23t165348z_1_lynxmpeg5m1mo_rtroptp_4_tech-facebook-alemanha.jpg\",\"width\":1024,\"height\":613,\"caption\":\"O n\u00famero de pessoas que se informam sobre a pandemia do novo coronav\u00edrus pelas redes sociais cresceu desde o ano passado.\"},{\"@type\":\"WebSite\",\"@id\":\"https:\\\/\\\/redenoticiaz.com.br\\\/litoralsp\\\/#website\",\"url\":\"https:\\\/\\\/redenoticiaz.com.br\\\/litoralsp\\\/\",\"name\":\"Litoral SP\",\"description\":\"Rede NoticiaZ\",\"publisher\":{\"@id\":\"https:\\\/\\\/redenoticiaz.com.br\\\/litoralsp\\\/#organization\"},\"potentialAction\":[{\"@type\":\"SearchAction\",\"target\":{\"@type\":\"EntryPoint\",\"urlTemplate\":\"https:\\\/\\\/redenoticiaz.com.br\\\/litoralsp\\\/?s={search_term_string}\"},\"query-input\":{\"@type\":\"PropertyValueSpecification\",\"valueRequired\":true,\"valueName\":\"search_term_string\"}}],\"inLanguage\":\"pt-BR\"},{\"@type\":\"Organization\",\"@id\":\"https:\\\/\\\/redenoticiaz.com.br\\\/litoralsp\\\/#organization\",\"name\":\"Litoral SP\",\"url\":\"https:\\\/\\\/redenoticiaz.com.br\\\/litoralsp\\\/\",\"logo\":{\"@type\":\"ImageObject\",\"inLanguage\":\"pt-BR\",\"@id\":\"https:\\\/\\\/redenoticiaz.com.br\\\/litoralsp\\\/#\\\/schema\\\/logo\\\/image\\\/\",\"url\":\"https:\\\/\\\/redenoticiaz.com.br\\\/litoralsp\\\/wp-content\\\/uploads\\\/sites\\\/3\\\/2020\\\/11\\\/logo.jpg\",\"contentUrl\":\"https:\\\/\\\/redenoticiaz.com.br\\\/litoralsp\\\/wp-content\\\/uploads\\\/sites\\\/3\\\/2020\\\/11\\\/logo.jpg\",\"width\":400,\"height\":250,\"caption\":\"Litoral SP\"},\"image\":{\"@id\":\"https:\\\/\\\/redenoticiaz.com.br\\\/litoralsp\\\/#\\\/schema\\\/logo\\\/image\\\/\"}},{\"@type\":\"Person\",\"@id\":\"https:\\\/\\\/redenoticiaz.com.br\\\/litoralsp\\\/#\\\/schema\\\/person\\\/e1b0bd8c2637e2c1b6ddcbc2c33b116f\",\"name\":\"Patr\u00edcia Prado\",\"image\":{\"@type\":\"ImageObject\",\"inLanguage\":\"pt-BR\",\"@id\":\"https:\\\/\\\/secure.gravatar.com\\\/avatar\\\/92e358bef22cfcec15e054ae4d9fee04dadf0c772dc4a17b382b8a34a15354c2?s=96&d=mm&r=g\",\"url\":\"https:\\\/\\\/secure.gravatar.com\\\/avatar\\\/92e358bef22cfcec15e054ae4d9fee04dadf0c772dc4a17b382b8a34a15354c2?s=96&d=mm&r=g\",\"contentUrl\":\"https:\\\/\\\/secure.gravatar.com\\\/avatar\\\/92e358bef22cfcec15e054ae4d9fee04dadf0c772dc4a17b382b8a34a15354c2?s=96&d=mm&r=g\",\"caption\":\"Patr\u00edcia Prado\"},\"url\":\"https:\\\/\\\/redenoticiaz.com.br\\\/litoralsp\\\/author\\\/patricia-prado\"}]}<\/script>\n<!-- \/ Yoast SEO plugin. -->","yoast_head_json":{"title":"Aumentam pesquisas sobre covid nas redes sociais - Litoral SP","description":"O n\u00famero de pessoas que se informam sobre a pandemia do novo coronav\u00edrus pelas redes sociais cresceu desde o ano passado.","robots":{"index":"index","follow":"follow","max-snippet":"max-snippet:-1","max-image-preview":"max-image-preview:large","max-video-preview":"max-video-preview:-1"},"canonical":"https:\/\/redenoticiaz.com.br\/litoralsp\/2021\/05\/19\/aumentam-pesquisas-sobre-covid-nas-redes-sociais","og_locale":"pt_BR","og_type":"article","og_title":"Aumentam pesquisas sobre covid nas redes sociais - Litoral SP","og_description":"O n\u00famero de pessoas que se informam sobre a pandemia do novo coronav\u00edrus pelas redes sociais cresceu desde o ano passado.","og_url":"https:\/\/redenoticiaz.com.br\/litoralsp\/2021\/05\/19\/aumentam-pesquisas-sobre-covid-nas-redes-sociais","og_site_name":"Litoral SP","article_published_time":"2021-05-19T09:30:14+00:00","article_modified_time":"2021-05-19T09:34:38+00:00","og_image":[{"width":1024,"height":613,"url":"https:\/\/redenoticiaz.com.br\/litoralsp\/wp-content\/uploads\/sites\/3\/2021\/05\/2020-06-23t165348z_1_lynxmpeg5m1mo_rtroptp_4_tech-facebook-alemanha.jpg","type":"image\/jpeg"}],"author":"Patr\u00edcia Prado","twitter_card":"summary_large_image","twitter_misc":{"Escrito por":"Patr\u00edcia Prado","Est. tempo de leitura":"4 minutos"},"schema":{"@context":"https:\/\/schema.org","@graph":[{"@type":"Article","@id":"https:\/\/redenoticiaz.com.br\/litoralsp\/2021\/05\/19\/aumentam-pesquisas-sobre-covid-nas-redes-sociais#article","isPartOf":{"@id":"https:\/\/redenoticiaz.com.br\/litoralsp\/2021\/05\/19\/aumentam-pesquisas-sobre-covid-nas-redes-sociais"},"author":{"name":"Patr\u00edcia Prado","@id":"https:\/\/redenoticiaz.com.br\/litoralsp\/#\/schema\/person\/e1b0bd8c2637e2c1b6ddcbc2c33b116f"},"headline":"Aumentam pesquisas sobre covid nas redes sociais","datePublished":"2021-05-19T09:30:14+00:00","dateModified":"2021-05-19T09:34:38+00:00","mainEntityOfPage":{"@id":"https:\/\/redenoticiaz.com.br\/litoralsp\/2021\/05\/19\/aumentam-pesquisas-sobre-covid-nas-redes-sociais"},"wordCount":734,"commentCount":0,"publisher":{"@id":"https:\/\/redenoticiaz.com.br\/litoralsp\/#organization"},"image":{"@id":"https:\/\/redenoticiaz.com.br\/litoralsp\/2021\/05\/19\/aumentam-pesquisas-sobre-covid-nas-redes-sociais#primaryimage"},"thumbnailUrl":"https:\/\/redenoticiaz.com.br\/litoralsp\/wp-content\/uploads\/sites\/3\/2021\/05\/2020-06-23t165348z_1_lynxmpeg5m1mo_rtroptp_4_tech-facebook-alemanha.jpg","keywords":["FACEBOOK PESQUISA","PANDEMIA PESQUISA","PESQUISA REDES SOCIAIS"],"articleSection":["Sa\u00fade"],"inLanguage":"pt-BR","potentialAction":[{"@type":"CommentAction","name":"Comment","target":["https:\/\/redenoticiaz.com.br\/litoralsp\/2021\/05\/19\/aumentam-pesquisas-sobre-covid-nas-redes-sociais#respond"]}]},{"@type":"WebPage","@id":"https:\/\/redenoticiaz.com.br\/litoralsp\/2021\/05\/19\/aumentam-pesquisas-sobre-covid-nas-redes-sociais","url":"https:\/\/redenoticiaz.com.br\/litoralsp\/2021\/05\/19\/aumentam-pesquisas-sobre-covid-nas-redes-sociais","name":"Aumentam pesquisas sobre covid nas redes sociais - Litoral SP","isPartOf":{"@id":"https:\/\/redenoticiaz.com.br\/litoralsp\/#website"},"primaryImageOfPage":{"@id":"https:\/\/redenoticiaz.com.br\/litoralsp\/2021\/05\/19\/aumentam-pesquisas-sobre-covid-nas-redes-sociais#primaryimage"},"image":{"@id":"https:\/\/redenoticiaz.com.br\/litoralsp\/2021\/05\/19\/aumentam-pesquisas-sobre-covid-nas-redes-sociais#primaryimage"},"thumbnailUrl":"https:\/\/redenoticiaz.com.br\/litoralsp\/wp-content\/uploads\/sites\/3\/2021\/05\/2020-06-23t165348z_1_lynxmpeg5m1mo_rtroptp_4_tech-facebook-alemanha.jpg","datePublished":"2021-05-19T09:30:14+00:00","dateModified":"2021-05-19T09:34:38+00:00","description":"O n\u00famero de pessoas que se informam sobre a pandemia do novo coronav\u00edrus pelas redes sociais cresceu desde o ano passado.","inLanguage":"pt-BR","potentialAction":[{"@type":"ReadAction","target":["https:\/\/redenoticiaz.com.br\/litoralsp\/2021\/05\/19\/aumentam-pesquisas-sobre-covid-nas-redes-sociais"]}]},{"@type":"ImageObject","inLanguage":"pt-BR","@id":"https:\/\/redenoticiaz.com.br\/litoralsp\/2021\/05\/19\/aumentam-pesquisas-sobre-covid-nas-redes-sociais#primaryimage","url":"https:\/\/redenoticiaz.com.br\/litoralsp\/wp-content\/uploads\/sites\/3\/2021\/05\/2020-06-23t165348z_1_lynxmpeg5m1mo_rtroptp_4_tech-facebook-alemanha.jpg","contentUrl":"https:\/\/redenoticiaz.com.br\/litoralsp\/wp-content\/uploads\/sites\/3\/2021\/05\/2020-06-23t165348z_1_lynxmpeg5m1mo_rtroptp_4_tech-facebook-alemanha.jpg","width":1024,"height":613,"caption":"O n\u00famero de pessoas que se informam sobre a pandemia do novo coronav\u00edrus pelas redes sociais cresceu desde o ano passado."},{"@type":"WebSite","@id":"https:\/\/redenoticiaz.com.br\/litoralsp\/#website","url":"https:\/\/redenoticiaz.com.br\/litoralsp\/","name":"Litoral SP","description":"Rede NoticiaZ","publisher":{"@id":"https:\/\/redenoticiaz.com.br\/litoralsp\/#organization"},"potentialAction":[{"@type":"SearchAction","target":{"@type":"EntryPoint","urlTemplate":"https:\/\/redenoticiaz.com.br\/litoralsp\/?s={search_term_string}"},"query-input":{"@type":"PropertyValueSpecification","valueRequired":true,"valueName":"search_term_string"}}],"inLanguage":"pt-BR"},{"@type":"Organization","@id":"https:\/\/redenoticiaz.com.br\/litoralsp\/#organization","name":"Litoral SP","url":"https:\/\/redenoticiaz.com.br\/litoralsp\/","logo":{"@type":"ImageObject","inLanguage":"pt-BR","@id":"https:\/\/redenoticiaz.com.br\/litoralsp\/#\/schema\/logo\/image\/","url":"https:\/\/redenoticiaz.com.br\/litoralsp\/wp-content\/uploads\/sites\/3\/2020\/11\/logo.jpg","contentUrl":"https:\/\/redenoticiaz.com.br\/litoralsp\/wp-content\/uploads\/sites\/3\/2020\/11\/logo.jpg","width":400,"height":250,"caption":"Litoral SP"},"image":{"@id":"https:\/\/redenoticiaz.com.br\/litoralsp\/#\/schema\/logo\/image\/"}},{"@type":"Person","@id":"https:\/\/redenoticiaz.com.br\/litoralsp\/#\/schema\/person\/e1b0bd8c2637e2c1b6ddcbc2c33b116f","name":"Patr\u00edcia Prado","image":{"@type":"ImageObject","inLanguage":"pt-BR","@id":"https:\/\/secure.gravatar.com\/avatar\/92e358bef22cfcec15e054ae4d9fee04dadf0c772dc4a17b382b8a34a15354c2?s=96&d=mm&r=g","url":"https:\/\/secure.gravatar.com\/avatar\/92e358bef22cfcec15e054ae4d9fee04dadf0c772dc4a17b382b8a34a15354c2?s=96&d=mm&r=g","contentUrl":"https:\/\/secure.gravatar.com\/avatar\/92e358bef22cfcec15e054ae4d9fee04dadf0c772dc4a17b382b8a34a15354c2?s=96&d=mm&r=g","caption":"Patr\u00edcia Prado"},"url":"https:\/\/redenoticiaz.com.br\/litoralsp\/author\/patricia-prado"}]}},"_links":{"self":[{"href":"https:\/\/redenoticiaz.com.br\/litoralsp\/wp-json\/wp\/v2\/posts\/8790","targetHints":{"allow":["GET"]}}],"collection":[{"href":"https:\/\/redenoticiaz.com.br\/litoralsp\/wp-json\/wp\/v2\/posts"}],"about":[{"href":"https:\/\/redenoticiaz.com.br\/litoralsp\/wp-json\/wp\/v2\/types\/post"}],"author":[{"embeddable":true,"href":"https:\/\/redenoticiaz.com.br\/litoralsp\/wp-json\/wp\/v2\/users\/5"}],"replies":[{"embeddable":true,"href":"https:\/\/redenoticiaz.com.br\/litoralsp\/wp-json\/wp\/v2\/comments?post=8790"}],"version-history":[{"count":1,"href":"https:\/\/redenoticiaz.com.br\/litoralsp\/wp-json\/wp\/v2\/posts\/8790\/revisions"}],"predecessor-version":[{"id":8792,"href":"https:\/\/redenoticiaz.com.br\/litoralsp\/wp-json\/wp\/v2\/posts\/8790\/revisions\/8792"}],"wp:featuredmedia":[{"embeddable":true,"href":"https:\/\/redenoticiaz.com.br\/litoralsp\/wp-json\/wp\/v2\/media\/8791"}],"wp:attachment":[{"href":"https:\/\/redenoticiaz.com.br\/litoralsp\/wp-json\/wp\/v2\/media?parent=8790"}],"wp:term":[{"taxonomy":"category","embeddable":true,"href":"https:\/\/redenoticiaz.com.br\/litoralsp\/wp-json\/wp\/v2\/categories?post=8790"},{"taxonomy":"post_tag","embeddable":true,"href":"https:\/\/redenoticiaz.com.br\/litoralsp\/wp-json\/wp\/v2\/tags?post=8790"}],"curies":[{"name":"wp","href":"https:\/\/api.w.org\/{rel}","templated":true}]}}