{"id":87936,"date":"2022-07-12T14:16:42","date_gmt":"2022-07-12T17:16:42","guid":{"rendered":"https:\/\/redenoticiaz.com.br\/litoralsp\/?p=87936"},"modified":"2022-07-12T14:16:42","modified_gmt":"2022-07-12T17:16:42","slug":"guarda-ambiental-detem-homem-que-desmatava-area-em-praia-grande","status":"publish","type":"post","link":"https:\/\/redenoticiaz.com.br\/litoralsp\/2022\/07\/12\/guarda-ambiental-detem-homem-que-desmatava-area-em-praia-grande","title":{"rendered":"Guarda Ambiental det\u00e9m homem que desmatava \u00e1rea em Praia Grande"},"content":{"rendered":"<p>Dois homens foram flagrados quando desmatavam uma \u00e1rea de cerca de 5 mil metros quadrados, no Bairro Princesa, em Praia Grande.<\/p>\n<p>Um deles conseguiu fugir e o outro foi levado \u00e0 delegacia. Com eles, fac\u00f5es e machados foram apreendidos pela Guarda Ambiental do Munic\u00edpio. O caso ocorreu no domingo (10).<\/p>\n<p>A \u00e1rea fica no final da Rua Maria Domingas Santos Reis, e \u00a0provavelmente seria utilizada para constru\u00e7\u00f5es irregulares. A equipe \u00a0da Guarda Ambiental patrulhava o local quando flagrou os dois homens.<\/p>\n<p>De acordo com o inspetor da Guarda Ambiental, F\u00e1bio Marques, o homem detido foi enquadrado no Artigo 38- A da Lei de Crimes Ambientais. \u00a0\u201cDestruir ou danificar florestas \u00e9 crime e ele foi indiciado por isso\u201d.<\/p>\n<p><strong>Leia mais<\/strong><\/p>\n<p><a href=\"https:\/\/redenoticiaz.com.br\/litoralsp\/2022\/07\/06\/feto-e-encontrado-dentro-de-saco-plastico-em-praia-grande\">Feto \u00e9 encontrado dentro de saco pl\u00e1stico em Praia Grande<\/a><\/p>\n","protected":false},"excerpt":{"rendered":"<p>Dois homens foram flagrados quando desmatavam uma \u00e1rea de cerca de 5 mil metros quadrados, no Bairro Princesa, em Praia Grande. Um deles conseguiu fugir e o outro foi levado \u00e0 delegacia. Com eles, fac\u00f5es e machados foram apreendidos pela Guarda Ambiental do Munic\u00edpio. O caso ocorreu no domingo (10). A \u00e1rea fica no final &hellip;<\/p>\n","protected":false},"author":12,"featured_media":87937,"comment_status":"open","ping_status":"closed","sticky":false,"template":"","format":"standard","meta":{"footnotes":""},"categories":[182],"tags":[9897,24267,1101],"class_list":["post-87936","post","type-post","status-publish","format-standard","has-post-thumbnail","hentry","category-praia-grande","tag-desmatamento","tag-guarda-ambiental","tag-praia-grande"],"yoast_head":"<!-- This site is optimized with the Yoast SEO plugin v27.5 - https:\/\/yoast.com\/product\/yoast-seo-wordpress\/ -->\n<title>Guarda Ambiental det\u00e9m homem que desmatava \u00e1rea em Praia Grande - Litoral SP<\/title>\n<meta name=\"description\" content=\"Dois homens foram flagrados quando desmatavam uma \u00e1rea de cerca de 5 mil metros quadrados, no Bairro Princesa, em Praia Grande.\" \/>\n<meta name=\"robots\" content=\"index, follow, max-snippet:-1, max-image-preview:large, max-video-preview:-1\" \/>\n<link rel=\"canonical\" href=\"https:\/\/redenoticiaz.com.br\/litoralsp\/2022\/07\/12\/guarda-ambiental-detem-homem-que-desmatava-area-em-praia-grande\" \/>\n<meta property=\"og:locale\" content=\"pt_BR\" \/>\n<meta property=\"og:type\" content=\"article\" \/>\n<meta property=\"og:title\" content=\"Guarda Ambiental det\u00e9m homem que desmatava \u00e1rea em Praia Grande - Litoral SP\" \/>\n<meta property=\"og:description\" content=\"Dois homens foram flagrados quando desmatavam uma \u00e1rea de cerca de 5 mil metros quadrados, no Bairro Princesa, em Praia Grande.\" \/>\n<meta property=\"og:url\" content=\"https:\/\/redenoticiaz.com.br\/litoralsp\/2022\/07\/12\/guarda-ambiental-detem-homem-que-desmatava-area-em-praia-grande\" \/>\n<meta property=\"og:site_name\" content=\"Litoral SP\" \/>\n<meta property=\"article:published_time\" content=\"2022-07-12T17:16:42+00:00\" \/>\n<meta property=\"og:image\" content=\"https:\/\/redenoticiaz.com.br\/litoralsp\/wp-content\/uploads\/sites\/3\/2022\/07\/WhatsAppImage2020-05-22at16.15.304.jpeg.jpg\" \/>\n\t<meta property=\"og:image:width\" content=\"1000\" \/>\n\t<meta property=\"og:image:height\" content=\"750\" \/>\n\t<meta property=\"og:image:type\" content=\"image\/jpeg\" \/>\n<meta name=\"author\" content=\"Gustavo Silva\" \/>\n<meta name=\"twitter:card\" content=\"summary_large_image\" \/>\n<meta name=\"twitter:label1\" content=\"Escrito por\" \/>\n\t<meta name=\"twitter:data1\" content=\"Gustavo Silva\" \/>\n\t<meta name=\"twitter:label2\" content=\"Est. tempo de leitura\" \/>\n\t<meta name=\"twitter:data2\" content=\"1 minuto\" \/>\n<script type=\"application\/ld+json\" class=\"yoast-schema-graph\">{\"@context\":\"https:\\\/\\\/schema.org\",\"@graph\":[{\"@type\":\"Article\",\"@id\":\"https:\\\/\\\/redenoticiaz.com.br\\\/litoralsp\\\/2022\\\/07\\\/12\\\/guarda-ambiental-detem-homem-que-desmatava-area-em-praia-grande#article\",\"isPartOf\":{\"@id\":\"https:\\\/\\\/redenoticiaz.com.br\\\/litoralsp\\\/2022\\\/07\\\/12\\\/guarda-ambiental-detem-homem-que-desmatava-area-em-praia-grande\"},\"author\":{\"name\":\"Gustavo Silva\",\"@id\":\"https:\\\/\\\/redenoticiaz.com.br\\\/litoralsp\\\/#\\\/schema\\\/person\\\/16057b37a3c0ee6b096d7f887c566e2e\"},\"headline\":\"Guarda Ambiental det\u00e9m homem que desmatava \u00e1rea em Praia Grande\",\"datePublished\":\"2022-07-12T17:16:42+00:00\",\"mainEntityOfPage\":{\"@id\":\"https:\\\/\\\/redenoticiaz.com.br\\\/litoralsp\\\/2022\\\/07\\\/12\\\/guarda-ambiental-detem-homem-que-desmatava-area-em-praia-grande\"},\"wordCount\":140,\"commentCount\":0,\"publisher\":{\"@id\":\"https:\\\/\\\/redenoticiaz.com.br\\\/litoralsp\\\/#organization\"},\"image\":{\"@id\":\"https:\\\/\\\/redenoticiaz.com.br\\\/litoralsp\\\/2022\\\/07\\\/12\\\/guarda-ambiental-detem-homem-que-desmatava-area-em-praia-grande#primaryimage\"},\"thumbnailUrl\":\"https:\\\/\\\/redenoticiaz.com.br\\\/litoralsp\\\/wp-content\\\/uploads\\\/sites\\\/3\\\/2022\\\/07\\\/WhatsAppImage2020-05-22at16.15.304.jpeg.jpg\",\"keywords\":[\"desmatamento\",\"GUARDA AMBIENTAL\",\"PRAIA GRANDE\"],\"articleSection\":[\"Praia Grande\"],\"inLanguage\":\"pt-BR\",\"potentialAction\":[{\"@type\":\"CommentAction\",\"name\":\"Comment\",\"target\":[\"https:\\\/\\\/redenoticiaz.com.br\\\/litoralsp\\\/2022\\\/07\\\/12\\\/guarda-ambiental-detem-homem-que-desmatava-area-em-praia-grande#respond\"]}]},{\"@type\":\"WebPage\",\"@id\":\"https:\\\/\\\/redenoticiaz.com.br\\\/litoralsp\\\/2022\\\/07\\\/12\\\/guarda-ambiental-detem-homem-que-desmatava-area-em-praia-grande\",\"url\":\"https:\\\/\\\/redenoticiaz.com.br\\\/litoralsp\\\/2022\\\/07\\\/12\\\/guarda-ambiental-detem-homem-que-desmatava-area-em-praia-grande\",\"name\":\"Guarda Ambiental det\u00e9m homem que desmatava \u00e1rea em Praia Grande - Litoral SP\",\"isPartOf\":{\"@id\":\"https:\\\/\\\/redenoticiaz.com.br\\\/litoralsp\\\/#website\"},\"primaryImageOfPage\":{\"@id\":\"https:\\\/\\\/redenoticiaz.com.br\\\/litoralsp\\\/2022\\\/07\\\/12\\\/guarda-ambiental-detem-homem-que-desmatava-area-em-praia-grande#primaryimage\"},\"image\":{\"@id\":\"https:\\\/\\\/redenoticiaz.com.br\\\/litoralsp\\\/2022\\\/07\\\/12\\\/guarda-ambiental-detem-homem-que-desmatava-area-em-praia-grande#primaryimage\"},\"thumbnailUrl\":\"https:\\\/\\\/redenoticiaz.com.br\\\/litoralsp\\\/wp-content\\\/uploads\\\/sites\\\/3\\\/2022\\\/07\\\/WhatsAppImage2020-05-22at16.15.304.jpeg.jpg\",\"datePublished\":\"2022-07-12T17:16:42+00:00\",\"description\":\"Dois homens foram flagrados quando desmatavam uma \u00e1rea de cerca de 5 mil metros quadrados, no Bairro Princesa, em Praia Grande.\",\"inLanguage\":\"pt-BR\",\"potentialAction\":[{\"@type\":\"ReadAction\",\"target\":[\"https:\\\/\\\/redenoticiaz.com.br\\\/litoralsp\\\/2022\\\/07\\\/12\\\/guarda-ambiental-detem-homem-que-desmatava-area-em-praia-grande\"]}]},{\"@type\":\"ImageObject\",\"inLanguage\":\"pt-BR\",\"@id\":\"https:\\\/\\\/redenoticiaz.com.br\\\/litoralsp\\\/2022\\\/07\\\/12\\\/guarda-ambiental-detem-homem-que-desmatava-area-em-praia-grande#primaryimage\",\"url\":\"https:\\\/\\\/redenoticiaz.com.br\\\/litoralsp\\\/wp-content\\\/uploads\\\/sites\\\/3\\\/2022\\\/07\\\/WhatsAppImage2020-05-22at16.15.304.jpeg.jpg\",\"contentUrl\":\"https:\\\/\\\/redenoticiaz.com.br\\\/litoralsp\\\/wp-content\\\/uploads\\\/sites\\\/3\\\/2022\\\/07\\\/WhatsAppImage2020-05-22at16.15.304.jpeg.jpg\",\"width\":1000,\"height\":750,\"caption\":\"Bairro Princesa\"},{\"@type\":\"WebSite\",\"@id\":\"https:\\\/\\\/redenoticiaz.com.br\\\/litoralsp\\\/#website\",\"url\":\"https:\\\/\\\/redenoticiaz.com.br\\\/litoralsp\\\/\",\"name\":\"Litoral SP\",\"description\":\"Rede NoticiaZ\",\"publisher\":{\"@id\":\"https:\\\/\\\/redenoticiaz.com.br\\\/litoralsp\\\/#organization\"},\"potentialAction\":[{\"@type\":\"SearchAction\",\"target\":{\"@type\":\"EntryPoint\",\"urlTemplate\":\"https:\\\/\\\/redenoticiaz.com.br\\\/litoralsp\\\/?s={search_term_string}\"},\"query-input\":{\"@type\":\"PropertyValueSpecification\",\"valueRequired\":true,\"valueName\":\"search_term_string\"}}],\"inLanguage\":\"pt-BR\"},{\"@type\":\"Organization\",\"@id\":\"https:\\\/\\\/redenoticiaz.com.br\\\/litoralsp\\\/#organization\",\"name\":\"Litoral SP\",\"url\":\"https:\\\/\\\/redenoticiaz.com.br\\\/litoralsp\\\/\",\"logo\":{\"@type\":\"ImageObject\",\"inLanguage\":\"pt-BR\",\"@id\":\"https:\\\/\\\/redenoticiaz.com.br\\\/litoralsp\\\/#\\\/schema\\\/logo\\\/image\\\/\",\"url\":\"https:\\\/\\\/redenoticiaz.com.br\\\/litoralsp\\\/wp-content\\\/uploads\\\/sites\\\/3\\\/2020\\\/11\\\/logo.jpg\",\"contentUrl\":\"https:\\\/\\\/redenoticiaz.com.br\\\/litoralsp\\\/wp-content\\\/uploads\\\/sites\\\/3\\\/2020\\\/11\\\/logo.jpg\",\"width\":400,\"height\":250,\"caption\":\"Litoral SP\"},\"image\":{\"@id\":\"https:\\\/\\\/redenoticiaz.com.br\\\/litoralsp\\\/#\\\/schema\\\/logo\\\/image\\\/\"}},{\"@type\":\"Person\",\"@id\":\"https:\\\/\\\/redenoticiaz.com.br\\\/litoralsp\\\/#\\\/schema\\\/person\\\/16057b37a3c0ee6b096d7f887c566e2e\",\"name\":\"Gustavo Silva\",\"image\":{\"@type\":\"ImageObject\",\"inLanguage\":\"pt-BR\",\"@id\":\"https:\\\/\\\/secure.gravatar.com\\\/avatar\\\/3ee4e82f93b26de0a7cf4ea5eb7893da637ed6bb0c9170c58065944c56e28a33?s=96&d=mm&r=g\",\"url\":\"https:\\\/\\\/secure.gravatar.com\\\/avatar\\\/3ee4e82f93b26de0a7cf4ea5eb7893da637ed6bb0c9170c58065944c56e28a33?s=96&d=mm&r=g\",\"contentUrl\":\"https:\\\/\\\/secure.gravatar.com\\\/avatar\\\/3ee4e82f93b26de0a7cf4ea5eb7893da637ed6bb0c9170c58065944c56e28a33?s=96&d=mm&r=g\",\"caption\":\"Gustavo Silva\"},\"url\":\"https:\\\/\\\/redenoticiaz.com.br\\\/litoralsp\\\/author\\\/gustavosilva\"}]}<\/script>\n<!-- \/ Yoast SEO plugin. -->","yoast_head_json":{"title":"Guarda Ambiental det\u00e9m homem que desmatava \u00e1rea em Praia Grande - Litoral SP","description":"Dois homens foram flagrados quando desmatavam uma \u00e1rea de cerca de 5 mil metros quadrados, no Bairro Princesa, em Praia Grande.","robots":{"index":"index","follow":"follow","max-snippet":"max-snippet:-1","max-image-preview":"max-image-preview:large","max-video-preview":"max-video-preview:-1"},"canonical":"https:\/\/redenoticiaz.com.br\/litoralsp\/2022\/07\/12\/guarda-ambiental-detem-homem-que-desmatava-area-em-praia-grande","og_locale":"pt_BR","og_type":"article","og_title":"Guarda Ambiental det\u00e9m homem que desmatava \u00e1rea em Praia Grande - Litoral SP","og_description":"Dois homens foram flagrados quando desmatavam uma \u00e1rea de cerca de 5 mil metros quadrados, no Bairro Princesa, em Praia Grande.","og_url":"https:\/\/redenoticiaz.com.br\/litoralsp\/2022\/07\/12\/guarda-ambiental-detem-homem-que-desmatava-area-em-praia-grande","og_site_name":"Litoral SP","article_published_time":"2022-07-12T17:16:42+00:00","og_image":[{"width":1000,"height":750,"url":"https:\/\/redenoticiaz.com.br\/litoralsp\/wp-content\/uploads\/sites\/3\/2022\/07\/WhatsAppImage2020-05-22at16.15.304.jpeg.jpg","type":"image\/jpeg"}],"author":"Gustavo Silva","twitter_card":"summary_large_image","twitter_misc":{"Escrito por":"Gustavo Silva","Est. tempo de leitura":"1 minuto"},"schema":{"@context":"https:\/\/schema.org","@graph":[{"@type":"Article","@id":"https:\/\/redenoticiaz.com.br\/litoralsp\/2022\/07\/12\/guarda-ambiental-detem-homem-que-desmatava-area-em-praia-grande#article","isPartOf":{"@id":"https:\/\/redenoticiaz.com.br\/litoralsp\/2022\/07\/12\/guarda-ambiental-detem-homem-que-desmatava-area-em-praia-grande"},"author":{"name":"Gustavo Silva","@id":"https:\/\/redenoticiaz.com.br\/litoralsp\/#\/schema\/person\/16057b37a3c0ee6b096d7f887c566e2e"},"headline":"Guarda Ambiental det\u00e9m homem que desmatava \u00e1rea em Praia Grande","datePublished":"2022-07-12T17:16:42+00:00","mainEntityOfPage":{"@id":"https:\/\/redenoticiaz.com.br\/litoralsp\/2022\/07\/12\/guarda-ambiental-detem-homem-que-desmatava-area-em-praia-grande"},"wordCount":140,"commentCount":0,"publisher":{"@id":"https:\/\/redenoticiaz.com.br\/litoralsp\/#organization"},"image":{"@id":"https:\/\/redenoticiaz.com.br\/litoralsp\/2022\/07\/12\/guarda-ambiental-detem-homem-que-desmatava-area-em-praia-grande#primaryimage"},"thumbnailUrl":"https:\/\/redenoticiaz.com.br\/litoralsp\/wp-content\/uploads\/sites\/3\/2022\/07\/WhatsAppImage2020-05-22at16.15.304.jpeg.jpg","keywords":["desmatamento","GUARDA AMBIENTAL","PRAIA GRANDE"],"articleSection":["Praia Grande"],"inLanguage":"pt-BR","potentialAction":[{"@type":"CommentAction","name":"Comment","target":["https:\/\/redenoticiaz.com.br\/litoralsp\/2022\/07\/12\/guarda-ambiental-detem-homem-que-desmatava-area-em-praia-grande#respond"]}]},{"@type":"WebPage","@id":"https:\/\/redenoticiaz.com.br\/litoralsp\/2022\/07\/12\/guarda-ambiental-detem-homem-que-desmatava-area-em-praia-grande","url":"https:\/\/redenoticiaz.com.br\/litoralsp\/2022\/07\/12\/guarda-ambiental-detem-homem-que-desmatava-area-em-praia-grande","name":"Guarda Ambiental det\u00e9m homem que desmatava \u00e1rea em Praia Grande - Litoral SP","isPartOf":{"@id":"https:\/\/redenoticiaz.com.br\/litoralsp\/#website"},"primaryImageOfPage":{"@id":"https:\/\/redenoticiaz.com.br\/litoralsp\/2022\/07\/12\/guarda-ambiental-detem-homem-que-desmatava-area-em-praia-grande#primaryimage"},"image":{"@id":"https:\/\/redenoticiaz.com.br\/litoralsp\/2022\/07\/12\/guarda-ambiental-detem-homem-que-desmatava-area-em-praia-grande#primaryimage"},"thumbnailUrl":"https:\/\/redenoticiaz.com.br\/litoralsp\/wp-content\/uploads\/sites\/3\/2022\/07\/WhatsAppImage2020-05-22at16.15.304.jpeg.jpg","datePublished":"2022-07-12T17:16:42+00:00","description":"Dois homens foram flagrados quando desmatavam uma \u00e1rea de cerca de 5 mil metros quadrados, no Bairro Princesa, em Praia Grande.","inLanguage":"pt-BR","potentialAction":[{"@type":"ReadAction","target":["https:\/\/redenoticiaz.com.br\/litoralsp\/2022\/07\/12\/guarda-ambiental-detem-homem-que-desmatava-area-em-praia-grande"]}]},{"@type":"ImageObject","inLanguage":"pt-BR","@id":"https:\/\/redenoticiaz.com.br\/litoralsp\/2022\/07\/12\/guarda-ambiental-detem-homem-que-desmatava-area-em-praia-grande#primaryimage","url":"https:\/\/redenoticiaz.com.br\/litoralsp\/wp-content\/uploads\/sites\/3\/2022\/07\/WhatsAppImage2020-05-22at16.15.304.jpeg.jpg","contentUrl":"https:\/\/redenoticiaz.com.br\/litoralsp\/wp-content\/uploads\/sites\/3\/2022\/07\/WhatsAppImage2020-05-22at16.15.304.jpeg.jpg","width":1000,"height":750,"caption":"Bairro Princesa"},{"@type":"WebSite","@id":"https:\/\/redenoticiaz.com.br\/litoralsp\/#website","url":"https:\/\/redenoticiaz.com.br\/litoralsp\/","name":"Litoral SP","description":"Rede NoticiaZ","publisher":{"@id":"https:\/\/redenoticiaz.com.br\/litoralsp\/#organization"},"potentialAction":[{"@type":"SearchAction","target":{"@type":"EntryPoint","urlTemplate":"https:\/\/redenoticiaz.com.br\/litoralsp\/?s={search_term_string}"},"query-input":{"@type":"PropertyValueSpecification","valueRequired":true,"valueName":"search_term_string"}}],"inLanguage":"pt-BR"},{"@type":"Organization","@id":"https:\/\/redenoticiaz.com.br\/litoralsp\/#organization","name":"Litoral SP","url":"https:\/\/redenoticiaz.com.br\/litoralsp\/","logo":{"@type":"ImageObject","inLanguage":"pt-BR","@id":"https:\/\/redenoticiaz.com.br\/litoralsp\/#\/schema\/logo\/image\/","url":"https:\/\/redenoticiaz.com.br\/litoralsp\/wp-content\/uploads\/sites\/3\/2020\/11\/logo.jpg","contentUrl":"https:\/\/redenoticiaz.com.br\/litoralsp\/wp-content\/uploads\/sites\/3\/2020\/11\/logo.jpg","width":400,"height":250,"caption":"Litoral SP"},"image":{"@id":"https:\/\/redenoticiaz.com.br\/litoralsp\/#\/schema\/logo\/image\/"}},{"@type":"Person","@id":"https:\/\/redenoticiaz.com.br\/litoralsp\/#\/schema\/person\/16057b37a3c0ee6b096d7f887c566e2e","name":"Gustavo Silva","image":{"@type":"ImageObject","inLanguage":"pt-BR","@id":"https:\/\/secure.gravatar.com\/avatar\/3ee4e82f93b26de0a7cf4ea5eb7893da637ed6bb0c9170c58065944c56e28a33?s=96&d=mm&r=g","url":"https:\/\/secure.gravatar.com\/avatar\/3ee4e82f93b26de0a7cf4ea5eb7893da637ed6bb0c9170c58065944c56e28a33?s=96&d=mm&r=g","contentUrl":"https:\/\/secure.gravatar.com\/avatar\/3ee4e82f93b26de0a7cf4ea5eb7893da637ed6bb0c9170c58065944c56e28a33?s=96&d=mm&r=g","caption":"Gustavo Silva"},"url":"https:\/\/redenoticiaz.com.br\/litoralsp\/author\/gustavosilva"}]}},"_links":{"self":[{"href":"https:\/\/redenoticiaz.com.br\/litoralsp\/wp-json\/wp\/v2\/posts\/87936","targetHints":{"allow":["GET"]}}],"collection":[{"href":"https:\/\/redenoticiaz.com.br\/litoralsp\/wp-json\/wp\/v2\/posts"}],"about":[{"href":"https:\/\/redenoticiaz.com.br\/litoralsp\/wp-json\/wp\/v2\/types\/post"}],"author":[{"embeddable":true,"href":"https:\/\/redenoticiaz.com.br\/litoralsp\/wp-json\/wp\/v2\/users\/12"}],"replies":[{"embeddable":true,"href":"https:\/\/redenoticiaz.com.br\/litoralsp\/wp-json\/wp\/v2\/comments?post=87936"}],"version-history":[{"count":1,"href":"https:\/\/redenoticiaz.com.br\/litoralsp\/wp-json\/wp\/v2\/posts\/87936\/revisions"}],"predecessor-version":[{"id":87938,"href":"https:\/\/redenoticiaz.com.br\/litoralsp\/wp-json\/wp\/v2\/posts\/87936\/revisions\/87938"}],"wp:featuredmedia":[{"embeddable":true,"href":"https:\/\/redenoticiaz.com.br\/litoralsp\/wp-json\/wp\/v2\/media\/87937"}],"wp:attachment":[{"href":"https:\/\/redenoticiaz.com.br\/litoralsp\/wp-json\/wp\/v2\/media?parent=87936"}],"wp:term":[{"taxonomy":"category","embeddable":true,"href":"https:\/\/redenoticiaz.com.br\/litoralsp\/wp-json\/wp\/v2\/categories?post=87936"},{"taxonomy":"post_tag","embeddable":true,"href":"https:\/\/redenoticiaz.com.br\/litoralsp\/wp-json\/wp\/v2\/tags?post=87936"}],"curies":[{"name":"wp","href":"https:\/\/api.w.org\/{rel}","templated":true}]}}