{"id":88024,"date":"2022-07-13T07:43:53","date_gmt":"2022-07-13T10:43:53","guid":{"rendered":"https:\/\/redenoticiaz.com.br\/litoralsp\/?p=88024"},"modified":"2022-07-13T07:43:53","modified_gmt":"2022-07-13T10:43:53","slug":"video-apartamento-pega-fogo-e-mata-homem-e-cachorro","status":"publish","type":"post","link":"https:\/\/redenoticiaz.com.br\/litoralsp\/2022\/07\/13\/video-apartamento-pega-fogo-e-mata-homem-e-cachorro","title":{"rendered":"V\u00cdDEO &#8211; Apartamento pega fogo e mata homem e cachorro"},"content":{"rendered":"<p>O apartamento de um pr\u00e9dio localizado na orla da praia de <a href=\"https:\/\/www.santos.sp.gov.br\/\">Santos<\/a> pegou fogo nessa ter\u00e7a-feira (13). Um <strong>homem e um cachorro acabaram morrendo<\/strong> com as chamas. O Corpo de Bombeiros foi acionado e foi necess\u00e1rio que os moradores do condom\u00ednio deixassem o local.<\/p>\n<p>De acordo com a corpora\u00e7\u00e3o, o inc\u00eandio aconteceu na Avenida Bartolomeu de Gusm\u00e3o, ao lado da Bas\u00edlica Menor de Santo Ant\u00f4nio. O apartamento atingido estava no 13\u00ba andar e foram necess\u00e1rias quatro viaturas com 14 bombeiros para combaterem as chamas. O fogo surgiu por volta das 20h, sendo controlado duas horas depois. Mas at\u00e9 o momento n\u00e3o h\u00e1 informa\u00e7\u00f5es sobre as causas do inc\u00eandio e se outros apartamentos ficaram comprometidos.<\/p>\n<p>As buscas pelas v\u00edtimas foram feitas e os corpos do homem e do cachorro foram achados carbonizados. A Defesa Civil de Santos compareceu para fazer a libera\u00e7\u00e3o do pr\u00e9dio. Ainda durante o inc\u00eandio, um trecho entre os canais 4 e 5 ficaram \u00e0s escuras. N\u00e3o se sabe se a falta de energia tem alguma rela\u00e7\u00e3o com as chamas.<\/p>\n<h5>Veja o v\u00eddeo:<\/h5>\n<div style=\"width: 480px;\" class=\"wp-video\"><video class=\"wp-video-shortcode\" id=\"video-88024-1\" width=\"480\" height=\"848\" preload=\"metadata\" controls=\"controls\"><source type=\"video\/mp4\" src=\"https:\/\/redenoticiaz.com.br\/litoralsp\/wp-content\/uploads\/sites\/3\/2022\/07\/revistamaissantos_292773795_1039351076940595_3167523987089038397_n.mp4?_=1\" \/><a href=\"https:\/\/redenoticiaz.com.br\/litoralsp\/wp-content\/uploads\/sites\/3\/2022\/07\/revistamaissantos_292773795_1039351076940595_3167523987089038397_n.mp4\">https:\/\/redenoticiaz.com.br\/litoralsp\/wp-content\/uploads\/sites\/3\/2022\/07\/revistamaissantos_292773795_1039351076940595_3167523987089038397_n.mp4<\/a><\/video><\/div>\n<p><strong>LEIA TAMB\u00c9M<\/strong><\/p>\n<p><a href=\"https:\/\/redenoticiaz.com.br\/litoralsp\/2022\/07\/12\/alerta-para-riscos-de-acidentes-com-a-rede-eletrica-devido-as-queimadas\">Alerta para riscos de acidentes com a rede el\u00e9trica devido as queimadas<\/a><\/p>\n","protected":false},"excerpt":{"rendered":"<p>O apartamento de um pr\u00e9dio localizado na orla da praia de Santos pegou fogo nessa ter\u00e7a-feira (13). Um homem e um cachorro acabaram morrendo com as chamas. O Corpo de Bombeiros foi acionado e foi necess\u00e1rio que os moradores do condom\u00ednio deixassem o local. De acordo com a corpora\u00e7\u00e3o, o inc\u00eandio aconteceu na Avenida Bartolomeu &hellip;<\/p>\n","protected":false},"author":6,"featured_media":88026,"comment_status":"open","ping_status":"closed","sticky":false,"template":"","format":"standard","meta":{"footnotes":""},"categories":[10,180],"tags":[9078,58029,56863,5316,25269,58030,4039,986],"class_list":["post-88024","post","type-post","status-publish","format-standard","has-post-thumbnail","hentry","category-policia","category-santos","tag-apartamento","tag-avenida-bartolomeu-de-gusmao","tag-basilica-menor-do-embare","tag-corpo-de-bombeiros","tag-embare","tag-homem-e-cachorro-mortos","tag-incendio","tag-santos"],"yoast_head":"<!-- This site is optimized with the Yoast SEO plugin v27.5 - https:\/\/yoast.com\/product\/yoast-seo-wordpress\/ -->\n<title>V\u00cdDEO &#8211; Apartamento pega fogo e mata homem e cachorro - Litoral SP<\/title>\n<meta name=\"description\" content=\"apartamento de um pr\u00e9dio localizado na orla da praia de Santos pegou fogo nessa ter\u00e7a-feira (13). Um homem e um cachorro acabaram morrendo com\" \/>\n<meta name=\"robots\" content=\"index, follow, max-snippet:-1, max-image-preview:large, max-video-preview:-1\" \/>\n<link rel=\"canonical\" href=\"https:\/\/redenoticiaz.com.br\/litoralsp\/2022\/07\/13\/video-apartamento-pega-fogo-e-mata-homem-e-cachorro\" \/>\n<meta property=\"og:locale\" content=\"pt_BR\" \/>\n<meta property=\"og:type\" content=\"article\" \/>\n<meta property=\"og:title\" content=\"V\u00cdDEO &#8211; Apartamento pega fogo e mata homem e cachorro - Litoral SP\" \/>\n<meta property=\"og:description\" content=\"apartamento de um pr\u00e9dio localizado na orla da praia de Santos pegou fogo nessa ter\u00e7a-feira (13). Um homem e um cachorro acabaram morrendo com\" \/>\n<meta property=\"og:url\" content=\"https:\/\/redenoticiaz.com.br\/litoralsp\/2022\/07\/13\/video-apartamento-pega-fogo-e-mata-homem-e-cachorro\" \/>\n<meta property=\"og:site_name\" content=\"Litoral SP\" \/>\n<meta property=\"article:published_time\" content=\"2022-07-13T10:43:53+00:00\" \/>\n<meta property=\"og:image\" content=\"https:\/\/redenoticiaz.com.br\/litoralsp\/wp-content\/uploads\/sites\/3\/2022\/07\/APE.png\" \/>\n\t<meta property=\"og:image:width\" content=\"599\" \/>\n\t<meta property=\"og:image:height\" content=\"476\" \/>\n\t<meta property=\"og:image:type\" content=\"image\/png\" \/>\n<meta name=\"author\" content=\"Leonardo Francisco\" \/>\n<meta name=\"twitter:card\" content=\"summary_large_image\" \/>\n<meta name=\"twitter:label1\" content=\"Escrito por\" \/>\n\t<meta name=\"twitter:data1\" content=\"Leonardo Francisco\" \/>\n\t<meta name=\"twitter:label2\" content=\"Est. tempo de leitura\" \/>\n\t<meta name=\"twitter:data2\" content=\"2 minutos\" \/>\n<script type=\"application\/ld+json\" class=\"yoast-schema-graph\">{\"@context\":\"https:\\\/\\\/schema.org\",\"@graph\":[{\"@type\":\"Article\",\"@id\":\"https:\\\/\\\/redenoticiaz.com.br\\\/litoralsp\\\/2022\\\/07\\\/13\\\/video-apartamento-pega-fogo-e-mata-homem-e-cachorro#article\",\"isPartOf\":{\"@id\":\"https:\\\/\\\/redenoticiaz.com.br\\\/litoralsp\\\/2022\\\/07\\\/13\\\/video-apartamento-pega-fogo-e-mata-homem-e-cachorro\"},\"author\":{\"name\":\"Leonardo Francisco\",\"@id\":\"https:\\\/\\\/redenoticiaz.com.br\\\/litoralsp\\\/#\\\/schema\\\/person\\\/0f0b8a5bdafefe82841e07ae8d81ecb3\"},\"headline\":\"V\u00cdDEO &#8211; Apartamento pega fogo e mata homem e cachorro\",\"datePublished\":\"2022-07-13T10:43:53+00:00\",\"mainEntityOfPage\":{\"@id\":\"https:\\\/\\\/redenoticiaz.com.br\\\/litoralsp\\\/2022\\\/07\\\/13\\\/video-apartamento-pega-fogo-e-mata-homem-e-cachorro\"},\"wordCount\":232,\"commentCount\":0,\"publisher\":{\"@id\":\"https:\\\/\\\/redenoticiaz.com.br\\\/litoralsp\\\/#organization\"},\"image\":{\"@id\":\"https:\\\/\\\/redenoticiaz.com.br\\\/litoralsp\\\/2022\\\/07\\\/13\\\/video-apartamento-pega-fogo-e-mata-homem-e-cachorro#primaryimage\"},\"thumbnailUrl\":\"https:\\\/\\\/redenoticiaz.com.br\\\/litoralsp\\\/wp-content\\\/uploads\\\/sites\\\/3\\\/2022\\\/07\\\/APE.png\",\"keywords\":[\"APARTAMENTO\",\"AVENIDA BARTOLOMEU DE GUSM\u00c3O\",\"BAS\u00cdLICA MENOR DO EMBAR\u00c9\",\"CORPO DE BOMBEIROS\",\"EMBAR\u00c9\",\"HOMEM E CACHORRO MORTOS\",\"inc\u00eandio\",\"Santos\"],\"articleSection\":[\"Pol\u00edcia\",\"Santos\"],\"inLanguage\":\"pt-BR\",\"potentialAction\":[{\"@type\":\"CommentAction\",\"name\":\"Comment\",\"target\":[\"https:\\\/\\\/redenoticiaz.com.br\\\/litoralsp\\\/2022\\\/07\\\/13\\\/video-apartamento-pega-fogo-e-mata-homem-e-cachorro#respond\"]}]},{\"@type\":\"WebPage\",\"@id\":\"https:\\\/\\\/redenoticiaz.com.br\\\/litoralsp\\\/2022\\\/07\\\/13\\\/video-apartamento-pega-fogo-e-mata-homem-e-cachorro\",\"url\":\"https:\\\/\\\/redenoticiaz.com.br\\\/litoralsp\\\/2022\\\/07\\\/13\\\/video-apartamento-pega-fogo-e-mata-homem-e-cachorro\",\"name\":\"V\u00cdDEO &#8211; Apartamento pega fogo e mata homem e cachorro - Litoral SP\",\"isPartOf\":{\"@id\":\"https:\\\/\\\/redenoticiaz.com.br\\\/litoralsp\\\/#website\"},\"primaryImageOfPage\":{\"@id\":\"https:\\\/\\\/redenoticiaz.com.br\\\/litoralsp\\\/2022\\\/07\\\/13\\\/video-apartamento-pega-fogo-e-mata-homem-e-cachorro#primaryimage\"},\"image\":{\"@id\":\"https:\\\/\\\/redenoticiaz.com.br\\\/litoralsp\\\/2022\\\/07\\\/13\\\/video-apartamento-pega-fogo-e-mata-homem-e-cachorro#primaryimage\"},\"thumbnailUrl\":\"https:\\\/\\\/redenoticiaz.com.br\\\/litoralsp\\\/wp-content\\\/uploads\\\/sites\\\/3\\\/2022\\\/07\\\/APE.png\",\"datePublished\":\"2022-07-13T10:43:53+00:00\",\"description\":\"apartamento de um pr\u00e9dio localizado na orla da praia de Santos pegou fogo nessa ter\u00e7a-feira (13). Um homem e um cachorro acabaram morrendo com\",\"inLanguage\":\"pt-BR\",\"potentialAction\":[{\"@type\":\"ReadAction\",\"target\":[\"https:\\\/\\\/redenoticiaz.com.br\\\/litoralsp\\\/2022\\\/07\\\/13\\\/video-apartamento-pega-fogo-e-mata-homem-e-cachorro\"]}]},{\"@type\":\"ImageObject\",\"inLanguage\":\"pt-BR\",\"@id\":\"https:\\\/\\\/redenoticiaz.com.br\\\/litoralsp\\\/2022\\\/07\\\/13\\\/video-apartamento-pega-fogo-e-mata-homem-e-cachorro#primaryimage\",\"url\":\"https:\\\/\\\/redenoticiaz.com.br\\\/litoralsp\\\/wp-content\\\/uploads\\\/sites\\\/3\\\/2022\\\/07\\\/APE.png\",\"contentUrl\":\"https:\\\/\\\/redenoticiaz.com.br\\\/litoralsp\\\/wp-content\\\/uploads\\\/sites\\\/3\\\/2022\\\/07\\\/APE.png\",\"width\":599,\"height\":476,\"caption\":\"Cr\u00e9ditos: Reprodu\u00e7\u00e3o\"},{\"@type\":\"WebSite\",\"@id\":\"https:\\\/\\\/redenoticiaz.com.br\\\/litoralsp\\\/#website\",\"url\":\"https:\\\/\\\/redenoticiaz.com.br\\\/litoralsp\\\/\",\"name\":\"Litoral SP\",\"description\":\"Rede NoticiaZ\",\"publisher\":{\"@id\":\"https:\\\/\\\/redenoticiaz.com.br\\\/litoralsp\\\/#organization\"},\"potentialAction\":[{\"@type\":\"SearchAction\",\"target\":{\"@type\":\"EntryPoint\",\"urlTemplate\":\"https:\\\/\\\/redenoticiaz.com.br\\\/litoralsp\\\/?s={search_term_string}\"},\"query-input\":{\"@type\":\"PropertyValueSpecification\",\"valueRequired\":true,\"valueName\":\"search_term_string\"}}],\"inLanguage\":\"pt-BR\"},{\"@type\":\"Organization\",\"@id\":\"https:\\\/\\\/redenoticiaz.com.br\\\/litoralsp\\\/#organization\",\"name\":\"Litoral SP\",\"url\":\"https:\\\/\\\/redenoticiaz.com.br\\\/litoralsp\\\/\",\"logo\":{\"@type\":\"ImageObject\",\"inLanguage\":\"pt-BR\",\"@id\":\"https:\\\/\\\/redenoticiaz.com.br\\\/litoralsp\\\/#\\\/schema\\\/logo\\\/image\\\/\",\"url\":\"https:\\\/\\\/redenoticiaz.com.br\\\/litoralsp\\\/wp-content\\\/uploads\\\/sites\\\/3\\\/2020\\\/11\\\/logo.jpg\",\"contentUrl\":\"https:\\\/\\\/redenoticiaz.com.br\\\/litoralsp\\\/wp-content\\\/uploads\\\/sites\\\/3\\\/2020\\\/11\\\/logo.jpg\",\"width\":400,\"height\":250,\"caption\":\"Litoral SP\"},\"image\":{\"@id\":\"https:\\\/\\\/redenoticiaz.com.br\\\/litoralsp\\\/#\\\/schema\\\/logo\\\/image\\\/\"}},{\"@type\":\"Person\",\"@id\":\"https:\\\/\\\/redenoticiaz.com.br\\\/litoralsp\\\/#\\\/schema\\\/person\\\/0f0b8a5bdafefe82841e07ae8d81ecb3\",\"name\":\"Leonardo Francisco\",\"image\":{\"@type\":\"ImageObject\",\"inLanguage\":\"pt-BR\",\"@id\":\"https:\\\/\\\/secure.gravatar.com\\\/avatar\\\/a7358cb406a99b682ec6df1e77e31ae82e63601f6784e8a3df411d72b37864da?s=96&d=mm&r=g\",\"url\":\"https:\\\/\\\/secure.gravatar.com\\\/avatar\\\/a7358cb406a99b682ec6df1e77e31ae82e63601f6784e8a3df411d72b37864da?s=96&d=mm&r=g\",\"contentUrl\":\"https:\\\/\\\/secure.gravatar.com\\\/avatar\\\/a7358cb406a99b682ec6df1e77e31ae82e63601f6784e8a3df411d72b37864da?s=96&d=mm&r=g\",\"caption\":\"Leonardo Francisco\"},\"url\":\"https:\\\/\\\/redenoticiaz.com.br\\\/litoralsp\\\/author\\\/leonardo-francisco\"}]}<\/script>\n<!-- \/ Yoast SEO plugin. -->","yoast_head_json":{"title":"V\u00cdDEO &#8211; Apartamento pega fogo e mata homem e cachorro - Litoral SP","description":"apartamento de um pr\u00e9dio localizado na orla da praia de Santos pegou fogo nessa ter\u00e7a-feira (13). Um homem e um cachorro acabaram morrendo com","robots":{"index":"index","follow":"follow","max-snippet":"max-snippet:-1","max-image-preview":"max-image-preview:large","max-video-preview":"max-video-preview:-1"},"canonical":"https:\/\/redenoticiaz.com.br\/litoralsp\/2022\/07\/13\/video-apartamento-pega-fogo-e-mata-homem-e-cachorro","og_locale":"pt_BR","og_type":"article","og_title":"V\u00cdDEO &#8211; Apartamento pega fogo e mata homem e cachorro - Litoral SP","og_description":"apartamento de um pr\u00e9dio localizado na orla da praia de Santos pegou fogo nessa ter\u00e7a-feira (13). Um homem e um cachorro acabaram morrendo com","og_url":"https:\/\/redenoticiaz.com.br\/litoralsp\/2022\/07\/13\/video-apartamento-pega-fogo-e-mata-homem-e-cachorro","og_site_name":"Litoral SP","article_published_time":"2022-07-13T10:43:53+00:00","og_image":[{"width":599,"height":476,"url":"https:\/\/redenoticiaz.com.br\/litoralsp\/wp-content\/uploads\/sites\/3\/2022\/07\/APE.png","type":"image\/png"}],"author":"Leonardo Francisco","twitter_card":"summary_large_image","twitter_misc":{"Escrito por":"Leonardo Francisco","Est. tempo de leitura":"2 minutos"},"schema":{"@context":"https:\/\/schema.org","@graph":[{"@type":"Article","@id":"https:\/\/redenoticiaz.com.br\/litoralsp\/2022\/07\/13\/video-apartamento-pega-fogo-e-mata-homem-e-cachorro#article","isPartOf":{"@id":"https:\/\/redenoticiaz.com.br\/litoralsp\/2022\/07\/13\/video-apartamento-pega-fogo-e-mata-homem-e-cachorro"},"author":{"name":"Leonardo Francisco","@id":"https:\/\/redenoticiaz.com.br\/litoralsp\/#\/schema\/person\/0f0b8a5bdafefe82841e07ae8d81ecb3"},"headline":"V\u00cdDEO &#8211; Apartamento pega fogo e mata homem e cachorro","datePublished":"2022-07-13T10:43:53+00:00","mainEntityOfPage":{"@id":"https:\/\/redenoticiaz.com.br\/litoralsp\/2022\/07\/13\/video-apartamento-pega-fogo-e-mata-homem-e-cachorro"},"wordCount":232,"commentCount":0,"publisher":{"@id":"https:\/\/redenoticiaz.com.br\/litoralsp\/#organization"},"image":{"@id":"https:\/\/redenoticiaz.com.br\/litoralsp\/2022\/07\/13\/video-apartamento-pega-fogo-e-mata-homem-e-cachorro#primaryimage"},"thumbnailUrl":"https:\/\/redenoticiaz.com.br\/litoralsp\/wp-content\/uploads\/sites\/3\/2022\/07\/APE.png","keywords":["APARTAMENTO","AVENIDA BARTOLOMEU DE GUSM\u00c3O","BAS\u00cdLICA MENOR DO EMBAR\u00c9","CORPO DE BOMBEIROS","EMBAR\u00c9","HOMEM E CACHORRO MORTOS","inc\u00eandio","Santos"],"articleSection":["Pol\u00edcia","Santos"],"inLanguage":"pt-BR","potentialAction":[{"@type":"CommentAction","name":"Comment","target":["https:\/\/redenoticiaz.com.br\/litoralsp\/2022\/07\/13\/video-apartamento-pega-fogo-e-mata-homem-e-cachorro#respond"]}]},{"@type":"WebPage","@id":"https:\/\/redenoticiaz.com.br\/litoralsp\/2022\/07\/13\/video-apartamento-pega-fogo-e-mata-homem-e-cachorro","url":"https:\/\/redenoticiaz.com.br\/litoralsp\/2022\/07\/13\/video-apartamento-pega-fogo-e-mata-homem-e-cachorro","name":"V\u00cdDEO &#8211; Apartamento pega fogo e mata homem e cachorro - Litoral SP","isPartOf":{"@id":"https:\/\/redenoticiaz.com.br\/litoralsp\/#website"},"primaryImageOfPage":{"@id":"https:\/\/redenoticiaz.com.br\/litoralsp\/2022\/07\/13\/video-apartamento-pega-fogo-e-mata-homem-e-cachorro#primaryimage"},"image":{"@id":"https:\/\/redenoticiaz.com.br\/litoralsp\/2022\/07\/13\/video-apartamento-pega-fogo-e-mata-homem-e-cachorro#primaryimage"},"thumbnailUrl":"https:\/\/redenoticiaz.com.br\/litoralsp\/wp-content\/uploads\/sites\/3\/2022\/07\/APE.png","datePublished":"2022-07-13T10:43:53+00:00","description":"apartamento de um pr\u00e9dio localizado na orla da praia de Santos pegou fogo nessa ter\u00e7a-feira (13). Um homem e um cachorro acabaram morrendo com","inLanguage":"pt-BR","potentialAction":[{"@type":"ReadAction","target":["https:\/\/redenoticiaz.com.br\/litoralsp\/2022\/07\/13\/video-apartamento-pega-fogo-e-mata-homem-e-cachorro"]}]},{"@type":"ImageObject","inLanguage":"pt-BR","@id":"https:\/\/redenoticiaz.com.br\/litoralsp\/2022\/07\/13\/video-apartamento-pega-fogo-e-mata-homem-e-cachorro#primaryimage","url":"https:\/\/redenoticiaz.com.br\/litoralsp\/wp-content\/uploads\/sites\/3\/2022\/07\/APE.png","contentUrl":"https:\/\/redenoticiaz.com.br\/litoralsp\/wp-content\/uploads\/sites\/3\/2022\/07\/APE.png","width":599,"height":476,"caption":"Cr\u00e9ditos: Reprodu\u00e7\u00e3o"},{"@type":"WebSite","@id":"https:\/\/redenoticiaz.com.br\/litoralsp\/#website","url":"https:\/\/redenoticiaz.com.br\/litoralsp\/","name":"Litoral SP","description":"Rede NoticiaZ","publisher":{"@id":"https:\/\/redenoticiaz.com.br\/litoralsp\/#organization"},"potentialAction":[{"@type":"SearchAction","target":{"@type":"EntryPoint","urlTemplate":"https:\/\/redenoticiaz.com.br\/litoralsp\/?s={search_term_string}"},"query-input":{"@type":"PropertyValueSpecification","valueRequired":true,"valueName":"search_term_string"}}],"inLanguage":"pt-BR"},{"@type":"Organization","@id":"https:\/\/redenoticiaz.com.br\/litoralsp\/#organization","name":"Litoral SP","url":"https:\/\/redenoticiaz.com.br\/litoralsp\/","logo":{"@type":"ImageObject","inLanguage":"pt-BR","@id":"https:\/\/redenoticiaz.com.br\/litoralsp\/#\/schema\/logo\/image\/","url":"https:\/\/redenoticiaz.com.br\/litoralsp\/wp-content\/uploads\/sites\/3\/2020\/11\/logo.jpg","contentUrl":"https:\/\/redenoticiaz.com.br\/litoralsp\/wp-content\/uploads\/sites\/3\/2020\/11\/logo.jpg","width":400,"height":250,"caption":"Litoral SP"},"image":{"@id":"https:\/\/redenoticiaz.com.br\/litoralsp\/#\/schema\/logo\/image\/"}},{"@type":"Person","@id":"https:\/\/redenoticiaz.com.br\/litoralsp\/#\/schema\/person\/0f0b8a5bdafefe82841e07ae8d81ecb3","name":"Leonardo Francisco","image":{"@type":"ImageObject","inLanguage":"pt-BR","@id":"https:\/\/secure.gravatar.com\/avatar\/a7358cb406a99b682ec6df1e77e31ae82e63601f6784e8a3df411d72b37864da?s=96&d=mm&r=g","url":"https:\/\/secure.gravatar.com\/avatar\/a7358cb406a99b682ec6df1e77e31ae82e63601f6784e8a3df411d72b37864da?s=96&d=mm&r=g","contentUrl":"https:\/\/secure.gravatar.com\/avatar\/a7358cb406a99b682ec6df1e77e31ae82e63601f6784e8a3df411d72b37864da?s=96&d=mm&r=g","caption":"Leonardo Francisco"},"url":"https:\/\/redenoticiaz.com.br\/litoralsp\/author\/leonardo-francisco"}]}},"_links":{"self":[{"href":"https:\/\/redenoticiaz.com.br\/litoralsp\/wp-json\/wp\/v2\/posts\/88024","targetHints":{"allow":["GET"]}}],"collection":[{"href":"https:\/\/redenoticiaz.com.br\/litoralsp\/wp-json\/wp\/v2\/posts"}],"about":[{"href":"https:\/\/redenoticiaz.com.br\/litoralsp\/wp-json\/wp\/v2\/types\/post"}],"author":[{"embeddable":true,"href":"https:\/\/redenoticiaz.com.br\/litoralsp\/wp-json\/wp\/v2\/users\/6"}],"replies":[{"embeddable":true,"href":"https:\/\/redenoticiaz.com.br\/litoralsp\/wp-json\/wp\/v2\/comments?post=88024"}],"version-history":[{"count":1,"href":"https:\/\/redenoticiaz.com.br\/litoralsp\/wp-json\/wp\/v2\/posts\/88024\/revisions"}],"predecessor-version":[{"id":88027,"href":"https:\/\/redenoticiaz.com.br\/litoralsp\/wp-json\/wp\/v2\/posts\/88024\/revisions\/88027"}],"wp:featuredmedia":[{"embeddable":true,"href":"https:\/\/redenoticiaz.com.br\/litoralsp\/wp-json\/wp\/v2\/media\/88026"}],"wp:attachment":[{"href":"https:\/\/redenoticiaz.com.br\/litoralsp\/wp-json\/wp\/v2\/media?parent=88024"}],"wp:term":[{"taxonomy":"category","embeddable":true,"href":"https:\/\/redenoticiaz.com.br\/litoralsp\/wp-json\/wp\/v2\/categories?post=88024"},{"taxonomy":"post_tag","embeddable":true,"href":"https:\/\/redenoticiaz.com.br\/litoralsp\/wp-json\/wp\/v2\/tags?post=88024"}],"curies":[{"name":"wp","href":"https:\/\/api.w.org\/{rel}","templated":true}]}}