{"id":88035,"date":"2022-07-13T08:35:02","date_gmt":"2022-07-13T11:35:02","guid":{"rendered":"https:\/\/redenoticiaz.com.br\/litoralsp\/?p=88035"},"modified":"2022-07-13T08:35:02","modified_gmt":"2022-07-13T11:35:02","slug":"canais-de-santos-recebem-novas-ecobarreiras","status":"publish","type":"post","link":"https:\/\/redenoticiaz.com.br\/litoralsp\/2022\/07\/13\/canais-de-santos-recebem-novas-ecobarreiras","title":{"rendered":"Canais de Santos recebem novas ecobarreiras"},"content":{"rendered":"<p>Com o objetivo de evitar a polui\u00e7\u00e3o do mar e das praias, a <a href=\"https:\/\/www.santos.sp.gov.br\/\">Prefeitura de Santos<\/a> come\u00e7ou a instalar doze <strong>ecobarreiras flutuantes<\/strong>. Os trabalhos tiveram in\u00edcio na segunda-feira (11) e eles estar\u00e3o espalhados em v\u00e1rios pontos da cidade.<\/p>\n<p>A administra\u00e7\u00e3o informa que as ecobarreiras est\u00e3o localizadas no canal 1, na Avenida Pinheiro Machado, no canal 2, na Av. Bernardino de Campos, no canal 3, na Av. Washington Lu\u00eds, no canal 4, na Av. Siqueira Campos, no canal 5, na Av. Almirante Cochrane e no canal 6, na avenida Cel. Joaquim Montenegro.<\/p>\n<div class=\"mc-column content-text active-extra-styles \" data-block-type=\"unstyled\" data-block-weight=\"53\" data-block-id=\"4\">\n<p class=\"content-text__container \" data-track-category=\"Link no Texto\" data-track-links=\"\">Al\u00e9m deles, os canais da Rua Santa Catarina e da Av. Bar\u00e3o de Penedo, no Jos\u00e9 Menino, da Av. Jovino de Mello, do R\u00e1dio Clube, da Av. Francisco Ferreira Canto, na Caneleira, da Av. Francisco Manoel, no Jabaquara, e o canal da Av. Dr. Moura Ribeiro, no Marap\u00e9, tamb\u00e9m receber\u00e3o as barreiras.<\/p>\n<h3 data-track-category=\"Link no Texto\">Como s\u00e3o as ecobarreiras?<\/h3>\n<div class=\"mc-column content-text active-extra-styles \" data-block-type=\"unstyled\" data-block-weight=\"55\" data-block-id=\"7\">\n<p class=\"content-text__container \" data-track-category=\"Link no Texto\" data-track-links=\"\">Segundo a prefeitura, as conten\u00e7\u00f5es s\u00e3o feitas de lona preenchida com espuma ecol\u00f3gica e possuem de tr\u00eas a cinco metros a mais do que a largura de cada canal. Isso permite que a barreira forme uma esp\u00e9cie de &#8216;barriga&#8217;, barrando res\u00edduos como pl\u00e1stico e latinhas, mas ainda assim permite a passagem de peixes e tartarugas.<\/p>\n<\/div>\n<div class=\"mc-column content-text active-extra-styles \" data-block-type=\"unstyled\" data-block-weight=\"54\" data-block-id=\"8\">\n<p class=\"content-text__container \" data-track-category=\"Link no Texto\" data-track-links=\"\">A lona se estende por mais 40 cent\u00edmetros abaixo das boias, parte que \u00e9 chamada de \u201csaia\u201d e possui uma corrente que ajuda a permanecer sempre esticada para baixo. Nesse local, ficam presos os res\u00edduos que n\u00e3o flutuam o suficiente para serem parados pelas boias, o que permite segurar uma quantidade maior de objetos.<\/p>\n<div class=\"mc-column content-text active-extra-styles \" data-block-type=\"unstyled\" data-block-weight=\"55\" data-block-id=\"10\">\n<p class=\"content-text__container \" data-track-category=\"Link no Texto\" data-track-links=\"\">Tanto a corrente quanto a base lateral das barreiras s\u00e3o feitas de alum\u00ednio. A lona \u00e9 tratada para suportar os raios solares (UV) e as barreiras s\u00e3o flex\u00edveis, se adaptando conforme o curso da corrente mar\u00edtima. As conten\u00e7\u00f5es s\u00e3o presas aos canais por ganchos instalados na estrutura do canal e dois cabos de a\u00e7o.<\/p>\n<\/div>\n<div class=\"mc-column content-text active-extra-styles \" data-block-type=\"unstyled\" data-block-weight=\"49\" data-block-id=\"11\">\n<p class=\"content-text__container \" data-track-category=\"Link no Texto\" data-track-links=\"\">O servi\u00e7o est\u00e1 sendo realizado pela E &amp; F Imperium Artigos Personalizados sob supervis\u00e3o da Secretaria de Meio Ambiente (Semam). O secret\u00e1rio da pasta, Marcos Lib\u00f3rio, esteve presente nas instala\u00e7\u00f5es e afirmou que a a\u00e7\u00e3o faz parte de um projeto municipal para diminuir a emiss\u00e3o de res\u00edduos nos oceanos.<\/p>\n<p data-track-category=\"Link no Texto\" data-track-links=\"\"><strong>LEIA TAMB\u00c9M<\/strong><\/p>\n<p data-track-category=\"Link no Texto\" data-track-links=\"\"><a href=\"https:\/\/redenoticiaz.com.br\/litoralsp\/2022\/07\/12\/cubatao-registra-queda-de-arvores-por-conta-de-ventania\">Cubat\u00e3o registra queda de \u00e1rvores por conta de ventania<\/a><\/p>\n<\/div>\n<\/div>\n<\/div>\n","protected":false},"excerpt":{"rendered":"<p>Com o objetivo de evitar a polui\u00e7\u00e3o do mar e das praias, a Prefeitura de Santos come\u00e7ou a instalar doze ecobarreiras flutuantes. Os trabalhos tiveram in\u00edcio na segunda-feira (11) e eles estar\u00e3o espalhados em v\u00e1rios pontos da cidade. A administra\u00e7\u00e3o informa que as ecobarreiras est\u00e3o localizadas no canal 1, na Avenida Pinheiro Machado, no canal &hellip;<\/p>\n","protected":false},"author":6,"featured_media":88036,"comment_status":"open","ping_status":"closed","sticky":false,"template":"","format":"standard","meta":{"footnotes":""},"categories":[1487,180],"tags":[31509,58033,986],"class_list":["post-88035","post","type-post","status-publish","format-standard","has-post-thumbnail","hentry","category-meio-ambiente","category-santos","tag-canais","tag-ecobarreiras","tag-santos"],"yoast_head":"<!-- This site is optimized with the Yoast SEO plugin v27.5 - https:\/\/yoast.com\/product\/yoast-seo-wordpress\/ -->\n<title>Canais de Santos recebem novas ecobarreiras - Litoral SP<\/title>\n<meta name=\"description\" content=\"Com o objetivo de evitar a polui\u00e7\u00e3o do mar e das praias, a Prefeitura de Santos come\u00e7ou a instalar doze ecobarreiras flutuantes. Os\" \/>\n<meta name=\"robots\" content=\"index, follow, max-snippet:-1, max-image-preview:large, max-video-preview:-1\" \/>\n<link rel=\"canonical\" href=\"https:\/\/redenoticiaz.com.br\/litoralsp\/2022\/07\/13\/canais-de-santos-recebem-novas-ecobarreiras\" \/>\n<meta property=\"og:locale\" content=\"pt_BR\" \/>\n<meta property=\"og:type\" content=\"article\" \/>\n<meta property=\"og:title\" content=\"Canais de Santos recebem novas ecobarreiras - Litoral SP\" \/>\n<meta property=\"og:description\" content=\"Com o objetivo de evitar a polui\u00e7\u00e3o do mar e das praias, a Prefeitura de Santos come\u00e7ou a instalar doze ecobarreiras flutuantes. Os\" \/>\n<meta property=\"og:url\" content=\"https:\/\/redenoticiaz.com.br\/litoralsp\/2022\/07\/13\/canais-de-santos-recebem-novas-ecobarreiras\" \/>\n<meta property=\"og:site_name\" content=\"Litoral SP\" \/>\n<meta property=\"article:published_time\" content=\"2022-07-13T11:35:02+00:00\" \/>\n<meta property=\"og:image\" content=\"https:\/\/redenoticiaz.com.br\/litoralsp\/wp-content\/uploads\/sites\/3\/2022\/07\/barreira_3.jpg\" \/>\n\t<meta property=\"og:image:width\" content=\"852\" \/>\n\t<meta property=\"og:image:height\" content=\"568\" \/>\n\t<meta property=\"og:image:type\" content=\"image\/jpeg\" \/>\n<meta name=\"author\" content=\"Leonardo Francisco\" \/>\n<meta name=\"twitter:card\" content=\"summary_large_image\" \/>\n<meta name=\"twitter:label1\" content=\"Escrito por\" \/>\n\t<meta name=\"twitter:data1\" content=\"Leonardo Francisco\" \/>\n\t<meta name=\"twitter:label2\" content=\"Est. tempo de leitura\" \/>\n\t<meta name=\"twitter:data2\" content=\"3 minutos\" \/>\n<script type=\"application\/ld+json\" class=\"yoast-schema-graph\">{\"@context\":\"https:\\\/\\\/schema.org\",\"@graph\":[{\"@type\":\"Article\",\"@id\":\"https:\\\/\\\/redenoticiaz.com.br\\\/litoralsp\\\/2022\\\/07\\\/13\\\/canais-de-santos-recebem-novas-ecobarreiras#article\",\"isPartOf\":{\"@id\":\"https:\\\/\\\/redenoticiaz.com.br\\\/litoralsp\\\/2022\\\/07\\\/13\\\/canais-de-santos-recebem-novas-ecobarreiras\"},\"author\":{\"name\":\"Leonardo Francisco\",\"@id\":\"https:\\\/\\\/redenoticiaz.com.br\\\/litoralsp\\\/#\\\/schema\\\/person\\\/0f0b8a5bdafefe82841e07ae8d81ecb3\"},\"headline\":\"Canais de Santos recebem novas ecobarreiras\",\"datePublished\":\"2022-07-13T11:35:02+00:00\",\"mainEntityOfPage\":{\"@id\":\"https:\\\/\\\/redenoticiaz.com.br\\\/litoralsp\\\/2022\\\/07\\\/13\\\/canais-de-santos-recebem-novas-ecobarreiras\"},\"wordCount\":408,\"commentCount\":0,\"publisher\":{\"@id\":\"https:\\\/\\\/redenoticiaz.com.br\\\/litoralsp\\\/#organization\"},\"image\":{\"@id\":\"https:\\\/\\\/redenoticiaz.com.br\\\/litoralsp\\\/2022\\\/07\\\/13\\\/canais-de-santos-recebem-novas-ecobarreiras#primaryimage\"},\"thumbnailUrl\":\"https:\\\/\\\/redenoticiaz.com.br\\\/litoralsp\\\/wp-content\\\/uploads\\\/sites\\\/3\\\/2022\\\/07\\\/barreira_3.jpg\",\"keywords\":[\"CANAIS\",\"ECOBARREIRAS\",\"Santos\"],\"articleSection\":[\"Meio Ambiente\",\"Santos\"],\"inLanguage\":\"pt-BR\",\"potentialAction\":[{\"@type\":\"CommentAction\",\"name\":\"Comment\",\"target\":[\"https:\\\/\\\/redenoticiaz.com.br\\\/litoralsp\\\/2022\\\/07\\\/13\\\/canais-de-santos-recebem-novas-ecobarreiras#respond\"]}]},{\"@type\":\"WebPage\",\"@id\":\"https:\\\/\\\/redenoticiaz.com.br\\\/litoralsp\\\/2022\\\/07\\\/13\\\/canais-de-santos-recebem-novas-ecobarreiras\",\"url\":\"https:\\\/\\\/redenoticiaz.com.br\\\/litoralsp\\\/2022\\\/07\\\/13\\\/canais-de-santos-recebem-novas-ecobarreiras\",\"name\":\"Canais de Santos recebem novas ecobarreiras - Litoral SP\",\"isPartOf\":{\"@id\":\"https:\\\/\\\/redenoticiaz.com.br\\\/litoralsp\\\/#website\"},\"primaryImageOfPage\":{\"@id\":\"https:\\\/\\\/redenoticiaz.com.br\\\/litoralsp\\\/2022\\\/07\\\/13\\\/canais-de-santos-recebem-novas-ecobarreiras#primaryimage\"},\"image\":{\"@id\":\"https:\\\/\\\/redenoticiaz.com.br\\\/litoralsp\\\/2022\\\/07\\\/13\\\/canais-de-santos-recebem-novas-ecobarreiras#primaryimage\"},\"thumbnailUrl\":\"https:\\\/\\\/redenoticiaz.com.br\\\/litoralsp\\\/wp-content\\\/uploads\\\/sites\\\/3\\\/2022\\\/07\\\/barreira_3.jpg\",\"datePublished\":\"2022-07-13T11:35:02+00:00\",\"description\":\"Com o objetivo de evitar a polui\u00e7\u00e3o do mar e das praias, a Prefeitura de Santos come\u00e7ou a instalar doze ecobarreiras flutuantes. Os\",\"inLanguage\":\"pt-BR\",\"potentialAction\":[{\"@type\":\"ReadAction\",\"target\":[\"https:\\\/\\\/redenoticiaz.com.br\\\/litoralsp\\\/2022\\\/07\\\/13\\\/canais-de-santos-recebem-novas-ecobarreiras\"]}]},{\"@type\":\"ImageObject\",\"inLanguage\":\"pt-BR\",\"@id\":\"https:\\\/\\\/redenoticiaz.com.br\\\/litoralsp\\\/2022\\\/07\\\/13\\\/canais-de-santos-recebem-novas-ecobarreiras#primaryimage\",\"url\":\"https:\\\/\\\/redenoticiaz.com.br\\\/litoralsp\\\/wp-content\\\/uploads\\\/sites\\\/3\\\/2022\\\/07\\\/barreira_3.jpg\",\"contentUrl\":\"https:\\\/\\\/redenoticiaz.com.br\\\/litoralsp\\\/wp-content\\\/uploads\\\/sites\\\/3\\\/2022\\\/07\\\/barreira_3.jpg\",\"width\":852,\"height\":568,\"caption\":\"Cr\u00e9ditos: Divulga\u00e7\u00e3o\\\/Prefeitura de Santos\"},{\"@type\":\"WebSite\",\"@id\":\"https:\\\/\\\/redenoticiaz.com.br\\\/litoralsp\\\/#website\",\"url\":\"https:\\\/\\\/redenoticiaz.com.br\\\/litoralsp\\\/\",\"name\":\"Litoral SP\",\"description\":\"Rede NoticiaZ\",\"publisher\":{\"@id\":\"https:\\\/\\\/redenoticiaz.com.br\\\/litoralsp\\\/#organization\"},\"potentialAction\":[{\"@type\":\"SearchAction\",\"target\":{\"@type\":\"EntryPoint\",\"urlTemplate\":\"https:\\\/\\\/redenoticiaz.com.br\\\/litoralsp\\\/?s={search_term_string}\"},\"query-input\":{\"@type\":\"PropertyValueSpecification\",\"valueRequired\":true,\"valueName\":\"search_term_string\"}}],\"inLanguage\":\"pt-BR\"},{\"@type\":\"Organization\",\"@id\":\"https:\\\/\\\/redenoticiaz.com.br\\\/litoralsp\\\/#organization\",\"name\":\"Litoral SP\",\"url\":\"https:\\\/\\\/redenoticiaz.com.br\\\/litoralsp\\\/\",\"logo\":{\"@type\":\"ImageObject\",\"inLanguage\":\"pt-BR\",\"@id\":\"https:\\\/\\\/redenoticiaz.com.br\\\/litoralsp\\\/#\\\/schema\\\/logo\\\/image\\\/\",\"url\":\"https:\\\/\\\/redenoticiaz.com.br\\\/litoralsp\\\/wp-content\\\/uploads\\\/sites\\\/3\\\/2020\\\/11\\\/logo.jpg\",\"contentUrl\":\"https:\\\/\\\/redenoticiaz.com.br\\\/litoralsp\\\/wp-content\\\/uploads\\\/sites\\\/3\\\/2020\\\/11\\\/logo.jpg\",\"width\":400,\"height\":250,\"caption\":\"Litoral SP\"},\"image\":{\"@id\":\"https:\\\/\\\/redenoticiaz.com.br\\\/litoralsp\\\/#\\\/schema\\\/logo\\\/image\\\/\"}},{\"@type\":\"Person\",\"@id\":\"https:\\\/\\\/redenoticiaz.com.br\\\/litoralsp\\\/#\\\/schema\\\/person\\\/0f0b8a5bdafefe82841e07ae8d81ecb3\",\"name\":\"Leonardo Francisco\",\"image\":{\"@type\":\"ImageObject\",\"inLanguage\":\"pt-BR\",\"@id\":\"https:\\\/\\\/secure.gravatar.com\\\/avatar\\\/a7358cb406a99b682ec6df1e77e31ae82e63601f6784e8a3df411d72b37864da?s=96&d=mm&r=g\",\"url\":\"https:\\\/\\\/secure.gravatar.com\\\/avatar\\\/a7358cb406a99b682ec6df1e77e31ae82e63601f6784e8a3df411d72b37864da?s=96&d=mm&r=g\",\"contentUrl\":\"https:\\\/\\\/secure.gravatar.com\\\/avatar\\\/a7358cb406a99b682ec6df1e77e31ae82e63601f6784e8a3df411d72b37864da?s=96&d=mm&r=g\",\"caption\":\"Leonardo Francisco\"},\"url\":\"https:\\\/\\\/redenoticiaz.com.br\\\/litoralsp\\\/author\\\/leonardo-francisco\"}]}<\/script>\n<!-- \/ Yoast SEO plugin. -->","yoast_head_json":{"title":"Canais de Santos recebem novas ecobarreiras - Litoral SP","description":"Com o objetivo de evitar a polui\u00e7\u00e3o do mar e das praias, a Prefeitura de Santos come\u00e7ou a instalar doze ecobarreiras flutuantes. Os","robots":{"index":"index","follow":"follow","max-snippet":"max-snippet:-1","max-image-preview":"max-image-preview:large","max-video-preview":"max-video-preview:-1"},"canonical":"https:\/\/redenoticiaz.com.br\/litoralsp\/2022\/07\/13\/canais-de-santos-recebem-novas-ecobarreiras","og_locale":"pt_BR","og_type":"article","og_title":"Canais de Santos recebem novas ecobarreiras - Litoral SP","og_description":"Com o objetivo de evitar a polui\u00e7\u00e3o do mar e das praias, a Prefeitura de Santos come\u00e7ou a instalar doze ecobarreiras flutuantes. Os","og_url":"https:\/\/redenoticiaz.com.br\/litoralsp\/2022\/07\/13\/canais-de-santos-recebem-novas-ecobarreiras","og_site_name":"Litoral SP","article_published_time":"2022-07-13T11:35:02+00:00","og_image":[{"width":852,"height":568,"url":"https:\/\/redenoticiaz.com.br\/litoralsp\/wp-content\/uploads\/sites\/3\/2022\/07\/barreira_3.jpg","type":"image\/jpeg"}],"author":"Leonardo Francisco","twitter_card":"summary_large_image","twitter_misc":{"Escrito por":"Leonardo Francisco","Est. tempo de leitura":"3 minutos"},"schema":{"@context":"https:\/\/schema.org","@graph":[{"@type":"Article","@id":"https:\/\/redenoticiaz.com.br\/litoralsp\/2022\/07\/13\/canais-de-santos-recebem-novas-ecobarreiras#article","isPartOf":{"@id":"https:\/\/redenoticiaz.com.br\/litoralsp\/2022\/07\/13\/canais-de-santos-recebem-novas-ecobarreiras"},"author":{"name":"Leonardo Francisco","@id":"https:\/\/redenoticiaz.com.br\/litoralsp\/#\/schema\/person\/0f0b8a5bdafefe82841e07ae8d81ecb3"},"headline":"Canais de Santos recebem novas ecobarreiras","datePublished":"2022-07-13T11:35:02+00:00","mainEntityOfPage":{"@id":"https:\/\/redenoticiaz.com.br\/litoralsp\/2022\/07\/13\/canais-de-santos-recebem-novas-ecobarreiras"},"wordCount":408,"commentCount":0,"publisher":{"@id":"https:\/\/redenoticiaz.com.br\/litoralsp\/#organization"},"image":{"@id":"https:\/\/redenoticiaz.com.br\/litoralsp\/2022\/07\/13\/canais-de-santos-recebem-novas-ecobarreiras#primaryimage"},"thumbnailUrl":"https:\/\/redenoticiaz.com.br\/litoralsp\/wp-content\/uploads\/sites\/3\/2022\/07\/barreira_3.jpg","keywords":["CANAIS","ECOBARREIRAS","Santos"],"articleSection":["Meio Ambiente","Santos"],"inLanguage":"pt-BR","potentialAction":[{"@type":"CommentAction","name":"Comment","target":["https:\/\/redenoticiaz.com.br\/litoralsp\/2022\/07\/13\/canais-de-santos-recebem-novas-ecobarreiras#respond"]}]},{"@type":"WebPage","@id":"https:\/\/redenoticiaz.com.br\/litoralsp\/2022\/07\/13\/canais-de-santos-recebem-novas-ecobarreiras","url":"https:\/\/redenoticiaz.com.br\/litoralsp\/2022\/07\/13\/canais-de-santos-recebem-novas-ecobarreiras","name":"Canais de Santos recebem novas ecobarreiras - Litoral SP","isPartOf":{"@id":"https:\/\/redenoticiaz.com.br\/litoralsp\/#website"},"primaryImageOfPage":{"@id":"https:\/\/redenoticiaz.com.br\/litoralsp\/2022\/07\/13\/canais-de-santos-recebem-novas-ecobarreiras#primaryimage"},"image":{"@id":"https:\/\/redenoticiaz.com.br\/litoralsp\/2022\/07\/13\/canais-de-santos-recebem-novas-ecobarreiras#primaryimage"},"thumbnailUrl":"https:\/\/redenoticiaz.com.br\/litoralsp\/wp-content\/uploads\/sites\/3\/2022\/07\/barreira_3.jpg","datePublished":"2022-07-13T11:35:02+00:00","description":"Com o objetivo de evitar a polui\u00e7\u00e3o do mar e das praias, a Prefeitura de Santos come\u00e7ou a instalar doze ecobarreiras flutuantes. Os","inLanguage":"pt-BR","potentialAction":[{"@type":"ReadAction","target":["https:\/\/redenoticiaz.com.br\/litoralsp\/2022\/07\/13\/canais-de-santos-recebem-novas-ecobarreiras"]}]},{"@type":"ImageObject","inLanguage":"pt-BR","@id":"https:\/\/redenoticiaz.com.br\/litoralsp\/2022\/07\/13\/canais-de-santos-recebem-novas-ecobarreiras#primaryimage","url":"https:\/\/redenoticiaz.com.br\/litoralsp\/wp-content\/uploads\/sites\/3\/2022\/07\/barreira_3.jpg","contentUrl":"https:\/\/redenoticiaz.com.br\/litoralsp\/wp-content\/uploads\/sites\/3\/2022\/07\/barreira_3.jpg","width":852,"height":568,"caption":"Cr\u00e9ditos: Divulga\u00e7\u00e3o\/Prefeitura de Santos"},{"@type":"WebSite","@id":"https:\/\/redenoticiaz.com.br\/litoralsp\/#website","url":"https:\/\/redenoticiaz.com.br\/litoralsp\/","name":"Litoral SP","description":"Rede NoticiaZ","publisher":{"@id":"https:\/\/redenoticiaz.com.br\/litoralsp\/#organization"},"potentialAction":[{"@type":"SearchAction","target":{"@type":"EntryPoint","urlTemplate":"https:\/\/redenoticiaz.com.br\/litoralsp\/?s={search_term_string}"},"query-input":{"@type":"PropertyValueSpecification","valueRequired":true,"valueName":"search_term_string"}}],"inLanguage":"pt-BR"},{"@type":"Organization","@id":"https:\/\/redenoticiaz.com.br\/litoralsp\/#organization","name":"Litoral SP","url":"https:\/\/redenoticiaz.com.br\/litoralsp\/","logo":{"@type":"ImageObject","inLanguage":"pt-BR","@id":"https:\/\/redenoticiaz.com.br\/litoralsp\/#\/schema\/logo\/image\/","url":"https:\/\/redenoticiaz.com.br\/litoralsp\/wp-content\/uploads\/sites\/3\/2020\/11\/logo.jpg","contentUrl":"https:\/\/redenoticiaz.com.br\/litoralsp\/wp-content\/uploads\/sites\/3\/2020\/11\/logo.jpg","width":400,"height":250,"caption":"Litoral SP"},"image":{"@id":"https:\/\/redenoticiaz.com.br\/litoralsp\/#\/schema\/logo\/image\/"}},{"@type":"Person","@id":"https:\/\/redenoticiaz.com.br\/litoralsp\/#\/schema\/person\/0f0b8a5bdafefe82841e07ae8d81ecb3","name":"Leonardo Francisco","image":{"@type":"ImageObject","inLanguage":"pt-BR","@id":"https:\/\/secure.gravatar.com\/avatar\/a7358cb406a99b682ec6df1e77e31ae82e63601f6784e8a3df411d72b37864da?s=96&d=mm&r=g","url":"https:\/\/secure.gravatar.com\/avatar\/a7358cb406a99b682ec6df1e77e31ae82e63601f6784e8a3df411d72b37864da?s=96&d=mm&r=g","contentUrl":"https:\/\/secure.gravatar.com\/avatar\/a7358cb406a99b682ec6df1e77e31ae82e63601f6784e8a3df411d72b37864da?s=96&d=mm&r=g","caption":"Leonardo Francisco"},"url":"https:\/\/redenoticiaz.com.br\/litoralsp\/author\/leonardo-francisco"}]}},"_links":{"self":[{"href":"https:\/\/redenoticiaz.com.br\/litoralsp\/wp-json\/wp\/v2\/posts\/88035","targetHints":{"allow":["GET"]}}],"collection":[{"href":"https:\/\/redenoticiaz.com.br\/litoralsp\/wp-json\/wp\/v2\/posts"}],"about":[{"href":"https:\/\/redenoticiaz.com.br\/litoralsp\/wp-json\/wp\/v2\/types\/post"}],"author":[{"embeddable":true,"href":"https:\/\/redenoticiaz.com.br\/litoralsp\/wp-json\/wp\/v2\/users\/6"}],"replies":[{"embeddable":true,"href":"https:\/\/redenoticiaz.com.br\/litoralsp\/wp-json\/wp\/v2\/comments?post=88035"}],"version-history":[{"count":2,"href":"https:\/\/redenoticiaz.com.br\/litoralsp\/wp-json\/wp\/v2\/posts\/88035\/revisions"}],"predecessor-version":[{"id":88038,"href":"https:\/\/redenoticiaz.com.br\/litoralsp\/wp-json\/wp\/v2\/posts\/88035\/revisions\/88038"}],"wp:featuredmedia":[{"embeddable":true,"href":"https:\/\/redenoticiaz.com.br\/litoralsp\/wp-json\/wp\/v2\/media\/88036"}],"wp:attachment":[{"href":"https:\/\/redenoticiaz.com.br\/litoralsp\/wp-json\/wp\/v2\/media?parent=88035"}],"wp:term":[{"taxonomy":"category","embeddable":true,"href":"https:\/\/redenoticiaz.com.br\/litoralsp\/wp-json\/wp\/v2\/categories?post=88035"},{"taxonomy":"post_tag","embeddable":true,"href":"https:\/\/redenoticiaz.com.br\/litoralsp\/wp-json\/wp\/v2\/tags?post=88035"}],"curies":[{"name":"wp","href":"https:\/\/api.w.org\/{rel}","templated":true}]}}