{"id":88048,"date":"2022-07-13T12:16:59","date_gmt":"2022-07-13T15:16:59","guid":{"rendered":"https:\/\/redenoticiaz.com.br\/litoralsp\/2022\/07\/13\/video-voo-rumo-a-nova-york-faz-pouso-nao-programado-apos-passageiro-agredir-comissaria"},"modified":"2022-07-13T12:16:59","modified_gmt":"2022-07-13T15:16:59","slug":"video-voo-rumo-a-nova-york-faz-pouso-nao-programado-apos-passageiro-agredir-comissaria","status":"publish","type":"post","link":"https:\/\/redenoticiaz.com.br\/litoralsp\/2022\/07\/13\/video-voo-rumo-a-nova-york-faz-pouso-nao-programado-apos-passageiro-agredir-comissaria","title":{"rendered":"V\u00cdDEO &#8211; Voo rumo \u00e0 Nova York faz pouso n\u00e3o programado ap\u00f3s passageiro agredir comiss\u00e1ria"},"content":{"rendered":"<p>A aeronave da companhia Delta Air Lines, que saiu de S\u00e3o Paulo rumo \u00e0 Nova York, no Estados Unidos, fez um pouso n\u00e3o programado em Porto Rico. O motivo foi porque um <strong>passageiro brasileiro agrediu uma comiss\u00e1ria e tamb\u00e9m um outro passageiro<\/strong>. As agress\u00f5es aconteceram durante o voo na ter\u00e7a-feira (12).<\/p>\n<p>A companhia informa que a briga come\u00e7ou no meio da madrugada, pouco depois de o voo 472 decolar do <a href=\"https:\/\/www.gru.com.br\/pt\">Aeroporto de Guarulhos<\/a>. Um brasileiro que estava no avi\u00e3o, segundo outros passageiros, come\u00e7ou a agress\u00e3o. Ele foi imobilizado e, pelos alto-falantes, o comandante do voo anunciou que faria um pouso n\u00e3o programado por causa do ocorrido.<\/p>\n<p>O motivo da agress\u00e3o ainda est\u00e1 sendo apurado e dentro do avi\u00e3o haviam marcas de sangue. Em nota, a companhia informou que por causa da briga, a aeronave teve que fazer um pouso n\u00e3o programado em San Juan, no\u00a0Porto Rico. L\u00e1, o passageiro foi retirado e levado por policiais, e o voo ent\u00e3o continuou para o destino final, nos\u00a0Estados Unidos.<\/p>\n<h5>Veja o v\u00eddeo:<\/h5>\n<div style=\"width: 640px;\" class=\"wp-video\"><video class=\"wp-video-shortcode\" id=\"video-88048-1\" width=\"640\" height=\"352\" preload=\"metadata\" controls=\"controls\"><source type=\"video\/mp4\" src=\"https:\/\/redenoticiaz.com.br\/litoralsp\/wp-content\/uploads\/sites\/3\/2022\/07\/WhatsApp-Video-2022-07-13-at-07.46.35.mp4?_=1\" \/><a href=\"https:\/\/redenoticiaz.com.br\/litoralsp\/wp-content\/uploads\/sites\/3\/2022\/07\/WhatsApp-Video-2022-07-13-at-07.46.35.mp4\">https:\/\/redenoticiaz.com.br\/litoralsp\/wp-content\/uploads\/sites\/3\/2022\/07\/WhatsApp-Video-2022-07-13-at-07.46.35.mp4<\/a><\/video><\/div>\n<div class=\"mc-column content-text active-extra-styles \" data-block-type=\"unstyled\" data-block-weight=\"33\" data-block-id=\"10\">\n<p class=\"content-text__container \" data-track-category=\"Link no Texto\" data-track-links=\"\">&#8220;A Delta tem toler\u00e2ncia zero para comportamentos inadequados em nossos aeroportos e aeronaves, j\u00e1 que nada \u00e9 mais importante que a seguran\u00e7a de nossos clientes e pessoal&#8221;, frisou a companhia, em nota.<\/p>\n<\/div>\n<div data-track-category=\"multicontent\" data-track-action=\"ultimo chunk conteudo\" data-track-noninteraction=\"false\" data-track-scroll=\"view\">\n<div class=\"mc-column content-text active-extra-styles \" data-block-type=\"unstyled\" data-block-weight=\"26\" data-block-id=\"11\">\n<p class=\"content-text__container \" data-track-category=\"Link no Texto\" data-track-links=\"\">A companhia, o Itamaraty e o aeroporto de San Juan ainda n\u00e3o deram informa\u00e7\u00f5es sobre o paradeiro do brasileiro, que ficou detido no Porto Rico.<\/p>\n<p data-track-category=\"Link no Texto\" data-track-links=\"\"><strong>LEIA TAMB\u00c9M<\/strong><\/p>\n<p data-track-category=\"Link no Texto\" data-track-links=\"\"><a href=\"https:\/\/redenoticiaz.com.br\/blog\/2022\/07\/12\/brasil-passa-de-200-casos-da-variola-dos-macacos\">Brasil passa de 200 casos da var\u00edola dos macacos<\/a><\/p>\n<\/div>\n<\/div>\n","protected":false},"excerpt":{"rendered":"<p>A aeronave da companhia Delta Air Lines, que saiu de S\u00e3o Paulo rumo \u00e0 Nova York, no Estados Unidos, fez um pouso n\u00e3o programado em Porto Rico. O motivo foi porque um passageiro brasileiro agrediu uma comiss\u00e1ria e tamb\u00e9m um outro passageiro. As agress\u00f5es aconteceram durante o voo na ter\u00e7a-feira (12). A companhia informa que &hellip;<\/p>\n","protected":false},"author":6,"featured_media":88049,"comment_status":"open","ping_status":"closed","sticky":false,"template":"","format":"standard","meta":{"footnotes":""},"categories":[10],"tags":[1411,58036,4496,58037,58038,65],"class_list":["post-88048","post","type-post","status-publish","format-standard","has-post-thumbnail","hentry","category-policia","tag-aeroporto-de-guarulhos","tag-delta-air-lines","tag-nova-york","tag-passageiro-detido","tag-porto-rico","tag-sao-paulo"],"yoast_head":"<!-- This site is optimized with the Yoast SEO plugin v28.4 - https:\/\/yoast.com\/product\/yoast-seo-wordpress\/ -->\n<title>V\u00cdDEO &#8211; Voo rumo \u00e0 Nova York faz pouso n\u00e3o programado ap\u00f3s passageiro agredir comiss\u00e1ria - Litoral SP<\/title>\n<meta name=\"description\" content=\"A aeronave da companhia Delta Air Lines, que saiu de S\u00e3o Paulo rumo \u00e0 Nova York, no Estados Unidos, fez um pouso n\u00e3o programado em Porto Rico\" \/>\n<meta name=\"robots\" content=\"index, follow, max-snippet:-1, max-image-preview:large, max-video-preview:-1\" \/>\n<link rel=\"canonical\" href=\"https:\/\/redenoticiaz.com.br\/litoralsp\/2022\/07\/13\/video-voo-rumo-a-nova-york-faz-pouso-nao-programado-apos-passageiro-agredir-comissaria\" \/>\n<meta property=\"og:locale\" content=\"pt_BR\" \/>\n<meta property=\"og:type\" content=\"article\" \/>\n<meta property=\"og:title\" content=\"V\u00cdDEO &#8211; Voo rumo \u00e0 Nova York faz pouso n\u00e3o programado ap\u00f3s passageiro agredir comiss\u00e1ria - Litoral SP\" \/>\n<meta property=\"og:description\" content=\"A aeronave da companhia Delta Air Lines, que saiu de S\u00e3o Paulo rumo \u00e0 Nova York, no Estados Unidos, fez um pouso n\u00e3o programado em Porto Rico\" \/>\n<meta property=\"og:url\" content=\"https:\/\/redenoticiaz.com.br\/litoralsp\/2022\/07\/13\/video-voo-rumo-a-nova-york-faz-pouso-nao-programado-apos-passageiro-agredir-comissaria\" \/>\n<meta property=\"og:site_name\" content=\"Litoral SP\" \/>\n<meta property=\"article:published_time\" content=\"2022-07-13T15:16:59+00:00\" \/>\n<meta property=\"og:image\" content=\"https:\/\/redenoticiaz.com.br\/litoralsp\/wp-content\/uploads\/sites\/3\/2022\/07\/superlua-de-morango-sobre-o-templo-de-posseidon-proximo-a-atenas-na-grecia-1655296577157_v2_750x421.jpg?v=1657750826\" \/>\n\t<meta property=\"og:image:width\" content=\"750\" \/>\n\t<meta property=\"og:image:height\" content=\"421\" \/>\n\t<meta property=\"og:image:type\" content=\"image\/jpeg\" \/>\n<meta name=\"author\" content=\"Leonardo Francisco\" \/>\n<meta name=\"twitter:card\" content=\"summary_large_image\" \/>\n<meta name=\"twitter:label1\" content=\"Escrito por\" \/>\n\t<meta name=\"twitter:data1\" content=\"Leonardo Francisco\" \/>\n\t<meta name=\"twitter:label2\" content=\"Est. tempo de leitura\" \/>\n\t<meta name=\"twitter:data2\" content=\"2 minutos\" \/>\n<script type=\"application\/ld+json\" class=\"yoast-schema-graph\">{\"@context\":\"https:\\\/\\\/schema.org\",\"@graph\":[{\"@type\":\"Article\",\"@id\":\"https:\\\/\\\/redenoticiaz.com.br\\\/litoralsp\\\/2022\\\/07\\\/13\\\/video-voo-rumo-a-nova-york-faz-pouso-nao-programado-apos-passageiro-agredir-comissaria#article\",\"isPartOf\":{\"@id\":\"https:\\\/\\\/redenoticiaz.com.br\\\/litoralsp\\\/2022\\\/07\\\/13\\\/video-voo-rumo-a-nova-york-faz-pouso-nao-programado-apos-passageiro-agredir-comissaria\"},\"author\":{\"name\":\"Leonardo Francisco\",\"@id\":\"https:\\\/\\\/redenoticiaz.com.br\\\/litoralsp\\\/#\\\/schema\\\/person\\\/0f0b8a5bdafefe82841e07ae8d81ecb3\"},\"headline\":\"V\u00cdDEO &#8211; Voo rumo \u00e0 Nova York faz pouso n\u00e3o programado ap\u00f3s passageiro agredir comiss\u00e1ria\",\"datePublished\":\"2022-07-13T15:16:59+00:00\",\"mainEntityOfPage\":{\"@id\":\"https:\\\/\\\/redenoticiaz.com.br\\\/litoralsp\\\/2022\\\/07\\\/13\\\/video-voo-rumo-a-nova-york-faz-pouso-nao-programado-apos-passageiro-agredir-comissaria\"},\"wordCount\":291,\"commentCount\":0,\"publisher\":{\"@id\":\"https:\\\/\\\/redenoticiaz.com.br\\\/litoralsp\\\/#organization\"},\"image\":{\"@id\":\"https:\\\/\\\/redenoticiaz.com.br\\\/litoralsp\\\/2022\\\/07\\\/13\\\/video-voo-rumo-a-nova-york-faz-pouso-nao-programado-apos-passageiro-agredir-comissaria#primaryimage\"},\"thumbnailUrl\":\"https:\\\/\\\/redenoticiaz.com.br\\\/litoralsp\\\/wp-content\\\/uploads\\\/sites\\\/3\\\/2022\\\/07\\\/Brasileiro-agride-delta-comissaria-1024x683-1.jpg?v=1657725333\",\"keywords\":[\"AEROPORTO DE GUARULHOS\",\"DELTA AIR LINES\",\"NOVA YORK\",\"PASSAGEIRO DETIDO\",\"PORTO RICO\",\"S\u00e3o Paulo\"],\"articleSection\":[\"Pol\u00edcia\"],\"inLanguage\":\"pt-BR\",\"potentialAction\":[{\"@type\":\"CommentAction\",\"name\":\"Comment\",\"target\":[\"https:\\\/\\\/redenoticiaz.com.br\\\/litoralsp\\\/2022\\\/07\\\/13\\\/video-voo-rumo-a-nova-york-faz-pouso-nao-programado-apos-passageiro-agredir-comissaria#respond\"]}]},{\"@type\":\"WebPage\",\"@id\":\"https:\\\/\\\/redenoticiaz.com.br\\\/litoralsp\\\/2022\\\/07\\\/13\\\/video-voo-rumo-a-nova-york-faz-pouso-nao-programado-apos-passageiro-agredir-comissaria\",\"url\":\"https:\\\/\\\/redenoticiaz.com.br\\\/litoralsp\\\/2022\\\/07\\\/13\\\/video-voo-rumo-a-nova-york-faz-pouso-nao-programado-apos-passageiro-agredir-comissaria\",\"name\":\"V\u00cdDEO &#8211; Voo rumo \u00e0 Nova York faz pouso n\u00e3o programado ap\u00f3s passageiro agredir comiss\u00e1ria - Litoral SP\",\"isPartOf\":{\"@id\":\"https:\\\/\\\/redenoticiaz.com.br\\\/litoralsp\\\/#website\"},\"primaryImageOfPage\":{\"@id\":\"https:\\\/\\\/redenoticiaz.com.br\\\/litoralsp\\\/2022\\\/07\\\/13\\\/video-voo-rumo-a-nova-york-faz-pouso-nao-programado-apos-passageiro-agredir-comissaria#primaryimage\"},\"image\":{\"@id\":\"https:\\\/\\\/redenoticiaz.com.br\\\/litoralsp\\\/2022\\\/07\\\/13\\\/video-voo-rumo-a-nova-york-faz-pouso-nao-programado-apos-passageiro-agredir-comissaria#primaryimage\"},\"thumbnailUrl\":\"https:\\\/\\\/redenoticiaz.com.br\\\/litoralsp\\\/wp-content\\\/uploads\\\/sites\\\/3\\\/2022\\\/07\\\/Brasileiro-agride-delta-comissaria-1024x683-1.jpg?v=1657725333\",\"datePublished\":\"2022-07-13T15:16:59+00:00\",\"description\":\"A aeronave da companhia Delta Air Lines, que saiu de S\u00e3o Paulo rumo \u00e0 Nova York, no Estados Unidos, fez um pouso n\u00e3o programado em Porto Rico\",\"inLanguage\":\"pt-BR\",\"potentialAction\":[{\"@type\":\"ReadAction\",\"target\":[\"https:\\\/\\\/redenoticiaz.com.br\\\/litoralsp\\\/2022\\\/07\\\/13\\\/video-voo-rumo-a-nova-york-faz-pouso-nao-programado-apos-passageiro-agredir-comissaria\"]}]},{\"@type\":\"ImageObject\",\"inLanguage\":\"pt-BR\",\"@id\":\"https:\\\/\\\/redenoticiaz.com.br\\\/litoralsp\\\/2022\\\/07\\\/13\\\/video-voo-rumo-a-nova-york-faz-pouso-nao-programado-apos-passageiro-agredir-comissaria#primaryimage\",\"url\":\"https:\\\/\\\/redenoticiaz.com.br\\\/litoralsp\\\/wp-content\\\/uploads\\\/sites\\\/3\\\/2022\\\/07\\\/Brasileiro-agride-delta-comissaria-1024x683-1.jpg?v=1657725333\",\"contentUrl\":\"https:\\\/\\\/redenoticiaz.com.br\\\/litoralsp\\\/wp-content\\\/uploads\\\/sites\\\/3\\\/2022\\\/07\\\/Brasileiro-agride-delta-comissaria-1024x683-1.jpg?v=1657725333\",\"width\":1024,\"height\":683,\"caption\":\"Cr\u00e9ditos: Reprodu\u00e7\u00e3o\"},{\"@type\":\"WebSite\",\"@id\":\"https:\\\/\\\/redenoticiaz.com.br\\\/litoralsp\\\/#website\",\"url\":\"https:\\\/\\\/redenoticiaz.com.br\\\/litoralsp\\\/\",\"name\":\"Litoral SP\",\"description\":\"Rede NoticiaZ\",\"publisher\":{\"@id\":\"https:\\\/\\\/redenoticiaz.com.br\\\/litoralsp\\\/#organization\"},\"potentialAction\":[{\"@type\":\"SearchAction\",\"target\":{\"@type\":\"EntryPoint\",\"urlTemplate\":\"https:\\\/\\\/redenoticiaz.com.br\\\/litoralsp\\\/?s={search_term_string}\"},\"query-input\":{\"@type\":\"PropertyValueSpecification\",\"valueRequired\":true,\"valueName\":\"search_term_string\"}}],\"inLanguage\":\"pt-BR\"},{\"@type\":\"Organization\",\"@id\":\"https:\\\/\\\/redenoticiaz.com.br\\\/litoralsp\\\/#organization\",\"name\":\"Litoral SP\",\"url\":\"https:\\\/\\\/redenoticiaz.com.br\\\/litoralsp\\\/\",\"logo\":{\"@type\":\"ImageObject\",\"inLanguage\":\"pt-BR\",\"@id\":\"https:\\\/\\\/redenoticiaz.com.br\\\/litoralsp\\\/#\\\/schema\\\/logo\\\/image\\\/\",\"url\":\"https:\\\/\\\/redenoticiaz.com.br\\\/litoralsp\\\/wp-content\\\/uploads\\\/sites\\\/3\\\/2020\\\/11\\\/logo.jpg\",\"contentUrl\":\"https:\\\/\\\/redenoticiaz.com.br\\\/litoralsp\\\/wp-content\\\/uploads\\\/sites\\\/3\\\/2020\\\/11\\\/logo.jpg\",\"width\":400,\"height\":250,\"caption\":\"Litoral SP\"},\"image\":{\"@id\":\"https:\\\/\\\/redenoticiaz.com.br\\\/litoralsp\\\/#\\\/schema\\\/logo\\\/image\\\/\"}},{\"@type\":\"Person\",\"@id\":\"https:\\\/\\\/redenoticiaz.com.br\\\/litoralsp\\\/#\\\/schema\\\/person\\\/0f0b8a5bdafefe82841e07ae8d81ecb3\",\"name\":\"Leonardo Francisco\",\"image\":{\"@type\":\"ImageObject\",\"inLanguage\":\"pt-BR\",\"@id\":\"https:\\\/\\\/secure.gravatar.com\\\/avatar\\\/a7358cb406a99b682ec6df1e77e31ae82e63601f6784e8a3df411d72b37864da?s=96&d=mm&r=g\",\"url\":\"https:\\\/\\\/secure.gravatar.com\\\/avatar\\\/a7358cb406a99b682ec6df1e77e31ae82e63601f6784e8a3df411d72b37864da?s=96&d=mm&r=g\",\"contentUrl\":\"https:\\\/\\\/secure.gravatar.com\\\/avatar\\\/a7358cb406a99b682ec6df1e77e31ae82e63601f6784e8a3df411d72b37864da?s=96&d=mm&r=g\",\"caption\":\"Leonardo Francisco\"},\"url\":\"https:\\\/\\\/redenoticiaz.com.br\\\/litoralsp\\\/author\\\/leonardo-francisco\"}]}<\/script>\n<!-- \/ Yoast SEO plugin. -->","yoast_head_json":{"title":"V\u00cdDEO &#8211; Voo rumo \u00e0 Nova York faz pouso n\u00e3o programado ap\u00f3s passageiro agredir comiss\u00e1ria - Litoral SP","description":"A aeronave da companhia Delta Air Lines, que saiu de S\u00e3o Paulo rumo \u00e0 Nova York, no Estados Unidos, fez um pouso n\u00e3o programado em Porto Rico","robots":{"index":"index","follow":"follow","max-snippet":"max-snippet:-1","max-image-preview":"max-image-preview:large","max-video-preview":"max-video-preview:-1"},"canonical":"https:\/\/redenoticiaz.com.br\/litoralsp\/2022\/07\/13\/video-voo-rumo-a-nova-york-faz-pouso-nao-programado-apos-passageiro-agredir-comissaria","og_locale":"pt_BR","og_type":"article","og_title":"V\u00cdDEO &#8211; Voo rumo \u00e0 Nova York faz pouso n\u00e3o programado ap\u00f3s passageiro agredir comiss\u00e1ria - Litoral SP","og_description":"A aeronave da companhia Delta Air Lines, que saiu de S\u00e3o Paulo rumo \u00e0 Nova York, no Estados Unidos, fez um pouso n\u00e3o programado em Porto Rico","og_url":"https:\/\/redenoticiaz.com.br\/litoralsp\/2022\/07\/13\/video-voo-rumo-a-nova-york-faz-pouso-nao-programado-apos-passageiro-agredir-comissaria","og_site_name":"Litoral SP","article_published_time":"2022-07-13T15:16:59+00:00","og_image":[{"width":750,"height":421,"url":"https:\/\/redenoticiaz.com.br\/litoralsp\/wp-content\/uploads\/sites\/3\/2022\/07\/superlua-de-morango-sobre-o-templo-de-posseidon-proximo-a-atenas-na-grecia-1655296577157_v2_750x421.jpg?v=1657750826","type":"image\/jpeg"}],"author":"Leonardo Francisco","twitter_card":"summary_large_image","twitter_misc":{"Escrito por":"Leonardo Francisco","Est. tempo de leitura":"2 minutos"},"schema":{"@context":"https:\/\/schema.org","@graph":[{"@type":"Article","@id":"https:\/\/redenoticiaz.com.br\/litoralsp\/2022\/07\/13\/video-voo-rumo-a-nova-york-faz-pouso-nao-programado-apos-passageiro-agredir-comissaria#article","isPartOf":{"@id":"https:\/\/redenoticiaz.com.br\/litoralsp\/2022\/07\/13\/video-voo-rumo-a-nova-york-faz-pouso-nao-programado-apos-passageiro-agredir-comissaria"},"author":{"name":"Leonardo Francisco","@id":"https:\/\/redenoticiaz.com.br\/litoralsp\/#\/schema\/person\/0f0b8a5bdafefe82841e07ae8d81ecb3"},"headline":"V\u00cdDEO &#8211; Voo rumo \u00e0 Nova York faz pouso n\u00e3o programado ap\u00f3s passageiro agredir comiss\u00e1ria","datePublished":"2022-07-13T15:16:59+00:00","mainEntityOfPage":{"@id":"https:\/\/redenoticiaz.com.br\/litoralsp\/2022\/07\/13\/video-voo-rumo-a-nova-york-faz-pouso-nao-programado-apos-passageiro-agredir-comissaria"},"wordCount":291,"commentCount":0,"publisher":{"@id":"https:\/\/redenoticiaz.com.br\/litoralsp\/#organization"},"image":{"@id":"https:\/\/redenoticiaz.com.br\/litoralsp\/2022\/07\/13\/video-voo-rumo-a-nova-york-faz-pouso-nao-programado-apos-passageiro-agredir-comissaria#primaryimage"},"thumbnailUrl":"https:\/\/redenoticiaz.com.br\/litoralsp\/wp-content\/uploads\/sites\/3\/2022\/07\/Brasileiro-agride-delta-comissaria-1024x683-1.jpg?v=1657725333","keywords":["AEROPORTO DE GUARULHOS","DELTA AIR LINES","NOVA YORK","PASSAGEIRO DETIDO","PORTO RICO","S\u00e3o Paulo"],"articleSection":["Pol\u00edcia"],"inLanguage":"pt-BR","potentialAction":[{"@type":"CommentAction","name":"Comment","target":["https:\/\/redenoticiaz.com.br\/litoralsp\/2022\/07\/13\/video-voo-rumo-a-nova-york-faz-pouso-nao-programado-apos-passageiro-agredir-comissaria#respond"]}]},{"@type":"WebPage","@id":"https:\/\/redenoticiaz.com.br\/litoralsp\/2022\/07\/13\/video-voo-rumo-a-nova-york-faz-pouso-nao-programado-apos-passageiro-agredir-comissaria","url":"https:\/\/redenoticiaz.com.br\/litoralsp\/2022\/07\/13\/video-voo-rumo-a-nova-york-faz-pouso-nao-programado-apos-passageiro-agredir-comissaria","name":"V\u00cdDEO &#8211; Voo rumo \u00e0 Nova York faz pouso n\u00e3o programado ap\u00f3s passageiro agredir comiss\u00e1ria - Litoral SP","isPartOf":{"@id":"https:\/\/redenoticiaz.com.br\/litoralsp\/#website"},"primaryImageOfPage":{"@id":"https:\/\/redenoticiaz.com.br\/litoralsp\/2022\/07\/13\/video-voo-rumo-a-nova-york-faz-pouso-nao-programado-apos-passageiro-agredir-comissaria#primaryimage"},"image":{"@id":"https:\/\/redenoticiaz.com.br\/litoralsp\/2022\/07\/13\/video-voo-rumo-a-nova-york-faz-pouso-nao-programado-apos-passageiro-agredir-comissaria#primaryimage"},"thumbnailUrl":"https:\/\/redenoticiaz.com.br\/litoralsp\/wp-content\/uploads\/sites\/3\/2022\/07\/Brasileiro-agride-delta-comissaria-1024x683-1.jpg?v=1657725333","datePublished":"2022-07-13T15:16:59+00:00","description":"A aeronave da companhia Delta Air Lines, que saiu de S\u00e3o Paulo rumo \u00e0 Nova York, no Estados Unidos, fez um pouso n\u00e3o programado em Porto Rico","inLanguage":"pt-BR","potentialAction":[{"@type":"ReadAction","target":["https:\/\/redenoticiaz.com.br\/litoralsp\/2022\/07\/13\/video-voo-rumo-a-nova-york-faz-pouso-nao-programado-apos-passageiro-agredir-comissaria"]}]},{"@type":"ImageObject","inLanguage":"pt-BR","@id":"https:\/\/redenoticiaz.com.br\/litoralsp\/2022\/07\/13\/video-voo-rumo-a-nova-york-faz-pouso-nao-programado-apos-passageiro-agredir-comissaria#primaryimage","url":"https:\/\/redenoticiaz.com.br\/litoralsp\/wp-content\/uploads\/sites\/3\/2022\/07\/Brasileiro-agride-delta-comissaria-1024x683-1.jpg?v=1657725333","contentUrl":"https:\/\/redenoticiaz.com.br\/litoralsp\/wp-content\/uploads\/sites\/3\/2022\/07\/Brasileiro-agride-delta-comissaria-1024x683-1.jpg?v=1657725333","width":1024,"height":683,"caption":"Cr\u00e9ditos: Reprodu\u00e7\u00e3o"},{"@type":"WebSite","@id":"https:\/\/redenoticiaz.com.br\/litoralsp\/#website","url":"https:\/\/redenoticiaz.com.br\/litoralsp\/","name":"Litoral SP","description":"Rede NoticiaZ","publisher":{"@id":"https:\/\/redenoticiaz.com.br\/litoralsp\/#organization"},"potentialAction":[{"@type":"SearchAction","target":{"@type":"EntryPoint","urlTemplate":"https:\/\/redenoticiaz.com.br\/litoralsp\/?s={search_term_string}"},"query-input":{"@type":"PropertyValueSpecification","valueRequired":true,"valueName":"search_term_string"}}],"inLanguage":"pt-BR"},{"@type":"Organization","@id":"https:\/\/redenoticiaz.com.br\/litoralsp\/#organization","name":"Litoral SP","url":"https:\/\/redenoticiaz.com.br\/litoralsp\/","logo":{"@type":"ImageObject","inLanguage":"pt-BR","@id":"https:\/\/redenoticiaz.com.br\/litoralsp\/#\/schema\/logo\/image\/","url":"https:\/\/redenoticiaz.com.br\/litoralsp\/wp-content\/uploads\/sites\/3\/2020\/11\/logo.jpg","contentUrl":"https:\/\/redenoticiaz.com.br\/litoralsp\/wp-content\/uploads\/sites\/3\/2020\/11\/logo.jpg","width":400,"height":250,"caption":"Litoral SP"},"image":{"@id":"https:\/\/redenoticiaz.com.br\/litoralsp\/#\/schema\/logo\/image\/"}},{"@type":"Person","@id":"https:\/\/redenoticiaz.com.br\/litoralsp\/#\/schema\/person\/0f0b8a5bdafefe82841e07ae8d81ecb3","name":"Leonardo Francisco","image":{"@type":"ImageObject","inLanguage":"pt-BR","@id":"https:\/\/secure.gravatar.com\/avatar\/a7358cb406a99b682ec6df1e77e31ae82e63601f6784e8a3df411d72b37864da?s=96&d=mm&r=g","url":"https:\/\/secure.gravatar.com\/avatar\/a7358cb406a99b682ec6df1e77e31ae82e63601f6784e8a3df411d72b37864da?s=96&d=mm&r=g","contentUrl":"https:\/\/secure.gravatar.com\/avatar\/a7358cb406a99b682ec6df1e77e31ae82e63601f6784e8a3df411d72b37864da?s=96&d=mm&r=g","caption":"Leonardo Francisco"},"url":"https:\/\/redenoticiaz.com.br\/litoralsp\/author\/leonardo-francisco"}]}},"_links":{"self":[{"href":"https:\/\/redenoticiaz.com.br\/litoralsp\/wp-json\/wp\/v2\/posts\/88048","targetHints":{"allow":["GET"]}}],"collection":[{"href":"https:\/\/redenoticiaz.com.br\/litoralsp\/wp-json\/wp\/v2\/posts"}],"about":[{"href":"https:\/\/redenoticiaz.com.br\/litoralsp\/wp-json\/wp\/v2\/types\/post"}],"author":[{"embeddable":true,"href":"https:\/\/redenoticiaz.com.br\/litoralsp\/wp-json\/wp\/v2\/users\/6"}],"replies":[{"embeddable":true,"href":"https:\/\/redenoticiaz.com.br\/litoralsp\/wp-json\/wp\/v2\/comments?post=88048"}],"version-history":[{"count":1,"href":"https:\/\/redenoticiaz.com.br\/litoralsp\/wp-json\/wp\/v2\/posts\/88048\/revisions"}],"predecessor-version":[{"id":88051,"href":"https:\/\/redenoticiaz.com.br\/litoralsp\/wp-json\/wp\/v2\/posts\/88048\/revisions\/88051"}],"wp:featuredmedia":[{"embeddable":true,"href":"https:\/\/redenoticiaz.com.br\/litoralsp\/wp-json\/wp\/v2\/media\/88049"}],"wp:attachment":[{"href":"https:\/\/redenoticiaz.com.br\/litoralsp\/wp-json\/wp\/v2\/media?parent=88048"}],"wp:term":[{"taxonomy":"category","embeddable":true,"href":"https:\/\/redenoticiaz.com.br\/litoralsp\/wp-json\/wp\/v2\/categories?post=88048"},{"taxonomy":"post_tag","embeddable":true,"href":"https:\/\/redenoticiaz.com.br\/litoralsp\/wp-json\/wp\/v2\/tags?post=88048"}],"curies":[{"name":"wp","href":"https:\/\/api.w.org\/{rel}","templated":true}]}}