{"id":88056,"date":"2022-07-13T13:04:59","date_gmt":"2022-07-13T16:04:59","guid":{"rendered":"https:\/\/redenoticiaz.com.br\/litoralsp\/?p=88056"},"modified":"2022-07-13T13:04:59","modified_gmt":"2022-07-13T16:04:59","slug":"10a-edicao-do-arraial-gastronomico-do-projeto-buscape-sera-realizado-em-sao-sebastiao","status":"publish","type":"post","link":"https:\/\/redenoticiaz.com.br\/litoralsp\/2022\/07\/13\/10a-edicao-do-arraial-gastronomico-do-projeto-buscape-sera-realizado-em-sao-sebastiao","title":{"rendered":"10\u00aa edi\u00e7\u00e3o do Arraial Gastron\u00f4mico do Projeto Buscap\u00e9 ser\u00e1 realizado em S\u00e3o Sebasti\u00e3o"},"content":{"rendered":"<p>De 29 a 31 de julho, acontece o 10\u00ba Arraial Gastron\u00f4mico do Projeto Buscap\u00e9, no Campo de Futebol de Camburi, na Costa Sul do munic\u00edpio, sempre a partir das 19h.<\/p>\n<p>O evento, com curadoria do Chef Eudes Assis, \u00e9 um dos maiores encontros de gastronomia da regi\u00e3o, envolvendo dezenas de chefs com o mesmo prop\u00f3sito: angariar fundos para o Projeto Buscap\u00e9.<\/p>\n<p>O Projeto Buscap\u00e9, criado e coordenado pela Pol\u00edcia Militar, hoje sob o comando do Capit\u00e3o Fabr\u00edcio Ricardo Paluri Cunha, comandante da 1\u00aa Companhia do 20\u00ba Batalh\u00e3o da Pol\u00edcia Militar, existe desde 2009, contribuindo para a forma\u00e7\u00e3o de mais de 170 crian\u00e7as e jovens das escolas de bairros da Costa Sul do munic\u00edpio.<\/p>\n<p><img loading=\"lazy\" decoding=\"async\" class=\"aligncenter wp-image-88057 size-large\" src=\"https:\/\/redenoticiaz.com.br\/litoralsp\/wp-content\/uploads\/sites\/3\/2022\/07\/Arraial-724x1024.jpeg\" alt=\"10\u00aa edi\u00e7\u00e3o do Arraial Gastron\u00f4mico do Projeto Buscap\u00e9 ser\u00e1 realizado em S\u00e3o Sebasti\u00e3o\" width=\"724\" height=\"1024\" srcset=\"https:\/\/redenoticiaz.com.br\/litoralsp\/wp-content\/uploads\/sites\/3\/2022\/07\/Arraial-724x1024.jpeg 724w, https:\/\/redenoticiaz.com.br\/litoralsp\/wp-content\/uploads\/sites\/3\/2022\/07\/Arraial-212x300.jpeg 212w, https:\/\/redenoticiaz.com.br\/litoralsp\/wp-content\/uploads\/sites\/3\/2022\/07\/Arraial-768x1086.jpeg 768w, https:\/\/redenoticiaz.com.br\/litoralsp\/wp-content\/uploads\/sites\/3\/2022\/07\/Arraial.jpeg 764w\" sizes=\"auto, (max-width: 724px) 100vw, 724px\" \/><\/p>\n<p>Desde 2016, o Projeto Buscap\u00e9 tem sua sede pr\u00f3pria, que fica no bairro Boi\u00e7ucanga. A institui\u00e7\u00e3o \u00e9 uma associa\u00e7\u00e3o sem fins lucrativos que promove aulas culin\u00e1rias, esportivas e culturais para as crian\u00e7as.<\/p>\n<p>A \u00e1rea de gastronomia do Projeto \u00e9 coordenada por Eudes Assis, chef nascido na regi\u00e3o e que se tornou um grande incentivador da culin\u00e1ria cai\u00e7ara e da gastronomia brasileira, depois de formar seus conhecimentos de cozinha em viagens de estudos e trabalho por mais de 40 pa\u00edses, durante cinco anos.<\/p>\n<p>A festa integra o calend\u00e1rio oficial de eventos do mun\u00edcipio e dentre os chefs confirmados est\u00e3o grandes nomes como: Pier Paolo Picchi, Luiz Filipe Souza, T\u00e1ssia Magalh\u00e3es, Paulo Yoller, Carol Fiorentino, D\u00e1rio Costa e muitos outros. Al\u00e9m destes que v\u00e3o marcar presen\u00e7a, haver\u00e1 participa\u00e7\u00e3o do La Guapa de Paola Carosella, Hot Pork do casal Jefferson e Jana\u00edna Rueda e Cam\u00e9lia Ododo de Bela Gil.<\/p>\n<p>Ao total, mais de 80 chefs estar\u00e3o no evento, com quitutes elaborados e servidos pelos mesmos, por valores que variam de R$ 5 a R$ 20, enquanto tradicionais brincadeiras, como pescaria e boca do palha\u00e7o, saem por R$ 3.<\/p>\n<p>O objetivo deste ano \u00e9 tornar uma das cozinhas do pr\u00e9dio do Projeto aptas a oferecer caf\u00e9 da manh\u00e3, almo\u00e7o e lanche para todas as crian\u00e7as.]\n<p>Leia mais<\/p>\n<p><a href=\"https:\/\/redenoticiaz.com.br\/litoralsp\/2022\/07\/11\/sao-sebastiao-ocupa-a-43a-colocacao-no-ranking-paulista-de-geracao-de-emprego-e-renda\">S\u00e3o Sebasti\u00e3o ocupa a 43\u00aa coloca\u00e7\u00e3o no ranking paulista de gera\u00e7\u00e3o de emprego e renda<\/a><\/p>\n","protected":false},"excerpt":{"rendered":"<p>De 29 a 31 de julho, acontece o 10\u00ba Arraial Gastron\u00f4mico do Projeto Buscap\u00e9, no Campo de Futebol de Camburi, na Costa Sul do munic\u00edpio, sempre a partir das 19h. O evento, com curadoria do Chef Eudes Assis, \u00e9 um dos maiores encontros de gastronomia da regi\u00e3o, envolvendo dezenas de chefs com o mesmo prop\u00f3sito: &hellip;<\/p>\n","protected":false},"author":12,"featured_media":88058,"comment_status":"open","ping_status":"closed","sticky":false,"template":"","format":"standard","meta":{"footnotes":""},"categories":[188],"tags":[58039,58040,58041,20152,3707],"class_list":["post-88056","post","type-post","status-publish","format-standard","has-post-thumbnail","hentry","category-sao-sebastiao","tag-arraial-gastronomico","tag-campo-de-futebol-de-camburi","tag-chef-eudes-assis","tag-costa-sul","tag-sao-sebastiao"],"yoast_head":"<!-- This site is optimized with the Yoast SEO plugin v27.5 - https:\/\/yoast.com\/product\/yoast-seo-wordpress\/ -->\n<title>10\u00aa edi\u00e7\u00e3o do Arraial Gastron\u00f4mico do Projeto Buscap\u00e9 ser\u00e1 realizado em S\u00e3o Sebasti\u00e3o - Litoral SP<\/title>\n<meta name=\"description\" content=\"De 29 a 31 de julho, acontece o 10\u00ba Arraial Gastron\u00f4mico do Projeto Buscap\u00e9, no Campo de Futebol de Camburi, na Costa Sul do munic\u00edpio.\" \/>\n<meta name=\"robots\" content=\"index, follow, max-snippet:-1, max-image-preview:large, max-video-preview:-1\" \/>\n<link rel=\"canonical\" href=\"https:\/\/redenoticiaz.com.br\/litoralsp\/2022\/07\/13\/10a-edicao-do-arraial-gastronomico-do-projeto-buscape-sera-realizado-em-sao-sebastiao\" \/>\n<meta property=\"og:locale\" content=\"pt_BR\" \/>\n<meta property=\"og:type\" content=\"article\" \/>\n<meta property=\"og:title\" content=\"10\u00aa edi\u00e7\u00e3o do Arraial Gastron\u00f4mico do Projeto Buscap\u00e9 ser\u00e1 realizado em S\u00e3o Sebasti\u00e3o - Litoral SP\" \/>\n<meta property=\"og:description\" content=\"De 29 a 31 de julho, acontece o 10\u00ba Arraial Gastron\u00f4mico do Projeto Buscap\u00e9, no Campo de Futebol de Camburi, na Costa Sul do munic\u00edpio.\" \/>\n<meta property=\"og:url\" content=\"https:\/\/redenoticiaz.com.br\/litoralsp\/2022\/07\/13\/10a-edicao-do-arraial-gastronomico-do-projeto-buscape-sera-realizado-em-sao-sebastiao\" \/>\n<meta property=\"og:site_name\" content=\"Litoral SP\" \/>\n<meta property=\"article:published_time\" content=\"2022-07-13T16:04:59+00:00\" \/>\n<meta property=\"og:image\" content=\"https:\/\/redenoticiaz.com.br\/litoralsp\/wp-content\/uploads\/sites\/3\/2022\/07\/28-e1437658025934.jpg\" \/>\n\t<meta property=\"og:image:width\" content=\"765\" \/>\n\t<meta property=\"og:image:height\" content=\"580\" \/>\n\t<meta property=\"og:image:type\" content=\"image\/jpeg\" \/>\n<meta name=\"author\" content=\"Gustavo Silva\" \/>\n<meta name=\"twitter:card\" content=\"summary_large_image\" \/>\n<meta name=\"twitter:label1\" content=\"Escrito por\" \/>\n\t<meta name=\"twitter:data1\" content=\"Gustavo Silva\" \/>\n\t<meta name=\"twitter:label2\" content=\"Est. tempo de leitura\" \/>\n\t<meta name=\"twitter:data2\" content=\"3 minutos\" \/>\n<script type=\"application\/ld+json\" class=\"yoast-schema-graph\">{\"@context\":\"https:\\\/\\\/schema.org\",\"@graph\":[{\"@type\":\"Article\",\"@id\":\"https:\\\/\\\/redenoticiaz.com.br\\\/litoralsp\\\/2022\\\/07\\\/13\\\/10a-edicao-do-arraial-gastronomico-do-projeto-buscape-sera-realizado-em-sao-sebastiao#article\",\"isPartOf\":{\"@id\":\"https:\\\/\\\/redenoticiaz.com.br\\\/litoralsp\\\/2022\\\/07\\\/13\\\/10a-edicao-do-arraial-gastronomico-do-projeto-buscape-sera-realizado-em-sao-sebastiao\"},\"author\":{\"name\":\"Gustavo Silva\",\"@id\":\"https:\\\/\\\/redenoticiaz.com.br\\\/litoralsp\\\/#\\\/schema\\\/person\\\/16057b37a3c0ee6b096d7f887c566e2e\"},\"headline\":\"10\u00aa edi\u00e7\u00e3o do Arraial Gastron\u00f4mico do Projeto Buscap\u00e9 ser\u00e1 realizado em S\u00e3o Sebasti\u00e3o\",\"datePublished\":\"2022-07-13T16:04:59+00:00\",\"mainEntityOfPage\":{\"@id\":\"https:\\\/\\\/redenoticiaz.com.br\\\/litoralsp\\\/2022\\\/07\\\/13\\\/10a-edicao-do-arraial-gastronomico-do-projeto-buscape-sera-realizado-em-sao-sebastiao\"},\"wordCount\":382,\"commentCount\":0,\"publisher\":{\"@id\":\"https:\\\/\\\/redenoticiaz.com.br\\\/litoralsp\\\/#organization\"},\"image\":{\"@id\":\"https:\\\/\\\/redenoticiaz.com.br\\\/litoralsp\\\/2022\\\/07\\\/13\\\/10a-edicao-do-arraial-gastronomico-do-projeto-buscape-sera-realizado-em-sao-sebastiao#primaryimage\"},\"thumbnailUrl\":\"https:\\\/\\\/redenoticiaz.com.br\\\/litoralsp\\\/wp-content\\\/uploads\\\/sites\\\/3\\\/2022\\\/07\\\/28-e1437658025934.jpg\",\"keywords\":[\"Arraial Gastron\u00f4mico\",\"Campo de Futebol de Camburi\",\"Chef Eudes Assis\",\"COSTA SUL\",\"S\u00c3O SEBASTI\u00c3O\"],\"articleSection\":[\"S\u00e3o Sebasti\u00e3o\"],\"inLanguage\":\"pt-BR\",\"potentialAction\":[{\"@type\":\"CommentAction\",\"name\":\"Comment\",\"target\":[\"https:\\\/\\\/redenoticiaz.com.br\\\/litoralsp\\\/2022\\\/07\\\/13\\\/10a-edicao-do-arraial-gastronomico-do-projeto-buscape-sera-realizado-em-sao-sebastiao#respond\"]}]},{\"@type\":\"WebPage\",\"@id\":\"https:\\\/\\\/redenoticiaz.com.br\\\/litoralsp\\\/2022\\\/07\\\/13\\\/10a-edicao-do-arraial-gastronomico-do-projeto-buscape-sera-realizado-em-sao-sebastiao\",\"url\":\"https:\\\/\\\/redenoticiaz.com.br\\\/litoralsp\\\/2022\\\/07\\\/13\\\/10a-edicao-do-arraial-gastronomico-do-projeto-buscape-sera-realizado-em-sao-sebastiao\",\"name\":\"10\u00aa edi\u00e7\u00e3o do Arraial Gastron\u00f4mico do Projeto Buscap\u00e9 ser\u00e1 realizado em S\u00e3o Sebasti\u00e3o - Litoral SP\",\"isPartOf\":{\"@id\":\"https:\\\/\\\/redenoticiaz.com.br\\\/litoralsp\\\/#website\"},\"primaryImageOfPage\":{\"@id\":\"https:\\\/\\\/redenoticiaz.com.br\\\/litoralsp\\\/2022\\\/07\\\/13\\\/10a-edicao-do-arraial-gastronomico-do-projeto-buscape-sera-realizado-em-sao-sebastiao#primaryimage\"},\"image\":{\"@id\":\"https:\\\/\\\/redenoticiaz.com.br\\\/litoralsp\\\/2022\\\/07\\\/13\\\/10a-edicao-do-arraial-gastronomico-do-projeto-buscape-sera-realizado-em-sao-sebastiao#primaryimage\"},\"thumbnailUrl\":\"https:\\\/\\\/redenoticiaz.com.br\\\/litoralsp\\\/wp-content\\\/uploads\\\/sites\\\/3\\\/2022\\\/07\\\/28-e1437658025934.jpg\",\"datePublished\":\"2022-07-13T16:04:59+00:00\",\"description\":\"De 29 a 31 de julho, acontece o 10\u00ba Arraial Gastron\u00f4mico do Projeto Buscap\u00e9, no Campo de Futebol de Camburi, na Costa Sul do munic\u00edpio.\",\"inLanguage\":\"pt-BR\",\"potentialAction\":[{\"@type\":\"ReadAction\",\"target\":[\"https:\\\/\\\/redenoticiaz.com.br\\\/litoralsp\\\/2022\\\/07\\\/13\\\/10a-edicao-do-arraial-gastronomico-do-projeto-buscape-sera-realizado-em-sao-sebastiao\"]}]},{\"@type\":\"ImageObject\",\"inLanguage\":\"pt-BR\",\"@id\":\"https:\\\/\\\/redenoticiaz.com.br\\\/litoralsp\\\/2022\\\/07\\\/13\\\/10a-edicao-do-arraial-gastronomico-do-projeto-buscape-sera-realizado-em-sao-sebastiao#primaryimage\",\"url\":\"https:\\\/\\\/redenoticiaz.com.br\\\/litoralsp\\\/wp-content\\\/uploads\\\/sites\\\/3\\\/2022\\\/07\\\/28-e1437658025934.jpg\",\"contentUrl\":\"https:\\\/\\\/redenoticiaz.com.br\\\/litoralsp\\\/wp-content\\\/uploads\\\/sites\\\/3\\\/2022\\\/07\\\/28-e1437658025934.jpg\",\"width\":765,\"height\":580,\"caption\":\"10\u00aa edi\u00e7\u00e3o do Arraial Gastron\u00f4mico do Projeto Buscap\u00e9 ser\u00e1 realizado em S\u00e3o Sebasti\u00e3o\"},{\"@type\":\"WebSite\",\"@id\":\"https:\\\/\\\/redenoticiaz.com.br\\\/litoralsp\\\/#website\",\"url\":\"https:\\\/\\\/redenoticiaz.com.br\\\/litoralsp\\\/\",\"name\":\"Litoral SP\",\"description\":\"Rede NoticiaZ\",\"publisher\":{\"@id\":\"https:\\\/\\\/redenoticiaz.com.br\\\/litoralsp\\\/#organization\"},\"potentialAction\":[{\"@type\":\"SearchAction\",\"target\":{\"@type\":\"EntryPoint\",\"urlTemplate\":\"https:\\\/\\\/redenoticiaz.com.br\\\/litoralsp\\\/?s={search_term_string}\"},\"query-input\":{\"@type\":\"PropertyValueSpecification\",\"valueRequired\":true,\"valueName\":\"search_term_string\"}}],\"inLanguage\":\"pt-BR\"},{\"@type\":\"Organization\",\"@id\":\"https:\\\/\\\/redenoticiaz.com.br\\\/litoralsp\\\/#organization\",\"name\":\"Litoral SP\",\"url\":\"https:\\\/\\\/redenoticiaz.com.br\\\/litoralsp\\\/\",\"logo\":{\"@type\":\"ImageObject\",\"inLanguage\":\"pt-BR\",\"@id\":\"https:\\\/\\\/redenoticiaz.com.br\\\/litoralsp\\\/#\\\/schema\\\/logo\\\/image\\\/\",\"url\":\"https:\\\/\\\/redenoticiaz.com.br\\\/litoralsp\\\/wp-content\\\/uploads\\\/sites\\\/3\\\/2020\\\/11\\\/logo.jpg\",\"contentUrl\":\"https:\\\/\\\/redenoticiaz.com.br\\\/litoralsp\\\/wp-content\\\/uploads\\\/sites\\\/3\\\/2020\\\/11\\\/logo.jpg\",\"width\":400,\"height\":250,\"caption\":\"Litoral SP\"},\"image\":{\"@id\":\"https:\\\/\\\/redenoticiaz.com.br\\\/litoralsp\\\/#\\\/schema\\\/logo\\\/image\\\/\"}},{\"@type\":\"Person\",\"@id\":\"https:\\\/\\\/redenoticiaz.com.br\\\/litoralsp\\\/#\\\/schema\\\/person\\\/16057b37a3c0ee6b096d7f887c566e2e\",\"name\":\"Gustavo Silva\",\"image\":{\"@type\":\"ImageObject\",\"inLanguage\":\"pt-BR\",\"@id\":\"https:\\\/\\\/secure.gravatar.com\\\/avatar\\\/3ee4e82f93b26de0a7cf4ea5eb7893da637ed6bb0c9170c58065944c56e28a33?s=96&d=mm&r=g\",\"url\":\"https:\\\/\\\/secure.gravatar.com\\\/avatar\\\/3ee4e82f93b26de0a7cf4ea5eb7893da637ed6bb0c9170c58065944c56e28a33?s=96&d=mm&r=g\",\"contentUrl\":\"https:\\\/\\\/secure.gravatar.com\\\/avatar\\\/3ee4e82f93b26de0a7cf4ea5eb7893da637ed6bb0c9170c58065944c56e28a33?s=96&d=mm&r=g\",\"caption\":\"Gustavo Silva\"},\"url\":\"https:\\\/\\\/redenoticiaz.com.br\\\/litoralsp\\\/author\\\/gustavosilva\"}]}<\/script>\n<!-- \/ Yoast SEO plugin. -->","yoast_head_json":{"title":"10\u00aa edi\u00e7\u00e3o do Arraial Gastron\u00f4mico do Projeto Buscap\u00e9 ser\u00e1 realizado em S\u00e3o Sebasti\u00e3o - Litoral SP","description":"De 29 a 31 de julho, acontece o 10\u00ba Arraial Gastron\u00f4mico do Projeto Buscap\u00e9, no Campo de Futebol de Camburi, na Costa Sul do munic\u00edpio.","robots":{"index":"index","follow":"follow","max-snippet":"max-snippet:-1","max-image-preview":"max-image-preview:large","max-video-preview":"max-video-preview:-1"},"canonical":"https:\/\/redenoticiaz.com.br\/litoralsp\/2022\/07\/13\/10a-edicao-do-arraial-gastronomico-do-projeto-buscape-sera-realizado-em-sao-sebastiao","og_locale":"pt_BR","og_type":"article","og_title":"10\u00aa edi\u00e7\u00e3o do Arraial Gastron\u00f4mico do Projeto Buscap\u00e9 ser\u00e1 realizado em S\u00e3o Sebasti\u00e3o - Litoral SP","og_description":"De 29 a 31 de julho, acontece o 10\u00ba Arraial Gastron\u00f4mico do Projeto Buscap\u00e9, no Campo de Futebol de Camburi, na Costa Sul do munic\u00edpio.","og_url":"https:\/\/redenoticiaz.com.br\/litoralsp\/2022\/07\/13\/10a-edicao-do-arraial-gastronomico-do-projeto-buscape-sera-realizado-em-sao-sebastiao","og_site_name":"Litoral SP","article_published_time":"2022-07-13T16:04:59+00:00","og_image":[{"width":765,"height":580,"url":"https:\/\/redenoticiaz.com.br\/litoralsp\/wp-content\/uploads\/sites\/3\/2022\/07\/28-e1437658025934.jpg","type":"image\/jpeg"}],"author":"Gustavo Silva","twitter_card":"summary_large_image","twitter_misc":{"Escrito por":"Gustavo Silva","Est. tempo de leitura":"3 minutos"},"schema":{"@context":"https:\/\/schema.org","@graph":[{"@type":"Article","@id":"https:\/\/redenoticiaz.com.br\/litoralsp\/2022\/07\/13\/10a-edicao-do-arraial-gastronomico-do-projeto-buscape-sera-realizado-em-sao-sebastiao#article","isPartOf":{"@id":"https:\/\/redenoticiaz.com.br\/litoralsp\/2022\/07\/13\/10a-edicao-do-arraial-gastronomico-do-projeto-buscape-sera-realizado-em-sao-sebastiao"},"author":{"name":"Gustavo Silva","@id":"https:\/\/redenoticiaz.com.br\/litoralsp\/#\/schema\/person\/16057b37a3c0ee6b096d7f887c566e2e"},"headline":"10\u00aa edi\u00e7\u00e3o do Arraial Gastron\u00f4mico do Projeto Buscap\u00e9 ser\u00e1 realizado em S\u00e3o Sebasti\u00e3o","datePublished":"2022-07-13T16:04:59+00:00","mainEntityOfPage":{"@id":"https:\/\/redenoticiaz.com.br\/litoralsp\/2022\/07\/13\/10a-edicao-do-arraial-gastronomico-do-projeto-buscape-sera-realizado-em-sao-sebastiao"},"wordCount":382,"commentCount":0,"publisher":{"@id":"https:\/\/redenoticiaz.com.br\/litoralsp\/#organization"},"image":{"@id":"https:\/\/redenoticiaz.com.br\/litoralsp\/2022\/07\/13\/10a-edicao-do-arraial-gastronomico-do-projeto-buscape-sera-realizado-em-sao-sebastiao#primaryimage"},"thumbnailUrl":"https:\/\/redenoticiaz.com.br\/litoralsp\/wp-content\/uploads\/sites\/3\/2022\/07\/28-e1437658025934.jpg","keywords":["Arraial Gastron\u00f4mico","Campo de Futebol de Camburi","Chef Eudes Assis","COSTA SUL","S\u00c3O SEBASTI\u00c3O"],"articleSection":["S\u00e3o Sebasti\u00e3o"],"inLanguage":"pt-BR","potentialAction":[{"@type":"CommentAction","name":"Comment","target":["https:\/\/redenoticiaz.com.br\/litoralsp\/2022\/07\/13\/10a-edicao-do-arraial-gastronomico-do-projeto-buscape-sera-realizado-em-sao-sebastiao#respond"]}]},{"@type":"WebPage","@id":"https:\/\/redenoticiaz.com.br\/litoralsp\/2022\/07\/13\/10a-edicao-do-arraial-gastronomico-do-projeto-buscape-sera-realizado-em-sao-sebastiao","url":"https:\/\/redenoticiaz.com.br\/litoralsp\/2022\/07\/13\/10a-edicao-do-arraial-gastronomico-do-projeto-buscape-sera-realizado-em-sao-sebastiao","name":"10\u00aa edi\u00e7\u00e3o do Arraial Gastron\u00f4mico do Projeto Buscap\u00e9 ser\u00e1 realizado em S\u00e3o Sebasti\u00e3o - Litoral SP","isPartOf":{"@id":"https:\/\/redenoticiaz.com.br\/litoralsp\/#website"},"primaryImageOfPage":{"@id":"https:\/\/redenoticiaz.com.br\/litoralsp\/2022\/07\/13\/10a-edicao-do-arraial-gastronomico-do-projeto-buscape-sera-realizado-em-sao-sebastiao#primaryimage"},"image":{"@id":"https:\/\/redenoticiaz.com.br\/litoralsp\/2022\/07\/13\/10a-edicao-do-arraial-gastronomico-do-projeto-buscape-sera-realizado-em-sao-sebastiao#primaryimage"},"thumbnailUrl":"https:\/\/redenoticiaz.com.br\/litoralsp\/wp-content\/uploads\/sites\/3\/2022\/07\/28-e1437658025934.jpg","datePublished":"2022-07-13T16:04:59+00:00","description":"De 29 a 31 de julho, acontece o 10\u00ba Arraial Gastron\u00f4mico do Projeto Buscap\u00e9, no Campo de Futebol de Camburi, na Costa Sul do munic\u00edpio.","inLanguage":"pt-BR","potentialAction":[{"@type":"ReadAction","target":["https:\/\/redenoticiaz.com.br\/litoralsp\/2022\/07\/13\/10a-edicao-do-arraial-gastronomico-do-projeto-buscape-sera-realizado-em-sao-sebastiao"]}]},{"@type":"ImageObject","inLanguage":"pt-BR","@id":"https:\/\/redenoticiaz.com.br\/litoralsp\/2022\/07\/13\/10a-edicao-do-arraial-gastronomico-do-projeto-buscape-sera-realizado-em-sao-sebastiao#primaryimage","url":"https:\/\/redenoticiaz.com.br\/litoralsp\/wp-content\/uploads\/sites\/3\/2022\/07\/28-e1437658025934.jpg","contentUrl":"https:\/\/redenoticiaz.com.br\/litoralsp\/wp-content\/uploads\/sites\/3\/2022\/07\/28-e1437658025934.jpg","width":765,"height":580,"caption":"10\u00aa edi\u00e7\u00e3o do Arraial Gastron\u00f4mico do Projeto Buscap\u00e9 ser\u00e1 realizado em S\u00e3o Sebasti\u00e3o"},{"@type":"WebSite","@id":"https:\/\/redenoticiaz.com.br\/litoralsp\/#website","url":"https:\/\/redenoticiaz.com.br\/litoralsp\/","name":"Litoral SP","description":"Rede NoticiaZ","publisher":{"@id":"https:\/\/redenoticiaz.com.br\/litoralsp\/#organization"},"potentialAction":[{"@type":"SearchAction","target":{"@type":"EntryPoint","urlTemplate":"https:\/\/redenoticiaz.com.br\/litoralsp\/?s={search_term_string}"},"query-input":{"@type":"PropertyValueSpecification","valueRequired":true,"valueName":"search_term_string"}}],"inLanguage":"pt-BR"},{"@type":"Organization","@id":"https:\/\/redenoticiaz.com.br\/litoralsp\/#organization","name":"Litoral SP","url":"https:\/\/redenoticiaz.com.br\/litoralsp\/","logo":{"@type":"ImageObject","inLanguage":"pt-BR","@id":"https:\/\/redenoticiaz.com.br\/litoralsp\/#\/schema\/logo\/image\/","url":"https:\/\/redenoticiaz.com.br\/litoralsp\/wp-content\/uploads\/sites\/3\/2020\/11\/logo.jpg","contentUrl":"https:\/\/redenoticiaz.com.br\/litoralsp\/wp-content\/uploads\/sites\/3\/2020\/11\/logo.jpg","width":400,"height":250,"caption":"Litoral SP"},"image":{"@id":"https:\/\/redenoticiaz.com.br\/litoralsp\/#\/schema\/logo\/image\/"}},{"@type":"Person","@id":"https:\/\/redenoticiaz.com.br\/litoralsp\/#\/schema\/person\/16057b37a3c0ee6b096d7f887c566e2e","name":"Gustavo Silva","image":{"@type":"ImageObject","inLanguage":"pt-BR","@id":"https:\/\/secure.gravatar.com\/avatar\/3ee4e82f93b26de0a7cf4ea5eb7893da637ed6bb0c9170c58065944c56e28a33?s=96&d=mm&r=g","url":"https:\/\/secure.gravatar.com\/avatar\/3ee4e82f93b26de0a7cf4ea5eb7893da637ed6bb0c9170c58065944c56e28a33?s=96&d=mm&r=g","contentUrl":"https:\/\/secure.gravatar.com\/avatar\/3ee4e82f93b26de0a7cf4ea5eb7893da637ed6bb0c9170c58065944c56e28a33?s=96&d=mm&r=g","caption":"Gustavo Silva"},"url":"https:\/\/redenoticiaz.com.br\/litoralsp\/author\/gustavosilva"}]}},"_links":{"self":[{"href":"https:\/\/redenoticiaz.com.br\/litoralsp\/wp-json\/wp\/v2\/posts\/88056","targetHints":{"allow":["GET"]}}],"collection":[{"href":"https:\/\/redenoticiaz.com.br\/litoralsp\/wp-json\/wp\/v2\/posts"}],"about":[{"href":"https:\/\/redenoticiaz.com.br\/litoralsp\/wp-json\/wp\/v2\/types\/post"}],"author":[{"embeddable":true,"href":"https:\/\/redenoticiaz.com.br\/litoralsp\/wp-json\/wp\/v2\/users\/12"}],"replies":[{"embeddable":true,"href":"https:\/\/redenoticiaz.com.br\/litoralsp\/wp-json\/wp\/v2\/comments?post=88056"}],"version-history":[{"count":1,"href":"https:\/\/redenoticiaz.com.br\/litoralsp\/wp-json\/wp\/v2\/posts\/88056\/revisions"}],"predecessor-version":[{"id":88059,"href":"https:\/\/redenoticiaz.com.br\/litoralsp\/wp-json\/wp\/v2\/posts\/88056\/revisions\/88059"}],"wp:featuredmedia":[{"embeddable":true,"href":"https:\/\/redenoticiaz.com.br\/litoralsp\/wp-json\/wp\/v2\/media\/88058"}],"wp:attachment":[{"href":"https:\/\/redenoticiaz.com.br\/litoralsp\/wp-json\/wp\/v2\/media?parent=88056"}],"wp:term":[{"taxonomy":"category","embeddable":true,"href":"https:\/\/redenoticiaz.com.br\/litoralsp\/wp-json\/wp\/v2\/categories?post=88056"},{"taxonomy":"post_tag","embeddable":true,"href":"https:\/\/redenoticiaz.com.br\/litoralsp\/wp-json\/wp\/v2\/tags?post=88056"}],"curies":[{"name":"wp","href":"https:\/\/api.w.org\/{rel}","templated":true}]}}