{"id":88286,"date":"2022-07-16T11:36:53","date_gmt":"2022-07-16T14:36:53","guid":{"rendered":"https:\/\/redenoticiaz.com.br\/litoralsp\/?p=88286"},"modified":"2022-07-16T11:36:53","modified_gmt":"2022-07-16T14:36:53","slug":"mascaras-de-protecao-nao-sao-mais-necessarias-em-espacos-fechados-de-registro","status":"publish","type":"post","link":"https:\/\/redenoticiaz.com.br\/litoralsp\/2022\/07\/16\/mascaras-de-protecao-nao-sao-mais-necessarias-em-espacos-fechados-de-registro","title":{"rendered":"M\u00e1scaras de prote\u00e7\u00e3o n\u00e3o s\u00e3o mais necess\u00e1rias em espa\u00e7os fechados de Registro"},"content":{"rendered":"<p>A popula\u00e7\u00e3o pode frequentar os ambientes fechados de <a href=\"https:\/\/registro.sp.gov.br\/\">Registro<\/a> <strong>sem a obrigatoriedade do uso da m\u00e1scara de prote\u00e7\u00e3o contra a Covid-19.<\/strong> O uso passa a ser alternativo e a libera\u00e7\u00e3o come\u00e7ou a valer desde a sexta-feira (15).<\/p>\n<p>De acordo com o decreto 3.387, de quinta-feira (14), pelo prefeito Nilton Hirota, a medida foi tomada devido \u00e0 &#8220;grande e not\u00f3ria colabora\u00e7\u00e3o de todos pela melhoria significativa dos n\u00fameros e dos \u00edndices de vacina\u00e7\u00e3o&#8221;.<\/p>\n<div class=\"mc-column content-text active-extra-styles \" data-block-type=\"unstyled\" data-block-weight=\"47\" data-block-id=\"4\">\n<p class=\"content-text__container \" data-track-category=\"Link no Texto\" data-track-links=\"\">Segundo o decreto, fica dispensada a obrigatoriedade de uso de m\u00e1scara ou cobertura facial no munic\u00edpio de Registro. Contudo, nos locais destinados \u00e0 presta\u00e7\u00e3o de servi\u00e7os de sa\u00fade\u00a0e nos\u00a0meios de transporte coletivo de passageiros e respectivos locais de acesso, embarque e desembarque, permanece obrigat\u00f3ria.<\/p>\n<p data-track-category=\"Link no Texto\" data-track-links=\"\">A cidade apresentou uma boa melhora e diminui\u00e7\u00e3o no n\u00famero de casos e mortes. Mas embora a lei flexibilize o uso de m\u00e1scaras, a prefeitura recomenda que se utilize a prote\u00e7\u00e3o de cobertura facial para que munic\u00edpio de Registro mantenha os \u00edndices de controle da dissemina\u00e7\u00e3o da Covid-19 e a garantia do adequado funcionamento dos servi\u00e7os de sa\u00fade.<\/p>\n<p data-track-category=\"Link no Texto\" data-track-links=\"\"><strong>LEIA TAMB\u00c9M<\/strong><\/p>\n<p data-track-category=\"Link no Texto\" data-track-links=\"\"><a href=\"https:\/\/redenoticiaz.com.br\/litoralsp\/2022\/07\/15\/vacina-da-coronavac-para-criancas-de-3-a-5-anos-e-recomendada-pelo-ministerio-da-saude\">Vacina da CoronaVac para crian\u00e7as de 3 a 5 anos \u00e9 recomendada pelo Minist\u00e9rio da Sa\u00fade<\/a><\/p>\n<\/div>\n","protected":false},"excerpt":{"rendered":"<p>A popula\u00e7\u00e3o pode frequentar os ambientes fechados de Registro sem a obrigatoriedade do uso da m\u00e1scara de prote\u00e7\u00e3o contra a Covid-19. O uso passa a ser alternativo e a libera\u00e7\u00e3o come\u00e7ou a valer desde a sexta-feira (15). De acordo com o decreto 3.387, de quinta-feira (14), pelo prefeito Nilton Hirota, a medida foi tomada devido &hellip;<\/p>\n","protected":false},"author":6,"featured_media":24575,"comment_status":"open","ping_status":"closed","sticky":false,"template":"","format":"standard","meta":{"footnotes":""},"categories":[41091,23],"tags":[45205,58151,6733,96,18564],"class_list":["post-88286","post","type-post","status-publish","format-standard","has-post-thumbnail","hentry","category-registro","category-saude","tag-ambientes-fechados","tag-fim-da-obrigatoriedade","tag-registro","tag-saude","tag-uso-da-mascara"],"yoast_head":"<!-- This site is optimized with the Yoast SEO plugin v27.5 - https:\/\/yoast.com\/product\/yoast-seo-wordpress\/ -->\n<title>M\u00e1scaras de prote\u00e7\u00e3o n\u00e3o s\u00e3o mais necess\u00e1rias em espa\u00e7os fechados de Registro - Litoral SP<\/title>\n<meta name=\"description\" content=\"popula\u00e7\u00e3o pode frequentar os ambientes fechados de Registro sem a obrigatoriedade do uso da m\u00e1scara de prote\u00e7\u00e3o contra a Covid-19. O uso\" \/>\n<meta name=\"robots\" content=\"index, follow, max-snippet:-1, max-image-preview:large, max-video-preview:-1\" \/>\n<link rel=\"canonical\" href=\"https:\/\/redenoticiaz.com.br\/litoralsp\/2022\/07\/16\/mascaras-de-protecao-nao-sao-mais-necessarias-em-espacos-fechados-de-registro\" \/>\n<meta property=\"og:locale\" content=\"pt_BR\" \/>\n<meta property=\"og:type\" content=\"article\" \/>\n<meta property=\"og:title\" content=\"M\u00e1scaras de prote\u00e7\u00e3o n\u00e3o s\u00e3o mais necess\u00e1rias em espa\u00e7os fechados de Registro - Litoral SP\" \/>\n<meta property=\"og:description\" content=\"popula\u00e7\u00e3o pode frequentar os ambientes fechados de Registro sem a obrigatoriedade do uso da m\u00e1scara de prote\u00e7\u00e3o contra a Covid-19. O uso\" \/>\n<meta property=\"og:url\" content=\"https:\/\/redenoticiaz.com.br\/litoralsp\/2022\/07\/16\/mascaras-de-protecao-nao-sao-mais-necessarias-em-espacos-fechados-de-registro\" \/>\n<meta property=\"og:site_name\" content=\"Litoral SP\" \/>\n<meta property=\"article:published_time\" content=\"2022-07-16T14:36:53+00:00\" \/>\n<meta property=\"og:image\" content=\"https:\/\/redenoticiaz.com.br\/litoralsp\/wp-content\/uploads\/sites\/3\/2022\/03\/prefeitura-de-divinopolis-torna-opcional-o-uso-de-mascara-de-protecao-facial-em-ambientes-abertos_332022219250.jpg?v=1646785194\" \/>\n\t<meta property=\"og:image:width\" content=\"1024\" \/>\n\t<meta property=\"og:image:height\" content=\"640\" \/>\n\t<meta property=\"og:image:type\" content=\"image\/jpeg\" \/>\n<meta name=\"author\" content=\"Leonardo Francisco\" \/>\n<meta name=\"twitter:card\" content=\"summary_large_image\" \/>\n<meta name=\"twitter:label1\" content=\"Escrito por\" \/>\n\t<meta name=\"twitter:data1\" content=\"Leonardo Francisco\" \/>\n\t<meta name=\"twitter:label2\" content=\"Est. tempo de leitura\" \/>\n\t<meta name=\"twitter:data2\" content=\"2 minutos\" \/>\n<script type=\"application\/ld+json\" class=\"yoast-schema-graph\">{\"@context\":\"https:\\\/\\\/schema.org\",\"@graph\":[{\"@type\":\"Article\",\"@id\":\"https:\\\/\\\/redenoticiaz.com.br\\\/litoralsp\\\/2022\\\/07\\\/16\\\/mascaras-de-protecao-nao-sao-mais-necessarias-em-espacos-fechados-de-registro#article\",\"isPartOf\":{\"@id\":\"https:\\\/\\\/redenoticiaz.com.br\\\/litoralsp\\\/2022\\\/07\\\/16\\\/mascaras-de-protecao-nao-sao-mais-necessarias-em-espacos-fechados-de-registro\"},\"author\":{\"name\":\"Leonardo Francisco\",\"@id\":\"https:\\\/\\\/redenoticiaz.com.br\\\/litoralsp\\\/#\\\/schema\\\/person\\\/0f0b8a5bdafefe82841e07ae8d81ecb3\"},\"headline\":\"M\u00e1scaras de prote\u00e7\u00e3o n\u00e3o s\u00e3o mais necess\u00e1rias em espa\u00e7os fechados de Registro\",\"datePublished\":\"2022-07-16T14:36:53+00:00\",\"mainEntityOfPage\":{\"@id\":\"https:\\\/\\\/redenoticiaz.com.br\\\/litoralsp\\\/2022\\\/07\\\/16\\\/mascaras-de-protecao-nao-sao-mais-necessarias-em-espacos-fechados-de-registro\"},\"wordCount\":231,\"commentCount\":0,\"publisher\":{\"@id\":\"https:\\\/\\\/redenoticiaz.com.br\\\/litoralsp\\\/#organization\"},\"image\":{\"@id\":\"https:\\\/\\\/redenoticiaz.com.br\\\/litoralsp\\\/2022\\\/07\\\/16\\\/mascaras-de-protecao-nao-sao-mais-necessarias-em-espacos-fechados-de-registro#primaryimage\"},\"thumbnailUrl\":\"https:\\\/\\\/redenoticiaz.com.br\\\/litoralsp\\\/wp-content\\\/uploads\\\/sites\\\/3\\\/2022\\\/03\\\/prefeitura-de-divinopolis-torna-opcional-o-uso-de-mascara-de-protecao-facial-em-ambientes-abertos_332022219250.jpg?v=1646785194\",\"keywords\":[\"AMBIENTES FECHADOS\",\"FIM DA OBRIGATORIEDADE\",\"REGISTRO\",\"saude\",\"USO DA M\u00c1SCARA\"],\"articleSection\":[\"Registro\",\"Sa\u00fade\"],\"inLanguage\":\"pt-BR\",\"potentialAction\":[{\"@type\":\"CommentAction\",\"name\":\"Comment\",\"target\":[\"https:\\\/\\\/redenoticiaz.com.br\\\/litoralsp\\\/2022\\\/07\\\/16\\\/mascaras-de-protecao-nao-sao-mais-necessarias-em-espacos-fechados-de-registro#respond\"]}]},{\"@type\":\"WebPage\",\"@id\":\"https:\\\/\\\/redenoticiaz.com.br\\\/litoralsp\\\/2022\\\/07\\\/16\\\/mascaras-de-protecao-nao-sao-mais-necessarias-em-espacos-fechados-de-registro\",\"url\":\"https:\\\/\\\/redenoticiaz.com.br\\\/litoralsp\\\/2022\\\/07\\\/16\\\/mascaras-de-protecao-nao-sao-mais-necessarias-em-espacos-fechados-de-registro\",\"name\":\"M\u00e1scaras de prote\u00e7\u00e3o n\u00e3o s\u00e3o mais necess\u00e1rias em espa\u00e7os fechados de Registro - Litoral SP\",\"isPartOf\":{\"@id\":\"https:\\\/\\\/redenoticiaz.com.br\\\/litoralsp\\\/#website\"},\"primaryImageOfPage\":{\"@id\":\"https:\\\/\\\/redenoticiaz.com.br\\\/litoralsp\\\/2022\\\/07\\\/16\\\/mascaras-de-protecao-nao-sao-mais-necessarias-em-espacos-fechados-de-registro#primaryimage\"},\"image\":{\"@id\":\"https:\\\/\\\/redenoticiaz.com.br\\\/litoralsp\\\/2022\\\/07\\\/16\\\/mascaras-de-protecao-nao-sao-mais-necessarias-em-espacos-fechados-de-registro#primaryimage\"},\"thumbnailUrl\":\"https:\\\/\\\/redenoticiaz.com.br\\\/litoralsp\\\/wp-content\\\/uploads\\\/sites\\\/3\\\/2022\\\/03\\\/prefeitura-de-divinopolis-torna-opcional-o-uso-de-mascara-de-protecao-facial-em-ambientes-abertos_332022219250.jpg?v=1646785194\",\"datePublished\":\"2022-07-16T14:36:53+00:00\",\"description\":\"popula\u00e7\u00e3o pode frequentar os ambientes fechados de Registro sem a obrigatoriedade do uso da m\u00e1scara de prote\u00e7\u00e3o contra a Covid-19. O uso\",\"inLanguage\":\"pt-BR\",\"potentialAction\":[{\"@type\":\"ReadAction\",\"target\":[\"https:\\\/\\\/redenoticiaz.com.br\\\/litoralsp\\\/2022\\\/07\\\/16\\\/mascaras-de-protecao-nao-sao-mais-necessarias-em-espacos-fechados-de-registro\"]}]},{\"@type\":\"ImageObject\",\"inLanguage\":\"pt-BR\",\"@id\":\"https:\\\/\\\/redenoticiaz.com.br\\\/litoralsp\\\/2022\\\/07\\\/16\\\/mascaras-de-protecao-nao-sao-mais-necessarias-em-espacos-fechados-de-registro#primaryimage\",\"url\":\"https:\\\/\\\/redenoticiaz.com.br\\\/litoralsp\\\/wp-content\\\/uploads\\\/sites\\\/3\\\/2022\\\/03\\\/prefeitura-de-divinopolis-torna-opcional-o-uso-de-mascara-de-protecao-facial-em-ambientes-abertos_332022219250.jpg?v=1646785194\",\"contentUrl\":\"https:\\\/\\\/redenoticiaz.com.br\\\/litoralsp\\\/wp-content\\\/uploads\\\/sites\\\/3\\\/2022\\\/03\\\/prefeitura-de-divinopolis-torna-opcional-o-uso-de-mascara-de-protecao-facial-em-ambientes-abertos_332022219250.jpg?v=1646785194\",\"width\":1024,\"height\":640,\"caption\":\"Cr\u00e9ditos: Reprodu\u00e7\u00e3o.\"},{\"@type\":\"WebSite\",\"@id\":\"https:\\\/\\\/redenoticiaz.com.br\\\/litoralsp\\\/#website\",\"url\":\"https:\\\/\\\/redenoticiaz.com.br\\\/litoralsp\\\/\",\"name\":\"Litoral SP\",\"description\":\"Rede NoticiaZ\",\"publisher\":{\"@id\":\"https:\\\/\\\/redenoticiaz.com.br\\\/litoralsp\\\/#organization\"},\"potentialAction\":[{\"@type\":\"SearchAction\",\"target\":{\"@type\":\"EntryPoint\",\"urlTemplate\":\"https:\\\/\\\/redenoticiaz.com.br\\\/litoralsp\\\/?s={search_term_string}\"},\"query-input\":{\"@type\":\"PropertyValueSpecification\",\"valueRequired\":true,\"valueName\":\"search_term_string\"}}],\"inLanguage\":\"pt-BR\"},{\"@type\":\"Organization\",\"@id\":\"https:\\\/\\\/redenoticiaz.com.br\\\/litoralsp\\\/#organization\",\"name\":\"Litoral SP\",\"url\":\"https:\\\/\\\/redenoticiaz.com.br\\\/litoralsp\\\/\",\"logo\":{\"@type\":\"ImageObject\",\"inLanguage\":\"pt-BR\",\"@id\":\"https:\\\/\\\/redenoticiaz.com.br\\\/litoralsp\\\/#\\\/schema\\\/logo\\\/image\\\/\",\"url\":\"https:\\\/\\\/redenoticiaz.com.br\\\/litoralsp\\\/wp-content\\\/uploads\\\/sites\\\/3\\\/2020\\\/11\\\/logo.jpg\",\"contentUrl\":\"https:\\\/\\\/redenoticiaz.com.br\\\/litoralsp\\\/wp-content\\\/uploads\\\/sites\\\/3\\\/2020\\\/11\\\/logo.jpg\",\"width\":400,\"height\":250,\"caption\":\"Litoral SP\"},\"image\":{\"@id\":\"https:\\\/\\\/redenoticiaz.com.br\\\/litoralsp\\\/#\\\/schema\\\/logo\\\/image\\\/\"}},{\"@type\":\"Person\",\"@id\":\"https:\\\/\\\/redenoticiaz.com.br\\\/litoralsp\\\/#\\\/schema\\\/person\\\/0f0b8a5bdafefe82841e07ae8d81ecb3\",\"name\":\"Leonardo Francisco\",\"image\":{\"@type\":\"ImageObject\",\"inLanguage\":\"pt-BR\",\"@id\":\"https:\\\/\\\/secure.gravatar.com\\\/avatar\\\/a7358cb406a99b682ec6df1e77e31ae82e63601f6784e8a3df411d72b37864da?s=96&d=mm&r=g\",\"url\":\"https:\\\/\\\/secure.gravatar.com\\\/avatar\\\/a7358cb406a99b682ec6df1e77e31ae82e63601f6784e8a3df411d72b37864da?s=96&d=mm&r=g\",\"contentUrl\":\"https:\\\/\\\/secure.gravatar.com\\\/avatar\\\/a7358cb406a99b682ec6df1e77e31ae82e63601f6784e8a3df411d72b37864da?s=96&d=mm&r=g\",\"caption\":\"Leonardo Francisco\"},\"url\":\"https:\\\/\\\/redenoticiaz.com.br\\\/litoralsp\\\/author\\\/leonardo-francisco\"}]}<\/script>\n<!-- \/ Yoast SEO plugin. -->","yoast_head_json":{"title":"M\u00e1scaras de prote\u00e7\u00e3o n\u00e3o s\u00e3o mais necess\u00e1rias em espa\u00e7os fechados de Registro - Litoral SP","description":"popula\u00e7\u00e3o pode frequentar os ambientes fechados de Registro sem a obrigatoriedade do uso da m\u00e1scara de prote\u00e7\u00e3o contra a Covid-19. O uso","robots":{"index":"index","follow":"follow","max-snippet":"max-snippet:-1","max-image-preview":"max-image-preview:large","max-video-preview":"max-video-preview:-1"},"canonical":"https:\/\/redenoticiaz.com.br\/litoralsp\/2022\/07\/16\/mascaras-de-protecao-nao-sao-mais-necessarias-em-espacos-fechados-de-registro","og_locale":"pt_BR","og_type":"article","og_title":"M\u00e1scaras de prote\u00e7\u00e3o n\u00e3o s\u00e3o mais necess\u00e1rias em espa\u00e7os fechados de Registro - Litoral SP","og_description":"popula\u00e7\u00e3o pode frequentar os ambientes fechados de Registro sem a obrigatoriedade do uso da m\u00e1scara de prote\u00e7\u00e3o contra a Covid-19. O uso","og_url":"https:\/\/redenoticiaz.com.br\/litoralsp\/2022\/07\/16\/mascaras-de-protecao-nao-sao-mais-necessarias-em-espacos-fechados-de-registro","og_site_name":"Litoral SP","article_published_time":"2022-07-16T14:36:53+00:00","og_image":[{"width":1024,"height":640,"url":"https:\/\/redenoticiaz.com.br\/litoralsp\/wp-content\/uploads\/sites\/3\/2022\/03\/prefeitura-de-divinopolis-torna-opcional-o-uso-de-mascara-de-protecao-facial-em-ambientes-abertos_332022219250.jpg?v=1646785194","type":"image\/jpeg"}],"author":"Leonardo Francisco","twitter_card":"summary_large_image","twitter_misc":{"Escrito por":"Leonardo Francisco","Est. tempo de leitura":"2 minutos"},"schema":{"@context":"https:\/\/schema.org","@graph":[{"@type":"Article","@id":"https:\/\/redenoticiaz.com.br\/litoralsp\/2022\/07\/16\/mascaras-de-protecao-nao-sao-mais-necessarias-em-espacos-fechados-de-registro#article","isPartOf":{"@id":"https:\/\/redenoticiaz.com.br\/litoralsp\/2022\/07\/16\/mascaras-de-protecao-nao-sao-mais-necessarias-em-espacos-fechados-de-registro"},"author":{"name":"Leonardo Francisco","@id":"https:\/\/redenoticiaz.com.br\/litoralsp\/#\/schema\/person\/0f0b8a5bdafefe82841e07ae8d81ecb3"},"headline":"M\u00e1scaras de prote\u00e7\u00e3o n\u00e3o s\u00e3o mais necess\u00e1rias em espa\u00e7os fechados de Registro","datePublished":"2022-07-16T14:36:53+00:00","mainEntityOfPage":{"@id":"https:\/\/redenoticiaz.com.br\/litoralsp\/2022\/07\/16\/mascaras-de-protecao-nao-sao-mais-necessarias-em-espacos-fechados-de-registro"},"wordCount":231,"commentCount":0,"publisher":{"@id":"https:\/\/redenoticiaz.com.br\/litoralsp\/#organization"},"image":{"@id":"https:\/\/redenoticiaz.com.br\/litoralsp\/2022\/07\/16\/mascaras-de-protecao-nao-sao-mais-necessarias-em-espacos-fechados-de-registro#primaryimage"},"thumbnailUrl":"https:\/\/redenoticiaz.com.br\/litoralsp\/wp-content\/uploads\/sites\/3\/2022\/03\/prefeitura-de-divinopolis-torna-opcional-o-uso-de-mascara-de-protecao-facial-em-ambientes-abertos_332022219250.jpg?v=1646785194","keywords":["AMBIENTES FECHADOS","FIM DA OBRIGATORIEDADE","REGISTRO","saude","USO DA M\u00c1SCARA"],"articleSection":["Registro","Sa\u00fade"],"inLanguage":"pt-BR","potentialAction":[{"@type":"CommentAction","name":"Comment","target":["https:\/\/redenoticiaz.com.br\/litoralsp\/2022\/07\/16\/mascaras-de-protecao-nao-sao-mais-necessarias-em-espacos-fechados-de-registro#respond"]}]},{"@type":"WebPage","@id":"https:\/\/redenoticiaz.com.br\/litoralsp\/2022\/07\/16\/mascaras-de-protecao-nao-sao-mais-necessarias-em-espacos-fechados-de-registro","url":"https:\/\/redenoticiaz.com.br\/litoralsp\/2022\/07\/16\/mascaras-de-protecao-nao-sao-mais-necessarias-em-espacos-fechados-de-registro","name":"M\u00e1scaras de prote\u00e7\u00e3o n\u00e3o s\u00e3o mais necess\u00e1rias em espa\u00e7os fechados de Registro - Litoral SP","isPartOf":{"@id":"https:\/\/redenoticiaz.com.br\/litoralsp\/#website"},"primaryImageOfPage":{"@id":"https:\/\/redenoticiaz.com.br\/litoralsp\/2022\/07\/16\/mascaras-de-protecao-nao-sao-mais-necessarias-em-espacos-fechados-de-registro#primaryimage"},"image":{"@id":"https:\/\/redenoticiaz.com.br\/litoralsp\/2022\/07\/16\/mascaras-de-protecao-nao-sao-mais-necessarias-em-espacos-fechados-de-registro#primaryimage"},"thumbnailUrl":"https:\/\/redenoticiaz.com.br\/litoralsp\/wp-content\/uploads\/sites\/3\/2022\/03\/prefeitura-de-divinopolis-torna-opcional-o-uso-de-mascara-de-protecao-facial-em-ambientes-abertos_332022219250.jpg?v=1646785194","datePublished":"2022-07-16T14:36:53+00:00","description":"popula\u00e7\u00e3o pode frequentar os ambientes fechados de Registro sem a obrigatoriedade do uso da m\u00e1scara de prote\u00e7\u00e3o contra a Covid-19. O uso","inLanguage":"pt-BR","potentialAction":[{"@type":"ReadAction","target":["https:\/\/redenoticiaz.com.br\/litoralsp\/2022\/07\/16\/mascaras-de-protecao-nao-sao-mais-necessarias-em-espacos-fechados-de-registro"]}]},{"@type":"ImageObject","inLanguage":"pt-BR","@id":"https:\/\/redenoticiaz.com.br\/litoralsp\/2022\/07\/16\/mascaras-de-protecao-nao-sao-mais-necessarias-em-espacos-fechados-de-registro#primaryimage","url":"https:\/\/redenoticiaz.com.br\/litoralsp\/wp-content\/uploads\/sites\/3\/2022\/03\/prefeitura-de-divinopolis-torna-opcional-o-uso-de-mascara-de-protecao-facial-em-ambientes-abertos_332022219250.jpg?v=1646785194","contentUrl":"https:\/\/redenoticiaz.com.br\/litoralsp\/wp-content\/uploads\/sites\/3\/2022\/03\/prefeitura-de-divinopolis-torna-opcional-o-uso-de-mascara-de-protecao-facial-em-ambientes-abertos_332022219250.jpg?v=1646785194","width":1024,"height":640,"caption":"Cr\u00e9ditos: Reprodu\u00e7\u00e3o."},{"@type":"WebSite","@id":"https:\/\/redenoticiaz.com.br\/litoralsp\/#website","url":"https:\/\/redenoticiaz.com.br\/litoralsp\/","name":"Litoral SP","description":"Rede NoticiaZ","publisher":{"@id":"https:\/\/redenoticiaz.com.br\/litoralsp\/#organization"},"potentialAction":[{"@type":"SearchAction","target":{"@type":"EntryPoint","urlTemplate":"https:\/\/redenoticiaz.com.br\/litoralsp\/?s={search_term_string}"},"query-input":{"@type":"PropertyValueSpecification","valueRequired":true,"valueName":"search_term_string"}}],"inLanguage":"pt-BR"},{"@type":"Organization","@id":"https:\/\/redenoticiaz.com.br\/litoralsp\/#organization","name":"Litoral SP","url":"https:\/\/redenoticiaz.com.br\/litoralsp\/","logo":{"@type":"ImageObject","inLanguage":"pt-BR","@id":"https:\/\/redenoticiaz.com.br\/litoralsp\/#\/schema\/logo\/image\/","url":"https:\/\/redenoticiaz.com.br\/litoralsp\/wp-content\/uploads\/sites\/3\/2020\/11\/logo.jpg","contentUrl":"https:\/\/redenoticiaz.com.br\/litoralsp\/wp-content\/uploads\/sites\/3\/2020\/11\/logo.jpg","width":400,"height":250,"caption":"Litoral SP"},"image":{"@id":"https:\/\/redenoticiaz.com.br\/litoralsp\/#\/schema\/logo\/image\/"}},{"@type":"Person","@id":"https:\/\/redenoticiaz.com.br\/litoralsp\/#\/schema\/person\/0f0b8a5bdafefe82841e07ae8d81ecb3","name":"Leonardo Francisco","image":{"@type":"ImageObject","inLanguage":"pt-BR","@id":"https:\/\/secure.gravatar.com\/avatar\/a7358cb406a99b682ec6df1e77e31ae82e63601f6784e8a3df411d72b37864da?s=96&d=mm&r=g","url":"https:\/\/secure.gravatar.com\/avatar\/a7358cb406a99b682ec6df1e77e31ae82e63601f6784e8a3df411d72b37864da?s=96&d=mm&r=g","contentUrl":"https:\/\/secure.gravatar.com\/avatar\/a7358cb406a99b682ec6df1e77e31ae82e63601f6784e8a3df411d72b37864da?s=96&d=mm&r=g","caption":"Leonardo Francisco"},"url":"https:\/\/redenoticiaz.com.br\/litoralsp\/author\/leonardo-francisco"}]}},"_links":{"self":[{"href":"https:\/\/redenoticiaz.com.br\/litoralsp\/wp-json\/wp\/v2\/posts\/88286","targetHints":{"allow":["GET"]}}],"collection":[{"href":"https:\/\/redenoticiaz.com.br\/litoralsp\/wp-json\/wp\/v2\/posts"}],"about":[{"href":"https:\/\/redenoticiaz.com.br\/litoralsp\/wp-json\/wp\/v2\/types\/post"}],"author":[{"embeddable":true,"href":"https:\/\/redenoticiaz.com.br\/litoralsp\/wp-json\/wp\/v2\/users\/6"}],"replies":[{"embeddable":true,"href":"https:\/\/redenoticiaz.com.br\/litoralsp\/wp-json\/wp\/v2\/comments?post=88286"}],"version-history":[{"count":1,"href":"https:\/\/redenoticiaz.com.br\/litoralsp\/wp-json\/wp\/v2\/posts\/88286\/revisions"}],"predecessor-version":[{"id":88287,"href":"https:\/\/redenoticiaz.com.br\/litoralsp\/wp-json\/wp\/v2\/posts\/88286\/revisions\/88287"}],"wp:featuredmedia":[{"embeddable":true,"href":"https:\/\/redenoticiaz.com.br\/litoralsp\/wp-json\/wp\/v2\/media\/24575"}],"wp:attachment":[{"href":"https:\/\/redenoticiaz.com.br\/litoralsp\/wp-json\/wp\/v2\/media?parent=88286"}],"wp:term":[{"taxonomy":"category","embeddable":true,"href":"https:\/\/redenoticiaz.com.br\/litoralsp\/wp-json\/wp\/v2\/categories?post=88286"},{"taxonomy":"post_tag","embeddable":true,"href":"https:\/\/redenoticiaz.com.br\/litoralsp\/wp-json\/wp\/v2\/tags?post=88286"}],"curies":[{"name":"wp","href":"https:\/\/api.w.org\/{rel}","templated":true}]}}