{"id":88312,"date":"2022-07-16T16:16:56","date_gmt":"2022-07-16T19:16:56","guid":{"rendered":"https:\/\/redenoticiaz.com.br\/litoralsp\/?p=88312"},"modified":"2022-07-16T16:16:56","modified_gmt":"2022-07-16T19:16:56","slug":"oito-praias-do-litoral-norte-estao-improprias-para-banho","status":"publish","type":"post","link":"https:\/\/redenoticiaz.com.br\/litoralsp\/2022\/07\/16\/oito-praias-do-litoral-norte-estao-improprias-para-banho","title":{"rendered":"Oito praias do Litoral Norte est\u00e3o impr\u00f3prias para banho"},"content":{"rendered":"<p>O sol e o calor deram as caras neste fim de semana no Litoral Norte e como de costume, a popula\u00e7\u00e3o vai curtir uma praia. Mas de acordo com a Companhia Ambiental do Estado de S\u00e3o Paulo (Cetesb), oito praias est\u00e3o com <strong>bandeira vermelha<\/strong>, ou seja, sem condi\u00e7\u00f5es para banho.<\/p>\n<div class=\"mc-column content-text active-extra-styles \" data-block-type=\"unstyled\" data-block-weight=\"37\" data-block-id=\"3\">\n<p class=\"content-text__container \" data-track-category=\"Link no Texto\" data-track-links=\"\">A cidade com mais locais impr\u00f3prios \u00e9\u00a0<a href=\"http:\/\/www.saosebastiao.sp.gov.br\/index.asp\">S\u00e3o Sebasti\u00e3o<\/a>, com seis praias com bandeira vermelha.\u00a0Ubatuba\u00a0e\u00a0Caraguatatuba apresentam apenas uma praia impr\u00f3pria. J\u00e1 Ilhabela\u00a0\u00e9 a \u00fanica cidade com todas as praias pr\u00f3prias para o banho.<\/p>\n<\/div>\n<div class=\"mc-column content-text active-extra-styles \" data-block-type=\"unstyled\" data-block-weight=\"48\" data-block-id=\"4\">\n<p class=\"content-text__container \" data-track-category=\"Link no Texto\" data-track-links=\"\">A Cetesb divulga semanalmente a rela\u00e7\u00e3o do n\u00famero de bact\u00e9rias encontradas na \u00e1gua, que define a balneabilidade das praias. Quando s\u00e3o identificadas mais de 100 col\u00f4nias de bact\u00e9rias, a cada 100 mil\u00edmetros de \u00e1gua, a praia \u00e9 considera impr\u00f3pria para banho.<\/p>\n<div class=\"mc-column content-text active-extra-styles \" data-block-type=\"unstyled\" data-block-weight=\"42\" data-block-id=\"6\">\n<p class=\"content-text__container \" data-track-category=\"Link no Texto\" data-track-links=\"\">Ap\u00f3s essa an\u00e1lise, os locais n\u00e3o recomendados para banho s\u00e3o sinalizados com a bandeira vermelha da Cetesb. Segundo o \u00f3rg\u00e3o, o recomendado \u00e9 n\u00e3o tomar banho nas \u00e1guas das praias que estiverem sinalizadas, j\u00e1 que podem causar riscos \u00e0 sa\u00fade dos banhistas.<\/p>\n<\/div>\n<div class=\"mc-column content-text active-extra-styles \" data-block-type=\"unstyled\" data-block-weight=\"6\" data-block-id=\"7\">\n<h3 class=\"content-text__container \" data-track-category=\"Link no Texto\"><strong>Veja as praias impr\u00f3prias para banho:<\/strong><\/h3>\n<\/div>\n<div class=\"mc-column content-text active-extra-styles\" data-block-type=\"raw\" data-block-weight=\"72\" data-block-id=\"8\">\n<ul class=\"content-unordered-list\">\n<li>Em Caraguatatuba, entre 14 pontos analisados, a \u00fanica praia que est\u00e1 impr\u00f3pria \u00e9 a\u00a0<strong>Tabatinga<\/strong>, no trecho pr\u00f3ximo ao Rio Tabatinga.<\/li>\n<li>Em S\u00e3o Sebasti\u00e3o, de 30 pontos analisados, est\u00e3o impr\u00f3prias seis praias:\u00a0<strong>Deserta, Preta do Norte, Una, S\u00e3o Francisco, Porto Grande e Jurac\u00e9ia.<\/strong><\/li>\n<li>Entre os 35 pontos analisados em Ubatuba, est\u00e1 com a bandeira vermelha apenas a praia do\u00a0<strong>Perequ\u00ea Mirim.<\/strong><\/li>\n<li>Em Ilhabela, dos 19 pontos analisados, nenhuma est\u00e1 com bandeira vermelha.<\/li>\n<\/ul>\n<p><strong>LEIA TAMB\u00c9M<\/strong><\/p>\n<p><a href=\"https:\/\/redenoticiaz.com.br\/litoralsp\/2022\/07\/15\/secretaria-de-logistica-e-transportes-inicia-etapa-final-de-reparo-na-travessia-bertioga-guaruja\">Secretaria de Log\u00edstica e Transportes inicia etapa final de reparo na travessia Bertioga\/Guaruj\u00e1<\/a><\/p>\n<\/div>\n<\/div>\n<div class=\"content-ads content-ads--reveal\" data-block-type=\"ads\" data-block-id=\"5\">\n<div id=\"banner_materia2\" class=\"tag-manager-publicidade-container mc-has-reveal mc-has-ad-lazyload tag-manager-publicidade-banner_materia2 tag-manager-publicidade-container--carregado tag-manager-publicidade-container--visivel\" data-id=\"banner_materia2\" data-req=\"true\" data-google-query-id=\"CKqwt8uO_vgCFTU4uQYdzyQN8w\" data-cid=\"138398018402\" data-lid=\"6062950200\"><\/div>\n<\/div>\n","protected":false},"excerpt":{"rendered":"<p>O sol e o calor deram as caras neste fim de semana no Litoral Norte e como de costume, a popula\u00e7\u00e3o vai curtir uma praia. Mas de acordo com a Companhia Ambiental do Estado de S\u00e3o Paulo (Cetesb), oito praias est\u00e3o com bandeira vermelha, ou seja, sem condi\u00e7\u00f5es para banho. A cidade com mais locais &hellip;<\/p>\n","protected":false},"author":6,"featured_media":24302,"comment_status":"open","ping_status":"closed","sticky":false,"template":"","format":"standard","meta":{"footnotes":""},"categories":[2881,45592,188,189],"tags":[15254,8783,6496,47447,3707,1333],"class_list":["post-88312","post","type-post","status-publish","format-standard","has-post-thumbnail","hentry","category-caraguatatuba","category-praia","category-sao-sebastiao","category-ubatuba","tag-caraguatuba","tag-cetesb","tag-litoral-norte","tag-praias-improprias","tag-sao-sebastiao","tag-ubatuba"],"yoast_head":"<!-- This site is optimized with the Yoast SEO plugin v27.5 - https:\/\/yoast.com\/product\/yoast-seo-wordpress\/ -->\n<title>Oito praias do Litoral Norte est\u00e3o impr\u00f3prias para banho - Litoral SP<\/title>\n<meta name=\"description\" content=\"Companhia Ambiental do Estado de S\u00e3o Paulo (Cetesb), oito praias est\u00e3o com bandeira vermelha, ou seja, sem condi\u00e7\u00f5es para banho.\" \/>\n<meta name=\"robots\" content=\"index, follow, max-snippet:-1, max-image-preview:large, max-video-preview:-1\" \/>\n<link rel=\"canonical\" href=\"https:\/\/redenoticiaz.com.br\/litoralsp\/2022\/07\/16\/oito-praias-do-litoral-norte-estao-improprias-para-banho\" \/>\n<meta property=\"og:locale\" content=\"pt_BR\" \/>\n<meta property=\"og:type\" content=\"article\" \/>\n<meta property=\"og:title\" content=\"Oito praias do Litoral Norte est\u00e3o impr\u00f3prias para banho - Litoral SP\" \/>\n<meta property=\"og:description\" content=\"Companhia Ambiental do Estado de S\u00e3o Paulo (Cetesb), oito praias est\u00e3o com bandeira vermelha, ou seja, sem condi\u00e7\u00f5es para banho.\" \/>\n<meta property=\"og:url\" content=\"https:\/\/redenoticiaz.com.br\/litoralsp\/2022\/07\/16\/oito-praias-do-litoral-norte-estao-improprias-para-banho\" \/>\n<meta property=\"og:site_name\" content=\"Litoral SP\" \/>\n<meta property=\"article:published_time\" content=\"2022-07-16T19:16:56+00:00\" \/>\n<meta property=\"og:image\" content=\"https:\/\/redenoticiaz.com.br\/litoralsp\/wp-content\/uploads\/sites\/3\/2022\/03\/praias-de-caraguatatuba-beleza-no-litoral-norte-paulista-770x500-1.jpg\" \/>\n\t<meta property=\"og:image:width\" content=\"770\" \/>\n\t<meta property=\"og:image:height\" content=\"500\" \/>\n\t<meta property=\"og:image:type\" content=\"image\/jpeg\" \/>\n<meta name=\"author\" content=\"Leonardo Francisco\" \/>\n<meta name=\"twitter:card\" content=\"summary_large_image\" \/>\n<meta name=\"twitter:label1\" content=\"Escrito por\" \/>\n\t<meta name=\"twitter:data1\" content=\"Leonardo Francisco\" \/>\n\t<meta name=\"twitter:label2\" content=\"Est. tempo de leitura\" \/>\n\t<meta name=\"twitter:data2\" content=\"2 minutos\" \/>\n<script type=\"application\/ld+json\" class=\"yoast-schema-graph\">{\"@context\":\"https:\\\/\\\/schema.org\",\"@graph\":[{\"@type\":\"Article\",\"@id\":\"https:\\\/\\\/redenoticiaz.com.br\\\/litoralsp\\\/2022\\\/07\\\/16\\\/oito-praias-do-litoral-norte-estao-improprias-para-banho#article\",\"isPartOf\":{\"@id\":\"https:\\\/\\\/redenoticiaz.com.br\\\/litoralsp\\\/2022\\\/07\\\/16\\\/oito-praias-do-litoral-norte-estao-improprias-para-banho\"},\"author\":{\"name\":\"Leonardo Francisco\",\"@id\":\"https:\\\/\\\/redenoticiaz.com.br\\\/litoralsp\\\/#\\\/schema\\\/person\\\/0f0b8a5bdafefe82841e07ae8d81ecb3\"},\"headline\":\"Oito praias do Litoral Norte est\u00e3o impr\u00f3prias para banho\",\"datePublished\":\"2022-07-16T19:16:56+00:00\",\"mainEntityOfPage\":{\"@id\":\"https:\\\/\\\/redenoticiaz.com.br\\\/litoralsp\\\/2022\\\/07\\\/16\\\/oito-praias-do-litoral-norte-estao-improprias-para-banho\"},\"wordCount\":298,\"commentCount\":0,\"publisher\":{\"@id\":\"https:\\\/\\\/redenoticiaz.com.br\\\/litoralsp\\\/#organization\"},\"image\":{\"@id\":\"https:\\\/\\\/redenoticiaz.com.br\\\/litoralsp\\\/2022\\\/07\\\/16\\\/oito-praias-do-litoral-norte-estao-improprias-para-banho#primaryimage\"},\"thumbnailUrl\":\"https:\\\/\\\/redenoticiaz.com.br\\\/litoralsp\\\/wp-content\\\/uploads\\\/sites\\\/3\\\/2022\\\/03\\\/praias-de-caraguatatuba-beleza-no-litoral-norte-paulista-770x500-1.jpg\",\"keywords\":[\"CARAGUATUBA\",\"CETESB\",\"LITORAL NORTE\",\"PRAIAS IMPR\u00d3PRIAS\",\"S\u00c3O SEBASTI\u00c3O\",\"UBATUBA\"],\"articleSection\":[\"Caraguatatuba\",\"Praia\",\"S\u00e3o Sebasti\u00e3o\",\"Ubatuba\"],\"inLanguage\":\"pt-BR\",\"potentialAction\":[{\"@type\":\"CommentAction\",\"name\":\"Comment\",\"target\":[\"https:\\\/\\\/redenoticiaz.com.br\\\/litoralsp\\\/2022\\\/07\\\/16\\\/oito-praias-do-litoral-norte-estao-improprias-para-banho#respond\"]}]},{\"@type\":\"WebPage\",\"@id\":\"https:\\\/\\\/redenoticiaz.com.br\\\/litoralsp\\\/2022\\\/07\\\/16\\\/oito-praias-do-litoral-norte-estao-improprias-para-banho\",\"url\":\"https:\\\/\\\/redenoticiaz.com.br\\\/litoralsp\\\/2022\\\/07\\\/16\\\/oito-praias-do-litoral-norte-estao-improprias-para-banho\",\"name\":\"Oito praias do Litoral Norte est\u00e3o impr\u00f3prias para banho - Litoral SP\",\"isPartOf\":{\"@id\":\"https:\\\/\\\/redenoticiaz.com.br\\\/litoralsp\\\/#website\"},\"primaryImageOfPage\":{\"@id\":\"https:\\\/\\\/redenoticiaz.com.br\\\/litoralsp\\\/2022\\\/07\\\/16\\\/oito-praias-do-litoral-norte-estao-improprias-para-banho#primaryimage\"},\"image\":{\"@id\":\"https:\\\/\\\/redenoticiaz.com.br\\\/litoralsp\\\/2022\\\/07\\\/16\\\/oito-praias-do-litoral-norte-estao-improprias-para-banho#primaryimage\"},\"thumbnailUrl\":\"https:\\\/\\\/redenoticiaz.com.br\\\/litoralsp\\\/wp-content\\\/uploads\\\/sites\\\/3\\\/2022\\\/03\\\/praias-de-caraguatatuba-beleza-no-litoral-norte-paulista-770x500-1.jpg\",\"datePublished\":\"2022-07-16T19:16:56+00:00\",\"description\":\"Companhia Ambiental do Estado de S\u00e3o Paulo (Cetesb), oito praias est\u00e3o com bandeira vermelha, ou seja, sem condi\u00e7\u00f5es para banho.\",\"inLanguage\":\"pt-BR\",\"potentialAction\":[{\"@type\":\"ReadAction\",\"target\":[\"https:\\\/\\\/redenoticiaz.com.br\\\/litoralsp\\\/2022\\\/07\\\/16\\\/oito-praias-do-litoral-norte-estao-improprias-para-banho\"]}]},{\"@type\":\"ImageObject\",\"inLanguage\":\"pt-BR\",\"@id\":\"https:\\\/\\\/redenoticiaz.com.br\\\/litoralsp\\\/2022\\\/07\\\/16\\\/oito-praias-do-litoral-norte-estao-improprias-para-banho#primaryimage\",\"url\":\"https:\\\/\\\/redenoticiaz.com.br\\\/litoralsp\\\/wp-content\\\/uploads\\\/sites\\\/3\\\/2022\\\/03\\\/praias-de-caraguatatuba-beleza-no-litoral-norte-paulista-770x500-1.jpg\",\"contentUrl\":\"https:\\\/\\\/redenoticiaz.com.br\\\/litoralsp\\\/wp-content\\\/uploads\\\/sites\\\/3\\\/2022\\\/03\\\/praias-de-caraguatatuba-beleza-no-litoral-norte-paulista-770x500-1.jpg\",\"width\":770,\"height\":500,\"caption\":\"Cr\u00e9ditos: Reprodu\u00e7\u00e3o.\"},{\"@type\":\"WebSite\",\"@id\":\"https:\\\/\\\/redenoticiaz.com.br\\\/litoralsp\\\/#website\",\"url\":\"https:\\\/\\\/redenoticiaz.com.br\\\/litoralsp\\\/\",\"name\":\"Litoral SP\",\"description\":\"Rede NoticiaZ\",\"publisher\":{\"@id\":\"https:\\\/\\\/redenoticiaz.com.br\\\/litoralsp\\\/#organization\"},\"potentialAction\":[{\"@type\":\"SearchAction\",\"target\":{\"@type\":\"EntryPoint\",\"urlTemplate\":\"https:\\\/\\\/redenoticiaz.com.br\\\/litoralsp\\\/?s={search_term_string}\"},\"query-input\":{\"@type\":\"PropertyValueSpecification\",\"valueRequired\":true,\"valueName\":\"search_term_string\"}}],\"inLanguage\":\"pt-BR\"},{\"@type\":\"Organization\",\"@id\":\"https:\\\/\\\/redenoticiaz.com.br\\\/litoralsp\\\/#organization\",\"name\":\"Litoral SP\",\"url\":\"https:\\\/\\\/redenoticiaz.com.br\\\/litoralsp\\\/\",\"logo\":{\"@type\":\"ImageObject\",\"inLanguage\":\"pt-BR\",\"@id\":\"https:\\\/\\\/redenoticiaz.com.br\\\/litoralsp\\\/#\\\/schema\\\/logo\\\/image\\\/\",\"url\":\"https:\\\/\\\/redenoticiaz.com.br\\\/litoralsp\\\/wp-content\\\/uploads\\\/sites\\\/3\\\/2020\\\/11\\\/logo.jpg\",\"contentUrl\":\"https:\\\/\\\/redenoticiaz.com.br\\\/litoralsp\\\/wp-content\\\/uploads\\\/sites\\\/3\\\/2020\\\/11\\\/logo.jpg\",\"width\":400,\"height\":250,\"caption\":\"Litoral SP\"},\"image\":{\"@id\":\"https:\\\/\\\/redenoticiaz.com.br\\\/litoralsp\\\/#\\\/schema\\\/logo\\\/image\\\/\"}},{\"@type\":\"Person\",\"@id\":\"https:\\\/\\\/redenoticiaz.com.br\\\/litoralsp\\\/#\\\/schema\\\/person\\\/0f0b8a5bdafefe82841e07ae8d81ecb3\",\"name\":\"Leonardo Francisco\",\"image\":{\"@type\":\"ImageObject\",\"inLanguage\":\"pt-BR\",\"@id\":\"https:\\\/\\\/secure.gravatar.com\\\/avatar\\\/a7358cb406a99b682ec6df1e77e31ae82e63601f6784e8a3df411d72b37864da?s=96&d=mm&r=g\",\"url\":\"https:\\\/\\\/secure.gravatar.com\\\/avatar\\\/a7358cb406a99b682ec6df1e77e31ae82e63601f6784e8a3df411d72b37864da?s=96&d=mm&r=g\",\"contentUrl\":\"https:\\\/\\\/secure.gravatar.com\\\/avatar\\\/a7358cb406a99b682ec6df1e77e31ae82e63601f6784e8a3df411d72b37864da?s=96&d=mm&r=g\",\"caption\":\"Leonardo Francisco\"},\"url\":\"https:\\\/\\\/redenoticiaz.com.br\\\/litoralsp\\\/author\\\/leonardo-francisco\"}]}<\/script>\n<!-- \/ Yoast SEO plugin. -->","yoast_head_json":{"title":"Oito praias do Litoral Norte est\u00e3o impr\u00f3prias para banho - Litoral SP","description":"Companhia Ambiental do Estado de S\u00e3o Paulo (Cetesb), oito praias est\u00e3o com bandeira vermelha, ou seja, sem condi\u00e7\u00f5es para banho.","robots":{"index":"index","follow":"follow","max-snippet":"max-snippet:-1","max-image-preview":"max-image-preview:large","max-video-preview":"max-video-preview:-1"},"canonical":"https:\/\/redenoticiaz.com.br\/litoralsp\/2022\/07\/16\/oito-praias-do-litoral-norte-estao-improprias-para-banho","og_locale":"pt_BR","og_type":"article","og_title":"Oito praias do Litoral Norte est\u00e3o impr\u00f3prias para banho - Litoral SP","og_description":"Companhia Ambiental do Estado de S\u00e3o Paulo (Cetesb), oito praias est\u00e3o com bandeira vermelha, ou seja, sem condi\u00e7\u00f5es para banho.","og_url":"https:\/\/redenoticiaz.com.br\/litoralsp\/2022\/07\/16\/oito-praias-do-litoral-norte-estao-improprias-para-banho","og_site_name":"Litoral SP","article_published_time":"2022-07-16T19:16:56+00:00","og_image":[{"width":770,"height":500,"url":"https:\/\/redenoticiaz.com.br\/litoralsp\/wp-content\/uploads\/sites\/3\/2022\/03\/praias-de-caraguatatuba-beleza-no-litoral-norte-paulista-770x500-1.jpg","type":"image\/jpeg"}],"author":"Leonardo Francisco","twitter_card":"summary_large_image","twitter_misc":{"Escrito por":"Leonardo Francisco","Est. tempo de leitura":"2 minutos"},"schema":{"@context":"https:\/\/schema.org","@graph":[{"@type":"Article","@id":"https:\/\/redenoticiaz.com.br\/litoralsp\/2022\/07\/16\/oito-praias-do-litoral-norte-estao-improprias-para-banho#article","isPartOf":{"@id":"https:\/\/redenoticiaz.com.br\/litoralsp\/2022\/07\/16\/oito-praias-do-litoral-norte-estao-improprias-para-banho"},"author":{"name":"Leonardo Francisco","@id":"https:\/\/redenoticiaz.com.br\/litoralsp\/#\/schema\/person\/0f0b8a5bdafefe82841e07ae8d81ecb3"},"headline":"Oito praias do Litoral Norte est\u00e3o impr\u00f3prias para banho","datePublished":"2022-07-16T19:16:56+00:00","mainEntityOfPage":{"@id":"https:\/\/redenoticiaz.com.br\/litoralsp\/2022\/07\/16\/oito-praias-do-litoral-norte-estao-improprias-para-banho"},"wordCount":298,"commentCount":0,"publisher":{"@id":"https:\/\/redenoticiaz.com.br\/litoralsp\/#organization"},"image":{"@id":"https:\/\/redenoticiaz.com.br\/litoralsp\/2022\/07\/16\/oito-praias-do-litoral-norte-estao-improprias-para-banho#primaryimage"},"thumbnailUrl":"https:\/\/redenoticiaz.com.br\/litoralsp\/wp-content\/uploads\/sites\/3\/2022\/03\/praias-de-caraguatatuba-beleza-no-litoral-norte-paulista-770x500-1.jpg","keywords":["CARAGUATUBA","CETESB","LITORAL NORTE","PRAIAS IMPR\u00d3PRIAS","S\u00c3O SEBASTI\u00c3O","UBATUBA"],"articleSection":["Caraguatatuba","Praia","S\u00e3o Sebasti\u00e3o","Ubatuba"],"inLanguage":"pt-BR","potentialAction":[{"@type":"CommentAction","name":"Comment","target":["https:\/\/redenoticiaz.com.br\/litoralsp\/2022\/07\/16\/oito-praias-do-litoral-norte-estao-improprias-para-banho#respond"]}]},{"@type":"WebPage","@id":"https:\/\/redenoticiaz.com.br\/litoralsp\/2022\/07\/16\/oito-praias-do-litoral-norte-estao-improprias-para-banho","url":"https:\/\/redenoticiaz.com.br\/litoralsp\/2022\/07\/16\/oito-praias-do-litoral-norte-estao-improprias-para-banho","name":"Oito praias do Litoral Norte est\u00e3o impr\u00f3prias para banho - Litoral SP","isPartOf":{"@id":"https:\/\/redenoticiaz.com.br\/litoralsp\/#website"},"primaryImageOfPage":{"@id":"https:\/\/redenoticiaz.com.br\/litoralsp\/2022\/07\/16\/oito-praias-do-litoral-norte-estao-improprias-para-banho#primaryimage"},"image":{"@id":"https:\/\/redenoticiaz.com.br\/litoralsp\/2022\/07\/16\/oito-praias-do-litoral-norte-estao-improprias-para-banho#primaryimage"},"thumbnailUrl":"https:\/\/redenoticiaz.com.br\/litoralsp\/wp-content\/uploads\/sites\/3\/2022\/03\/praias-de-caraguatatuba-beleza-no-litoral-norte-paulista-770x500-1.jpg","datePublished":"2022-07-16T19:16:56+00:00","description":"Companhia Ambiental do Estado de S\u00e3o Paulo (Cetesb), oito praias est\u00e3o com bandeira vermelha, ou seja, sem condi\u00e7\u00f5es para banho.","inLanguage":"pt-BR","potentialAction":[{"@type":"ReadAction","target":["https:\/\/redenoticiaz.com.br\/litoralsp\/2022\/07\/16\/oito-praias-do-litoral-norte-estao-improprias-para-banho"]}]},{"@type":"ImageObject","inLanguage":"pt-BR","@id":"https:\/\/redenoticiaz.com.br\/litoralsp\/2022\/07\/16\/oito-praias-do-litoral-norte-estao-improprias-para-banho#primaryimage","url":"https:\/\/redenoticiaz.com.br\/litoralsp\/wp-content\/uploads\/sites\/3\/2022\/03\/praias-de-caraguatatuba-beleza-no-litoral-norte-paulista-770x500-1.jpg","contentUrl":"https:\/\/redenoticiaz.com.br\/litoralsp\/wp-content\/uploads\/sites\/3\/2022\/03\/praias-de-caraguatatuba-beleza-no-litoral-norte-paulista-770x500-1.jpg","width":770,"height":500,"caption":"Cr\u00e9ditos: Reprodu\u00e7\u00e3o."},{"@type":"WebSite","@id":"https:\/\/redenoticiaz.com.br\/litoralsp\/#website","url":"https:\/\/redenoticiaz.com.br\/litoralsp\/","name":"Litoral SP","description":"Rede NoticiaZ","publisher":{"@id":"https:\/\/redenoticiaz.com.br\/litoralsp\/#organization"},"potentialAction":[{"@type":"SearchAction","target":{"@type":"EntryPoint","urlTemplate":"https:\/\/redenoticiaz.com.br\/litoralsp\/?s={search_term_string}"},"query-input":{"@type":"PropertyValueSpecification","valueRequired":true,"valueName":"search_term_string"}}],"inLanguage":"pt-BR"},{"@type":"Organization","@id":"https:\/\/redenoticiaz.com.br\/litoralsp\/#organization","name":"Litoral SP","url":"https:\/\/redenoticiaz.com.br\/litoralsp\/","logo":{"@type":"ImageObject","inLanguage":"pt-BR","@id":"https:\/\/redenoticiaz.com.br\/litoralsp\/#\/schema\/logo\/image\/","url":"https:\/\/redenoticiaz.com.br\/litoralsp\/wp-content\/uploads\/sites\/3\/2020\/11\/logo.jpg","contentUrl":"https:\/\/redenoticiaz.com.br\/litoralsp\/wp-content\/uploads\/sites\/3\/2020\/11\/logo.jpg","width":400,"height":250,"caption":"Litoral SP"},"image":{"@id":"https:\/\/redenoticiaz.com.br\/litoralsp\/#\/schema\/logo\/image\/"}},{"@type":"Person","@id":"https:\/\/redenoticiaz.com.br\/litoralsp\/#\/schema\/person\/0f0b8a5bdafefe82841e07ae8d81ecb3","name":"Leonardo Francisco","image":{"@type":"ImageObject","inLanguage":"pt-BR","@id":"https:\/\/secure.gravatar.com\/avatar\/a7358cb406a99b682ec6df1e77e31ae82e63601f6784e8a3df411d72b37864da?s=96&d=mm&r=g","url":"https:\/\/secure.gravatar.com\/avatar\/a7358cb406a99b682ec6df1e77e31ae82e63601f6784e8a3df411d72b37864da?s=96&d=mm&r=g","contentUrl":"https:\/\/secure.gravatar.com\/avatar\/a7358cb406a99b682ec6df1e77e31ae82e63601f6784e8a3df411d72b37864da?s=96&d=mm&r=g","caption":"Leonardo Francisco"},"url":"https:\/\/redenoticiaz.com.br\/litoralsp\/author\/leonardo-francisco"}]}},"_links":{"self":[{"href":"https:\/\/redenoticiaz.com.br\/litoralsp\/wp-json\/wp\/v2\/posts\/88312","targetHints":{"allow":["GET"]}}],"collection":[{"href":"https:\/\/redenoticiaz.com.br\/litoralsp\/wp-json\/wp\/v2\/posts"}],"about":[{"href":"https:\/\/redenoticiaz.com.br\/litoralsp\/wp-json\/wp\/v2\/types\/post"}],"author":[{"embeddable":true,"href":"https:\/\/redenoticiaz.com.br\/litoralsp\/wp-json\/wp\/v2\/users\/6"}],"replies":[{"embeddable":true,"href":"https:\/\/redenoticiaz.com.br\/litoralsp\/wp-json\/wp\/v2\/comments?post=88312"}],"version-history":[{"count":1,"href":"https:\/\/redenoticiaz.com.br\/litoralsp\/wp-json\/wp\/v2\/posts\/88312\/revisions"}],"predecessor-version":[{"id":88313,"href":"https:\/\/redenoticiaz.com.br\/litoralsp\/wp-json\/wp\/v2\/posts\/88312\/revisions\/88313"}],"wp:featuredmedia":[{"embeddable":true,"href":"https:\/\/redenoticiaz.com.br\/litoralsp\/wp-json\/wp\/v2\/media\/24302"}],"wp:attachment":[{"href":"https:\/\/redenoticiaz.com.br\/litoralsp\/wp-json\/wp\/v2\/media?parent=88312"}],"wp:term":[{"taxonomy":"category","embeddable":true,"href":"https:\/\/redenoticiaz.com.br\/litoralsp\/wp-json\/wp\/v2\/categories?post=88312"},{"taxonomy":"post_tag","embeddable":true,"href":"https:\/\/redenoticiaz.com.br\/litoralsp\/wp-json\/wp\/v2\/tags?post=88312"}],"curies":[{"name":"wp","href":"https:\/\/api.w.org\/{rel}","templated":true}]}}