{"id":88388,"date":"2022-07-18T13:56:29","date_gmt":"2022-07-18T16:56:29","guid":{"rendered":"https:\/\/redenoticiaz.com.br\/litoralsp\/?p=88388"},"modified":"2022-07-18T14:24:46","modified_gmt":"2022-07-18T17:24:46","slug":"cursos-do-visa-rapida-estao-disponiveis-na-baixada-santista","status":"publish","type":"post","link":"https:\/\/redenoticiaz.com.br\/litoralsp\/2022\/07\/18\/cursos-do-visa-rapida-estao-disponiveis-na-baixada-santista","title":{"rendered":"Cursos do Via R\u00e1pida est\u00e3o dispon\u00edveis na Baixada Santista"},"content":{"rendered":"<p>Moradores da baixada santista poder\u00e3o se inscrever em cursos de qualifica\u00e7\u00e3o profissional do Via R\u00e1pida, do Governo do Estado de S\u00e3o Paulo. O curso ter\u00e1 bolsa-aux\u00edlio de R$ 210.<\/p>\n<p>Os interessados podem se inscrever atrav\u00e9s do <a href=\"http:\/\/www.cursosviarapida.sp.gov.br\">site<\/a> at\u00e9 o dia 24 de Julho.\u00a0Dessa forma, na Baixada Santista, s\u00e3o oferecidos os seguintes cursos:<\/p>\n<h3>Praia Grande<\/h3>\n<ul>\n<li>Almoxarife<\/li>\n<li>Auxiliar Administrativo<\/li>\n<li>Operador de Empilhadeira<\/li>\n<\/ul>\n<h3>Bertioga<\/h3>\n<ul>\n<li>Condom\u00ednios: Gest\u00e3o de Infraestrutura e da Opera\u00e7\u00e3o<\/li>\n<\/ul>\n<h3>Guaruj\u00e1<\/h3>\n<ul>\n<li>Log\u00edstica<\/li>\n<li>Operador de Empilhadeira<\/li>\n<\/ul>\n<p>&nbsp;<\/p>\n<p>Sendo assim, para que os interessados possam ter acesso ao aux\u00edlio, devem estar desempregados e ter conclu\u00eddo um curso com frequ\u00eancia m\u00ednima de 75% e n\u00e3o pode estar recebendo aux\u00edlio desemprego.<\/p>\n<p>Leia mais<\/p>\n<p><a href=\"https:\/\/redenoticiaz.com.br\/blog\/2022\/07\/14\/serie-sobre-silvio-santos-e-alvo-de-investigacao\">Fundo Social abre pr\u00e9-inscri\u00e7\u00e3o para diversos cursos em Jundia\u00ed nesta segunda (20)<\/a><\/p>\n","protected":false},"excerpt":{"rendered":"<p>Moradores da baixada santista poder\u00e3o se inscrever em cursos de qualifica\u00e7\u00e3o profissional do Via R\u00e1pida, do Governo do Estado de S\u00e3o Paulo. O curso ter\u00e1 bolsa-aux\u00edlio de R$ 210. Os interessados podem se inscrever atrav\u00e9s do site at\u00e9 o dia 24 de Julho.\u00a0Dessa forma, na Baixada Santista, s\u00e3o oferecidos os seguintes cursos: Praia Grande Almoxarife &hellip;<\/p>\n","protected":false},"author":12,"featured_media":88389,"comment_status":"open","ping_status":"closed","sticky":false,"template":"","format":"standard","meta":{"footnotes":""},"categories":[186,187,185,182],"tags":[1148,13185,34568,58188],"class_list":["post-88388","post","type-post","status-publish","format-standard","has-post-thumbnail","hentry","category-cubatao","category-guaruja","category-peruibe","category-praia-grande","tag-baixada-santista","tag-cursos","tag-qualificacao-profissional","tag-via-rapida"],"yoast_head":"<!-- This site is optimized with the Yoast SEO plugin v27.5 - https:\/\/yoast.com\/product\/yoast-seo-wordpress\/ -->\n<title>Cursos do Via R\u00e1pida est\u00e3o dispon\u00edveis na Baixada Santista - Litoral SP<\/title>\n<meta name=\"description\" content=\"Moradores da baixada santista poder\u00e3o se inscrever em cursos de qualifica\u00e7\u00e3o profissional do Via R\u00e1pida, do Governo do Estado de S\u00e3o Paulo.\" \/>\n<meta name=\"robots\" content=\"index, follow, max-snippet:-1, max-image-preview:large, max-video-preview:-1\" \/>\n<link rel=\"canonical\" href=\"https:\/\/redenoticiaz.com.br\/litoralsp\/2022\/07\/18\/cursos-do-visa-rapida-estao-disponiveis-na-baixada-santista\" \/>\n<meta property=\"og:locale\" content=\"pt_BR\" \/>\n<meta property=\"og:type\" content=\"article\" \/>\n<meta property=\"og:title\" content=\"Cursos do Via R\u00e1pida est\u00e3o dispon\u00edveis na Baixada Santista - Litoral SP\" \/>\n<meta property=\"og:description\" content=\"Moradores da baixada santista poder\u00e3o se inscrever em cursos de qualifica\u00e7\u00e3o profissional do Via R\u00e1pida, do Governo do Estado de S\u00e3o Paulo.\" \/>\n<meta property=\"og:url\" content=\"https:\/\/redenoticiaz.com.br\/litoralsp\/2022\/07\/18\/cursos-do-visa-rapida-estao-disponiveis-na-baixada-santista\" \/>\n<meta property=\"og:site_name\" content=\"Litoral SP\" \/>\n<meta property=\"article:published_time\" content=\"2022-07-18T16:56:29+00:00\" \/>\n<meta property=\"article:modified_time\" content=\"2022-07-18T17:24:46+00:00\" \/>\n<meta property=\"og:image\" content=\"https:\/\/redenoticiaz.com.br\/litoralsp\/wp-content\/uploads\/sites\/3\/2022\/07\/54820.jpg\" \/>\n\t<meta property=\"og:image:width\" content=\"800\" \/>\n\t<meta property=\"og:image:height\" content=\"533\" \/>\n\t<meta property=\"og:image:type\" content=\"image\/jpeg\" \/>\n<meta name=\"author\" content=\"Gustavo Silva\" \/>\n<meta name=\"twitter:card\" content=\"summary_large_image\" \/>\n<meta name=\"twitter:label1\" content=\"Escrito por\" \/>\n\t<meta name=\"twitter:data1\" content=\"Gustavo Silva\" \/>\n\t<meta name=\"twitter:label2\" content=\"Est. tempo de leitura\" \/>\n\t<meta name=\"twitter:data2\" content=\"1 minuto\" \/>\n<script type=\"application\/ld+json\" class=\"yoast-schema-graph\">{\"@context\":\"https:\\\/\\\/schema.org\",\"@graph\":[{\"@type\":\"Article\",\"@id\":\"https:\\\/\\\/redenoticiaz.com.br\\\/litoralsp\\\/2022\\\/07\\\/18\\\/cursos-do-visa-rapida-estao-disponiveis-na-baixada-santista#article\",\"isPartOf\":{\"@id\":\"https:\\\/\\\/redenoticiaz.com.br\\\/litoralsp\\\/2022\\\/07\\\/18\\\/cursos-do-visa-rapida-estao-disponiveis-na-baixada-santista\"},\"author\":{\"name\":\"Gustavo Silva\",\"@id\":\"https:\\\/\\\/redenoticiaz.com.br\\\/litoralsp\\\/#\\\/schema\\\/person\\\/16057b37a3c0ee6b096d7f887c566e2e\"},\"headline\":\"Cursos do Via R\u00e1pida est\u00e3o dispon\u00edveis na Baixada Santista\",\"datePublished\":\"2022-07-18T16:56:29+00:00\",\"dateModified\":\"2022-07-18T17:24:46+00:00\",\"mainEntityOfPage\":{\"@id\":\"https:\\\/\\\/redenoticiaz.com.br\\\/litoralsp\\\/2022\\\/07\\\/18\\\/cursos-do-visa-rapida-estao-disponiveis-na-baixada-santista\"},\"wordCount\":147,\"commentCount\":0,\"publisher\":{\"@id\":\"https:\\\/\\\/redenoticiaz.com.br\\\/litoralsp\\\/#organization\"},\"image\":{\"@id\":\"https:\\\/\\\/redenoticiaz.com.br\\\/litoralsp\\\/2022\\\/07\\\/18\\\/cursos-do-visa-rapida-estao-disponiveis-na-baixada-santista#primaryimage\"},\"thumbnailUrl\":\"https:\\\/\\\/redenoticiaz.com.br\\\/litoralsp\\\/wp-content\\\/uploads\\\/sites\\\/3\\\/2022\\\/07\\\/54820.jpg\",\"keywords\":[\"BAIXADA SANTISTA\",\"Cursos\",\"QUALIFICA\u00c7\u00c3O PROFISSIONAL\",\"via r\u00e1pida\"],\"articleSection\":[\"Cubat\u00e3o\",\"Guaruj\u00e1\",\"Peru\u00edbe\",\"Praia Grande\"],\"inLanguage\":\"pt-BR\",\"potentialAction\":[{\"@type\":\"CommentAction\",\"name\":\"Comment\",\"target\":[\"https:\\\/\\\/redenoticiaz.com.br\\\/litoralsp\\\/2022\\\/07\\\/18\\\/cursos-do-visa-rapida-estao-disponiveis-na-baixada-santista#respond\"]}]},{\"@type\":\"WebPage\",\"@id\":\"https:\\\/\\\/redenoticiaz.com.br\\\/litoralsp\\\/2022\\\/07\\\/18\\\/cursos-do-visa-rapida-estao-disponiveis-na-baixada-santista\",\"url\":\"https:\\\/\\\/redenoticiaz.com.br\\\/litoralsp\\\/2022\\\/07\\\/18\\\/cursos-do-visa-rapida-estao-disponiveis-na-baixada-santista\",\"name\":\"Cursos do Via R\u00e1pida est\u00e3o dispon\u00edveis na Baixada Santista - Litoral SP\",\"isPartOf\":{\"@id\":\"https:\\\/\\\/redenoticiaz.com.br\\\/litoralsp\\\/#website\"},\"primaryImageOfPage\":{\"@id\":\"https:\\\/\\\/redenoticiaz.com.br\\\/litoralsp\\\/2022\\\/07\\\/18\\\/cursos-do-visa-rapida-estao-disponiveis-na-baixada-santista#primaryimage\"},\"image\":{\"@id\":\"https:\\\/\\\/redenoticiaz.com.br\\\/litoralsp\\\/2022\\\/07\\\/18\\\/cursos-do-visa-rapida-estao-disponiveis-na-baixada-santista#primaryimage\"},\"thumbnailUrl\":\"https:\\\/\\\/redenoticiaz.com.br\\\/litoralsp\\\/wp-content\\\/uploads\\\/sites\\\/3\\\/2022\\\/07\\\/54820.jpg\",\"datePublished\":\"2022-07-18T16:56:29+00:00\",\"dateModified\":\"2022-07-18T17:24:46+00:00\",\"description\":\"Moradores da baixada santista poder\u00e3o se inscrever em cursos de qualifica\u00e7\u00e3o profissional do Via R\u00e1pida, do Governo do Estado de S\u00e3o Paulo.\",\"inLanguage\":\"pt-BR\",\"potentialAction\":[{\"@type\":\"ReadAction\",\"target\":[\"https:\\\/\\\/redenoticiaz.com.br\\\/litoralsp\\\/2022\\\/07\\\/18\\\/cursos-do-visa-rapida-estao-disponiveis-na-baixada-santista\"]}]},{\"@type\":\"ImageObject\",\"inLanguage\":\"pt-BR\",\"@id\":\"https:\\\/\\\/redenoticiaz.com.br\\\/litoralsp\\\/2022\\\/07\\\/18\\\/cursos-do-visa-rapida-estao-disponiveis-na-baixada-santista#primaryimage\",\"url\":\"https:\\\/\\\/redenoticiaz.com.br\\\/litoralsp\\\/wp-content\\\/uploads\\\/sites\\\/3\\\/2022\\\/07\\\/54820.jpg\",\"contentUrl\":\"https:\\\/\\\/redenoticiaz.com.br\\\/litoralsp\\\/wp-content\\\/uploads\\\/sites\\\/3\\\/2022\\\/07\\\/54820.jpg\",\"width\":800,\"height\":533,\"caption\":\"Cursos do Visa R\u00e1pida est\u00e3o dispon\u00edveis na Baixada Santista\"},{\"@type\":\"WebSite\",\"@id\":\"https:\\\/\\\/redenoticiaz.com.br\\\/litoralsp\\\/#website\",\"url\":\"https:\\\/\\\/redenoticiaz.com.br\\\/litoralsp\\\/\",\"name\":\"Litoral SP\",\"description\":\"Rede NoticiaZ\",\"publisher\":{\"@id\":\"https:\\\/\\\/redenoticiaz.com.br\\\/litoralsp\\\/#organization\"},\"potentialAction\":[{\"@type\":\"SearchAction\",\"target\":{\"@type\":\"EntryPoint\",\"urlTemplate\":\"https:\\\/\\\/redenoticiaz.com.br\\\/litoralsp\\\/?s={search_term_string}\"},\"query-input\":{\"@type\":\"PropertyValueSpecification\",\"valueRequired\":true,\"valueName\":\"search_term_string\"}}],\"inLanguage\":\"pt-BR\"},{\"@type\":\"Organization\",\"@id\":\"https:\\\/\\\/redenoticiaz.com.br\\\/litoralsp\\\/#organization\",\"name\":\"Litoral SP\",\"url\":\"https:\\\/\\\/redenoticiaz.com.br\\\/litoralsp\\\/\",\"logo\":{\"@type\":\"ImageObject\",\"inLanguage\":\"pt-BR\",\"@id\":\"https:\\\/\\\/redenoticiaz.com.br\\\/litoralsp\\\/#\\\/schema\\\/logo\\\/image\\\/\",\"url\":\"https:\\\/\\\/redenoticiaz.com.br\\\/litoralsp\\\/wp-content\\\/uploads\\\/sites\\\/3\\\/2020\\\/11\\\/logo.jpg\",\"contentUrl\":\"https:\\\/\\\/redenoticiaz.com.br\\\/litoralsp\\\/wp-content\\\/uploads\\\/sites\\\/3\\\/2020\\\/11\\\/logo.jpg\",\"width\":400,\"height\":250,\"caption\":\"Litoral SP\"},\"image\":{\"@id\":\"https:\\\/\\\/redenoticiaz.com.br\\\/litoralsp\\\/#\\\/schema\\\/logo\\\/image\\\/\"}},{\"@type\":\"Person\",\"@id\":\"https:\\\/\\\/redenoticiaz.com.br\\\/litoralsp\\\/#\\\/schema\\\/person\\\/16057b37a3c0ee6b096d7f887c566e2e\",\"name\":\"Gustavo Silva\",\"image\":{\"@type\":\"ImageObject\",\"inLanguage\":\"pt-BR\",\"@id\":\"https:\\\/\\\/secure.gravatar.com\\\/avatar\\\/3ee4e82f93b26de0a7cf4ea5eb7893da637ed6bb0c9170c58065944c56e28a33?s=96&d=mm&r=g\",\"url\":\"https:\\\/\\\/secure.gravatar.com\\\/avatar\\\/3ee4e82f93b26de0a7cf4ea5eb7893da637ed6bb0c9170c58065944c56e28a33?s=96&d=mm&r=g\",\"contentUrl\":\"https:\\\/\\\/secure.gravatar.com\\\/avatar\\\/3ee4e82f93b26de0a7cf4ea5eb7893da637ed6bb0c9170c58065944c56e28a33?s=96&d=mm&r=g\",\"caption\":\"Gustavo Silva\"},\"url\":\"https:\\\/\\\/redenoticiaz.com.br\\\/litoralsp\\\/author\\\/gustavosilva\"}]}<\/script>\n<!-- \/ Yoast SEO plugin. -->","yoast_head_json":{"title":"Cursos do Via R\u00e1pida est\u00e3o dispon\u00edveis na Baixada Santista - Litoral SP","description":"Moradores da baixada santista poder\u00e3o se inscrever em cursos de qualifica\u00e7\u00e3o profissional do Via R\u00e1pida, do Governo do Estado de S\u00e3o Paulo.","robots":{"index":"index","follow":"follow","max-snippet":"max-snippet:-1","max-image-preview":"max-image-preview:large","max-video-preview":"max-video-preview:-1"},"canonical":"https:\/\/redenoticiaz.com.br\/litoralsp\/2022\/07\/18\/cursos-do-visa-rapida-estao-disponiveis-na-baixada-santista","og_locale":"pt_BR","og_type":"article","og_title":"Cursos do Via R\u00e1pida est\u00e3o dispon\u00edveis na Baixada Santista - Litoral SP","og_description":"Moradores da baixada santista poder\u00e3o se inscrever em cursos de qualifica\u00e7\u00e3o profissional do Via R\u00e1pida, do Governo do Estado de S\u00e3o Paulo.","og_url":"https:\/\/redenoticiaz.com.br\/litoralsp\/2022\/07\/18\/cursos-do-visa-rapida-estao-disponiveis-na-baixada-santista","og_site_name":"Litoral SP","article_published_time":"2022-07-18T16:56:29+00:00","article_modified_time":"2022-07-18T17:24:46+00:00","og_image":[{"width":800,"height":533,"url":"https:\/\/redenoticiaz.com.br\/litoralsp\/wp-content\/uploads\/sites\/3\/2022\/07\/54820.jpg","type":"image\/jpeg"}],"author":"Gustavo Silva","twitter_card":"summary_large_image","twitter_misc":{"Escrito por":"Gustavo Silva","Est. tempo de leitura":"1 minuto"},"schema":{"@context":"https:\/\/schema.org","@graph":[{"@type":"Article","@id":"https:\/\/redenoticiaz.com.br\/litoralsp\/2022\/07\/18\/cursos-do-visa-rapida-estao-disponiveis-na-baixada-santista#article","isPartOf":{"@id":"https:\/\/redenoticiaz.com.br\/litoralsp\/2022\/07\/18\/cursos-do-visa-rapida-estao-disponiveis-na-baixada-santista"},"author":{"name":"Gustavo Silva","@id":"https:\/\/redenoticiaz.com.br\/litoralsp\/#\/schema\/person\/16057b37a3c0ee6b096d7f887c566e2e"},"headline":"Cursos do Via R\u00e1pida est\u00e3o dispon\u00edveis na Baixada Santista","datePublished":"2022-07-18T16:56:29+00:00","dateModified":"2022-07-18T17:24:46+00:00","mainEntityOfPage":{"@id":"https:\/\/redenoticiaz.com.br\/litoralsp\/2022\/07\/18\/cursos-do-visa-rapida-estao-disponiveis-na-baixada-santista"},"wordCount":147,"commentCount":0,"publisher":{"@id":"https:\/\/redenoticiaz.com.br\/litoralsp\/#organization"},"image":{"@id":"https:\/\/redenoticiaz.com.br\/litoralsp\/2022\/07\/18\/cursos-do-visa-rapida-estao-disponiveis-na-baixada-santista#primaryimage"},"thumbnailUrl":"https:\/\/redenoticiaz.com.br\/litoralsp\/wp-content\/uploads\/sites\/3\/2022\/07\/54820.jpg","keywords":["BAIXADA SANTISTA","Cursos","QUALIFICA\u00c7\u00c3O PROFISSIONAL","via r\u00e1pida"],"articleSection":["Cubat\u00e3o","Guaruj\u00e1","Peru\u00edbe","Praia Grande"],"inLanguage":"pt-BR","potentialAction":[{"@type":"CommentAction","name":"Comment","target":["https:\/\/redenoticiaz.com.br\/litoralsp\/2022\/07\/18\/cursos-do-visa-rapida-estao-disponiveis-na-baixada-santista#respond"]}]},{"@type":"WebPage","@id":"https:\/\/redenoticiaz.com.br\/litoralsp\/2022\/07\/18\/cursos-do-visa-rapida-estao-disponiveis-na-baixada-santista","url":"https:\/\/redenoticiaz.com.br\/litoralsp\/2022\/07\/18\/cursos-do-visa-rapida-estao-disponiveis-na-baixada-santista","name":"Cursos do Via R\u00e1pida est\u00e3o dispon\u00edveis na Baixada Santista - Litoral SP","isPartOf":{"@id":"https:\/\/redenoticiaz.com.br\/litoralsp\/#website"},"primaryImageOfPage":{"@id":"https:\/\/redenoticiaz.com.br\/litoralsp\/2022\/07\/18\/cursos-do-visa-rapida-estao-disponiveis-na-baixada-santista#primaryimage"},"image":{"@id":"https:\/\/redenoticiaz.com.br\/litoralsp\/2022\/07\/18\/cursos-do-visa-rapida-estao-disponiveis-na-baixada-santista#primaryimage"},"thumbnailUrl":"https:\/\/redenoticiaz.com.br\/litoralsp\/wp-content\/uploads\/sites\/3\/2022\/07\/54820.jpg","datePublished":"2022-07-18T16:56:29+00:00","dateModified":"2022-07-18T17:24:46+00:00","description":"Moradores da baixada santista poder\u00e3o se inscrever em cursos de qualifica\u00e7\u00e3o profissional do Via R\u00e1pida, do Governo do Estado de S\u00e3o Paulo.","inLanguage":"pt-BR","potentialAction":[{"@type":"ReadAction","target":["https:\/\/redenoticiaz.com.br\/litoralsp\/2022\/07\/18\/cursos-do-visa-rapida-estao-disponiveis-na-baixada-santista"]}]},{"@type":"ImageObject","inLanguage":"pt-BR","@id":"https:\/\/redenoticiaz.com.br\/litoralsp\/2022\/07\/18\/cursos-do-visa-rapida-estao-disponiveis-na-baixada-santista#primaryimage","url":"https:\/\/redenoticiaz.com.br\/litoralsp\/wp-content\/uploads\/sites\/3\/2022\/07\/54820.jpg","contentUrl":"https:\/\/redenoticiaz.com.br\/litoralsp\/wp-content\/uploads\/sites\/3\/2022\/07\/54820.jpg","width":800,"height":533,"caption":"Cursos do Visa R\u00e1pida est\u00e3o dispon\u00edveis na Baixada Santista"},{"@type":"WebSite","@id":"https:\/\/redenoticiaz.com.br\/litoralsp\/#website","url":"https:\/\/redenoticiaz.com.br\/litoralsp\/","name":"Litoral SP","description":"Rede NoticiaZ","publisher":{"@id":"https:\/\/redenoticiaz.com.br\/litoralsp\/#organization"},"potentialAction":[{"@type":"SearchAction","target":{"@type":"EntryPoint","urlTemplate":"https:\/\/redenoticiaz.com.br\/litoralsp\/?s={search_term_string}"},"query-input":{"@type":"PropertyValueSpecification","valueRequired":true,"valueName":"search_term_string"}}],"inLanguage":"pt-BR"},{"@type":"Organization","@id":"https:\/\/redenoticiaz.com.br\/litoralsp\/#organization","name":"Litoral SP","url":"https:\/\/redenoticiaz.com.br\/litoralsp\/","logo":{"@type":"ImageObject","inLanguage":"pt-BR","@id":"https:\/\/redenoticiaz.com.br\/litoralsp\/#\/schema\/logo\/image\/","url":"https:\/\/redenoticiaz.com.br\/litoralsp\/wp-content\/uploads\/sites\/3\/2020\/11\/logo.jpg","contentUrl":"https:\/\/redenoticiaz.com.br\/litoralsp\/wp-content\/uploads\/sites\/3\/2020\/11\/logo.jpg","width":400,"height":250,"caption":"Litoral SP"},"image":{"@id":"https:\/\/redenoticiaz.com.br\/litoralsp\/#\/schema\/logo\/image\/"}},{"@type":"Person","@id":"https:\/\/redenoticiaz.com.br\/litoralsp\/#\/schema\/person\/16057b37a3c0ee6b096d7f887c566e2e","name":"Gustavo Silva","image":{"@type":"ImageObject","inLanguage":"pt-BR","@id":"https:\/\/secure.gravatar.com\/avatar\/3ee4e82f93b26de0a7cf4ea5eb7893da637ed6bb0c9170c58065944c56e28a33?s=96&d=mm&r=g","url":"https:\/\/secure.gravatar.com\/avatar\/3ee4e82f93b26de0a7cf4ea5eb7893da637ed6bb0c9170c58065944c56e28a33?s=96&d=mm&r=g","contentUrl":"https:\/\/secure.gravatar.com\/avatar\/3ee4e82f93b26de0a7cf4ea5eb7893da637ed6bb0c9170c58065944c56e28a33?s=96&d=mm&r=g","caption":"Gustavo Silva"},"url":"https:\/\/redenoticiaz.com.br\/litoralsp\/author\/gustavosilva"}]}},"_links":{"self":[{"href":"https:\/\/redenoticiaz.com.br\/litoralsp\/wp-json\/wp\/v2\/posts\/88388","targetHints":{"allow":["GET"]}}],"collection":[{"href":"https:\/\/redenoticiaz.com.br\/litoralsp\/wp-json\/wp\/v2\/posts"}],"about":[{"href":"https:\/\/redenoticiaz.com.br\/litoralsp\/wp-json\/wp\/v2\/types\/post"}],"author":[{"embeddable":true,"href":"https:\/\/redenoticiaz.com.br\/litoralsp\/wp-json\/wp\/v2\/users\/12"}],"replies":[{"embeddable":true,"href":"https:\/\/redenoticiaz.com.br\/litoralsp\/wp-json\/wp\/v2\/comments?post=88388"}],"version-history":[{"count":2,"href":"https:\/\/redenoticiaz.com.br\/litoralsp\/wp-json\/wp\/v2\/posts\/88388\/revisions"}],"predecessor-version":[{"id":88395,"href":"https:\/\/redenoticiaz.com.br\/litoralsp\/wp-json\/wp\/v2\/posts\/88388\/revisions\/88395"}],"wp:featuredmedia":[{"embeddable":true,"href":"https:\/\/redenoticiaz.com.br\/litoralsp\/wp-json\/wp\/v2\/media\/88389"}],"wp:attachment":[{"href":"https:\/\/redenoticiaz.com.br\/litoralsp\/wp-json\/wp\/v2\/media?parent=88388"}],"wp:term":[{"taxonomy":"category","embeddable":true,"href":"https:\/\/redenoticiaz.com.br\/litoralsp\/wp-json\/wp\/v2\/categories?post=88388"},{"taxonomy":"post_tag","embeddable":true,"href":"https:\/\/redenoticiaz.com.br\/litoralsp\/wp-json\/wp\/v2\/tags?post=88388"}],"curies":[{"name":"wp","href":"https:\/\/api.w.org\/{rel}","templated":true}]}}