{"id":88572,"date":"2022-07-24T07:00:44","date_gmt":"2022-07-24T10:00:44","guid":{"rendered":"https:\/\/redenoticiaz.com.br\/litoralsp\/?p=88572"},"modified":"2022-07-20T16:12:23","modified_gmt":"2022-07-20T19:12:23","slug":"jornalista-encontra-na-terapia-holistica-uma-mudanca-de-vida","status":"publish","type":"post","link":"https:\/\/redenoticiaz.com.br\/litoralsp\/2022\/07\/24\/jornalista-encontra-na-terapia-holistica-uma-mudanca-de-vida","title":{"rendered":"Jornalista encontra na terapia hol\u00edstica uma mudan\u00e7a de vida"},"content":{"rendered":"<p>Quem n\u00e3o sonha em ter um emprego est\u00e1vel, de prefer\u00eancia no servi\u00e7o p\u00fablico, e permanecer na profiss\u00e3o at\u00e9 se aposentar? A resposta, para a maioria, seria sim. No entanto, tem vezes que a busca pode causar mal estar ao corpo e a mente e eles &#8220;clamam&#8221; por socorro. Um exemplo \u00e9 a <strong>terapia hol\u00edstica<\/strong>.<\/p>\n<p>Uma hist\u00f3ria que vale a pena contar \u00e9 da jornalista e servidora p\u00fablica municipal, Carla Palamone. Ela revela que come\u00e7ou a se questionar, quando passou dos 40, como acontece com muitas mulheres, com o avan\u00e7ar da idade. &#8220;Parecia que nada estava no lugar, que \u00e0queles sonhos que t\u00ednhamos na inf\u00e2ncia, pensando no futuro, n\u00e3o foram realizados por completo. Eram muitos pensamentos sobre o que eu ainda n\u00e3o tinha feito e quanto tempo teria pra fazer e se seria poss\u00edvel&#8221;.<\/p>\n<p>Apesar de sempre se dedicar a estudo e pr\u00e1ticas na sua vida, Carla despertou de forma mais forte para a espiritualidade aos 46 anos, quando se aprofundou nos estudos.<\/p>\n<p>E, com os sinais da vida, a jornalista conta que aos 47 anos &#8220;recome\u00e7ou&#8221;. Para isso, ela se dedicou a estudar sobre espiritualidade, principalmente na \u00e9poca da pandemia por conta da Covid-19, com forma\u00e7\u00e3o em novas t\u00e9cnicas.<\/p>\n<h3>Vantagens<\/h3>\n<p>Ela n\u00e3o deixou de ser servidora p\u00fablica, onde atua meio per\u00edodo na \u00e1rea administrativa. &#8220;Atualmente continuo na Prefeitura, pois sou concursada, mas, tenho jornada reduzida para conseguir atender como Terapeuta tamb\u00e9m. Aplico a t\u00e9cnica de Barras de Access, Biomagnetismo, Reiki, Indico Florais de Bach e Aromas. Criei um protocolo de atendimento que utiliza a Radiestesia e outras ferramentas para Reequil\u00edbrio Vibracional e Emocional&#8221;.<\/p>\n<p>A terapeuta ressalta que hoje, mais do que nunca, ap\u00f3s o Covid, as pessoas est\u00e3o abaladas emocionalmente e que essas t\u00e9cnicas podem ajudar bastante, pois acalmam, melhoram a qualidade do sono, reanimam e proporcionam bem-estar geral.<\/p>\n<p>&#8220;As Barras de Access \u00e9 uma t\u00e9cnica bem conhecida, mas o Biomagnetismo n\u00e3o. Trabalho tamb\u00e9m com outra ferramente a qual criei um protocolo, onde juntei v\u00e1rias t\u00e9cnicas num \u00fanico atendimento, que chamo de Reequil\u00edbrio Energ\u00e9tico e Emocional, pois tudo na vida tem energia, campo magn\u00e9tico, vibra\u00e7\u00e3o&#8221;, revela.<\/p>\n<p>&#8220;Isto \u00e9 f\u00edsica e comprovado pela Ci\u00eancia, inclusive as nossas emo\u00e7\u00f5es, tudo tem vibra\u00e7\u00e3o e \u00e9 poss\u00edvel medir a frequ\u00eancia em hertz como a raiva, a alegria, a tristeza, enfim, todos esses sentimentos e emo\u00e7\u00f5es que influenciam na sa\u00fade do nosso corpo f\u00edsico. Um exemplo disso \u00e9 o estresse que causa tantas outras doen\u00e7as, pois quando a gente est\u00e1 estressado libera muito cortisol, que em excesso faz mal \u00e0 sa\u00fade&#8221;.<\/p>\n<h3>Reequil\u00edbrio Emocional e Energ\u00e9tico<\/h3>\n<p>Nessa sess\u00e3o \u00e9 feito o rastreio do campo magn\u00e9tico e vibracional do cliente por meio da Radiestesia, bem como s\u00e3o rastreadas algumas emo\u00e7\u00f5es e identificadas as \u00e1reas da vida que, no momento, n\u00e3o est\u00e3o em equil\u00edbrio e consequentemente n\u00e3o contribuindo com o bem-estar do cliente.<\/p>\n<p>&#8220;Depois de feito o rastreio, realizamos o alinhamento de chakras (&#8220;pontos&#8221; de entrada e sa\u00edda de energia) e fazemos as Libera\u00e7\u00f5es Emocionais com t\u00e9cnicas do Biomagnetismo (utiliza\u00e7\u00e3o de \u00edm\u00e3s, exerc\u00edcios respirat\u00f3rios entre outras pr\u00e1ticas). Depois, rastreamos emo\u00e7\u00f5es a serem ativadas para proporcionar maior vigor e disposi\u00e7\u00e3o f\u00edsica e mental, bem como h\u00e1 indica\u00e7\u00e3o de Foral de Bach, aroma e pr\u00e1ticas que a pessoa poder\u00e1 fazer em casa&#8221;, explica Carla.<\/p>\n<h3>Sobre a Terapia de Biomagentismo<\/h3>\n<p>S\u00e3o dois tipos de sess\u00f5es, uma em que se trabalha com \u00edm\u00e3s de pot\u00eancia e polaridades adequadas direto no corpo pessoa para ajudar no tratamento de doen\u00e7as, dores, equil\u00edbrio do Ph etc. A outra sess\u00e3o j\u00e1 \u00a0\u00e9 direcionada \u00e0s emo\u00e7\u00f5es tem o nome de DAM &#8211; Desativa\u00e7\u00e3o e Ativa\u00e7\u00e3o Magn\u00e9tica Emocional.<\/p>\n<p>Carla explica que todas essas Terapias tratam o cliente como um ser integral e n\u00e3o separadamente cuidando s\u00f3 do corpo f\u00edsico. Cuidam e contribuem nos tratamentos de doen\u00e7as f\u00edsicas, emocionais e at\u00e9 espirituais.<\/p>\n<p>Hoje o <a href=\"https:\/\/conectesus-paciente.saude.gov.br\/\">SUS<\/a> oferece mais de dez Terapias Integrativas para auxiliar no tratamento de doen\u00e7as.\u00a0A Terapeuta ressalta que n\u00e3o devemos abandonar o tratamento m\u00e9dico, mas agregar essas t\u00e9cnicas aos tratamentos e at\u00e9 como forma preventiva.<\/p>\n<h3>Curiosidade<\/h3>\n<p>Tanto o Biomagnestimo quanto o Reiki podem ser aplicados em animais, ambientes, relacionamentos, neg\u00f3cios, pois tudo tem campo magn\u00e9tico, assim como a Terra, pois energias, pensamentos, vibra\u00e7\u00f5es s\u00e3o captadas em forma de ondas eletromagn\u00e9ticas.<\/p>\n<p>A terapeuta tamb\u00e9m oferece curso de Barras de Access e Palestra com pr\u00e1ticas para grupos corporativos.<\/p>\n<p><strong>LEIA TAMB\u00c9M<\/strong><\/p>\n<p><a href=\"https:\/\/redenoticiaz.com.br\/blog\/2022\/07\/17\/especialista-faz-alerta-sobre-os-riscos-da-automedicacao\">Especialista faz alerta sobre os riscos da automedica\u00e7\u00e3o<\/a><\/p>\n","protected":false},"excerpt":{"rendered":"<p>Quem n\u00e3o sonha em ter um emprego est\u00e1vel, de prefer\u00eancia no servi\u00e7o p\u00fablico, e permanecer na profiss\u00e3o at\u00e9 se aposentar? A resposta, para a maioria, seria sim. No entanto, tem vezes que a busca pode causar mal estar ao corpo e a mente e eles &#8220;clamam&#8221; por socorro. Um exemplo \u00e9 a terapia hol\u00edstica. Uma &hellip;<\/p>\n","protected":false},"author":6,"featured_media":88573,"comment_status":"open","ping_status":"closed","sticky":false,"template":"","format":"standard","meta":{"footnotes":""},"categories":[51760,2795],"tags":[14786,7644,58272,2289,31446],"class_list":["post-88572","post","type-post","status-publish","format-standard","has-post-thumbnail","hentry","category-saude-bem-estar","category-trabalho","tag-bem-estar","tag-carreira","tag-mudanca-de-vida","tag-terapia-holistica","tag-trabalho"],"yoast_head":"<!-- This site is optimized with the Yoast SEO plugin v27.5 - https:\/\/yoast.com\/product\/yoast-seo-wordpress\/ -->\n<title>Jornalista encontra na terapia hol\u00edstica uma mudan\u00e7a de vida - Litoral SP<\/title>\n<meta name=\"description\" content=\"No entanto, tem vezes que a busca pode causar mal estar ao corpo e a mente e eles &quot;clamam&quot; por socorro. Um exemplo \u00e9 a terapia hol\u00edstica.\" \/>\n<meta name=\"robots\" content=\"index, follow, max-snippet:-1, max-image-preview:large, max-video-preview:-1\" \/>\n<link rel=\"canonical\" href=\"https:\/\/redenoticiaz.com.br\/litoralsp\/2022\/07\/24\/jornalista-encontra-na-terapia-holistica-uma-mudanca-de-vida\" \/>\n<meta property=\"og:locale\" content=\"pt_BR\" \/>\n<meta property=\"og:type\" content=\"article\" \/>\n<meta property=\"og:title\" content=\"Jornalista encontra na terapia hol\u00edstica uma mudan\u00e7a de vida - Litoral SP\" \/>\n<meta property=\"og:description\" content=\"No entanto, tem vezes que a busca pode causar mal estar ao corpo e a mente e eles &quot;clamam&quot; por socorro. Um exemplo \u00e9 a terapia hol\u00edstica.\" \/>\n<meta property=\"og:url\" content=\"https:\/\/redenoticiaz.com.br\/litoralsp\/2022\/07\/24\/jornalista-encontra-na-terapia-holistica-uma-mudanca-de-vida\" \/>\n<meta property=\"og:site_name\" content=\"Litoral SP\" \/>\n<meta property=\"article:published_time\" content=\"2022-07-24T10:00:44+00:00\" \/>\n<meta property=\"og:image\" content=\"https:\/\/redenoticiaz.com.br\/litoralsp\/wp-content\/uploads\/sites\/3\/2022\/07\/Mundo-Pixar-Creditos-The-Walt-Disney-Company-Brasil-3-1-scaled.jpg\" \/>\n\t<meta property=\"og:image:width\" content=\"1620\" \/>\n\t<meta property=\"og:image:height\" content=\"1080\" \/>\n\t<meta property=\"og:image:type\" content=\"image\/jpeg\" \/>\n<meta name=\"author\" content=\"Leonardo Francisco\" \/>\n<meta name=\"twitter:card\" content=\"summary_large_image\" \/>\n<meta name=\"twitter:label1\" content=\"Escrito por\" \/>\n\t<meta name=\"twitter:data1\" content=\"Leonardo Francisco\" \/>\n\t<meta name=\"twitter:label2\" content=\"Est. tempo de leitura\" \/>\n\t<meta name=\"twitter:data2\" content=\"4 minutos\" \/>\n<script type=\"application\/ld+json\" class=\"yoast-schema-graph\">{\"@context\":\"https:\\\/\\\/schema.org\",\"@graph\":[{\"@type\":\"Article\",\"@id\":\"https:\\\/\\\/redenoticiaz.com.br\\\/litoralsp\\\/2022\\\/07\\\/24\\\/jornalista-encontra-na-terapia-holistica-uma-mudanca-de-vida#article\",\"isPartOf\":{\"@id\":\"https:\\\/\\\/redenoticiaz.com.br\\\/litoralsp\\\/2022\\\/07\\\/24\\\/jornalista-encontra-na-terapia-holistica-uma-mudanca-de-vida\"},\"author\":{\"name\":\"Leonardo Francisco\",\"@id\":\"https:\\\/\\\/redenoticiaz.com.br\\\/litoralsp\\\/#\\\/schema\\\/person\\\/0f0b8a5bdafefe82841e07ae8d81ecb3\"},\"headline\":\"Jornalista encontra na terapia hol\u00edstica uma mudan\u00e7a de vida\",\"datePublished\":\"2022-07-24T10:00:44+00:00\",\"mainEntityOfPage\":{\"@id\":\"https:\\\/\\\/redenoticiaz.com.br\\\/litoralsp\\\/2022\\\/07\\\/24\\\/jornalista-encontra-na-terapia-holistica-uma-mudanca-de-vida\"},\"wordCount\":819,\"commentCount\":0,\"publisher\":{\"@id\":\"https:\\\/\\\/redenoticiaz.com.br\\\/litoralsp\\\/#organization\"},\"image\":{\"@id\":\"https:\\\/\\\/redenoticiaz.com.br\\\/litoralsp\\\/2022\\\/07\\\/24\\\/jornalista-encontra-na-terapia-holistica-uma-mudanca-de-vida#primaryimage\"},\"thumbnailUrl\":\"https:\\\/\\\/redenoticiaz.com.br\\\/litoralsp\\\/wp-content\\\/uploads\\\/sites\\\/3\\\/2022\\\/07\\\/Carla3.jpeg?v=1658344300\",\"keywords\":[\"BEM ESTAR\",\"CARREIRA\",\"MUDAN\u00c7A DE VIDA\",\"TERAPIA HOL\u00cdSTICA\",\"trabalho\"],\"articleSection\":[\"Sa\u00fade &amp; Bem-Estar\",\"Trabalho\"],\"inLanguage\":\"pt-BR\",\"potentialAction\":[{\"@type\":\"CommentAction\",\"name\":\"Comment\",\"target\":[\"https:\\\/\\\/redenoticiaz.com.br\\\/litoralsp\\\/2022\\\/07\\\/24\\\/jornalista-encontra-na-terapia-holistica-uma-mudanca-de-vida#respond\"]}]},{\"@type\":\"WebPage\",\"@id\":\"https:\\\/\\\/redenoticiaz.com.br\\\/litoralsp\\\/2022\\\/07\\\/24\\\/jornalista-encontra-na-terapia-holistica-uma-mudanca-de-vida\",\"url\":\"https:\\\/\\\/redenoticiaz.com.br\\\/litoralsp\\\/2022\\\/07\\\/24\\\/jornalista-encontra-na-terapia-holistica-uma-mudanca-de-vida\",\"name\":\"Jornalista encontra na terapia hol\u00edstica uma mudan\u00e7a de vida - Litoral SP\",\"isPartOf\":{\"@id\":\"https:\\\/\\\/redenoticiaz.com.br\\\/litoralsp\\\/#website\"},\"primaryImageOfPage\":{\"@id\":\"https:\\\/\\\/redenoticiaz.com.br\\\/litoralsp\\\/2022\\\/07\\\/24\\\/jornalista-encontra-na-terapia-holistica-uma-mudanca-de-vida#primaryimage\"},\"image\":{\"@id\":\"https:\\\/\\\/redenoticiaz.com.br\\\/litoralsp\\\/2022\\\/07\\\/24\\\/jornalista-encontra-na-terapia-holistica-uma-mudanca-de-vida#primaryimage\"},\"thumbnailUrl\":\"https:\\\/\\\/redenoticiaz.com.br\\\/litoralsp\\\/wp-content\\\/uploads\\\/sites\\\/3\\\/2022\\\/07\\\/Carla3.jpeg?v=1658344300\",\"datePublished\":\"2022-07-24T10:00:44+00:00\",\"description\":\"No entanto, tem vezes que a busca pode causar mal estar ao corpo e a mente e eles \\\"clamam\\\" por socorro. Um exemplo \u00e9 a terapia hol\u00edstica.\",\"inLanguage\":\"pt-BR\",\"potentialAction\":[{\"@type\":\"ReadAction\",\"target\":[\"https:\\\/\\\/redenoticiaz.com.br\\\/litoralsp\\\/2022\\\/07\\\/24\\\/jornalista-encontra-na-terapia-holistica-uma-mudanca-de-vida\"]}]},{\"@type\":\"ImageObject\",\"inLanguage\":\"pt-BR\",\"@id\":\"https:\\\/\\\/redenoticiaz.com.br\\\/litoralsp\\\/2022\\\/07\\\/24\\\/jornalista-encontra-na-terapia-holistica-uma-mudanca-de-vida#primaryimage\",\"url\":\"https:\\\/\\\/redenoticiaz.com.br\\\/litoralsp\\\/wp-content\\\/uploads\\\/sites\\\/3\\\/2022\\\/07\\\/Carla3.jpeg?v=1658344300\",\"contentUrl\":\"https:\\\/\\\/redenoticiaz.com.br\\\/litoralsp\\\/wp-content\\\/uploads\\\/sites\\\/3\\\/2022\\\/07\\\/Carla3.jpeg?v=1658344300\",\"width\":1056,\"height\":1150,\"caption\":\"Cr\u00e9ditos: Divulga\u00e7\u00e3o\"},{\"@type\":\"WebSite\",\"@id\":\"https:\\\/\\\/redenoticiaz.com.br\\\/litoralsp\\\/#website\",\"url\":\"https:\\\/\\\/redenoticiaz.com.br\\\/litoralsp\\\/\",\"name\":\"Litoral SP\",\"description\":\"Rede NoticiaZ\",\"publisher\":{\"@id\":\"https:\\\/\\\/redenoticiaz.com.br\\\/litoralsp\\\/#organization\"},\"potentialAction\":[{\"@type\":\"SearchAction\",\"target\":{\"@type\":\"EntryPoint\",\"urlTemplate\":\"https:\\\/\\\/redenoticiaz.com.br\\\/litoralsp\\\/?s={search_term_string}\"},\"query-input\":{\"@type\":\"PropertyValueSpecification\",\"valueRequired\":true,\"valueName\":\"search_term_string\"}}],\"inLanguage\":\"pt-BR\"},{\"@type\":\"Organization\",\"@id\":\"https:\\\/\\\/redenoticiaz.com.br\\\/litoralsp\\\/#organization\",\"name\":\"Litoral SP\",\"url\":\"https:\\\/\\\/redenoticiaz.com.br\\\/litoralsp\\\/\",\"logo\":{\"@type\":\"ImageObject\",\"inLanguage\":\"pt-BR\",\"@id\":\"https:\\\/\\\/redenoticiaz.com.br\\\/litoralsp\\\/#\\\/schema\\\/logo\\\/image\\\/\",\"url\":\"https:\\\/\\\/redenoticiaz.com.br\\\/litoralsp\\\/wp-content\\\/uploads\\\/sites\\\/3\\\/2020\\\/11\\\/logo.jpg\",\"contentUrl\":\"https:\\\/\\\/redenoticiaz.com.br\\\/litoralsp\\\/wp-content\\\/uploads\\\/sites\\\/3\\\/2020\\\/11\\\/logo.jpg\",\"width\":400,\"height\":250,\"caption\":\"Litoral SP\"},\"image\":{\"@id\":\"https:\\\/\\\/redenoticiaz.com.br\\\/litoralsp\\\/#\\\/schema\\\/logo\\\/image\\\/\"}},{\"@type\":\"Person\",\"@id\":\"https:\\\/\\\/redenoticiaz.com.br\\\/litoralsp\\\/#\\\/schema\\\/person\\\/0f0b8a5bdafefe82841e07ae8d81ecb3\",\"name\":\"Leonardo Francisco\",\"image\":{\"@type\":\"ImageObject\",\"inLanguage\":\"pt-BR\",\"@id\":\"https:\\\/\\\/secure.gravatar.com\\\/avatar\\\/a7358cb406a99b682ec6df1e77e31ae82e63601f6784e8a3df411d72b37864da?s=96&d=mm&r=g\",\"url\":\"https:\\\/\\\/secure.gravatar.com\\\/avatar\\\/a7358cb406a99b682ec6df1e77e31ae82e63601f6784e8a3df411d72b37864da?s=96&d=mm&r=g\",\"contentUrl\":\"https:\\\/\\\/secure.gravatar.com\\\/avatar\\\/a7358cb406a99b682ec6df1e77e31ae82e63601f6784e8a3df411d72b37864da?s=96&d=mm&r=g\",\"caption\":\"Leonardo Francisco\"},\"url\":\"https:\\\/\\\/redenoticiaz.com.br\\\/litoralsp\\\/author\\\/leonardo-francisco\"}]}<\/script>\n<!-- \/ Yoast SEO plugin. -->","yoast_head_json":{"title":"Jornalista encontra na terapia hol\u00edstica uma mudan\u00e7a de vida - Litoral SP","description":"No entanto, tem vezes que a busca pode causar mal estar ao corpo e a mente e eles \"clamam\" por socorro. Um exemplo \u00e9 a terapia hol\u00edstica.","robots":{"index":"index","follow":"follow","max-snippet":"max-snippet:-1","max-image-preview":"max-image-preview:large","max-video-preview":"max-video-preview:-1"},"canonical":"https:\/\/redenoticiaz.com.br\/litoralsp\/2022\/07\/24\/jornalista-encontra-na-terapia-holistica-uma-mudanca-de-vida","og_locale":"pt_BR","og_type":"article","og_title":"Jornalista encontra na terapia hol\u00edstica uma mudan\u00e7a de vida - Litoral SP","og_description":"No entanto, tem vezes que a busca pode causar mal estar ao corpo e a mente e eles \"clamam\" por socorro. Um exemplo \u00e9 a terapia hol\u00edstica.","og_url":"https:\/\/redenoticiaz.com.br\/litoralsp\/2022\/07\/24\/jornalista-encontra-na-terapia-holistica-uma-mudanca-de-vida","og_site_name":"Litoral SP","article_published_time":"2022-07-24T10:00:44+00:00","og_image":[{"width":1620,"height":1080,"url":"https:\/\/redenoticiaz.com.br\/litoralsp\/wp-content\/uploads\/sites\/3\/2022\/07\/Mundo-Pixar-Creditos-The-Walt-Disney-Company-Brasil-3-1-scaled.jpg","type":"image\/jpeg"}],"author":"Leonardo Francisco","twitter_card":"summary_large_image","twitter_misc":{"Escrito por":"Leonardo Francisco","Est. tempo de leitura":"4 minutos"},"schema":{"@context":"https:\/\/schema.org","@graph":[{"@type":"Article","@id":"https:\/\/redenoticiaz.com.br\/litoralsp\/2022\/07\/24\/jornalista-encontra-na-terapia-holistica-uma-mudanca-de-vida#article","isPartOf":{"@id":"https:\/\/redenoticiaz.com.br\/litoralsp\/2022\/07\/24\/jornalista-encontra-na-terapia-holistica-uma-mudanca-de-vida"},"author":{"name":"Leonardo Francisco","@id":"https:\/\/redenoticiaz.com.br\/litoralsp\/#\/schema\/person\/0f0b8a5bdafefe82841e07ae8d81ecb3"},"headline":"Jornalista encontra na terapia hol\u00edstica uma mudan\u00e7a de vida","datePublished":"2022-07-24T10:00:44+00:00","mainEntityOfPage":{"@id":"https:\/\/redenoticiaz.com.br\/litoralsp\/2022\/07\/24\/jornalista-encontra-na-terapia-holistica-uma-mudanca-de-vida"},"wordCount":819,"commentCount":0,"publisher":{"@id":"https:\/\/redenoticiaz.com.br\/litoralsp\/#organization"},"image":{"@id":"https:\/\/redenoticiaz.com.br\/litoralsp\/2022\/07\/24\/jornalista-encontra-na-terapia-holistica-uma-mudanca-de-vida#primaryimage"},"thumbnailUrl":"https:\/\/redenoticiaz.com.br\/litoralsp\/wp-content\/uploads\/sites\/3\/2022\/07\/Carla3.jpeg?v=1658344300","keywords":["BEM ESTAR","CARREIRA","MUDAN\u00c7A DE VIDA","TERAPIA HOL\u00cdSTICA","trabalho"],"articleSection":["Sa\u00fade &amp; Bem-Estar","Trabalho"],"inLanguage":"pt-BR","potentialAction":[{"@type":"CommentAction","name":"Comment","target":["https:\/\/redenoticiaz.com.br\/litoralsp\/2022\/07\/24\/jornalista-encontra-na-terapia-holistica-uma-mudanca-de-vida#respond"]}]},{"@type":"WebPage","@id":"https:\/\/redenoticiaz.com.br\/litoralsp\/2022\/07\/24\/jornalista-encontra-na-terapia-holistica-uma-mudanca-de-vida","url":"https:\/\/redenoticiaz.com.br\/litoralsp\/2022\/07\/24\/jornalista-encontra-na-terapia-holistica-uma-mudanca-de-vida","name":"Jornalista encontra na terapia hol\u00edstica uma mudan\u00e7a de vida - Litoral SP","isPartOf":{"@id":"https:\/\/redenoticiaz.com.br\/litoralsp\/#website"},"primaryImageOfPage":{"@id":"https:\/\/redenoticiaz.com.br\/litoralsp\/2022\/07\/24\/jornalista-encontra-na-terapia-holistica-uma-mudanca-de-vida#primaryimage"},"image":{"@id":"https:\/\/redenoticiaz.com.br\/litoralsp\/2022\/07\/24\/jornalista-encontra-na-terapia-holistica-uma-mudanca-de-vida#primaryimage"},"thumbnailUrl":"https:\/\/redenoticiaz.com.br\/litoralsp\/wp-content\/uploads\/sites\/3\/2022\/07\/Carla3.jpeg?v=1658344300","datePublished":"2022-07-24T10:00:44+00:00","description":"No entanto, tem vezes que a busca pode causar mal estar ao corpo e a mente e eles \"clamam\" por socorro. Um exemplo \u00e9 a terapia hol\u00edstica.","inLanguage":"pt-BR","potentialAction":[{"@type":"ReadAction","target":["https:\/\/redenoticiaz.com.br\/litoralsp\/2022\/07\/24\/jornalista-encontra-na-terapia-holistica-uma-mudanca-de-vida"]}]},{"@type":"ImageObject","inLanguage":"pt-BR","@id":"https:\/\/redenoticiaz.com.br\/litoralsp\/2022\/07\/24\/jornalista-encontra-na-terapia-holistica-uma-mudanca-de-vida#primaryimage","url":"https:\/\/redenoticiaz.com.br\/litoralsp\/wp-content\/uploads\/sites\/3\/2022\/07\/Carla3.jpeg?v=1658344300","contentUrl":"https:\/\/redenoticiaz.com.br\/litoralsp\/wp-content\/uploads\/sites\/3\/2022\/07\/Carla3.jpeg?v=1658344300","width":1056,"height":1150,"caption":"Cr\u00e9ditos: Divulga\u00e7\u00e3o"},{"@type":"WebSite","@id":"https:\/\/redenoticiaz.com.br\/litoralsp\/#website","url":"https:\/\/redenoticiaz.com.br\/litoralsp\/","name":"Litoral SP","description":"Rede NoticiaZ","publisher":{"@id":"https:\/\/redenoticiaz.com.br\/litoralsp\/#organization"},"potentialAction":[{"@type":"SearchAction","target":{"@type":"EntryPoint","urlTemplate":"https:\/\/redenoticiaz.com.br\/litoralsp\/?s={search_term_string}"},"query-input":{"@type":"PropertyValueSpecification","valueRequired":true,"valueName":"search_term_string"}}],"inLanguage":"pt-BR"},{"@type":"Organization","@id":"https:\/\/redenoticiaz.com.br\/litoralsp\/#organization","name":"Litoral SP","url":"https:\/\/redenoticiaz.com.br\/litoralsp\/","logo":{"@type":"ImageObject","inLanguage":"pt-BR","@id":"https:\/\/redenoticiaz.com.br\/litoralsp\/#\/schema\/logo\/image\/","url":"https:\/\/redenoticiaz.com.br\/litoralsp\/wp-content\/uploads\/sites\/3\/2020\/11\/logo.jpg","contentUrl":"https:\/\/redenoticiaz.com.br\/litoralsp\/wp-content\/uploads\/sites\/3\/2020\/11\/logo.jpg","width":400,"height":250,"caption":"Litoral SP"},"image":{"@id":"https:\/\/redenoticiaz.com.br\/litoralsp\/#\/schema\/logo\/image\/"}},{"@type":"Person","@id":"https:\/\/redenoticiaz.com.br\/litoralsp\/#\/schema\/person\/0f0b8a5bdafefe82841e07ae8d81ecb3","name":"Leonardo Francisco","image":{"@type":"ImageObject","inLanguage":"pt-BR","@id":"https:\/\/secure.gravatar.com\/avatar\/a7358cb406a99b682ec6df1e77e31ae82e63601f6784e8a3df411d72b37864da?s=96&d=mm&r=g","url":"https:\/\/secure.gravatar.com\/avatar\/a7358cb406a99b682ec6df1e77e31ae82e63601f6784e8a3df411d72b37864da?s=96&d=mm&r=g","contentUrl":"https:\/\/secure.gravatar.com\/avatar\/a7358cb406a99b682ec6df1e77e31ae82e63601f6784e8a3df411d72b37864da?s=96&d=mm&r=g","caption":"Leonardo Francisco"},"url":"https:\/\/redenoticiaz.com.br\/litoralsp\/author\/leonardo-francisco"}]}},"_links":{"self":[{"href":"https:\/\/redenoticiaz.com.br\/litoralsp\/wp-json\/wp\/v2\/posts\/88572","targetHints":{"allow":["GET"]}}],"collection":[{"href":"https:\/\/redenoticiaz.com.br\/litoralsp\/wp-json\/wp\/v2\/posts"}],"about":[{"href":"https:\/\/redenoticiaz.com.br\/litoralsp\/wp-json\/wp\/v2\/types\/post"}],"author":[{"embeddable":true,"href":"https:\/\/redenoticiaz.com.br\/litoralsp\/wp-json\/wp\/v2\/users\/6"}],"replies":[{"embeddable":true,"href":"https:\/\/redenoticiaz.com.br\/litoralsp\/wp-json\/wp\/v2\/comments?post=88572"}],"version-history":[{"count":0,"href":"https:\/\/redenoticiaz.com.br\/litoralsp\/wp-json\/wp\/v2\/posts\/88572\/revisions"}],"wp:featuredmedia":[{"embeddable":true,"href":"https:\/\/redenoticiaz.com.br\/litoralsp\/wp-json\/wp\/v2\/media\/88573"}],"wp:attachment":[{"href":"https:\/\/redenoticiaz.com.br\/litoralsp\/wp-json\/wp\/v2\/media?parent=88572"}],"wp:term":[{"taxonomy":"category","embeddable":true,"href":"https:\/\/redenoticiaz.com.br\/litoralsp\/wp-json\/wp\/v2\/categories?post=88572"},{"taxonomy":"post_tag","embeddable":true,"href":"https:\/\/redenoticiaz.com.br\/litoralsp\/wp-json\/wp\/v2\/tags?post=88572"}],"curies":[{"name":"wp","href":"https:\/\/api.w.org\/{rel}","templated":true}]}}