{"id":88832,"date":"2022-07-23T13:26:42","date_gmt":"2022-07-23T16:26:42","guid":{"rendered":"https:\/\/redenoticiaz.com.br\/litoralsp\/?p=88832"},"modified":"2022-07-23T13:26:42","modified_gmt":"2022-07-23T16:26:42","slug":"homem-e-preso-por-estelionato-em-praia-grande","status":"publish","type":"post","link":"https:\/\/redenoticiaz.com.br\/litoralsp\/2022\/07\/23\/homem-e-preso-por-estelionato-em-praia-grande","title":{"rendered":"Homem \u00e9 preso por estelionato em Praia Grande"},"content":{"rendered":"<p>Um homem foi preso por estelionato por policiais da Delegacia de Investiga\u00e7\u00f5es Gerais \u2013 DIG de Praia Grande na noite desta sexta-feira (22).<\/p>\n<p>De acordo com as autoridades, o homem de 26 anos foi condenado por estelionato em 2013 e era investigado pelo 30\u00ba Distrito Policial do Tatuap\u00e9.<\/p>\n<p>Ainda de acordo com a Pol\u00edcia, investiga\u00e7\u00f5es indicaram que o suspeito estava morando em um condom\u00ednio\u00a0na Avenida Dom Pedro II, no bairro Cidade Ocian.<\/p>\n<p>Sendo assim, ap\u00f3s um per\u00edodo observando o local, o suspeito foi avistado entrando no im\u00f3vel quando foi abordado pelas equipes. Ele confirmou o mandado de pris\u00e3o.<\/p>\n<p>Ele foi conduzido \u00e0quela Delegacia de Pol\u00edcia Especializada e encaminhado \u00e0 cadeia p\u00fablica, onde permanecer\u00e1 \u00e0 disposi\u00e7\u00e3o da justi\u00e7a.<\/p>\n<p><strong>Leia mais<\/strong><\/p>\n<p><a href=\"https:\/\/redenoticiaz.com.br\/litoralsp\/2022\/07\/07\/homem-e-preso-em-flagrante-por-estelionato-dentro-de-agencia-bancaria\">Homem \u00e9 preso em flagrante por estelionato dentro de ag\u00eancia banc\u00e1ria<\/a><\/p>\n","protected":false},"excerpt":{"rendered":"<p>Um homem foi preso por estelionato por policiais da Delegacia de Investiga\u00e7\u00f5es Gerais \u2013 DIG de Praia Grande na noite desta sexta-feira (22). De acordo com as autoridades, o homem de 26 anos foi condenado por estelionato em 2013 e era investigado pelo 30\u00ba Distrito Policial do Tatuap\u00e9. Ainda de acordo com a Pol\u00edcia, investiga\u00e7\u00f5es &hellip;<\/p>\n","protected":false},"author":12,"featured_media":88833,"comment_status":"open","ping_status":"closed","sticky":false,"template":"","format":"standard","meta":{"footnotes":""},"categories":[182],"tags":[58372,57892,30249,1101],"class_list":["post-88832","post","type-post","status-publish","format-standard","has-post-thumbnail","hentry","category-praia-grande","tag-delegacia-de-tatuape","tag-dig-praia-grande","tag-estelionato","tag-praia-grande"],"yoast_head":"<!-- This site is optimized with the Yoast SEO plugin v27.5 - https:\/\/yoast.com\/product\/yoast-seo-wordpress\/ -->\n<title>Homem \u00e9 preso por estelionato em Praia Grande - Litoral SP<\/title>\n<meta name=\"description\" content=\"Um homem foi preso por estelionato por policiais da Delegacia de Investiga\u00e7\u00f5es Gerais \u2013 DIG de Praia Grande na noite desta sexta-feira (22).\" \/>\n<meta name=\"robots\" content=\"index, follow, max-snippet:-1, max-image-preview:large, max-video-preview:-1\" \/>\n<link rel=\"canonical\" href=\"https:\/\/redenoticiaz.com.br\/litoralsp\/2022\/07\/23\/homem-e-preso-por-estelionato-em-praia-grande\" \/>\n<meta property=\"og:locale\" content=\"pt_BR\" \/>\n<meta property=\"og:type\" content=\"article\" \/>\n<meta property=\"og:title\" content=\"Homem \u00e9 preso por estelionato em Praia Grande - Litoral SP\" \/>\n<meta property=\"og:description\" content=\"Um homem foi preso por estelionato por policiais da Delegacia de Investiga\u00e7\u00f5es Gerais \u2013 DIG de Praia Grande na noite desta sexta-feira (22).\" \/>\n<meta property=\"og:url\" content=\"https:\/\/redenoticiaz.com.br\/litoralsp\/2022\/07\/23\/homem-e-preso-por-estelionato-em-praia-grande\" \/>\n<meta property=\"og:site_name\" content=\"Litoral SP\" \/>\n<meta property=\"article:published_time\" content=\"2022-07-23T16:26:42+00:00\" \/>\n<meta property=\"og:image\" content=\"https:\/\/redenoticiaz.com.br\/litoralsp\/wp-content\/uploads\/sites\/3\/2022\/07\/whatsapp-image-2021-03-09-at-10.42.59.jpg\" \/>\n\t<meta property=\"og:image:width\" content=\"1200\" \/>\n\t<meta property=\"og:image:height\" content=\"799\" \/>\n\t<meta property=\"og:image:type\" content=\"image\/jpeg\" \/>\n<meta name=\"author\" content=\"Gustavo Silva\" \/>\n<meta name=\"twitter:card\" content=\"summary_large_image\" \/>\n<meta name=\"twitter:label1\" content=\"Escrito por\" \/>\n\t<meta name=\"twitter:data1\" content=\"Gustavo Silva\" \/>\n\t<meta name=\"twitter:label2\" content=\"Est. tempo de leitura\" \/>\n\t<meta name=\"twitter:data2\" content=\"1 minuto\" \/>\n<script type=\"application\/ld+json\" class=\"yoast-schema-graph\">{\"@context\":\"https:\\\/\\\/schema.org\",\"@graph\":[{\"@type\":\"Article\",\"@id\":\"https:\\\/\\\/redenoticiaz.com.br\\\/litoralsp\\\/2022\\\/07\\\/23\\\/homem-e-preso-por-estelionato-em-praia-grande#article\",\"isPartOf\":{\"@id\":\"https:\\\/\\\/redenoticiaz.com.br\\\/litoralsp\\\/2022\\\/07\\\/23\\\/homem-e-preso-por-estelionato-em-praia-grande\"},\"author\":{\"name\":\"Gustavo Silva\",\"@id\":\"https:\\\/\\\/redenoticiaz.com.br\\\/litoralsp\\\/#\\\/schema\\\/person\\\/16057b37a3c0ee6b096d7f887c566e2e\"},\"headline\":\"Homem \u00e9 preso por estelionato em Praia Grande\",\"datePublished\":\"2022-07-23T16:26:42+00:00\",\"mainEntityOfPage\":{\"@id\":\"https:\\\/\\\/redenoticiaz.com.br\\\/litoralsp\\\/2022\\\/07\\\/23\\\/homem-e-preso-por-estelionato-em-praia-grande\"},\"wordCount\":144,\"commentCount\":0,\"publisher\":{\"@id\":\"https:\\\/\\\/redenoticiaz.com.br\\\/litoralsp\\\/#organization\"},\"image\":{\"@id\":\"https:\\\/\\\/redenoticiaz.com.br\\\/litoralsp\\\/2022\\\/07\\\/23\\\/homem-e-preso-por-estelionato-em-praia-grande#primaryimage\"},\"thumbnailUrl\":\"https:\\\/\\\/redenoticiaz.com.br\\\/litoralsp\\\/wp-content\\\/uploads\\\/sites\\\/3\\\/2022\\\/07\\\/whatsapp-image-2021-03-09-at-10.42.59.jpg\",\"keywords\":[\"delegacia de tatuap\u00e9\",\"dig praia grande\",\"ESTELIONATO\",\"PRAIA GRANDE\"],\"articleSection\":[\"Praia Grande\"],\"inLanguage\":\"pt-BR\",\"potentialAction\":[{\"@type\":\"CommentAction\",\"name\":\"Comment\",\"target\":[\"https:\\\/\\\/redenoticiaz.com.br\\\/litoralsp\\\/2022\\\/07\\\/23\\\/homem-e-preso-por-estelionato-em-praia-grande#respond\"]}]},{\"@type\":\"WebPage\",\"@id\":\"https:\\\/\\\/redenoticiaz.com.br\\\/litoralsp\\\/2022\\\/07\\\/23\\\/homem-e-preso-por-estelionato-em-praia-grande\",\"url\":\"https:\\\/\\\/redenoticiaz.com.br\\\/litoralsp\\\/2022\\\/07\\\/23\\\/homem-e-preso-por-estelionato-em-praia-grande\",\"name\":\"Homem \u00e9 preso por estelionato em Praia Grande - Litoral SP\",\"isPartOf\":{\"@id\":\"https:\\\/\\\/redenoticiaz.com.br\\\/litoralsp\\\/#website\"},\"primaryImageOfPage\":{\"@id\":\"https:\\\/\\\/redenoticiaz.com.br\\\/litoralsp\\\/2022\\\/07\\\/23\\\/homem-e-preso-por-estelionato-em-praia-grande#primaryimage\"},\"image\":{\"@id\":\"https:\\\/\\\/redenoticiaz.com.br\\\/litoralsp\\\/2022\\\/07\\\/23\\\/homem-e-preso-por-estelionato-em-praia-grande#primaryimage\"},\"thumbnailUrl\":\"https:\\\/\\\/redenoticiaz.com.br\\\/litoralsp\\\/wp-content\\\/uploads\\\/sites\\\/3\\\/2022\\\/07\\\/whatsapp-image-2021-03-09-at-10.42.59.jpg\",\"datePublished\":\"2022-07-23T16:26:42+00:00\",\"description\":\"Um homem foi preso por estelionato por policiais da Delegacia de Investiga\u00e7\u00f5es Gerais \u2013 DIG de Praia Grande na noite desta sexta-feira (22).\",\"inLanguage\":\"pt-BR\",\"potentialAction\":[{\"@type\":\"ReadAction\",\"target\":[\"https:\\\/\\\/redenoticiaz.com.br\\\/litoralsp\\\/2022\\\/07\\\/23\\\/homem-e-preso-por-estelionato-em-praia-grande\"]}]},{\"@type\":\"ImageObject\",\"inLanguage\":\"pt-BR\",\"@id\":\"https:\\\/\\\/redenoticiaz.com.br\\\/litoralsp\\\/2022\\\/07\\\/23\\\/homem-e-preso-por-estelionato-em-praia-grande#primaryimage\",\"url\":\"https:\\\/\\\/redenoticiaz.com.br\\\/litoralsp\\\/wp-content\\\/uploads\\\/sites\\\/3\\\/2022\\\/07\\\/whatsapp-image-2021-03-09-at-10.42.59.jpg\",\"contentUrl\":\"https:\\\/\\\/redenoticiaz.com.br\\\/litoralsp\\\/wp-content\\\/uploads\\\/sites\\\/3\\\/2022\\\/07\\\/whatsapp-image-2021-03-09-at-10.42.59.jpg\",\"width\":1200,\"height\":799,\"caption\":\"Homem \u00e9 preso por estelionato em Praia Grande\"},{\"@type\":\"WebSite\",\"@id\":\"https:\\\/\\\/redenoticiaz.com.br\\\/litoralsp\\\/#website\",\"url\":\"https:\\\/\\\/redenoticiaz.com.br\\\/litoralsp\\\/\",\"name\":\"Litoral SP\",\"description\":\"Rede NoticiaZ\",\"publisher\":{\"@id\":\"https:\\\/\\\/redenoticiaz.com.br\\\/litoralsp\\\/#organization\"},\"potentialAction\":[{\"@type\":\"SearchAction\",\"target\":{\"@type\":\"EntryPoint\",\"urlTemplate\":\"https:\\\/\\\/redenoticiaz.com.br\\\/litoralsp\\\/?s={search_term_string}\"},\"query-input\":{\"@type\":\"PropertyValueSpecification\",\"valueRequired\":true,\"valueName\":\"search_term_string\"}}],\"inLanguage\":\"pt-BR\"},{\"@type\":\"Organization\",\"@id\":\"https:\\\/\\\/redenoticiaz.com.br\\\/litoralsp\\\/#organization\",\"name\":\"Litoral SP\",\"url\":\"https:\\\/\\\/redenoticiaz.com.br\\\/litoralsp\\\/\",\"logo\":{\"@type\":\"ImageObject\",\"inLanguage\":\"pt-BR\",\"@id\":\"https:\\\/\\\/redenoticiaz.com.br\\\/litoralsp\\\/#\\\/schema\\\/logo\\\/image\\\/\",\"url\":\"https:\\\/\\\/redenoticiaz.com.br\\\/litoralsp\\\/wp-content\\\/uploads\\\/sites\\\/3\\\/2020\\\/11\\\/logo.jpg\",\"contentUrl\":\"https:\\\/\\\/redenoticiaz.com.br\\\/litoralsp\\\/wp-content\\\/uploads\\\/sites\\\/3\\\/2020\\\/11\\\/logo.jpg\",\"width\":400,\"height\":250,\"caption\":\"Litoral SP\"},\"image\":{\"@id\":\"https:\\\/\\\/redenoticiaz.com.br\\\/litoralsp\\\/#\\\/schema\\\/logo\\\/image\\\/\"}},{\"@type\":\"Person\",\"@id\":\"https:\\\/\\\/redenoticiaz.com.br\\\/litoralsp\\\/#\\\/schema\\\/person\\\/16057b37a3c0ee6b096d7f887c566e2e\",\"name\":\"Gustavo Silva\",\"image\":{\"@type\":\"ImageObject\",\"inLanguage\":\"pt-BR\",\"@id\":\"https:\\\/\\\/secure.gravatar.com\\\/avatar\\\/3ee4e82f93b26de0a7cf4ea5eb7893da637ed6bb0c9170c58065944c56e28a33?s=96&d=mm&r=g\",\"url\":\"https:\\\/\\\/secure.gravatar.com\\\/avatar\\\/3ee4e82f93b26de0a7cf4ea5eb7893da637ed6bb0c9170c58065944c56e28a33?s=96&d=mm&r=g\",\"contentUrl\":\"https:\\\/\\\/secure.gravatar.com\\\/avatar\\\/3ee4e82f93b26de0a7cf4ea5eb7893da637ed6bb0c9170c58065944c56e28a33?s=96&d=mm&r=g\",\"caption\":\"Gustavo Silva\"},\"url\":\"https:\\\/\\\/redenoticiaz.com.br\\\/litoralsp\\\/author\\\/gustavosilva\"}]}<\/script>\n<!-- \/ Yoast SEO plugin. -->","yoast_head_json":{"title":"Homem \u00e9 preso por estelionato em Praia Grande - Litoral SP","description":"Um homem foi preso por estelionato por policiais da Delegacia de Investiga\u00e7\u00f5es Gerais \u2013 DIG de Praia Grande na noite desta sexta-feira (22).","robots":{"index":"index","follow":"follow","max-snippet":"max-snippet:-1","max-image-preview":"max-image-preview:large","max-video-preview":"max-video-preview:-1"},"canonical":"https:\/\/redenoticiaz.com.br\/litoralsp\/2022\/07\/23\/homem-e-preso-por-estelionato-em-praia-grande","og_locale":"pt_BR","og_type":"article","og_title":"Homem \u00e9 preso por estelionato em Praia Grande - Litoral SP","og_description":"Um homem foi preso por estelionato por policiais da Delegacia de Investiga\u00e7\u00f5es Gerais \u2013 DIG de Praia Grande na noite desta sexta-feira (22).","og_url":"https:\/\/redenoticiaz.com.br\/litoralsp\/2022\/07\/23\/homem-e-preso-por-estelionato-em-praia-grande","og_site_name":"Litoral SP","article_published_time":"2022-07-23T16:26:42+00:00","og_image":[{"width":1200,"height":799,"url":"https:\/\/redenoticiaz.com.br\/litoralsp\/wp-content\/uploads\/sites\/3\/2022\/07\/whatsapp-image-2021-03-09-at-10.42.59.jpg","type":"image\/jpeg"}],"author":"Gustavo Silva","twitter_card":"summary_large_image","twitter_misc":{"Escrito por":"Gustavo Silva","Est. tempo de leitura":"1 minuto"},"schema":{"@context":"https:\/\/schema.org","@graph":[{"@type":"Article","@id":"https:\/\/redenoticiaz.com.br\/litoralsp\/2022\/07\/23\/homem-e-preso-por-estelionato-em-praia-grande#article","isPartOf":{"@id":"https:\/\/redenoticiaz.com.br\/litoralsp\/2022\/07\/23\/homem-e-preso-por-estelionato-em-praia-grande"},"author":{"name":"Gustavo Silva","@id":"https:\/\/redenoticiaz.com.br\/litoralsp\/#\/schema\/person\/16057b37a3c0ee6b096d7f887c566e2e"},"headline":"Homem \u00e9 preso por estelionato em Praia Grande","datePublished":"2022-07-23T16:26:42+00:00","mainEntityOfPage":{"@id":"https:\/\/redenoticiaz.com.br\/litoralsp\/2022\/07\/23\/homem-e-preso-por-estelionato-em-praia-grande"},"wordCount":144,"commentCount":0,"publisher":{"@id":"https:\/\/redenoticiaz.com.br\/litoralsp\/#organization"},"image":{"@id":"https:\/\/redenoticiaz.com.br\/litoralsp\/2022\/07\/23\/homem-e-preso-por-estelionato-em-praia-grande#primaryimage"},"thumbnailUrl":"https:\/\/redenoticiaz.com.br\/litoralsp\/wp-content\/uploads\/sites\/3\/2022\/07\/whatsapp-image-2021-03-09-at-10.42.59.jpg","keywords":["delegacia de tatuap\u00e9","dig praia grande","ESTELIONATO","PRAIA GRANDE"],"articleSection":["Praia Grande"],"inLanguage":"pt-BR","potentialAction":[{"@type":"CommentAction","name":"Comment","target":["https:\/\/redenoticiaz.com.br\/litoralsp\/2022\/07\/23\/homem-e-preso-por-estelionato-em-praia-grande#respond"]}]},{"@type":"WebPage","@id":"https:\/\/redenoticiaz.com.br\/litoralsp\/2022\/07\/23\/homem-e-preso-por-estelionato-em-praia-grande","url":"https:\/\/redenoticiaz.com.br\/litoralsp\/2022\/07\/23\/homem-e-preso-por-estelionato-em-praia-grande","name":"Homem \u00e9 preso por estelionato em Praia Grande - Litoral SP","isPartOf":{"@id":"https:\/\/redenoticiaz.com.br\/litoralsp\/#website"},"primaryImageOfPage":{"@id":"https:\/\/redenoticiaz.com.br\/litoralsp\/2022\/07\/23\/homem-e-preso-por-estelionato-em-praia-grande#primaryimage"},"image":{"@id":"https:\/\/redenoticiaz.com.br\/litoralsp\/2022\/07\/23\/homem-e-preso-por-estelionato-em-praia-grande#primaryimage"},"thumbnailUrl":"https:\/\/redenoticiaz.com.br\/litoralsp\/wp-content\/uploads\/sites\/3\/2022\/07\/whatsapp-image-2021-03-09-at-10.42.59.jpg","datePublished":"2022-07-23T16:26:42+00:00","description":"Um homem foi preso por estelionato por policiais da Delegacia de Investiga\u00e7\u00f5es Gerais \u2013 DIG de Praia Grande na noite desta sexta-feira (22).","inLanguage":"pt-BR","potentialAction":[{"@type":"ReadAction","target":["https:\/\/redenoticiaz.com.br\/litoralsp\/2022\/07\/23\/homem-e-preso-por-estelionato-em-praia-grande"]}]},{"@type":"ImageObject","inLanguage":"pt-BR","@id":"https:\/\/redenoticiaz.com.br\/litoralsp\/2022\/07\/23\/homem-e-preso-por-estelionato-em-praia-grande#primaryimage","url":"https:\/\/redenoticiaz.com.br\/litoralsp\/wp-content\/uploads\/sites\/3\/2022\/07\/whatsapp-image-2021-03-09-at-10.42.59.jpg","contentUrl":"https:\/\/redenoticiaz.com.br\/litoralsp\/wp-content\/uploads\/sites\/3\/2022\/07\/whatsapp-image-2021-03-09-at-10.42.59.jpg","width":1200,"height":799,"caption":"Homem \u00e9 preso por estelionato em Praia Grande"},{"@type":"WebSite","@id":"https:\/\/redenoticiaz.com.br\/litoralsp\/#website","url":"https:\/\/redenoticiaz.com.br\/litoralsp\/","name":"Litoral SP","description":"Rede NoticiaZ","publisher":{"@id":"https:\/\/redenoticiaz.com.br\/litoralsp\/#organization"},"potentialAction":[{"@type":"SearchAction","target":{"@type":"EntryPoint","urlTemplate":"https:\/\/redenoticiaz.com.br\/litoralsp\/?s={search_term_string}"},"query-input":{"@type":"PropertyValueSpecification","valueRequired":true,"valueName":"search_term_string"}}],"inLanguage":"pt-BR"},{"@type":"Organization","@id":"https:\/\/redenoticiaz.com.br\/litoralsp\/#organization","name":"Litoral SP","url":"https:\/\/redenoticiaz.com.br\/litoralsp\/","logo":{"@type":"ImageObject","inLanguage":"pt-BR","@id":"https:\/\/redenoticiaz.com.br\/litoralsp\/#\/schema\/logo\/image\/","url":"https:\/\/redenoticiaz.com.br\/litoralsp\/wp-content\/uploads\/sites\/3\/2020\/11\/logo.jpg","contentUrl":"https:\/\/redenoticiaz.com.br\/litoralsp\/wp-content\/uploads\/sites\/3\/2020\/11\/logo.jpg","width":400,"height":250,"caption":"Litoral SP"},"image":{"@id":"https:\/\/redenoticiaz.com.br\/litoralsp\/#\/schema\/logo\/image\/"}},{"@type":"Person","@id":"https:\/\/redenoticiaz.com.br\/litoralsp\/#\/schema\/person\/16057b37a3c0ee6b096d7f887c566e2e","name":"Gustavo Silva","image":{"@type":"ImageObject","inLanguage":"pt-BR","@id":"https:\/\/secure.gravatar.com\/avatar\/3ee4e82f93b26de0a7cf4ea5eb7893da637ed6bb0c9170c58065944c56e28a33?s=96&d=mm&r=g","url":"https:\/\/secure.gravatar.com\/avatar\/3ee4e82f93b26de0a7cf4ea5eb7893da637ed6bb0c9170c58065944c56e28a33?s=96&d=mm&r=g","contentUrl":"https:\/\/secure.gravatar.com\/avatar\/3ee4e82f93b26de0a7cf4ea5eb7893da637ed6bb0c9170c58065944c56e28a33?s=96&d=mm&r=g","caption":"Gustavo Silva"},"url":"https:\/\/redenoticiaz.com.br\/litoralsp\/author\/gustavosilva"}]}},"_links":{"self":[{"href":"https:\/\/redenoticiaz.com.br\/litoralsp\/wp-json\/wp\/v2\/posts\/88832","targetHints":{"allow":["GET"]}}],"collection":[{"href":"https:\/\/redenoticiaz.com.br\/litoralsp\/wp-json\/wp\/v2\/posts"}],"about":[{"href":"https:\/\/redenoticiaz.com.br\/litoralsp\/wp-json\/wp\/v2\/types\/post"}],"author":[{"embeddable":true,"href":"https:\/\/redenoticiaz.com.br\/litoralsp\/wp-json\/wp\/v2\/users\/12"}],"replies":[{"embeddable":true,"href":"https:\/\/redenoticiaz.com.br\/litoralsp\/wp-json\/wp\/v2\/comments?post=88832"}],"version-history":[{"count":1,"href":"https:\/\/redenoticiaz.com.br\/litoralsp\/wp-json\/wp\/v2\/posts\/88832\/revisions"}],"predecessor-version":[{"id":88834,"href":"https:\/\/redenoticiaz.com.br\/litoralsp\/wp-json\/wp\/v2\/posts\/88832\/revisions\/88834"}],"wp:featuredmedia":[{"embeddable":true,"href":"https:\/\/redenoticiaz.com.br\/litoralsp\/wp-json\/wp\/v2\/media\/88833"}],"wp:attachment":[{"href":"https:\/\/redenoticiaz.com.br\/litoralsp\/wp-json\/wp\/v2\/media?parent=88832"}],"wp:term":[{"taxonomy":"category","embeddable":true,"href":"https:\/\/redenoticiaz.com.br\/litoralsp\/wp-json\/wp\/v2\/categories?post=88832"},{"taxonomy":"post_tag","embeddable":true,"href":"https:\/\/redenoticiaz.com.br\/litoralsp\/wp-json\/wp\/v2\/tags?post=88832"}],"curies":[{"name":"wp","href":"https:\/\/api.w.org\/{rel}","templated":true}]}}