{"id":88839,"date":"2022-07-23T13:50:55","date_gmt":"2022-07-23T16:50:55","guid":{"rendered":"https:\/\/redenoticiaz.com.br\/litoralsp\/?p=88839"},"modified":"2022-07-23T13:50:55","modified_gmt":"2022-07-23T16:50:55","slug":"prefeito-kayo-amado-presta-contas-dos-investimentos-ao-governador-de-sao-paulo","status":"publish","type":"post","link":"https:\/\/redenoticiaz.com.br\/litoralsp\/2022\/07\/23\/prefeito-kayo-amado-presta-contas-dos-investimentos-ao-governador-de-sao-paulo","title":{"rendered":"Prefeito Kayo Amado presta contas dos investimentos ao governador de S\u00e3o Paulo"},"content":{"rendered":"<p>Na noite desta sexta-feira (22), o prefeito de S\u00e3o Vicente, Kayo Amado fez uma live in\u00e9dita e descontra\u00edda com o governador do Estado de S\u00e3o Paulo, Rodrigo Garcia, nas redes sociais.<\/p>\n<p>De acordo com, o chefe do executivo vicentino diversos projetos iniciados com recursos encaminhados pelo governo estadual, est\u00e3o fazendo com que a Cidade avance em diversas \u00e1reas.<\/p>\n<p>Ainda de acordo com bate-papo, Kayo e Rodrigo falaram de suas vidas pessoais, carreira, fam\u00edlia, e compartilharam at\u00e9 a paix\u00e3o pelo time do cora\u00e7\u00e3o que ambos t\u00eam em comum: o Santos Futebol Clube.<\/p>\n<p>Se de um lado o prefeito tem um carinho especial pela Bras\u00edlia, carro de seu pai, o governador t\u00eam um apego pelo Fusca, ve\u00edculo que traz lembran\u00e7as de sua inf\u00e2ncia e juventude. Esse foi outro tema que virou assunto durante a transmiss\u00e3o.<\/p>\n<p>Sendo assim, o prefeito Kayo Amado agradeceu a parceria com Garcia e enfatizou a import\u00e2ncia dos investimentos estaduais para o desenvolvimento de S\u00e3o Vicente com os recursos que somam mais de R$ 120 milh\u00f5es para investir na Cidade.<\/p>\n<blockquote><p>\u201cFoi muito bom poder conversar com voc\u00ea, compartilhando as entregas que voc\u00ea tem realizado em todo o Estado&#8221;<\/p><\/blockquote>\n<h2>Projetos<\/h2>\n<p>De acordo com as informa\u00e7\u00f5es, o prefeito mostrou mapas e ilustra\u00e7\u00f5es de projetos e falou sobre as obras como a da Nova Orla do Gonzaguinha, o fim do Crei e a constru\u00e7\u00e3o da nova Unidade de Pronto Atendimento Central.<\/p>\n<p>A al\u00e7a de acesso da Rodovia dos Imigrantes, a instala\u00e7\u00e3o das sete primeiras comportas na Cidade para combater as enchentes, R$ 10 milh\u00f5es para infraestrutura por meio da Secretaria de Desenvolvimento Regional.<\/p>\n<p>O Prefeito tamb\u00e9m surpreendeu ao o projeto de autoria do presidente da C\u00e2mara, Professor Thiago Alexandre, que conceder\u00e1 o t\u00edtulo de cidad\u00e3o vicentino ao Governador.<\/p>\n<p><strong>Leia mais<\/strong><\/p>\n<p><a href=\"https:\/\/redenoticiaz.com.br\/litoralsp\/2022\/07\/22\/7-festival-gastronomico-de-sao-vicente-sera-realizado-em-agosto\">7\u00b0 Festival Gastron\u00f4mico de S\u00e3o Vicente ser\u00e1 realizado em Agosto<\/a><\/p>\n<p><a href=\"https:\/\/redenoticiaz.com.br\/litoralsp\/2021\/04\/09\/kayo-amado-faz-um-balanco-do-mandato-de-sao-vicente\">Kayo Amado faz um balan\u00e7o do mandato de S\u00e3o Vicente<\/a><\/p>\n","protected":false},"excerpt":{"rendered":"<p>Na noite desta sexta-feira (22), o prefeito de S\u00e3o Vicente, Kayo Amado fez uma live in\u00e9dita e descontra\u00edda com o governador do Estado de S\u00e3o Paulo, Rodrigo Garcia, nas redes sociais. De acordo com, o chefe do executivo vicentino diversos projetos iniciados com recursos encaminhados pelo governo estadual, est\u00e3o fazendo com que a Cidade avance &hellip;<\/p>\n","protected":false},"author":12,"featured_media":88840,"comment_status":"open","ping_status":"closed","sticky":false,"template":"","format":"standard","meta":{"footnotes":""},"categories":[181],"tags":[1087,58375,5749,33],"class_list":["post-88839","post","type-post","status-publish","format-standard","has-post-thumbnail","hentry","category-sao-vicente","tag-kayo-amado","tag-orla-do-gonzaguinha","tag-rodrigo-garcia","tag-sao-vicente"],"yoast_head":"<!-- This site is optimized with the Yoast SEO plugin v27.5 - https:\/\/yoast.com\/product\/yoast-seo-wordpress\/ -->\n<title>Prefeito Kayo Amado presta contas dos investimentos ao governador de S\u00e3o Paulo - Litoral SP<\/title>\n<meta name=\"description\" content=\"Prefeito de S\u00e3o Vicente, Kayo Amado faz uma live in\u00e9dita e descontra\u00edda com o governador do Estado de S\u00e3o Paulo, Rodrigo Garcia.\" \/>\n<meta name=\"robots\" content=\"index, follow, max-snippet:-1, max-image-preview:large, max-video-preview:-1\" \/>\n<link rel=\"canonical\" href=\"https:\/\/redenoticiaz.com.br\/litoralsp\/2022\/07\/23\/prefeito-kayo-amado-presta-contas-dos-investimentos-ao-governador-de-sao-paulo\" \/>\n<meta property=\"og:locale\" content=\"pt_BR\" \/>\n<meta property=\"og:type\" content=\"article\" \/>\n<meta property=\"og:title\" content=\"Prefeito Kayo Amado presta contas dos investimentos ao governador de S\u00e3o Paulo - Litoral SP\" \/>\n<meta property=\"og:description\" content=\"Prefeito de S\u00e3o Vicente, Kayo Amado faz uma live in\u00e9dita e descontra\u00edda com o governador do Estado de S\u00e3o Paulo, Rodrigo Garcia.\" \/>\n<meta property=\"og:url\" content=\"https:\/\/redenoticiaz.com.br\/litoralsp\/2022\/07\/23\/prefeito-kayo-amado-presta-contas-dos-investimentos-ao-governador-de-sao-paulo\" \/>\n<meta property=\"og:site_name\" content=\"Litoral SP\" \/>\n<meta property=\"article:published_time\" content=\"2022-07-23T16:50:55+00:00\" \/>\n<meta property=\"og:image\" content=\"https:\/\/redenoticiaz.com.br\/litoralsp\/wp-content\/uploads\/sites\/3\/2022\/07\/1655215894.jpeg\" \/>\n\t<meta property=\"og:image:width\" content=\"920\" \/>\n\t<meta property=\"og:image:height\" content=\"416\" \/>\n\t<meta property=\"og:image:type\" content=\"image\/jpeg\" \/>\n<meta name=\"author\" content=\"Gustavo Silva\" \/>\n<meta name=\"twitter:card\" content=\"summary_large_image\" \/>\n<meta name=\"twitter:label1\" content=\"Escrito por\" \/>\n\t<meta name=\"twitter:data1\" content=\"Gustavo Silva\" \/>\n\t<meta name=\"twitter:label2\" content=\"Est. tempo de leitura\" \/>\n\t<meta name=\"twitter:data2\" content=\"2 minutos\" \/>\n<script type=\"application\/ld+json\" class=\"yoast-schema-graph\">{\"@context\":\"https:\\\/\\\/schema.org\",\"@graph\":[{\"@type\":\"Article\",\"@id\":\"https:\\\/\\\/redenoticiaz.com.br\\\/litoralsp\\\/2022\\\/07\\\/23\\\/prefeito-kayo-amado-presta-contas-dos-investimentos-ao-governador-de-sao-paulo#article\",\"isPartOf\":{\"@id\":\"https:\\\/\\\/redenoticiaz.com.br\\\/litoralsp\\\/2022\\\/07\\\/23\\\/prefeito-kayo-amado-presta-contas-dos-investimentos-ao-governador-de-sao-paulo\"},\"author\":{\"name\":\"Gustavo Silva\",\"@id\":\"https:\\\/\\\/redenoticiaz.com.br\\\/litoralsp\\\/#\\\/schema\\\/person\\\/16057b37a3c0ee6b096d7f887c566e2e\"},\"headline\":\"Prefeito Kayo Amado presta contas dos investimentos ao governador de S\u00e3o Paulo\",\"datePublished\":\"2022-07-23T16:50:55+00:00\",\"mainEntityOfPage\":{\"@id\":\"https:\\\/\\\/redenoticiaz.com.br\\\/litoralsp\\\/2022\\\/07\\\/23\\\/prefeito-kayo-amado-presta-contas-dos-investimentos-ao-governador-de-sao-paulo\"},\"wordCount\":349,\"commentCount\":0,\"publisher\":{\"@id\":\"https:\\\/\\\/redenoticiaz.com.br\\\/litoralsp\\\/#organization\"},\"image\":{\"@id\":\"https:\\\/\\\/redenoticiaz.com.br\\\/litoralsp\\\/2022\\\/07\\\/23\\\/prefeito-kayo-amado-presta-contas-dos-investimentos-ao-governador-de-sao-paulo#primaryimage\"},\"thumbnailUrl\":\"https:\\\/\\\/redenoticiaz.com.br\\\/litoralsp\\\/wp-content\\\/uploads\\\/sites\\\/3\\\/2022\\\/07\\\/1655215894.jpeg\",\"keywords\":[\"kayo amado\",\"Orla do Gonzaguinha\",\"RODRIGO GARCIA\",\"S\u00e3o Vicente\"],\"articleSection\":[\"S\u00e3o Vicente\"],\"inLanguage\":\"pt-BR\",\"potentialAction\":[{\"@type\":\"CommentAction\",\"name\":\"Comment\",\"target\":[\"https:\\\/\\\/redenoticiaz.com.br\\\/litoralsp\\\/2022\\\/07\\\/23\\\/prefeito-kayo-amado-presta-contas-dos-investimentos-ao-governador-de-sao-paulo#respond\"]}]},{\"@type\":\"WebPage\",\"@id\":\"https:\\\/\\\/redenoticiaz.com.br\\\/litoralsp\\\/2022\\\/07\\\/23\\\/prefeito-kayo-amado-presta-contas-dos-investimentos-ao-governador-de-sao-paulo\",\"url\":\"https:\\\/\\\/redenoticiaz.com.br\\\/litoralsp\\\/2022\\\/07\\\/23\\\/prefeito-kayo-amado-presta-contas-dos-investimentos-ao-governador-de-sao-paulo\",\"name\":\"Prefeito Kayo Amado presta contas dos investimentos ao governador de S\u00e3o Paulo - Litoral SP\",\"isPartOf\":{\"@id\":\"https:\\\/\\\/redenoticiaz.com.br\\\/litoralsp\\\/#website\"},\"primaryImageOfPage\":{\"@id\":\"https:\\\/\\\/redenoticiaz.com.br\\\/litoralsp\\\/2022\\\/07\\\/23\\\/prefeito-kayo-amado-presta-contas-dos-investimentos-ao-governador-de-sao-paulo#primaryimage\"},\"image\":{\"@id\":\"https:\\\/\\\/redenoticiaz.com.br\\\/litoralsp\\\/2022\\\/07\\\/23\\\/prefeito-kayo-amado-presta-contas-dos-investimentos-ao-governador-de-sao-paulo#primaryimage\"},\"thumbnailUrl\":\"https:\\\/\\\/redenoticiaz.com.br\\\/litoralsp\\\/wp-content\\\/uploads\\\/sites\\\/3\\\/2022\\\/07\\\/1655215894.jpeg\",\"datePublished\":\"2022-07-23T16:50:55+00:00\",\"description\":\"Prefeito de S\u00e3o Vicente, Kayo Amado faz uma live in\u00e9dita e descontra\u00edda com o governador do Estado de S\u00e3o Paulo, Rodrigo Garcia.\",\"inLanguage\":\"pt-BR\",\"potentialAction\":[{\"@type\":\"ReadAction\",\"target\":[\"https:\\\/\\\/redenoticiaz.com.br\\\/litoralsp\\\/2022\\\/07\\\/23\\\/prefeito-kayo-amado-presta-contas-dos-investimentos-ao-governador-de-sao-paulo\"]}]},{\"@type\":\"ImageObject\",\"inLanguage\":\"pt-BR\",\"@id\":\"https:\\\/\\\/redenoticiaz.com.br\\\/litoralsp\\\/2022\\\/07\\\/23\\\/prefeito-kayo-amado-presta-contas-dos-investimentos-ao-governador-de-sao-paulo#primaryimage\",\"url\":\"https:\\\/\\\/redenoticiaz.com.br\\\/litoralsp\\\/wp-content\\\/uploads\\\/sites\\\/3\\\/2022\\\/07\\\/1655215894.jpeg\",\"contentUrl\":\"https:\\\/\\\/redenoticiaz.com.br\\\/litoralsp\\\/wp-content\\\/uploads\\\/sites\\\/3\\\/2022\\\/07\\\/1655215894.jpeg\",\"width\":920,\"height\":416,\"caption\":\"Prefeito Kayo Amado presta contas dos investimentos ao governador de S\u00e3o Paulo\"},{\"@type\":\"WebSite\",\"@id\":\"https:\\\/\\\/redenoticiaz.com.br\\\/litoralsp\\\/#website\",\"url\":\"https:\\\/\\\/redenoticiaz.com.br\\\/litoralsp\\\/\",\"name\":\"Litoral SP\",\"description\":\"Rede NoticiaZ\",\"publisher\":{\"@id\":\"https:\\\/\\\/redenoticiaz.com.br\\\/litoralsp\\\/#organization\"},\"potentialAction\":[{\"@type\":\"SearchAction\",\"target\":{\"@type\":\"EntryPoint\",\"urlTemplate\":\"https:\\\/\\\/redenoticiaz.com.br\\\/litoralsp\\\/?s={search_term_string}\"},\"query-input\":{\"@type\":\"PropertyValueSpecification\",\"valueRequired\":true,\"valueName\":\"search_term_string\"}}],\"inLanguage\":\"pt-BR\"},{\"@type\":\"Organization\",\"@id\":\"https:\\\/\\\/redenoticiaz.com.br\\\/litoralsp\\\/#organization\",\"name\":\"Litoral SP\",\"url\":\"https:\\\/\\\/redenoticiaz.com.br\\\/litoralsp\\\/\",\"logo\":{\"@type\":\"ImageObject\",\"inLanguage\":\"pt-BR\",\"@id\":\"https:\\\/\\\/redenoticiaz.com.br\\\/litoralsp\\\/#\\\/schema\\\/logo\\\/image\\\/\",\"url\":\"https:\\\/\\\/redenoticiaz.com.br\\\/litoralsp\\\/wp-content\\\/uploads\\\/sites\\\/3\\\/2020\\\/11\\\/logo.jpg\",\"contentUrl\":\"https:\\\/\\\/redenoticiaz.com.br\\\/litoralsp\\\/wp-content\\\/uploads\\\/sites\\\/3\\\/2020\\\/11\\\/logo.jpg\",\"width\":400,\"height\":250,\"caption\":\"Litoral SP\"},\"image\":{\"@id\":\"https:\\\/\\\/redenoticiaz.com.br\\\/litoralsp\\\/#\\\/schema\\\/logo\\\/image\\\/\"}},{\"@type\":\"Person\",\"@id\":\"https:\\\/\\\/redenoticiaz.com.br\\\/litoralsp\\\/#\\\/schema\\\/person\\\/16057b37a3c0ee6b096d7f887c566e2e\",\"name\":\"Gustavo Silva\",\"image\":{\"@type\":\"ImageObject\",\"inLanguage\":\"pt-BR\",\"@id\":\"https:\\\/\\\/secure.gravatar.com\\\/avatar\\\/3ee4e82f93b26de0a7cf4ea5eb7893da637ed6bb0c9170c58065944c56e28a33?s=96&d=mm&r=g\",\"url\":\"https:\\\/\\\/secure.gravatar.com\\\/avatar\\\/3ee4e82f93b26de0a7cf4ea5eb7893da637ed6bb0c9170c58065944c56e28a33?s=96&d=mm&r=g\",\"contentUrl\":\"https:\\\/\\\/secure.gravatar.com\\\/avatar\\\/3ee4e82f93b26de0a7cf4ea5eb7893da637ed6bb0c9170c58065944c56e28a33?s=96&d=mm&r=g\",\"caption\":\"Gustavo Silva\"},\"url\":\"https:\\\/\\\/redenoticiaz.com.br\\\/litoralsp\\\/author\\\/gustavosilva\"}]}<\/script>\n<!-- \/ Yoast SEO plugin. -->","yoast_head_json":{"title":"Prefeito Kayo Amado presta contas dos investimentos ao governador de S\u00e3o Paulo - Litoral SP","description":"Prefeito de S\u00e3o Vicente, Kayo Amado faz uma live in\u00e9dita e descontra\u00edda com o governador do Estado de S\u00e3o Paulo, Rodrigo Garcia.","robots":{"index":"index","follow":"follow","max-snippet":"max-snippet:-1","max-image-preview":"max-image-preview:large","max-video-preview":"max-video-preview:-1"},"canonical":"https:\/\/redenoticiaz.com.br\/litoralsp\/2022\/07\/23\/prefeito-kayo-amado-presta-contas-dos-investimentos-ao-governador-de-sao-paulo","og_locale":"pt_BR","og_type":"article","og_title":"Prefeito Kayo Amado presta contas dos investimentos ao governador de S\u00e3o Paulo - Litoral SP","og_description":"Prefeito de S\u00e3o Vicente, Kayo Amado faz uma live in\u00e9dita e descontra\u00edda com o governador do Estado de S\u00e3o Paulo, Rodrigo Garcia.","og_url":"https:\/\/redenoticiaz.com.br\/litoralsp\/2022\/07\/23\/prefeito-kayo-amado-presta-contas-dos-investimentos-ao-governador-de-sao-paulo","og_site_name":"Litoral SP","article_published_time":"2022-07-23T16:50:55+00:00","og_image":[{"width":920,"height":416,"url":"https:\/\/redenoticiaz.com.br\/litoralsp\/wp-content\/uploads\/sites\/3\/2022\/07\/1655215894.jpeg","type":"image\/jpeg"}],"author":"Gustavo Silva","twitter_card":"summary_large_image","twitter_misc":{"Escrito por":"Gustavo Silva","Est. tempo de leitura":"2 minutos"},"schema":{"@context":"https:\/\/schema.org","@graph":[{"@type":"Article","@id":"https:\/\/redenoticiaz.com.br\/litoralsp\/2022\/07\/23\/prefeito-kayo-amado-presta-contas-dos-investimentos-ao-governador-de-sao-paulo#article","isPartOf":{"@id":"https:\/\/redenoticiaz.com.br\/litoralsp\/2022\/07\/23\/prefeito-kayo-amado-presta-contas-dos-investimentos-ao-governador-de-sao-paulo"},"author":{"name":"Gustavo Silva","@id":"https:\/\/redenoticiaz.com.br\/litoralsp\/#\/schema\/person\/16057b37a3c0ee6b096d7f887c566e2e"},"headline":"Prefeito Kayo Amado presta contas dos investimentos ao governador de S\u00e3o Paulo","datePublished":"2022-07-23T16:50:55+00:00","mainEntityOfPage":{"@id":"https:\/\/redenoticiaz.com.br\/litoralsp\/2022\/07\/23\/prefeito-kayo-amado-presta-contas-dos-investimentos-ao-governador-de-sao-paulo"},"wordCount":349,"commentCount":0,"publisher":{"@id":"https:\/\/redenoticiaz.com.br\/litoralsp\/#organization"},"image":{"@id":"https:\/\/redenoticiaz.com.br\/litoralsp\/2022\/07\/23\/prefeito-kayo-amado-presta-contas-dos-investimentos-ao-governador-de-sao-paulo#primaryimage"},"thumbnailUrl":"https:\/\/redenoticiaz.com.br\/litoralsp\/wp-content\/uploads\/sites\/3\/2022\/07\/1655215894.jpeg","keywords":["kayo amado","Orla do Gonzaguinha","RODRIGO GARCIA","S\u00e3o Vicente"],"articleSection":["S\u00e3o Vicente"],"inLanguage":"pt-BR","potentialAction":[{"@type":"CommentAction","name":"Comment","target":["https:\/\/redenoticiaz.com.br\/litoralsp\/2022\/07\/23\/prefeito-kayo-amado-presta-contas-dos-investimentos-ao-governador-de-sao-paulo#respond"]}]},{"@type":"WebPage","@id":"https:\/\/redenoticiaz.com.br\/litoralsp\/2022\/07\/23\/prefeito-kayo-amado-presta-contas-dos-investimentos-ao-governador-de-sao-paulo","url":"https:\/\/redenoticiaz.com.br\/litoralsp\/2022\/07\/23\/prefeito-kayo-amado-presta-contas-dos-investimentos-ao-governador-de-sao-paulo","name":"Prefeito Kayo Amado presta contas dos investimentos ao governador de S\u00e3o Paulo - Litoral SP","isPartOf":{"@id":"https:\/\/redenoticiaz.com.br\/litoralsp\/#website"},"primaryImageOfPage":{"@id":"https:\/\/redenoticiaz.com.br\/litoralsp\/2022\/07\/23\/prefeito-kayo-amado-presta-contas-dos-investimentos-ao-governador-de-sao-paulo#primaryimage"},"image":{"@id":"https:\/\/redenoticiaz.com.br\/litoralsp\/2022\/07\/23\/prefeito-kayo-amado-presta-contas-dos-investimentos-ao-governador-de-sao-paulo#primaryimage"},"thumbnailUrl":"https:\/\/redenoticiaz.com.br\/litoralsp\/wp-content\/uploads\/sites\/3\/2022\/07\/1655215894.jpeg","datePublished":"2022-07-23T16:50:55+00:00","description":"Prefeito de S\u00e3o Vicente, Kayo Amado faz uma live in\u00e9dita e descontra\u00edda com o governador do Estado de S\u00e3o Paulo, Rodrigo Garcia.","inLanguage":"pt-BR","potentialAction":[{"@type":"ReadAction","target":["https:\/\/redenoticiaz.com.br\/litoralsp\/2022\/07\/23\/prefeito-kayo-amado-presta-contas-dos-investimentos-ao-governador-de-sao-paulo"]}]},{"@type":"ImageObject","inLanguage":"pt-BR","@id":"https:\/\/redenoticiaz.com.br\/litoralsp\/2022\/07\/23\/prefeito-kayo-amado-presta-contas-dos-investimentos-ao-governador-de-sao-paulo#primaryimage","url":"https:\/\/redenoticiaz.com.br\/litoralsp\/wp-content\/uploads\/sites\/3\/2022\/07\/1655215894.jpeg","contentUrl":"https:\/\/redenoticiaz.com.br\/litoralsp\/wp-content\/uploads\/sites\/3\/2022\/07\/1655215894.jpeg","width":920,"height":416,"caption":"Prefeito Kayo Amado presta contas dos investimentos ao governador de S\u00e3o Paulo"},{"@type":"WebSite","@id":"https:\/\/redenoticiaz.com.br\/litoralsp\/#website","url":"https:\/\/redenoticiaz.com.br\/litoralsp\/","name":"Litoral SP","description":"Rede NoticiaZ","publisher":{"@id":"https:\/\/redenoticiaz.com.br\/litoralsp\/#organization"},"potentialAction":[{"@type":"SearchAction","target":{"@type":"EntryPoint","urlTemplate":"https:\/\/redenoticiaz.com.br\/litoralsp\/?s={search_term_string}"},"query-input":{"@type":"PropertyValueSpecification","valueRequired":true,"valueName":"search_term_string"}}],"inLanguage":"pt-BR"},{"@type":"Organization","@id":"https:\/\/redenoticiaz.com.br\/litoralsp\/#organization","name":"Litoral SP","url":"https:\/\/redenoticiaz.com.br\/litoralsp\/","logo":{"@type":"ImageObject","inLanguage":"pt-BR","@id":"https:\/\/redenoticiaz.com.br\/litoralsp\/#\/schema\/logo\/image\/","url":"https:\/\/redenoticiaz.com.br\/litoralsp\/wp-content\/uploads\/sites\/3\/2020\/11\/logo.jpg","contentUrl":"https:\/\/redenoticiaz.com.br\/litoralsp\/wp-content\/uploads\/sites\/3\/2020\/11\/logo.jpg","width":400,"height":250,"caption":"Litoral SP"},"image":{"@id":"https:\/\/redenoticiaz.com.br\/litoralsp\/#\/schema\/logo\/image\/"}},{"@type":"Person","@id":"https:\/\/redenoticiaz.com.br\/litoralsp\/#\/schema\/person\/16057b37a3c0ee6b096d7f887c566e2e","name":"Gustavo Silva","image":{"@type":"ImageObject","inLanguage":"pt-BR","@id":"https:\/\/secure.gravatar.com\/avatar\/3ee4e82f93b26de0a7cf4ea5eb7893da637ed6bb0c9170c58065944c56e28a33?s=96&d=mm&r=g","url":"https:\/\/secure.gravatar.com\/avatar\/3ee4e82f93b26de0a7cf4ea5eb7893da637ed6bb0c9170c58065944c56e28a33?s=96&d=mm&r=g","contentUrl":"https:\/\/secure.gravatar.com\/avatar\/3ee4e82f93b26de0a7cf4ea5eb7893da637ed6bb0c9170c58065944c56e28a33?s=96&d=mm&r=g","caption":"Gustavo Silva"},"url":"https:\/\/redenoticiaz.com.br\/litoralsp\/author\/gustavosilva"}]}},"_links":{"self":[{"href":"https:\/\/redenoticiaz.com.br\/litoralsp\/wp-json\/wp\/v2\/posts\/88839","targetHints":{"allow":["GET"]}}],"collection":[{"href":"https:\/\/redenoticiaz.com.br\/litoralsp\/wp-json\/wp\/v2\/posts"}],"about":[{"href":"https:\/\/redenoticiaz.com.br\/litoralsp\/wp-json\/wp\/v2\/types\/post"}],"author":[{"embeddable":true,"href":"https:\/\/redenoticiaz.com.br\/litoralsp\/wp-json\/wp\/v2\/users\/12"}],"replies":[{"embeddable":true,"href":"https:\/\/redenoticiaz.com.br\/litoralsp\/wp-json\/wp\/v2\/comments?post=88839"}],"version-history":[{"count":1,"href":"https:\/\/redenoticiaz.com.br\/litoralsp\/wp-json\/wp\/v2\/posts\/88839\/revisions"}],"predecessor-version":[{"id":88841,"href":"https:\/\/redenoticiaz.com.br\/litoralsp\/wp-json\/wp\/v2\/posts\/88839\/revisions\/88841"}],"wp:featuredmedia":[{"embeddable":true,"href":"https:\/\/redenoticiaz.com.br\/litoralsp\/wp-json\/wp\/v2\/media\/88840"}],"wp:attachment":[{"href":"https:\/\/redenoticiaz.com.br\/litoralsp\/wp-json\/wp\/v2\/media?parent=88839"}],"wp:term":[{"taxonomy":"category","embeddable":true,"href":"https:\/\/redenoticiaz.com.br\/litoralsp\/wp-json\/wp\/v2\/categories?post=88839"},{"taxonomy":"post_tag","embeddable":true,"href":"https:\/\/redenoticiaz.com.br\/litoralsp\/wp-json\/wp\/v2\/tags?post=88839"}],"curies":[{"name":"wp","href":"https:\/\/api.w.org\/{rel}","templated":true}]}}