{"id":88842,"date":"2022-07-23T14:53:18","date_gmt":"2022-07-23T17:53:18","guid":{"rendered":"https:\/\/redenoticiaz.com.br\/litoralsp\/?p=88842"},"modified":"2022-07-23T14:53:18","modified_gmt":"2022-07-23T17:53:18","slug":"lei-sobre-entrada-de-veiculos-de-turismo-em-sao-vicente-passa-por-reformulacao","status":"publish","type":"post","link":"https:\/\/redenoticiaz.com.br\/litoralsp\/2022\/07\/23\/lei-sobre-entrada-de-veiculos-de-turismo-em-sao-vicente-passa-por-reformulacao","title":{"rendered":"Lei sobre entrada de ve\u00edculos de turismo em S\u00e3o Vicente passa por reformula\u00e7\u00e3o"},"content":{"rendered":"<p>O prefeito Kayo Amado assinou uma reformula\u00e7\u00e3o da lei n\u00ba 4303, trazendo mudan\u00e7as sobre os crit\u00e9rios para entrada, circula\u00e7\u00e3o e estacionamento de ve\u00edculos de turismo e excurs\u00e3o, em S\u00e3o Vicente.<\/p>\n<p>Essa mudan\u00e7a, que j\u00e1 est\u00e1 em vigor, foi pensada para favorecer o turismo e impulsionar os servi\u00e7os do trade oferecidos dentro do Munic\u00edpio.<\/p>\n<p>A secret\u00e1ria de Turismo (Setur), Juliana Santana explica a moderniza\u00e7\u00e3o da lei.<\/p>\n<blockquote><p>\n&#8220;Diversos setores do trade tur\u00edstico ser\u00e3o beneficiados com o est\u00edmulo de consumo e integra\u00e7\u00e3o de servi\u00e7os, fazendo com que o fluxo de turistas movimente a economia da Cidade\u201d<\/p><\/blockquote>\n<p>Entre as principais mudan\u00e7as est\u00e3o a mudan\u00e7a de valores de acordo com o tipo de ve\u00edculo, regulamenta\u00e7\u00e3o do turismo de um dia, descontos e isen\u00e7\u00f5es.<\/p>\n<p><strong>Leia mais<\/strong><\/p>\n<p><a href=\"https:\/\/redenoticiaz.com.br\/litoralsp\/2022\/07\/22\/sao-vicente-anuncia-nova-empresa-para-o-transporte-municipal\">S\u00e3o Vicente anuncia nova empresa para o transporte municipal<\/a><\/p>\n","protected":false},"excerpt":{"rendered":"<p>O prefeito Kayo Amado assinou uma reformula\u00e7\u00e3o da lei n\u00ba 4303, trazendo mudan\u00e7as sobre os crit\u00e9rios para entrada, circula\u00e7\u00e3o e estacionamento de ve\u00edculos de turismo e excurs\u00e3o, em S\u00e3o Vicente. Essa mudan\u00e7a, que j\u00e1 est\u00e1 em vigor, foi pensada para favorecer o turismo e impulsionar os servi\u00e7os do trade oferecidos dentro do Munic\u00edpio. A secret\u00e1ria &hellip;<\/p>\n","protected":false},"author":12,"featured_media":88843,"comment_status":"open","ping_status":"closed","sticky":false,"template":"","format":"standard","meta":{"footnotes":""},"categories":[181],"tags":[1087,58377,33,58376],"class_list":["post-88842","post","type-post","status-publish","format-standard","has-post-thumbnail","hentry","category-sao-vicente","tag-kayo-amado","tag-lei-no-4303","tag-sao-vicente","tag-turismo-e-excursao"],"yoast_head":"<!-- This site is optimized with the Yoast SEO plugin v27.5 - https:\/\/yoast.com\/product\/yoast-seo-wordpress\/ -->\n<title>Lei sobre entrada de ve\u00edculos de turismo em S\u00e3o Vicente passa por reformula\u00e7\u00e3o - Litoral SP<\/title>\n<meta name=\"description\" content=\"O prefeito Kayo Amado assinou uma reformula\u00e7\u00e3o da lei n\u00ba 4303, trazendo mudan\u00e7as sobre, circula\u00e7\u00e3o e estacionamento de ve\u00edculos de turismo.\" \/>\n<meta name=\"robots\" content=\"index, follow, max-snippet:-1, max-image-preview:large, max-video-preview:-1\" \/>\n<link rel=\"canonical\" href=\"https:\/\/redenoticiaz.com.br\/litoralsp\/2022\/07\/23\/lei-sobre-entrada-de-veiculos-de-turismo-em-sao-vicente-passa-por-reformulacao\" \/>\n<meta property=\"og:locale\" content=\"pt_BR\" \/>\n<meta property=\"og:type\" content=\"article\" \/>\n<meta property=\"og:title\" content=\"Lei sobre entrada de ve\u00edculos de turismo em S\u00e3o Vicente passa por reformula\u00e7\u00e3o - Litoral SP\" \/>\n<meta property=\"og:description\" content=\"O prefeito Kayo Amado assinou uma reformula\u00e7\u00e3o da lei n\u00ba 4303, trazendo mudan\u00e7as sobre, circula\u00e7\u00e3o e estacionamento de ve\u00edculos de turismo.\" \/>\n<meta property=\"og:url\" content=\"https:\/\/redenoticiaz.com.br\/litoralsp\/2022\/07\/23\/lei-sobre-entrada-de-veiculos-de-turismo-em-sao-vicente-passa-por-reformulacao\" \/>\n<meta property=\"og:site_name\" content=\"Litoral SP\" \/>\n<meta property=\"article:published_time\" content=\"2022-07-23T17:53:18+00:00\" \/>\n<meta property=\"og:image\" content=\"https:\/\/redenoticiaz.com.br\/litoralsp\/wp-content\/uploads\/sites\/3\/2022\/07\/sao-vicente-cred-rodrigo-montaldi-dl-3jpg1121.jpg\" \/>\n\t<meta property=\"og:image:width\" content=\"799\" \/>\n\t<meta property=\"og:image:height\" content=\"533\" \/>\n\t<meta property=\"og:image:type\" content=\"image\/jpeg\" \/>\n<meta name=\"author\" content=\"Gustavo Silva\" \/>\n<meta name=\"twitter:card\" content=\"summary_large_image\" \/>\n<meta name=\"twitter:label1\" content=\"Escrito por\" \/>\n\t<meta name=\"twitter:data1\" content=\"Gustavo Silva\" \/>\n\t<meta name=\"twitter:label2\" content=\"Est. tempo de leitura\" \/>\n\t<meta name=\"twitter:data2\" content=\"1 minuto\" \/>\n<script type=\"application\/ld+json\" class=\"yoast-schema-graph\">{\"@context\":\"https:\\\/\\\/schema.org\",\"@graph\":[{\"@type\":\"Article\",\"@id\":\"https:\\\/\\\/redenoticiaz.com.br\\\/litoralsp\\\/2022\\\/07\\\/23\\\/lei-sobre-entrada-de-veiculos-de-turismo-em-sao-vicente-passa-por-reformulacao#article\",\"isPartOf\":{\"@id\":\"https:\\\/\\\/redenoticiaz.com.br\\\/litoralsp\\\/2022\\\/07\\\/23\\\/lei-sobre-entrada-de-veiculos-de-turismo-em-sao-vicente-passa-por-reformulacao\"},\"author\":{\"name\":\"Gustavo Silva\",\"@id\":\"https:\\\/\\\/redenoticiaz.com.br\\\/litoralsp\\\/#\\\/schema\\\/person\\\/16057b37a3c0ee6b096d7f887c566e2e\"},\"headline\":\"Lei sobre entrada de ve\u00edculos de turismo em S\u00e3o Vicente passa por reformula\u00e7\u00e3o\",\"datePublished\":\"2022-07-23T17:53:18+00:00\",\"mainEntityOfPage\":{\"@id\":\"https:\\\/\\\/redenoticiaz.com.br\\\/litoralsp\\\/2022\\\/07\\\/23\\\/lei-sobre-entrada-de-veiculos-de-turismo-em-sao-vicente-passa-por-reformulacao\"},\"wordCount\":168,\"commentCount\":0,\"publisher\":{\"@id\":\"https:\\\/\\\/redenoticiaz.com.br\\\/litoralsp\\\/#organization\"},\"image\":{\"@id\":\"https:\\\/\\\/redenoticiaz.com.br\\\/litoralsp\\\/2022\\\/07\\\/23\\\/lei-sobre-entrada-de-veiculos-de-turismo-em-sao-vicente-passa-por-reformulacao#primaryimage\"},\"thumbnailUrl\":\"https:\\\/\\\/redenoticiaz.com.br\\\/litoralsp\\\/wp-content\\\/uploads\\\/sites\\\/3\\\/2022\\\/07\\\/sao-vicente-cred-rodrigo-montaldi-dl-3jpg1121.jpg\",\"keywords\":[\"kayo amado\",\"lei n\u00ba 4303\",\"S\u00e3o Vicente\",\"turismo e excurs\u00e3o\"],\"articleSection\":[\"S\u00e3o Vicente\"],\"inLanguage\":\"pt-BR\",\"potentialAction\":[{\"@type\":\"CommentAction\",\"name\":\"Comment\",\"target\":[\"https:\\\/\\\/redenoticiaz.com.br\\\/litoralsp\\\/2022\\\/07\\\/23\\\/lei-sobre-entrada-de-veiculos-de-turismo-em-sao-vicente-passa-por-reformulacao#respond\"]}]},{\"@type\":\"WebPage\",\"@id\":\"https:\\\/\\\/redenoticiaz.com.br\\\/litoralsp\\\/2022\\\/07\\\/23\\\/lei-sobre-entrada-de-veiculos-de-turismo-em-sao-vicente-passa-por-reformulacao\",\"url\":\"https:\\\/\\\/redenoticiaz.com.br\\\/litoralsp\\\/2022\\\/07\\\/23\\\/lei-sobre-entrada-de-veiculos-de-turismo-em-sao-vicente-passa-por-reformulacao\",\"name\":\"Lei sobre entrada de ve\u00edculos de turismo em S\u00e3o Vicente passa por reformula\u00e7\u00e3o - Litoral SP\",\"isPartOf\":{\"@id\":\"https:\\\/\\\/redenoticiaz.com.br\\\/litoralsp\\\/#website\"},\"primaryImageOfPage\":{\"@id\":\"https:\\\/\\\/redenoticiaz.com.br\\\/litoralsp\\\/2022\\\/07\\\/23\\\/lei-sobre-entrada-de-veiculos-de-turismo-em-sao-vicente-passa-por-reformulacao#primaryimage\"},\"image\":{\"@id\":\"https:\\\/\\\/redenoticiaz.com.br\\\/litoralsp\\\/2022\\\/07\\\/23\\\/lei-sobre-entrada-de-veiculos-de-turismo-em-sao-vicente-passa-por-reformulacao#primaryimage\"},\"thumbnailUrl\":\"https:\\\/\\\/redenoticiaz.com.br\\\/litoralsp\\\/wp-content\\\/uploads\\\/sites\\\/3\\\/2022\\\/07\\\/sao-vicente-cred-rodrigo-montaldi-dl-3jpg1121.jpg\",\"datePublished\":\"2022-07-23T17:53:18+00:00\",\"description\":\"O prefeito Kayo Amado assinou uma reformula\u00e7\u00e3o da lei n\u00ba 4303, trazendo mudan\u00e7as sobre, circula\u00e7\u00e3o e estacionamento de ve\u00edculos de turismo.\",\"inLanguage\":\"pt-BR\",\"potentialAction\":[{\"@type\":\"ReadAction\",\"target\":[\"https:\\\/\\\/redenoticiaz.com.br\\\/litoralsp\\\/2022\\\/07\\\/23\\\/lei-sobre-entrada-de-veiculos-de-turismo-em-sao-vicente-passa-por-reformulacao\"]}]},{\"@type\":\"ImageObject\",\"inLanguage\":\"pt-BR\",\"@id\":\"https:\\\/\\\/redenoticiaz.com.br\\\/litoralsp\\\/2022\\\/07\\\/23\\\/lei-sobre-entrada-de-veiculos-de-turismo-em-sao-vicente-passa-por-reformulacao#primaryimage\",\"url\":\"https:\\\/\\\/redenoticiaz.com.br\\\/litoralsp\\\/wp-content\\\/uploads\\\/sites\\\/3\\\/2022\\\/07\\\/sao-vicente-cred-rodrigo-montaldi-dl-3jpg1121.jpg\",\"contentUrl\":\"https:\\\/\\\/redenoticiaz.com.br\\\/litoralsp\\\/wp-content\\\/uploads\\\/sites\\\/3\\\/2022\\\/07\\\/sao-vicente-cred-rodrigo-montaldi-dl-3jpg1121.jpg\",\"width\":799,\"height\":533,\"caption\":\"Lei sobre entrada de ve\u00edculos de turismo em S\u00e3o Vicente passa por reformula\u00e7\u00e3o\"},{\"@type\":\"WebSite\",\"@id\":\"https:\\\/\\\/redenoticiaz.com.br\\\/litoralsp\\\/#website\",\"url\":\"https:\\\/\\\/redenoticiaz.com.br\\\/litoralsp\\\/\",\"name\":\"Litoral SP\",\"description\":\"Rede NoticiaZ\",\"publisher\":{\"@id\":\"https:\\\/\\\/redenoticiaz.com.br\\\/litoralsp\\\/#organization\"},\"potentialAction\":[{\"@type\":\"SearchAction\",\"target\":{\"@type\":\"EntryPoint\",\"urlTemplate\":\"https:\\\/\\\/redenoticiaz.com.br\\\/litoralsp\\\/?s={search_term_string}\"},\"query-input\":{\"@type\":\"PropertyValueSpecification\",\"valueRequired\":true,\"valueName\":\"search_term_string\"}}],\"inLanguage\":\"pt-BR\"},{\"@type\":\"Organization\",\"@id\":\"https:\\\/\\\/redenoticiaz.com.br\\\/litoralsp\\\/#organization\",\"name\":\"Litoral SP\",\"url\":\"https:\\\/\\\/redenoticiaz.com.br\\\/litoralsp\\\/\",\"logo\":{\"@type\":\"ImageObject\",\"inLanguage\":\"pt-BR\",\"@id\":\"https:\\\/\\\/redenoticiaz.com.br\\\/litoralsp\\\/#\\\/schema\\\/logo\\\/image\\\/\",\"url\":\"https:\\\/\\\/redenoticiaz.com.br\\\/litoralsp\\\/wp-content\\\/uploads\\\/sites\\\/3\\\/2020\\\/11\\\/logo.jpg\",\"contentUrl\":\"https:\\\/\\\/redenoticiaz.com.br\\\/litoralsp\\\/wp-content\\\/uploads\\\/sites\\\/3\\\/2020\\\/11\\\/logo.jpg\",\"width\":400,\"height\":250,\"caption\":\"Litoral SP\"},\"image\":{\"@id\":\"https:\\\/\\\/redenoticiaz.com.br\\\/litoralsp\\\/#\\\/schema\\\/logo\\\/image\\\/\"}},{\"@type\":\"Person\",\"@id\":\"https:\\\/\\\/redenoticiaz.com.br\\\/litoralsp\\\/#\\\/schema\\\/person\\\/16057b37a3c0ee6b096d7f887c566e2e\",\"name\":\"Gustavo Silva\",\"image\":{\"@type\":\"ImageObject\",\"inLanguage\":\"pt-BR\",\"@id\":\"https:\\\/\\\/secure.gravatar.com\\\/avatar\\\/3ee4e82f93b26de0a7cf4ea5eb7893da637ed6bb0c9170c58065944c56e28a33?s=96&d=mm&r=g\",\"url\":\"https:\\\/\\\/secure.gravatar.com\\\/avatar\\\/3ee4e82f93b26de0a7cf4ea5eb7893da637ed6bb0c9170c58065944c56e28a33?s=96&d=mm&r=g\",\"contentUrl\":\"https:\\\/\\\/secure.gravatar.com\\\/avatar\\\/3ee4e82f93b26de0a7cf4ea5eb7893da637ed6bb0c9170c58065944c56e28a33?s=96&d=mm&r=g\",\"caption\":\"Gustavo Silva\"},\"url\":\"https:\\\/\\\/redenoticiaz.com.br\\\/litoralsp\\\/author\\\/gustavosilva\"}]}<\/script>\n<!-- \/ Yoast SEO plugin. -->","yoast_head_json":{"title":"Lei sobre entrada de ve\u00edculos de turismo em S\u00e3o Vicente passa por reformula\u00e7\u00e3o - Litoral SP","description":"O prefeito Kayo Amado assinou uma reformula\u00e7\u00e3o da lei n\u00ba 4303, trazendo mudan\u00e7as sobre, circula\u00e7\u00e3o e estacionamento de ve\u00edculos de turismo.","robots":{"index":"index","follow":"follow","max-snippet":"max-snippet:-1","max-image-preview":"max-image-preview:large","max-video-preview":"max-video-preview:-1"},"canonical":"https:\/\/redenoticiaz.com.br\/litoralsp\/2022\/07\/23\/lei-sobre-entrada-de-veiculos-de-turismo-em-sao-vicente-passa-por-reformulacao","og_locale":"pt_BR","og_type":"article","og_title":"Lei sobre entrada de ve\u00edculos de turismo em S\u00e3o Vicente passa por reformula\u00e7\u00e3o - Litoral SP","og_description":"O prefeito Kayo Amado assinou uma reformula\u00e7\u00e3o da lei n\u00ba 4303, trazendo mudan\u00e7as sobre, circula\u00e7\u00e3o e estacionamento de ve\u00edculos de turismo.","og_url":"https:\/\/redenoticiaz.com.br\/litoralsp\/2022\/07\/23\/lei-sobre-entrada-de-veiculos-de-turismo-em-sao-vicente-passa-por-reformulacao","og_site_name":"Litoral SP","article_published_time":"2022-07-23T17:53:18+00:00","og_image":[{"width":799,"height":533,"url":"https:\/\/redenoticiaz.com.br\/litoralsp\/wp-content\/uploads\/sites\/3\/2022\/07\/sao-vicente-cred-rodrigo-montaldi-dl-3jpg1121.jpg","type":"image\/jpeg"}],"author":"Gustavo Silva","twitter_card":"summary_large_image","twitter_misc":{"Escrito por":"Gustavo Silva","Est. tempo de leitura":"1 minuto"},"schema":{"@context":"https:\/\/schema.org","@graph":[{"@type":"Article","@id":"https:\/\/redenoticiaz.com.br\/litoralsp\/2022\/07\/23\/lei-sobre-entrada-de-veiculos-de-turismo-em-sao-vicente-passa-por-reformulacao#article","isPartOf":{"@id":"https:\/\/redenoticiaz.com.br\/litoralsp\/2022\/07\/23\/lei-sobre-entrada-de-veiculos-de-turismo-em-sao-vicente-passa-por-reformulacao"},"author":{"name":"Gustavo Silva","@id":"https:\/\/redenoticiaz.com.br\/litoralsp\/#\/schema\/person\/16057b37a3c0ee6b096d7f887c566e2e"},"headline":"Lei sobre entrada de ve\u00edculos de turismo em S\u00e3o Vicente passa por reformula\u00e7\u00e3o","datePublished":"2022-07-23T17:53:18+00:00","mainEntityOfPage":{"@id":"https:\/\/redenoticiaz.com.br\/litoralsp\/2022\/07\/23\/lei-sobre-entrada-de-veiculos-de-turismo-em-sao-vicente-passa-por-reformulacao"},"wordCount":168,"commentCount":0,"publisher":{"@id":"https:\/\/redenoticiaz.com.br\/litoralsp\/#organization"},"image":{"@id":"https:\/\/redenoticiaz.com.br\/litoralsp\/2022\/07\/23\/lei-sobre-entrada-de-veiculos-de-turismo-em-sao-vicente-passa-por-reformulacao#primaryimage"},"thumbnailUrl":"https:\/\/redenoticiaz.com.br\/litoralsp\/wp-content\/uploads\/sites\/3\/2022\/07\/sao-vicente-cred-rodrigo-montaldi-dl-3jpg1121.jpg","keywords":["kayo amado","lei n\u00ba 4303","S\u00e3o Vicente","turismo e excurs\u00e3o"],"articleSection":["S\u00e3o Vicente"],"inLanguage":"pt-BR","potentialAction":[{"@type":"CommentAction","name":"Comment","target":["https:\/\/redenoticiaz.com.br\/litoralsp\/2022\/07\/23\/lei-sobre-entrada-de-veiculos-de-turismo-em-sao-vicente-passa-por-reformulacao#respond"]}]},{"@type":"WebPage","@id":"https:\/\/redenoticiaz.com.br\/litoralsp\/2022\/07\/23\/lei-sobre-entrada-de-veiculos-de-turismo-em-sao-vicente-passa-por-reformulacao","url":"https:\/\/redenoticiaz.com.br\/litoralsp\/2022\/07\/23\/lei-sobre-entrada-de-veiculos-de-turismo-em-sao-vicente-passa-por-reformulacao","name":"Lei sobre entrada de ve\u00edculos de turismo em S\u00e3o Vicente passa por reformula\u00e7\u00e3o - Litoral SP","isPartOf":{"@id":"https:\/\/redenoticiaz.com.br\/litoralsp\/#website"},"primaryImageOfPage":{"@id":"https:\/\/redenoticiaz.com.br\/litoralsp\/2022\/07\/23\/lei-sobre-entrada-de-veiculos-de-turismo-em-sao-vicente-passa-por-reformulacao#primaryimage"},"image":{"@id":"https:\/\/redenoticiaz.com.br\/litoralsp\/2022\/07\/23\/lei-sobre-entrada-de-veiculos-de-turismo-em-sao-vicente-passa-por-reformulacao#primaryimage"},"thumbnailUrl":"https:\/\/redenoticiaz.com.br\/litoralsp\/wp-content\/uploads\/sites\/3\/2022\/07\/sao-vicente-cred-rodrigo-montaldi-dl-3jpg1121.jpg","datePublished":"2022-07-23T17:53:18+00:00","description":"O prefeito Kayo Amado assinou uma reformula\u00e7\u00e3o da lei n\u00ba 4303, trazendo mudan\u00e7as sobre, circula\u00e7\u00e3o e estacionamento de ve\u00edculos de turismo.","inLanguage":"pt-BR","potentialAction":[{"@type":"ReadAction","target":["https:\/\/redenoticiaz.com.br\/litoralsp\/2022\/07\/23\/lei-sobre-entrada-de-veiculos-de-turismo-em-sao-vicente-passa-por-reformulacao"]}]},{"@type":"ImageObject","inLanguage":"pt-BR","@id":"https:\/\/redenoticiaz.com.br\/litoralsp\/2022\/07\/23\/lei-sobre-entrada-de-veiculos-de-turismo-em-sao-vicente-passa-por-reformulacao#primaryimage","url":"https:\/\/redenoticiaz.com.br\/litoralsp\/wp-content\/uploads\/sites\/3\/2022\/07\/sao-vicente-cred-rodrigo-montaldi-dl-3jpg1121.jpg","contentUrl":"https:\/\/redenoticiaz.com.br\/litoralsp\/wp-content\/uploads\/sites\/3\/2022\/07\/sao-vicente-cred-rodrigo-montaldi-dl-3jpg1121.jpg","width":799,"height":533,"caption":"Lei sobre entrada de ve\u00edculos de turismo em S\u00e3o Vicente passa por reformula\u00e7\u00e3o"},{"@type":"WebSite","@id":"https:\/\/redenoticiaz.com.br\/litoralsp\/#website","url":"https:\/\/redenoticiaz.com.br\/litoralsp\/","name":"Litoral SP","description":"Rede NoticiaZ","publisher":{"@id":"https:\/\/redenoticiaz.com.br\/litoralsp\/#organization"},"potentialAction":[{"@type":"SearchAction","target":{"@type":"EntryPoint","urlTemplate":"https:\/\/redenoticiaz.com.br\/litoralsp\/?s={search_term_string}"},"query-input":{"@type":"PropertyValueSpecification","valueRequired":true,"valueName":"search_term_string"}}],"inLanguage":"pt-BR"},{"@type":"Organization","@id":"https:\/\/redenoticiaz.com.br\/litoralsp\/#organization","name":"Litoral SP","url":"https:\/\/redenoticiaz.com.br\/litoralsp\/","logo":{"@type":"ImageObject","inLanguage":"pt-BR","@id":"https:\/\/redenoticiaz.com.br\/litoralsp\/#\/schema\/logo\/image\/","url":"https:\/\/redenoticiaz.com.br\/litoralsp\/wp-content\/uploads\/sites\/3\/2020\/11\/logo.jpg","contentUrl":"https:\/\/redenoticiaz.com.br\/litoralsp\/wp-content\/uploads\/sites\/3\/2020\/11\/logo.jpg","width":400,"height":250,"caption":"Litoral SP"},"image":{"@id":"https:\/\/redenoticiaz.com.br\/litoralsp\/#\/schema\/logo\/image\/"}},{"@type":"Person","@id":"https:\/\/redenoticiaz.com.br\/litoralsp\/#\/schema\/person\/16057b37a3c0ee6b096d7f887c566e2e","name":"Gustavo Silva","image":{"@type":"ImageObject","inLanguage":"pt-BR","@id":"https:\/\/secure.gravatar.com\/avatar\/3ee4e82f93b26de0a7cf4ea5eb7893da637ed6bb0c9170c58065944c56e28a33?s=96&d=mm&r=g","url":"https:\/\/secure.gravatar.com\/avatar\/3ee4e82f93b26de0a7cf4ea5eb7893da637ed6bb0c9170c58065944c56e28a33?s=96&d=mm&r=g","contentUrl":"https:\/\/secure.gravatar.com\/avatar\/3ee4e82f93b26de0a7cf4ea5eb7893da637ed6bb0c9170c58065944c56e28a33?s=96&d=mm&r=g","caption":"Gustavo Silva"},"url":"https:\/\/redenoticiaz.com.br\/litoralsp\/author\/gustavosilva"}]}},"_links":{"self":[{"href":"https:\/\/redenoticiaz.com.br\/litoralsp\/wp-json\/wp\/v2\/posts\/88842","targetHints":{"allow":["GET"]}}],"collection":[{"href":"https:\/\/redenoticiaz.com.br\/litoralsp\/wp-json\/wp\/v2\/posts"}],"about":[{"href":"https:\/\/redenoticiaz.com.br\/litoralsp\/wp-json\/wp\/v2\/types\/post"}],"author":[{"embeddable":true,"href":"https:\/\/redenoticiaz.com.br\/litoralsp\/wp-json\/wp\/v2\/users\/12"}],"replies":[{"embeddable":true,"href":"https:\/\/redenoticiaz.com.br\/litoralsp\/wp-json\/wp\/v2\/comments?post=88842"}],"version-history":[{"count":1,"href":"https:\/\/redenoticiaz.com.br\/litoralsp\/wp-json\/wp\/v2\/posts\/88842\/revisions"}],"predecessor-version":[{"id":88844,"href":"https:\/\/redenoticiaz.com.br\/litoralsp\/wp-json\/wp\/v2\/posts\/88842\/revisions\/88844"}],"wp:featuredmedia":[{"embeddable":true,"href":"https:\/\/redenoticiaz.com.br\/litoralsp\/wp-json\/wp\/v2\/media\/88843"}],"wp:attachment":[{"href":"https:\/\/redenoticiaz.com.br\/litoralsp\/wp-json\/wp\/v2\/media?parent=88842"}],"wp:term":[{"taxonomy":"category","embeddable":true,"href":"https:\/\/redenoticiaz.com.br\/litoralsp\/wp-json\/wp\/v2\/categories?post=88842"},{"taxonomy":"post_tag","embeddable":true,"href":"https:\/\/redenoticiaz.com.br\/litoralsp\/wp-json\/wp\/v2\/tags?post=88842"}],"curies":[{"name":"wp","href":"https:\/\/api.w.org\/{rel}","templated":true}]}}