{"id":88893,"date":"2022-07-24T15:39:30","date_gmt":"2022-07-24T18:39:30","guid":{"rendered":"https:\/\/redenoticiaz.com.br\/litoralsp\/2022\/07\/24\/verstappen-vence-gp-da-franca-e-dispara-na-lideranca-da-formula-1"},"modified":"2022-07-24T15:40:08","modified_gmt":"2022-07-24T18:40:08","slug":"verstappen-vence-gp-da-franca-e-dispara-na-lideranca-da-formula-1","status":"publish","type":"post","link":"https:\/\/redenoticiaz.com.br\/litoralsp\/2022\/07\/24\/verstappen-vence-gp-da-franca-e-dispara-na-lideranca-da-formula-1","title":{"rendered":"Verstappen vence GP da Fran\u00e7a e dispara na lideran\u00e7a da F\u00f3rmula 1"},"content":{"rendered":"<p>O holand\u00eas Max Verstappen venceu o Grande Pr\u00eamio da Fran\u00e7a de F\u00f3rmula 1, realizado neste domingo (24), no circuito de Paul Ricard, em Le Castellet.<img decoding=\"async\" src=\"https:\/\/agenciabrasil.ebc.com.br\/ebc.png?id=1472389&amp;o=node\" \/><img decoding=\"async\" src=\"https:\/\/agenciabrasil.ebc.com.br\/ebc.gif?id=1472389&amp;o=node\" \/><\/p>\n<p>O atual campe\u00e3o mundial chegou ao s\u00e9timo triunfo em 12 corridas e disparou na lideran\u00e7a da temporada 2022, beneficiado, tamb\u00e9m, pelo abandono do monegasco Charles Leclerc, segundo colocado no campeonato de pilotos, que saiu da prova na 17\u00aa volta, ao atingir a barreira de pneus. Os brit\u00e2nicos Lewis Hamilton e George Russel, ambos da Mercedes, completaram o p\u00f3dio.<\/p>\n<p>Verstappen, da Red Bull, chegou a 233 pontos e abriu 63 de vantagem para Leclerc, da Ferrari. Quarto colocado na Fran\u00e7a, ultrapassado por Russell a tr\u00eas voltas do fim, o mexicano Sergio P\u00e9rez, companheiro de equipe do holand\u00eas, foi a 163 pontos e encostou no monegasco. Russell est\u00e1 em quinto lugar, com 143 pontos, seguido por Hamilton, com 127 pontos.<\/p>\n<p>No campeonato de construtores, a Red Bull tamb\u00e9m abriu dist\u00e2ncia na lideran\u00e7a, com 396 pontos. A Ferrari, que pontuou somente com o espanhol Carlos Sainz, quinto na Fran\u00e7a, est\u00e1 em segundo, com 314 pontos. A equipe italiana viu a diferen\u00e7a para a Mercedes cair, ap\u00f3s a dobradinha da escuderia alem\u00e3 em Paul Ricard, que a levou a 270 pontos.<\/p>\n<p>A pr\u00f3xima etapa da F\u00f3rmula 1 ser\u00e1 o Grande Pr\u00eamio da Hungria, no circuito de Hungaroring, em Mogyorod, no pr\u00f3ximo domingo (31), \u00e0s 10h (hor\u00e1rio de Bras\u00edlia). Restam dez corridas para o fim do campeonato. O Grande Pr\u00eamio de S\u00e3o Paulo, 19\u00aa prova da temporada, ser\u00e1 em 13 de novembro, no aut\u00f3dromo Jos\u00e9 Carlos Pace (Interlagos), na capital paulista.<\/p>\n<p><strong>Leia mais<\/strong><\/p>\n<p><a href=\"https:\/\/redenoticiaz.com.br\/blog\/2022\/05\/22\/verstappen-ganha-no-gp-da-espanha-e-vira-lider-da-formula-1-apos-abandono-de-leclerc\">Verstappen ganha no GP da Espanha e vira l\u00edder da F\u00f3rmula 1 ap\u00f3s abandono de Leclerc<\/a><\/p>\n","protected":false},"excerpt":{"rendered":"<p>O holand\u00eas Max Verstappen venceu o Grande Pr\u00eamio da Fran\u00e7a de F\u00f3rmula 1, realizado neste domingo (24), no circuito de Paul Ricard, em Le Castellet. O atual campe\u00e3o mundial chegou ao s\u00e9timo triunfo em 12 corridas e disparou na lideran\u00e7a da temporada 2022, beneficiado, tamb\u00e9m, pelo abandono do monegasco Charles Leclerc, segundo colocado no campeonato &hellip;<\/p>\n","protected":false},"author":12,"featured_media":88894,"comment_status":"open","ping_status":"closed","sticky":false,"template":"","format":"standard","meta":{"footnotes":""},"categories":[35],"tags":[75,58404,58405],"class_list":["post-88893","post","type-post","status-publish","format-standard","has-post-thumbnail","hentry","category-esporte","tag-formula-1","tag-grande-premio-da-franca","tag-verstappen"],"yoast_head":"<!-- This site is optimized with the Yoast SEO plugin v27.5 - https:\/\/yoast.com\/product\/yoast-seo-wordpress\/ -->\n<title>Verstappen vence GP da Fran\u00e7a e dispara na lideran\u00e7a da F\u00f3rmula 1 - Litoral SP<\/title>\n<meta name=\"description\" content=\"O holand\u00eas Max Verstappen venceu o Grande Pr\u00eamio da Fran\u00e7a de F\u00f3rmula 1, no circuito de Paul Ricard, em Le Castellet.\" \/>\n<meta name=\"robots\" content=\"index, follow, max-snippet:-1, max-image-preview:large, max-video-preview:-1\" \/>\n<link rel=\"canonical\" href=\"https:\/\/redenoticiaz.com.br\/litoralsp\/2022\/07\/24\/verstappen-vence-gp-da-franca-e-dispara-na-lideranca-da-formula-1\" \/>\n<meta property=\"og:locale\" content=\"pt_BR\" \/>\n<meta property=\"og:type\" content=\"article\" \/>\n<meta property=\"og:title\" content=\"Verstappen vence GP da Fran\u00e7a e dispara na lideran\u00e7a da F\u00f3rmula 1 - Litoral SP\" \/>\n<meta property=\"og:description\" content=\"O holand\u00eas Max Verstappen venceu o Grande Pr\u00eamio da Fran\u00e7a de F\u00f3rmula 1, no circuito de Paul Ricard, em Le Castellet.\" \/>\n<meta property=\"og:url\" content=\"https:\/\/redenoticiaz.com.br\/litoralsp\/2022\/07\/24\/verstappen-vence-gp-da-franca-e-dispara-na-lideranca-da-formula-1\" \/>\n<meta property=\"og:site_name\" content=\"Litoral SP\" \/>\n<meta property=\"article:published_time\" content=\"2022-07-24T18:39:30+00:00\" \/>\n<meta property=\"article:modified_time\" content=\"2022-07-24T18:40:08+00:00\" \/>\n<meta property=\"og:image\" content=\"https:\/\/redenoticiaz.com.br\/litoralsp\/wp-content\/uploads\/sites\/3\/2022\/07\/2021-11-10t193728z_1_lynxmpeha91bg_rtroptp_4_motor-f1-mexico.jpg?v=1658687955\" \/>\n\t<meta property=\"og:image:width\" content=\"1170\" \/>\n\t<meta property=\"og:image:height\" content=\"700\" \/>\n\t<meta property=\"og:image:type\" content=\"image\/jpeg\" \/>\n<meta name=\"author\" content=\"Gustavo Silva\" \/>\n<meta name=\"twitter:card\" content=\"summary_large_image\" \/>\n<meta name=\"twitter:label1\" content=\"Escrito por\" \/>\n\t<meta name=\"twitter:data1\" content=\"Gustavo Silva\" \/>\n\t<meta name=\"twitter:label2\" content=\"Est. tempo de leitura\" \/>\n\t<meta name=\"twitter:data2\" content=\"2 minutos\" \/>\n<script type=\"application\/ld+json\" class=\"yoast-schema-graph\">{\"@context\":\"https:\\\/\\\/schema.org\",\"@graph\":[{\"@type\":\"Article\",\"@id\":\"https:\\\/\\\/redenoticiaz.com.br\\\/litoralsp\\\/2022\\\/07\\\/24\\\/verstappen-vence-gp-da-franca-e-dispara-na-lideranca-da-formula-1#article\",\"isPartOf\":{\"@id\":\"https:\\\/\\\/redenoticiaz.com.br\\\/litoralsp\\\/2022\\\/07\\\/24\\\/verstappen-vence-gp-da-franca-e-dispara-na-lideranca-da-formula-1\"},\"author\":{\"name\":\"Gustavo Silva\",\"@id\":\"https:\\\/\\\/redenoticiaz.com.br\\\/litoralsp\\\/#\\\/schema\\\/person\\\/16057b37a3c0ee6b096d7f887c566e2e\"},\"headline\":\"Verstappen vence GP da Fran\u00e7a e dispara na lideran\u00e7a da F\u00f3rmula 1\",\"datePublished\":\"2022-07-24T18:39:30+00:00\",\"dateModified\":\"2022-07-24T18:40:08+00:00\",\"mainEntityOfPage\":{\"@id\":\"https:\\\/\\\/redenoticiaz.com.br\\\/litoralsp\\\/2022\\\/07\\\/24\\\/verstappen-vence-gp-da-franca-e-dispara-na-lideranca-da-formula-1\"},\"wordCount\":307,\"commentCount\":0,\"publisher\":{\"@id\":\"https:\\\/\\\/redenoticiaz.com.br\\\/litoralsp\\\/#organization\"},\"image\":{\"@id\":\"https:\\\/\\\/redenoticiaz.com.br\\\/litoralsp\\\/2022\\\/07\\\/24\\\/verstappen-vence-gp-da-franca-e-dispara-na-lideranca-da-formula-1#primaryimage\"},\"thumbnailUrl\":\"https:\\\/\\\/redenoticiaz.com.br\\\/litoralsp\\\/wp-content\\\/uploads\\\/sites\\\/3\\\/2022\\\/07\\\/2021-11-10t193728z_1_lynxmpeha91bg_rtroptp_4_motor-f1-mexico.jpg?v=1658687955\",\"keywords\":[\"F\u00d3RMULA 1\",\"Grande Pr\u00eamio da Fran\u00e7a\",\"Verstappen\"],\"articleSection\":[\"Esporte\"],\"inLanguage\":\"pt-BR\",\"potentialAction\":[{\"@type\":\"CommentAction\",\"name\":\"Comment\",\"target\":[\"https:\\\/\\\/redenoticiaz.com.br\\\/litoralsp\\\/2022\\\/07\\\/24\\\/verstappen-vence-gp-da-franca-e-dispara-na-lideranca-da-formula-1#respond\"]}]},{\"@type\":\"WebPage\",\"@id\":\"https:\\\/\\\/redenoticiaz.com.br\\\/litoralsp\\\/2022\\\/07\\\/24\\\/verstappen-vence-gp-da-franca-e-dispara-na-lideranca-da-formula-1\",\"url\":\"https:\\\/\\\/redenoticiaz.com.br\\\/litoralsp\\\/2022\\\/07\\\/24\\\/verstappen-vence-gp-da-franca-e-dispara-na-lideranca-da-formula-1\",\"name\":\"Verstappen vence GP da Fran\u00e7a e dispara na lideran\u00e7a da F\u00f3rmula 1 - Litoral SP\",\"isPartOf\":{\"@id\":\"https:\\\/\\\/redenoticiaz.com.br\\\/litoralsp\\\/#website\"},\"primaryImageOfPage\":{\"@id\":\"https:\\\/\\\/redenoticiaz.com.br\\\/litoralsp\\\/2022\\\/07\\\/24\\\/verstappen-vence-gp-da-franca-e-dispara-na-lideranca-da-formula-1#primaryimage\"},\"image\":{\"@id\":\"https:\\\/\\\/redenoticiaz.com.br\\\/litoralsp\\\/2022\\\/07\\\/24\\\/verstappen-vence-gp-da-franca-e-dispara-na-lideranca-da-formula-1#primaryimage\"},\"thumbnailUrl\":\"https:\\\/\\\/redenoticiaz.com.br\\\/litoralsp\\\/wp-content\\\/uploads\\\/sites\\\/3\\\/2022\\\/07\\\/2021-11-10t193728z_1_lynxmpeha91bg_rtroptp_4_motor-f1-mexico.jpg?v=1658687955\",\"datePublished\":\"2022-07-24T18:39:30+00:00\",\"dateModified\":\"2022-07-24T18:40:08+00:00\",\"description\":\"O holand\u00eas Max Verstappen venceu o Grande Pr\u00eamio da Fran\u00e7a de F\u00f3rmula 1, no circuito de Paul Ricard, em Le Castellet.\",\"inLanguage\":\"pt-BR\",\"potentialAction\":[{\"@type\":\"ReadAction\",\"target\":[\"https:\\\/\\\/redenoticiaz.com.br\\\/litoralsp\\\/2022\\\/07\\\/24\\\/verstappen-vence-gp-da-franca-e-dispara-na-lideranca-da-formula-1\"]}]},{\"@type\":\"ImageObject\",\"inLanguage\":\"pt-BR\",\"@id\":\"https:\\\/\\\/redenoticiaz.com.br\\\/litoralsp\\\/2022\\\/07\\\/24\\\/verstappen-vence-gp-da-franca-e-dispara-na-lideranca-da-formula-1#primaryimage\",\"url\":\"https:\\\/\\\/redenoticiaz.com.br\\\/litoralsp\\\/wp-content\\\/uploads\\\/sites\\\/3\\\/2022\\\/07\\\/2021-11-10t193728z_1_lynxmpeha91bg_rtroptp_4_motor-f1-mexico.jpg?v=1658687955\",\"contentUrl\":\"https:\\\/\\\/redenoticiaz.com.br\\\/litoralsp\\\/wp-content\\\/uploads\\\/sites\\\/3\\\/2022\\\/07\\\/2021-11-10t193728z_1_lynxmpeha91bg_rtroptp_4_motor-f1-mexico.jpg?v=1658687955\",\"width\":1170,\"height\":700,\"caption\":\"Verstappen vence GP da Fran\u00e7a e dispara na lideran\u00e7a da F\u00f3rmula 1\"},{\"@type\":\"WebSite\",\"@id\":\"https:\\\/\\\/redenoticiaz.com.br\\\/litoralsp\\\/#website\",\"url\":\"https:\\\/\\\/redenoticiaz.com.br\\\/litoralsp\\\/\",\"name\":\"Litoral SP\",\"description\":\"Rede NoticiaZ\",\"publisher\":{\"@id\":\"https:\\\/\\\/redenoticiaz.com.br\\\/litoralsp\\\/#organization\"},\"potentialAction\":[{\"@type\":\"SearchAction\",\"target\":{\"@type\":\"EntryPoint\",\"urlTemplate\":\"https:\\\/\\\/redenoticiaz.com.br\\\/litoralsp\\\/?s={search_term_string}\"},\"query-input\":{\"@type\":\"PropertyValueSpecification\",\"valueRequired\":true,\"valueName\":\"search_term_string\"}}],\"inLanguage\":\"pt-BR\"},{\"@type\":\"Organization\",\"@id\":\"https:\\\/\\\/redenoticiaz.com.br\\\/litoralsp\\\/#organization\",\"name\":\"Litoral SP\",\"url\":\"https:\\\/\\\/redenoticiaz.com.br\\\/litoralsp\\\/\",\"logo\":{\"@type\":\"ImageObject\",\"inLanguage\":\"pt-BR\",\"@id\":\"https:\\\/\\\/redenoticiaz.com.br\\\/litoralsp\\\/#\\\/schema\\\/logo\\\/image\\\/\",\"url\":\"https:\\\/\\\/redenoticiaz.com.br\\\/litoralsp\\\/wp-content\\\/uploads\\\/sites\\\/3\\\/2020\\\/11\\\/logo.jpg\",\"contentUrl\":\"https:\\\/\\\/redenoticiaz.com.br\\\/litoralsp\\\/wp-content\\\/uploads\\\/sites\\\/3\\\/2020\\\/11\\\/logo.jpg\",\"width\":400,\"height\":250,\"caption\":\"Litoral SP\"},\"image\":{\"@id\":\"https:\\\/\\\/redenoticiaz.com.br\\\/litoralsp\\\/#\\\/schema\\\/logo\\\/image\\\/\"}},{\"@type\":\"Person\",\"@id\":\"https:\\\/\\\/redenoticiaz.com.br\\\/litoralsp\\\/#\\\/schema\\\/person\\\/16057b37a3c0ee6b096d7f887c566e2e\",\"name\":\"Gustavo Silva\",\"image\":{\"@type\":\"ImageObject\",\"inLanguage\":\"pt-BR\",\"@id\":\"https:\\\/\\\/secure.gravatar.com\\\/avatar\\\/3ee4e82f93b26de0a7cf4ea5eb7893da637ed6bb0c9170c58065944c56e28a33?s=96&d=mm&r=g\",\"url\":\"https:\\\/\\\/secure.gravatar.com\\\/avatar\\\/3ee4e82f93b26de0a7cf4ea5eb7893da637ed6bb0c9170c58065944c56e28a33?s=96&d=mm&r=g\",\"contentUrl\":\"https:\\\/\\\/secure.gravatar.com\\\/avatar\\\/3ee4e82f93b26de0a7cf4ea5eb7893da637ed6bb0c9170c58065944c56e28a33?s=96&d=mm&r=g\",\"caption\":\"Gustavo Silva\"},\"url\":\"https:\\\/\\\/redenoticiaz.com.br\\\/litoralsp\\\/author\\\/gustavosilva\"}]}<\/script>\n<!-- \/ Yoast SEO plugin. -->","yoast_head_json":{"title":"Verstappen vence GP da Fran\u00e7a e dispara na lideran\u00e7a da F\u00f3rmula 1 - Litoral SP","description":"O holand\u00eas Max Verstappen venceu o Grande Pr\u00eamio da Fran\u00e7a de F\u00f3rmula 1, no circuito de Paul Ricard, em Le Castellet.","robots":{"index":"index","follow":"follow","max-snippet":"max-snippet:-1","max-image-preview":"max-image-preview:large","max-video-preview":"max-video-preview:-1"},"canonical":"https:\/\/redenoticiaz.com.br\/litoralsp\/2022\/07\/24\/verstappen-vence-gp-da-franca-e-dispara-na-lideranca-da-formula-1","og_locale":"pt_BR","og_type":"article","og_title":"Verstappen vence GP da Fran\u00e7a e dispara na lideran\u00e7a da F\u00f3rmula 1 - Litoral SP","og_description":"O holand\u00eas Max Verstappen venceu o Grande Pr\u00eamio da Fran\u00e7a de F\u00f3rmula 1, no circuito de Paul Ricard, em Le Castellet.","og_url":"https:\/\/redenoticiaz.com.br\/litoralsp\/2022\/07\/24\/verstappen-vence-gp-da-franca-e-dispara-na-lideranca-da-formula-1","og_site_name":"Litoral SP","article_published_time":"2022-07-24T18:39:30+00:00","article_modified_time":"2022-07-24T18:40:08+00:00","og_image":[{"width":1170,"height":700,"url":"https:\/\/redenoticiaz.com.br\/litoralsp\/wp-content\/uploads\/sites\/3\/2022\/07\/2021-11-10t193728z_1_lynxmpeha91bg_rtroptp_4_motor-f1-mexico.jpg?v=1658687955","type":"image\/jpeg"}],"author":"Gustavo Silva","twitter_card":"summary_large_image","twitter_misc":{"Escrito por":"Gustavo Silva","Est. tempo de leitura":"2 minutos"},"schema":{"@context":"https:\/\/schema.org","@graph":[{"@type":"Article","@id":"https:\/\/redenoticiaz.com.br\/litoralsp\/2022\/07\/24\/verstappen-vence-gp-da-franca-e-dispara-na-lideranca-da-formula-1#article","isPartOf":{"@id":"https:\/\/redenoticiaz.com.br\/litoralsp\/2022\/07\/24\/verstappen-vence-gp-da-franca-e-dispara-na-lideranca-da-formula-1"},"author":{"name":"Gustavo Silva","@id":"https:\/\/redenoticiaz.com.br\/litoralsp\/#\/schema\/person\/16057b37a3c0ee6b096d7f887c566e2e"},"headline":"Verstappen vence GP da Fran\u00e7a e dispara na lideran\u00e7a da F\u00f3rmula 1","datePublished":"2022-07-24T18:39:30+00:00","dateModified":"2022-07-24T18:40:08+00:00","mainEntityOfPage":{"@id":"https:\/\/redenoticiaz.com.br\/litoralsp\/2022\/07\/24\/verstappen-vence-gp-da-franca-e-dispara-na-lideranca-da-formula-1"},"wordCount":307,"commentCount":0,"publisher":{"@id":"https:\/\/redenoticiaz.com.br\/litoralsp\/#organization"},"image":{"@id":"https:\/\/redenoticiaz.com.br\/litoralsp\/2022\/07\/24\/verstappen-vence-gp-da-franca-e-dispara-na-lideranca-da-formula-1#primaryimage"},"thumbnailUrl":"https:\/\/redenoticiaz.com.br\/litoralsp\/wp-content\/uploads\/sites\/3\/2022\/07\/2021-11-10t193728z_1_lynxmpeha91bg_rtroptp_4_motor-f1-mexico.jpg?v=1658687955","keywords":["F\u00d3RMULA 1","Grande Pr\u00eamio da Fran\u00e7a","Verstappen"],"articleSection":["Esporte"],"inLanguage":"pt-BR","potentialAction":[{"@type":"CommentAction","name":"Comment","target":["https:\/\/redenoticiaz.com.br\/litoralsp\/2022\/07\/24\/verstappen-vence-gp-da-franca-e-dispara-na-lideranca-da-formula-1#respond"]}]},{"@type":"WebPage","@id":"https:\/\/redenoticiaz.com.br\/litoralsp\/2022\/07\/24\/verstappen-vence-gp-da-franca-e-dispara-na-lideranca-da-formula-1","url":"https:\/\/redenoticiaz.com.br\/litoralsp\/2022\/07\/24\/verstappen-vence-gp-da-franca-e-dispara-na-lideranca-da-formula-1","name":"Verstappen vence GP da Fran\u00e7a e dispara na lideran\u00e7a da F\u00f3rmula 1 - Litoral SP","isPartOf":{"@id":"https:\/\/redenoticiaz.com.br\/litoralsp\/#website"},"primaryImageOfPage":{"@id":"https:\/\/redenoticiaz.com.br\/litoralsp\/2022\/07\/24\/verstappen-vence-gp-da-franca-e-dispara-na-lideranca-da-formula-1#primaryimage"},"image":{"@id":"https:\/\/redenoticiaz.com.br\/litoralsp\/2022\/07\/24\/verstappen-vence-gp-da-franca-e-dispara-na-lideranca-da-formula-1#primaryimage"},"thumbnailUrl":"https:\/\/redenoticiaz.com.br\/litoralsp\/wp-content\/uploads\/sites\/3\/2022\/07\/2021-11-10t193728z_1_lynxmpeha91bg_rtroptp_4_motor-f1-mexico.jpg?v=1658687955","datePublished":"2022-07-24T18:39:30+00:00","dateModified":"2022-07-24T18:40:08+00:00","description":"O holand\u00eas Max Verstappen venceu o Grande Pr\u00eamio da Fran\u00e7a de F\u00f3rmula 1, no circuito de Paul Ricard, em Le Castellet.","inLanguage":"pt-BR","potentialAction":[{"@type":"ReadAction","target":["https:\/\/redenoticiaz.com.br\/litoralsp\/2022\/07\/24\/verstappen-vence-gp-da-franca-e-dispara-na-lideranca-da-formula-1"]}]},{"@type":"ImageObject","inLanguage":"pt-BR","@id":"https:\/\/redenoticiaz.com.br\/litoralsp\/2022\/07\/24\/verstappen-vence-gp-da-franca-e-dispara-na-lideranca-da-formula-1#primaryimage","url":"https:\/\/redenoticiaz.com.br\/litoralsp\/wp-content\/uploads\/sites\/3\/2022\/07\/2021-11-10t193728z_1_lynxmpeha91bg_rtroptp_4_motor-f1-mexico.jpg?v=1658687955","contentUrl":"https:\/\/redenoticiaz.com.br\/litoralsp\/wp-content\/uploads\/sites\/3\/2022\/07\/2021-11-10t193728z_1_lynxmpeha91bg_rtroptp_4_motor-f1-mexico.jpg?v=1658687955","width":1170,"height":700,"caption":"Verstappen vence GP da Fran\u00e7a e dispara na lideran\u00e7a da F\u00f3rmula 1"},{"@type":"WebSite","@id":"https:\/\/redenoticiaz.com.br\/litoralsp\/#website","url":"https:\/\/redenoticiaz.com.br\/litoralsp\/","name":"Litoral SP","description":"Rede NoticiaZ","publisher":{"@id":"https:\/\/redenoticiaz.com.br\/litoralsp\/#organization"},"potentialAction":[{"@type":"SearchAction","target":{"@type":"EntryPoint","urlTemplate":"https:\/\/redenoticiaz.com.br\/litoralsp\/?s={search_term_string}"},"query-input":{"@type":"PropertyValueSpecification","valueRequired":true,"valueName":"search_term_string"}}],"inLanguage":"pt-BR"},{"@type":"Organization","@id":"https:\/\/redenoticiaz.com.br\/litoralsp\/#organization","name":"Litoral SP","url":"https:\/\/redenoticiaz.com.br\/litoralsp\/","logo":{"@type":"ImageObject","inLanguage":"pt-BR","@id":"https:\/\/redenoticiaz.com.br\/litoralsp\/#\/schema\/logo\/image\/","url":"https:\/\/redenoticiaz.com.br\/litoralsp\/wp-content\/uploads\/sites\/3\/2020\/11\/logo.jpg","contentUrl":"https:\/\/redenoticiaz.com.br\/litoralsp\/wp-content\/uploads\/sites\/3\/2020\/11\/logo.jpg","width":400,"height":250,"caption":"Litoral SP"},"image":{"@id":"https:\/\/redenoticiaz.com.br\/litoralsp\/#\/schema\/logo\/image\/"}},{"@type":"Person","@id":"https:\/\/redenoticiaz.com.br\/litoralsp\/#\/schema\/person\/16057b37a3c0ee6b096d7f887c566e2e","name":"Gustavo Silva","image":{"@type":"ImageObject","inLanguage":"pt-BR","@id":"https:\/\/secure.gravatar.com\/avatar\/3ee4e82f93b26de0a7cf4ea5eb7893da637ed6bb0c9170c58065944c56e28a33?s=96&d=mm&r=g","url":"https:\/\/secure.gravatar.com\/avatar\/3ee4e82f93b26de0a7cf4ea5eb7893da637ed6bb0c9170c58065944c56e28a33?s=96&d=mm&r=g","contentUrl":"https:\/\/secure.gravatar.com\/avatar\/3ee4e82f93b26de0a7cf4ea5eb7893da637ed6bb0c9170c58065944c56e28a33?s=96&d=mm&r=g","caption":"Gustavo Silva"},"url":"https:\/\/redenoticiaz.com.br\/litoralsp\/author\/gustavosilva"}]}},"_links":{"self":[{"href":"https:\/\/redenoticiaz.com.br\/litoralsp\/wp-json\/wp\/v2\/posts\/88893","targetHints":{"allow":["GET"]}}],"collection":[{"href":"https:\/\/redenoticiaz.com.br\/litoralsp\/wp-json\/wp\/v2\/posts"}],"about":[{"href":"https:\/\/redenoticiaz.com.br\/litoralsp\/wp-json\/wp\/v2\/types\/post"}],"author":[{"embeddable":true,"href":"https:\/\/redenoticiaz.com.br\/litoralsp\/wp-json\/wp\/v2\/users\/12"}],"replies":[{"embeddable":true,"href":"https:\/\/redenoticiaz.com.br\/litoralsp\/wp-json\/wp\/v2\/comments?post=88893"}],"version-history":[{"count":0,"href":"https:\/\/redenoticiaz.com.br\/litoralsp\/wp-json\/wp\/v2\/posts\/88893\/revisions"}],"wp:featuredmedia":[{"embeddable":true,"href":"https:\/\/redenoticiaz.com.br\/litoralsp\/wp-json\/wp\/v2\/media\/88894"}],"wp:attachment":[{"href":"https:\/\/redenoticiaz.com.br\/litoralsp\/wp-json\/wp\/v2\/media?parent=88893"}],"wp:term":[{"taxonomy":"category","embeddable":true,"href":"https:\/\/redenoticiaz.com.br\/litoralsp\/wp-json\/wp\/v2\/categories?post=88893"},{"taxonomy":"post_tag","embeddable":true,"href":"https:\/\/redenoticiaz.com.br\/litoralsp\/wp-json\/wp\/v2\/tags?post=88893"}],"curies":[{"name":"wp","href":"https:\/\/api.w.org\/{rel}","templated":true}]}}