{"id":88912,"date":"2022-07-25T10:17:21","date_gmt":"2022-07-25T13:17:21","guid":{"rendered":"https:\/\/redenoticiaz.com.br\/litoralsp\/?p=88912"},"modified":"2022-07-25T10:17:21","modified_gmt":"2022-07-25T13:17:21","slug":"gemeas-de-2-anos-sao-resgatadas-apos-abandono-em-casa-no-guaruja","status":"publish","type":"post","link":"https:\/\/redenoticiaz.com.br\/litoralsp\/2022\/07\/25\/gemeas-de-2-anos-sao-resgatadas-apos-abandono-em-casa-no-guaruja","title":{"rendered":"G\u00eameas de 2 anos s\u00e3o resgatadas ap\u00f3s abandono em casa no Guaruj\u00e1"},"content":{"rendered":"<p>Irm\u00e3s g\u00eameas de apenas dois anos de idade foram <strong>encontradas sozinhas em uma casa<\/strong>, no <a href=\"https:\/\/www.guaruja.sp.gov.br\/\">Guaruj\u00e1<\/a>. A Pol\u00edcia Militar informa que foi acionada por vizinhos, que alegaram ter ouvido elas gritarem, j\u00e1 que a m\u00e3e, uma jovem de 24 anos, n\u00e3o estava em casa. Ela foi presa, segundo informa a Secretaria de Seguran\u00e7a P\u00fablica (SSP).<\/p>\n<p>De acordo com o boletim de ocorr\u00eancia registrado na Delegacia Sede de Guaruj\u00e1, as g\u00eameas estar\u00e3o sob tutela da av\u00f3 materna, que assinou um termo de responsabilidade. As investiga\u00e7\u00f5es prosseguem pela Pol\u00edcia Civil, junto com o Conselho Tutelar.<\/p>\n<p>O caso aconteceu em uma casa localizada no Jardim Enseada. Os vizinhos ouviram os gritos das g\u00eameas e fizeram a den\u00fancia. Os policiais chegaram e constataram o abandono de incapaz.<\/p>\n<div class=\"mc-column content-text active-extra-styles \" data-block-type=\"unstyled\" data-block-weight=\"30\" data-block-id=\"6\">\n<p class=\"content-text__container \" data-track-category=\"Link no Texto\" data-track-links=\"\">A m\u00e3e das g\u00eameas teria voltado para casa horas depois e informado aos agentes de seguran\u00e7a que havia sa\u00eddo para comprar alimentos. Mas mesmo assim, a mulher foi encaminhada \u00e0 delegacia. Ela, segundo o presidente do Conselho Tutelar, Ricardo Santos, n\u00e3o possui muita renda, cria as filhas sozinhas e mora em uma \u00e1rea de invas\u00e3o. O pai delas vive no Paran\u00e1.<\/p>\n<div class=\"content-ads content-ads--reveal\" data-block-type=\"ads\" data-block-id=\"10\"><\/div>\n<div class=\"mc-column content-text active-extra-styles \" data-block-type=\"unstyled\" data-block-weight=\"44\" data-block-id=\"11\">\n<p class=\"content-text__container \" data-track-category=\"Link no Texto\" data-track-links=\"\">O presidente do Conselho Tutelar pontuou, ainda, que n\u00e3o h\u00e1 registros anteriores da m\u00e3e no \u00f3rg\u00e3o e que as crian\u00e7as n\u00e3o apresentavam ferimentos ou ind\u00edcios de que sofriam maus-tratos. Por isso, a fam\u00edlia deve ser monitorada e receber amparo dos equipamentos de assist\u00eancia social.<\/p>\n<p data-track-category=\"Link no Texto\" data-track-links=\"\"><strong>LEIA TAMB\u00c9M<\/strong><\/p>\n<p data-track-category=\"Link no Texto\" data-track-links=\"\"><a href=\"https:\/\/redenoticiaz.com.br\/litoralsp\/2022\/07\/24\/video-familia-mulher-que-caiu-em-rua-de-guaruja-e-morreu-afirma-que-ela-foi-assassinada\">V\u00cdDEO \u2013 Fam\u00edlia Mulher que caiu em rua de Guaruj\u00e1 e morreu afirma que ela foi assassinada<\/a><\/p>\n<\/div>\n<\/div>\n","protected":false},"excerpt":{"rendered":"<p>Irm\u00e3s g\u00eameas de apenas dois anos de idade foram encontradas sozinhas em uma casa, no Guaruj\u00e1. A Pol\u00edcia Militar informa que foi acionada por vizinhos, que alegaram ter ouvido elas gritarem, j\u00e1 que a m\u00e3e, uma jovem de 24 anos, n\u00e3o estava em casa. Ela foi presa, segundo informa a Secretaria de Seguran\u00e7a P\u00fablica (SSP). &hellip;<\/p>\n","protected":false},"author":6,"featured_media":26814,"comment_status":"open","ping_status":"closed","sticky":false,"template":"","format":"standard","meta":{"footnotes":""},"categories":[187,10],"tags":[14626,58407,1006,58408,32154,1762],"class_list":["post-88912","post","type-post","status-publish","format-standard","has-post-thumbnail","hentry","category-guaruja","category-policia","tag-conselho-tutelar","tag-gemeas-abandonadas","tag-guaruja","tag-jardim-enseada","tag-mae-presa","tag-policia-civil"],"yoast_head":"<!-- This site is optimized with the Yoast SEO plugin v27.4 - https:\/\/yoast.com\/product\/yoast-seo-wordpress\/ -->\n<title>G\u00eameas de 2 anos s\u00e3o resgatadas ap\u00f3s abandono em casa no Guaruj\u00e1 - Litoral SP<\/title>\n<meta name=\"description\" content=\"Irm\u00e3s g\u00eameas de apenas dois anos de idade foram encontradas sozinhas em uma casa, no Guaruj\u00e1. A Pol\u00edcia Militar informa que\" \/>\n<meta name=\"robots\" content=\"index, follow, max-snippet:-1, max-image-preview:large, max-video-preview:-1\" \/>\n<link rel=\"canonical\" href=\"https:\/\/redenoticiaz.com.br\/litoralsp\/2022\/07\/25\/gemeas-de-2-anos-sao-resgatadas-apos-abandono-em-casa-no-guaruja\" \/>\n<meta property=\"og:locale\" content=\"pt_BR\" \/>\n<meta property=\"og:type\" content=\"article\" \/>\n<meta property=\"og:title\" content=\"G\u00eameas de 2 anos s\u00e3o resgatadas ap\u00f3s abandono em casa no Guaruj\u00e1 - Litoral SP\" \/>\n<meta property=\"og:description\" content=\"Irm\u00e3s g\u00eameas de apenas dois anos de idade foram encontradas sozinhas em uma casa, no Guaruj\u00e1. A Pol\u00edcia Militar informa que\" \/>\n<meta property=\"og:url\" content=\"https:\/\/redenoticiaz.com.br\/litoralsp\/2022\/07\/25\/gemeas-de-2-anos-sao-resgatadas-apos-abandono-em-casa-no-guaruja\" \/>\n<meta property=\"og:site_name\" content=\"Litoral SP\" \/>\n<meta property=\"article:published_time\" content=\"2022-07-25T13:17:21+00:00\" \/>\n<meta property=\"og:image\" content=\"https:\/\/redenoticiaz.com.br\/litoralsp\/wp-content\/uploads\/sites\/3\/2022\/04\/delegacia-sede-guaruja_1.jpg\" \/>\n\t<meta property=\"og:image:width\" content=\"749\" \/>\n\t<meta property=\"og:image:height\" content=\"421\" \/>\n\t<meta property=\"og:image:type\" content=\"image\/jpeg\" \/>\n<meta name=\"author\" content=\"Leonardo Francisco\" \/>\n<meta name=\"twitter:card\" content=\"summary_large_image\" \/>\n<meta name=\"twitter:label1\" content=\"Escrito por\" \/>\n\t<meta name=\"twitter:data1\" content=\"Leonardo Francisco\" \/>\n\t<meta name=\"twitter:label2\" content=\"Est. tempo de leitura\" \/>\n\t<meta name=\"twitter:data2\" content=\"2 minutos\" \/>\n<script type=\"application\/ld+json\" class=\"yoast-schema-graph\">{\"@context\":\"https:\\\/\\\/schema.org\",\"@graph\":[{\"@type\":\"Article\",\"@id\":\"https:\\\/\\\/redenoticiaz.com.br\\\/litoralsp\\\/2022\\\/07\\\/25\\\/gemeas-de-2-anos-sao-resgatadas-apos-abandono-em-casa-no-guaruja#article\",\"isPartOf\":{\"@id\":\"https:\\\/\\\/redenoticiaz.com.br\\\/litoralsp\\\/2022\\\/07\\\/25\\\/gemeas-de-2-anos-sao-resgatadas-apos-abandono-em-casa-no-guaruja\"},\"author\":{\"name\":\"Leonardo Francisco\",\"@id\":\"https:\\\/\\\/redenoticiaz.com.br\\\/litoralsp\\\/#\\\/schema\\\/person\\\/0f0b8a5bdafefe82841e07ae8d81ecb3\"},\"headline\":\"G\u00eameas de 2 anos s\u00e3o resgatadas ap\u00f3s abandono em casa no Guaruj\u00e1\",\"datePublished\":\"2022-07-25T13:17:21+00:00\",\"mainEntityOfPage\":{\"@id\":\"https:\\\/\\\/redenoticiaz.com.br\\\/litoralsp\\\/2022\\\/07\\\/25\\\/gemeas-de-2-anos-sao-resgatadas-apos-abandono-em-casa-no-guaruja\"},\"wordCount\":289,\"commentCount\":0,\"publisher\":{\"@id\":\"https:\\\/\\\/redenoticiaz.com.br\\\/litoralsp\\\/#organization\"},\"image\":{\"@id\":\"https:\\\/\\\/redenoticiaz.com.br\\\/litoralsp\\\/2022\\\/07\\\/25\\\/gemeas-de-2-anos-sao-resgatadas-apos-abandono-em-casa-no-guaruja#primaryimage\"},\"thumbnailUrl\":\"https:\\\/\\\/redenoticiaz.com.br\\\/litoralsp\\\/wp-content\\\/uploads\\\/sites\\\/3\\\/2022\\\/04\\\/delegacia-sede-guaruja_1.jpg\",\"keywords\":[\"conselho tutelar\",\"G\u00caMEAS ABANDONADAS\",\"GUARUJ\u00c1\",\"JARDIM ENSEADA\",\"M\u00c3E PRESA\",\"POL\u00cdCIA CIVIL\"],\"articleSection\":[\"Guaruj\u00e1\",\"Pol\u00edcia\"],\"inLanguage\":\"pt-BR\",\"potentialAction\":[{\"@type\":\"CommentAction\",\"name\":\"Comment\",\"target\":[\"https:\\\/\\\/redenoticiaz.com.br\\\/litoralsp\\\/2022\\\/07\\\/25\\\/gemeas-de-2-anos-sao-resgatadas-apos-abandono-em-casa-no-guaruja#respond\"]}]},{\"@type\":\"WebPage\",\"@id\":\"https:\\\/\\\/redenoticiaz.com.br\\\/litoralsp\\\/2022\\\/07\\\/25\\\/gemeas-de-2-anos-sao-resgatadas-apos-abandono-em-casa-no-guaruja\",\"url\":\"https:\\\/\\\/redenoticiaz.com.br\\\/litoralsp\\\/2022\\\/07\\\/25\\\/gemeas-de-2-anos-sao-resgatadas-apos-abandono-em-casa-no-guaruja\",\"name\":\"G\u00eameas de 2 anos s\u00e3o resgatadas ap\u00f3s abandono em casa no Guaruj\u00e1 - Litoral SP\",\"isPartOf\":{\"@id\":\"https:\\\/\\\/redenoticiaz.com.br\\\/litoralsp\\\/#website\"},\"primaryImageOfPage\":{\"@id\":\"https:\\\/\\\/redenoticiaz.com.br\\\/litoralsp\\\/2022\\\/07\\\/25\\\/gemeas-de-2-anos-sao-resgatadas-apos-abandono-em-casa-no-guaruja#primaryimage\"},\"image\":{\"@id\":\"https:\\\/\\\/redenoticiaz.com.br\\\/litoralsp\\\/2022\\\/07\\\/25\\\/gemeas-de-2-anos-sao-resgatadas-apos-abandono-em-casa-no-guaruja#primaryimage\"},\"thumbnailUrl\":\"https:\\\/\\\/redenoticiaz.com.br\\\/litoralsp\\\/wp-content\\\/uploads\\\/sites\\\/3\\\/2022\\\/04\\\/delegacia-sede-guaruja_1.jpg\",\"datePublished\":\"2022-07-25T13:17:21+00:00\",\"description\":\"Irm\u00e3s g\u00eameas de apenas dois anos de idade foram encontradas sozinhas em uma casa, no Guaruj\u00e1. A Pol\u00edcia Militar informa que\",\"inLanguage\":\"pt-BR\",\"potentialAction\":[{\"@type\":\"ReadAction\",\"target\":[\"https:\\\/\\\/redenoticiaz.com.br\\\/litoralsp\\\/2022\\\/07\\\/25\\\/gemeas-de-2-anos-sao-resgatadas-apos-abandono-em-casa-no-guaruja\"]}]},{\"@type\":\"ImageObject\",\"inLanguage\":\"pt-BR\",\"@id\":\"https:\\\/\\\/redenoticiaz.com.br\\\/litoralsp\\\/2022\\\/07\\\/25\\\/gemeas-de-2-anos-sao-resgatadas-apos-abandono-em-casa-no-guaruja#primaryimage\",\"url\":\"https:\\\/\\\/redenoticiaz.com.br\\\/litoralsp\\\/wp-content\\\/uploads\\\/sites\\\/3\\\/2022\\\/04\\\/delegacia-sede-guaruja_1.jpg\",\"contentUrl\":\"https:\\\/\\\/redenoticiaz.com.br\\\/litoralsp\\\/wp-content\\\/uploads\\\/sites\\\/3\\\/2022\\\/04\\\/delegacia-sede-guaruja_1.jpg\",\"width\":749,\"height\":421,\"caption\":\"Cr\u00e9ditos: Reprodu\u00e7\u00e3o\"},{\"@type\":\"WebSite\",\"@id\":\"https:\\\/\\\/redenoticiaz.com.br\\\/litoralsp\\\/#website\",\"url\":\"https:\\\/\\\/redenoticiaz.com.br\\\/litoralsp\\\/\",\"name\":\"Litoral SP\",\"description\":\"Rede NoticiaZ\",\"publisher\":{\"@id\":\"https:\\\/\\\/redenoticiaz.com.br\\\/litoralsp\\\/#organization\"},\"potentialAction\":[{\"@type\":\"SearchAction\",\"target\":{\"@type\":\"EntryPoint\",\"urlTemplate\":\"https:\\\/\\\/redenoticiaz.com.br\\\/litoralsp\\\/?s={search_term_string}\"},\"query-input\":{\"@type\":\"PropertyValueSpecification\",\"valueRequired\":true,\"valueName\":\"search_term_string\"}}],\"inLanguage\":\"pt-BR\"},{\"@type\":\"Organization\",\"@id\":\"https:\\\/\\\/redenoticiaz.com.br\\\/litoralsp\\\/#organization\",\"name\":\"Litoral SP\",\"url\":\"https:\\\/\\\/redenoticiaz.com.br\\\/litoralsp\\\/\",\"logo\":{\"@type\":\"ImageObject\",\"inLanguage\":\"pt-BR\",\"@id\":\"https:\\\/\\\/redenoticiaz.com.br\\\/litoralsp\\\/#\\\/schema\\\/logo\\\/image\\\/\",\"url\":\"https:\\\/\\\/redenoticiaz.com.br\\\/litoralsp\\\/wp-content\\\/uploads\\\/sites\\\/3\\\/2020\\\/11\\\/logo.jpg\",\"contentUrl\":\"https:\\\/\\\/redenoticiaz.com.br\\\/litoralsp\\\/wp-content\\\/uploads\\\/sites\\\/3\\\/2020\\\/11\\\/logo.jpg\",\"width\":400,\"height\":250,\"caption\":\"Litoral SP\"},\"image\":{\"@id\":\"https:\\\/\\\/redenoticiaz.com.br\\\/litoralsp\\\/#\\\/schema\\\/logo\\\/image\\\/\"}},{\"@type\":\"Person\",\"@id\":\"https:\\\/\\\/redenoticiaz.com.br\\\/litoralsp\\\/#\\\/schema\\\/person\\\/0f0b8a5bdafefe82841e07ae8d81ecb3\",\"name\":\"Leonardo Francisco\",\"image\":{\"@type\":\"ImageObject\",\"inLanguage\":\"pt-BR\",\"@id\":\"https:\\\/\\\/secure.gravatar.com\\\/avatar\\\/a7358cb406a99b682ec6df1e77e31ae82e63601f6784e8a3df411d72b37864da?s=96&d=mm&r=g\",\"url\":\"https:\\\/\\\/secure.gravatar.com\\\/avatar\\\/a7358cb406a99b682ec6df1e77e31ae82e63601f6784e8a3df411d72b37864da?s=96&d=mm&r=g\",\"contentUrl\":\"https:\\\/\\\/secure.gravatar.com\\\/avatar\\\/a7358cb406a99b682ec6df1e77e31ae82e63601f6784e8a3df411d72b37864da?s=96&d=mm&r=g\",\"caption\":\"Leonardo Francisco\"},\"url\":\"https:\\\/\\\/redenoticiaz.com.br\\\/litoralsp\\\/author\\\/leonardo-francisco\"}]}<\/script>\n<!-- \/ Yoast SEO plugin. -->","yoast_head_json":{"title":"G\u00eameas de 2 anos s\u00e3o resgatadas ap\u00f3s abandono em casa no Guaruj\u00e1 - Litoral SP","description":"Irm\u00e3s g\u00eameas de apenas dois anos de idade foram encontradas sozinhas em uma casa, no Guaruj\u00e1. A Pol\u00edcia Militar informa que","robots":{"index":"index","follow":"follow","max-snippet":"max-snippet:-1","max-image-preview":"max-image-preview:large","max-video-preview":"max-video-preview:-1"},"canonical":"https:\/\/redenoticiaz.com.br\/litoralsp\/2022\/07\/25\/gemeas-de-2-anos-sao-resgatadas-apos-abandono-em-casa-no-guaruja","og_locale":"pt_BR","og_type":"article","og_title":"G\u00eameas de 2 anos s\u00e3o resgatadas ap\u00f3s abandono em casa no Guaruj\u00e1 - Litoral SP","og_description":"Irm\u00e3s g\u00eameas de apenas dois anos de idade foram encontradas sozinhas em uma casa, no Guaruj\u00e1. A Pol\u00edcia Militar informa que","og_url":"https:\/\/redenoticiaz.com.br\/litoralsp\/2022\/07\/25\/gemeas-de-2-anos-sao-resgatadas-apos-abandono-em-casa-no-guaruja","og_site_name":"Litoral SP","article_published_time":"2022-07-25T13:17:21+00:00","og_image":[{"width":749,"height":421,"url":"https:\/\/redenoticiaz.com.br\/litoralsp\/wp-content\/uploads\/sites\/3\/2022\/04\/delegacia-sede-guaruja_1.jpg","type":"image\/jpeg"}],"author":"Leonardo Francisco","twitter_card":"summary_large_image","twitter_misc":{"Escrito por":"Leonardo Francisco","Est. tempo de leitura":"2 minutos"},"schema":{"@context":"https:\/\/schema.org","@graph":[{"@type":"Article","@id":"https:\/\/redenoticiaz.com.br\/litoralsp\/2022\/07\/25\/gemeas-de-2-anos-sao-resgatadas-apos-abandono-em-casa-no-guaruja#article","isPartOf":{"@id":"https:\/\/redenoticiaz.com.br\/litoralsp\/2022\/07\/25\/gemeas-de-2-anos-sao-resgatadas-apos-abandono-em-casa-no-guaruja"},"author":{"name":"Leonardo Francisco","@id":"https:\/\/redenoticiaz.com.br\/litoralsp\/#\/schema\/person\/0f0b8a5bdafefe82841e07ae8d81ecb3"},"headline":"G\u00eameas de 2 anos s\u00e3o resgatadas ap\u00f3s abandono em casa no Guaruj\u00e1","datePublished":"2022-07-25T13:17:21+00:00","mainEntityOfPage":{"@id":"https:\/\/redenoticiaz.com.br\/litoralsp\/2022\/07\/25\/gemeas-de-2-anos-sao-resgatadas-apos-abandono-em-casa-no-guaruja"},"wordCount":289,"commentCount":0,"publisher":{"@id":"https:\/\/redenoticiaz.com.br\/litoralsp\/#organization"},"image":{"@id":"https:\/\/redenoticiaz.com.br\/litoralsp\/2022\/07\/25\/gemeas-de-2-anos-sao-resgatadas-apos-abandono-em-casa-no-guaruja#primaryimage"},"thumbnailUrl":"https:\/\/redenoticiaz.com.br\/litoralsp\/wp-content\/uploads\/sites\/3\/2022\/04\/delegacia-sede-guaruja_1.jpg","keywords":["conselho tutelar","G\u00caMEAS ABANDONADAS","GUARUJ\u00c1","JARDIM ENSEADA","M\u00c3E PRESA","POL\u00cdCIA CIVIL"],"articleSection":["Guaruj\u00e1","Pol\u00edcia"],"inLanguage":"pt-BR","potentialAction":[{"@type":"CommentAction","name":"Comment","target":["https:\/\/redenoticiaz.com.br\/litoralsp\/2022\/07\/25\/gemeas-de-2-anos-sao-resgatadas-apos-abandono-em-casa-no-guaruja#respond"]}]},{"@type":"WebPage","@id":"https:\/\/redenoticiaz.com.br\/litoralsp\/2022\/07\/25\/gemeas-de-2-anos-sao-resgatadas-apos-abandono-em-casa-no-guaruja","url":"https:\/\/redenoticiaz.com.br\/litoralsp\/2022\/07\/25\/gemeas-de-2-anos-sao-resgatadas-apos-abandono-em-casa-no-guaruja","name":"G\u00eameas de 2 anos s\u00e3o resgatadas ap\u00f3s abandono em casa no Guaruj\u00e1 - Litoral SP","isPartOf":{"@id":"https:\/\/redenoticiaz.com.br\/litoralsp\/#website"},"primaryImageOfPage":{"@id":"https:\/\/redenoticiaz.com.br\/litoralsp\/2022\/07\/25\/gemeas-de-2-anos-sao-resgatadas-apos-abandono-em-casa-no-guaruja#primaryimage"},"image":{"@id":"https:\/\/redenoticiaz.com.br\/litoralsp\/2022\/07\/25\/gemeas-de-2-anos-sao-resgatadas-apos-abandono-em-casa-no-guaruja#primaryimage"},"thumbnailUrl":"https:\/\/redenoticiaz.com.br\/litoralsp\/wp-content\/uploads\/sites\/3\/2022\/04\/delegacia-sede-guaruja_1.jpg","datePublished":"2022-07-25T13:17:21+00:00","description":"Irm\u00e3s g\u00eameas de apenas dois anos de idade foram encontradas sozinhas em uma casa, no Guaruj\u00e1. A Pol\u00edcia Militar informa que","inLanguage":"pt-BR","potentialAction":[{"@type":"ReadAction","target":["https:\/\/redenoticiaz.com.br\/litoralsp\/2022\/07\/25\/gemeas-de-2-anos-sao-resgatadas-apos-abandono-em-casa-no-guaruja"]}]},{"@type":"ImageObject","inLanguage":"pt-BR","@id":"https:\/\/redenoticiaz.com.br\/litoralsp\/2022\/07\/25\/gemeas-de-2-anos-sao-resgatadas-apos-abandono-em-casa-no-guaruja#primaryimage","url":"https:\/\/redenoticiaz.com.br\/litoralsp\/wp-content\/uploads\/sites\/3\/2022\/04\/delegacia-sede-guaruja_1.jpg","contentUrl":"https:\/\/redenoticiaz.com.br\/litoralsp\/wp-content\/uploads\/sites\/3\/2022\/04\/delegacia-sede-guaruja_1.jpg","width":749,"height":421,"caption":"Cr\u00e9ditos: Reprodu\u00e7\u00e3o"},{"@type":"WebSite","@id":"https:\/\/redenoticiaz.com.br\/litoralsp\/#website","url":"https:\/\/redenoticiaz.com.br\/litoralsp\/","name":"Litoral SP","description":"Rede NoticiaZ","publisher":{"@id":"https:\/\/redenoticiaz.com.br\/litoralsp\/#organization"},"potentialAction":[{"@type":"SearchAction","target":{"@type":"EntryPoint","urlTemplate":"https:\/\/redenoticiaz.com.br\/litoralsp\/?s={search_term_string}"},"query-input":{"@type":"PropertyValueSpecification","valueRequired":true,"valueName":"search_term_string"}}],"inLanguage":"pt-BR"},{"@type":"Organization","@id":"https:\/\/redenoticiaz.com.br\/litoralsp\/#organization","name":"Litoral SP","url":"https:\/\/redenoticiaz.com.br\/litoralsp\/","logo":{"@type":"ImageObject","inLanguage":"pt-BR","@id":"https:\/\/redenoticiaz.com.br\/litoralsp\/#\/schema\/logo\/image\/","url":"https:\/\/redenoticiaz.com.br\/litoralsp\/wp-content\/uploads\/sites\/3\/2020\/11\/logo.jpg","contentUrl":"https:\/\/redenoticiaz.com.br\/litoralsp\/wp-content\/uploads\/sites\/3\/2020\/11\/logo.jpg","width":400,"height":250,"caption":"Litoral SP"},"image":{"@id":"https:\/\/redenoticiaz.com.br\/litoralsp\/#\/schema\/logo\/image\/"}},{"@type":"Person","@id":"https:\/\/redenoticiaz.com.br\/litoralsp\/#\/schema\/person\/0f0b8a5bdafefe82841e07ae8d81ecb3","name":"Leonardo Francisco","image":{"@type":"ImageObject","inLanguage":"pt-BR","@id":"https:\/\/secure.gravatar.com\/avatar\/a7358cb406a99b682ec6df1e77e31ae82e63601f6784e8a3df411d72b37864da?s=96&d=mm&r=g","url":"https:\/\/secure.gravatar.com\/avatar\/a7358cb406a99b682ec6df1e77e31ae82e63601f6784e8a3df411d72b37864da?s=96&d=mm&r=g","contentUrl":"https:\/\/secure.gravatar.com\/avatar\/a7358cb406a99b682ec6df1e77e31ae82e63601f6784e8a3df411d72b37864da?s=96&d=mm&r=g","caption":"Leonardo Francisco"},"url":"https:\/\/redenoticiaz.com.br\/litoralsp\/author\/leonardo-francisco"}]}},"_links":{"self":[{"href":"https:\/\/redenoticiaz.com.br\/litoralsp\/wp-json\/wp\/v2\/posts\/88912","targetHints":{"allow":["GET"]}}],"collection":[{"href":"https:\/\/redenoticiaz.com.br\/litoralsp\/wp-json\/wp\/v2\/posts"}],"about":[{"href":"https:\/\/redenoticiaz.com.br\/litoralsp\/wp-json\/wp\/v2\/types\/post"}],"author":[{"embeddable":true,"href":"https:\/\/redenoticiaz.com.br\/litoralsp\/wp-json\/wp\/v2\/users\/6"}],"replies":[{"embeddable":true,"href":"https:\/\/redenoticiaz.com.br\/litoralsp\/wp-json\/wp\/v2\/comments?post=88912"}],"version-history":[{"count":1,"href":"https:\/\/redenoticiaz.com.br\/litoralsp\/wp-json\/wp\/v2\/posts\/88912\/revisions"}],"predecessor-version":[{"id":88913,"href":"https:\/\/redenoticiaz.com.br\/litoralsp\/wp-json\/wp\/v2\/posts\/88912\/revisions\/88913"}],"wp:featuredmedia":[{"embeddable":true,"href":"https:\/\/redenoticiaz.com.br\/litoralsp\/wp-json\/wp\/v2\/media\/26814"}],"wp:attachment":[{"href":"https:\/\/redenoticiaz.com.br\/litoralsp\/wp-json\/wp\/v2\/media?parent=88912"}],"wp:term":[{"taxonomy":"category","embeddable":true,"href":"https:\/\/redenoticiaz.com.br\/litoralsp\/wp-json\/wp\/v2\/categories?post=88912"},{"taxonomy":"post_tag","embeddable":true,"href":"https:\/\/redenoticiaz.com.br\/litoralsp\/wp-json\/wp\/v2\/tags?post=88912"}],"curies":[{"name":"wp","href":"https:\/\/api.w.org\/{rel}","templated":true}]}}