{"id":89071,"date":"2022-07-27T14:31:15","date_gmt":"2022-07-27T17:31:15","guid":{"rendered":"https:\/\/redenoticiaz.com.br\/litoralsp\/?p=89071"},"modified":"2022-07-27T14:31:15","modified_gmt":"2022-07-27T17:31:15","slug":"tentativa-de-homicidio-contra-policial-militar-em-santos-e-esclarecida","status":"publish","type":"post","link":"https:\/\/redenoticiaz.com.br\/litoralsp\/2022\/07\/27\/tentativa-de-homicidio-contra-policial-militar-em-santos-e-esclarecida","title":{"rendered":"Tentativa de homic\u00eddio contra policial militar em Santos \u00e9 esclarecida"},"content":{"rendered":"<p>Um tentativa de homic\u00eddio contra um policial militar em Santos no \u00faltimo dia 13 de Junho no bairro Jardim Castelo foi esclarecido pelas autoridades.<\/p>\n<p>De acordo com informa\u00e7\u00f5es da Pol\u00edcia Militar, naquela data o homem estava em uma viatura da corpora\u00e7\u00e3o e quando estava pr\u00f3ximo da Avenida Camino de Capela quando foi baleado no abd\u00f4men.<\/p>\n<p>Ainda de acordo com as equipes, assim que o fato ocorreu, a v\u00edtima foi encaminhada para a Santa Casa de Santos e passou por cirurgia.<\/p>\n<p>Sendo assim, as autoridades iniciaram investiga\u00e7\u00f5es e conseguiram identificar os respons\u00e1veis pelos disparos que foram reconhecidos pela v\u00edtima.<\/p>\n<p>Desta forma, durante a &#8220;Opera\u00e7\u00e3o Mar\u00e9 Alta&#8221; realizada no dia 22 de Junho capturaram um dos suspeitos, de 19 anos. O suspeito de 18 anos teve sua pris\u00e3o decretada.<\/p>\n<p>Segundo as autoridades, a v\u00edtima informou que um dos suspeitos atirou e o outro era seu comparsa. A Pol\u00edcia agora busca informa\u00e7\u00f5es que levem ao paradeiro do segundo suspeito.<\/p>\n<p>Informa\u00e7\u00f5es que auxiliem podem ser fornecidas de forma an\u00f4nima, atrav\u00e9s do 181 (Disque Den\u00fancia Pol\u00edcia Civil).<\/p>\n<p>Leia mais<\/p>\n<p><a href=\"https:\/\/redenoticiaz.com.br\/litoralsp\/2022\/06\/13\/policial-e-baleado-durante-patrulhamento-em-santos\">Policial \u00e9 baleado durante patrulhamento em Santos<\/a><\/p>\n","protected":false},"excerpt":{"rendered":"<p>Um tentativa de homic\u00eddio contra um policial militar em Santos no \u00faltimo dia 13 de Junho no bairro Jardim Castelo foi esclarecido pelas autoridades. De acordo com informa\u00e7\u00f5es da Pol\u00edcia Militar, naquela data o homem estava em uma viatura da corpora\u00e7\u00e3o e quando estava pr\u00f3ximo da Avenida Camino de Capela quando foi baleado no abd\u00f4men. &hellip;<\/p>\n","protected":false},"author":12,"featured_media":89072,"comment_status":"open","ping_status":"closed","sticky":false,"template":"","format":"standard","meta":{"footnotes":""},"categories":[180],"tags":[30026,11084,1605,986],"class_list":["post-89071","post","type-post","status-publish","format-standard","has-post-thumbnail","hentry","category-santos","tag-homicidio","tag-jardim-castelo","tag-policial","tag-santos"],"yoast_head":"<!-- This site is optimized with the Yoast SEO plugin v27.5 - https:\/\/yoast.com\/product\/yoast-seo-wordpress\/ -->\n<title>Tentativa de homic\u00eddio contra policial militar em Santos \u00e9 esclarecida - Litoral SP<\/title>\n<meta name=\"description\" content=\"Um tentativa de homic\u00eddio contra um policial militar em Santos no dia 13 de Junho no bairro Jardim Castelo foi esclarecido pelas autoridades.\" \/>\n<meta name=\"robots\" content=\"index, follow, max-snippet:-1, max-image-preview:large, max-video-preview:-1\" \/>\n<link rel=\"canonical\" href=\"https:\/\/redenoticiaz.com.br\/litoralsp\/2022\/07\/27\/tentativa-de-homicidio-contra-policial-militar-em-santos-e-esclarecida\" \/>\n<meta property=\"og:locale\" content=\"pt_BR\" \/>\n<meta property=\"og:type\" content=\"article\" \/>\n<meta property=\"og:title\" content=\"Tentativa de homic\u00eddio contra policial militar em Santos \u00e9 esclarecida - Litoral SP\" \/>\n<meta property=\"og:description\" content=\"Um tentativa de homic\u00eddio contra um policial militar em Santos no dia 13 de Junho no bairro Jardim Castelo foi esclarecido pelas autoridades.\" \/>\n<meta property=\"og:url\" content=\"https:\/\/redenoticiaz.com.br\/litoralsp\/2022\/07\/27\/tentativa-de-homicidio-contra-policial-militar-em-santos-e-esclarecida\" \/>\n<meta property=\"og:site_name\" content=\"Litoral SP\" \/>\n<meta property=\"article:published_time\" content=\"2022-07-27T17:31:15+00:00\" \/>\n<meta property=\"og:image\" content=\"https:\/\/redenoticiaz.com.br\/litoralsp\/wp-content\/uploads\/sites\/3\/2022\/07\/543250f4-d328-4ad4-af76-91c63909f0b8.jpg\" \/>\n\t<meta property=\"og:image:width\" content=\"1280\" \/>\n\t<meta property=\"og:image:height\" content=\"720\" \/>\n\t<meta property=\"og:image:type\" content=\"image\/jpeg\" \/>\n<meta name=\"author\" content=\"Gustavo Silva\" \/>\n<meta name=\"twitter:card\" content=\"summary_large_image\" \/>\n<meta name=\"twitter:label1\" content=\"Escrito por\" \/>\n\t<meta name=\"twitter:data1\" content=\"Gustavo Silva\" \/>\n\t<meta name=\"twitter:label2\" content=\"Est. tempo de leitura\" \/>\n\t<meta name=\"twitter:data2\" content=\"1 minuto\" \/>\n<script type=\"application\/ld+json\" class=\"yoast-schema-graph\">{\"@context\":\"https:\\\/\\\/schema.org\",\"@graph\":[{\"@type\":\"Article\",\"@id\":\"https:\\\/\\\/redenoticiaz.com.br\\\/litoralsp\\\/2022\\\/07\\\/27\\\/tentativa-de-homicidio-contra-policial-militar-em-santos-e-esclarecida#article\",\"isPartOf\":{\"@id\":\"https:\\\/\\\/redenoticiaz.com.br\\\/litoralsp\\\/2022\\\/07\\\/27\\\/tentativa-de-homicidio-contra-policial-militar-em-santos-e-esclarecida\"},\"author\":{\"name\":\"Gustavo Silva\",\"@id\":\"https:\\\/\\\/redenoticiaz.com.br\\\/litoralsp\\\/#\\\/schema\\\/person\\\/16057b37a3c0ee6b096d7f887c566e2e\"},\"headline\":\"Tentativa de homic\u00eddio contra policial militar em Santos \u00e9 esclarecida\",\"datePublished\":\"2022-07-27T17:31:15+00:00\",\"mainEntityOfPage\":{\"@id\":\"https:\\\/\\\/redenoticiaz.com.br\\\/litoralsp\\\/2022\\\/07\\\/27\\\/tentativa-de-homicidio-contra-policial-militar-em-santos-e-esclarecida\"},\"wordCount\":205,\"commentCount\":0,\"publisher\":{\"@id\":\"https:\\\/\\\/redenoticiaz.com.br\\\/litoralsp\\\/#organization\"},\"image\":{\"@id\":\"https:\\\/\\\/redenoticiaz.com.br\\\/litoralsp\\\/2022\\\/07\\\/27\\\/tentativa-de-homicidio-contra-policial-militar-em-santos-e-esclarecida#primaryimage\"},\"thumbnailUrl\":\"https:\\\/\\\/redenoticiaz.com.br\\\/litoralsp\\\/wp-content\\\/uploads\\\/sites\\\/3\\\/2022\\\/07\\\/543250f4-d328-4ad4-af76-91c63909f0b8.jpg\",\"keywords\":[\"homicidio\",\"JARDIM CASTELO\",\"POLICIAL\",\"Santos\"],\"articleSection\":[\"Santos\"],\"inLanguage\":\"pt-BR\",\"potentialAction\":[{\"@type\":\"CommentAction\",\"name\":\"Comment\",\"target\":[\"https:\\\/\\\/redenoticiaz.com.br\\\/litoralsp\\\/2022\\\/07\\\/27\\\/tentativa-de-homicidio-contra-policial-militar-em-santos-e-esclarecida#respond\"]}]},{\"@type\":\"WebPage\",\"@id\":\"https:\\\/\\\/redenoticiaz.com.br\\\/litoralsp\\\/2022\\\/07\\\/27\\\/tentativa-de-homicidio-contra-policial-militar-em-santos-e-esclarecida\",\"url\":\"https:\\\/\\\/redenoticiaz.com.br\\\/litoralsp\\\/2022\\\/07\\\/27\\\/tentativa-de-homicidio-contra-policial-militar-em-santos-e-esclarecida\",\"name\":\"Tentativa de homic\u00eddio contra policial militar em Santos \u00e9 esclarecida - Litoral SP\",\"isPartOf\":{\"@id\":\"https:\\\/\\\/redenoticiaz.com.br\\\/litoralsp\\\/#website\"},\"primaryImageOfPage\":{\"@id\":\"https:\\\/\\\/redenoticiaz.com.br\\\/litoralsp\\\/2022\\\/07\\\/27\\\/tentativa-de-homicidio-contra-policial-militar-em-santos-e-esclarecida#primaryimage\"},\"image\":{\"@id\":\"https:\\\/\\\/redenoticiaz.com.br\\\/litoralsp\\\/2022\\\/07\\\/27\\\/tentativa-de-homicidio-contra-policial-militar-em-santos-e-esclarecida#primaryimage\"},\"thumbnailUrl\":\"https:\\\/\\\/redenoticiaz.com.br\\\/litoralsp\\\/wp-content\\\/uploads\\\/sites\\\/3\\\/2022\\\/07\\\/543250f4-d328-4ad4-af76-91c63909f0b8.jpg\",\"datePublished\":\"2022-07-27T17:31:15+00:00\",\"description\":\"Um tentativa de homic\u00eddio contra um policial militar em Santos no dia 13 de Junho no bairro Jardim Castelo foi esclarecido pelas autoridades.\",\"inLanguage\":\"pt-BR\",\"potentialAction\":[{\"@type\":\"ReadAction\",\"target\":[\"https:\\\/\\\/redenoticiaz.com.br\\\/litoralsp\\\/2022\\\/07\\\/27\\\/tentativa-de-homicidio-contra-policial-militar-em-santos-e-esclarecida\"]}]},{\"@type\":\"ImageObject\",\"inLanguage\":\"pt-BR\",\"@id\":\"https:\\\/\\\/redenoticiaz.com.br\\\/litoralsp\\\/2022\\\/07\\\/27\\\/tentativa-de-homicidio-contra-policial-militar-em-santos-e-esclarecida#primaryimage\",\"url\":\"https:\\\/\\\/redenoticiaz.com.br\\\/litoralsp\\\/wp-content\\\/uploads\\\/sites\\\/3\\\/2022\\\/07\\\/543250f4-d328-4ad4-af76-91c63909f0b8.jpg\",\"contentUrl\":\"https:\\\/\\\/redenoticiaz.com.br\\\/litoralsp\\\/wp-content\\\/uploads\\\/sites\\\/3\\\/2022\\\/07\\\/543250f4-d328-4ad4-af76-91c63909f0b8.jpg\",\"width\":1280,\"height\":720,\"caption\":\"Tentativa de homic\u00eddio contra policial militar em Santos \u00e9 esclarecida\"},{\"@type\":\"WebSite\",\"@id\":\"https:\\\/\\\/redenoticiaz.com.br\\\/litoralsp\\\/#website\",\"url\":\"https:\\\/\\\/redenoticiaz.com.br\\\/litoralsp\\\/\",\"name\":\"Litoral SP\",\"description\":\"Rede NoticiaZ\",\"publisher\":{\"@id\":\"https:\\\/\\\/redenoticiaz.com.br\\\/litoralsp\\\/#organization\"},\"potentialAction\":[{\"@type\":\"SearchAction\",\"target\":{\"@type\":\"EntryPoint\",\"urlTemplate\":\"https:\\\/\\\/redenoticiaz.com.br\\\/litoralsp\\\/?s={search_term_string}\"},\"query-input\":{\"@type\":\"PropertyValueSpecification\",\"valueRequired\":true,\"valueName\":\"search_term_string\"}}],\"inLanguage\":\"pt-BR\"},{\"@type\":\"Organization\",\"@id\":\"https:\\\/\\\/redenoticiaz.com.br\\\/litoralsp\\\/#organization\",\"name\":\"Litoral SP\",\"url\":\"https:\\\/\\\/redenoticiaz.com.br\\\/litoralsp\\\/\",\"logo\":{\"@type\":\"ImageObject\",\"inLanguage\":\"pt-BR\",\"@id\":\"https:\\\/\\\/redenoticiaz.com.br\\\/litoralsp\\\/#\\\/schema\\\/logo\\\/image\\\/\",\"url\":\"https:\\\/\\\/redenoticiaz.com.br\\\/litoralsp\\\/wp-content\\\/uploads\\\/sites\\\/3\\\/2020\\\/11\\\/logo.jpg\",\"contentUrl\":\"https:\\\/\\\/redenoticiaz.com.br\\\/litoralsp\\\/wp-content\\\/uploads\\\/sites\\\/3\\\/2020\\\/11\\\/logo.jpg\",\"width\":400,\"height\":250,\"caption\":\"Litoral SP\"},\"image\":{\"@id\":\"https:\\\/\\\/redenoticiaz.com.br\\\/litoralsp\\\/#\\\/schema\\\/logo\\\/image\\\/\"}},{\"@type\":\"Person\",\"@id\":\"https:\\\/\\\/redenoticiaz.com.br\\\/litoralsp\\\/#\\\/schema\\\/person\\\/16057b37a3c0ee6b096d7f887c566e2e\",\"name\":\"Gustavo Silva\",\"image\":{\"@type\":\"ImageObject\",\"inLanguage\":\"pt-BR\",\"@id\":\"https:\\\/\\\/secure.gravatar.com\\\/avatar\\\/3ee4e82f93b26de0a7cf4ea5eb7893da637ed6bb0c9170c58065944c56e28a33?s=96&d=mm&r=g\",\"url\":\"https:\\\/\\\/secure.gravatar.com\\\/avatar\\\/3ee4e82f93b26de0a7cf4ea5eb7893da637ed6bb0c9170c58065944c56e28a33?s=96&d=mm&r=g\",\"contentUrl\":\"https:\\\/\\\/secure.gravatar.com\\\/avatar\\\/3ee4e82f93b26de0a7cf4ea5eb7893da637ed6bb0c9170c58065944c56e28a33?s=96&d=mm&r=g\",\"caption\":\"Gustavo Silva\"},\"url\":\"https:\\\/\\\/redenoticiaz.com.br\\\/litoralsp\\\/author\\\/gustavosilva\"}]}<\/script>\n<!-- \/ Yoast SEO plugin. -->","yoast_head_json":{"title":"Tentativa de homic\u00eddio contra policial militar em Santos \u00e9 esclarecida - Litoral SP","description":"Um tentativa de homic\u00eddio contra um policial militar em Santos no dia 13 de Junho no bairro Jardim Castelo foi esclarecido pelas autoridades.","robots":{"index":"index","follow":"follow","max-snippet":"max-snippet:-1","max-image-preview":"max-image-preview:large","max-video-preview":"max-video-preview:-1"},"canonical":"https:\/\/redenoticiaz.com.br\/litoralsp\/2022\/07\/27\/tentativa-de-homicidio-contra-policial-militar-em-santos-e-esclarecida","og_locale":"pt_BR","og_type":"article","og_title":"Tentativa de homic\u00eddio contra policial militar em Santos \u00e9 esclarecida - Litoral SP","og_description":"Um tentativa de homic\u00eddio contra um policial militar em Santos no dia 13 de Junho no bairro Jardim Castelo foi esclarecido pelas autoridades.","og_url":"https:\/\/redenoticiaz.com.br\/litoralsp\/2022\/07\/27\/tentativa-de-homicidio-contra-policial-militar-em-santos-e-esclarecida","og_site_name":"Litoral SP","article_published_time":"2022-07-27T17:31:15+00:00","og_image":[{"width":1280,"height":720,"url":"https:\/\/redenoticiaz.com.br\/litoralsp\/wp-content\/uploads\/sites\/3\/2022\/07\/543250f4-d328-4ad4-af76-91c63909f0b8.jpg","type":"image\/jpeg"}],"author":"Gustavo Silva","twitter_card":"summary_large_image","twitter_misc":{"Escrito por":"Gustavo Silva","Est. tempo de leitura":"1 minuto"},"schema":{"@context":"https:\/\/schema.org","@graph":[{"@type":"Article","@id":"https:\/\/redenoticiaz.com.br\/litoralsp\/2022\/07\/27\/tentativa-de-homicidio-contra-policial-militar-em-santos-e-esclarecida#article","isPartOf":{"@id":"https:\/\/redenoticiaz.com.br\/litoralsp\/2022\/07\/27\/tentativa-de-homicidio-contra-policial-militar-em-santos-e-esclarecida"},"author":{"name":"Gustavo Silva","@id":"https:\/\/redenoticiaz.com.br\/litoralsp\/#\/schema\/person\/16057b37a3c0ee6b096d7f887c566e2e"},"headline":"Tentativa de homic\u00eddio contra policial militar em Santos \u00e9 esclarecida","datePublished":"2022-07-27T17:31:15+00:00","mainEntityOfPage":{"@id":"https:\/\/redenoticiaz.com.br\/litoralsp\/2022\/07\/27\/tentativa-de-homicidio-contra-policial-militar-em-santos-e-esclarecida"},"wordCount":205,"commentCount":0,"publisher":{"@id":"https:\/\/redenoticiaz.com.br\/litoralsp\/#organization"},"image":{"@id":"https:\/\/redenoticiaz.com.br\/litoralsp\/2022\/07\/27\/tentativa-de-homicidio-contra-policial-militar-em-santos-e-esclarecida#primaryimage"},"thumbnailUrl":"https:\/\/redenoticiaz.com.br\/litoralsp\/wp-content\/uploads\/sites\/3\/2022\/07\/543250f4-d328-4ad4-af76-91c63909f0b8.jpg","keywords":["homicidio","JARDIM CASTELO","POLICIAL","Santos"],"articleSection":["Santos"],"inLanguage":"pt-BR","potentialAction":[{"@type":"CommentAction","name":"Comment","target":["https:\/\/redenoticiaz.com.br\/litoralsp\/2022\/07\/27\/tentativa-de-homicidio-contra-policial-militar-em-santos-e-esclarecida#respond"]}]},{"@type":"WebPage","@id":"https:\/\/redenoticiaz.com.br\/litoralsp\/2022\/07\/27\/tentativa-de-homicidio-contra-policial-militar-em-santos-e-esclarecida","url":"https:\/\/redenoticiaz.com.br\/litoralsp\/2022\/07\/27\/tentativa-de-homicidio-contra-policial-militar-em-santos-e-esclarecida","name":"Tentativa de homic\u00eddio contra policial militar em Santos \u00e9 esclarecida - Litoral SP","isPartOf":{"@id":"https:\/\/redenoticiaz.com.br\/litoralsp\/#website"},"primaryImageOfPage":{"@id":"https:\/\/redenoticiaz.com.br\/litoralsp\/2022\/07\/27\/tentativa-de-homicidio-contra-policial-militar-em-santos-e-esclarecida#primaryimage"},"image":{"@id":"https:\/\/redenoticiaz.com.br\/litoralsp\/2022\/07\/27\/tentativa-de-homicidio-contra-policial-militar-em-santos-e-esclarecida#primaryimage"},"thumbnailUrl":"https:\/\/redenoticiaz.com.br\/litoralsp\/wp-content\/uploads\/sites\/3\/2022\/07\/543250f4-d328-4ad4-af76-91c63909f0b8.jpg","datePublished":"2022-07-27T17:31:15+00:00","description":"Um tentativa de homic\u00eddio contra um policial militar em Santos no dia 13 de Junho no bairro Jardim Castelo foi esclarecido pelas autoridades.","inLanguage":"pt-BR","potentialAction":[{"@type":"ReadAction","target":["https:\/\/redenoticiaz.com.br\/litoralsp\/2022\/07\/27\/tentativa-de-homicidio-contra-policial-militar-em-santos-e-esclarecida"]}]},{"@type":"ImageObject","inLanguage":"pt-BR","@id":"https:\/\/redenoticiaz.com.br\/litoralsp\/2022\/07\/27\/tentativa-de-homicidio-contra-policial-militar-em-santos-e-esclarecida#primaryimage","url":"https:\/\/redenoticiaz.com.br\/litoralsp\/wp-content\/uploads\/sites\/3\/2022\/07\/543250f4-d328-4ad4-af76-91c63909f0b8.jpg","contentUrl":"https:\/\/redenoticiaz.com.br\/litoralsp\/wp-content\/uploads\/sites\/3\/2022\/07\/543250f4-d328-4ad4-af76-91c63909f0b8.jpg","width":1280,"height":720,"caption":"Tentativa de homic\u00eddio contra policial militar em Santos \u00e9 esclarecida"},{"@type":"WebSite","@id":"https:\/\/redenoticiaz.com.br\/litoralsp\/#website","url":"https:\/\/redenoticiaz.com.br\/litoralsp\/","name":"Litoral SP","description":"Rede NoticiaZ","publisher":{"@id":"https:\/\/redenoticiaz.com.br\/litoralsp\/#organization"},"potentialAction":[{"@type":"SearchAction","target":{"@type":"EntryPoint","urlTemplate":"https:\/\/redenoticiaz.com.br\/litoralsp\/?s={search_term_string}"},"query-input":{"@type":"PropertyValueSpecification","valueRequired":true,"valueName":"search_term_string"}}],"inLanguage":"pt-BR"},{"@type":"Organization","@id":"https:\/\/redenoticiaz.com.br\/litoralsp\/#organization","name":"Litoral SP","url":"https:\/\/redenoticiaz.com.br\/litoralsp\/","logo":{"@type":"ImageObject","inLanguage":"pt-BR","@id":"https:\/\/redenoticiaz.com.br\/litoralsp\/#\/schema\/logo\/image\/","url":"https:\/\/redenoticiaz.com.br\/litoralsp\/wp-content\/uploads\/sites\/3\/2020\/11\/logo.jpg","contentUrl":"https:\/\/redenoticiaz.com.br\/litoralsp\/wp-content\/uploads\/sites\/3\/2020\/11\/logo.jpg","width":400,"height":250,"caption":"Litoral SP"},"image":{"@id":"https:\/\/redenoticiaz.com.br\/litoralsp\/#\/schema\/logo\/image\/"}},{"@type":"Person","@id":"https:\/\/redenoticiaz.com.br\/litoralsp\/#\/schema\/person\/16057b37a3c0ee6b096d7f887c566e2e","name":"Gustavo Silva","image":{"@type":"ImageObject","inLanguage":"pt-BR","@id":"https:\/\/secure.gravatar.com\/avatar\/3ee4e82f93b26de0a7cf4ea5eb7893da637ed6bb0c9170c58065944c56e28a33?s=96&d=mm&r=g","url":"https:\/\/secure.gravatar.com\/avatar\/3ee4e82f93b26de0a7cf4ea5eb7893da637ed6bb0c9170c58065944c56e28a33?s=96&d=mm&r=g","contentUrl":"https:\/\/secure.gravatar.com\/avatar\/3ee4e82f93b26de0a7cf4ea5eb7893da637ed6bb0c9170c58065944c56e28a33?s=96&d=mm&r=g","caption":"Gustavo Silva"},"url":"https:\/\/redenoticiaz.com.br\/litoralsp\/author\/gustavosilva"}]}},"_links":{"self":[{"href":"https:\/\/redenoticiaz.com.br\/litoralsp\/wp-json\/wp\/v2\/posts\/89071","targetHints":{"allow":["GET"]}}],"collection":[{"href":"https:\/\/redenoticiaz.com.br\/litoralsp\/wp-json\/wp\/v2\/posts"}],"about":[{"href":"https:\/\/redenoticiaz.com.br\/litoralsp\/wp-json\/wp\/v2\/types\/post"}],"author":[{"embeddable":true,"href":"https:\/\/redenoticiaz.com.br\/litoralsp\/wp-json\/wp\/v2\/users\/12"}],"replies":[{"embeddable":true,"href":"https:\/\/redenoticiaz.com.br\/litoralsp\/wp-json\/wp\/v2\/comments?post=89071"}],"version-history":[{"count":2,"href":"https:\/\/redenoticiaz.com.br\/litoralsp\/wp-json\/wp\/v2\/posts\/89071\/revisions"}],"predecessor-version":[{"id":89074,"href":"https:\/\/redenoticiaz.com.br\/litoralsp\/wp-json\/wp\/v2\/posts\/89071\/revisions\/89074"}],"wp:featuredmedia":[{"embeddable":true,"href":"https:\/\/redenoticiaz.com.br\/litoralsp\/wp-json\/wp\/v2\/media\/89072"}],"wp:attachment":[{"href":"https:\/\/redenoticiaz.com.br\/litoralsp\/wp-json\/wp\/v2\/media?parent=89071"}],"wp:term":[{"taxonomy":"category","embeddable":true,"href":"https:\/\/redenoticiaz.com.br\/litoralsp\/wp-json\/wp\/v2\/categories?post=89071"},{"taxonomy":"post_tag","embeddable":true,"href":"https:\/\/redenoticiaz.com.br\/litoralsp\/wp-json\/wp\/v2\/tags?post=89071"}],"curies":[{"name":"wp","href":"https:\/\/api.w.org\/{rel}","templated":true}]}}