{"id":89146,"date":"2022-07-28T16:04:25","date_gmt":"2022-07-28T19:04:25","guid":{"rendered":"https:\/\/redenoticiaz.com.br\/litoralsp\/?p=89146"},"modified":"2022-07-28T16:04:25","modified_gmt":"2022-07-28T19:04:25","slug":"santos-confirma-mais-dois-casos-da-variola-dos-macacos","status":"publish","type":"post","link":"https:\/\/redenoticiaz.com.br\/litoralsp\/2022\/07\/28\/santos-confirma-mais-dois-casos-da-variola-dos-macacos","title":{"rendered":"Santos confirma mais dois casos da var\u00edola dos macacos"},"content":{"rendered":"<p>A Vigil\u00e2ncia Epidemiol\u00f3gica de Santos confirmou nesta quinta-feira (28) mais dois casos da monkeypox (var\u00edola dos macacos) em moradores do Munic\u00edpio. Com este, a Cidade passa a registrar tr\u00eas casos da doen\u00e7a. As confirma\u00e7\u00f5es vieram de testes feitos no Instituto Adolfo Lutz, respons\u00e1vel por analisar os exames colhidos em todo o Estado de S\u00e3o Paulo.<\/p>\n<p>Os tr\u00eas pacientes s\u00e3o homens, adultos e est\u00e3o em isolamento domiciliar.\u00a0 A Secretaria de Sa\u00fade de Santos segue monitorando outros dois casos suspeitos da doen\u00e7a, que tamb\u00e9m mant\u00eam isolamento domiciliar, e que aguardam os resultados dos exames.<\/p>\n<p>Les\u00f5es semelhantes a espinhas ou bolhas s\u00e3o os principais sintomas da var\u00edola dos macacos. Elas podem surgir no rosto, dentro da boca ou em outras partes do corpo, como m\u00e3os, p\u00e9s, peito, genitais ou \u00e2nus. Outros sintomas s\u00e3o: caro\u00e7o no pesco\u00e7o, axila e virilha.<\/p>\n<h2>Como proceder ?<\/h2>\n<p id=\"menu1\">Quem apresentar estes sintomas deve ir a uma das 32 policl\u00ednicas, que atendem das\u00a08h \u00e0s 16h, ou a uma das tr\u00eas Unidades de Pronto Atendimento (UPAs), que atendem ininterruptamente, para que a Secretaria de Sa\u00fade possa fazer o monitoramento dos casos. Recomenda-se tamb\u00e9m o isolamento, evitando o contato com pessoas por 21 dias.<\/p>\n<p><strong>Leia mais<\/strong><\/p>\n<p><a href=\"https:\/\/redenoticiaz.com.br\/litoralsp\/2022\/07\/27\/oms-diz-que-brasil-esta-em-situacao-preocupante-com-a-variola-dos-macacos\">OMS diz que Brasil est\u00e1 em situa\u00e7\u00e3o preocupante com a var\u00edola dos macacos<\/a><\/p>\n","protected":false},"excerpt":{"rendered":"<p>A Vigil\u00e2ncia Epidemiol\u00f3gica de Santos confirmou nesta quinta-feira (28) mais dois casos da monkeypox (var\u00edola dos macacos) em moradores do Munic\u00edpio. Com este, a Cidade passa a registrar tr\u00eas casos da doen\u00e7a. As confirma\u00e7\u00f5es vieram de testes feitos no Instituto Adolfo Lutz, respons\u00e1vel por analisar os exames colhidos em todo o Estado de S\u00e3o Paulo. &hellip;<\/p>\n","protected":false},"author":12,"featured_media":89147,"comment_status":"open","ping_status":"closed","sticky":false,"template":"","format":"standard","meta":{"footnotes":""},"categories":[180],"tags":[58517,8843,56602,32350],"class_list":["post-89146","post","type-post","status-publish","format-standard","has-post-thumbnail","hentry","category-santos","tag-monkeypox","tag-secretaria-de-saude","tag-variola-dos-macacos","tag-vigilancia-epidemiologica"],"yoast_head":"<!-- This site is optimized with the Yoast SEO plugin v27.5 - https:\/\/yoast.com\/product\/yoast-seo-wordpress\/ -->\n<title>Santos confirma mais dois casos da var\u00edola dos macacos - Litoral SP<\/title>\n<meta name=\"description\" content=\"A Vigil\u00e2ncia Epidemiol\u00f3gica de Santos confirmou nesta quinta-feira (28) mais dois casos da var\u00edola dos macacos em moradores do Munic\u00edpio.\" \/>\n<meta name=\"robots\" content=\"index, follow, max-snippet:-1, max-image-preview:large, max-video-preview:-1\" \/>\n<link rel=\"canonical\" href=\"https:\/\/redenoticiaz.com.br\/litoralsp\/2022\/07\/28\/santos-confirma-mais-dois-casos-da-variola-dos-macacos\" \/>\n<meta property=\"og:locale\" content=\"pt_BR\" \/>\n<meta property=\"og:type\" content=\"article\" \/>\n<meta property=\"og:title\" content=\"Santos confirma mais dois casos da var\u00edola dos macacos - Litoral SP\" \/>\n<meta property=\"og:description\" content=\"A Vigil\u00e2ncia Epidemiol\u00f3gica de Santos confirmou nesta quinta-feira (28) mais dois casos da var\u00edola dos macacos em moradores do Munic\u00edpio.\" \/>\n<meta property=\"og:url\" content=\"https:\/\/redenoticiaz.com.br\/litoralsp\/2022\/07\/28\/santos-confirma-mais-dois-casos-da-variola-dos-macacos\" \/>\n<meta property=\"og:site_name\" content=\"Litoral SP\" \/>\n<meta property=\"article:published_time\" content=\"2022-07-28T19:04:25+00:00\" \/>\n<meta property=\"og:image\" content=\"https:\/\/redenoticiaz.com.br\/litoralsp\/wp-content\/uploads\/sites\/3\/2022\/07\/poli_2.jpg\" \/>\n\t<meta property=\"og:image:width\" content=\"927\" \/>\n\t<meta property=\"og:image:height\" content=\"618\" \/>\n\t<meta property=\"og:image:type\" content=\"image\/jpeg\" \/>\n<meta name=\"author\" content=\"Gustavo Silva\" \/>\n<meta name=\"twitter:card\" content=\"summary_large_image\" \/>\n<meta name=\"twitter:label1\" content=\"Escrito por\" \/>\n\t<meta name=\"twitter:data1\" content=\"Gustavo Silva\" \/>\n\t<meta name=\"twitter:label2\" content=\"Est. tempo de leitura\" \/>\n\t<meta name=\"twitter:data2\" content=\"2 minutos\" \/>\n<script type=\"application\/ld+json\" class=\"yoast-schema-graph\">{\"@context\":\"https:\\\/\\\/schema.org\",\"@graph\":[{\"@type\":\"Article\",\"@id\":\"https:\\\/\\\/redenoticiaz.com.br\\\/litoralsp\\\/2022\\\/07\\\/28\\\/santos-confirma-mais-dois-casos-da-variola-dos-macacos#article\",\"isPartOf\":{\"@id\":\"https:\\\/\\\/redenoticiaz.com.br\\\/litoralsp\\\/2022\\\/07\\\/28\\\/santos-confirma-mais-dois-casos-da-variola-dos-macacos\"},\"author\":{\"name\":\"Gustavo Silva\",\"@id\":\"https:\\\/\\\/redenoticiaz.com.br\\\/litoralsp\\\/#\\\/schema\\\/person\\\/16057b37a3c0ee6b096d7f887c566e2e\"},\"headline\":\"Santos confirma mais dois casos da var\u00edola dos macacos\",\"datePublished\":\"2022-07-28T19:04:25+00:00\",\"mainEntityOfPage\":{\"@id\":\"https:\\\/\\\/redenoticiaz.com.br\\\/litoralsp\\\/2022\\\/07\\\/28\\\/santos-confirma-mais-dois-casos-da-variola-dos-macacos\"},\"wordCount\":244,\"commentCount\":0,\"publisher\":{\"@id\":\"https:\\\/\\\/redenoticiaz.com.br\\\/litoralsp\\\/#organization\"},\"image\":{\"@id\":\"https:\\\/\\\/redenoticiaz.com.br\\\/litoralsp\\\/2022\\\/07\\\/28\\\/santos-confirma-mais-dois-casos-da-variola-dos-macacos#primaryimage\"},\"thumbnailUrl\":\"https:\\\/\\\/redenoticiaz.com.br\\\/litoralsp\\\/wp-content\\\/uploads\\\/sites\\\/3\\\/2022\\\/07\\\/poli_2.jpg\",\"keywords\":[\"monkeypox\",\"SECRETARIA DE SA\u00daDE\",\"VAR\u00cdOLA DOS MACACOS\",\"VIGIL\u00c2NCIA EPIDEMIOL\u00d3GICA\"],\"articleSection\":[\"Santos\"],\"inLanguage\":\"pt-BR\",\"potentialAction\":[{\"@type\":\"CommentAction\",\"name\":\"Comment\",\"target\":[\"https:\\\/\\\/redenoticiaz.com.br\\\/litoralsp\\\/2022\\\/07\\\/28\\\/santos-confirma-mais-dois-casos-da-variola-dos-macacos#respond\"]}]},{\"@type\":\"WebPage\",\"@id\":\"https:\\\/\\\/redenoticiaz.com.br\\\/litoralsp\\\/2022\\\/07\\\/28\\\/santos-confirma-mais-dois-casos-da-variola-dos-macacos\",\"url\":\"https:\\\/\\\/redenoticiaz.com.br\\\/litoralsp\\\/2022\\\/07\\\/28\\\/santos-confirma-mais-dois-casos-da-variola-dos-macacos\",\"name\":\"Santos confirma mais dois casos da var\u00edola dos macacos - Litoral SP\",\"isPartOf\":{\"@id\":\"https:\\\/\\\/redenoticiaz.com.br\\\/litoralsp\\\/#website\"},\"primaryImageOfPage\":{\"@id\":\"https:\\\/\\\/redenoticiaz.com.br\\\/litoralsp\\\/2022\\\/07\\\/28\\\/santos-confirma-mais-dois-casos-da-variola-dos-macacos#primaryimage\"},\"image\":{\"@id\":\"https:\\\/\\\/redenoticiaz.com.br\\\/litoralsp\\\/2022\\\/07\\\/28\\\/santos-confirma-mais-dois-casos-da-variola-dos-macacos#primaryimage\"},\"thumbnailUrl\":\"https:\\\/\\\/redenoticiaz.com.br\\\/litoralsp\\\/wp-content\\\/uploads\\\/sites\\\/3\\\/2022\\\/07\\\/poli_2.jpg\",\"datePublished\":\"2022-07-28T19:04:25+00:00\",\"description\":\"A Vigil\u00e2ncia Epidemiol\u00f3gica de Santos confirmou nesta quinta-feira (28) mais dois casos da var\u00edola dos macacos em moradores do Munic\u00edpio.\",\"inLanguage\":\"pt-BR\",\"potentialAction\":[{\"@type\":\"ReadAction\",\"target\":[\"https:\\\/\\\/redenoticiaz.com.br\\\/litoralsp\\\/2022\\\/07\\\/28\\\/santos-confirma-mais-dois-casos-da-variola-dos-macacos\"]}]},{\"@type\":\"ImageObject\",\"inLanguage\":\"pt-BR\",\"@id\":\"https:\\\/\\\/redenoticiaz.com.br\\\/litoralsp\\\/2022\\\/07\\\/28\\\/santos-confirma-mais-dois-casos-da-variola-dos-macacos#primaryimage\",\"url\":\"https:\\\/\\\/redenoticiaz.com.br\\\/litoralsp\\\/wp-content\\\/uploads\\\/sites\\\/3\\\/2022\\\/07\\\/poli_2.jpg\",\"contentUrl\":\"https:\\\/\\\/redenoticiaz.com.br\\\/litoralsp\\\/wp-content\\\/uploads\\\/sites\\\/3\\\/2022\\\/07\\\/poli_2.jpg\",\"width\":927,\"height\":618,\"caption\":\"Santos confirma mais dois casos da var\u00edola dos macacos\"},{\"@type\":\"WebSite\",\"@id\":\"https:\\\/\\\/redenoticiaz.com.br\\\/litoralsp\\\/#website\",\"url\":\"https:\\\/\\\/redenoticiaz.com.br\\\/litoralsp\\\/\",\"name\":\"Litoral SP\",\"description\":\"Rede NoticiaZ\",\"publisher\":{\"@id\":\"https:\\\/\\\/redenoticiaz.com.br\\\/litoralsp\\\/#organization\"},\"potentialAction\":[{\"@type\":\"SearchAction\",\"target\":{\"@type\":\"EntryPoint\",\"urlTemplate\":\"https:\\\/\\\/redenoticiaz.com.br\\\/litoralsp\\\/?s={search_term_string}\"},\"query-input\":{\"@type\":\"PropertyValueSpecification\",\"valueRequired\":true,\"valueName\":\"search_term_string\"}}],\"inLanguage\":\"pt-BR\"},{\"@type\":\"Organization\",\"@id\":\"https:\\\/\\\/redenoticiaz.com.br\\\/litoralsp\\\/#organization\",\"name\":\"Litoral SP\",\"url\":\"https:\\\/\\\/redenoticiaz.com.br\\\/litoralsp\\\/\",\"logo\":{\"@type\":\"ImageObject\",\"inLanguage\":\"pt-BR\",\"@id\":\"https:\\\/\\\/redenoticiaz.com.br\\\/litoralsp\\\/#\\\/schema\\\/logo\\\/image\\\/\",\"url\":\"https:\\\/\\\/redenoticiaz.com.br\\\/litoralsp\\\/wp-content\\\/uploads\\\/sites\\\/3\\\/2020\\\/11\\\/logo.jpg\",\"contentUrl\":\"https:\\\/\\\/redenoticiaz.com.br\\\/litoralsp\\\/wp-content\\\/uploads\\\/sites\\\/3\\\/2020\\\/11\\\/logo.jpg\",\"width\":400,\"height\":250,\"caption\":\"Litoral SP\"},\"image\":{\"@id\":\"https:\\\/\\\/redenoticiaz.com.br\\\/litoralsp\\\/#\\\/schema\\\/logo\\\/image\\\/\"}},{\"@type\":\"Person\",\"@id\":\"https:\\\/\\\/redenoticiaz.com.br\\\/litoralsp\\\/#\\\/schema\\\/person\\\/16057b37a3c0ee6b096d7f887c566e2e\",\"name\":\"Gustavo Silva\",\"image\":{\"@type\":\"ImageObject\",\"inLanguage\":\"pt-BR\",\"@id\":\"https:\\\/\\\/secure.gravatar.com\\\/avatar\\\/3ee4e82f93b26de0a7cf4ea5eb7893da637ed6bb0c9170c58065944c56e28a33?s=96&d=mm&r=g\",\"url\":\"https:\\\/\\\/secure.gravatar.com\\\/avatar\\\/3ee4e82f93b26de0a7cf4ea5eb7893da637ed6bb0c9170c58065944c56e28a33?s=96&d=mm&r=g\",\"contentUrl\":\"https:\\\/\\\/secure.gravatar.com\\\/avatar\\\/3ee4e82f93b26de0a7cf4ea5eb7893da637ed6bb0c9170c58065944c56e28a33?s=96&d=mm&r=g\",\"caption\":\"Gustavo Silva\"},\"url\":\"https:\\\/\\\/redenoticiaz.com.br\\\/litoralsp\\\/author\\\/gustavosilva\"}]}<\/script>\n<!-- \/ Yoast SEO plugin. -->","yoast_head_json":{"title":"Santos confirma mais dois casos da var\u00edola dos macacos - Litoral SP","description":"A Vigil\u00e2ncia Epidemiol\u00f3gica de Santos confirmou nesta quinta-feira (28) mais dois casos da var\u00edola dos macacos em moradores do Munic\u00edpio.","robots":{"index":"index","follow":"follow","max-snippet":"max-snippet:-1","max-image-preview":"max-image-preview:large","max-video-preview":"max-video-preview:-1"},"canonical":"https:\/\/redenoticiaz.com.br\/litoralsp\/2022\/07\/28\/santos-confirma-mais-dois-casos-da-variola-dos-macacos","og_locale":"pt_BR","og_type":"article","og_title":"Santos confirma mais dois casos da var\u00edola dos macacos - Litoral SP","og_description":"A Vigil\u00e2ncia Epidemiol\u00f3gica de Santos confirmou nesta quinta-feira (28) mais dois casos da var\u00edola dos macacos em moradores do Munic\u00edpio.","og_url":"https:\/\/redenoticiaz.com.br\/litoralsp\/2022\/07\/28\/santos-confirma-mais-dois-casos-da-variola-dos-macacos","og_site_name":"Litoral SP","article_published_time":"2022-07-28T19:04:25+00:00","og_image":[{"width":927,"height":618,"url":"https:\/\/redenoticiaz.com.br\/litoralsp\/wp-content\/uploads\/sites\/3\/2022\/07\/poli_2.jpg","type":"image\/jpeg"}],"author":"Gustavo Silva","twitter_card":"summary_large_image","twitter_misc":{"Escrito por":"Gustavo Silva","Est. tempo de leitura":"2 minutos"},"schema":{"@context":"https:\/\/schema.org","@graph":[{"@type":"Article","@id":"https:\/\/redenoticiaz.com.br\/litoralsp\/2022\/07\/28\/santos-confirma-mais-dois-casos-da-variola-dos-macacos#article","isPartOf":{"@id":"https:\/\/redenoticiaz.com.br\/litoralsp\/2022\/07\/28\/santos-confirma-mais-dois-casos-da-variola-dos-macacos"},"author":{"name":"Gustavo Silva","@id":"https:\/\/redenoticiaz.com.br\/litoralsp\/#\/schema\/person\/16057b37a3c0ee6b096d7f887c566e2e"},"headline":"Santos confirma mais dois casos da var\u00edola dos macacos","datePublished":"2022-07-28T19:04:25+00:00","mainEntityOfPage":{"@id":"https:\/\/redenoticiaz.com.br\/litoralsp\/2022\/07\/28\/santos-confirma-mais-dois-casos-da-variola-dos-macacos"},"wordCount":244,"commentCount":0,"publisher":{"@id":"https:\/\/redenoticiaz.com.br\/litoralsp\/#organization"},"image":{"@id":"https:\/\/redenoticiaz.com.br\/litoralsp\/2022\/07\/28\/santos-confirma-mais-dois-casos-da-variola-dos-macacos#primaryimage"},"thumbnailUrl":"https:\/\/redenoticiaz.com.br\/litoralsp\/wp-content\/uploads\/sites\/3\/2022\/07\/poli_2.jpg","keywords":["monkeypox","SECRETARIA DE SA\u00daDE","VAR\u00cdOLA DOS MACACOS","VIGIL\u00c2NCIA EPIDEMIOL\u00d3GICA"],"articleSection":["Santos"],"inLanguage":"pt-BR","potentialAction":[{"@type":"CommentAction","name":"Comment","target":["https:\/\/redenoticiaz.com.br\/litoralsp\/2022\/07\/28\/santos-confirma-mais-dois-casos-da-variola-dos-macacos#respond"]}]},{"@type":"WebPage","@id":"https:\/\/redenoticiaz.com.br\/litoralsp\/2022\/07\/28\/santos-confirma-mais-dois-casos-da-variola-dos-macacos","url":"https:\/\/redenoticiaz.com.br\/litoralsp\/2022\/07\/28\/santos-confirma-mais-dois-casos-da-variola-dos-macacos","name":"Santos confirma mais dois casos da var\u00edola dos macacos - Litoral SP","isPartOf":{"@id":"https:\/\/redenoticiaz.com.br\/litoralsp\/#website"},"primaryImageOfPage":{"@id":"https:\/\/redenoticiaz.com.br\/litoralsp\/2022\/07\/28\/santos-confirma-mais-dois-casos-da-variola-dos-macacos#primaryimage"},"image":{"@id":"https:\/\/redenoticiaz.com.br\/litoralsp\/2022\/07\/28\/santos-confirma-mais-dois-casos-da-variola-dos-macacos#primaryimage"},"thumbnailUrl":"https:\/\/redenoticiaz.com.br\/litoralsp\/wp-content\/uploads\/sites\/3\/2022\/07\/poli_2.jpg","datePublished":"2022-07-28T19:04:25+00:00","description":"A Vigil\u00e2ncia Epidemiol\u00f3gica de Santos confirmou nesta quinta-feira (28) mais dois casos da var\u00edola dos macacos em moradores do Munic\u00edpio.","inLanguage":"pt-BR","potentialAction":[{"@type":"ReadAction","target":["https:\/\/redenoticiaz.com.br\/litoralsp\/2022\/07\/28\/santos-confirma-mais-dois-casos-da-variola-dos-macacos"]}]},{"@type":"ImageObject","inLanguage":"pt-BR","@id":"https:\/\/redenoticiaz.com.br\/litoralsp\/2022\/07\/28\/santos-confirma-mais-dois-casos-da-variola-dos-macacos#primaryimage","url":"https:\/\/redenoticiaz.com.br\/litoralsp\/wp-content\/uploads\/sites\/3\/2022\/07\/poli_2.jpg","contentUrl":"https:\/\/redenoticiaz.com.br\/litoralsp\/wp-content\/uploads\/sites\/3\/2022\/07\/poli_2.jpg","width":927,"height":618,"caption":"Santos confirma mais dois casos da var\u00edola dos macacos"},{"@type":"WebSite","@id":"https:\/\/redenoticiaz.com.br\/litoralsp\/#website","url":"https:\/\/redenoticiaz.com.br\/litoralsp\/","name":"Litoral SP","description":"Rede NoticiaZ","publisher":{"@id":"https:\/\/redenoticiaz.com.br\/litoralsp\/#organization"},"potentialAction":[{"@type":"SearchAction","target":{"@type":"EntryPoint","urlTemplate":"https:\/\/redenoticiaz.com.br\/litoralsp\/?s={search_term_string}"},"query-input":{"@type":"PropertyValueSpecification","valueRequired":true,"valueName":"search_term_string"}}],"inLanguage":"pt-BR"},{"@type":"Organization","@id":"https:\/\/redenoticiaz.com.br\/litoralsp\/#organization","name":"Litoral SP","url":"https:\/\/redenoticiaz.com.br\/litoralsp\/","logo":{"@type":"ImageObject","inLanguage":"pt-BR","@id":"https:\/\/redenoticiaz.com.br\/litoralsp\/#\/schema\/logo\/image\/","url":"https:\/\/redenoticiaz.com.br\/litoralsp\/wp-content\/uploads\/sites\/3\/2020\/11\/logo.jpg","contentUrl":"https:\/\/redenoticiaz.com.br\/litoralsp\/wp-content\/uploads\/sites\/3\/2020\/11\/logo.jpg","width":400,"height":250,"caption":"Litoral SP"},"image":{"@id":"https:\/\/redenoticiaz.com.br\/litoralsp\/#\/schema\/logo\/image\/"}},{"@type":"Person","@id":"https:\/\/redenoticiaz.com.br\/litoralsp\/#\/schema\/person\/16057b37a3c0ee6b096d7f887c566e2e","name":"Gustavo Silva","image":{"@type":"ImageObject","inLanguage":"pt-BR","@id":"https:\/\/secure.gravatar.com\/avatar\/3ee4e82f93b26de0a7cf4ea5eb7893da637ed6bb0c9170c58065944c56e28a33?s=96&d=mm&r=g","url":"https:\/\/secure.gravatar.com\/avatar\/3ee4e82f93b26de0a7cf4ea5eb7893da637ed6bb0c9170c58065944c56e28a33?s=96&d=mm&r=g","contentUrl":"https:\/\/secure.gravatar.com\/avatar\/3ee4e82f93b26de0a7cf4ea5eb7893da637ed6bb0c9170c58065944c56e28a33?s=96&d=mm&r=g","caption":"Gustavo Silva"},"url":"https:\/\/redenoticiaz.com.br\/litoralsp\/author\/gustavosilva"}]}},"_links":{"self":[{"href":"https:\/\/redenoticiaz.com.br\/litoralsp\/wp-json\/wp\/v2\/posts\/89146","targetHints":{"allow":["GET"]}}],"collection":[{"href":"https:\/\/redenoticiaz.com.br\/litoralsp\/wp-json\/wp\/v2\/posts"}],"about":[{"href":"https:\/\/redenoticiaz.com.br\/litoralsp\/wp-json\/wp\/v2\/types\/post"}],"author":[{"embeddable":true,"href":"https:\/\/redenoticiaz.com.br\/litoralsp\/wp-json\/wp\/v2\/users\/12"}],"replies":[{"embeddable":true,"href":"https:\/\/redenoticiaz.com.br\/litoralsp\/wp-json\/wp\/v2\/comments?post=89146"}],"version-history":[{"count":1,"href":"https:\/\/redenoticiaz.com.br\/litoralsp\/wp-json\/wp\/v2\/posts\/89146\/revisions"}],"predecessor-version":[{"id":89148,"href":"https:\/\/redenoticiaz.com.br\/litoralsp\/wp-json\/wp\/v2\/posts\/89146\/revisions\/89148"}],"wp:featuredmedia":[{"embeddable":true,"href":"https:\/\/redenoticiaz.com.br\/litoralsp\/wp-json\/wp\/v2\/media\/89147"}],"wp:attachment":[{"href":"https:\/\/redenoticiaz.com.br\/litoralsp\/wp-json\/wp\/v2\/media?parent=89146"}],"wp:term":[{"taxonomy":"category","embeddable":true,"href":"https:\/\/redenoticiaz.com.br\/litoralsp\/wp-json\/wp\/v2\/categories?post=89146"},{"taxonomy":"post_tag","embeddable":true,"href":"https:\/\/redenoticiaz.com.br\/litoralsp\/wp-json\/wp\/v2\/tags?post=89146"}],"curies":[{"name":"wp","href":"https:\/\/api.w.org\/{rel}","templated":true}]}}