{"id":89158,"date":"2022-07-28T16:58:36","date_gmt":"2022-07-28T19:58:36","guid":{"rendered":"https:\/\/redenoticiaz.com.br\/litoralsp\/?p=89158"},"modified":"2022-07-28T16:58:36","modified_gmt":"2022-07-28T19:58:36","slug":"desembargador-eduardo-siqueira-de-polemicas-durante-a-pandemia-e-afastado-do-tj-sp","status":"publish","type":"post","link":"https:\/\/redenoticiaz.com.br\/litoralsp\/2022\/07\/28\/desembargador-eduardo-siqueira-de-polemicas-durante-a-pandemia-e-afastado-do-tj-sp","title":{"rendered":"Desembargador Eduardo Siqueira de pol\u00eamicas durante a Pandemia \u00e9 afastado do TJ-SP"},"content":{"rendered":"<div class=\"mc-column content-text active-extra-styles \" data-block-type=\"unstyled\" data-block-weight=\"66\" data-block-id=\"2\">\n<p data-track-category=\"Link no Texto\" data-track-links=\"\">O Desembargador Eduardo Siqueira que se envolveu em pol\u00eamicas durante a Pandemia foi afastado do TJ-SP\u00a0 nesta \u00faltima quarta-feira (27).<\/p>\n<p data-track-category=\"Link no Texto\" data-track-links=\"\">De acordo com as informa\u00e7\u00f5es, foram 18 votos a 6 para o afastamento do profissional que est\u00e1 sendo punido por ofender e intimidar uma policial militar em 2015.<\/p>\n<p data-track-category=\"Link no Texto\" data-track-links=\"\">O Desembargador foi julgado pelo \u00f3rg\u00e3o especial do Tribunal de Justi\u00e7a de S\u00e3o Paulo estava em uma liga\u00e7\u00e3o via 190, quando destratou a Policial Militar.<\/p>\n<p data-track-category=\"Link no Texto\" data-track-links=\"\">Sendo assim, o TJ-SP informou via nota que o magistrado continuar\u00e1 a receber o sal\u00e1rio de forma proporcional e por tempo de servi\u00e7o.<\/p>\n<blockquote>\n<p class=\"content-text__container \" data-track-category=\"Link no Texto\" data-track-links=\"\">&#8220;ele poder\u00e1 pleitear o seu aproveitamento, decorridos dois anos do afastamento, conforme disp\u00f5e a Lei Org\u00e2nica da Magistratura\u201d.<\/p>\n<\/blockquote>\n<h3 data-track-category=\"Link no Texto\">Pandemia<\/h3>\n<p>Em julho de 2020,\u00a0 o desembargador foi filmado por guardas rasgando uma multa por andar sem m\u00e1scara na rua e chamou um dos agentes de analfabeto.<\/p>\n<div class=\"content-ads content-ads--reveal\" data-block-type=\"ads\" data-block-id=\"15\">O guarda ofendido entrou com uma a\u00e7\u00e3o judicial e o juiz Jos\u00e9 Alonso Beltrame J\u00fanior, da 10\u00aa Vara C\u00edvel de Santos, condenou o desembargador a pagar R$ 20 mil ao agente.<\/div>\n<\/div>\n<div data-block-type=\"ads\" data-block-id=\"15\"><\/div>\n<div data-block-type=\"ads\" data-block-id=\"15\"><strong>Leia mais<\/strong><\/div>\n<div data-block-type=\"ads\" data-block-id=\"15\"><\/div>\n<div class=\"mc-column content-text active-extra-styles \" data-block-type=\"unstyled\" data-block-weight=\"66\" data-block-id=\"2\">\n<div data-block-type=\"ads\" data-block-id=\"15\"><\/div>\n<\/div>\n","protected":false},"excerpt":{"rendered":"<p>O Desembargador Eduardo Siqueira que se envolveu em pol\u00eamicas durante a Pandemia foi afastado do TJ-SP\u00a0 nesta \u00faltima quarta-feira (27). De acordo com as informa\u00e7\u00f5es, foram 18 votos a 6 para o afastamento do profissional que est\u00e1 sendo punido por ofender e intimidar uma policial militar em 2015. O Desembargador foi julgado pelo \u00f3rg\u00e3o especial &hellip;<\/p>\n","protected":false},"author":12,"featured_media":89162,"comment_status":"open","ping_status":"closed","sticky":false,"template":"","format":"standard","meta":{"footnotes":""},"categories":[180],"tags":[11310,9513,9514,33246],"class_list":["post-89158","post","type-post","status-publish","format-standard","has-post-thumbnail","hentry","category-santos","tag-afastamento","tag-desembargador","tag-eduardo-siqueira","tag-tj-sp"],"yoast_head":"<!-- This site is optimized with the Yoast SEO plugin v27.5 - https:\/\/yoast.com\/product\/yoast-seo-wordpress\/ -->\n<title>Desembargador Eduardo Siqueira de pol\u00eamicas durante a Pandemia \u00e9 afastado do TJ-SP - Litoral SP<\/title>\n<meta name=\"description\" content=\"O Desembargador Eduardo Siqueira que se envolveu em pol\u00eamicas durante a Pandemia foi afastado do TJ-SP\u00a0 nesta \u00faltima quarta-feira (27).\" \/>\n<meta name=\"robots\" content=\"index, follow, max-snippet:-1, max-image-preview:large, max-video-preview:-1\" \/>\n<link rel=\"canonical\" href=\"https:\/\/redenoticiaz.com.br\/litoralsp\/2022\/07\/28\/desembargador-eduardo-siqueira-de-polemicas-durante-a-pandemia-e-afastado-do-tj-sp\" \/>\n<meta property=\"og:locale\" content=\"pt_BR\" \/>\n<meta property=\"og:type\" content=\"article\" \/>\n<meta property=\"og:title\" content=\"Desembargador Eduardo Siqueira de pol\u00eamicas durante a Pandemia \u00e9 afastado do TJ-SP - Litoral SP\" \/>\n<meta property=\"og:description\" content=\"O Desembargador Eduardo Siqueira que se envolveu em pol\u00eamicas durante a Pandemia foi afastado do TJ-SP\u00a0 nesta \u00faltima quarta-feira (27).\" \/>\n<meta property=\"og:url\" content=\"https:\/\/redenoticiaz.com.br\/litoralsp\/2022\/07\/28\/desembargador-eduardo-siqueira-de-polemicas-durante-a-pandemia-e-afastado-do-tj-sp\" \/>\n<meta property=\"og:site_name\" content=\"Litoral SP\" \/>\n<meta property=\"article:published_time\" content=\"2022-07-28T19:58:36+00:00\" \/>\n<meta property=\"og:image\" content=\"https:\/\/redenoticiaz.com.br\/litoralsp\/wp-content\/uploads\/sites\/3\/2022\/07\/20200719114223537802i.jpg\" \/>\n\t<meta property=\"og:image:width\" content=\"850\" \/>\n\t<meta property=\"og:image:height\" content=\"490\" \/>\n\t<meta property=\"og:image:type\" content=\"image\/jpeg\" \/>\n<meta name=\"author\" content=\"Gustavo Silva\" \/>\n<meta name=\"twitter:card\" content=\"summary_large_image\" \/>\n<meta name=\"twitter:label1\" content=\"Escrito por\" \/>\n\t<meta name=\"twitter:data1\" content=\"Gustavo Silva\" \/>\n\t<meta name=\"twitter:label2\" content=\"Est. tempo de leitura\" \/>\n\t<meta name=\"twitter:data2\" content=\"2 minutos\" \/>\n<script type=\"application\/ld+json\" class=\"yoast-schema-graph\">{\"@context\":\"https:\\\/\\\/schema.org\",\"@graph\":[{\"@type\":\"Article\",\"@id\":\"https:\\\/\\\/redenoticiaz.com.br\\\/litoralsp\\\/2022\\\/07\\\/28\\\/desembargador-eduardo-siqueira-de-polemicas-durante-a-pandemia-e-afastado-do-tj-sp#article\",\"isPartOf\":{\"@id\":\"https:\\\/\\\/redenoticiaz.com.br\\\/litoralsp\\\/2022\\\/07\\\/28\\\/desembargador-eduardo-siqueira-de-polemicas-durante-a-pandemia-e-afastado-do-tj-sp\"},\"author\":{\"name\":\"Gustavo Silva\",\"@id\":\"https:\\\/\\\/redenoticiaz.com.br\\\/litoralsp\\\/#\\\/schema\\\/person\\\/16057b37a3c0ee6b096d7f887c566e2e\"},\"headline\":\"Desembargador Eduardo Siqueira de pol\u00eamicas durante a Pandemia \u00e9 afastado do TJ-SP\",\"datePublished\":\"2022-07-28T19:58:36+00:00\",\"mainEntityOfPage\":{\"@id\":\"https:\\\/\\\/redenoticiaz.com.br\\\/litoralsp\\\/2022\\\/07\\\/28\\\/desembargador-eduardo-siqueira-de-polemicas-durante-a-pandemia-e-afastado-do-tj-sp\"},\"wordCount\":192,\"commentCount\":0,\"publisher\":{\"@id\":\"https:\\\/\\\/redenoticiaz.com.br\\\/litoralsp\\\/#organization\"},\"image\":{\"@id\":\"https:\\\/\\\/redenoticiaz.com.br\\\/litoralsp\\\/2022\\\/07\\\/28\\\/desembargador-eduardo-siqueira-de-polemicas-durante-a-pandemia-e-afastado-do-tj-sp#primaryimage\"},\"thumbnailUrl\":\"https:\\\/\\\/redenoticiaz.com.br\\\/litoralsp\\\/wp-content\\\/uploads\\\/sites\\\/3\\\/2022\\\/07\\\/20200719114223537802i.jpg\",\"keywords\":[\"AFASTAMENTO\",\"DESEMBARGADOR\",\"EDUARDO SIQUEIRA\",\"TJ-SP\"],\"articleSection\":[\"Santos\"],\"inLanguage\":\"pt-BR\",\"potentialAction\":[{\"@type\":\"CommentAction\",\"name\":\"Comment\",\"target\":[\"https:\\\/\\\/redenoticiaz.com.br\\\/litoralsp\\\/2022\\\/07\\\/28\\\/desembargador-eduardo-siqueira-de-polemicas-durante-a-pandemia-e-afastado-do-tj-sp#respond\"]}]},{\"@type\":\"WebPage\",\"@id\":\"https:\\\/\\\/redenoticiaz.com.br\\\/litoralsp\\\/2022\\\/07\\\/28\\\/desembargador-eduardo-siqueira-de-polemicas-durante-a-pandemia-e-afastado-do-tj-sp\",\"url\":\"https:\\\/\\\/redenoticiaz.com.br\\\/litoralsp\\\/2022\\\/07\\\/28\\\/desembargador-eduardo-siqueira-de-polemicas-durante-a-pandemia-e-afastado-do-tj-sp\",\"name\":\"Desembargador Eduardo Siqueira de pol\u00eamicas durante a Pandemia \u00e9 afastado do TJ-SP - Litoral SP\",\"isPartOf\":{\"@id\":\"https:\\\/\\\/redenoticiaz.com.br\\\/litoralsp\\\/#website\"},\"primaryImageOfPage\":{\"@id\":\"https:\\\/\\\/redenoticiaz.com.br\\\/litoralsp\\\/2022\\\/07\\\/28\\\/desembargador-eduardo-siqueira-de-polemicas-durante-a-pandemia-e-afastado-do-tj-sp#primaryimage\"},\"image\":{\"@id\":\"https:\\\/\\\/redenoticiaz.com.br\\\/litoralsp\\\/2022\\\/07\\\/28\\\/desembargador-eduardo-siqueira-de-polemicas-durante-a-pandemia-e-afastado-do-tj-sp#primaryimage\"},\"thumbnailUrl\":\"https:\\\/\\\/redenoticiaz.com.br\\\/litoralsp\\\/wp-content\\\/uploads\\\/sites\\\/3\\\/2022\\\/07\\\/20200719114223537802i.jpg\",\"datePublished\":\"2022-07-28T19:58:36+00:00\",\"description\":\"O Desembargador Eduardo Siqueira que se envolveu em pol\u00eamicas durante a Pandemia foi afastado do TJ-SP\u00a0 nesta \u00faltima quarta-feira (27).\",\"inLanguage\":\"pt-BR\",\"potentialAction\":[{\"@type\":\"ReadAction\",\"target\":[\"https:\\\/\\\/redenoticiaz.com.br\\\/litoralsp\\\/2022\\\/07\\\/28\\\/desembargador-eduardo-siqueira-de-polemicas-durante-a-pandemia-e-afastado-do-tj-sp\"]}]},{\"@type\":\"ImageObject\",\"inLanguage\":\"pt-BR\",\"@id\":\"https:\\\/\\\/redenoticiaz.com.br\\\/litoralsp\\\/2022\\\/07\\\/28\\\/desembargador-eduardo-siqueira-de-polemicas-durante-a-pandemia-e-afastado-do-tj-sp#primaryimage\",\"url\":\"https:\\\/\\\/redenoticiaz.com.br\\\/litoralsp\\\/wp-content\\\/uploads\\\/sites\\\/3\\\/2022\\\/07\\\/20200719114223537802i.jpg\",\"contentUrl\":\"https:\\\/\\\/redenoticiaz.com.br\\\/litoralsp\\\/wp-content\\\/uploads\\\/sites\\\/3\\\/2022\\\/07\\\/20200719114223537802i.jpg\",\"width\":850,\"height\":490,\"caption\":\"Desembargador Eduardo Siqueira de pol\u00eamicas durante a Pandemia \u00e9 afastado do TJ-SP\"},{\"@type\":\"WebSite\",\"@id\":\"https:\\\/\\\/redenoticiaz.com.br\\\/litoralsp\\\/#website\",\"url\":\"https:\\\/\\\/redenoticiaz.com.br\\\/litoralsp\\\/\",\"name\":\"Litoral SP\",\"description\":\"Rede NoticiaZ\",\"publisher\":{\"@id\":\"https:\\\/\\\/redenoticiaz.com.br\\\/litoralsp\\\/#organization\"},\"potentialAction\":[{\"@type\":\"SearchAction\",\"target\":{\"@type\":\"EntryPoint\",\"urlTemplate\":\"https:\\\/\\\/redenoticiaz.com.br\\\/litoralsp\\\/?s={search_term_string}\"},\"query-input\":{\"@type\":\"PropertyValueSpecification\",\"valueRequired\":true,\"valueName\":\"search_term_string\"}}],\"inLanguage\":\"pt-BR\"},{\"@type\":\"Organization\",\"@id\":\"https:\\\/\\\/redenoticiaz.com.br\\\/litoralsp\\\/#organization\",\"name\":\"Litoral SP\",\"url\":\"https:\\\/\\\/redenoticiaz.com.br\\\/litoralsp\\\/\",\"logo\":{\"@type\":\"ImageObject\",\"inLanguage\":\"pt-BR\",\"@id\":\"https:\\\/\\\/redenoticiaz.com.br\\\/litoralsp\\\/#\\\/schema\\\/logo\\\/image\\\/\",\"url\":\"https:\\\/\\\/redenoticiaz.com.br\\\/litoralsp\\\/wp-content\\\/uploads\\\/sites\\\/3\\\/2020\\\/11\\\/logo.jpg\",\"contentUrl\":\"https:\\\/\\\/redenoticiaz.com.br\\\/litoralsp\\\/wp-content\\\/uploads\\\/sites\\\/3\\\/2020\\\/11\\\/logo.jpg\",\"width\":400,\"height\":250,\"caption\":\"Litoral SP\"},\"image\":{\"@id\":\"https:\\\/\\\/redenoticiaz.com.br\\\/litoralsp\\\/#\\\/schema\\\/logo\\\/image\\\/\"}},{\"@type\":\"Person\",\"@id\":\"https:\\\/\\\/redenoticiaz.com.br\\\/litoralsp\\\/#\\\/schema\\\/person\\\/16057b37a3c0ee6b096d7f887c566e2e\",\"name\":\"Gustavo Silva\",\"image\":{\"@type\":\"ImageObject\",\"inLanguage\":\"pt-BR\",\"@id\":\"https:\\\/\\\/secure.gravatar.com\\\/avatar\\\/3ee4e82f93b26de0a7cf4ea5eb7893da637ed6bb0c9170c58065944c56e28a33?s=96&d=mm&r=g\",\"url\":\"https:\\\/\\\/secure.gravatar.com\\\/avatar\\\/3ee4e82f93b26de0a7cf4ea5eb7893da637ed6bb0c9170c58065944c56e28a33?s=96&d=mm&r=g\",\"contentUrl\":\"https:\\\/\\\/secure.gravatar.com\\\/avatar\\\/3ee4e82f93b26de0a7cf4ea5eb7893da637ed6bb0c9170c58065944c56e28a33?s=96&d=mm&r=g\",\"caption\":\"Gustavo Silva\"},\"url\":\"https:\\\/\\\/redenoticiaz.com.br\\\/litoralsp\\\/author\\\/gustavosilva\"}]}<\/script>\n<!-- \/ Yoast SEO plugin. -->","yoast_head_json":{"title":"Desembargador Eduardo Siqueira de pol\u00eamicas durante a Pandemia \u00e9 afastado do TJ-SP - Litoral SP","description":"O Desembargador Eduardo Siqueira que se envolveu em pol\u00eamicas durante a Pandemia foi afastado do TJ-SP\u00a0 nesta \u00faltima quarta-feira (27).","robots":{"index":"index","follow":"follow","max-snippet":"max-snippet:-1","max-image-preview":"max-image-preview:large","max-video-preview":"max-video-preview:-1"},"canonical":"https:\/\/redenoticiaz.com.br\/litoralsp\/2022\/07\/28\/desembargador-eduardo-siqueira-de-polemicas-durante-a-pandemia-e-afastado-do-tj-sp","og_locale":"pt_BR","og_type":"article","og_title":"Desembargador Eduardo Siqueira de pol\u00eamicas durante a Pandemia \u00e9 afastado do TJ-SP - Litoral SP","og_description":"O Desembargador Eduardo Siqueira que se envolveu em pol\u00eamicas durante a Pandemia foi afastado do TJ-SP\u00a0 nesta \u00faltima quarta-feira (27).","og_url":"https:\/\/redenoticiaz.com.br\/litoralsp\/2022\/07\/28\/desembargador-eduardo-siqueira-de-polemicas-durante-a-pandemia-e-afastado-do-tj-sp","og_site_name":"Litoral SP","article_published_time":"2022-07-28T19:58:36+00:00","og_image":[{"width":850,"height":490,"url":"https:\/\/redenoticiaz.com.br\/litoralsp\/wp-content\/uploads\/sites\/3\/2022\/07\/20200719114223537802i.jpg","type":"image\/jpeg"}],"author":"Gustavo Silva","twitter_card":"summary_large_image","twitter_misc":{"Escrito por":"Gustavo Silva","Est. tempo de leitura":"2 minutos"},"schema":{"@context":"https:\/\/schema.org","@graph":[{"@type":"Article","@id":"https:\/\/redenoticiaz.com.br\/litoralsp\/2022\/07\/28\/desembargador-eduardo-siqueira-de-polemicas-durante-a-pandemia-e-afastado-do-tj-sp#article","isPartOf":{"@id":"https:\/\/redenoticiaz.com.br\/litoralsp\/2022\/07\/28\/desembargador-eduardo-siqueira-de-polemicas-durante-a-pandemia-e-afastado-do-tj-sp"},"author":{"name":"Gustavo Silva","@id":"https:\/\/redenoticiaz.com.br\/litoralsp\/#\/schema\/person\/16057b37a3c0ee6b096d7f887c566e2e"},"headline":"Desembargador Eduardo Siqueira de pol\u00eamicas durante a Pandemia \u00e9 afastado do TJ-SP","datePublished":"2022-07-28T19:58:36+00:00","mainEntityOfPage":{"@id":"https:\/\/redenoticiaz.com.br\/litoralsp\/2022\/07\/28\/desembargador-eduardo-siqueira-de-polemicas-durante-a-pandemia-e-afastado-do-tj-sp"},"wordCount":192,"commentCount":0,"publisher":{"@id":"https:\/\/redenoticiaz.com.br\/litoralsp\/#organization"},"image":{"@id":"https:\/\/redenoticiaz.com.br\/litoralsp\/2022\/07\/28\/desembargador-eduardo-siqueira-de-polemicas-durante-a-pandemia-e-afastado-do-tj-sp#primaryimage"},"thumbnailUrl":"https:\/\/redenoticiaz.com.br\/litoralsp\/wp-content\/uploads\/sites\/3\/2022\/07\/20200719114223537802i.jpg","keywords":["AFASTAMENTO","DESEMBARGADOR","EDUARDO SIQUEIRA","TJ-SP"],"articleSection":["Santos"],"inLanguage":"pt-BR","potentialAction":[{"@type":"CommentAction","name":"Comment","target":["https:\/\/redenoticiaz.com.br\/litoralsp\/2022\/07\/28\/desembargador-eduardo-siqueira-de-polemicas-durante-a-pandemia-e-afastado-do-tj-sp#respond"]}]},{"@type":"WebPage","@id":"https:\/\/redenoticiaz.com.br\/litoralsp\/2022\/07\/28\/desembargador-eduardo-siqueira-de-polemicas-durante-a-pandemia-e-afastado-do-tj-sp","url":"https:\/\/redenoticiaz.com.br\/litoralsp\/2022\/07\/28\/desembargador-eduardo-siqueira-de-polemicas-durante-a-pandemia-e-afastado-do-tj-sp","name":"Desembargador Eduardo Siqueira de pol\u00eamicas durante a Pandemia \u00e9 afastado do TJ-SP - Litoral SP","isPartOf":{"@id":"https:\/\/redenoticiaz.com.br\/litoralsp\/#website"},"primaryImageOfPage":{"@id":"https:\/\/redenoticiaz.com.br\/litoralsp\/2022\/07\/28\/desembargador-eduardo-siqueira-de-polemicas-durante-a-pandemia-e-afastado-do-tj-sp#primaryimage"},"image":{"@id":"https:\/\/redenoticiaz.com.br\/litoralsp\/2022\/07\/28\/desembargador-eduardo-siqueira-de-polemicas-durante-a-pandemia-e-afastado-do-tj-sp#primaryimage"},"thumbnailUrl":"https:\/\/redenoticiaz.com.br\/litoralsp\/wp-content\/uploads\/sites\/3\/2022\/07\/20200719114223537802i.jpg","datePublished":"2022-07-28T19:58:36+00:00","description":"O Desembargador Eduardo Siqueira que se envolveu em pol\u00eamicas durante a Pandemia foi afastado do TJ-SP\u00a0 nesta \u00faltima quarta-feira (27).","inLanguage":"pt-BR","potentialAction":[{"@type":"ReadAction","target":["https:\/\/redenoticiaz.com.br\/litoralsp\/2022\/07\/28\/desembargador-eduardo-siqueira-de-polemicas-durante-a-pandemia-e-afastado-do-tj-sp"]}]},{"@type":"ImageObject","inLanguage":"pt-BR","@id":"https:\/\/redenoticiaz.com.br\/litoralsp\/2022\/07\/28\/desembargador-eduardo-siqueira-de-polemicas-durante-a-pandemia-e-afastado-do-tj-sp#primaryimage","url":"https:\/\/redenoticiaz.com.br\/litoralsp\/wp-content\/uploads\/sites\/3\/2022\/07\/20200719114223537802i.jpg","contentUrl":"https:\/\/redenoticiaz.com.br\/litoralsp\/wp-content\/uploads\/sites\/3\/2022\/07\/20200719114223537802i.jpg","width":850,"height":490,"caption":"Desembargador Eduardo Siqueira de pol\u00eamicas durante a Pandemia \u00e9 afastado do TJ-SP"},{"@type":"WebSite","@id":"https:\/\/redenoticiaz.com.br\/litoralsp\/#website","url":"https:\/\/redenoticiaz.com.br\/litoralsp\/","name":"Litoral SP","description":"Rede NoticiaZ","publisher":{"@id":"https:\/\/redenoticiaz.com.br\/litoralsp\/#organization"},"potentialAction":[{"@type":"SearchAction","target":{"@type":"EntryPoint","urlTemplate":"https:\/\/redenoticiaz.com.br\/litoralsp\/?s={search_term_string}"},"query-input":{"@type":"PropertyValueSpecification","valueRequired":true,"valueName":"search_term_string"}}],"inLanguage":"pt-BR"},{"@type":"Organization","@id":"https:\/\/redenoticiaz.com.br\/litoralsp\/#organization","name":"Litoral SP","url":"https:\/\/redenoticiaz.com.br\/litoralsp\/","logo":{"@type":"ImageObject","inLanguage":"pt-BR","@id":"https:\/\/redenoticiaz.com.br\/litoralsp\/#\/schema\/logo\/image\/","url":"https:\/\/redenoticiaz.com.br\/litoralsp\/wp-content\/uploads\/sites\/3\/2020\/11\/logo.jpg","contentUrl":"https:\/\/redenoticiaz.com.br\/litoralsp\/wp-content\/uploads\/sites\/3\/2020\/11\/logo.jpg","width":400,"height":250,"caption":"Litoral SP"},"image":{"@id":"https:\/\/redenoticiaz.com.br\/litoralsp\/#\/schema\/logo\/image\/"}},{"@type":"Person","@id":"https:\/\/redenoticiaz.com.br\/litoralsp\/#\/schema\/person\/16057b37a3c0ee6b096d7f887c566e2e","name":"Gustavo Silva","image":{"@type":"ImageObject","inLanguage":"pt-BR","@id":"https:\/\/secure.gravatar.com\/avatar\/3ee4e82f93b26de0a7cf4ea5eb7893da637ed6bb0c9170c58065944c56e28a33?s=96&d=mm&r=g","url":"https:\/\/secure.gravatar.com\/avatar\/3ee4e82f93b26de0a7cf4ea5eb7893da637ed6bb0c9170c58065944c56e28a33?s=96&d=mm&r=g","contentUrl":"https:\/\/secure.gravatar.com\/avatar\/3ee4e82f93b26de0a7cf4ea5eb7893da637ed6bb0c9170c58065944c56e28a33?s=96&d=mm&r=g","caption":"Gustavo Silva"},"url":"https:\/\/redenoticiaz.com.br\/litoralsp\/author\/gustavosilva"}]}},"_links":{"self":[{"href":"https:\/\/redenoticiaz.com.br\/litoralsp\/wp-json\/wp\/v2\/posts\/89158","targetHints":{"allow":["GET"]}}],"collection":[{"href":"https:\/\/redenoticiaz.com.br\/litoralsp\/wp-json\/wp\/v2\/posts"}],"about":[{"href":"https:\/\/redenoticiaz.com.br\/litoralsp\/wp-json\/wp\/v2\/types\/post"}],"author":[{"embeddable":true,"href":"https:\/\/redenoticiaz.com.br\/litoralsp\/wp-json\/wp\/v2\/users\/12"}],"replies":[{"embeddable":true,"href":"https:\/\/redenoticiaz.com.br\/litoralsp\/wp-json\/wp\/v2\/comments?post=89158"}],"version-history":[{"count":1,"href":"https:\/\/redenoticiaz.com.br\/litoralsp\/wp-json\/wp\/v2\/posts\/89158\/revisions"}],"predecessor-version":[{"id":89163,"href":"https:\/\/redenoticiaz.com.br\/litoralsp\/wp-json\/wp\/v2\/posts\/89158\/revisions\/89163"}],"wp:featuredmedia":[{"embeddable":true,"href":"https:\/\/redenoticiaz.com.br\/litoralsp\/wp-json\/wp\/v2\/media\/89162"}],"wp:attachment":[{"href":"https:\/\/redenoticiaz.com.br\/litoralsp\/wp-json\/wp\/v2\/media?parent=89158"}],"wp:term":[{"taxonomy":"category","embeddable":true,"href":"https:\/\/redenoticiaz.com.br\/litoralsp\/wp-json\/wp\/v2\/categories?post=89158"},{"taxonomy":"post_tag","embeddable":true,"href":"https:\/\/redenoticiaz.com.br\/litoralsp\/wp-json\/wp\/v2\/tags?post=89158"}],"curies":[{"name":"wp","href":"https:\/\/api.w.org\/{rel}","templated":true}]}}