{"id":89164,"date":"2022-07-31T12:00:43","date_gmt":"2022-07-31T15:00:43","guid":{"rendered":"https:\/\/redenoticiaz.com.br\/litoralsp\/?p=89164"},"modified":"2022-07-31T12:00:43","modified_gmt":"2022-07-31T15:00:43","slug":"4-edicao-do-vale-tatto-em-sjc-ira-movimentar-interior-de-sp","status":"publish","type":"post","link":"https:\/\/redenoticiaz.com.br\/litoralsp\/2022\/07\/31\/4-edicao-do-vale-tatto-em-sjc-ira-movimentar-interior-de-sp","title":{"rendered":"4\u00b0 Edi\u00e7\u00e3o do Vale Tatto em SJC ir\u00e1 movimentar interior de SP"},"content":{"rendered":"<p>&nbsp;<\/p>\n<p style=\"text-align: left\">Festival acontecer\u00e1 em S\u00e3o Jos\u00e9 dos Campos, interior de S\u00e3o Paulo, entre os dias 26 e 28, organizados pela Luminus tattoo Studio, Oxig\u00eanio Eventos e Tiago Tattoo Studio, a edi\u00e7\u00e3o ter\u00e1 retorno promissor, assegurando sucesso.<\/p>\n<p>A princ\u00edpio\u00a0 o evento ter\u00e1 in\u00edcio \u00e0s 10h do dia 26, resultando em quase 36 horas, contando com centenas de\u00a0 atra\u00e7\u00f5es para o p\u00fablico. Como os tradicionais concursos de tatuagens, shows, exposi\u00e7\u00e3o de motos e carros antigos com Zapata Mc e Los Justiceiros. Al\u00e9m de uma pra\u00e7a de alimenta\u00e7\u00e3o com foodtrucks diversos.<\/p>\n<p>Segundo uma pesquisa feita pela IBIS Word, no ano de 2021 a ind\u00fastria global de tatuagens teve um crescimento de 23,2%. Fazendo com que o Brasil superasse resultados globais e torna-se refer\u00eancia internacional.<\/p>\n<p>Em um espa\u00e7o reservado para feira ter\u00e1 cerca de 160 estandes, que abrigar\u00e3o os profissionais tatuadores, empresas fornecedoras de materiais para o mercado, al\u00e9m de convidados.<\/p>\n<p>O palco que ter\u00e1 apresenta\u00e7\u00e3o de bandas musicais e concursos, que v\u00e3o julgar mais de 20 categorias, do &#8220;Realismo, Oriental, Cultura Brasileira, New Tradicional, Art Fusion, Comic, Aquarela&#8221;, at\u00e9 chegar aos tradicionais estilos como o\u00a0 &#8220;Tribal, Maori e Pontilhismo, Caligrafia, Desenho e Whip Shading&#8221;.<\/p>\n<p>Al\u00e9m dos tatuadores que estar\u00e3o atuando no evento, o p\u00fablico poder\u00e1 participar das competi\u00e7\u00f5es, nas categorias <strong>&#8220;participantes\u2019 e \u2018fechamento\u2019<\/strong>. Por\u00e9m, \u00e9 preciso atende<a href=\"https:\/\/redenoticiaz.com.br\/wp-admin\/post.php?post=89265&amp;action=edit#yoast-readability-analysis-collapsible-metabox\">Legibilidade<\/a>r aos crit\u00e9rios definidos pela organiza\u00e7\u00e3o. Na classe<strong>\u2018fechamento\u2019<\/strong>, pode levar pronto ou terminar a tatuagem no dia. J\u00e1 no <strong>\u2018Melhor do Evento\u2019<\/strong> \u00e9 preciso fazer a tattoo durante o festival, afirmou o Tatuador e Organizador Leks Eduardo.<\/p>\n<figure id=\"attachment_89165\" aria-describedby=\"caption-attachment-89165\" style=\"width: 207px\" class=\"wp-caption alignleft\"><img loading=\"lazy\" decoding=\"async\" class=\" wp-image-89165\" src=\"https:\/\/redenoticiaz.com.br\/litoralsp\/wp-content\/uploads\/sites\/3\/2022\/07\/tatto-157x220.jpg\" alt=\"Convite do Evento Vale Tatto\" width=\"207\" height=\"290\" \/><figcaption id=\"caption-attachment-89165\" class=\"wp-caption-text\">Convite do Festival de tatuagem (2022). Cr\u00e9ditos: Reprodu\u00e7\u00e3o<\/figcaption><\/figure>\n<h5>( Veja ao lado convite do festival)<\/h5>\n<p>O ingresso custa R$ 15 e pode ser comprado no site <a href=\"https:\/\/www.ingressos10.com.br\/\">Ingressos 10 <\/a>ou na portaria do evento. Entretanto, a op\u00e7\u00e3o de pagar R$10, levando um quilo de alimento n\u00e3o perec\u00edvel.<\/p>\n<h6>VEJA TAMB\u00c9M :<\/h6>\n<p><a href=\"https:\/\/redenoticiaz.com.br\/blog\/2022\/07\/23\/o-tudum-esta-de-volta-saiba-tudo-sobre-o-festival-da-netflix\">O Tudum est\u00e1 de volta! Saiba tudo sobre o festival da Netflix<\/a><\/p>\n","protected":false},"excerpt":{"rendered":"<p>&nbsp; Festival acontecer\u00e1 em S\u00e3o Jos\u00e9 dos Campos, interior de S\u00e3o Paulo, entre os dias 26 e 28, organizados pela Luminus tattoo Studio, Oxig\u00eanio Eventos e Tiago Tattoo Studio, a edi\u00e7\u00e3o ter\u00e1 retorno promissor, assegurando sucesso. A princ\u00edpio\u00a0 o evento ter\u00e1 in\u00edcio \u00e0s 10h do dia 26, resultando em quase 36 horas, contando com centenas &hellip;<\/p>\n","protected":false},"author":26,"featured_media":13316,"comment_status":"open","ping_status":"closed","sticky":false,"template":"","format":"standard","meta":{"footnotes":""},"categories":[2001,170],"tags":[35798,42518,13008,58518],"class_list":["post-89164","post","type-post","status-publish","format-standard","has-post-thumbnail","hentry","category-cultura-e-musica","category-entretenimento","tag-evento","tag-festival","tag-musica","tag-tatto"],"yoast_head":"<!-- This site is optimized with the Yoast SEO plugin v27.5 - https:\/\/yoast.com\/product\/yoast-seo-wordpress\/ -->\n<title>4\u00b0 Edi\u00e7\u00e3o do Vale Tatto em SJC ir\u00e1 movimentar interior de SP - Litoral SP<\/title>\n<meta name=\"description\" content=\"Festival acontecer\u00e1 no interior de S\u00e3o Paulo, entre os dias 26 e 28, organizados pela Luminus tattoo Studio, Oxig\u00eanio Evento.\" \/>\n<meta name=\"robots\" content=\"index, follow, max-snippet:-1, max-image-preview:large, max-video-preview:-1\" \/>\n<link rel=\"canonical\" href=\"https:\/\/redenoticiaz.com.br\/litoralsp\/2022\/07\/31\/4-edicao-do-vale-tatto-em-sjc-ira-movimentar-interior-de-sp\" \/>\n<meta property=\"og:locale\" content=\"pt_BR\" \/>\n<meta property=\"og:type\" content=\"article\" \/>\n<meta property=\"og:title\" content=\"4\u00b0 Edi\u00e7\u00e3o do Vale Tatto em SJC ir\u00e1 movimentar interior de SP - Litoral SP\" \/>\n<meta property=\"og:description\" content=\"Festival acontecer\u00e1 no interior de S\u00e3o Paulo, entre os dias 26 e 28, organizados pela Luminus tattoo Studio, Oxig\u00eanio Evento.\" \/>\n<meta property=\"og:url\" content=\"https:\/\/redenoticiaz.com.br\/litoralsp\/2022\/07\/31\/4-edicao-do-vale-tatto-em-sjc-ira-movimentar-interior-de-sp\" \/>\n<meta property=\"og:site_name\" content=\"Litoral SP\" \/>\n<meta property=\"article:published_time\" content=\"2022-07-31T15:00:43+00:00\" \/>\n<meta property=\"og:image\" content=\"https:\/\/redenoticiaz.com.br\/litoralsp\/wp-content\/uploads\/sites\/3\/2021\/08\/image-11.jpg\" \/>\n\t<meta property=\"og:image:width\" content=\"500\" \/>\n\t<meta property=\"og:image:height\" content=\"250\" \/>\n\t<meta property=\"og:image:type\" content=\"image\/jpeg\" \/>\n<meta name=\"twitter:card\" content=\"summary_large_image\" \/>\n<meta name=\"twitter:label1\" content=\"Escrito por\" \/>\n\t<meta name=\"twitter:data1\" content=\"\" \/>\n\t<meta name=\"twitter:label2\" content=\"Est. tempo de leitura\" \/>\n\t<meta name=\"twitter:data2\" content=\"2 minutos\" \/>\n<script type=\"application\/ld+json\" class=\"yoast-schema-graph\">{\"@context\":\"https:\\\/\\\/schema.org\",\"@graph\":[{\"@type\":\"Article\",\"@id\":\"https:\\\/\\\/redenoticiaz.com.br\\\/litoralsp\\\/2022\\\/07\\\/31\\\/4-edicao-do-vale-tatto-em-sjc-ira-movimentar-interior-de-sp#article\",\"isPartOf\":{\"@id\":\"https:\\\/\\\/redenoticiaz.com.br\\\/litoralsp\\\/2022\\\/07\\\/31\\\/4-edicao-do-vale-tatto-em-sjc-ira-movimentar-interior-de-sp\"},\"author\":{\"name\":\"\",\"@id\":\"\"},\"headline\":\"4\u00b0 Edi\u00e7\u00e3o do Vale Tatto em SJC ir\u00e1 movimentar interior de SP\",\"datePublished\":\"2022-07-31T15:00:43+00:00\",\"mainEntityOfPage\":{\"@id\":\"https:\\\/\\\/redenoticiaz.com.br\\\/litoralsp\\\/2022\\\/07\\\/31\\\/4-edicao-do-vale-tatto-em-sjc-ira-movimentar-interior-de-sp\"},\"wordCount\":348,\"commentCount\":0,\"publisher\":{\"@id\":\"https:\\\/\\\/redenoticiaz.com.br\\\/litoralsp\\\/#organization\"},\"image\":{\"@id\":\"https:\\\/\\\/redenoticiaz.com.br\\\/litoralsp\\\/2022\\\/07\\\/31\\\/4-edicao-do-vale-tatto-em-sjc-ira-movimentar-interior-de-sp#primaryimage\"},\"thumbnailUrl\":\"https:\\\/\\\/redenoticiaz.com.br\\\/litoralsp\\\/wp-content\\\/uploads\\\/sites\\\/3\\\/2021\\\/08\\\/image-11.jpg\",\"keywords\":[\"EVENTO\",\"FESTIVAL\",\"M\u00daSICA\",\"TATTO\"],\"articleSection\":[\"Cultura e M\u00fasica\",\"Entretenimento\"],\"inLanguage\":\"pt-BR\",\"potentialAction\":[{\"@type\":\"CommentAction\",\"name\":\"Comment\",\"target\":[\"https:\\\/\\\/redenoticiaz.com.br\\\/litoralsp\\\/2022\\\/07\\\/31\\\/4-edicao-do-vale-tatto-em-sjc-ira-movimentar-interior-de-sp#respond\"]}]},{\"@type\":\"WebPage\",\"@id\":\"https:\\\/\\\/redenoticiaz.com.br\\\/litoralsp\\\/2022\\\/07\\\/31\\\/4-edicao-do-vale-tatto-em-sjc-ira-movimentar-interior-de-sp\",\"url\":\"https:\\\/\\\/redenoticiaz.com.br\\\/litoralsp\\\/2022\\\/07\\\/31\\\/4-edicao-do-vale-tatto-em-sjc-ira-movimentar-interior-de-sp\",\"name\":\"4\u00b0 Edi\u00e7\u00e3o do Vale Tatto em SJC ir\u00e1 movimentar interior de SP - Litoral SP\",\"isPartOf\":{\"@id\":\"https:\\\/\\\/redenoticiaz.com.br\\\/litoralsp\\\/#website\"},\"primaryImageOfPage\":{\"@id\":\"https:\\\/\\\/redenoticiaz.com.br\\\/litoralsp\\\/2022\\\/07\\\/31\\\/4-edicao-do-vale-tatto-em-sjc-ira-movimentar-interior-de-sp#primaryimage\"},\"image\":{\"@id\":\"https:\\\/\\\/redenoticiaz.com.br\\\/litoralsp\\\/2022\\\/07\\\/31\\\/4-edicao-do-vale-tatto-em-sjc-ira-movimentar-interior-de-sp#primaryimage\"},\"thumbnailUrl\":\"https:\\\/\\\/redenoticiaz.com.br\\\/litoralsp\\\/wp-content\\\/uploads\\\/sites\\\/3\\\/2021\\\/08\\\/image-11.jpg\",\"datePublished\":\"2022-07-31T15:00:43+00:00\",\"description\":\"Festival acontecer\u00e1 no interior de S\u00e3o Paulo, entre os dias 26 e 28, organizados pela Luminus tattoo Studio, Oxig\u00eanio Evento.\",\"inLanguage\":\"pt-BR\",\"potentialAction\":[{\"@type\":\"ReadAction\",\"target\":[\"https:\\\/\\\/redenoticiaz.com.br\\\/litoralsp\\\/2022\\\/07\\\/31\\\/4-edicao-do-vale-tatto-em-sjc-ira-movimentar-interior-de-sp\"]}]},{\"@type\":\"ImageObject\",\"inLanguage\":\"pt-BR\",\"@id\":\"https:\\\/\\\/redenoticiaz.com.br\\\/litoralsp\\\/2022\\\/07\\\/31\\\/4-edicao-do-vale-tatto-em-sjc-ira-movimentar-interior-de-sp#primaryimage\",\"url\":\"https:\\\/\\\/redenoticiaz.com.br\\\/litoralsp\\\/wp-content\\\/uploads\\\/sites\\\/3\\\/2021\\\/08\\\/image-11.jpg\",\"contentUrl\":\"https:\\\/\\\/redenoticiaz.com.br\\\/litoralsp\\\/wp-content\\\/uploads\\\/sites\\\/3\\\/2021\\\/08\\\/image-11.jpg\",\"width\":500,\"height\":250,\"caption\":\"Morador de Ubatuba denuncia vandalismo no Parque Estadual da Serra do Mar Picinguaba (Foto: Divulga\u00e7\u00e3o)\"},{\"@type\":\"WebSite\",\"@id\":\"https:\\\/\\\/redenoticiaz.com.br\\\/litoralsp\\\/#website\",\"url\":\"https:\\\/\\\/redenoticiaz.com.br\\\/litoralsp\\\/\",\"name\":\"Litoral SP\",\"description\":\"Rede NoticiaZ\",\"publisher\":{\"@id\":\"https:\\\/\\\/redenoticiaz.com.br\\\/litoralsp\\\/#organization\"},\"potentialAction\":[{\"@type\":\"SearchAction\",\"target\":{\"@type\":\"EntryPoint\",\"urlTemplate\":\"https:\\\/\\\/redenoticiaz.com.br\\\/litoralsp\\\/?s={search_term_string}\"},\"query-input\":{\"@type\":\"PropertyValueSpecification\",\"valueRequired\":true,\"valueName\":\"search_term_string\"}}],\"inLanguage\":\"pt-BR\"},{\"@type\":\"Organization\",\"@id\":\"https:\\\/\\\/redenoticiaz.com.br\\\/litoralsp\\\/#organization\",\"name\":\"Litoral SP\",\"url\":\"https:\\\/\\\/redenoticiaz.com.br\\\/litoralsp\\\/\",\"logo\":{\"@type\":\"ImageObject\",\"inLanguage\":\"pt-BR\",\"@id\":\"https:\\\/\\\/redenoticiaz.com.br\\\/litoralsp\\\/#\\\/schema\\\/logo\\\/image\\\/\",\"url\":\"https:\\\/\\\/redenoticiaz.com.br\\\/litoralsp\\\/wp-content\\\/uploads\\\/sites\\\/3\\\/2020\\\/11\\\/logo.jpg\",\"contentUrl\":\"https:\\\/\\\/redenoticiaz.com.br\\\/litoralsp\\\/wp-content\\\/uploads\\\/sites\\\/3\\\/2020\\\/11\\\/logo.jpg\",\"width\":400,\"height\":250,\"caption\":\"Litoral SP\"},\"image\":{\"@id\":\"https:\\\/\\\/redenoticiaz.com.br\\\/litoralsp\\\/#\\\/schema\\\/logo\\\/image\\\/\"}},{\"@type\":\"Person\",\"@id\":\"\",\"url\":\"https:\\\/\\\/redenoticiaz.com.br\\\/litoralsp\\\/author\"}]}<\/script>\n<!-- \/ Yoast SEO plugin. -->","yoast_head_json":{"title":"4\u00b0 Edi\u00e7\u00e3o do Vale Tatto em SJC ir\u00e1 movimentar interior de SP - Litoral SP","description":"Festival acontecer\u00e1 no interior de S\u00e3o Paulo, entre os dias 26 e 28, organizados pela Luminus tattoo Studio, Oxig\u00eanio Evento.","robots":{"index":"index","follow":"follow","max-snippet":"max-snippet:-1","max-image-preview":"max-image-preview:large","max-video-preview":"max-video-preview:-1"},"canonical":"https:\/\/redenoticiaz.com.br\/litoralsp\/2022\/07\/31\/4-edicao-do-vale-tatto-em-sjc-ira-movimentar-interior-de-sp","og_locale":"pt_BR","og_type":"article","og_title":"4\u00b0 Edi\u00e7\u00e3o do Vale Tatto em SJC ir\u00e1 movimentar interior de SP - Litoral SP","og_description":"Festival acontecer\u00e1 no interior de S\u00e3o Paulo, entre os dias 26 e 28, organizados pela Luminus tattoo Studio, Oxig\u00eanio Evento.","og_url":"https:\/\/redenoticiaz.com.br\/litoralsp\/2022\/07\/31\/4-edicao-do-vale-tatto-em-sjc-ira-movimentar-interior-de-sp","og_site_name":"Litoral SP","article_published_time":"2022-07-31T15:00:43+00:00","og_image":[{"width":500,"height":250,"url":"https:\/\/redenoticiaz.com.br\/litoralsp\/wp-content\/uploads\/sites\/3\/2021\/08\/image-11.jpg","type":"image\/jpeg"}],"twitter_card":"summary_large_image","twitter_misc":{"Escrito por":"","Est. tempo de leitura":"2 minutos"},"schema":{"@context":"https:\/\/schema.org","@graph":[{"@type":"Article","@id":"https:\/\/redenoticiaz.com.br\/litoralsp\/2022\/07\/31\/4-edicao-do-vale-tatto-em-sjc-ira-movimentar-interior-de-sp#article","isPartOf":{"@id":"https:\/\/redenoticiaz.com.br\/litoralsp\/2022\/07\/31\/4-edicao-do-vale-tatto-em-sjc-ira-movimentar-interior-de-sp"},"author":{"name":"","@id":""},"headline":"4\u00b0 Edi\u00e7\u00e3o do Vale Tatto em SJC ir\u00e1 movimentar interior de SP","datePublished":"2022-07-31T15:00:43+00:00","mainEntityOfPage":{"@id":"https:\/\/redenoticiaz.com.br\/litoralsp\/2022\/07\/31\/4-edicao-do-vale-tatto-em-sjc-ira-movimentar-interior-de-sp"},"wordCount":348,"commentCount":0,"publisher":{"@id":"https:\/\/redenoticiaz.com.br\/litoralsp\/#organization"},"image":{"@id":"https:\/\/redenoticiaz.com.br\/litoralsp\/2022\/07\/31\/4-edicao-do-vale-tatto-em-sjc-ira-movimentar-interior-de-sp#primaryimage"},"thumbnailUrl":"https:\/\/redenoticiaz.com.br\/litoralsp\/wp-content\/uploads\/sites\/3\/2021\/08\/image-11.jpg","keywords":["EVENTO","FESTIVAL","M\u00daSICA","TATTO"],"articleSection":["Cultura e M\u00fasica","Entretenimento"],"inLanguage":"pt-BR","potentialAction":[{"@type":"CommentAction","name":"Comment","target":["https:\/\/redenoticiaz.com.br\/litoralsp\/2022\/07\/31\/4-edicao-do-vale-tatto-em-sjc-ira-movimentar-interior-de-sp#respond"]}]},{"@type":"WebPage","@id":"https:\/\/redenoticiaz.com.br\/litoralsp\/2022\/07\/31\/4-edicao-do-vale-tatto-em-sjc-ira-movimentar-interior-de-sp","url":"https:\/\/redenoticiaz.com.br\/litoralsp\/2022\/07\/31\/4-edicao-do-vale-tatto-em-sjc-ira-movimentar-interior-de-sp","name":"4\u00b0 Edi\u00e7\u00e3o do Vale Tatto em SJC ir\u00e1 movimentar interior de SP - Litoral SP","isPartOf":{"@id":"https:\/\/redenoticiaz.com.br\/litoralsp\/#website"},"primaryImageOfPage":{"@id":"https:\/\/redenoticiaz.com.br\/litoralsp\/2022\/07\/31\/4-edicao-do-vale-tatto-em-sjc-ira-movimentar-interior-de-sp#primaryimage"},"image":{"@id":"https:\/\/redenoticiaz.com.br\/litoralsp\/2022\/07\/31\/4-edicao-do-vale-tatto-em-sjc-ira-movimentar-interior-de-sp#primaryimage"},"thumbnailUrl":"https:\/\/redenoticiaz.com.br\/litoralsp\/wp-content\/uploads\/sites\/3\/2021\/08\/image-11.jpg","datePublished":"2022-07-31T15:00:43+00:00","description":"Festival acontecer\u00e1 no interior de S\u00e3o Paulo, entre os dias 26 e 28, organizados pela Luminus tattoo Studio, Oxig\u00eanio Evento.","inLanguage":"pt-BR","potentialAction":[{"@type":"ReadAction","target":["https:\/\/redenoticiaz.com.br\/litoralsp\/2022\/07\/31\/4-edicao-do-vale-tatto-em-sjc-ira-movimentar-interior-de-sp"]}]},{"@type":"ImageObject","inLanguage":"pt-BR","@id":"https:\/\/redenoticiaz.com.br\/litoralsp\/2022\/07\/31\/4-edicao-do-vale-tatto-em-sjc-ira-movimentar-interior-de-sp#primaryimage","url":"https:\/\/redenoticiaz.com.br\/litoralsp\/wp-content\/uploads\/sites\/3\/2021\/08\/image-11.jpg","contentUrl":"https:\/\/redenoticiaz.com.br\/litoralsp\/wp-content\/uploads\/sites\/3\/2021\/08\/image-11.jpg","width":500,"height":250,"caption":"Morador de Ubatuba denuncia vandalismo no Parque Estadual da Serra do Mar Picinguaba (Foto: Divulga\u00e7\u00e3o)"},{"@type":"WebSite","@id":"https:\/\/redenoticiaz.com.br\/litoralsp\/#website","url":"https:\/\/redenoticiaz.com.br\/litoralsp\/","name":"Litoral SP","description":"Rede NoticiaZ","publisher":{"@id":"https:\/\/redenoticiaz.com.br\/litoralsp\/#organization"},"potentialAction":[{"@type":"SearchAction","target":{"@type":"EntryPoint","urlTemplate":"https:\/\/redenoticiaz.com.br\/litoralsp\/?s={search_term_string}"},"query-input":{"@type":"PropertyValueSpecification","valueRequired":true,"valueName":"search_term_string"}}],"inLanguage":"pt-BR"},{"@type":"Organization","@id":"https:\/\/redenoticiaz.com.br\/litoralsp\/#organization","name":"Litoral SP","url":"https:\/\/redenoticiaz.com.br\/litoralsp\/","logo":{"@type":"ImageObject","inLanguage":"pt-BR","@id":"https:\/\/redenoticiaz.com.br\/litoralsp\/#\/schema\/logo\/image\/","url":"https:\/\/redenoticiaz.com.br\/litoralsp\/wp-content\/uploads\/sites\/3\/2020\/11\/logo.jpg","contentUrl":"https:\/\/redenoticiaz.com.br\/litoralsp\/wp-content\/uploads\/sites\/3\/2020\/11\/logo.jpg","width":400,"height":250,"caption":"Litoral SP"},"image":{"@id":"https:\/\/redenoticiaz.com.br\/litoralsp\/#\/schema\/logo\/image\/"}},{"@type":"Person","@id":"","url":"https:\/\/redenoticiaz.com.br\/litoralsp\/author"}]}},"_links":{"self":[{"href":"https:\/\/redenoticiaz.com.br\/litoralsp\/wp-json\/wp\/v2\/posts\/89164","targetHints":{"allow":["GET"]}}],"collection":[{"href":"https:\/\/redenoticiaz.com.br\/litoralsp\/wp-json\/wp\/v2\/posts"}],"about":[{"href":"https:\/\/redenoticiaz.com.br\/litoralsp\/wp-json\/wp\/v2\/types\/post"}],"author":[{"embeddable":true,"href":"https:\/\/redenoticiaz.com.br\/litoralsp\/wp-json\/wp\/v2\/users\/26"}],"replies":[{"embeddable":true,"href":"https:\/\/redenoticiaz.com.br\/litoralsp\/wp-json\/wp\/v2\/comments?post=89164"}],"version-history":[{"count":1,"href":"https:\/\/redenoticiaz.com.br\/litoralsp\/wp-json\/wp\/v2\/posts\/89164\/revisions"}],"predecessor-version":[{"id":89167,"href":"https:\/\/redenoticiaz.com.br\/litoralsp\/wp-json\/wp\/v2\/posts\/89164\/revisions\/89167"}],"wp:featuredmedia":[{"embeddable":true,"href":"https:\/\/redenoticiaz.com.br\/litoralsp\/wp-json\/wp\/v2\/media\/13316"}],"wp:attachment":[{"href":"https:\/\/redenoticiaz.com.br\/litoralsp\/wp-json\/wp\/v2\/media?parent=89164"}],"wp:term":[{"taxonomy":"category","embeddable":true,"href":"https:\/\/redenoticiaz.com.br\/litoralsp\/wp-json\/wp\/v2\/categories?post=89164"},{"taxonomy":"post_tag","embeddable":true,"href":"https:\/\/redenoticiaz.com.br\/litoralsp\/wp-json\/wp\/v2\/tags?post=89164"}],"curies":[{"name":"wp","href":"https:\/\/api.w.org\/{rel}","templated":true}]}}