{"id":89270,"date":"2022-07-30T16:42:35","date_gmt":"2022-07-30T19:42:35","guid":{"rendered":"https:\/\/redenoticiaz.com.br\/litoralsp\/?p=89270"},"modified":"2022-07-30T16:42:35","modified_gmt":"2022-07-30T19:42:35","slug":"sao-vicente-exige-fechamento-de-empresa-de-transporte-por-aplicativo","status":"publish","type":"post","link":"https:\/\/redenoticiaz.com.br\/litoralsp\/2022\/07\/30\/sao-vicente-exige-fechamento-de-empresa-de-transporte-por-aplicativo","title":{"rendered":"S\u00e3o Vicente exige fechamento de empresa de transporte por aplicativo"},"content":{"rendered":"<p>Uma for\u00e7a-tarefa da <a href=\"https:\/\/www.saovicente.sp.gov.br\/onepage\">Prefeitura de S\u00e3o Vicente<\/a> foi realizada e ela determinou que o <strong>escrit\u00f3rio de uma empresa de transporte por aplicativo fosse fechado imediatamente<\/strong>. Tamb\u00e9m foram aplicadas multas e intima\u00e7\u00f5es, devido a atua\u00e7\u00e3o irregular que exerce na cidade.<\/p>\n<p>Durante os trabalhos, a administra\u00e7\u00e3o recolheu propagandas irregulares da empresa de servi\u00e7o de transporte por aplicativo nos postes da cidade. A explora\u00e7\u00e3o de espa\u00e7os p\u00fablicos para propaganda e publicidade depende de autoriza\u00e7\u00e3o pr\u00e9via da prefeitura. Em raz\u00e3o do descumprimento da lei pela empresa, ela j\u00e1 havia sido multada em abril deste ano no valor de R$ 44 mil.<\/p>\n<div class=\"mc-column content-text active-extra-styles \" data-block-type=\"unstyled\" data-block-weight=\"63\" data-block-id=\"4\">\n<p class=\"content-text__container \" data-track-category=\"Link no Texto\" data-track-links=\"\">Ap\u00f3s o epis\u00f3dio, a prefeitura criou uma for\u00e7a-tarefa para identificar a base da empresa. Na sexta-feira (29), os fiscais da Secretaria do Com\u00e9rcio, Ind\u00fastria e Neg\u00f3cios Portu\u00e1rios (SECINP), em conjunto com a Guarda Civil Municipal de S\u00e3o Vicente (GCM-SV), Pol\u00edcia Militar e Secretaria do Meio Ambiente e Bem-Estar Animal (SEMAM), encontraram em pleno funcionamento o local que servia de escrit\u00f3rio da empresa.<\/p>\n<h3 data-track-category=\"Link no Texto\">Sem licen\u00e7a<\/h3>\n<\/div>\n<div class=\"content-ads content-ads--reveal\" data-block-type=\"ads\" data-block-id=\"5\">\n<div id=\"banner_materia2\" class=\"tag-manager-publicidade-container mc-has-reveal mc-has-ad-lazyload\" data-id=\"banner_materia2\" data-req=\"true\">\n<div id=\"google_ads_iframe_\/95377733\/tvg_G1\/Sua_Regiao&gt;Sudeste&gt;Sao_Paulo_(Santos)_5__container__\" style=\"margin: auto;padding: 0px;border: 0pt none;font: inherit;vertical-align: initial;text-align: center;width: 970px;height: 0px\"><\/div>\n<\/div>\n<\/div>\n<div class=\"mc-column content-text active-extra-styles \" data-block-type=\"unstyled\" data-block-weight=\"22\" data-block-id=\"6\">\n<p class=\"content-text__container \" data-track-category=\"Link no Texto\" data-track-links=\"\">Segundo a prefeitura, os respons\u00e1veis foram intimados a encerrar as atividades imediatamente, j\u00e1 que n\u00e3o possu\u00edam a devida licen\u00e7a de funcionamento.<\/p>\n<\/div>\n<div class=\"mc-column content-text active-extra-styles \" data-block-type=\"unstyled\" data-block-weight=\"26\" data-block-id=\"7\">\n<p class=\"content-text__container \" data-track-category=\"Link no Texto\" data-track-links=\"\">Al\u00e9m disso, a for\u00e7a-tarefa apreendeu 15 caixas com adesivos para poste, seis banners pequenos, um banner m\u00e9dio, duas faixas e tr\u00eas placas grandes para postes.<\/p>\n<\/div>\n<div class=\"mc-column content-text active-extra-styles \" data-block-type=\"unstyled\" data-block-weight=\"42\" data-block-id=\"8\">\n<p class=\"content-text__container \" data-track-category=\"Link no Texto\" data-track-links=\"\">Na a\u00e7\u00e3o, os fiscais tamb\u00e9m ratificaram a proibi\u00e7\u00e3o de fixa\u00e7\u00e3o de objetos em vias p\u00fablicas, como a empresa vinha fazendo com os banners pendurados nos postes. Os respons\u00e1veis foram orientados a buscar os meios legais para autoriza\u00e7\u00e3o de publicidade no munic\u00edpio.<\/p>\n<p data-track-category=\"Link no Texto\" data-track-links=\"\"><strong>LEIA TAMB\u00c9M<\/strong><\/p>\n<p data-track-category=\"Link no Texto\" data-track-links=\"\"><a href=\"https:\/\/redenoticiaz.com.br\/litoralsp\/2022\/07\/12\/prefeito-de-sao-vicente-se-revolta-e-remove-cartazes\">Prefeito de S\u00e3o Vicente se revolta e remove cartazes<\/a><\/p>\n<\/div>\n","protected":false},"excerpt":{"rendered":"<p>Uma for\u00e7a-tarefa da Prefeitura de S\u00e3o Vicente foi realizada e ela determinou que o escrit\u00f3rio de uma empresa de transporte por aplicativo fosse fechado imediatamente. Tamb\u00e9m foram aplicadas multas e intima\u00e7\u00f5es, devido a atua\u00e7\u00e3o irregular que exerce na cidade. Durante os trabalhos, a administra\u00e7\u00e3o recolheu propagandas irregulares da empresa de servi\u00e7o de transporte por aplicativo &hellip;<\/p>\n","protected":false},"author":6,"featured_media":89271,"comment_status":"open","ping_status":"closed","sticky":false,"template":"","format":"standard","meta":{"footnotes":""},"categories":[181,88],"tags":[58564,5687,33,58563],"class_list":["post-89270","post","type-post","status-publish","format-standard","has-post-thumbnail","hentry","category-sao-vicente","category-transportes","tag-fechamento-de-escritorio","tag-forca-tarefa","tag-sao-vicente","tag-transporte-por-aplicativo"],"yoast_head":"<!-- This site is optimized with the Yoast SEO plugin v27.5 - https:\/\/yoast.com\/product\/yoast-seo-wordpress\/ -->\n<title>S\u00e3o Vicente exige fechamento de empresa de transporte por aplicativo - Litoral SP<\/title>\n<meta name=\"description\" content=\"Uma for\u00e7a-tarefa da Prefeitura de S\u00e3o Vicente foi realizada e ela determinou que o escrit\u00f3rio de uma empresa de transporte por aplicativo\" \/>\n<meta name=\"robots\" content=\"index, follow, max-snippet:-1, max-image-preview:large, max-video-preview:-1\" \/>\n<link rel=\"canonical\" href=\"https:\/\/redenoticiaz.com.br\/litoralsp\/2022\/07\/30\/sao-vicente-exige-fechamento-de-empresa-de-transporte-por-aplicativo\" \/>\n<meta property=\"og:locale\" content=\"pt_BR\" \/>\n<meta property=\"og:type\" content=\"article\" \/>\n<meta property=\"og:title\" content=\"S\u00e3o Vicente exige fechamento de empresa de transporte por aplicativo - Litoral SP\" \/>\n<meta property=\"og:description\" content=\"Uma for\u00e7a-tarefa da Prefeitura de S\u00e3o Vicente foi realizada e ela determinou que o escrit\u00f3rio de uma empresa de transporte por aplicativo\" \/>\n<meta property=\"og:url\" content=\"https:\/\/redenoticiaz.com.br\/litoralsp\/2022\/07\/30\/sao-vicente-exige-fechamento-de-empresa-de-transporte-por-aplicativo\" \/>\n<meta property=\"og:site_name\" content=\"Litoral SP\" \/>\n<meta property=\"article:published_time\" content=\"2022-07-30T19:42:35+00:00\" \/>\n<meta property=\"og:image\" content=\"https:\/\/redenoticiaz.com.br\/litoralsp\/wp-content\/uploads\/sites\/3\/2022\/07\/13139.jpg\" \/>\n\t<meta property=\"og:image:width\" content=\"915\" \/>\n\t<meta property=\"og:image:height\" content=\"609\" \/>\n\t<meta property=\"og:image:type\" content=\"image\/jpeg\" \/>\n<meta name=\"author\" content=\"Leonardo Francisco\" \/>\n<meta name=\"twitter:card\" content=\"summary_large_image\" \/>\n<meta name=\"twitter:label1\" content=\"Escrito por\" \/>\n\t<meta name=\"twitter:data1\" content=\"Leonardo Francisco\" \/>\n\t<meta name=\"twitter:label2\" content=\"Est. tempo de leitura\" \/>\n\t<meta name=\"twitter:data2\" content=\"2 minutos\" \/>\n<script type=\"application\/ld+json\" class=\"yoast-schema-graph\">{\"@context\":\"https:\\\/\\\/schema.org\",\"@graph\":[{\"@type\":\"Article\",\"@id\":\"https:\\\/\\\/redenoticiaz.com.br\\\/litoralsp\\\/2022\\\/07\\\/30\\\/sao-vicente-exige-fechamento-de-empresa-de-transporte-por-aplicativo#article\",\"isPartOf\":{\"@id\":\"https:\\\/\\\/redenoticiaz.com.br\\\/litoralsp\\\/2022\\\/07\\\/30\\\/sao-vicente-exige-fechamento-de-empresa-de-transporte-por-aplicativo\"},\"author\":{\"name\":\"Leonardo Francisco\",\"@id\":\"https:\\\/\\\/redenoticiaz.com.br\\\/litoralsp\\\/#\\\/schema\\\/person\\\/0f0b8a5bdafefe82841e07ae8d81ecb3\"},\"headline\":\"S\u00e3o Vicente exige fechamento de empresa de transporte por aplicativo\",\"datePublished\":\"2022-07-30T19:42:35+00:00\",\"mainEntityOfPage\":{\"@id\":\"https:\\\/\\\/redenoticiaz.com.br\\\/litoralsp\\\/2022\\\/07\\\/30\\\/sao-vicente-exige-fechamento-de-empresa-de-transporte-por-aplicativo\"},\"wordCount\":310,\"commentCount\":0,\"publisher\":{\"@id\":\"https:\\\/\\\/redenoticiaz.com.br\\\/litoralsp\\\/#organization\"},\"image\":{\"@id\":\"https:\\\/\\\/redenoticiaz.com.br\\\/litoralsp\\\/2022\\\/07\\\/30\\\/sao-vicente-exige-fechamento-de-empresa-de-transporte-por-aplicativo#primaryimage\"},\"thumbnailUrl\":\"https:\\\/\\\/redenoticiaz.com.br\\\/litoralsp\\\/wp-content\\\/uploads\\\/sites\\\/3\\\/2022\\\/07\\\/13139.jpg\",\"keywords\":[\"FECHAMENTO DE ESCRIT\u00d3RIO\",\"FOR\u00c7A-TAREFA\",\"S\u00e3o Vicente\",\"TRANSPORTE POR APLICATIVO\"],\"articleSection\":[\"S\u00e3o Vicente\",\"Transportes\"],\"inLanguage\":\"pt-BR\",\"potentialAction\":[{\"@type\":\"CommentAction\",\"name\":\"Comment\",\"target\":[\"https:\\\/\\\/redenoticiaz.com.br\\\/litoralsp\\\/2022\\\/07\\\/30\\\/sao-vicente-exige-fechamento-de-empresa-de-transporte-por-aplicativo#respond\"]}]},{\"@type\":\"WebPage\",\"@id\":\"https:\\\/\\\/redenoticiaz.com.br\\\/litoralsp\\\/2022\\\/07\\\/30\\\/sao-vicente-exige-fechamento-de-empresa-de-transporte-por-aplicativo\",\"url\":\"https:\\\/\\\/redenoticiaz.com.br\\\/litoralsp\\\/2022\\\/07\\\/30\\\/sao-vicente-exige-fechamento-de-empresa-de-transporte-por-aplicativo\",\"name\":\"S\u00e3o Vicente exige fechamento de empresa de transporte por aplicativo - Litoral SP\",\"isPartOf\":{\"@id\":\"https:\\\/\\\/redenoticiaz.com.br\\\/litoralsp\\\/#website\"},\"primaryImageOfPage\":{\"@id\":\"https:\\\/\\\/redenoticiaz.com.br\\\/litoralsp\\\/2022\\\/07\\\/30\\\/sao-vicente-exige-fechamento-de-empresa-de-transporte-por-aplicativo#primaryimage\"},\"image\":{\"@id\":\"https:\\\/\\\/redenoticiaz.com.br\\\/litoralsp\\\/2022\\\/07\\\/30\\\/sao-vicente-exige-fechamento-de-empresa-de-transporte-por-aplicativo#primaryimage\"},\"thumbnailUrl\":\"https:\\\/\\\/redenoticiaz.com.br\\\/litoralsp\\\/wp-content\\\/uploads\\\/sites\\\/3\\\/2022\\\/07\\\/13139.jpg\",\"datePublished\":\"2022-07-30T19:42:35+00:00\",\"description\":\"Uma for\u00e7a-tarefa da Prefeitura de S\u00e3o Vicente foi realizada e ela determinou que o escrit\u00f3rio de uma empresa de transporte por aplicativo\",\"inLanguage\":\"pt-BR\",\"potentialAction\":[{\"@type\":\"ReadAction\",\"target\":[\"https:\\\/\\\/redenoticiaz.com.br\\\/litoralsp\\\/2022\\\/07\\\/30\\\/sao-vicente-exige-fechamento-de-empresa-de-transporte-por-aplicativo\"]}]},{\"@type\":\"ImageObject\",\"inLanguage\":\"pt-BR\",\"@id\":\"https:\\\/\\\/redenoticiaz.com.br\\\/litoralsp\\\/2022\\\/07\\\/30\\\/sao-vicente-exige-fechamento-de-empresa-de-transporte-por-aplicativo#primaryimage\",\"url\":\"https:\\\/\\\/redenoticiaz.com.br\\\/litoralsp\\\/wp-content\\\/uploads\\\/sites\\\/3\\\/2022\\\/07\\\/13139.jpg\",\"contentUrl\":\"https:\\\/\\\/redenoticiaz.com.br\\\/litoralsp\\\/wp-content\\\/uploads\\\/sites\\\/3\\\/2022\\\/07\\\/13139.jpg\",\"width\":915,\"height\":609,\"caption\":\"Cr\u00e9ditos: Divulga\u00e7\u00e3o\\\/Prefeitura de S\u00e3o Vicente\"},{\"@type\":\"WebSite\",\"@id\":\"https:\\\/\\\/redenoticiaz.com.br\\\/litoralsp\\\/#website\",\"url\":\"https:\\\/\\\/redenoticiaz.com.br\\\/litoralsp\\\/\",\"name\":\"Litoral SP\",\"description\":\"Rede NoticiaZ\",\"publisher\":{\"@id\":\"https:\\\/\\\/redenoticiaz.com.br\\\/litoralsp\\\/#organization\"},\"potentialAction\":[{\"@type\":\"SearchAction\",\"target\":{\"@type\":\"EntryPoint\",\"urlTemplate\":\"https:\\\/\\\/redenoticiaz.com.br\\\/litoralsp\\\/?s={search_term_string}\"},\"query-input\":{\"@type\":\"PropertyValueSpecification\",\"valueRequired\":true,\"valueName\":\"search_term_string\"}}],\"inLanguage\":\"pt-BR\"},{\"@type\":\"Organization\",\"@id\":\"https:\\\/\\\/redenoticiaz.com.br\\\/litoralsp\\\/#organization\",\"name\":\"Litoral SP\",\"url\":\"https:\\\/\\\/redenoticiaz.com.br\\\/litoralsp\\\/\",\"logo\":{\"@type\":\"ImageObject\",\"inLanguage\":\"pt-BR\",\"@id\":\"https:\\\/\\\/redenoticiaz.com.br\\\/litoralsp\\\/#\\\/schema\\\/logo\\\/image\\\/\",\"url\":\"https:\\\/\\\/redenoticiaz.com.br\\\/litoralsp\\\/wp-content\\\/uploads\\\/sites\\\/3\\\/2020\\\/11\\\/logo.jpg\",\"contentUrl\":\"https:\\\/\\\/redenoticiaz.com.br\\\/litoralsp\\\/wp-content\\\/uploads\\\/sites\\\/3\\\/2020\\\/11\\\/logo.jpg\",\"width\":400,\"height\":250,\"caption\":\"Litoral SP\"},\"image\":{\"@id\":\"https:\\\/\\\/redenoticiaz.com.br\\\/litoralsp\\\/#\\\/schema\\\/logo\\\/image\\\/\"}},{\"@type\":\"Person\",\"@id\":\"https:\\\/\\\/redenoticiaz.com.br\\\/litoralsp\\\/#\\\/schema\\\/person\\\/0f0b8a5bdafefe82841e07ae8d81ecb3\",\"name\":\"Leonardo Francisco\",\"image\":{\"@type\":\"ImageObject\",\"inLanguage\":\"pt-BR\",\"@id\":\"https:\\\/\\\/secure.gravatar.com\\\/avatar\\\/a7358cb406a99b682ec6df1e77e31ae82e63601f6784e8a3df411d72b37864da?s=96&d=mm&r=g\",\"url\":\"https:\\\/\\\/secure.gravatar.com\\\/avatar\\\/a7358cb406a99b682ec6df1e77e31ae82e63601f6784e8a3df411d72b37864da?s=96&d=mm&r=g\",\"contentUrl\":\"https:\\\/\\\/secure.gravatar.com\\\/avatar\\\/a7358cb406a99b682ec6df1e77e31ae82e63601f6784e8a3df411d72b37864da?s=96&d=mm&r=g\",\"caption\":\"Leonardo Francisco\"},\"url\":\"https:\\\/\\\/redenoticiaz.com.br\\\/litoralsp\\\/author\\\/leonardo-francisco\"}]}<\/script>\n<!-- \/ Yoast SEO plugin. -->","yoast_head_json":{"title":"S\u00e3o Vicente exige fechamento de empresa de transporte por aplicativo - Litoral SP","description":"Uma for\u00e7a-tarefa da Prefeitura de S\u00e3o Vicente foi realizada e ela determinou que o escrit\u00f3rio de uma empresa de transporte por aplicativo","robots":{"index":"index","follow":"follow","max-snippet":"max-snippet:-1","max-image-preview":"max-image-preview:large","max-video-preview":"max-video-preview:-1"},"canonical":"https:\/\/redenoticiaz.com.br\/litoralsp\/2022\/07\/30\/sao-vicente-exige-fechamento-de-empresa-de-transporte-por-aplicativo","og_locale":"pt_BR","og_type":"article","og_title":"S\u00e3o Vicente exige fechamento de empresa de transporte por aplicativo - Litoral SP","og_description":"Uma for\u00e7a-tarefa da Prefeitura de S\u00e3o Vicente foi realizada e ela determinou que o escrit\u00f3rio de uma empresa de transporte por aplicativo","og_url":"https:\/\/redenoticiaz.com.br\/litoralsp\/2022\/07\/30\/sao-vicente-exige-fechamento-de-empresa-de-transporte-por-aplicativo","og_site_name":"Litoral SP","article_published_time":"2022-07-30T19:42:35+00:00","og_image":[{"width":915,"height":609,"url":"https:\/\/redenoticiaz.com.br\/litoralsp\/wp-content\/uploads\/sites\/3\/2022\/07\/13139.jpg","type":"image\/jpeg"}],"author":"Leonardo Francisco","twitter_card":"summary_large_image","twitter_misc":{"Escrito por":"Leonardo Francisco","Est. tempo de leitura":"2 minutos"},"schema":{"@context":"https:\/\/schema.org","@graph":[{"@type":"Article","@id":"https:\/\/redenoticiaz.com.br\/litoralsp\/2022\/07\/30\/sao-vicente-exige-fechamento-de-empresa-de-transporte-por-aplicativo#article","isPartOf":{"@id":"https:\/\/redenoticiaz.com.br\/litoralsp\/2022\/07\/30\/sao-vicente-exige-fechamento-de-empresa-de-transporte-por-aplicativo"},"author":{"name":"Leonardo Francisco","@id":"https:\/\/redenoticiaz.com.br\/litoralsp\/#\/schema\/person\/0f0b8a5bdafefe82841e07ae8d81ecb3"},"headline":"S\u00e3o Vicente exige fechamento de empresa de transporte por aplicativo","datePublished":"2022-07-30T19:42:35+00:00","mainEntityOfPage":{"@id":"https:\/\/redenoticiaz.com.br\/litoralsp\/2022\/07\/30\/sao-vicente-exige-fechamento-de-empresa-de-transporte-por-aplicativo"},"wordCount":310,"commentCount":0,"publisher":{"@id":"https:\/\/redenoticiaz.com.br\/litoralsp\/#organization"},"image":{"@id":"https:\/\/redenoticiaz.com.br\/litoralsp\/2022\/07\/30\/sao-vicente-exige-fechamento-de-empresa-de-transporte-por-aplicativo#primaryimage"},"thumbnailUrl":"https:\/\/redenoticiaz.com.br\/litoralsp\/wp-content\/uploads\/sites\/3\/2022\/07\/13139.jpg","keywords":["FECHAMENTO DE ESCRIT\u00d3RIO","FOR\u00c7A-TAREFA","S\u00e3o Vicente","TRANSPORTE POR APLICATIVO"],"articleSection":["S\u00e3o Vicente","Transportes"],"inLanguage":"pt-BR","potentialAction":[{"@type":"CommentAction","name":"Comment","target":["https:\/\/redenoticiaz.com.br\/litoralsp\/2022\/07\/30\/sao-vicente-exige-fechamento-de-empresa-de-transporte-por-aplicativo#respond"]}]},{"@type":"WebPage","@id":"https:\/\/redenoticiaz.com.br\/litoralsp\/2022\/07\/30\/sao-vicente-exige-fechamento-de-empresa-de-transporte-por-aplicativo","url":"https:\/\/redenoticiaz.com.br\/litoralsp\/2022\/07\/30\/sao-vicente-exige-fechamento-de-empresa-de-transporte-por-aplicativo","name":"S\u00e3o Vicente exige fechamento de empresa de transporte por aplicativo - Litoral SP","isPartOf":{"@id":"https:\/\/redenoticiaz.com.br\/litoralsp\/#website"},"primaryImageOfPage":{"@id":"https:\/\/redenoticiaz.com.br\/litoralsp\/2022\/07\/30\/sao-vicente-exige-fechamento-de-empresa-de-transporte-por-aplicativo#primaryimage"},"image":{"@id":"https:\/\/redenoticiaz.com.br\/litoralsp\/2022\/07\/30\/sao-vicente-exige-fechamento-de-empresa-de-transporte-por-aplicativo#primaryimage"},"thumbnailUrl":"https:\/\/redenoticiaz.com.br\/litoralsp\/wp-content\/uploads\/sites\/3\/2022\/07\/13139.jpg","datePublished":"2022-07-30T19:42:35+00:00","description":"Uma for\u00e7a-tarefa da Prefeitura de S\u00e3o Vicente foi realizada e ela determinou que o escrit\u00f3rio de uma empresa de transporte por aplicativo","inLanguage":"pt-BR","potentialAction":[{"@type":"ReadAction","target":["https:\/\/redenoticiaz.com.br\/litoralsp\/2022\/07\/30\/sao-vicente-exige-fechamento-de-empresa-de-transporte-por-aplicativo"]}]},{"@type":"ImageObject","inLanguage":"pt-BR","@id":"https:\/\/redenoticiaz.com.br\/litoralsp\/2022\/07\/30\/sao-vicente-exige-fechamento-de-empresa-de-transporte-por-aplicativo#primaryimage","url":"https:\/\/redenoticiaz.com.br\/litoralsp\/wp-content\/uploads\/sites\/3\/2022\/07\/13139.jpg","contentUrl":"https:\/\/redenoticiaz.com.br\/litoralsp\/wp-content\/uploads\/sites\/3\/2022\/07\/13139.jpg","width":915,"height":609,"caption":"Cr\u00e9ditos: Divulga\u00e7\u00e3o\/Prefeitura de S\u00e3o Vicente"},{"@type":"WebSite","@id":"https:\/\/redenoticiaz.com.br\/litoralsp\/#website","url":"https:\/\/redenoticiaz.com.br\/litoralsp\/","name":"Litoral SP","description":"Rede NoticiaZ","publisher":{"@id":"https:\/\/redenoticiaz.com.br\/litoralsp\/#organization"},"potentialAction":[{"@type":"SearchAction","target":{"@type":"EntryPoint","urlTemplate":"https:\/\/redenoticiaz.com.br\/litoralsp\/?s={search_term_string}"},"query-input":{"@type":"PropertyValueSpecification","valueRequired":true,"valueName":"search_term_string"}}],"inLanguage":"pt-BR"},{"@type":"Organization","@id":"https:\/\/redenoticiaz.com.br\/litoralsp\/#organization","name":"Litoral SP","url":"https:\/\/redenoticiaz.com.br\/litoralsp\/","logo":{"@type":"ImageObject","inLanguage":"pt-BR","@id":"https:\/\/redenoticiaz.com.br\/litoralsp\/#\/schema\/logo\/image\/","url":"https:\/\/redenoticiaz.com.br\/litoralsp\/wp-content\/uploads\/sites\/3\/2020\/11\/logo.jpg","contentUrl":"https:\/\/redenoticiaz.com.br\/litoralsp\/wp-content\/uploads\/sites\/3\/2020\/11\/logo.jpg","width":400,"height":250,"caption":"Litoral SP"},"image":{"@id":"https:\/\/redenoticiaz.com.br\/litoralsp\/#\/schema\/logo\/image\/"}},{"@type":"Person","@id":"https:\/\/redenoticiaz.com.br\/litoralsp\/#\/schema\/person\/0f0b8a5bdafefe82841e07ae8d81ecb3","name":"Leonardo Francisco","image":{"@type":"ImageObject","inLanguage":"pt-BR","@id":"https:\/\/secure.gravatar.com\/avatar\/a7358cb406a99b682ec6df1e77e31ae82e63601f6784e8a3df411d72b37864da?s=96&d=mm&r=g","url":"https:\/\/secure.gravatar.com\/avatar\/a7358cb406a99b682ec6df1e77e31ae82e63601f6784e8a3df411d72b37864da?s=96&d=mm&r=g","contentUrl":"https:\/\/secure.gravatar.com\/avatar\/a7358cb406a99b682ec6df1e77e31ae82e63601f6784e8a3df411d72b37864da?s=96&d=mm&r=g","caption":"Leonardo Francisco"},"url":"https:\/\/redenoticiaz.com.br\/litoralsp\/author\/leonardo-francisco"}]}},"_links":{"self":[{"href":"https:\/\/redenoticiaz.com.br\/litoralsp\/wp-json\/wp\/v2\/posts\/89270","targetHints":{"allow":["GET"]}}],"collection":[{"href":"https:\/\/redenoticiaz.com.br\/litoralsp\/wp-json\/wp\/v2\/posts"}],"about":[{"href":"https:\/\/redenoticiaz.com.br\/litoralsp\/wp-json\/wp\/v2\/types\/post"}],"author":[{"embeddable":true,"href":"https:\/\/redenoticiaz.com.br\/litoralsp\/wp-json\/wp\/v2\/users\/6"}],"replies":[{"embeddable":true,"href":"https:\/\/redenoticiaz.com.br\/litoralsp\/wp-json\/wp\/v2\/comments?post=89270"}],"version-history":[{"count":1,"href":"https:\/\/redenoticiaz.com.br\/litoralsp\/wp-json\/wp\/v2\/posts\/89270\/revisions"}],"predecessor-version":[{"id":89272,"href":"https:\/\/redenoticiaz.com.br\/litoralsp\/wp-json\/wp\/v2\/posts\/89270\/revisions\/89272"}],"wp:featuredmedia":[{"embeddable":true,"href":"https:\/\/redenoticiaz.com.br\/litoralsp\/wp-json\/wp\/v2\/media\/89271"}],"wp:attachment":[{"href":"https:\/\/redenoticiaz.com.br\/litoralsp\/wp-json\/wp\/v2\/media?parent=89270"}],"wp:term":[{"taxonomy":"category","embeddable":true,"href":"https:\/\/redenoticiaz.com.br\/litoralsp\/wp-json\/wp\/v2\/categories?post=89270"},{"taxonomy":"post_tag","embeddable":true,"href":"https:\/\/redenoticiaz.com.br\/litoralsp\/wp-json\/wp\/v2\/tags?post=89270"}],"curies":[{"name":"wp","href":"https:\/\/api.w.org\/{rel}","templated":true}]}}