{"id":89353,"date":"2022-08-01T13:42:28","date_gmt":"2022-08-01T16:42:28","guid":{"rendered":"https:\/\/redenoticiaz.com.br\/litoralsp\/?p=89353"},"modified":"2022-08-01T14:33:54","modified_gmt":"2022-08-01T17:33:54","slug":"nova-empresa-de-transporte-municipal-comeca-operacao-nesta-segunda-feira-1o-em-sao-vicente","status":"publish","type":"post","link":"https:\/\/redenoticiaz.com.br\/litoralsp\/2022\/08\/01\/nova-empresa-de-transporte-municipal-comeca-operacao-nesta-segunda-feira-1o-em-sao-vicente","title":{"rendered":"Nova empresa de transporte municipal come\u00e7a opera\u00e7\u00e3o em S\u00e3o Vicente"},"content":{"rendered":"<p>A empresa Santa Cec\u00edlia Turismo LTDA (Sancetur) iniciou a presta\u00e7\u00e3o de servi\u00e7os do transporte p\u00fablico municipal nesta segunda-feira (1\u00b0).<\/p>\n<p>Por volta das 3h, o prefeito Kayo Amado foi pessoalmente \u00a0conversar com os trabalhadores e acompanhar a partida do primeiro \u00f4nibus.<\/p>\n<p>Tamb\u00e9m estiveram presentes a vice-prefeita Sandra Conti, a presidente do Fundo Social de Solidariedade, Thayn\u00e3 Carneiro, os vereadores Professor Thiago, Jefferson Cezarolli e Higor Ferreira, al\u00e9m de secret\u00e1rios municipais e respons\u00e1veis da empresa Sancetur.<\/p>\n<p>Durante o trajeto, o prefeito comemorou a circula\u00e7\u00e3o da nova frota na Cidade, deixando para tr\u00e1s os problemas com a antiga empresa.<\/p>\n<blockquote><p>\u201cHoje podemos iniciar esse contrato emergencial com uma empresa s\u00e9ria, e com responsabilidade para garantir que todos os mun\u00edcipes possam ir e vir do trabalho para casa&#8221;<\/p><\/blockquote>\n<p>O acordo prev\u00ea a disponibilidade de 70 ve\u00edculos para o transporte coletivo, sendo mais cinco de reserva. Al\u00e9m disso, as 16 linhas que est\u00e3o ativas na Cidade ser\u00e3o mantidas.<\/p>\n<p>Em conjunto com o sindicato da categoria, a Sancetur deu prefer\u00eancia pela contrata\u00e7\u00e3o dos funcion\u00e1rios da Otrantur, que passaram por um processo seletivo, novos testes e exames toxicol\u00f3gicos.<\/p>\n<p><strong>Leia mais<\/strong><\/p>\n<p><a href=\"https:\/\/redenoticiaz.com.br\/litoralsp\/2022\/07\/30\/sao-vicente-exige-fechamento-de-empresa-de-transporte-por-aplicativo\">S\u00e3o Vicente exige fechamento de empresa de transporte por aplicativo<\/a><\/p>\n","protected":false},"excerpt":{"rendered":"<p>A empresa Santa Cec\u00edlia Turismo LTDA (Sancetur) iniciou a presta\u00e7\u00e3o de servi\u00e7os do transporte p\u00fablico municipal nesta segunda-feira (1\u00b0). Por volta das 3h, o prefeito Kayo Amado foi pessoalmente \u00a0conversar com os trabalhadores e acompanhar a partida do primeiro \u00f4nibus. Tamb\u00e9m estiveram presentes a vice-prefeita Sandra Conti, a presidente do Fundo Social de Solidariedade, Thayn\u00e3 &hellip;<\/p>\n","protected":false},"author":12,"featured_media":89354,"comment_status":"open","ping_status":"closed","sticky":false,"template":"","format":"standard","meta":{"footnotes":""},"categories":[181],"tags":[1087,58596,33,91],"class_list":["post-89353","post","type-post","status-publish","format-standard","has-post-thumbnail","hentry","category-sao-vicente","tag-kayo-amado","tag-santa-cecilia-turismo","tag-sao-vicente","tag-transporte"],"yoast_head":"<!-- This site is optimized with the Yoast SEO plugin v27.5 - https:\/\/yoast.com\/product\/yoast-seo-wordpress\/ -->\n<title>Nova empresa de transporte municipal come\u00e7a opera\u00e7\u00e3o em S\u00e3o Vicente - Litoral SP<\/title>\n<meta name=\"description\" content=\"A empresa Santa Cec\u00edlia Turismo LTDA (Sancetur) iniciou a presta\u00e7\u00e3o de servi\u00e7os do transporte p\u00fablico municipal nesta segunda-feira (1\u00b0).\" \/>\n<meta name=\"robots\" content=\"index, follow, max-snippet:-1, max-image-preview:large, max-video-preview:-1\" \/>\n<link rel=\"canonical\" href=\"https:\/\/redenoticiaz.com.br\/litoralsp\/2022\/08\/01\/nova-empresa-de-transporte-municipal-comeca-operacao-nesta-segunda-feira-1o-em-sao-vicente\" \/>\n<meta property=\"og:locale\" content=\"pt_BR\" \/>\n<meta property=\"og:type\" content=\"article\" \/>\n<meta property=\"og:title\" content=\"Nova empresa de transporte municipal come\u00e7a opera\u00e7\u00e3o em S\u00e3o Vicente - Litoral SP\" \/>\n<meta property=\"og:description\" content=\"A empresa Santa Cec\u00edlia Turismo LTDA (Sancetur) iniciou a presta\u00e7\u00e3o de servi\u00e7os do transporte p\u00fablico municipal nesta segunda-feira (1\u00b0).\" \/>\n<meta property=\"og:url\" content=\"https:\/\/redenoticiaz.com.br\/litoralsp\/2022\/08\/01\/nova-empresa-de-transporte-municipal-comeca-operacao-nesta-segunda-feira-1o-em-sao-vicente\" \/>\n<meta property=\"og:site_name\" content=\"Litoral SP\" \/>\n<meta property=\"article:published_time\" content=\"2022-08-01T16:42:28+00:00\" \/>\n<meta property=\"article:modified_time\" content=\"2022-08-01T17:33:54+00:00\" \/>\n<meta property=\"og:image\" content=\"https:\/\/redenoticiaz.com.br\/litoralsp\/wp-content\/uploads\/sites\/3\/2022\/08\/Design-sem-nome-1.jpg\" \/>\n\t<meta property=\"og:image:width\" content=\"915\" \/>\n\t<meta property=\"og:image:height\" content=\"609\" \/>\n\t<meta property=\"og:image:type\" content=\"image\/jpeg\" \/>\n<meta name=\"author\" content=\"Gustavo Silva\" \/>\n<meta name=\"twitter:card\" content=\"summary_large_image\" \/>\n<meta name=\"twitter:label1\" content=\"Escrito por\" \/>\n\t<meta name=\"twitter:data1\" content=\"Gustavo Silva\" \/>\n\t<meta name=\"twitter:label2\" content=\"Est. tempo de leitura\" \/>\n\t<meta name=\"twitter:data2\" content=\"2 minutos\" \/>\n<script type=\"application\/ld+json\" class=\"yoast-schema-graph\">{\"@context\":\"https:\\\/\\\/schema.org\",\"@graph\":[{\"@type\":\"Article\",\"@id\":\"https:\\\/\\\/redenoticiaz.com.br\\\/litoralsp\\\/2022\\\/08\\\/01\\\/nova-empresa-de-transporte-municipal-comeca-operacao-nesta-segunda-feira-1o-em-sao-vicente#article\",\"isPartOf\":{\"@id\":\"https:\\\/\\\/redenoticiaz.com.br\\\/litoralsp\\\/2022\\\/08\\\/01\\\/nova-empresa-de-transporte-municipal-comeca-operacao-nesta-segunda-feira-1o-em-sao-vicente\"},\"author\":{\"name\":\"Gustavo Silva\",\"@id\":\"https:\\\/\\\/redenoticiaz.com.br\\\/litoralsp\\\/#\\\/schema\\\/person\\\/16057b37a3c0ee6b096d7f887c566e2e\"},\"headline\":\"Nova empresa de transporte municipal come\u00e7a opera\u00e7\u00e3o em S\u00e3o Vicente\",\"datePublished\":\"2022-08-01T16:42:28+00:00\",\"dateModified\":\"2022-08-01T17:33:54+00:00\",\"mainEntityOfPage\":{\"@id\":\"https:\\\/\\\/redenoticiaz.com.br\\\/litoralsp\\\/2022\\\/08\\\/01\\\/nova-empresa-de-transporte-municipal-comeca-operacao-nesta-segunda-feira-1o-em-sao-vicente\"},\"wordCount\":223,\"commentCount\":0,\"publisher\":{\"@id\":\"https:\\\/\\\/redenoticiaz.com.br\\\/litoralsp\\\/#organization\"},\"image\":{\"@id\":\"https:\\\/\\\/redenoticiaz.com.br\\\/litoralsp\\\/2022\\\/08\\\/01\\\/nova-empresa-de-transporte-municipal-comeca-operacao-nesta-segunda-feira-1o-em-sao-vicente#primaryimage\"},\"thumbnailUrl\":\"https:\\\/\\\/redenoticiaz.com.br\\\/litoralsp\\\/wp-content\\\/uploads\\\/sites\\\/3\\\/2022\\\/08\\\/Design-sem-nome-1.jpg\",\"keywords\":[\"kayo amado\",\"Santa Cec\u00edlia Turismo\",\"S\u00e3o Vicente\",\"TRANSPORTE\"],\"articleSection\":[\"S\u00e3o Vicente\"],\"inLanguage\":\"pt-BR\",\"potentialAction\":[{\"@type\":\"CommentAction\",\"name\":\"Comment\",\"target\":[\"https:\\\/\\\/redenoticiaz.com.br\\\/litoralsp\\\/2022\\\/08\\\/01\\\/nova-empresa-de-transporte-municipal-comeca-operacao-nesta-segunda-feira-1o-em-sao-vicente#respond\"]}]},{\"@type\":\"WebPage\",\"@id\":\"https:\\\/\\\/redenoticiaz.com.br\\\/litoralsp\\\/2022\\\/08\\\/01\\\/nova-empresa-de-transporte-municipal-comeca-operacao-nesta-segunda-feira-1o-em-sao-vicente\",\"url\":\"https:\\\/\\\/redenoticiaz.com.br\\\/litoralsp\\\/2022\\\/08\\\/01\\\/nova-empresa-de-transporte-municipal-comeca-operacao-nesta-segunda-feira-1o-em-sao-vicente\",\"name\":\"Nova empresa de transporte municipal come\u00e7a opera\u00e7\u00e3o em S\u00e3o Vicente - Litoral SP\",\"isPartOf\":{\"@id\":\"https:\\\/\\\/redenoticiaz.com.br\\\/litoralsp\\\/#website\"},\"primaryImageOfPage\":{\"@id\":\"https:\\\/\\\/redenoticiaz.com.br\\\/litoralsp\\\/2022\\\/08\\\/01\\\/nova-empresa-de-transporte-municipal-comeca-operacao-nesta-segunda-feira-1o-em-sao-vicente#primaryimage\"},\"image\":{\"@id\":\"https:\\\/\\\/redenoticiaz.com.br\\\/litoralsp\\\/2022\\\/08\\\/01\\\/nova-empresa-de-transporte-municipal-comeca-operacao-nesta-segunda-feira-1o-em-sao-vicente#primaryimage\"},\"thumbnailUrl\":\"https:\\\/\\\/redenoticiaz.com.br\\\/litoralsp\\\/wp-content\\\/uploads\\\/sites\\\/3\\\/2022\\\/08\\\/Design-sem-nome-1.jpg\",\"datePublished\":\"2022-08-01T16:42:28+00:00\",\"dateModified\":\"2022-08-01T17:33:54+00:00\",\"description\":\"A empresa Santa Cec\u00edlia Turismo LTDA (Sancetur) iniciou a presta\u00e7\u00e3o de servi\u00e7os do transporte p\u00fablico municipal nesta segunda-feira (1\u00b0).\",\"inLanguage\":\"pt-BR\",\"potentialAction\":[{\"@type\":\"ReadAction\",\"target\":[\"https:\\\/\\\/redenoticiaz.com.br\\\/litoralsp\\\/2022\\\/08\\\/01\\\/nova-empresa-de-transporte-municipal-comeca-operacao-nesta-segunda-feira-1o-em-sao-vicente\"]}]},{\"@type\":\"ImageObject\",\"inLanguage\":\"pt-BR\",\"@id\":\"https:\\\/\\\/redenoticiaz.com.br\\\/litoralsp\\\/2022\\\/08\\\/01\\\/nova-empresa-de-transporte-municipal-comeca-operacao-nesta-segunda-feira-1o-em-sao-vicente#primaryimage\",\"url\":\"https:\\\/\\\/redenoticiaz.com.br\\\/litoralsp\\\/wp-content\\\/uploads\\\/sites\\\/3\\\/2022\\\/08\\\/Design-sem-nome-1.jpg\",\"contentUrl\":\"https:\\\/\\\/redenoticiaz.com.br\\\/litoralsp\\\/wp-content\\\/uploads\\\/sites\\\/3\\\/2022\\\/08\\\/Design-sem-nome-1.jpg\",\"width\":915,\"height\":609,\"caption\":\"Nova empresa de transporte municipal come\u00e7a opera\u00e7\u00e3o nesta segunda-feira (1\u00ba) em S\u00e3o Vicente\"},{\"@type\":\"WebSite\",\"@id\":\"https:\\\/\\\/redenoticiaz.com.br\\\/litoralsp\\\/#website\",\"url\":\"https:\\\/\\\/redenoticiaz.com.br\\\/litoralsp\\\/\",\"name\":\"Litoral SP\",\"description\":\"Rede NoticiaZ\",\"publisher\":{\"@id\":\"https:\\\/\\\/redenoticiaz.com.br\\\/litoralsp\\\/#organization\"},\"potentialAction\":[{\"@type\":\"SearchAction\",\"target\":{\"@type\":\"EntryPoint\",\"urlTemplate\":\"https:\\\/\\\/redenoticiaz.com.br\\\/litoralsp\\\/?s={search_term_string}\"},\"query-input\":{\"@type\":\"PropertyValueSpecification\",\"valueRequired\":true,\"valueName\":\"search_term_string\"}}],\"inLanguage\":\"pt-BR\"},{\"@type\":\"Organization\",\"@id\":\"https:\\\/\\\/redenoticiaz.com.br\\\/litoralsp\\\/#organization\",\"name\":\"Litoral SP\",\"url\":\"https:\\\/\\\/redenoticiaz.com.br\\\/litoralsp\\\/\",\"logo\":{\"@type\":\"ImageObject\",\"inLanguage\":\"pt-BR\",\"@id\":\"https:\\\/\\\/redenoticiaz.com.br\\\/litoralsp\\\/#\\\/schema\\\/logo\\\/image\\\/\",\"url\":\"https:\\\/\\\/redenoticiaz.com.br\\\/litoralsp\\\/wp-content\\\/uploads\\\/sites\\\/3\\\/2020\\\/11\\\/logo.jpg\",\"contentUrl\":\"https:\\\/\\\/redenoticiaz.com.br\\\/litoralsp\\\/wp-content\\\/uploads\\\/sites\\\/3\\\/2020\\\/11\\\/logo.jpg\",\"width\":400,\"height\":250,\"caption\":\"Litoral SP\"},\"image\":{\"@id\":\"https:\\\/\\\/redenoticiaz.com.br\\\/litoralsp\\\/#\\\/schema\\\/logo\\\/image\\\/\"}},{\"@type\":\"Person\",\"@id\":\"https:\\\/\\\/redenoticiaz.com.br\\\/litoralsp\\\/#\\\/schema\\\/person\\\/16057b37a3c0ee6b096d7f887c566e2e\",\"name\":\"Gustavo Silva\",\"image\":{\"@type\":\"ImageObject\",\"inLanguage\":\"pt-BR\",\"@id\":\"https:\\\/\\\/secure.gravatar.com\\\/avatar\\\/3ee4e82f93b26de0a7cf4ea5eb7893da637ed6bb0c9170c58065944c56e28a33?s=96&d=mm&r=g\",\"url\":\"https:\\\/\\\/secure.gravatar.com\\\/avatar\\\/3ee4e82f93b26de0a7cf4ea5eb7893da637ed6bb0c9170c58065944c56e28a33?s=96&d=mm&r=g\",\"contentUrl\":\"https:\\\/\\\/secure.gravatar.com\\\/avatar\\\/3ee4e82f93b26de0a7cf4ea5eb7893da637ed6bb0c9170c58065944c56e28a33?s=96&d=mm&r=g\",\"caption\":\"Gustavo Silva\"},\"url\":\"https:\\\/\\\/redenoticiaz.com.br\\\/litoralsp\\\/author\\\/gustavosilva\"}]}<\/script>\n<!-- \/ Yoast SEO plugin. -->","yoast_head_json":{"title":"Nova empresa de transporte municipal come\u00e7a opera\u00e7\u00e3o em S\u00e3o Vicente - Litoral SP","description":"A empresa Santa Cec\u00edlia Turismo LTDA (Sancetur) iniciou a presta\u00e7\u00e3o de servi\u00e7os do transporte p\u00fablico municipal nesta segunda-feira (1\u00b0).","robots":{"index":"index","follow":"follow","max-snippet":"max-snippet:-1","max-image-preview":"max-image-preview:large","max-video-preview":"max-video-preview:-1"},"canonical":"https:\/\/redenoticiaz.com.br\/litoralsp\/2022\/08\/01\/nova-empresa-de-transporte-municipal-comeca-operacao-nesta-segunda-feira-1o-em-sao-vicente","og_locale":"pt_BR","og_type":"article","og_title":"Nova empresa de transporte municipal come\u00e7a opera\u00e7\u00e3o em S\u00e3o Vicente - Litoral SP","og_description":"A empresa Santa Cec\u00edlia Turismo LTDA (Sancetur) iniciou a presta\u00e7\u00e3o de servi\u00e7os do transporte p\u00fablico municipal nesta segunda-feira (1\u00b0).","og_url":"https:\/\/redenoticiaz.com.br\/litoralsp\/2022\/08\/01\/nova-empresa-de-transporte-municipal-comeca-operacao-nesta-segunda-feira-1o-em-sao-vicente","og_site_name":"Litoral SP","article_published_time":"2022-08-01T16:42:28+00:00","article_modified_time":"2022-08-01T17:33:54+00:00","og_image":[{"width":915,"height":609,"url":"https:\/\/redenoticiaz.com.br\/litoralsp\/wp-content\/uploads\/sites\/3\/2022\/08\/Design-sem-nome-1.jpg","type":"image\/jpeg"}],"author":"Gustavo Silva","twitter_card":"summary_large_image","twitter_misc":{"Escrito por":"Gustavo Silva","Est. tempo de leitura":"2 minutos"},"schema":{"@context":"https:\/\/schema.org","@graph":[{"@type":"Article","@id":"https:\/\/redenoticiaz.com.br\/litoralsp\/2022\/08\/01\/nova-empresa-de-transporte-municipal-comeca-operacao-nesta-segunda-feira-1o-em-sao-vicente#article","isPartOf":{"@id":"https:\/\/redenoticiaz.com.br\/litoralsp\/2022\/08\/01\/nova-empresa-de-transporte-municipal-comeca-operacao-nesta-segunda-feira-1o-em-sao-vicente"},"author":{"name":"Gustavo Silva","@id":"https:\/\/redenoticiaz.com.br\/litoralsp\/#\/schema\/person\/16057b37a3c0ee6b096d7f887c566e2e"},"headline":"Nova empresa de transporte municipal come\u00e7a opera\u00e7\u00e3o em S\u00e3o Vicente","datePublished":"2022-08-01T16:42:28+00:00","dateModified":"2022-08-01T17:33:54+00:00","mainEntityOfPage":{"@id":"https:\/\/redenoticiaz.com.br\/litoralsp\/2022\/08\/01\/nova-empresa-de-transporte-municipal-comeca-operacao-nesta-segunda-feira-1o-em-sao-vicente"},"wordCount":223,"commentCount":0,"publisher":{"@id":"https:\/\/redenoticiaz.com.br\/litoralsp\/#organization"},"image":{"@id":"https:\/\/redenoticiaz.com.br\/litoralsp\/2022\/08\/01\/nova-empresa-de-transporte-municipal-comeca-operacao-nesta-segunda-feira-1o-em-sao-vicente#primaryimage"},"thumbnailUrl":"https:\/\/redenoticiaz.com.br\/litoralsp\/wp-content\/uploads\/sites\/3\/2022\/08\/Design-sem-nome-1.jpg","keywords":["kayo amado","Santa Cec\u00edlia Turismo","S\u00e3o Vicente","TRANSPORTE"],"articleSection":["S\u00e3o Vicente"],"inLanguage":"pt-BR","potentialAction":[{"@type":"CommentAction","name":"Comment","target":["https:\/\/redenoticiaz.com.br\/litoralsp\/2022\/08\/01\/nova-empresa-de-transporte-municipal-comeca-operacao-nesta-segunda-feira-1o-em-sao-vicente#respond"]}]},{"@type":"WebPage","@id":"https:\/\/redenoticiaz.com.br\/litoralsp\/2022\/08\/01\/nova-empresa-de-transporte-municipal-comeca-operacao-nesta-segunda-feira-1o-em-sao-vicente","url":"https:\/\/redenoticiaz.com.br\/litoralsp\/2022\/08\/01\/nova-empresa-de-transporte-municipal-comeca-operacao-nesta-segunda-feira-1o-em-sao-vicente","name":"Nova empresa de transporte municipal come\u00e7a opera\u00e7\u00e3o em S\u00e3o Vicente - Litoral SP","isPartOf":{"@id":"https:\/\/redenoticiaz.com.br\/litoralsp\/#website"},"primaryImageOfPage":{"@id":"https:\/\/redenoticiaz.com.br\/litoralsp\/2022\/08\/01\/nova-empresa-de-transporte-municipal-comeca-operacao-nesta-segunda-feira-1o-em-sao-vicente#primaryimage"},"image":{"@id":"https:\/\/redenoticiaz.com.br\/litoralsp\/2022\/08\/01\/nova-empresa-de-transporte-municipal-comeca-operacao-nesta-segunda-feira-1o-em-sao-vicente#primaryimage"},"thumbnailUrl":"https:\/\/redenoticiaz.com.br\/litoralsp\/wp-content\/uploads\/sites\/3\/2022\/08\/Design-sem-nome-1.jpg","datePublished":"2022-08-01T16:42:28+00:00","dateModified":"2022-08-01T17:33:54+00:00","description":"A empresa Santa Cec\u00edlia Turismo LTDA (Sancetur) iniciou a presta\u00e7\u00e3o de servi\u00e7os do transporte p\u00fablico municipal nesta segunda-feira (1\u00b0).","inLanguage":"pt-BR","potentialAction":[{"@type":"ReadAction","target":["https:\/\/redenoticiaz.com.br\/litoralsp\/2022\/08\/01\/nova-empresa-de-transporte-municipal-comeca-operacao-nesta-segunda-feira-1o-em-sao-vicente"]}]},{"@type":"ImageObject","inLanguage":"pt-BR","@id":"https:\/\/redenoticiaz.com.br\/litoralsp\/2022\/08\/01\/nova-empresa-de-transporte-municipal-comeca-operacao-nesta-segunda-feira-1o-em-sao-vicente#primaryimage","url":"https:\/\/redenoticiaz.com.br\/litoralsp\/wp-content\/uploads\/sites\/3\/2022\/08\/Design-sem-nome-1.jpg","contentUrl":"https:\/\/redenoticiaz.com.br\/litoralsp\/wp-content\/uploads\/sites\/3\/2022\/08\/Design-sem-nome-1.jpg","width":915,"height":609,"caption":"Nova empresa de transporte municipal come\u00e7a opera\u00e7\u00e3o nesta segunda-feira (1\u00ba) em S\u00e3o Vicente"},{"@type":"WebSite","@id":"https:\/\/redenoticiaz.com.br\/litoralsp\/#website","url":"https:\/\/redenoticiaz.com.br\/litoralsp\/","name":"Litoral SP","description":"Rede NoticiaZ","publisher":{"@id":"https:\/\/redenoticiaz.com.br\/litoralsp\/#organization"},"potentialAction":[{"@type":"SearchAction","target":{"@type":"EntryPoint","urlTemplate":"https:\/\/redenoticiaz.com.br\/litoralsp\/?s={search_term_string}"},"query-input":{"@type":"PropertyValueSpecification","valueRequired":true,"valueName":"search_term_string"}}],"inLanguage":"pt-BR"},{"@type":"Organization","@id":"https:\/\/redenoticiaz.com.br\/litoralsp\/#organization","name":"Litoral SP","url":"https:\/\/redenoticiaz.com.br\/litoralsp\/","logo":{"@type":"ImageObject","inLanguage":"pt-BR","@id":"https:\/\/redenoticiaz.com.br\/litoralsp\/#\/schema\/logo\/image\/","url":"https:\/\/redenoticiaz.com.br\/litoralsp\/wp-content\/uploads\/sites\/3\/2020\/11\/logo.jpg","contentUrl":"https:\/\/redenoticiaz.com.br\/litoralsp\/wp-content\/uploads\/sites\/3\/2020\/11\/logo.jpg","width":400,"height":250,"caption":"Litoral SP"},"image":{"@id":"https:\/\/redenoticiaz.com.br\/litoralsp\/#\/schema\/logo\/image\/"}},{"@type":"Person","@id":"https:\/\/redenoticiaz.com.br\/litoralsp\/#\/schema\/person\/16057b37a3c0ee6b096d7f887c566e2e","name":"Gustavo Silva","image":{"@type":"ImageObject","inLanguage":"pt-BR","@id":"https:\/\/secure.gravatar.com\/avatar\/3ee4e82f93b26de0a7cf4ea5eb7893da637ed6bb0c9170c58065944c56e28a33?s=96&d=mm&r=g","url":"https:\/\/secure.gravatar.com\/avatar\/3ee4e82f93b26de0a7cf4ea5eb7893da637ed6bb0c9170c58065944c56e28a33?s=96&d=mm&r=g","contentUrl":"https:\/\/secure.gravatar.com\/avatar\/3ee4e82f93b26de0a7cf4ea5eb7893da637ed6bb0c9170c58065944c56e28a33?s=96&d=mm&r=g","caption":"Gustavo Silva"},"url":"https:\/\/redenoticiaz.com.br\/litoralsp\/author\/gustavosilva"}]}},"_links":{"self":[{"href":"https:\/\/redenoticiaz.com.br\/litoralsp\/wp-json\/wp\/v2\/posts\/89353","targetHints":{"allow":["GET"]}}],"collection":[{"href":"https:\/\/redenoticiaz.com.br\/litoralsp\/wp-json\/wp\/v2\/posts"}],"about":[{"href":"https:\/\/redenoticiaz.com.br\/litoralsp\/wp-json\/wp\/v2\/types\/post"}],"author":[{"embeddable":true,"href":"https:\/\/redenoticiaz.com.br\/litoralsp\/wp-json\/wp\/v2\/users\/12"}],"replies":[{"embeddable":true,"href":"https:\/\/redenoticiaz.com.br\/litoralsp\/wp-json\/wp\/v2\/comments?post=89353"}],"version-history":[{"count":2,"href":"https:\/\/redenoticiaz.com.br\/litoralsp\/wp-json\/wp\/v2\/posts\/89353\/revisions"}],"predecessor-version":[{"id":89371,"href":"https:\/\/redenoticiaz.com.br\/litoralsp\/wp-json\/wp\/v2\/posts\/89353\/revisions\/89371"}],"wp:featuredmedia":[{"embeddable":true,"href":"https:\/\/redenoticiaz.com.br\/litoralsp\/wp-json\/wp\/v2\/media\/89354"}],"wp:attachment":[{"href":"https:\/\/redenoticiaz.com.br\/litoralsp\/wp-json\/wp\/v2\/media?parent=89353"}],"wp:term":[{"taxonomy":"category","embeddable":true,"href":"https:\/\/redenoticiaz.com.br\/litoralsp\/wp-json\/wp\/v2\/categories?post=89353"},{"taxonomy":"post_tag","embeddable":true,"href":"https:\/\/redenoticiaz.com.br\/litoralsp\/wp-json\/wp\/v2\/tags?post=89353"}],"curies":[{"name":"wp","href":"https:\/\/api.w.org\/{rel}","templated":true}]}}